{"id":2697,"date":"2008-11-07T03:00:00","date_gmt":"2008-11-07T05:00:00","guid":{"rendered":"http:\/\/lappis.org.br\/site\/2008\/11\/07\/forum-regional-preparatorio-para-o-congresso-da-associacao-latino-americana-de-sociologia\/"},"modified":"2008-11-07T03:00:00","modified_gmt":"2008-11-07T05:00:00","slug":"forum-regional-preparatorio-para-o-congresso-da-associacao-latino-americana-de-sociologia","status":"publish","type":"post","link":"https:\/\/lappis.org.br\/site\/forum-regional-preparatorio-para-o-congresso-da-associacao-latino-americana-de-sociologia\/2697","title":{"rendered":"F\u00f3rum regional preparat\u00f3rio para o Congresso da Associa\u00e7\u00e3o Latino-americana de Sociologia"},"content":{"rendered":"<p style=\"text-align: justify;\"> \tO F\u00f3rum regional preparat\u00f3rio para o Congresso da Associa\u00e7\u00e3o Latino-americana de Sociologia &ndash; Pr\u00e9- Alas &#8211; tem como finalidade otimizar os debates entre as institui\u00e7\u00f5es de ensino da Am\u00e9rica latina, tendo em vista o enfoque sociol\u00f3gico. Realizado pela primeira vez em Recife, o evento que \u00e9 fruto de uma parceria entre a Universidade Federal de Pernambuco e a Funda\u00e7\u00e3o Joaquim Nabuco, se confunde com a pr\u00f3pria hist\u00f3ria da Sociologia dos pa\u00edses latinos.<\/p>\n<p>   O evento se realizou simultaneamente no campus da UFPE e na Funda\u00e7\u00e3o Joaquim Nabuco entre os dias 03 e 05 de Novembro e ainda contou com a participa\u00e7\u00e3o de professores e pesquisadores do Brasil e de outros pa\u00edses da Am\u00e9rica Latina. Dentre eles, os pesquisadores associados do LAPPIS, Paulo Henrique Martins (membro do comit\u00ea executivo da ALAS e coordenador do evento), Alda Lacerda(EPSJV\/FIOCRUZ),Madel Luz (IMS\/UERJ) e Roseni Pinheiro (coordenadora do Lappis), que integraram respectivamente as mesas de debate &ldquo;Condi\u00e7\u00f5es de vida, Governabilidade e Gest\u00e3o do Social&rdquo;,&ldquo;Pol\u00edticas de identidades e mudan\u00e7as s\u00f3cio-institucionais na Am\u00e9rica Latina&rdquo;e &ldquo;A\u00e7\u00e3o P\u00fablica, pol\u00edticas da vida e cotidiano na Am\u00e9rica Latina&rdquo; \u00a0sess\u00f5es I e II&rdquo;. <\/p>\n<p style=\"text-align: justify;\"> \t\u00a0<br \/> \tSegundo Roseni Pinheiro o encontro foi bastante produtivo: &ldquo;ficamos contentes em participar de um evento que considero exitoso, cumprindo seus objetivos. Um bom laborat\u00f3rio para o congresso em 2009 em Buenos Ayres. Com um grupo muito produtivo e colaborativo, contou-se com a presen\u00e7a diferentes pesquisadores latino-americanos, o que propiciou um interc\u00e2mbio valioso, entre associa\u00e7\u00f5es nacionais de sociologia, e os institutos de pesquisa e universidades. Tenho a convic\u00e7\u00e3o que contribu\u00edmos bastante e aprendemos com os demais paises. Os temas: A\u00e7\u00e3o p\u00fablica, pol\u00edticas da vida e cotidiano e Ci\u00eancia, Tecnologia e produ\u00e7\u00e3o de saberes na Am\u00e9rica Latina foram encontros muito ricos, com quest\u00f5es avan\u00e7adas com experi\u00eancias muito interessantes, com o Brasil oferecendo uma contribui\u00e7\u00e3o inovadora e original&rdquo;, finaliza a pesquisadora.<br \/> \t\u00a0<\/p>\n","protected":false},"excerpt":{"rendered":"<div class=\"mh-excerpt\"><p style=\"text-align: justify;\"> \tO F\u00f3rum regional preparat\u00f3rio para o Congresso da Associa\u00e7\u00e3o Latino-americana de Sociologia &ndash; Pr\u00e9- Alas &#8211; tem como finalidade otimizar os debates entre as institui\u00e7\u00f5es de ensino da Am\u00e9rica latina, tendo em vista o enfoque sociol\u00f3gico. Realizado pela primeira vez em Recife, o evento que \u00e9 fruto de uma parceria entre a Universidade Federal de Pernambuco e a Funda\u00e7\u00e3o Joaquim Nabuco, se confunde com a pr\u00f3pria hist\u00f3ria da Sociologia dos pa\u00edses latinos.<\/p>\n<p>  <a class=\"mh-excerpt-more\" href=\"https:\/\/lappis.org.br\/site\/forum-regional-preparatorio-para-o-congresso-da-associacao-latino-americana-de-sociologia\/2697\" title=\"F\u00f3rum regional preparat\u00f3rio para o Congresso da Associa\u00e7\u00e3o Latino-americana de Sociologia\">[&#8230;]<\/a><\/p>\n<\/div>","protected":false},"author":1,"featured_media":0,"comment_status":"open","ping_status":"open","sticky":false,"template":"","format":"standard","meta":{"_acf_changed":false,"_exactmetrics_skip_tracking":false,"_exactmetrics_sitenote_active":false,"_exactmetrics_sitenote_note":"","_exactmetrics_sitenote_category":0,"jetpack_post_was_ever_published":false,"_jetpack_newsletter_access":"","_jetpack_dont_email_post_to_subs":false,"_jetpack_newsletter_tier_id":0,"_jetpack_memberships_contains_paywalled_content":false,"_jetpack_memberships_contains_paid_content":false,"footnotes":"","jetpack_publicize_message":"","jetpack_publicize_feature_enabled":true,"jetpack_social_post_already_shared":false,"jetpack_social_options":{"image_generator_settings":{"template":"highway","enabled":false},"version":2}},"categories":[8],"tags":[],"class_list":{"0":"post-2697","1":"post","2":"type-post","3":"status-publish","4":"format-standard","6":"category-noticia"},"jetpack_publicize_connections":[],"acf":[],"yoast_head":"<!-- This site is optimized with the Yoast SEO plugin v25.2 - https:\/\/yoast.com\/wordpress\/plugins\/seo\/ -->\n<title>F\u00f3rum regional preparat\u00f3rio para o Congresso da Associa\u00e7\u00e3o Latino-americana de Sociologia - Lappis 25 anos<\/title>\n<meta name=\"robots\" content=\"index, follow, max-snippet:-1, max-image-preview:large, max-video-preview:-1\" \/>\n<link rel=\"canonical\" href=\"https:\/\/lappis.org.br\/site\/forum-regional-preparatorio-para-o-congresso-da-associacao-latino-americana-de-sociologia\/2697\" \/>\n<meta property=\"og:locale\" content=\"pt_BR\" \/>\n<meta property=\"og:type\" content=\"article\" \/>\n<meta property=\"og:title\" content=\"F\u00f3rum regional preparat\u00f3rio para o Congresso da Associa\u00e7\u00e3o Latino-americana de Sociologia - Lappis 25 anos\" \/>\n<meta property=\"og:description\" content=\"O F\u00f3rum regional preparat\u00f3rio para o Congresso da Associa\u00e7\u00e3o Latino-americana de Sociologia &ndash; Pr\u00e9- Alas - tem como finalidade otimizar os debates entre as institui\u00e7\u00f5es de ensino da Am\u00e9rica latina, tendo em vista o enfoque sociol\u00f3gico. Realizado pela primeira vez em Recife, o evento que \u00e9 fruto de uma parceria entre a Universidade Federal de Pernambuco e a Funda\u00e7\u00e3o Joaquim Nabuco, se confunde com a pr\u00f3pria hist\u00f3ria da Sociologia dos pa\u00edses latinos. [...]\" \/>\n<meta property=\"og:url\" content=\"https:\/\/lappis.org.br\/site\/forum-regional-preparatorio-para-o-congresso-da-associacao-latino-americana-de-sociologia\/2697\" \/>\n<meta property=\"og:site_name\" content=\"Lappis 25 anos\" \/>\n<meta property=\"article:published_time\" content=\"2008-11-07T05:00:00+00:00\" \/>\n<meta name=\"author\" content=\"fw2\" \/>\n<meta name=\"twitter:card\" content=\"summary_large_image\" \/>\n<meta name=\"twitter:label1\" content=\"Escrito por\" \/>\n\t<meta name=\"twitter:data1\" content=\"fw2\" \/>\n\t<meta name=\"twitter:label2\" content=\"Est. tempo de leitura\" \/>\n\t<meta name=\"twitter:data2\" content=\"2 minutos\" \/>\n<script type=\"application\/ld+json\" class=\"yoast-schema-graph\">{\"@context\":\"https:\/\/schema.org\",\"@graph\":[{\"@type\":\"Article\",\"@id\":\"https:\/\/lappis.org.br\/site\/forum-regional-preparatorio-para-o-congresso-da-associacao-latino-americana-de-sociologia\/2697#article\",\"isPartOf\":{\"@id\":\"https:\/\/lappis.org.br\/site\/forum-regional-preparatorio-para-o-congresso-da-associacao-latino-americana-de-sociologia\/2697\"},\"author\":{\"name\":\"fw2\",\"@id\":\"https:\/\/lappis.org.br\/site\/#\/schema\/person\/3852381d08284b5e2716b20bd89bdbcf\"},\"headline\":\"F\u00f3rum regional preparat\u00f3rio para o Congresso da Associa\u00e7\u00e3o Latino-americana de Sociologia\",\"datePublished\":\"2008-11-07T05:00:00+00:00\",\"mainEntityOfPage\":{\"@id\":\"https:\/\/lappis.org.br\/site\/forum-regional-preparatorio-para-o-congresso-da-associacao-latino-americana-de-sociologia\/2697\"},\"wordCount\":365,\"commentCount\":0,\"publisher\":{\"@id\":\"https:\/\/lappis.org.br\/site\/#organization\"},\"articleSection\":[\"Not\u00edcia\"],\"inLanguage\":\"pt-BR\",\"potentialAction\":[{\"@type\":\"CommentAction\",\"name\":\"Comment\",\"target\":[\"https:\/\/lappis.org.br\/site\/forum-regional-preparatorio-para-o-congresso-da-associacao-latino-americana-de-sociologia\/2697#respond\"]}]},{\"@type\":\"WebPage\",\"@id\":\"https:\/\/lappis.org.br\/site\/forum-regional-preparatorio-para-o-congresso-da-associacao-latino-americana-de-sociologia\/2697\",\"url\":\"https:\/\/lappis.org.br\/site\/forum-regional-preparatorio-para-o-congresso-da-associacao-latino-americana-de-sociologia\/2697\",\"name\":\"F\u00f3rum regional preparat\u00f3rio para o Congresso da Associa\u00e7\u00e3o Latino-americana de Sociologia - Lappis 25 anos\",\"isPartOf\":{\"@id\":\"https:\/\/lappis.org.br\/site\/#website\"},\"datePublished\":\"2008-11-07T05:00:00+00:00\",\"breadcrumb\":{\"@id\":\"https:\/\/lappis.org.br\/site\/forum-regional-preparatorio-para-o-congresso-da-associacao-latino-americana-de-sociologia\/2697#breadcrumb\"},\"inLanguage\":\"pt-BR\",\"potentialAction\":[{\"@type\":\"ReadAction\",\"target\":[\"https:\/\/lappis.org.br\/site\/forum-regional-preparatorio-para-o-congresso-da-associacao-latino-americana-de-sociologia\/2697\"]}]},{\"@type\":\"BreadcrumbList\",\"@id\":\"https:\/\/lappis.org.br\/site\/forum-regional-preparatorio-para-o-congresso-da-associacao-latino-americana-de-sociologia\/2697#breadcrumb\",\"itemListElement\":[{\"@type\":\"ListItem\",\"position\":1,\"name\":\"In\u00edcio\",\"item\":\"https:\/\/lappis.org.br\/site\/\"},{\"@type\":\"ListItem\",\"position\":2,\"name\":\"F\u00f3rum regional preparat\u00f3rio para o Congresso da Associa\u00e7\u00e3o Latino-americana de Sociologia\"}]},{\"@type\":\"WebSite\",\"@id\":\"https:\/\/lappis.org.br\/site\/#website\",\"url\":\"https:\/\/lappis.org.br\/site\/\",\"name\":\"Lappis 25 anos\",\"description\":\"Labotat\u00f3rio de Pesquisas sobre Pr\u00e1ticas de Integralidade em Sa\u00fade\",\"publisher\":{\"@id\":\"https:\/\/lappis.org.br\/site\/#organization\"},\"potentialAction\":[{\"@type\":\"SearchAction\",\"target\":{\"@type\":\"EntryPoint\",\"urlTemplate\":\"https:\/\/lappis.org.br\/site\/?s={search_term_string}\"},\"query-input\":{\"@type\":\"PropertyValueSpecification\",\"valueRequired\":true,\"valueName\":\"search_term_string\"}}],\"inLanguage\":\"pt-BR\"},{\"@type\":\"Organization\",\"@id\":\"https:\/\/lappis.org.br\/site\/#organization\",\"name\":\"Lappis 25 anos\",\"url\":\"https:\/\/lappis.org.br\/site\/\",\"logo\":{\"@type\":\"ImageObject\",\"inLanguage\":\"pt-BR\",\"@id\":\"https:\/\/lappis.org.br\/site\/#\/schema\/logo\/image\/\",\"url\":\"https:\/\/lappis.org.br\/site\/wp-content\/uploads\/2025\/03\/logo-lappis25anos.png\",\"contentUrl\":\"https:\/\/lappis.org.br\/site\/wp-content\/uploads\/2025\/03\/logo-lappis25anos.png\",\"width\":388,\"height\":146,\"caption\":\"Lappis 25 anos\"},\"image\":{\"@id\":\"https:\/\/lappis.org.br\/site\/#\/schema\/logo\/image\/\"}},{\"@type\":\"Person\",\"@id\":\"https:\/\/lappis.org.br\/site\/#\/schema\/person\/3852381d08284b5e2716b20bd89bdbcf\",\"name\":\"fw2\",\"image\":{\"@type\":\"ImageObject\",\"inLanguage\":\"pt-BR\",\"@id\":\"https:\/\/lappis.org.br\/site\/#\/schema\/person\/image\/\",\"url\":\"https:\/\/secure.gravatar.com\/avatar\/c38472c0cdbde82d9b6fcc26adb3779d?s=96&d=mm&r=g\",\"contentUrl\":\"https:\/\/secure.gravatar.com\/avatar\/c38472c0cdbde82d9b6fcc26adb3779d?s=96&d=mm&r=g\",\"caption\":\"fw2\"},\"url\":\"https:\/\/lappis.org.br\/site\/author\/fw2\"}]}<\/script>\n<!-- \/ Yoast SEO plugin. -->","yoast_head_json":{"title":"F\u00f3rum regional preparat\u00f3rio para o Congresso da Associa\u00e7\u00e3o Latino-americana de Sociologia - Lappis 25 anos","robots":{"index":"index","follow":"follow","max-snippet":"max-snippet:-1","max-image-preview":"max-image-preview:large","max-video-preview":"max-video-preview:-1"},"canonical":"https:\/\/lappis.org.br\/site\/forum-regional-preparatorio-para-o-congresso-da-associacao-latino-americana-de-sociologia\/2697","og_locale":"pt_BR","og_type":"article","og_title":"F\u00f3rum regional preparat\u00f3rio para o Congresso da Associa\u00e7\u00e3o Latino-americana de Sociologia - Lappis 25 anos","og_description":"O F\u00f3rum regional preparat\u00f3rio para o Congresso da Associa\u00e7\u00e3o Latino-americana de Sociologia &ndash; Pr\u00e9- Alas - tem como finalidade otimizar os debates entre as institui\u00e7\u00f5es de ensino da Am\u00e9rica latina, tendo em vista o enfoque sociol\u00f3gico. Realizado pela primeira vez em Recife, o evento que \u00e9 fruto de uma parceria entre a Universidade Federal de Pernambuco e a Funda\u00e7\u00e3o Joaquim Nabuco, se confunde com a pr\u00f3pria hist\u00f3ria da Sociologia dos pa\u00edses latinos. [...]","og_url":"https:\/\/lappis.org.br\/site\/forum-regional-preparatorio-para-o-congresso-da-associacao-latino-americana-de-sociologia\/2697","og_site_name":"Lappis 25 anos","article_published_time":"2008-11-07T05:00:00+00:00","author":"fw2","twitter_card":"summary_large_image","twitter_misc":{"Escrito por":"fw2","Est. tempo de leitura":"2 minutos"},"schema":{"@context":"https:\/\/schema.org","@graph":[{"@type":"Article","@id":"https:\/\/lappis.org.br\/site\/forum-regional-preparatorio-para-o-congresso-da-associacao-latino-americana-de-sociologia\/2697#article","isPartOf":{"@id":"https:\/\/lappis.org.br\/site\/forum-regional-preparatorio-para-o-congresso-da-associacao-latino-americana-de-sociologia\/2697"},"author":{"name":"fw2","@id":"https:\/\/lappis.org.br\/site\/#\/schema\/person\/3852381d08284b5e2716b20bd89bdbcf"},"headline":"F\u00f3rum regional preparat\u00f3rio para o Congresso da Associa\u00e7\u00e3o Latino-americana de Sociologia","datePublished":"2008-11-07T05:00:00+00:00","mainEntityOfPage":{"@id":"https:\/\/lappis.org.br\/site\/forum-regional-preparatorio-para-o-congresso-da-associacao-latino-americana-de-sociologia\/2697"},"wordCount":365,"commentCount":0,"publisher":{"@id":"https:\/\/lappis.org.br\/site\/#organization"},"articleSection":["Not\u00edcia"],"inLanguage":"pt-BR","potentialAction":[{"@type":"CommentAction","name":"Comment","target":["https:\/\/lappis.org.br\/site\/forum-regional-preparatorio-para-o-congresso-da-associacao-latino-americana-de-sociologia\/2697#respond"]}]},{"@type":"WebPage","@id":"https:\/\/lappis.org.br\/site\/forum-regional-preparatorio-para-o-congresso-da-associacao-latino-americana-de-sociologia\/2697","url":"https:\/\/lappis.org.br\/site\/forum-regional-preparatorio-para-o-congresso-da-associacao-latino-americana-de-sociologia\/2697","name":"F\u00f3rum regional preparat\u00f3rio para o Congresso da Associa\u00e7\u00e3o Latino-americana de Sociologia - Lappis 25 anos","isPartOf":{"@id":"https:\/\/lappis.org.br\/site\/#website"},"datePublished":"2008-11-07T05:00:00+00:00","breadcrumb":{"@id":"https:\/\/lappis.org.br\/site\/forum-regional-preparatorio-para-o-congresso-da-associacao-latino-americana-de-sociologia\/2697#breadcrumb"},"inLanguage":"pt-BR","potentialAction":[{"@type":"ReadAction","target":["https:\/\/lappis.org.br\/site\/forum-regional-preparatorio-para-o-congresso-da-associacao-latino-americana-de-sociologia\/2697"]}]},{"@type":"BreadcrumbList","@id":"https:\/\/lappis.org.br\/site\/forum-regional-preparatorio-para-o-congresso-da-associacao-latino-americana-de-sociologia\/2697#breadcrumb","itemListElement":[{"@type":"ListItem","position":1,"name":"In\u00edcio","item":"https:\/\/lappis.org.br\/site\/"},{"@type":"ListItem","position":2,"name":"F\u00f3rum regional preparat\u00f3rio para o Congresso da Associa\u00e7\u00e3o Latino-americana de Sociologia"}]},{"@type":"WebSite","@id":"https:\/\/lappis.org.br\/site\/#website","url":"https:\/\/lappis.org.br\/site\/","name":"Lappis 25 anos","description":"Labotat\u00f3rio de Pesquisas sobre Pr\u00e1ticas de Integralidade em Sa\u00fade","publisher":{"@id":"https:\/\/lappis.org.br\/site\/#organization"},"potentialAction":[{"@type":"SearchAction","target":{"@type":"EntryPoint","urlTemplate":"https:\/\/lappis.org.br\/site\/?s={search_term_string}"},"query-input":{"@type":"PropertyValueSpecification","valueRequired":true,"valueName":"search_term_string"}}],"inLanguage":"pt-BR"},{"@type":"Organization","@id":"https:\/\/lappis.org.br\/site\/#organization","name":"Lappis 25 anos","url":"https:\/\/lappis.org.br\/site\/","logo":{"@type":"ImageObject","inLanguage":"pt-BR","@id":"https:\/\/lappis.org.br\/site\/#\/schema\/logo\/image\/","url":"https:\/\/lappis.org.br\/site\/wp-content\/uploads\/2025\/03\/logo-lappis25anos.png","contentUrl":"https:\/\/lappis.org.br\/site\/wp-content\/uploads\/2025\/03\/logo-lappis25anos.png","width":388,"height":146,"caption":"Lappis 25 anos"},"image":{"@id":"https:\/\/lappis.org.br\/site\/#\/schema\/logo\/image\/"}},{"@type":"Person","@id":"https:\/\/lappis.org.br\/site\/#\/schema\/person\/3852381d08284b5e2716b20bd89bdbcf","name":"fw2","image":{"@type":"ImageObject","inLanguage":"pt-BR","@id":"https:\/\/lappis.org.br\/site\/#\/schema\/person\/image\/","url":"https:\/\/secure.gravatar.com\/avatar\/c38472c0cdbde82d9b6fcc26adb3779d?s=96&d=mm&r=g","contentUrl":"https:\/\/secure.gravatar.com\/avatar\/c38472c0cdbde82d9b6fcc26adb3779d?s=96&d=mm&r=g","caption":"fw2"},"url":"https:\/\/lappis.org.br\/site\/author\/fw2"}]}},"jetpack_featured_media_url":"","jetpack_shortlink":"https:\/\/wp.me\/p954Nh-Hv","jetpack_sharing_enabled":true,"_links":{"self":[{"href":"https:\/\/lappis.org.br\/site\/wp-json\/wp\/v2\/posts\/2697"}],"collection":[{"href":"https:\/\/lappis.org.br\/site\/wp-json\/wp\/v2\/posts"}],"about":[{"href":"https:\/\/lappis.org.br\/site\/wp-json\/wp\/v2\/types\/post"}],"author":[{"embeddable":true,"href":"https:\/\/lappis.org.br\/site\/wp-json\/wp\/v2\/users\/1"}],"replies":[{"embeddable":true,"href":"https:\/\/lappis.org.br\/site\/wp-json\/wp\/v2\/comments?post=2697"}],"version-history":[{"count":0,"href":"https:\/\/lappis.org.br\/site\/wp-json\/wp\/v2\/posts\/2697\/revisions"}],"wp:attachment":[{"href":"https:\/\/lappis.org.br\/site\/wp-json\/wp\/v2\/media?parent=2697"}],"wp:term":[{"taxonomy":"category","embeddable":true,"href":"https:\/\/lappis.org.br\/site\/wp-json\/wp\/v2\/categories?post=2697"},{"taxonomy":"post_tag","embeddable":true,"href":"https:\/\/lappis.org.br\/site\/wp-json\/wp\/v2\/tags?post=2697"}],"curies":[{"name":"wp","href":"https:\/\/api.w.org\/{rel}","templated":true}]}}