{"id":2691,"date":"2008-11-07T03:00:00","date_gmt":"2008-11-07T05:00:00","guid":{"rendered":"http:\/\/lappis.org.br\/site\/2008\/11\/07\/perfil-dos-participantes-do-simposio-de-atencao-basica\/"},"modified":"2008-11-07T03:00:00","modified_gmt":"2008-11-07T05:00:00","slug":"perfil-dos-participantes-do-simposio-de-atencao-basica","status":"publish","type":"post","link":"https:\/\/lappis.org.br\/site\/perfil-dos-participantes-do-simposio-de-atencao-basica\/2691","title":{"rendered":"Perfil dos participantes do Simp\u00f3sio de aten\u00e7\u00e3o b\u00e1sica"},"content":{"rendered":"<p style=\"text-align: justify;\"> \tNa reta final para a realiza\u00e7\u00e3o do Simp\u00f3sio de Aten\u00e7\u00e3o B\u00e1sica que acontecer\u00e1 nos dias 10 e 11 de Novembro, o BoletIN tentou tra\u00e7ar o perfil dos participantes interessados no evento. <em>At\u00e9 o<\/em> fechamento desta edi\u00e7\u00e3o, mais de 500 pessoas j\u00e1 estavam cadastradas no site e mesmo ap\u00f3s o t\u00e9rmino das inscri\u00e7\u00f5es, o Lappis recebeu em sua sede no Instituto de Medicina Social, alunos na expectativa de garantir participa\u00e7\u00e3o nas palestras e mesas de debate.<\/p>\n<p>   Segundo os organizadores, a maioria dos inscritos s\u00e3o acad\u00eamicos de institui\u00e7\u00f5es como UFRJ, UERJ, UNIRIO, UFF e Universidade Federal de Juiz de Fora. Dentre os profissionais interessados se destacam m\u00e9dicos, enfermeiros, assistentes sociais, professores, psic\u00f3logos e nutricionistas.\u00a0No entanto, n\u00e3o somente trabalhadores do setor de sa\u00fade demonstraram interesse no evento. A organiza\u00e7\u00e3o recebeu inscri\u00e7\u00f5es at\u00e9 mesmo de pessoas ligadas \u00e0 \u00e1rea de Comunica\u00e7\u00e3o Social e Filosofia. Logo, os percentuais parecem confirmar essa afirmativa: descobriu-se que a cada simp\u00f3sio realizado pelo Lappis, h\u00e1 um aumento de cerca de 30% na demanda de participantes. Fato que tamb\u00e9m se deve \u00e0 parceria firmada com a Escola Polit\u00e9cnica de Sa\u00fade Joaquim Ven\u00e2ncio (EPSJV). <\/p>\n<p style=\"text-align: justify;\"> \t\u00a0<br \/> \tPor essa raz\u00e3o, a renova\u00e7\u00e3o e diversidade de participantes trar\u00e1 novo g\u00e1s \u00e0s mesas de debates e s\u00f3 contribuir\u00e3o para que o semin\u00e1rio seja bem sucedido. No ano em que o Sistema \u00danico de Sa\u00fade comemora 20 anos de exist\u00eancia, \u00e9 de extrema import\u00e2ncia \u00e0 conscientiza\u00e7\u00e3o da sociedade com temas relacionados \u00e0 pol\u00edticas de sa\u00fade p\u00fablica.<\/p>\n<p> \tEventos como o Simp\u00f3sio de Aten\u00e7\u00e3o B\u00e1sica s\u00e3o pertinentes no sentido de potencializar debates de formula\u00e7\u00f5es te\u00f3ricas e pr\u00e1ticas, de onde se vai \u00e0 mem\u00f3ria para se pensar o presente e o futuro. Com isso, as expectativas tanto dos organizadores quanto dos participantes e pesquisadores s\u00e3o as melhores poss\u00edveis.<\/p>\n","protected":false},"excerpt":{"rendered":"<div class=\"mh-excerpt\"><p style=\"text-align: justify;\"> \tNa reta final para a realiza\u00e7\u00e3o do Simp\u00f3sio de Aten\u00e7\u00e3o B\u00e1sica que acontecer\u00e1 nos dias 10 e 11 de Novembro, o BoletIN tentou tra\u00e7ar o perfil dos participantes interessados no evento. <em>At\u00e9 o<\/em> fechamento desta edi\u00e7\u00e3o, mais de 500 pessoas j\u00e1 estavam cadastradas no site e mesmo ap\u00f3s o t\u00e9rmino das inscri\u00e7\u00f5es, o Lappis recebeu em sua sede no Instituto de Medicina Social, alunos na expectativa de garantir participa\u00e7\u00e3o nas palestras e mesas de debate.<\/p>\n<p>  <a class=\"mh-excerpt-more\" href=\"https:\/\/lappis.org.br\/site\/perfil-dos-participantes-do-simposio-de-atencao-basica\/2691\" title=\"Perfil dos participantes do Simp\u00f3sio de aten\u00e7\u00e3o b\u00e1sica\">[&#8230;]<\/a><\/p>\n<\/div>","protected":false},"author":1,"featured_media":0,"comment_status":"open","ping_status":"open","sticky":false,"template":"","format":"standard","meta":{"_acf_changed":false,"_exactmetrics_skip_tracking":false,"_exactmetrics_sitenote_active":false,"_exactmetrics_sitenote_note":"","_exactmetrics_sitenote_category":0,"jetpack_post_was_ever_published":false,"_jetpack_newsletter_access":"","_jetpack_dont_email_post_to_subs":false,"_jetpack_newsletter_tier_id":0,"_jetpack_memberships_contains_paywalled_content":false,"_jetpack_memberships_contains_paid_content":false,"footnotes":"","jetpack_publicize_message":"","jetpack_publicize_feature_enabled":true,"jetpack_social_post_already_shared":false,"jetpack_social_options":{"image_generator_settings":{"template":"highway","enabled":false},"version":2}},"categories":[8],"tags":[],"class_list":{"0":"post-2691","1":"post","2":"type-post","3":"status-publish","4":"format-standard","6":"category-noticia"},"jetpack_publicize_connections":[],"acf":[],"yoast_head":"<!-- This site is optimized with the Yoast SEO plugin v25.2 - https:\/\/yoast.com\/wordpress\/plugins\/seo\/ -->\n<title>Perfil dos participantes do Simp\u00f3sio de aten\u00e7\u00e3o b\u00e1sica - Lappis 25 anos<\/title>\n<meta name=\"robots\" content=\"index, follow, max-snippet:-1, max-image-preview:large, max-video-preview:-1\" \/>\n<link rel=\"canonical\" href=\"https:\/\/lappis.org.br\/site\/perfil-dos-participantes-do-simposio-de-atencao-basica\/2691\" \/>\n<meta property=\"og:locale\" content=\"pt_BR\" \/>\n<meta property=\"og:type\" content=\"article\" \/>\n<meta property=\"og:title\" content=\"Perfil dos participantes do Simp\u00f3sio de aten\u00e7\u00e3o b\u00e1sica - Lappis 25 anos\" \/>\n<meta property=\"og:description\" content=\"Na reta final para a realiza\u00e7\u00e3o do Simp\u00f3sio de Aten\u00e7\u00e3o B\u00e1sica que acontecer\u00e1 nos dias 10 e 11 de Novembro, o BoletIN tentou tra\u00e7ar o perfil dos participantes interessados no evento. At\u00e9 o fechamento desta edi\u00e7\u00e3o, mais de 500 pessoas j\u00e1 estavam cadastradas no site e mesmo ap\u00f3s o t\u00e9rmino das inscri\u00e7\u00f5es, o Lappis recebeu em sua sede no Instituto de Medicina Social, alunos na expectativa de garantir participa\u00e7\u00e3o nas palestras e mesas de debate. [...]\" \/>\n<meta property=\"og:url\" content=\"https:\/\/lappis.org.br\/site\/perfil-dos-participantes-do-simposio-de-atencao-basica\/2691\" \/>\n<meta property=\"og:site_name\" content=\"Lappis 25 anos\" \/>\n<meta property=\"article:published_time\" content=\"2008-11-07T05:00:00+00:00\" \/>\n<meta name=\"author\" content=\"fw2\" \/>\n<meta name=\"twitter:card\" content=\"summary_large_image\" \/>\n<meta name=\"twitter:label1\" content=\"Escrito por\" \/>\n\t<meta name=\"twitter:data1\" content=\"fw2\" \/>\n\t<meta name=\"twitter:label2\" content=\"Est. tempo de leitura\" \/>\n\t<meta name=\"twitter:data2\" content=\"2 minutos\" \/>\n<script type=\"application\/ld+json\" class=\"yoast-schema-graph\">{\"@context\":\"https:\/\/schema.org\",\"@graph\":[{\"@type\":\"Article\",\"@id\":\"https:\/\/lappis.org.br\/site\/perfil-dos-participantes-do-simposio-de-atencao-basica\/2691#article\",\"isPartOf\":{\"@id\":\"https:\/\/lappis.org.br\/site\/perfil-dos-participantes-do-simposio-de-atencao-basica\/2691\"},\"author\":{\"name\":\"fw2\",\"@id\":\"https:\/\/lappis.org.br\/site\/#\/schema\/person\/3852381d08284b5e2716b20bd89bdbcf\"},\"headline\":\"Perfil dos participantes do Simp\u00f3sio de aten\u00e7\u00e3o b\u00e1sica\",\"datePublished\":\"2008-11-07T05:00:00+00:00\",\"mainEntityOfPage\":{\"@id\":\"https:\/\/lappis.org.br\/site\/perfil-dos-participantes-do-simposio-de-atencao-basica\/2691\"},\"wordCount\":336,\"commentCount\":0,\"publisher\":{\"@id\":\"https:\/\/lappis.org.br\/site\/#organization\"},\"articleSection\":[\"Not\u00edcia\"],\"inLanguage\":\"pt-BR\",\"potentialAction\":[{\"@type\":\"CommentAction\",\"name\":\"Comment\",\"target\":[\"https:\/\/lappis.org.br\/site\/perfil-dos-participantes-do-simposio-de-atencao-basica\/2691#respond\"]}]},{\"@type\":\"WebPage\",\"@id\":\"https:\/\/lappis.org.br\/site\/perfil-dos-participantes-do-simposio-de-atencao-basica\/2691\",\"url\":\"https:\/\/lappis.org.br\/site\/perfil-dos-participantes-do-simposio-de-atencao-basica\/2691\",\"name\":\"Perfil dos participantes do Simp\u00f3sio de aten\u00e7\u00e3o b\u00e1sica - Lappis 25 anos\",\"isPartOf\":{\"@id\":\"https:\/\/lappis.org.br\/site\/#website\"},\"datePublished\":\"2008-11-07T05:00:00+00:00\",\"breadcrumb\":{\"@id\":\"https:\/\/lappis.org.br\/site\/perfil-dos-participantes-do-simposio-de-atencao-basica\/2691#breadcrumb\"},\"inLanguage\":\"pt-BR\",\"potentialAction\":[{\"@type\":\"ReadAction\",\"target\":[\"https:\/\/lappis.org.br\/site\/perfil-dos-participantes-do-simposio-de-atencao-basica\/2691\"]}]},{\"@type\":\"BreadcrumbList\",\"@id\":\"https:\/\/lappis.org.br\/site\/perfil-dos-participantes-do-simposio-de-atencao-basica\/2691#breadcrumb\",\"itemListElement\":[{\"@type\":\"ListItem\",\"position\":1,\"name\":\"In\u00edcio\",\"item\":\"https:\/\/lappis.org.br\/site\/\"},{\"@type\":\"ListItem\",\"position\":2,\"name\":\"Perfil dos participantes do Simp\u00f3sio de aten\u00e7\u00e3o b\u00e1sica\"}]},{\"@type\":\"WebSite\",\"@id\":\"https:\/\/lappis.org.br\/site\/#website\",\"url\":\"https:\/\/lappis.org.br\/site\/\",\"name\":\"Lappis 25 anos\",\"description\":\"Labotat\u00f3rio de Pesquisas sobre Pr\u00e1ticas de Integralidade em Sa\u00fade\",\"publisher\":{\"@id\":\"https:\/\/lappis.org.br\/site\/#organization\"},\"potentialAction\":[{\"@type\":\"SearchAction\",\"target\":{\"@type\":\"EntryPoint\",\"urlTemplate\":\"https:\/\/lappis.org.br\/site\/?s={search_term_string}\"},\"query-input\":{\"@type\":\"PropertyValueSpecification\",\"valueRequired\":true,\"valueName\":\"search_term_string\"}}],\"inLanguage\":\"pt-BR\"},{\"@type\":\"Organization\",\"@id\":\"https:\/\/lappis.org.br\/site\/#organization\",\"name\":\"Lappis 25 anos\",\"url\":\"https:\/\/lappis.org.br\/site\/\",\"logo\":{\"@type\":\"ImageObject\",\"inLanguage\":\"pt-BR\",\"@id\":\"https:\/\/lappis.org.br\/site\/#\/schema\/logo\/image\/\",\"url\":\"https:\/\/lappis.org.br\/site\/wp-content\/uploads\/2025\/03\/logo-lappis25anos.png\",\"contentUrl\":\"https:\/\/lappis.org.br\/site\/wp-content\/uploads\/2025\/03\/logo-lappis25anos.png\",\"width\":388,\"height\":146,\"caption\":\"Lappis 25 anos\"},\"image\":{\"@id\":\"https:\/\/lappis.org.br\/site\/#\/schema\/logo\/image\/\"}},{\"@type\":\"Person\",\"@id\":\"https:\/\/lappis.org.br\/site\/#\/schema\/person\/3852381d08284b5e2716b20bd89bdbcf\",\"name\":\"fw2\",\"image\":{\"@type\":\"ImageObject\",\"inLanguage\":\"pt-BR\",\"@id\":\"https:\/\/lappis.org.br\/site\/#\/schema\/person\/image\/\",\"url\":\"https:\/\/secure.gravatar.com\/avatar\/c38472c0cdbde82d9b6fcc26adb3779d?s=96&d=mm&r=g\",\"contentUrl\":\"https:\/\/secure.gravatar.com\/avatar\/c38472c0cdbde82d9b6fcc26adb3779d?s=96&d=mm&r=g\",\"caption\":\"fw2\"},\"url\":\"https:\/\/lappis.org.br\/site\/author\/fw2\"}]}<\/script>\n<!-- \/ Yoast SEO plugin. -->","yoast_head_json":{"title":"Perfil dos participantes do Simp\u00f3sio de aten\u00e7\u00e3o b\u00e1sica - Lappis 25 anos","robots":{"index":"index","follow":"follow","max-snippet":"max-snippet:-1","max-image-preview":"max-image-preview:large","max-video-preview":"max-video-preview:-1"},"canonical":"https:\/\/lappis.org.br\/site\/perfil-dos-participantes-do-simposio-de-atencao-basica\/2691","og_locale":"pt_BR","og_type":"article","og_title":"Perfil dos participantes do Simp\u00f3sio de aten\u00e7\u00e3o b\u00e1sica - Lappis 25 anos","og_description":"Na reta final para a realiza\u00e7\u00e3o do Simp\u00f3sio de Aten\u00e7\u00e3o B\u00e1sica que acontecer\u00e1 nos dias 10 e 11 de Novembro, o BoletIN tentou tra\u00e7ar o perfil dos participantes interessados no evento. At\u00e9 o fechamento desta edi\u00e7\u00e3o, mais de 500 pessoas j\u00e1 estavam cadastradas no site e mesmo ap\u00f3s o t\u00e9rmino das inscri\u00e7\u00f5es, o Lappis recebeu em sua sede no Instituto de Medicina Social, alunos na expectativa de garantir participa\u00e7\u00e3o nas palestras e mesas de debate. [...]","og_url":"https:\/\/lappis.org.br\/site\/perfil-dos-participantes-do-simposio-de-atencao-basica\/2691","og_site_name":"Lappis 25 anos","article_published_time":"2008-11-07T05:00:00+00:00","author":"fw2","twitter_card":"summary_large_image","twitter_misc":{"Escrito por":"fw2","Est. tempo de leitura":"2 minutos"},"schema":{"@context":"https:\/\/schema.org","@graph":[{"@type":"Article","@id":"https:\/\/lappis.org.br\/site\/perfil-dos-participantes-do-simposio-de-atencao-basica\/2691#article","isPartOf":{"@id":"https:\/\/lappis.org.br\/site\/perfil-dos-participantes-do-simposio-de-atencao-basica\/2691"},"author":{"name":"fw2","@id":"https:\/\/lappis.org.br\/site\/#\/schema\/person\/3852381d08284b5e2716b20bd89bdbcf"},"headline":"Perfil dos participantes do Simp\u00f3sio de aten\u00e7\u00e3o b\u00e1sica","datePublished":"2008-11-07T05:00:00+00:00","mainEntityOfPage":{"@id":"https:\/\/lappis.org.br\/site\/perfil-dos-participantes-do-simposio-de-atencao-basica\/2691"},"wordCount":336,"commentCount":0,"publisher":{"@id":"https:\/\/lappis.org.br\/site\/#organization"},"articleSection":["Not\u00edcia"],"inLanguage":"pt-BR","potentialAction":[{"@type":"CommentAction","name":"Comment","target":["https:\/\/lappis.org.br\/site\/perfil-dos-participantes-do-simposio-de-atencao-basica\/2691#respond"]}]},{"@type":"WebPage","@id":"https:\/\/lappis.org.br\/site\/perfil-dos-participantes-do-simposio-de-atencao-basica\/2691","url":"https:\/\/lappis.org.br\/site\/perfil-dos-participantes-do-simposio-de-atencao-basica\/2691","name":"Perfil dos participantes do Simp\u00f3sio de aten\u00e7\u00e3o b\u00e1sica - Lappis 25 anos","isPartOf":{"@id":"https:\/\/lappis.org.br\/site\/#website"},"datePublished":"2008-11-07T05:00:00+00:00","breadcrumb":{"@id":"https:\/\/lappis.org.br\/site\/perfil-dos-participantes-do-simposio-de-atencao-basica\/2691#breadcrumb"},"inLanguage":"pt-BR","potentialAction":[{"@type":"ReadAction","target":["https:\/\/lappis.org.br\/site\/perfil-dos-participantes-do-simposio-de-atencao-basica\/2691"]}]},{"@type":"BreadcrumbList","@id":"https:\/\/lappis.org.br\/site\/perfil-dos-participantes-do-simposio-de-atencao-basica\/2691#breadcrumb","itemListElement":[{"@type":"ListItem","position":1,"name":"In\u00edcio","item":"https:\/\/lappis.org.br\/site\/"},{"@type":"ListItem","position":2,"name":"Perfil dos participantes do Simp\u00f3sio de aten\u00e7\u00e3o b\u00e1sica"}]},{"@type":"WebSite","@id":"https:\/\/lappis.org.br\/site\/#website","url":"https:\/\/lappis.org.br\/site\/","name":"Lappis 25 anos","description":"Labotat\u00f3rio de Pesquisas sobre Pr\u00e1ticas de Integralidade em Sa\u00fade","publisher":{"@id":"https:\/\/lappis.org.br\/site\/#organization"},"potentialAction":[{"@type":"SearchAction","target":{"@type":"EntryPoint","urlTemplate":"https:\/\/lappis.org.br\/site\/?s={search_term_string}"},"query-input":{"@type":"PropertyValueSpecification","valueRequired":true,"valueName":"search_term_string"}}],"inLanguage":"pt-BR"},{"@type":"Organization","@id":"https:\/\/lappis.org.br\/site\/#organization","name":"Lappis 25 anos","url":"https:\/\/lappis.org.br\/site\/","logo":{"@type":"ImageObject","inLanguage":"pt-BR","@id":"https:\/\/lappis.org.br\/site\/#\/schema\/logo\/image\/","url":"https:\/\/lappis.org.br\/site\/wp-content\/uploads\/2025\/03\/logo-lappis25anos.png","contentUrl":"https:\/\/lappis.org.br\/site\/wp-content\/uploads\/2025\/03\/logo-lappis25anos.png","width":388,"height":146,"caption":"Lappis 25 anos"},"image":{"@id":"https:\/\/lappis.org.br\/site\/#\/schema\/logo\/image\/"}},{"@type":"Person","@id":"https:\/\/lappis.org.br\/site\/#\/schema\/person\/3852381d08284b5e2716b20bd89bdbcf","name":"fw2","image":{"@type":"ImageObject","inLanguage":"pt-BR","@id":"https:\/\/lappis.org.br\/site\/#\/schema\/person\/image\/","url":"https:\/\/secure.gravatar.com\/avatar\/c38472c0cdbde82d9b6fcc26adb3779d?s=96&d=mm&r=g","contentUrl":"https:\/\/secure.gravatar.com\/avatar\/c38472c0cdbde82d9b6fcc26adb3779d?s=96&d=mm&r=g","caption":"fw2"},"url":"https:\/\/lappis.org.br\/site\/author\/fw2"}]}},"jetpack_featured_media_url":"","jetpack_shortlink":"https:\/\/wp.me\/p954Nh-Hp","jetpack_sharing_enabled":true,"_links":{"self":[{"href":"https:\/\/lappis.org.br\/site\/wp-json\/wp\/v2\/posts\/2691"}],"collection":[{"href":"https:\/\/lappis.org.br\/site\/wp-json\/wp\/v2\/posts"}],"about":[{"href":"https:\/\/lappis.org.br\/site\/wp-json\/wp\/v2\/types\/post"}],"author":[{"embeddable":true,"href":"https:\/\/lappis.org.br\/site\/wp-json\/wp\/v2\/users\/1"}],"replies":[{"embeddable":true,"href":"https:\/\/lappis.org.br\/site\/wp-json\/wp\/v2\/comments?post=2691"}],"version-history":[{"count":0,"href":"https:\/\/lappis.org.br\/site\/wp-json\/wp\/v2\/posts\/2691\/revisions"}],"wp:attachment":[{"href":"https:\/\/lappis.org.br\/site\/wp-json\/wp\/v2\/media?parent=2691"}],"wp:term":[{"taxonomy":"category","embeddable":true,"href":"https:\/\/lappis.org.br\/site\/wp-json\/wp\/v2\/categories?post=2691"},{"taxonomy":"post_tag","embeddable":true,"href":"https:\/\/lappis.org.br\/site\/wp-json\/wp\/v2\/tags?post=2691"}],"curies":[{"name":"wp","href":"https:\/\/api.w.org\/{rel}","templated":true}]}}