{"id":2689,"date":"2008-10-24T03:00:00","date_gmt":"2008-10-24T05:00:00","guid":{"rendered":"http:\/\/lappis.org.br\/site\/2008\/10\/24\/congresso-da-associacao-brasileira-de-educacao-medica\/"},"modified":"2008-10-24T03:00:00","modified_gmt":"2008-10-24T05:00:00","slug":"congresso-da-associacao-brasileira-de-educacao-medica","status":"publish","type":"post","link":"https:\/\/lappis.org.br\/site\/congresso-da-associacao-brasileira-de-educacao-medica\/2689","title":{"rendered":"Congresso da Associa\u00e7\u00e3o Brasileira de Educa\u00e7\u00e3o M\u00e9dica"},"content":{"rendered":"<p style=\"text-align: justify;\"> \t<img fetchpriority=\"high\" decoding=\"async\" data-attachment-id=\"2688\" data-permalink=\"https:\/\/lappis.org.br\/site\/congresso-da-associacao-brasileira-de-educacao-medica\/2689\/attachment-alt-496\" data-orig-file=\"https:\/\/lappis.org.br\/site\/wp-content\/uploads\/2008\/10\/mat_46cobem2.JPG\" data-orig-size=\"448,336\" data-comments-opened=\"1\" data-image-meta=\"{&quot;aperture&quot;:&quot;0&quot;,&quot;credit&quot;:&quot;&quot;,&quot;camera&quot;:&quot;&quot;,&quot;caption&quot;:&quot;&quot;,&quot;created_timestamp&quot;:&quot;0&quot;,&quot;copyright&quot;:&quot;&quot;,&quot;focal_length&quot;:&quot;0&quot;,&quot;iso&quot;:&quot;0&quot;,&quot;shutter_speed&quot;:&quot;0&quot;,&quot;title&quot;:&quot;&quot;,&quot;orientation&quot;:&quot;0&quot;}\" data-image-title=\"alt\" data-image-description=\"\" data-image-caption=\"\" data-medium-file=\"https:\/\/lappis.org.br\/site\/wp-content\/uploads\/2008\/10\/mat_46cobem2-300x225.jpg\" data-large-file=\"https:\/\/lappis.org.br\/site\/wp-content\/uploads\/2008\/10\/mat_46cobem2.JPG\" class=\" alignleft size-full wp-image-2688\" alt=\"alt\" src=\"http:\/\/lappis.org.br\/site\/wp-content\/uploads\/2008\/10\/mat_46cobem2.JPG\" style=\"margin: 5px; float: left;\" width=\"448\" height=\"336\" srcset=\"https:\/\/lappis.org.br\/site\/wp-content\/uploads\/2008\/10\/mat_46cobem2.JPG 448w, https:\/\/lappis.org.br\/site\/wp-content\/uploads\/2008\/10\/mat_46cobem2-300x225.jpg 300w\" sizes=\"(max-width: 448px) 100vw, 448px\" \/>A Associa\u00e7\u00e3o Brasileira de Educa\u00e7\u00e3o M\u00e9dica realizou entre os dias 18 e 21 de Outubro em Salvador, o 46\u00ba COBEM (Congresso da Associa\u00e7\u00e3o Brasileira de Educa\u00e7\u00e3o M\u00e9dica). O evento reuniu diretores de Escolas M\u00e9dicas, coordenadores de Cursos de Medicina, professores, alunos, profissionais da rede de servi\u00e7os de sa\u00fade e ainda especialistas de renome no panorama nacional e internacional. Atrav\u00e9s da tem\u00e1tica &ldquo;Dois s\u00e9culos de Ensino M\u00e9dico no Brasil&rdquo;, os pesquisadores puderam discutir os rumos da educa\u00e7\u00e3o m\u00e9dica nas universidades, al\u00e9m das repercuss\u00f5es que envolvem os debates sobre os 20 anos de cria\u00e7\u00e3o do SUS Constitucional.<\/p>\n<p>   Dentre outras atividades,\u00a0 foi lan\u00e7ada a publica\u00e7\u00e3o &ldquo; Movimento estudantil em defesa da vida&rdquo;, que segundo o m\u00e9dico residenteGiliate Coelho, pretende resgatar id\u00e9ias e reflex\u00f5es dos ex- estudantes de medicina. Autor e idealizador do livro, ele afirma que os textos foram constru\u00eddos a partir da pr\u00e1tica cotidiana de luta dos acad\u00eamicos, al\u00e9m de fomentar as discuss\u00f5es a respeito do papel do movimento estudantil em quest\u00f5es como integralidade e a import\u00e2ncia do cuidado com o usu\u00e1rio de sa\u00fade p\u00fablica. <\/p>\n<p style=\"text-align: justify;\"> \t\u00a0<br \/> \t\u00a0Leia a seguir a entrevista completa com Giliate Coelho.<br \/> \t\u00a0<br \/> \t<strong>1) Como surgiu a id\u00e9ia de escrever um livro com essa tem\u00e1tica?<\/strong><br \/> \tA id\u00e9ia do livro surgiu de uma necessidade de sistematizarmos um conjunto de id\u00e9ias e reflex\u00f5es que fizemos em nossa \u00e9poca de milit\u00e2ncia estudantil. Todos\u00a0 artigos do livro foram escritos entre 1999 e 2006, \u00e9poca em que est\u00e1vamos na faculdade. S\u00e3o textos constru\u00eddos a partir de nossa pr\u00e1tica e voltado para a pr\u00e1tica, para o cotidiano de luta dos estudantes.<br \/> \t\u00a0<br \/> \t\u00a0<br \/> \t<strong>2) Como foi o processo de produ\u00e7\u00e3o da publica\u00e7\u00e3o? <\/strong><br \/> \tA produ\u00e7\u00e3o da publica\u00e7\u00e3o foi muito r\u00e1pida, tivemos menos de dois meses para escolher os textos, revis\u00e1-los e imprimi-los na gr\u00e1fica. Pouqu\u00edssimo tempo. Isso porque quer\u00edamos lan\u00e7\u00e1-lo no Congresso Brasileiro de Educa\u00e7\u00e3o M\u00e9dica, como de fato aconteceu.<br \/> \t\u00a0<br \/> \t<strong>3) Quais foram as expectativas para o lan\u00e7amento?<\/strong><br \/> \tForam as melhores poss\u00edveis. Primeiro, porque \u00e9 bastante escassa a bibliografia que abordamos, poucos militantes registram no papel as suas reflex\u00f5es &#8211; o que \u00e9 uma pena -, e segundo porque o livro \u00e9 voltado para as novas gera\u00e7\u00f5es do movimento estudantil, uma garotada que entrou h\u00e1 pouco tempo na faculdade, est\u00e3o empolgados para fazer v\u00e1rias mudan\u00e7as, mas muitas vezes n\u00e3o sabem por onde come\u00e7ar e como se organizar. Os textos ent\u00e3o tentam dar uma resposta a isso, pois abordam temas como o planejamento estrat\u00e9gico para entidades estudantis, extens\u00e3o universit\u00e1ria e a rela\u00e7\u00e3o das entidantes estudantis como os partidos pol\u00edticos.<br \/> \t\u00a0<br \/> \t\u00a0<br \/> \t<strong>4) A milit\u00e2ncia estudantil \u00e9 conhecida por seu car\u00e1ter contestador. Logo, de que forma os valores defendidos pelo movimento podem intervir em favor da integralidade do cuidado no SUS?<br \/> \t<\/strong>Acho que o movimento estudantil tem um papel fundamental no que se refere \u00e0 integralidade no SUS. Em primeiro lugar, porque est\u00e1 dentro da universidade, e tem como travar diversas disputas no luta pela forma\u00e7\u00e3o de profissionais\u00a0 comprometidos com o cuidado em sa\u00fade, e n\u00e3o apenas com a produ\u00e7\u00e3o acr\u00edtica de procedimentos. S\u00e3o v\u00e1rios os casos em que a rebeldia dos estudantes abalou o status quo da academia e fez toda o conjunto dos docentes e discentes refletirem sobre o processso de forma\u00e7\u00e3o dos cursos de medicina. Em segundo, porque o movimento estudantil est\u00e1 numa crescente de consolida\u00e7\u00e3o como um ator social importante no controle social do SUS. Conseguiu assento em v\u00e1rios conselhos municipais e estaduais, e mais recentemente no conselho nacional de sa\u00fade. Se faz presente nas confer\u00eancias de sa\u00fade, e como n\u00e3o tem rabo preso com ningu\u00e9m, pode liderar debates importantes no \u00e2mbito do sistema \u00fanico. Um exemplo disso foi o que aconteceu na 12a. Confer\u00eancia Nacional de Sa\u00fade, onde, conforme relatado no livro, os estudantes de medicina juntamente com outros estudantes da \u00e1rea da sa\u00fade protagonizaram um movimento contra o projeto de lei do ato m\u00e9dico, assim como tamb\u00e9m uma cr\u00edtica ao corporativismo das outras categorias profissionais da sa\u00fade. O texto aprovado naquela confer\u00eancia sobre esse tema foi constru\u00eddo e articulado pelos estudantes.<br \/> \t\u00a0<\/p>\n","protected":false},"excerpt":{"rendered":"<div class=\"mh-excerpt\"><p style=\"text-align: justify;\"> \t<img decoding=\"async\" class=\" alignleft size-full wp-image-2688\" alt=\"alt\" src=\"http:\/\/lappis.org.br\/site\/wp-content\/uploads\/2008\/10\/mat_46cobem2.JPG\" style=\"margin: 5px; float: left;\" width=\"448\" height=\"336\" srcset=\"https:\/\/lappis.org.br\/site\/wp-content\/uploads\/2008\/10\/mat_46cobem2.JPG 448w, https:\/\/lappis.org.br\/site\/wp-content\/uploads\/2008\/10\/mat_46cobem2-300x225.jpg 300w\" sizes=\"(max-width: 448px) 100vw, 448px\" \/>A Associa\u00e7\u00e3o Brasileira de Educa\u00e7\u00e3o M\u00e9dica realizou entre os dias 18 e 21 de Outubro em Salvador, o 46\u00ba COBEM (Congresso da Associa\u00e7\u00e3o Brasileira de Educa\u00e7\u00e3o M\u00e9dica). O evento reuniu diretores de Escolas M\u00e9dicas, coordenadores de Cursos de Medicina, professores, alunos, profissionais da rede de servi\u00e7os de sa\u00fade e ainda especialistas de renome no panorama nacional e internacional. Atrav\u00e9s da tem\u00e1tica &ldquo;Dois s\u00e9culos de Ensino M\u00e9dico no Brasil&rdquo;, os pesquisadores puderam discutir os rumos da educa\u00e7\u00e3o m\u00e9dica nas universidades, al\u00e9m das repercuss\u00f5es que envolvem os debates sobre os 20 anos de cria\u00e7\u00e3o do SUS Constitucional.<\/p>\n<p>  <a class=\"mh-excerpt-more\" href=\"https:\/\/lappis.org.br\/site\/congresso-da-associacao-brasileira-de-educacao-medica\/2689\" title=\"Congresso da Associa\u00e7\u00e3o Brasileira de Educa\u00e7\u00e3o M\u00e9dica\">[&#8230;]<\/a><\/p>\n<\/div>","protected":false},"author":1,"featured_media":2687,"comment_status":"open","ping_status":"open","sticky":false,"template":"","format":"standard","meta":{"_acf_changed":false,"_exactmetrics_skip_tracking":false,"_exactmetrics_sitenote_active":false,"_exactmetrics_sitenote_note":"","_exactmetrics_sitenote_category":0,"jetpack_post_was_ever_published":false,"_jetpack_newsletter_access":"","_jetpack_dont_email_post_to_subs":false,"_jetpack_newsletter_tier_id":0,"_jetpack_memberships_contains_paywalled_content":false,"_jetpack_memberships_contains_paid_content":false,"footnotes":"","jetpack_publicize_message":"","jetpack_publicize_feature_enabled":true,"jetpack_social_post_already_shared":false,"jetpack_social_options":{"image_generator_settings":{"template":"highway","enabled":false},"version":2}},"categories":[8],"tags":[],"class_list":{"0":"post-2689","1":"post","2":"type-post","3":"status-publish","4":"format-standard","5":"has-post-thumbnail","7":"category-noticia"},"jetpack_publicize_connections":[],"acf":[],"yoast_head":"<!-- This site is optimized with the Yoast SEO plugin v25.2 - https:\/\/yoast.com\/wordpress\/plugins\/seo\/ -->\n<title>Congresso da Associa\u00e7\u00e3o Brasileira de Educa\u00e7\u00e3o M\u00e9dica - Lappis 25 anos<\/title>\n<meta name=\"robots\" content=\"index, follow, max-snippet:-1, max-image-preview:large, max-video-preview:-1\" \/>\n<link rel=\"canonical\" href=\"https:\/\/lappis.org.br\/site\/congresso-da-associacao-brasileira-de-educacao-medica\/2689\" \/>\n<meta property=\"og:locale\" content=\"pt_BR\" \/>\n<meta property=\"og:type\" content=\"article\" \/>\n<meta property=\"og:title\" content=\"Congresso da Associa\u00e7\u00e3o Brasileira de Educa\u00e7\u00e3o M\u00e9dica - Lappis 25 anos\" \/>\n<meta property=\"og:description\" content=\"A Associa\u00e7\u00e3o Brasileira de Educa\u00e7\u00e3o M\u00e9dica realizou entre os dias 18 e 21 de Outubro em Salvador, o 46\u00ba COBEM (Congresso da Associa\u00e7\u00e3o Brasileira de Educa\u00e7\u00e3o M\u00e9dica). O evento reuniu diretores de Escolas M\u00e9dicas, coordenadores de Cursos de Medicina, professores, alunos, profissionais da rede de servi\u00e7os de sa\u00fade e ainda especialistas de renome no panorama nacional e internacional. Atrav\u00e9s da tem\u00e1tica &ldquo;Dois s\u00e9culos de Ensino M\u00e9dico no Brasil&rdquo;, os pesquisadores puderam discutir os rumos da educa\u00e7\u00e3o m\u00e9dica nas universidades, al\u00e9m das repercuss\u00f5es que envolvem os debates sobre os 20 anos de cria\u00e7\u00e3o do SUS Constitucional. [...]\" \/>\n<meta property=\"og:url\" content=\"https:\/\/lappis.org.br\/site\/congresso-da-associacao-brasileira-de-educacao-medica\/2689\" \/>\n<meta property=\"og:site_name\" content=\"Lappis 25 anos\" \/>\n<meta property=\"article:published_time\" content=\"2008-10-24T05:00:00+00:00\" \/>\n<meta property=\"og:image\" content=\"https:\/\/lappis.org.br\/site\/wp-content\/uploads\/2008\/10\/mat_46cobem2.JPG\" \/>\n\t<meta property=\"og:image:width\" content=\"448\" \/>\n\t<meta property=\"og:image:height\" content=\"336\" \/>\n\t<meta property=\"og:image:type\" content=\"image\/jpeg\" \/>\n<meta name=\"author\" content=\"fw2\" \/>\n<meta name=\"twitter:card\" content=\"summary_large_image\" \/>\n<meta name=\"twitter:label1\" content=\"Escrito por\" \/>\n\t<meta name=\"twitter:data1\" content=\"fw2\" \/>\n\t<meta name=\"twitter:label2\" content=\"Est. tempo de leitura\" \/>\n\t<meta name=\"twitter:data2\" content=\"4 minutos\" \/>\n<script type=\"application\/ld+json\" class=\"yoast-schema-graph\">{\"@context\":\"https:\/\/schema.org\",\"@graph\":[{\"@type\":\"Article\",\"@id\":\"https:\/\/lappis.org.br\/site\/congresso-da-associacao-brasileira-de-educacao-medica\/2689#article\",\"isPartOf\":{\"@id\":\"https:\/\/lappis.org.br\/site\/congresso-da-associacao-brasileira-de-educacao-medica\/2689\"},\"author\":{\"name\":\"fw2\",\"@id\":\"https:\/\/lappis.org.br\/site\/#\/schema\/person\/3852381d08284b5e2716b20bd89bdbcf\"},\"headline\":\"Congresso da Associa\u00e7\u00e3o Brasileira de Educa\u00e7\u00e3o M\u00e9dica\",\"datePublished\":\"2008-10-24T05:00:00+00:00\",\"mainEntityOfPage\":{\"@id\":\"https:\/\/lappis.org.br\/site\/congresso-da-associacao-brasileira-de-educacao-medica\/2689\"},\"wordCount\":748,\"commentCount\":0,\"publisher\":{\"@id\":\"https:\/\/lappis.org.br\/site\/#organization\"},\"image\":{\"@id\":\"https:\/\/lappis.org.br\/site\/congresso-da-associacao-brasileira-de-educacao-medica\/2689#primaryimage\"},\"thumbnailUrl\":\"https:\/\/lappis.org.br\/site\/wp-content\/uploads\/2008\/10\/mat_46cobem2.JPG\",\"articleSection\":[\"Not\u00edcia\"],\"inLanguage\":\"pt-BR\",\"potentialAction\":[{\"@type\":\"CommentAction\",\"name\":\"Comment\",\"target\":[\"https:\/\/lappis.org.br\/site\/congresso-da-associacao-brasileira-de-educacao-medica\/2689#respond\"]}]},{\"@type\":\"WebPage\",\"@id\":\"https:\/\/lappis.org.br\/site\/congresso-da-associacao-brasileira-de-educacao-medica\/2689\",\"url\":\"https:\/\/lappis.org.br\/site\/congresso-da-associacao-brasileira-de-educacao-medica\/2689\",\"name\":\"Congresso da Associa\u00e7\u00e3o Brasileira de Educa\u00e7\u00e3o M\u00e9dica - Lappis 25 anos\",\"isPartOf\":{\"@id\":\"https:\/\/lappis.org.br\/site\/#website\"},\"primaryImageOfPage\":{\"@id\":\"https:\/\/lappis.org.br\/site\/congresso-da-associacao-brasileira-de-educacao-medica\/2689#primaryimage\"},\"image\":{\"@id\":\"https:\/\/lappis.org.br\/site\/congresso-da-associacao-brasileira-de-educacao-medica\/2689#primaryimage\"},\"thumbnailUrl\":\"https:\/\/lappis.org.br\/site\/wp-content\/uploads\/2008\/10\/mat_46cobem2.JPG\",\"datePublished\":\"2008-10-24T05:00:00+00:00\",\"breadcrumb\":{\"@id\":\"https:\/\/lappis.org.br\/site\/congresso-da-associacao-brasileira-de-educacao-medica\/2689#breadcrumb\"},\"inLanguage\":\"pt-BR\",\"potentialAction\":[{\"@type\":\"ReadAction\",\"target\":[\"https:\/\/lappis.org.br\/site\/congresso-da-associacao-brasileira-de-educacao-medica\/2689\"]}]},{\"@type\":\"ImageObject\",\"inLanguage\":\"pt-BR\",\"@id\":\"https:\/\/lappis.org.br\/site\/congresso-da-associacao-brasileira-de-educacao-medica\/2689#primaryimage\",\"url\":\"https:\/\/lappis.org.br\/site\/wp-content\/uploads\/2008\/10\/mat_46cobem2.JPG\",\"contentUrl\":\"https:\/\/lappis.org.br\/site\/wp-content\/uploads\/2008\/10\/mat_46cobem2.JPG\",\"width\":448,\"height\":336,\"caption\":\"alt\"},{\"@type\":\"BreadcrumbList\",\"@id\":\"https:\/\/lappis.org.br\/site\/congresso-da-associacao-brasileira-de-educacao-medica\/2689#breadcrumb\",\"itemListElement\":[{\"@type\":\"ListItem\",\"position\":1,\"name\":\"In\u00edcio\",\"item\":\"https:\/\/lappis.org.br\/site\/\"},{\"@type\":\"ListItem\",\"position\":2,\"name\":\"Congresso da Associa\u00e7\u00e3o Brasileira de Educa\u00e7\u00e3o M\u00e9dica\"}]},{\"@type\":\"WebSite\",\"@id\":\"https:\/\/lappis.org.br\/site\/#website\",\"url\":\"https:\/\/lappis.org.br\/site\/\",\"name\":\"Lappis 25 anos\",\"description\":\"Labotat\u00f3rio de Pesquisas sobre Pr\u00e1ticas de Integralidade em Sa\u00fade\",\"publisher\":{\"@id\":\"https:\/\/lappis.org.br\/site\/#organization\"},\"potentialAction\":[{\"@type\":\"SearchAction\",\"target\":{\"@type\":\"EntryPoint\",\"urlTemplate\":\"https:\/\/lappis.org.br\/site\/?s={search_term_string}\"},\"query-input\":{\"@type\":\"PropertyValueSpecification\",\"valueRequired\":true,\"valueName\":\"search_term_string\"}}],\"inLanguage\":\"pt-BR\"},{\"@type\":\"Organization\",\"@id\":\"https:\/\/lappis.org.br\/site\/#organization\",\"name\":\"Lappis 25 anos\",\"url\":\"https:\/\/lappis.org.br\/site\/\",\"logo\":{\"@type\":\"ImageObject\",\"inLanguage\":\"pt-BR\",\"@id\":\"https:\/\/lappis.org.br\/site\/#\/schema\/logo\/image\/\",\"url\":\"https:\/\/lappis.org.br\/site\/wp-content\/uploads\/2025\/03\/logo-lappis25anos.png\",\"contentUrl\":\"https:\/\/lappis.org.br\/site\/wp-content\/uploads\/2025\/03\/logo-lappis25anos.png\",\"width\":388,\"height\":146,\"caption\":\"Lappis 25 anos\"},\"image\":{\"@id\":\"https:\/\/lappis.org.br\/site\/#\/schema\/logo\/image\/\"}},{\"@type\":\"Person\",\"@id\":\"https:\/\/lappis.org.br\/site\/#\/schema\/person\/3852381d08284b5e2716b20bd89bdbcf\",\"name\":\"fw2\",\"image\":{\"@type\":\"ImageObject\",\"inLanguage\":\"pt-BR\",\"@id\":\"https:\/\/lappis.org.br\/site\/#\/schema\/person\/image\/\",\"url\":\"https:\/\/secure.gravatar.com\/avatar\/c38472c0cdbde82d9b6fcc26adb3779d?s=96&d=mm&r=g\",\"contentUrl\":\"https:\/\/secure.gravatar.com\/avatar\/c38472c0cdbde82d9b6fcc26adb3779d?s=96&d=mm&r=g\",\"caption\":\"fw2\"},\"url\":\"https:\/\/lappis.org.br\/site\/author\/fw2\"}]}<\/script>\n<!-- \/ Yoast SEO plugin. -->","yoast_head_json":{"title":"Congresso da Associa\u00e7\u00e3o Brasileira de Educa\u00e7\u00e3o M\u00e9dica - Lappis 25 anos","robots":{"index":"index","follow":"follow","max-snippet":"max-snippet:-1","max-image-preview":"max-image-preview:large","max-video-preview":"max-video-preview:-1"},"canonical":"https:\/\/lappis.org.br\/site\/congresso-da-associacao-brasileira-de-educacao-medica\/2689","og_locale":"pt_BR","og_type":"article","og_title":"Congresso da Associa\u00e7\u00e3o Brasileira de Educa\u00e7\u00e3o M\u00e9dica - Lappis 25 anos","og_description":"A Associa\u00e7\u00e3o Brasileira de Educa\u00e7\u00e3o M\u00e9dica realizou entre os dias 18 e 21 de Outubro em Salvador, o 46\u00ba COBEM (Congresso da Associa\u00e7\u00e3o Brasileira de Educa\u00e7\u00e3o M\u00e9dica). O evento reuniu diretores de Escolas M\u00e9dicas, coordenadores de Cursos de Medicina, professores, alunos, profissionais da rede de servi\u00e7os de sa\u00fade e ainda especialistas de renome no panorama nacional e internacional. Atrav\u00e9s da tem\u00e1tica &ldquo;Dois s\u00e9culos de Ensino M\u00e9dico no Brasil&rdquo;, os pesquisadores puderam discutir os rumos da educa\u00e7\u00e3o m\u00e9dica nas universidades, al\u00e9m das repercuss\u00f5es que envolvem os debates sobre os 20 anos de cria\u00e7\u00e3o do SUS Constitucional. [...]","og_url":"https:\/\/lappis.org.br\/site\/congresso-da-associacao-brasileira-de-educacao-medica\/2689","og_site_name":"Lappis 25 anos","article_published_time":"2008-10-24T05:00:00+00:00","og_image":[{"width":448,"height":336,"url":"https:\/\/lappis.org.br\/site\/wp-content\/uploads\/2008\/10\/mat_46cobem2.JPG","type":"image\/jpeg"}],"author":"fw2","twitter_card":"summary_large_image","twitter_misc":{"Escrito por":"fw2","Est. tempo de leitura":"4 minutos"},"schema":{"@context":"https:\/\/schema.org","@graph":[{"@type":"Article","@id":"https:\/\/lappis.org.br\/site\/congresso-da-associacao-brasileira-de-educacao-medica\/2689#article","isPartOf":{"@id":"https:\/\/lappis.org.br\/site\/congresso-da-associacao-brasileira-de-educacao-medica\/2689"},"author":{"name":"fw2","@id":"https:\/\/lappis.org.br\/site\/#\/schema\/person\/3852381d08284b5e2716b20bd89bdbcf"},"headline":"Congresso da Associa\u00e7\u00e3o Brasileira de Educa\u00e7\u00e3o M\u00e9dica","datePublished":"2008-10-24T05:00:00+00:00","mainEntityOfPage":{"@id":"https:\/\/lappis.org.br\/site\/congresso-da-associacao-brasileira-de-educacao-medica\/2689"},"wordCount":748,"commentCount":0,"publisher":{"@id":"https:\/\/lappis.org.br\/site\/#organization"},"image":{"@id":"https:\/\/lappis.org.br\/site\/congresso-da-associacao-brasileira-de-educacao-medica\/2689#primaryimage"},"thumbnailUrl":"https:\/\/lappis.org.br\/site\/wp-content\/uploads\/2008\/10\/mat_46cobem2.JPG","articleSection":["Not\u00edcia"],"inLanguage":"pt-BR","potentialAction":[{"@type":"CommentAction","name":"Comment","target":["https:\/\/lappis.org.br\/site\/congresso-da-associacao-brasileira-de-educacao-medica\/2689#respond"]}]},{"@type":"WebPage","@id":"https:\/\/lappis.org.br\/site\/congresso-da-associacao-brasileira-de-educacao-medica\/2689","url":"https:\/\/lappis.org.br\/site\/congresso-da-associacao-brasileira-de-educacao-medica\/2689","name":"Congresso da Associa\u00e7\u00e3o Brasileira de Educa\u00e7\u00e3o M\u00e9dica - Lappis 25 anos","isPartOf":{"@id":"https:\/\/lappis.org.br\/site\/#website"},"primaryImageOfPage":{"@id":"https:\/\/lappis.org.br\/site\/congresso-da-associacao-brasileira-de-educacao-medica\/2689#primaryimage"},"image":{"@id":"https:\/\/lappis.org.br\/site\/congresso-da-associacao-brasileira-de-educacao-medica\/2689#primaryimage"},"thumbnailUrl":"https:\/\/lappis.org.br\/site\/wp-content\/uploads\/2008\/10\/mat_46cobem2.JPG","datePublished":"2008-10-24T05:00:00+00:00","breadcrumb":{"@id":"https:\/\/lappis.org.br\/site\/congresso-da-associacao-brasileira-de-educacao-medica\/2689#breadcrumb"},"inLanguage":"pt-BR","potentialAction":[{"@type":"ReadAction","target":["https:\/\/lappis.org.br\/site\/congresso-da-associacao-brasileira-de-educacao-medica\/2689"]}]},{"@type":"ImageObject","inLanguage":"pt-BR","@id":"https:\/\/lappis.org.br\/site\/congresso-da-associacao-brasileira-de-educacao-medica\/2689#primaryimage","url":"https:\/\/lappis.org.br\/site\/wp-content\/uploads\/2008\/10\/mat_46cobem2.JPG","contentUrl":"https:\/\/lappis.org.br\/site\/wp-content\/uploads\/2008\/10\/mat_46cobem2.JPG","width":448,"height":336,"caption":"alt"},{"@type":"BreadcrumbList","@id":"https:\/\/lappis.org.br\/site\/congresso-da-associacao-brasileira-de-educacao-medica\/2689#breadcrumb","itemListElement":[{"@type":"ListItem","position":1,"name":"In\u00edcio","item":"https:\/\/lappis.org.br\/site\/"},{"@type":"ListItem","position":2,"name":"Congresso da Associa\u00e7\u00e3o Brasileira de Educa\u00e7\u00e3o M\u00e9dica"}]},{"@type":"WebSite","@id":"https:\/\/lappis.org.br\/site\/#website","url":"https:\/\/lappis.org.br\/site\/","name":"Lappis 25 anos","description":"Labotat\u00f3rio de Pesquisas sobre Pr\u00e1ticas de Integralidade em Sa\u00fade","publisher":{"@id":"https:\/\/lappis.org.br\/site\/#organization"},"potentialAction":[{"@type":"SearchAction","target":{"@type":"EntryPoint","urlTemplate":"https:\/\/lappis.org.br\/site\/?s={search_term_string}"},"query-input":{"@type":"PropertyValueSpecification","valueRequired":true,"valueName":"search_term_string"}}],"inLanguage":"pt-BR"},{"@type":"Organization","@id":"https:\/\/lappis.org.br\/site\/#organization","name":"Lappis 25 anos","url":"https:\/\/lappis.org.br\/site\/","logo":{"@type":"ImageObject","inLanguage":"pt-BR","@id":"https:\/\/lappis.org.br\/site\/#\/schema\/logo\/image\/","url":"https:\/\/lappis.org.br\/site\/wp-content\/uploads\/2025\/03\/logo-lappis25anos.png","contentUrl":"https:\/\/lappis.org.br\/site\/wp-content\/uploads\/2025\/03\/logo-lappis25anos.png","width":388,"height":146,"caption":"Lappis 25 anos"},"image":{"@id":"https:\/\/lappis.org.br\/site\/#\/schema\/logo\/image\/"}},{"@type":"Person","@id":"https:\/\/lappis.org.br\/site\/#\/schema\/person\/3852381d08284b5e2716b20bd89bdbcf","name":"fw2","image":{"@type":"ImageObject","inLanguage":"pt-BR","@id":"https:\/\/lappis.org.br\/site\/#\/schema\/person\/image\/","url":"https:\/\/secure.gravatar.com\/avatar\/c38472c0cdbde82d9b6fcc26adb3779d?s=96&d=mm&r=g","contentUrl":"https:\/\/secure.gravatar.com\/avatar\/c38472c0cdbde82d9b6fcc26adb3779d?s=96&d=mm&r=g","caption":"fw2"},"url":"https:\/\/lappis.org.br\/site\/author\/fw2"}]}},"jetpack_featured_media_url":"https:\/\/lappis.org.br\/site\/wp-content\/uploads\/2008\/10\/mat_46cobem2.JPG","jetpack_shortlink":"https:\/\/wp.me\/p954Nh-Hn","jetpack_sharing_enabled":true,"_links":{"self":[{"href":"https:\/\/lappis.org.br\/site\/wp-json\/wp\/v2\/posts\/2689"}],"collection":[{"href":"https:\/\/lappis.org.br\/site\/wp-json\/wp\/v2\/posts"}],"about":[{"href":"https:\/\/lappis.org.br\/site\/wp-json\/wp\/v2\/types\/post"}],"author":[{"embeddable":true,"href":"https:\/\/lappis.org.br\/site\/wp-json\/wp\/v2\/users\/1"}],"replies":[{"embeddable":true,"href":"https:\/\/lappis.org.br\/site\/wp-json\/wp\/v2\/comments?post=2689"}],"version-history":[{"count":0,"href":"https:\/\/lappis.org.br\/site\/wp-json\/wp\/v2\/posts\/2689\/revisions"}],"wp:featuredmedia":[{"embeddable":true,"href":"https:\/\/lappis.org.br\/site\/wp-json\/wp\/v2\/media\/2687"}],"wp:attachment":[{"href":"https:\/\/lappis.org.br\/site\/wp-json\/wp\/v2\/media?parent=2689"}],"wp:term":[{"taxonomy":"category","embeddable":true,"href":"https:\/\/lappis.org.br\/site\/wp-json\/wp\/v2\/categories?post=2689"},{"taxonomy":"post_tag","embeddable":true,"href":"https:\/\/lappis.org.br\/site\/wp-json\/wp\/v2\/tags?post=2689"}],"curies":[{"name":"wp","href":"https:\/\/api.w.org\/{rel}","templated":true}]}}