{"id":2683,"date":"2008-10-24T03:00:00","date_gmt":"2008-10-24T05:00:00","guid":{"rendered":"http:\/\/lappis.org.br\/site\/2008\/10\/24\/crics-brasil-rj-8o-congresso-regional-de-informacao-em-ciencia-da-saude-recebe-reuniao-das-bibliotecas-virtuais-em-saude\/"},"modified":"2008-10-24T03:00:00","modified_gmt":"2008-10-24T05:00:00","slug":"crics-brasil-rj-8o-congresso-regional-de-informacao-em-ciencia-da-saude-recebe-reuniao-das-bibliotecas-virtuais-em-saude","status":"publish","type":"post","link":"https:\/\/lappis.org.br\/site\/crics-brasil-rj-8o-congresso-regional-de-informacao-em-ciencia-da-saude-recebe-reuniao-das-bibliotecas-virtuais-em-saude\/2683","title":{"rendered":"CRICS \u2013 Brasil \u2013RJ -= 8\u00ba Congresso Regional de Informa\u00e7\u00e3o em Ci\u00eancia da Sa\u00fade recebe reuni\u00e3o das Bibliotecas Virtuais em Sa\u00fade."},"content":{"rendered":"<p><img fetchpriority=\"high\" decoding=\"async\" data-attachment-id=\"2682\" data-permalink=\"https:\/\/lappis.org.br\/site\/crics-brasil-rj-8o-congresso-regional-de-informacao-em-ciencia-da-saude-recebe-reuniao-das-bibliotecas-virtuais-em-saude\/2683\/attachment-alt-492\" data-orig-file=\"https:\/\/lappis.org.br\/site\/wp-content\/uploads\/2008\/10\/crics.jpg\" data-orig-size=\"444,350\" data-comments-opened=\"1\" data-image-meta=\"{&quot;aperture&quot;:&quot;0&quot;,&quot;credit&quot;:&quot;&quot;,&quot;camera&quot;:&quot;&quot;,&quot;caption&quot;:&quot;&quot;,&quot;created_timestamp&quot;:&quot;0&quot;,&quot;copyright&quot;:&quot;&quot;,&quot;focal_length&quot;:&quot;0&quot;,&quot;iso&quot;:&quot;0&quot;,&quot;shutter_speed&quot;:&quot;0&quot;,&quot;title&quot;:&quot;&quot;,&quot;orientation&quot;:&quot;0&quot;}\" data-image-title=\"alt\" data-image-description=\"\" data-image-caption=\"\" data-medium-file=\"https:\/\/lappis.org.br\/site\/wp-content\/uploads\/2008\/10\/crics-300x236.jpg\" data-large-file=\"https:\/\/lappis.org.br\/site\/wp-content\/uploads\/2008\/10\/crics.jpg\" class=\" alignleft size-full wp-image-2682\" alt=\"alt\" src=\"http:\/\/lappis.org.br\/site\/wp-content\/uploads\/2008\/10\/crics.jpg\" style=\"margin: 5px; float: left;\" width=\"444\" height=\"350\" srcset=\"https:\/\/lappis.org.br\/site\/wp-content\/uploads\/2008\/10\/crics.jpg 444w, https:\/\/lappis.org.br\/site\/wp-content\/uploads\/2008\/10\/crics-300x236.jpg 300w\" sizes=\"(max-width: 444px) 100vw, 444px\" \/>A Funda\u00e7\u00e3o Oswaldo Cruz (FIOCRUZ) em parceria com o Centro Latino Americano e do Caribe de Informa\u00e7\u00e3o em Ci\u00eancias da Sa\u00fade (CRICS8) realizou entre os dias 14 e 19 de Setembro o 8\u00ba Congresso Regional de Ci\u00eancia da Informa\u00e7\u00e3o da Sa\u00fade. Com a participa\u00e7\u00e3o de produtores de informa\u00e7\u00e3o e comunica\u00e7\u00e3o, al\u00e9m de intermedi\u00e1rios e usu\u00e1rios do Brasil, Am\u00e9rica Latina e Caribe o evento buscou evidenciar a reflex\u00e3o dos pesquisadores a respeito dos avan\u00e7os e desafios por que passam os pa\u00edses em desenvolvimento. O evento abrangeu os campos de informa\u00e7\u00e3o, gest\u00e3o do conhecimento e pesquisa em evid\u00eancias, comunica\u00e7\u00e3o cient\u00edfica, biblioteconomia, ci\u00eancia da informa\u00e7\u00e3o, metodologias e tecnologias de informa\u00e7\u00e3o e suas aplica\u00e7\u00f5es para o desenvolvimento da pesquisa, al\u00e9m de abordar temas como educa\u00e7\u00e3o e sistemas de aten\u00e7\u00e3o \u00e0 sa\u00fade.<br \/>   Dentre as atividades realizadas no CRICS8, que este ano priorizou a tem\u00e1tica Informa\u00e7\u00e3o e conhecimento cient\u00edfico para a inova\u00e7\u00e3o em sa\u00fade, ocorreram reuni\u00f5es da BVS (Biblioteca Virtual em Sa\u00fade), SciELO (Biblioteca Eletr\u00f4nica Cient\u00edfica on-line), Rede Internacional de Fontes de Informa\u00e7\u00e3o e Conhecimento para Gest\u00e3o de Ci\u00eancia, Tecnologia e Inova\u00e7\u00e3o (ScientTI), Campus Virtual de Sa\u00fade P\u00fablica (CVSP), da Biblioteca Global de Sa\u00fade (GHL) e da rede ePORTUGUESe.<br \/> \u00a0<br \/> Com o intuito de aperfei\u00e7oar as discuss\u00f5es propostas, foram realizadas mesas de discuss\u00e3o com os mais variados assuntos ligados \u00e0 informa\u00e7\u00e3o em Ci\u00eancia da Sa\u00fade. Deste modo, merece destaque o debate &ldquo;A iniciativa BVS na Fiocruz: Em prol da qualidade e confiabilidade da informa\u00e7\u00e3o em C&#038;T em sa\u00fade&rdquo;, realizada no dia 15 de Setembro que contou com a participa\u00e7\u00e3o da sanitarista Roseni Pinheiro e da Dra. Cec\u00edlia Minayo, dentre outros pesquisadores. Com os temas Doen\u00e7as Infecciosas e Parasit\u00e1rias, Aleitamento Materno, Integralidade, Educa\u00e7\u00e3o Profissional e Viol\u00eancia na Sa\u00fade estes debates abriram espa\u00e7o para novas e fecundas id\u00e9ias.<br \/> \u00a0<br \/> Para a Diretora da Rede Sirius de Bibliotecas da UERJ Regina Tinocco, que participou como palestrante do debate &ldquo;Redes de Coopera\u00e7\u00e3o T\u00e9cnica &ndash; Trabalhando em Rede: participa\u00e7\u00e3o colaborativa na constru\u00e7\u00e3o de fontes de refer\u00eancia &ndash; debilidades e fortalezas&rdquo;, as discuss\u00f5es levantadas s\u00e3o de extrema import\u00e2ncia no sentido de potencializar as discuss\u00f5es e agregar as id\u00e9ias propostas por cada participante: &ldquo;O debate \u00e9 v\u00e1lido para que possamos discutir os problemas e os avan\u00e7os das experi\u00eancias vivenciadas por cada pesquisador.&rdquo; Afirma a diretora, que reitera tamb\u00e9m, a import\u00e2ncia do surgimento da Biblioteca Virtual para as pesquisas sobre pr\u00e1ticas e Integralidade: &ldquo;A BVS Integralidade surgiu com o objetivo de garantir o acesso \u00e0 informa\u00e7\u00e3o de forma r\u00e1pida e precisa, atrav\u00e9s da sele\u00e7\u00e3o, organiza\u00e7\u00e3o e dissemina\u00e7\u00e3o da informa\u00e7\u00e3o em um espa\u00e7o virtual especializado em Integralidade em Sa\u00fade. Iniciativa que assegura ao pesquisador o acesso eficiente e online aos produtos e servi\u00e7os de qualidade disponibilizados na Internet. O instrumento busca contribuir para o avan\u00e7o da pesquisa cient\u00edfica no Brasil e na Am\u00e9rica Latina&rdquo;, completa.<br \/> \u00a0<br \/> Ao final do debate &ldquo;A iniciativa BVS na Fiocruz: Em prol da qualidade e confiabilidade da informa\u00e7\u00e3o em C&#038;T em sa\u00fade&rdquo;, houve ainda o lan\u00e7amento da Biblioteca Virtual em Sa\u00fade &ldquo;Inocuidade de Alimentos&rdquo; (Panaftosa\/ OPS).<\/p>\n","protected":false},"excerpt":{"rendered":"<div class=\"mh-excerpt\"><p><img decoding=\"async\" class=\" alignleft size-full wp-image-2682\" alt=\"alt\" src=\"http:\/\/lappis.org.br\/site\/wp-content\/uploads\/2008\/10\/crics.jpg\" style=\"margin: 5px; float: left;\" width=\"444\" height=\"350\" srcset=\"https:\/\/lappis.org.br\/site\/wp-content\/uploads\/2008\/10\/crics.jpg 444w, https:\/\/lappis.org.br\/site\/wp-content\/uploads\/2008\/10\/crics-300x236.jpg 300w\" sizes=\"(max-width: 444px) 100vw, 444px\" \/>A Funda\u00e7\u00e3o Oswaldo Cruz (FIOCRUZ) em parceria com o Centro Latino Americano e do Caribe de Informa\u00e7\u00e3o em Ci\u00eancias da Sa\u00fade (CRICS8) realizou entre os dias 14 e 19 de Setembro o 8\u00ba Congresso Regional de Ci\u00eancia da Informa\u00e7\u00e3o da Sa\u00fade. Com a participa\u00e7\u00e3o de produtores de informa\u00e7\u00e3o e comunica\u00e7\u00e3o, al\u00e9m de intermedi\u00e1rios e usu\u00e1rios do Brasil, Am\u00e9rica Latina e Caribe o evento buscou evidenciar a reflex\u00e3o dos pesquisadores a respeito dos avan\u00e7os e desafios por que passam os pa\u00edses em desenvolvimento. O evento abrangeu os campos de informa\u00e7\u00e3o, gest\u00e3o do conhecimento e pesquisa em evid\u00eancias, comunica\u00e7\u00e3o cient\u00edfica, biblioteconomia, ci\u00eancia da informa\u00e7\u00e3o, metodologias e tecnologias de informa\u00e7\u00e3o e suas aplica\u00e7\u00f5es para o desenvolvimento da pesquisa, al\u00e9m de abordar temas como educa\u00e7\u00e3o e sistemas de aten\u00e7\u00e3o \u00e0 sa\u00fade.<br \/>  <a class=\"mh-excerpt-more\" href=\"https:\/\/lappis.org.br\/site\/crics-brasil-rj-8o-congresso-regional-de-informacao-em-ciencia-da-saude-recebe-reuniao-das-bibliotecas-virtuais-em-saude\/2683\" title=\"CRICS \u2013 Brasil \u2013RJ -= 8\u00ba Congresso Regional de Informa\u00e7\u00e3o em Ci\u00eancia da Sa\u00fade recebe reuni\u00e3o das Bibliotecas Virtuais em Sa\u00fade.\">[&#8230;]<\/a><\/p>\n<\/div>","protected":false},"author":1,"featured_media":2681,"comment_status":"open","ping_status":"open","sticky":false,"template":"","format":"standard","meta":{"_acf_changed":false,"_exactmetrics_skip_tracking":false,"_exactmetrics_sitenote_active":false,"_exactmetrics_sitenote_note":"","_exactmetrics_sitenote_category":0,"jetpack_post_was_ever_published":false,"_jetpack_newsletter_access":"","_jetpack_dont_email_post_to_subs":false,"_jetpack_newsletter_tier_id":0,"_jetpack_memberships_contains_paywalled_content":false,"_jetpack_memberships_contains_paid_content":false,"footnotes":"","jetpack_publicize_message":"","jetpack_publicize_feature_enabled":true,"jetpack_social_post_already_shared":false,"jetpack_social_options":{"image_generator_settings":{"template":"highway","enabled":false},"version":2}},"categories":[8],"tags":[],"class_list":{"0":"post-2683","1":"post","2":"type-post","3":"status-publish","4":"format-standard","5":"has-post-thumbnail","7":"category-noticia"},"jetpack_publicize_connections":[],"acf":[],"yoast_head":"<!-- This site is optimized with the Yoast SEO plugin v25.2 - https:\/\/yoast.com\/wordpress\/plugins\/seo\/ -->\n<title>CRICS \u2013 Brasil \u2013RJ -= 8\u00ba Congresso Regional de Informa\u00e7\u00e3o em Ci\u00eancia da Sa\u00fade recebe reuni\u00e3o das Bibliotecas Virtuais em Sa\u00fade. - Lappis 25 anos<\/title>\n<meta name=\"robots\" content=\"index, follow, max-snippet:-1, max-image-preview:large, max-video-preview:-1\" \/>\n<link rel=\"canonical\" href=\"https:\/\/lappis.org.br\/site\/crics-brasil-rj-8o-congresso-regional-de-informacao-em-ciencia-da-saude-recebe-reuniao-das-bibliotecas-virtuais-em-saude\/2683\" \/>\n<meta property=\"og:locale\" content=\"pt_BR\" \/>\n<meta property=\"og:type\" content=\"article\" \/>\n<meta property=\"og:title\" content=\"CRICS \u2013 Brasil \u2013RJ -= 8\u00ba Congresso Regional de Informa\u00e7\u00e3o em Ci\u00eancia da Sa\u00fade recebe reuni\u00e3o das Bibliotecas Virtuais em Sa\u00fade. - Lappis 25 anos\" \/>\n<meta property=\"og:description\" content=\"A Funda\u00e7\u00e3o Oswaldo Cruz (FIOCRUZ) em parceria com o Centro Latino Americano e do Caribe de Informa\u00e7\u00e3o em Ci\u00eancias da Sa\u00fade (CRICS8) realizou entre os dias 14 e 19 de Setembro o 8\u00ba Congresso Regional de Ci\u00eancia da Informa\u00e7\u00e3o da Sa\u00fade. Com a participa\u00e7\u00e3o de produtores de informa\u00e7\u00e3o e comunica\u00e7\u00e3o, al\u00e9m de intermedi\u00e1rios e usu\u00e1rios do Brasil, Am\u00e9rica Latina e Caribe o evento buscou evidenciar a reflex\u00e3o dos pesquisadores a respeito dos avan\u00e7os e desafios por que passam os pa\u00edses em desenvolvimento. O evento abrangeu os campos de informa\u00e7\u00e3o, gest\u00e3o do conhecimento e pesquisa em evid\u00eancias, comunica\u00e7\u00e3o cient\u00edfica, biblioteconomia, ci\u00eancia da informa\u00e7\u00e3o, metodologias e tecnologias de informa\u00e7\u00e3o e suas aplica\u00e7\u00f5es para o desenvolvimento da pesquisa, al\u00e9m de abordar temas como educa\u00e7\u00e3o e sistemas de aten\u00e7\u00e3o \u00e0 sa\u00fade. [...]\" \/>\n<meta property=\"og:url\" content=\"https:\/\/lappis.org.br\/site\/crics-brasil-rj-8o-congresso-regional-de-informacao-em-ciencia-da-saude-recebe-reuniao-das-bibliotecas-virtuais-em-saude\/2683\" \/>\n<meta property=\"og:site_name\" content=\"Lappis 25 anos\" \/>\n<meta property=\"article:published_time\" content=\"2008-10-24T05:00:00+00:00\" \/>\n<meta property=\"og:image\" content=\"https:\/\/lappis.org.br\/site\/wp-content\/uploads\/2008\/10\/crics.jpg\" \/>\n\t<meta property=\"og:image:width\" content=\"444\" \/>\n\t<meta property=\"og:image:height\" content=\"350\" \/>\n\t<meta property=\"og:image:type\" content=\"image\/jpeg\" \/>\n<meta name=\"author\" content=\"fw2\" \/>\n<meta name=\"twitter:card\" content=\"summary_large_image\" \/>\n<meta name=\"twitter:label1\" content=\"Escrito por\" \/>\n\t<meta name=\"twitter:data1\" content=\"fw2\" \/>\n\t<meta name=\"twitter:label2\" content=\"Est. tempo de leitura\" \/>\n\t<meta name=\"twitter:data2\" content=\"3 minutos\" \/>\n<script type=\"application\/ld+json\" class=\"yoast-schema-graph\">{\"@context\":\"https:\/\/schema.org\",\"@graph\":[{\"@type\":\"Article\",\"@id\":\"https:\/\/lappis.org.br\/site\/crics-brasil-rj-8o-congresso-regional-de-informacao-em-ciencia-da-saude-recebe-reuniao-das-bibliotecas-virtuais-em-saude\/2683#article\",\"isPartOf\":{\"@id\":\"https:\/\/lappis.org.br\/site\/crics-brasil-rj-8o-congresso-regional-de-informacao-em-ciencia-da-saude-recebe-reuniao-das-bibliotecas-virtuais-em-saude\/2683\"},\"author\":{\"name\":\"fw2\",\"@id\":\"https:\/\/lappis.org.br\/site\/#\/schema\/person\/3852381d08284b5e2716b20bd89bdbcf\"},\"headline\":\"CRICS \u2013 Brasil \u2013RJ -= 8\u00ba Congresso Regional de Informa\u00e7\u00e3o em Ci\u00eancia da Sa\u00fade recebe reuni\u00e3o das Bibliotecas Virtuais em Sa\u00fade.\",\"datePublished\":\"2008-10-24T05:00:00+00:00\",\"mainEntityOfPage\":{\"@id\":\"https:\/\/lappis.org.br\/site\/crics-brasil-rj-8o-congresso-regional-de-informacao-em-ciencia-da-saude-recebe-reuniao-das-bibliotecas-virtuais-em-saude\/2683\"},\"wordCount\":619,\"commentCount\":0,\"publisher\":{\"@id\":\"https:\/\/lappis.org.br\/site\/#organization\"},\"image\":{\"@id\":\"https:\/\/lappis.org.br\/site\/crics-brasil-rj-8o-congresso-regional-de-informacao-em-ciencia-da-saude-recebe-reuniao-das-bibliotecas-virtuais-em-saude\/2683#primaryimage\"},\"thumbnailUrl\":\"https:\/\/lappis.org.br\/site\/wp-content\/uploads\/2008\/10\/crics.jpg\",\"articleSection\":[\"Not\u00edcia\"],\"inLanguage\":\"pt-BR\",\"potentialAction\":[{\"@type\":\"CommentAction\",\"name\":\"Comment\",\"target\":[\"https:\/\/lappis.org.br\/site\/crics-brasil-rj-8o-congresso-regional-de-informacao-em-ciencia-da-saude-recebe-reuniao-das-bibliotecas-virtuais-em-saude\/2683#respond\"]}]},{\"@type\":\"WebPage\",\"@id\":\"https:\/\/lappis.org.br\/site\/crics-brasil-rj-8o-congresso-regional-de-informacao-em-ciencia-da-saude-recebe-reuniao-das-bibliotecas-virtuais-em-saude\/2683\",\"url\":\"https:\/\/lappis.org.br\/site\/crics-brasil-rj-8o-congresso-regional-de-informacao-em-ciencia-da-saude-recebe-reuniao-das-bibliotecas-virtuais-em-saude\/2683\",\"name\":\"CRICS \u2013 Brasil \u2013RJ -= 8\u00ba Congresso Regional de Informa\u00e7\u00e3o em Ci\u00eancia da Sa\u00fade recebe reuni\u00e3o das Bibliotecas Virtuais em Sa\u00fade. - Lappis 25 anos\",\"isPartOf\":{\"@id\":\"https:\/\/lappis.org.br\/site\/#website\"},\"primaryImageOfPage\":{\"@id\":\"https:\/\/lappis.org.br\/site\/crics-brasil-rj-8o-congresso-regional-de-informacao-em-ciencia-da-saude-recebe-reuniao-das-bibliotecas-virtuais-em-saude\/2683#primaryimage\"},\"image\":{\"@id\":\"https:\/\/lappis.org.br\/site\/crics-brasil-rj-8o-congresso-regional-de-informacao-em-ciencia-da-saude-recebe-reuniao-das-bibliotecas-virtuais-em-saude\/2683#primaryimage\"},\"thumbnailUrl\":\"https:\/\/lappis.org.br\/site\/wp-content\/uploads\/2008\/10\/crics.jpg\",\"datePublished\":\"2008-10-24T05:00:00+00:00\",\"breadcrumb\":{\"@id\":\"https:\/\/lappis.org.br\/site\/crics-brasil-rj-8o-congresso-regional-de-informacao-em-ciencia-da-saude-recebe-reuniao-das-bibliotecas-virtuais-em-saude\/2683#breadcrumb\"},\"inLanguage\":\"pt-BR\",\"potentialAction\":[{\"@type\":\"ReadAction\",\"target\":[\"https:\/\/lappis.org.br\/site\/crics-brasil-rj-8o-congresso-regional-de-informacao-em-ciencia-da-saude-recebe-reuniao-das-bibliotecas-virtuais-em-saude\/2683\"]}]},{\"@type\":\"ImageObject\",\"inLanguage\":\"pt-BR\",\"@id\":\"https:\/\/lappis.org.br\/site\/crics-brasil-rj-8o-congresso-regional-de-informacao-em-ciencia-da-saude-recebe-reuniao-das-bibliotecas-virtuais-em-saude\/2683#primaryimage\",\"url\":\"https:\/\/lappis.org.br\/site\/wp-content\/uploads\/2008\/10\/crics.jpg\",\"contentUrl\":\"https:\/\/lappis.org.br\/site\/wp-content\/uploads\/2008\/10\/crics.jpg\",\"width\":444,\"height\":350,\"caption\":\"alt\"},{\"@type\":\"BreadcrumbList\",\"@id\":\"https:\/\/lappis.org.br\/site\/crics-brasil-rj-8o-congresso-regional-de-informacao-em-ciencia-da-saude-recebe-reuniao-das-bibliotecas-virtuais-em-saude\/2683#breadcrumb\",\"itemListElement\":[{\"@type\":\"ListItem\",\"position\":1,\"name\":\"In\u00edcio\",\"item\":\"https:\/\/lappis.org.br\/site\/\"},{\"@type\":\"ListItem\",\"position\":2,\"name\":\"CRICS \u2013 Brasil \u2013RJ -= 8\u00ba Congresso Regional de Informa\u00e7\u00e3o em Ci\u00eancia da Sa\u00fade recebe reuni\u00e3o das Bibliotecas Virtuais em Sa\u00fade.\"}]},{\"@type\":\"WebSite\",\"@id\":\"https:\/\/lappis.org.br\/site\/#website\",\"url\":\"https:\/\/lappis.org.br\/site\/\",\"name\":\"Lappis 25 anos\",\"description\":\"Labotat\u00f3rio de Pesquisas sobre Pr\u00e1ticas de Integralidade em Sa\u00fade\",\"publisher\":{\"@id\":\"https:\/\/lappis.org.br\/site\/#organization\"},\"potentialAction\":[{\"@type\":\"SearchAction\",\"target\":{\"@type\":\"EntryPoint\",\"urlTemplate\":\"https:\/\/lappis.org.br\/site\/?s={search_term_string}\"},\"query-input\":{\"@type\":\"PropertyValueSpecification\",\"valueRequired\":true,\"valueName\":\"search_term_string\"}}],\"inLanguage\":\"pt-BR\"},{\"@type\":\"Organization\",\"@id\":\"https:\/\/lappis.org.br\/site\/#organization\",\"name\":\"Lappis 25 anos\",\"url\":\"https:\/\/lappis.org.br\/site\/\",\"logo\":{\"@type\":\"ImageObject\",\"inLanguage\":\"pt-BR\",\"@id\":\"https:\/\/lappis.org.br\/site\/#\/schema\/logo\/image\/\",\"url\":\"https:\/\/lappis.org.br\/site\/wp-content\/uploads\/2025\/03\/logo-lappis25anos.png\",\"contentUrl\":\"https:\/\/lappis.org.br\/site\/wp-content\/uploads\/2025\/03\/logo-lappis25anos.png\",\"width\":388,\"height\":146,\"caption\":\"Lappis 25 anos\"},\"image\":{\"@id\":\"https:\/\/lappis.org.br\/site\/#\/schema\/logo\/image\/\"}},{\"@type\":\"Person\",\"@id\":\"https:\/\/lappis.org.br\/site\/#\/schema\/person\/3852381d08284b5e2716b20bd89bdbcf\",\"name\":\"fw2\",\"image\":{\"@type\":\"ImageObject\",\"inLanguage\":\"pt-BR\",\"@id\":\"https:\/\/lappis.org.br\/site\/#\/schema\/person\/image\/\",\"url\":\"https:\/\/secure.gravatar.com\/avatar\/c38472c0cdbde82d9b6fcc26adb3779d?s=96&d=mm&r=g\",\"contentUrl\":\"https:\/\/secure.gravatar.com\/avatar\/c38472c0cdbde82d9b6fcc26adb3779d?s=96&d=mm&r=g\",\"caption\":\"fw2\"},\"url\":\"https:\/\/lappis.org.br\/site\/author\/fw2\"}]}<\/script>\n<!-- \/ Yoast SEO plugin. -->","yoast_head_json":{"title":"CRICS \u2013 Brasil \u2013RJ -= 8\u00ba Congresso Regional de Informa\u00e7\u00e3o em Ci\u00eancia da Sa\u00fade recebe reuni\u00e3o das Bibliotecas Virtuais em Sa\u00fade. - Lappis 25 anos","robots":{"index":"index","follow":"follow","max-snippet":"max-snippet:-1","max-image-preview":"max-image-preview:large","max-video-preview":"max-video-preview:-1"},"canonical":"https:\/\/lappis.org.br\/site\/crics-brasil-rj-8o-congresso-regional-de-informacao-em-ciencia-da-saude-recebe-reuniao-das-bibliotecas-virtuais-em-saude\/2683","og_locale":"pt_BR","og_type":"article","og_title":"CRICS \u2013 Brasil \u2013RJ -= 8\u00ba Congresso Regional de Informa\u00e7\u00e3o em Ci\u00eancia da Sa\u00fade recebe reuni\u00e3o das Bibliotecas Virtuais em Sa\u00fade. - Lappis 25 anos","og_description":"A Funda\u00e7\u00e3o Oswaldo Cruz (FIOCRUZ) em parceria com o Centro Latino Americano e do Caribe de Informa\u00e7\u00e3o em Ci\u00eancias da Sa\u00fade (CRICS8) realizou entre os dias 14 e 19 de Setembro o 8\u00ba Congresso Regional de Ci\u00eancia da Informa\u00e7\u00e3o da Sa\u00fade. Com a participa\u00e7\u00e3o de produtores de informa\u00e7\u00e3o e comunica\u00e7\u00e3o, al\u00e9m de intermedi\u00e1rios e usu\u00e1rios do Brasil, Am\u00e9rica Latina e Caribe o evento buscou evidenciar a reflex\u00e3o dos pesquisadores a respeito dos avan\u00e7os e desafios por que passam os pa\u00edses em desenvolvimento. O evento abrangeu os campos de informa\u00e7\u00e3o, gest\u00e3o do conhecimento e pesquisa em evid\u00eancias, comunica\u00e7\u00e3o cient\u00edfica, biblioteconomia, ci\u00eancia da informa\u00e7\u00e3o, metodologias e tecnologias de informa\u00e7\u00e3o e suas aplica\u00e7\u00f5es para o desenvolvimento da pesquisa, al\u00e9m de abordar temas como educa\u00e7\u00e3o e sistemas de aten\u00e7\u00e3o \u00e0 sa\u00fade. [...]","og_url":"https:\/\/lappis.org.br\/site\/crics-brasil-rj-8o-congresso-regional-de-informacao-em-ciencia-da-saude-recebe-reuniao-das-bibliotecas-virtuais-em-saude\/2683","og_site_name":"Lappis 25 anos","article_published_time":"2008-10-24T05:00:00+00:00","og_image":[{"width":444,"height":350,"url":"https:\/\/lappis.org.br\/site\/wp-content\/uploads\/2008\/10\/crics.jpg","type":"image\/jpeg"}],"author":"fw2","twitter_card":"summary_large_image","twitter_misc":{"Escrito por":"fw2","Est. tempo de leitura":"3 minutos"},"schema":{"@context":"https:\/\/schema.org","@graph":[{"@type":"Article","@id":"https:\/\/lappis.org.br\/site\/crics-brasil-rj-8o-congresso-regional-de-informacao-em-ciencia-da-saude-recebe-reuniao-das-bibliotecas-virtuais-em-saude\/2683#article","isPartOf":{"@id":"https:\/\/lappis.org.br\/site\/crics-brasil-rj-8o-congresso-regional-de-informacao-em-ciencia-da-saude-recebe-reuniao-das-bibliotecas-virtuais-em-saude\/2683"},"author":{"name":"fw2","@id":"https:\/\/lappis.org.br\/site\/#\/schema\/person\/3852381d08284b5e2716b20bd89bdbcf"},"headline":"CRICS \u2013 Brasil \u2013RJ -= 8\u00ba Congresso Regional de Informa\u00e7\u00e3o em Ci\u00eancia da Sa\u00fade recebe reuni\u00e3o das Bibliotecas Virtuais em Sa\u00fade.","datePublished":"2008-10-24T05:00:00+00:00","mainEntityOfPage":{"@id":"https:\/\/lappis.org.br\/site\/crics-brasil-rj-8o-congresso-regional-de-informacao-em-ciencia-da-saude-recebe-reuniao-das-bibliotecas-virtuais-em-saude\/2683"},"wordCount":619,"commentCount":0,"publisher":{"@id":"https:\/\/lappis.org.br\/site\/#organization"},"image":{"@id":"https:\/\/lappis.org.br\/site\/crics-brasil-rj-8o-congresso-regional-de-informacao-em-ciencia-da-saude-recebe-reuniao-das-bibliotecas-virtuais-em-saude\/2683#primaryimage"},"thumbnailUrl":"https:\/\/lappis.org.br\/site\/wp-content\/uploads\/2008\/10\/crics.jpg","articleSection":["Not\u00edcia"],"inLanguage":"pt-BR","potentialAction":[{"@type":"CommentAction","name":"Comment","target":["https:\/\/lappis.org.br\/site\/crics-brasil-rj-8o-congresso-regional-de-informacao-em-ciencia-da-saude-recebe-reuniao-das-bibliotecas-virtuais-em-saude\/2683#respond"]}]},{"@type":"WebPage","@id":"https:\/\/lappis.org.br\/site\/crics-brasil-rj-8o-congresso-regional-de-informacao-em-ciencia-da-saude-recebe-reuniao-das-bibliotecas-virtuais-em-saude\/2683","url":"https:\/\/lappis.org.br\/site\/crics-brasil-rj-8o-congresso-regional-de-informacao-em-ciencia-da-saude-recebe-reuniao-das-bibliotecas-virtuais-em-saude\/2683","name":"CRICS \u2013 Brasil \u2013RJ -= 8\u00ba Congresso Regional de Informa\u00e7\u00e3o em Ci\u00eancia da Sa\u00fade recebe reuni\u00e3o das Bibliotecas Virtuais em Sa\u00fade. - Lappis 25 anos","isPartOf":{"@id":"https:\/\/lappis.org.br\/site\/#website"},"primaryImageOfPage":{"@id":"https:\/\/lappis.org.br\/site\/crics-brasil-rj-8o-congresso-regional-de-informacao-em-ciencia-da-saude-recebe-reuniao-das-bibliotecas-virtuais-em-saude\/2683#primaryimage"},"image":{"@id":"https:\/\/lappis.org.br\/site\/crics-brasil-rj-8o-congresso-regional-de-informacao-em-ciencia-da-saude-recebe-reuniao-das-bibliotecas-virtuais-em-saude\/2683#primaryimage"},"thumbnailUrl":"https:\/\/lappis.org.br\/site\/wp-content\/uploads\/2008\/10\/crics.jpg","datePublished":"2008-10-24T05:00:00+00:00","breadcrumb":{"@id":"https:\/\/lappis.org.br\/site\/crics-brasil-rj-8o-congresso-regional-de-informacao-em-ciencia-da-saude-recebe-reuniao-das-bibliotecas-virtuais-em-saude\/2683#breadcrumb"},"inLanguage":"pt-BR","potentialAction":[{"@type":"ReadAction","target":["https:\/\/lappis.org.br\/site\/crics-brasil-rj-8o-congresso-regional-de-informacao-em-ciencia-da-saude-recebe-reuniao-das-bibliotecas-virtuais-em-saude\/2683"]}]},{"@type":"ImageObject","inLanguage":"pt-BR","@id":"https:\/\/lappis.org.br\/site\/crics-brasil-rj-8o-congresso-regional-de-informacao-em-ciencia-da-saude-recebe-reuniao-das-bibliotecas-virtuais-em-saude\/2683#primaryimage","url":"https:\/\/lappis.org.br\/site\/wp-content\/uploads\/2008\/10\/crics.jpg","contentUrl":"https:\/\/lappis.org.br\/site\/wp-content\/uploads\/2008\/10\/crics.jpg","width":444,"height":350,"caption":"alt"},{"@type":"BreadcrumbList","@id":"https:\/\/lappis.org.br\/site\/crics-brasil-rj-8o-congresso-regional-de-informacao-em-ciencia-da-saude-recebe-reuniao-das-bibliotecas-virtuais-em-saude\/2683#breadcrumb","itemListElement":[{"@type":"ListItem","position":1,"name":"In\u00edcio","item":"https:\/\/lappis.org.br\/site\/"},{"@type":"ListItem","position":2,"name":"CRICS \u2013 Brasil \u2013RJ -= 8\u00ba Congresso Regional de Informa\u00e7\u00e3o em Ci\u00eancia da Sa\u00fade recebe reuni\u00e3o das Bibliotecas Virtuais em Sa\u00fade."}]},{"@type":"WebSite","@id":"https:\/\/lappis.org.br\/site\/#website","url":"https:\/\/lappis.org.br\/site\/","name":"Lappis 25 anos","description":"Labotat\u00f3rio de Pesquisas sobre Pr\u00e1ticas de Integralidade em Sa\u00fade","publisher":{"@id":"https:\/\/lappis.org.br\/site\/#organization"},"potentialAction":[{"@type":"SearchAction","target":{"@type":"EntryPoint","urlTemplate":"https:\/\/lappis.org.br\/site\/?s={search_term_string}"},"query-input":{"@type":"PropertyValueSpecification","valueRequired":true,"valueName":"search_term_string"}}],"inLanguage":"pt-BR"},{"@type":"Organization","@id":"https:\/\/lappis.org.br\/site\/#organization","name":"Lappis 25 anos","url":"https:\/\/lappis.org.br\/site\/","logo":{"@type":"ImageObject","inLanguage":"pt-BR","@id":"https:\/\/lappis.org.br\/site\/#\/schema\/logo\/image\/","url":"https:\/\/lappis.org.br\/site\/wp-content\/uploads\/2025\/03\/logo-lappis25anos.png","contentUrl":"https:\/\/lappis.org.br\/site\/wp-content\/uploads\/2025\/03\/logo-lappis25anos.png","width":388,"height":146,"caption":"Lappis 25 anos"},"image":{"@id":"https:\/\/lappis.org.br\/site\/#\/schema\/logo\/image\/"}},{"@type":"Person","@id":"https:\/\/lappis.org.br\/site\/#\/schema\/person\/3852381d08284b5e2716b20bd89bdbcf","name":"fw2","image":{"@type":"ImageObject","inLanguage":"pt-BR","@id":"https:\/\/lappis.org.br\/site\/#\/schema\/person\/image\/","url":"https:\/\/secure.gravatar.com\/avatar\/c38472c0cdbde82d9b6fcc26adb3779d?s=96&d=mm&r=g","contentUrl":"https:\/\/secure.gravatar.com\/avatar\/c38472c0cdbde82d9b6fcc26adb3779d?s=96&d=mm&r=g","caption":"fw2"},"url":"https:\/\/lappis.org.br\/site\/author\/fw2"}]}},"jetpack_featured_media_url":"https:\/\/lappis.org.br\/site\/wp-content\/uploads\/2008\/10\/crics.jpg","jetpack_shortlink":"https:\/\/wp.me\/p954Nh-Hh","jetpack_sharing_enabled":true,"_links":{"self":[{"href":"https:\/\/lappis.org.br\/site\/wp-json\/wp\/v2\/posts\/2683"}],"collection":[{"href":"https:\/\/lappis.org.br\/site\/wp-json\/wp\/v2\/posts"}],"about":[{"href":"https:\/\/lappis.org.br\/site\/wp-json\/wp\/v2\/types\/post"}],"author":[{"embeddable":true,"href":"https:\/\/lappis.org.br\/site\/wp-json\/wp\/v2\/users\/1"}],"replies":[{"embeddable":true,"href":"https:\/\/lappis.org.br\/site\/wp-json\/wp\/v2\/comments?post=2683"}],"version-history":[{"count":0,"href":"https:\/\/lappis.org.br\/site\/wp-json\/wp\/v2\/posts\/2683\/revisions"}],"wp:featuredmedia":[{"embeddable":true,"href":"https:\/\/lappis.org.br\/site\/wp-json\/wp\/v2\/media\/2681"}],"wp:attachment":[{"href":"https:\/\/lappis.org.br\/site\/wp-json\/wp\/v2\/media?parent=2683"}],"wp:term":[{"taxonomy":"category","embeddable":true,"href":"https:\/\/lappis.org.br\/site\/wp-json\/wp\/v2\/categories?post=2683"},{"taxonomy":"post_tag","embeddable":true,"href":"https:\/\/lappis.org.br\/site\/wp-json\/wp\/v2\/tags?post=2683"}],"curies":[{"name":"wp","href":"https:\/\/api.w.org\/{rel}","templated":true}]}}