{"id":2670,"date":"2008-09-11T03:00:00","date_gmt":"2008-09-11T06:00:00","guid":{"rendered":"http:\/\/lappis.org.br\/site\/2008\/09\/11\/o-outro-como-a-face-do-cuidado-e-possivel-manter-uma-relacao-de-si-com-o-outro-por-que-o-outro-e-nao-nos\/"},"modified":"2008-09-11T03:00:00","modified_gmt":"2008-09-11T06:00:00","slug":"o-outro-como-a-face-do-cuidado-e-possivel-manter-uma-relacao-de-si-com-o-outro-por-que-o-outro-e-nao-nos","status":"publish","type":"post","link":"https:\/\/lappis.org.br\/site\/o-outro-como-a-face-do-cuidado-e-possivel-manter-uma-relacao-de-si-com-o-outro-por-que-o-outro-e-nao-nos\/2670","title":{"rendered":"\u201cO Outro como a face do cuidado: \u00e9 poss\u00edvel manter uma rela\u00e7\u00e3o de si com o Outro?\u201d Por que o outro e n\u00e3o n\u00f3s?"},"content":{"rendered":"<p style=\"text-align: justify;\"> \tA mesa da manh\u00e3 desta quinta-feira (11\/09) com o tema \u201cO outro como face do cuidado: \u00e9 poss\u00edvel manter uma rela\u00e7\u00e3o de si com o outro?\u201d mediada pelos professores Jos\u00e9 Ricardo Ayres (Medicina-USP), Carlos Estellita-Lins (IFF-Fiocruz), Maria Elizabeth Barros de Barros (PPGPSI-UFES) e \u00a0Antonio Maia, (PUC e UERJ) coordenada pela professora Madel Therezinha Luz, teve como intuito agregar reflex\u00f5es no sentido de mostrar a quest\u00e3o do relacionamento do cuidado com o \u201coutro\u201d.<\/p>\n<p>   De acordo com o professor Carlos Estelita-Lins, que prop\u00f4s uma reflex\u00e3o a este respeito, \u00e9 preciso discutir a imagem do cuidado e a possibilidade da manuten\u00e7\u00e3o de uma rela\u00e7\u00e3o de si com o outro. <\/p>\n<p style=\"text-align: justify;\"> \t\u00a0<br \/> \tMaria Elisabeth Barros de Barros apresentou sua pesquisa \u201cDe amoladores de facas e cart\u00f3grafos: a atividade do cuidado\u201d e falou da import\u00e2ncia de recusar o mandato social e de expor uma no\u00e7\u00e3o de cuidado que anule a vida em sua pot\u00eancia expressiva. Ela ainda destacou a quest\u00e3o do trato como uma cl\u00ednica que envolve primordialmente a resist\u00eancia.<br \/> \t\u00a0<br \/> \tJ\u00e1 o pesquisador Jos\u00e9 Ricardo Ayres lembrou que a integralidade \u00e9 um princ\u00edpio de que n\u00e3o se deve abrir m\u00e3o. \u00a0Al\u00e9m disso, problematizou o t\u00edtulo da mesa: \u201cPor que os outros e n\u00e3o n\u00f3s?\u201d<br \/> \t\u00a0<br \/> \tPara finalizar, a professora Madel Luz, que coordenou a mesa, resumiu as id\u00e9ias dos expositores fazendo as seguintes perguntas: \u201cO que \u00e9 cuidar?\u201d \u201cQuem cuida do cuidado?\u201d Ela chamou aten\u00e7\u00e3o para o tema e destacou a importante rela\u00e7\u00e3o daquele que trata, em detrimento do que recebe os cuidados. Afinal, h\u00e1 somente o \u201coutro\u201d ou h\u00e1 um \u201cn\u00f3s\u201d que engloba os servi\u00e7os utilizados pelos usu\u00e1rios? Ela salientou tamb\u00e9m a import\u00e2ncia de se dialogar nestas duas vias.<\/p>\n","protected":false},"excerpt":{"rendered":"<div class=\"mh-excerpt\"><p style=\"text-align: justify;\"> \tA mesa da manh\u00e3 desta quinta-feira (11\/09) com o tema \u201cO outro como face do cuidado: \u00e9 poss\u00edvel manter uma rela\u00e7\u00e3o de si com o outro?\u201d mediada pelos professores Jos\u00e9 Ricardo Ayres (Medicina-USP), Carlos Estellita-Lins (IFF-Fiocruz), Maria Elizabeth Barros de Barros (PPGPSI-UFES) e \u00a0Antonio Maia, (PUC e UERJ) coordenada pela professora Madel Therezinha Luz, teve como intuito agregar reflex\u00f5es no sentido de mostrar a quest\u00e3o do relacionamento do cuidado com o \u201coutro\u201d.<\/p>\n<p>  <a class=\"mh-excerpt-more\" href=\"https:\/\/lappis.org.br\/site\/o-outro-como-a-face-do-cuidado-e-possivel-manter-uma-relacao-de-si-com-o-outro-por-que-o-outro-e-nao-nos\/2670\" title=\"\u201cO Outro como a face do cuidado: \u00e9 poss\u00edvel manter uma rela\u00e7\u00e3o de si com o Outro?\u201d Por que o outro e n\u00e3o n\u00f3s?\">[&#8230;]<\/a><\/p>\n<\/div>","protected":false},"author":1,"featured_media":0,"comment_status":"open","ping_status":"open","sticky":false,"template":"","format":"standard","meta":{"_acf_changed":false,"_exactmetrics_skip_tracking":false,"_exactmetrics_sitenote_active":false,"_exactmetrics_sitenote_note":"","_exactmetrics_sitenote_category":0,"jetpack_post_was_ever_published":false,"_jetpack_newsletter_access":"","_jetpack_dont_email_post_to_subs":false,"_jetpack_newsletter_tier_id":0,"_jetpack_memberships_contains_paywalled_content":false,"_jetpack_memberships_contains_paid_content":false,"footnotes":"","jetpack_publicize_message":"","jetpack_publicize_feature_enabled":true,"jetpack_social_post_already_shared":false,"jetpack_social_options":{"image_generator_settings":{"template":"highway","enabled":false},"version":2}},"categories":[8],"tags":[],"class_list":{"0":"post-2670","1":"post","2":"type-post","3":"status-publish","4":"format-standard","6":"category-noticia"},"jetpack_publicize_connections":[],"acf":[],"yoast_head":"<!-- This site is optimized with the Yoast SEO plugin v25.2 - https:\/\/yoast.com\/wordpress\/plugins\/seo\/ -->\n<title>\u201cO Outro como a face do cuidado: \u00e9 poss\u00edvel manter uma rela\u00e7\u00e3o de si com o Outro?\u201d Por que o outro e n\u00e3o n\u00f3s? - Lappis 25 anos<\/title>\n<meta name=\"robots\" content=\"index, follow, max-snippet:-1, max-image-preview:large, max-video-preview:-1\" \/>\n<link rel=\"canonical\" href=\"https:\/\/lappis.org.br\/site\/o-outro-como-a-face-do-cuidado-e-possivel-manter-uma-relacao-de-si-com-o-outro-por-que-o-outro-e-nao-nos\/2670\" \/>\n<meta property=\"og:locale\" content=\"pt_BR\" \/>\n<meta property=\"og:type\" content=\"article\" \/>\n<meta property=\"og:title\" content=\"\u201cO Outro como a face do cuidado: \u00e9 poss\u00edvel manter uma rela\u00e7\u00e3o de si com o Outro?\u201d Por que o outro e n\u00e3o n\u00f3s? - Lappis 25 anos\" \/>\n<meta property=\"og:description\" content=\"A mesa da manh\u00e3 desta quinta-feira (11\/09) com o tema \u201cO outro como face do cuidado: \u00e9 poss\u00edvel manter uma rela\u00e7\u00e3o de si com o outro?\u201d mediada pelos professores Jos\u00e9 Ricardo Ayres (Medicina-USP), Carlos Estellita-Lins (IFF-Fiocruz), Maria Elizabeth Barros de Barros (PPGPSI-UFES) e \u00a0Antonio Maia, (PUC e UERJ) coordenada pela professora Madel Therezinha Luz, teve como intuito agregar reflex\u00f5es no sentido de mostrar a quest\u00e3o do relacionamento do cuidado com o \u201coutro\u201d. [...]\" \/>\n<meta property=\"og:url\" content=\"https:\/\/lappis.org.br\/site\/o-outro-como-a-face-do-cuidado-e-possivel-manter-uma-relacao-de-si-com-o-outro-por-que-o-outro-e-nao-nos\/2670\" \/>\n<meta property=\"og:site_name\" content=\"Lappis 25 anos\" \/>\n<meta property=\"article:published_time\" content=\"2008-09-11T06:00:00+00:00\" \/>\n<meta name=\"author\" content=\"fw2\" \/>\n<meta name=\"twitter:card\" content=\"summary_large_image\" \/>\n<meta name=\"twitter:label1\" content=\"Escrito por\" \/>\n\t<meta name=\"twitter:data1\" content=\"fw2\" \/>\n\t<meta name=\"twitter:label2\" content=\"Est. tempo de leitura\" \/>\n\t<meta name=\"twitter:data2\" content=\"1 minuto\" \/>\n<script type=\"application\/ld+json\" class=\"yoast-schema-graph\">{\"@context\":\"https:\/\/schema.org\",\"@graph\":[{\"@type\":\"Article\",\"@id\":\"https:\/\/lappis.org.br\/site\/o-outro-como-a-face-do-cuidado-e-possivel-manter-uma-relacao-de-si-com-o-outro-por-que-o-outro-e-nao-nos\/2670#article\",\"isPartOf\":{\"@id\":\"https:\/\/lappis.org.br\/site\/o-outro-como-a-face-do-cuidado-e-possivel-manter-uma-relacao-de-si-com-o-outro-por-que-o-outro-e-nao-nos\/2670\"},\"author\":{\"name\":\"fw2\",\"@id\":\"https:\/\/lappis.org.br\/site\/#\/schema\/person\/3852381d08284b5e2716b20bd89bdbcf\"},\"headline\":\"\u201cO Outro como a face do cuidado: \u00e9 poss\u00edvel manter uma rela\u00e7\u00e3o de si com o Outro?\u201d Por que o outro e n\u00e3o n\u00f3s?\",\"datePublished\":\"2008-09-11T06:00:00+00:00\",\"mainEntityOfPage\":{\"@id\":\"https:\/\/lappis.org.br\/site\/o-outro-como-a-face-do-cuidado-e-possivel-manter-uma-relacao-de-si-com-o-outro-por-que-o-outro-e-nao-nos\/2670\"},\"wordCount\":324,\"commentCount\":0,\"publisher\":{\"@id\":\"https:\/\/lappis.org.br\/site\/#organization\"},\"articleSection\":[\"Not\u00edcia\"],\"inLanguage\":\"pt-BR\",\"potentialAction\":[{\"@type\":\"CommentAction\",\"name\":\"Comment\",\"target\":[\"https:\/\/lappis.org.br\/site\/o-outro-como-a-face-do-cuidado-e-possivel-manter-uma-relacao-de-si-com-o-outro-por-que-o-outro-e-nao-nos\/2670#respond\"]}]},{\"@type\":\"WebPage\",\"@id\":\"https:\/\/lappis.org.br\/site\/o-outro-como-a-face-do-cuidado-e-possivel-manter-uma-relacao-de-si-com-o-outro-por-que-o-outro-e-nao-nos\/2670\",\"url\":\"https:\/\/lappis.org.br\/site\/o-outro-como-a-face-do-cuidado-e-possivel-manter-uma-relacao-de-si-com-o-outro-por-que-o-outro-e-nao-nos\/2670\",\"name\":\"\u201cO Outro como a face do cuidado: \u00e9 poss\u00edvel manter uma rela\u00e7\u00e3o de si com o Outro?\u201d Por que o outro e n\u00e3o n\u00f3s? - Lappis 25 anos\",\"isPartOf\":{\"@id\":\"https:\/\/lappis.org.br\/site\/#website\"},\"datePublished\":\"2008-09-11T06:00:00+00:00\",\"breadcrumb\":{\"@id\":\"https:\/\/lappis.org.br\/site\/o-outro-como-a-face-do-cuidado-e-possivel-manter-uma-relacao-de-si-com-o-outro-por-que-o-outro-e-nao-nos\/2670#breadcrumb\"},\"inLanguage\":\"pt-BR\",\"potentialAction\":[{\"@type\":\"ReadAction\",\"target\":[\"https:\/\/lappis.org.br\/site\/o-outro-como-a-face-do-cuidado-e-possivel-manter-uma-relacao-de-si-com-o-outro-por-que-o-outro-e-nao-nos\/2670\"]}]},{\"@type\":\"BreadcrumbList\",\"@id\":\"https:\/\/lappis.org.br\/site\/o-outro-como-a-face-do-cuidado-e-possivel-manter-uma-relacao-de-si-com-o-outro-por-que-o-outro-e-nao-nos\/2670#breadcrumb\",\"itemListElement\":[{\"@type\":\"ListItem\",\"position\":1,\"name\":\"In\u00edcio\",\"item\":\"https:\/\/lappis.org.br\/site\/\"},{\"@type\":\"ListItem\",\"position\":2,\"name\":\"\u201cO Outro como a face do cuidado: \u00e9 poss\u00edvel manter uma rela\u00e7\u00e3o de si com o Outro?\u201d Por que o outro e n\u00e3o n\u00f3s?\"}]},{\"@type\":\"WebSite\",\"@id\":\"https:\/\/lappis.org.br\/site\/#website\",\"url\":\"https:\/\/lappis.org.br\/site\/\",\"name\":\"Lappis 25 anos\",\"description\":\"Labotat\u00f3rio de Pesquisas sobre Pr\u00e1ticas de Integralidade em Sa\u00fade\",\"publisher\":{\"@id\":\"https:\/\/lappis.org.br\/site\/#organization\"},\"potentialAction\":[{\"@type\":\"SearchAction\",\"target\":{\"@type\":\"EntryPoint\",\"urlTemplate\":\"https:\/\/lappis.org.br\/site\/?s={search_term_string}\"},\"query-input\":{\"@type\":\"PropertyValueSpecification\",\"valueRequired\":true,\"valueName\":\"search_term_string\"}}],\"inLanguage\":\"pt-BR\"},{\"@type\":\"Organization\",\"@id\":\"https:\/\/lappis.org.br\/site\/#organization\",\"name\":\"Lappis 25 anos\",\"url\":\"https:\/\/lappis.org.br\/site\/\",\"logo\":{\"@type\":\"ImageObject\",\"inLanguage\":\"pt-BR\",\"@id\":\"https:\/\/lappis.org.br\/site\/#\/schema\/logo\/image\/\",\"url\":\"https:\/\/lappis.org.br\/site\/wp-content\/uploads\/2025\/03\/logo-lappis25anos.png\",\"contentUrl\":\"https:\/\/lappis.org.br\/site\/wp-content\/uploads\/2025\/03\/logo-lappis25anos.png\",\"width\":388,\"height\":146,\"caption\":\"Lappis 25 anos\"},\"image\":{\"@id\":\"https:\/\/lappis.org.br\/site\/#\/schema\/logo\/image\/\"}},{\"@type\":\"Person\",\"@id\":\"https:\/\/lappis.org.br\/site\/#\/schema\/person\/3852381d08284b5e2716b20bd89bdbcf\",\"name\":\"fw2\",\"image\":{\"@type\":\"ImageObject\",\"inLanguage\":\"pt-BR\",\"@id\":\"https:\/\/lappis.org.br\/site\/#\/schema\/person\/image\/\",\"url\":\"https:\/\/secure.gravatar.com\/avatar\/c38472c0cdbde82d9b6fcc26adb3779d?s=96&d=mm&r=g\",\"contentUrl\":\"https:\/\/secure.gravatar.com\/avatar\/c38472c0cdbde82d9b6fcc26adb3779d?s=96&d=mm&r=g\",\"caption\":\"fw2\"},\"url\":\"https:\/\/lappis.org.br\/site\/author\/fw2\"}]}<\/script>\n<!-- \/ Yoast SEO plugin. -->","yoast_head_json":{"title":"\u201cO Outro como a face do cuidado: \u00e9 poss\u00edvel manter uma rela\u00e7\u00e3o de si com o Outro?\u201d Por que o outro e n\u00e3o n\u00f3s? - Lappis 25 anos","robots":{"index":"index","follow":"follow","max-snippet":"max-snippet:-1","max-image-preview":"max-image-preview:large","max-video-preview":"max-video-preview:-1"},"canonical":"https:\/\/lappis.org.br\/site\/o-outro-como-a-face-do-cuidado-e-possivel-manter-uma-relacao-de-si-com-o-outro-por-que-o-outro-e-nao-nos\/2670","og_locale":"pt_BR","og_type":"article","og_title":"\u201cO Outro como a face do cuidado: \u00e9 poss\u00edvel manter uma rela\u00e7\u00e3o de si com o Outro?\u201d Por que o outro e n\u00e3o n\u00f3s? - Lappis 25 anos","og_description":"A mesa da manh\u00e3 desta quinta-feira (11\/09) com o tema \u201cO outro como face do cuidado: \u00e9 poss\u00edvel manter uma rela\u00e7\u00e3o de si com o outro?\u201d mediada pelos professores Jos\u00e9 Ricardo Ayres (Medicina-USP), Carlos Estellita-Lins (IFF-Fiocruz), Maria Elizabeth Barros de Barros (PPGPSI-UFES) e \u00a0Antonio Maia, (PUC e UERJ) coordenada pela professora Madel Therezinha Luz, teve como intuito agregar reflex\u00f5es no sentido de mostrar a quest\u00e3o do relacionamento do cuidado com o \u201coutro\u201d. [...]","og_url":"https:\/\/lappis.org.br\/site\/o-outro-como-a-face-do-cuidado-e-possivel-manter-uma-relacao-de-si-com-o-outro-por-que-o-outro-e-nao-nos\/2670","og_site_name":"Lappis 25 anos","article_published_time":"2008-09-11T06:00:00+00:00","author":"fw2","twitter_card":"summary_large_image","twitter_misc":{"Escrito por":"fw2","Est. tempo de leitura":"1 minuto"},"schema":{"@context":"https:\/\/schema.org","@graph":[{"@type":"Article","@id":"https:\/\/lappis.org.br\/site\/o-outro-como-a-face-do-cuidado-e-possivel-manter-uma-relacao-de-si-com-o-outro-por-que-o-outro-e-nao-nos\/2670#article","isPartOf":{"@id":"https:\/\/lappis.org.br\/site\/o-outro-como-a-face-do-cuidado-e-possivel-manter-uma-relacao-de-si-com-o-outro-por-que-o-outro-e-nao-nos\/2670"},"author":{"name":"fw2","@id":"https:\/\/lappis.org.br\/site\/#\/schema\/person\/3852381d08284b5e2716b20bd89bdbcf"},"headline":"\u201cO Outro como a face do cuidado: \u00e9 poss\u00edvel manter uma rela\u00e7\u00e3o de si com o Outro?\u201d Por que o outro e n\u00e3o n\u00f3s?","datePublished":"2008-09-11T06:00:00+00:00","mainEntityOfPage":{"@id":"https:\/\/lappis.org.br\/site\/o-outro-como-a-face-do-cuidado-e-possivel-manter-uma-relacao-de-si-com-o-outro-por-que-o-outro-e-nao-nos\/2670"},"wordCount":324,"commentCount":0,"publisher":{"@id":"https:\/\/lappis.org.br\/site\/#organization"},"articleSection":["Not\u00edcia"],"inLanguage":"pt-BR","potentialAction":[{"@type":"CommentAction","name":"Comment","target":["https:\/\/lappis.org.br\/site\/o-outro-como-a-face-do-cuidado-e-possivel-manter-uma-relacao-de-si-com-o-outro-por-que-o-outro-e-nao-nos\/2670#respond"]}]},{"@type":"WebPage","@id":"https:\/\/lappis.org.br\/site\/o-outro-como-a-face-do-cuidado-e-possivel-manter-uma-relacao-de-si-com-o-outro-por-que-o-outro-e-nao-nos\/2670","url":"https:\/\/lappis.org.br\/site\/o-outro-como-a-face-do-cuidado-e-possivel-manter-uma-relacao-de-si-com-o-outro-por-que-o-outro-e-nao-nos\/2670","name":"\u201cO Outro como a face do cuidado: \u00e9 poss\u00edvel manter uma rela\u00e7\u00e3o de si com o Outro?\u201d Por que o outro e n\u00e3o n\u00f3s? - Lappis 25 anos","isPartOf":{"@id":"https:\/\/lappis.org.br\/site\/#website"},"datePublished":"2008-09-11T06:00:00+00:00","breadcrumb":{"@id":"https:\/\/lappis.org.br\/site\/o-outro-como-a-face-do-cuidado-e-possivel-manter-uma-relacao-de-si-com-o-outro-por-que-o-outro-e-nao-nos\/2670#breadcrumb"},"inLanguage":"pt-BR","potentialAction":[{"@type":"ReadAction","target":["https:\/\/lappis.org.br\/site\/o-outro-como-a-face-do-cuidado-e-possivel-manter-uma-relacao-de-si-com-o-outro-por-que-o-outro-e-nao-nos\/2670"]}]},{"@type":"BreadcrumbList","@id":"https:\/\/lappis.org.br\/site\/o-outro-como-a-face-do-cuidado-e-possivel-manter-uma-relacao-de-si-com-o-outro-por-que-o-outro-e-nao-nos\/2670#breadcrumb","itemListElement":[{"@type":"ListItem","position":1,"name":"In\u00edcio","item":"https:\/\/lappis.org.br\/site\/"},{"@type":"ListItem","position":2,"name":"\u201cO Outro como a face do cuidado: \u00e9 poss\u00edvel manter uma rela\u00e7\u00e3o de si com o Outro?\u201d Por que o outro e n\u00e3o n\u00f3s?"}]},{"@type":"WebSite","@id":"https:\/\/lappis.org.br\/site\/#website","url":"https:\/\/lappis.org.br\/site\/","name":"Lappis 25 anos","description":"Labotat\u00f3rio de Pesquisas sobre Pr\u00e1ticas de Integralidade em Sa\u00fade","publisher":{"@id":"https:\/\/lappis.org.br\/site\/#organization"},"potentialAction":[{"@type":"SearchAction","target":{"@type":"EntryPoint","urlTemplate":"https:\/\/lappis.org.br\/site\/?s={search_term_string}"},"query-input":{"@type":"PropertyValueSpecification","valueRequired":true,"valueName":"search_term_string"}}],"inLanguage":"pt-BR"},{"@type":"Organization","@id":"https:\/\/lappis.org.br\/site\/#organization","name":"Lappis 25 anos","url":"https:\/\/lappis.org.br\/site\/","logo":{"@type":"ImageObject","inLanguage":"pt-BR","@id":"https:\/\/lappis.org.br\/site\/#\/schema\/logo\/image\/","url":"https:\/\/lappis.org.br\/site\/wp-content\/uploads\/2025\/03\/logo-lappis25anos.png","contentUrl":"https:\/\/lappis.org.br\/site\/wp-content\/uploads\/2025\/03\/logo-lappis25anos.png","width":388,"height":146,"caption":"Lappis 25 anos"},"image":{"@id":"https:\/\/lappis.org.br\/site\/#\/schema\/logo\/image\/"}},{"@type":"Person","@id":"https:\/\/lappis.org.br\/site\/#\/schema\/person\/3852381d08284b5e2716b20bd89bdbcf","name":"fw2","image":{"@type":"ImageObject","inLanguage":"pt-BR","@id":"https:\/\/lappis.org.br\/site\/#\/schema\/person\/image\/","url":"https:\/\/secure.gravatar.com\/avatar\/c38472c0cdbde82d9b6fcc26adb3779d?s=96&d=mm&r=g","contentUrl":"https:\/\/secure.gravatar.com\/avatar\/c38472c0cdbde82d9b6fcc26adb3779d?s=96&d=mm&r=g","caption":"fw2"},"url":"https:\/\/lappis.org.br\/site\/author\/fw2"}]}},"jetpack_featured_media_url":"","jetpack_shortlink":"https:\/\/wp.me\/p954Nh-H4","jetpack_sharing_enabled":true,"_links":{"self":[{"href":"https:\/\/lappis.org.br\/site\/wp-json\/wp\/v2\/posts\/2670"}],"collection":[{"href":"https:\/\/lappis.org.br\/site\/wp-json\/wp\/v2\/posts"}],"about":[{"href":"https:\/\/lappis.org.br\/site\/wp-json\/wp\/v2\/types\/post"}],"author":[{"embeddable":true,"href":"https:\/\/lappis.org.br\/site\/wp-json\/wp\/v2\/users\/1"}],"replies":[{"embeddable":true,"href":"https:\/\/lappis.org.br\/site\/wp-json\/wp\/v2\/comments?post=2670"}],"version-history":[{"count":0,"href":"https:\/\/lappis.org.br\/site\/wp-json\/wp\/v2\/posts\/2670\/revisions"}],"wp:attachment":[{"href":"https:\/\/lappis.org.br\/site\/wp-json\/wp\/v2\/media?parent=2670"}],"wp:term":[{"taxonomy":"category","embeddable":true,"href":"https:\/\/lappis.org.br\/site\/wp-json\/wp\/v2\/categories?post=2670"},{"taxonomy":"post_tag","embeddable":true,"href":"https:\/\/lappis.org.br\/site\/wp-json\/wp\/v2\/tags?post=2670"}],"curies":[{"name":"wp","href":"https:\/\/api.w.org\/{rel}","templated":true}]}}