{"id":2661,"date":"2008-09-11T03:00:00","date_gmt":"2008-09-11T06:00:00","guid":{"rendered":"http:\/\/lappis.org.br\/site\/2008\/09\/11\/reflexoes-do-viii-seminario-integralidade\/"},"modified":"2008-09-11T03:00:00","modified_gmt":"2008-09-11T06:00:00","slug":"reflexoes-do-viii-seminario-integralidade","status":"publish","type":"post","link":"https:\/\/lappis.org.br\/site\/reflexoes-do-viii-seminario-integralidade\/2661","title":{"rendered":"Reflex\u00f5es do VIII Semin\u00e1rio Integralidade"},"content":{"rendered":"<p style=\"text-align: justify;\"> \t<img fetchpriority=\"high\" decoding=\"async\" data-attachment-id=\"2655\" data-permalink=\"https:\/\/lappis.org.br\/site\/reflexoes-do-viii-seminario-integralidade\/2661\/attachment-alt-474\" data-orig-file=\"https:\/\/lappis.org.br\/site\/wp-content\/uploads\/2008\/09\/viii_madel02_res.JPG\" data-orig-size=\"272,335\" data-comments-opened=\"1\" data-image-meta=\"{&quot;aperture&quot;:&quot;0&quot;,&quot;credit&quot;:&quot;&quot;,&quot;camera&quot;:&quot;&quot;,&quot;caption&quot;:&quot;&quot;,&quot;created_timestamp&quot;:&quot;0&quot;,&quot;copyright&quot;:&quot;&quot;,&quot;focal_length&quot;:&quot;0&quot;,&quot;iso&quot;:&quot;0&quot;,&quot;shutter_speed&quot;:&quot;0&quot;,&quot;title&quot;:&quot;&quot;,&quot;orientation&quot;:&quot;0&quot;}\" data-image-title=\"alt\" data-image-description=\"\" data-image-caption=\"\" data-medium-file=\"https:\/\/lappis.org.br\/site\/wp-content\/uploads\/2008\/09\/viii_madel02_res-244x300.jpg\" data-large-file=\"https:\/\/lappis.org.br\/site\/wp-content\/uploads\/2008\/09\/viii_madel02_res.JPG\" class=\" alignright size-full wp-image-2655\" alt=\"alt\" src=\"http:\/\/lappis.org.br\/site\/wp-content\/uploads\/2008\/09\/viii_madel02_res.JPG\" style=\"margin: 5px; float: right;\" width=\"272\" height=\"335\" srcset=\"https:\/\/lappis.org.br\/site\/wp-content\/uploads\/2008\/09\/viii_madel02_res.JPG 272w, https:\/\/lappis.org.br\/site\/wp-content\/uploads\/2008\/09\/viii_madel02_res-244x300.jpg 244w\" sizes=\"(max-width: 272px) 100vw, 272px\" \/>Definido como sucesso absoluto, o VIII Semin\u00e1rio Nacional do Projeto Integralidade exp\u00f4s discuss\u00f5es te\u00f3ricas comprometidas com a produ\u00e7\u00e3o de conhecimentos fecundos no \u00e2mbito da sa\u00fade coletiva. A participa\u00e7\u00e3o de v\u00e1rios expoentes da comunidade cient\u00edfica brasileira contribuiu no sentido de otimizar essas reflex\u00f5es.<\/p>\n<p style=\"text-align: justify;\"> \tPara dar in\u00edcio aos debates, a professora Madel T. Luz trouxe \u00e0 luz id\u00e9ias que discutem a quest\u00e3o do cuidado na integralidade e relacionou temas como educa\u00e7\u00e3o e \u00e9tica no tratamento com o usu\u00e1rio. Ela questionou ainda o conceito de coletividade. &ldquo;O cuidado \u00e9 um olhar para o outro como se fosse para n\u00f3s mesmos e o individualismo assinala a n\u00e3o-inser\u00e7\u00e3o do outro. A ideologia neoliberal contribui para o esgar\u00e7amento do tecido social onde as rela\u00e7\u00f5es de trabalho criaram um ambiente difusor contr\u00e1rio a uma sociabilidade solid\u00e1ria&rdquo;, completou a conferencista.<br \/> \t\u00a0<br \/> \t<img decoding=\"async\" data-attachment-id=\"2656\" data-permalink=\"https:\/\/lappis.org.br\/site\/reflexoes-do-viii-seminario-integralidade\/2661\/attachment-alt-475\" data-orig-file=\"https:\/\/lappis.org.br\/site\/wp-content\/uploads\/2008\/09\/viii_paulohenrique_res.JPG\" data-orig-size=\"380,283\" data-comments-opened=\"1\" data-image-meta=\"{&quot;aperture&quot;:&quot;0&quot;,&quot;credit&quot;:&quot;&quot;,&quot;camera&quot;:&quot;&quot;,&quot;caption&quot;:&quot;&quot;,&quot;created_timestamp&quot;:&quot;0&quot;,&quot;copyright&quot;:&quot;&quot;,&quot;focal_length&quot;:&quot;0&quot;,&quot;iso&quot;:&quot;0&quot;,&quot;shutter_speed&quot;:&quot;0&quot;,&quot;title&quot;:&quot;&quot;,&quot;orientation&quot;:&quot;0&quot;}\" data-image-title=\"alt\" data-image-description=\"\" data-image-caption=\"\" data-medium-file=\"https:\/\/lappis.org.br\/site\/wp-content\/uploads\/2008\/09\/viii_paulohenrique_res-300x223.jpg\" data-large-file=\"https:\/\/lappis.org.br\/site\/wp-content\/uploads\/2008\/09\/viii_paulohenrique_res.JPG\" class=\" alignleft size-full wp-image-2656\" alt=\"alt\" src=\"http:\/\/lappis.org.br\/site\/wp-content\/uploads\/2008\/09\/viii_paulohenrique_res.JPG\" style=\"margin: 5px; float: left;\" width=\"380\" height=\"283\" srcset=\"https:\/\/lappis.org.br\/site\/wp-content\/uploads\/2008\/09\/viii_paulohenrique_res.JPG 380w, https:\/\/lappis.org.br\/site\/wp-content\/uploads\/2008\/09\/viii_paulohenrique_res-300x223.jpg 300w\" sizes=\"(max-width: 380px) 100vw, 380px\" \/>Para o pesquisador Paulo Henrique Martins (DCS-UFPE\/Nucem), que integrou o debate &ldquo;<strong>Busca por cuidado com um condicionante de sa\u00fade: \u00e9 poss\u00edvel considerar a escolha do usu\u00e1rio na redefini\u00e7\u00e3o das a\u00e7\u00f5es de sa\u00fade?&rdquo;,<\/strong> os conceitos de cidadania e no\u00e7\u00e3o de usu\u00e1rio s\u00e3o constitu\u00eddos por fatores distintos: &ldquo;Cidadania \u00e9 na verdade a no\u00e7\u00e3o do ser humano em sua forma mais inerente. A no\u00e7\u00e3o de indiv\u00edduo \u00e9 uma categoria abstrata. \u00c9 preciso entender que o usu\u00e1rio se articula de acordo com as redes das quais \u00e9 submetido&rdquo;, explica. Nessa \u00f3tica, Tatiana Gerhardt (Enfermagem-UFRGS)\u00a0 tratou a quest\u00e3o das pr\u00e1ticas terap\u00eauticas no apoio social e destacou a import\u00e2ncia da necessidade de se conhecer estrat\u00e9gias para determinar o foco no usu\u00e1rio: &ldquo;Do ponto de vista relacional, \u00e9 imposs\u00edvel considerar a escolha do cuidado na redefini\u00e7\u00e3o das a\u00e7\u00f5es de sa\u00fade&rdquo;. Ela comentou ainda a import\u00e2ncia da produ\u00e7\u00e3o cient\u00edfica sobre desenvolvimento social no pa\u00eds ap\u00f3s a cria\u00e7\u00e3o do SUS: &ldquo;O Sistema \u00danico de Sa\u00fade funciona tamb\u00e9m como um determinante social. O usu\u00e1rio utiliza o servi\u00e7o, mas ser\u00e1 que de fato tem acesso ao cuidado?&rdquo; indaga.<\/p>\n<p> \t<img decoding=\"async\" data-attachment-id=\"2657\" data-permalink=\"https:\/\/lappis.org.br\/site\/reflexoes-do-viii-seminario-integralidade\/2661\/attachment-alt-476\" data-orig-file=\"https:\/\/lappis.org.br\/site\/wp-content\/uploads\/2008\/09\/viii_cesarfavoreto_res.JPG\" data-orig-size=\"341,336\" data-comments-opened=\"1\" data-image-meta=\"{&quot;aperture&quot;:&quot;0&quot;,&quot;credit&quot;:&quot;&quot;,&quot;camera&quot;:&quot;&quot;,&quot;caption&quot;:&quot;&quot;,&quot;created_timestamp&quot;:&quot;0&quot;,&quot;copyright&quot;:&quot;&quot;,&quot;focal_length&quot;:&quot;0&quot;,&quot;iso&quot;:&quot;0&quot;,&quot;shutter_speed&quot;:&quot;0&quot;,&quot;title&quot;:&quot;&quot;,&quot;orientation&quot;:&quot;0&quot;}\" data-image-title=\"alt\" data-image-description=\"\" data-image-caption=\"\" data-medium-file=\"https:\/\/lappis.org.br\/site\/wp-content\/uploads\/2008\/09\/viii_cesarfavoreto_res-300x296.jpg\" data-large-file=\"https:\/\/lappis.org.br\/site\/wp-content\/uploads\/2008\/09\/viii_cesarfavoreto_res.JPG\" class=\" alignright size-full wp-image-2657\" alt=\"alt\" src=\"http:\/\/lappis.org.br\/site\/wp-content\/uploads\/2008\/09\/viii_cesarfavoreto_res.JPG\" style=\"margin: 5px; float: right;\" width=\"341\" height=\"336\" srcset=\"https:\/\/lappis.org.br\/site\/wp-content\/uploads\/2008\/09\/viii_cesarfavoreto_res.JPG 341w, https:\/\/lappis.org.br\/site\/wp-content\/uploads\/2008\/09\/viii_cesarfavoreto_res-300x296.jpg 300w, https:\/\/lappis.org.br\/site\/wp-content\/uploads\/2008\/09\/viii_cesarfavoreto_res-100x100.jpg 100w\" sizes=\"(max-width: 341px) 100vw, 341px\" \/>C\u00e9sar Favoreto (FCM-UERJ), integrante da mesa relacionada \u00e0 quest\u00e3o da \u00e9tica e t\u00e9cnica inerentes ao cuidado, destacou a import\u00e2ncia das barreiras pol\u00edticas e ideol\u00f3gicas para o ensino da integralidade. Al\u00e9m disso, comentou a dificuldade atribu\u00edda aos m\u00e9dicos para compreender valores significativos como quest\u00f5es culturais e o exerc\u00edcio da afetividade. &ldquo;O m\u00e9dico deve compreender os aspectos culturais que envolvem o cuidado com o seu paciente, assim como precisa valorizar as dimens\u00f5es afetivas que os envolve&rdquo;.<\/p>\n<p> \t<img loading=\"lazy\" decoding=\"async\" data-attachment-id=\"2658\" data-permalink=\"https:\/\/lappis.org.br\/site\/reflexoes-do-viii-seminario-integralidade\/2661\/attachment-alt-477\" data-orig-file=\"https:\/\/lappis.org.br\/site\/wp-content\/uploads\/2008\/09\/viii_anahecket_res.JPG\" data-orig-size=\"223,207\" data-comments-opened=\"1\" data-image-meta=\"{&quot;aperture&quot;:&quot;0&quot;,&quot;credit&quot;:&quot;&quot;,&quot;camera&quot;:&quot;&quot;,&quot;caption&quot;:&quot;&quot;,&quot;created_timestamp&quot;:&quot;0&quot;,&quot;copyright&quot;:&quot;&quot;,&quot;focal_length&quot;:&quot;0&quot;,&quot;iso&quot;:&quot;0&quot;,&quot;shutter_speed&quot;:&quot;0&quot;,&quot;title&quot;:&quot;&quot;,&quot;orientation&quot;:&quot;0&quot;}\" data-image-title=\"alt\" data-image-description=\"\" data-image-caption=\"\" data-medium-file=\"https:\/\/lappis.org.br\/site\/wp-content\/uploads\/2008\/09\/viii_anahecket_res.JPG\" data-large-file=\"https:\/\/lappis.org.br\/site\/wp-content\/uploads\/2008\/09\/viii_anahecket_res.JPG\" class=\" alignleft size-full wp-image-2658\" alt=\"alt\" src=\"http:\/\/lappis.org.br\/site\/wp-content\/uploads\/2008\/09\/viii_anahecket_res.JPG\" style=\"margin: 5px; float: left;\" width=\"223\" height=\"207\" \/>Ana Heckert (PPGPSI-UFES), pontuou os desafios que se colocam ap\u00f3s 20 anos de SUS e comentou que o enfoque das discuss\u00f5es que permeiam a quest\u00e3o da \u00e9tica na integralidade tomou novos rumos ap\u00f3s esse tempo: &ldquo;N\u00e3o podemos desconsiderar que muitos avan\u00e7os foram produzidos, por essa raz\u00e3o, o tema desta mesa redonda \u00e9 t\u00e3o provocador. O SUS representa uma pol\u00edtica de p\u00fablica de resist\u00eancia que prop\u00f5e outros desafios&rdquo;. \u00a0afirma<br \/> \t\u00a0<br \/> \t<img loading=\"lazy\" decoding=\"async\" data-attachment-id=\"2659\" data-permalink=\"https:\/\/lappis.org.br\/site\/reflexoes-do-viii-seminario-integralidade\/2661\/attachment-alt-478\" data-orig-file=\"https:\/\/lappis.org.br\/site\/wp-content\/uploads\/2008\/09\/viii_aluisio_res.JPG\" data-orig-size=\"311,350\" data-comments-opened=\"1\" data-image-meta=\"{&quot;aperture&quot;:&quot;0&quot;,&quot;credit&quot;:&quot;&quot;,&quot;camera&quot;:&quot;&quot;,&quot;caption&quot;:&quot;&quot;,&quot;created_timestamp&quot;:&quot;0&quot;,&quot;copyright&quot;:&quot;&quot;,&quot;focal_length&quot;:&quot;0&quot;,&quot;iso&quot;:&quot;0&quot;,&quot;shutter_speed&quot;:&quot;0&quot;,&quot;title&quot;:&quot;&quot;,&quot;orientation&quot;:&quot;0&quot;}\" data-image-title=\"alt\" data-image-description=\"\" data-image-caption=\"\" data-medium-file=\"https:\/\/lappis.org.br\/site\/wp-content\/uploads\/2008\/09\/viii_aluisio_res-267x300.jpg\" data-large-file=\"https:\/\/lappis.org.br\/site\/wp-content\/uploads\/2008\/09\/viii_aluisio_res.JPG\" class=\" alignright size-full wp-image-2659\" alt=\"alt\" src=\"http:\/\/lappis.org.br\/site\/wp-content\/uploads\/2008\/09\/viii_aluisio_res.JPG\" style=\"margin: 5px; float: right;\" width=\"311\" height=\"350\" srcset=\"https:\/\/lappis.org.br\/site\/wp-content\/uploads\/2008\/09\/viii_aluisio_res.JPG 311w, https:\/\/lappis.org.br\/site\/wp-content\/uploads\/2008\/09\/viii_aluisio_res-267x300.jpg 267w\" sizes=\"(max-width: 311px) 100vw, 311px\" \/>Alu\u00edsio Gomes da Silva Jr (ISC-UFF), integrante da \u00faltima mesa de debates do Semin\u00e1rio, apresentou os aspectos estrat\u00e9gicos utilizados na indu\u00e7\u00e3o de pol\u00edticas e destacou com motiva\u00e7\u00e3o a quest\u00e3o do cuidado integral. Nesta mesma perspectiva, Cristiani Vieira discorreu sobre a responsabilidade do Minist\u00e9rio da Sa\u00fade, tendo em vista as pr\u00e1ticas dos profissionais do setor e o modo como se articulam os servi\u00e7os oferecidos: &ldquo;Amplitude da agenda federal, diversidade de l\u00f3gicas na forma\u00e7\u00e3o de pol\u00edticas e programas, al\u00e9m da dist\u00e2ncia entre a formula\u00e7\u00e3o nacional e as realidades concretas de implementa\u00e7\u00e3o podem ser destacadas como alguns dos servi\u00e7os que poderiam ser trabalhados&rdquo;, informa.<\/p>\n<p> \t<img loading=\"lazy\" decoding=\"async\" data-attachment-id=\"2660\" data-permalink=\"https:\/\/lappis.org.br\/site\/reflexoes-do-viii-seminario-integralidade\/2661\/attachment-alt-479\" data-orig-file=\"https:\/\/lappis.org.br\/site\/wp-content\/uploads\/2008\/09\/viii_roseni_res.JPG\" data-orig-size=\"177,180\" data-comments-opened=\"1\" data-image-meta=\"{&quot;aperture&quot;:&quot;0&quot;,&quot;credit&quot;:&quot;&quot;,&quot;camera&quot;:&quot;&quot;,&quot;caption&quot;:&quot;&quot;,&quot;created_timestamp&quot;:&quot;0&quot;,&quot;copyright&quot;:&quot;&quot;,&quot;focal_length&quot;:&quot;0&quot;,&quot;iso&quot;:&quot;0&quot;,&quot;shutter_speed&quot;:&quot;0&quot;,&quot;title&quot;:&quot;&quot;,&quot;orientation&quot;:&quot;0&quot;}\" data-image-title=\"alt\" data-image-description=\"\" data-image-caption=\"\" data-medium-file=\"https:\/\/lappis.org.br\/site\/wp-content\/uploads\/2008\/09\/viii_roseni_res.JPG\" data-large-file=\"https:\/\/lappis.org.br\/site\/wp-content\/uploads\/2008\/09\/viii_roseni_res.JPG\" class=\" alignleft size-full wp-image-2660\" alt=\"alt\" src=\"http:\/\/lappis.org.br\/site\/wp-content\/uploads\/2008\/09\/viii_roseni_res.JPG\" style=\"margin: 5px; float: left;\" width=\"177\" height=\"180\" \/>A coordenadora do Semin\u00e1rio Roseni Pinheiro, reiterou as quest\u00f5es levantadas durante o evento e salientou a import\u00e2ncia da consolida\u00e7\u00e3o do SUS como gestor dos saberes e pr\u00e1ticas inerentes \u00e0 integralidade &ldquo;Todas as quest\u00f5es aqui tratadas no semin\u00e1rio nascem dos saberes e pr\u00e1ticas gerados na consolida\u00e7\u00e3o\u00a0 SUS, o que nos desafia o tempo inteiro. Mas sempre entendendo que o Sistema \u00danico de Sa\u00fade \u00e9 uma pol\u00edtica do Estado brasileiro, um projeto de sociedade que vem sendo materializado nas mais diversas formas, atrav\u00e9s de experi\u00eancias com pot\u00eancia de inova\u00e7\u00e3o, considerando os contextos que se inserem. Por outro lado, n\u00e3o significa que superamos os desafios e dilemas de uma cultura pol\u00edtica vigente &#8211; patrimonialista, que de todas as maneiras nega o car\u00e1ter de defesa do Direito\u00a0\u00e0 Sa\u00fade como um direito de Cidadania e de afirma\u00e7\u00e3o da vida.\u00a0 O SUS tem essa tarefa coletiva de resist\u00eancia \u00e0s desigualdades, pois os seus princ\u00edpios &#8211; dentre eles a integralidade.&rdquo;<br \/> \t\u00a0<br \/> \t\u00a0<br \/> \t\u00a0<br \/> \t\u00a0<br \/> \t\u00a0<br \/> \t\u00a0<br \/> \t\u00a0<br \/> \t\u00a0<br \/> \t\u00a0<\/p>\n","protected":false},"excerpt":{"rendered":"<div class=\"mh-excerpt\"><p style=\"text-align: justify;\"> \t<img loading=\"lazy\" decoding=\"async\" class=\" alignright size-full wp-image-2655\" alt=\"alt\" src=\"http:\/\/lappis.org.br\/site\/wp-content\/uploads\/2008\/09\/viii_madel02_res.JPG\" style=\"margin: 5px; float: right;\" width=\"272\" height=\"335\" srcset=\"https:\/\/lappis.org.br\/site\/wp-content\/uploads\/2008\/09\/viii_madel02_res.JPG 272w, https:\/\/lappis.org.br\/site\/wp-content\/uploads\/2008\/09\/viii_madel02_res-244x300.jpg 244w\" sizes=\"(max-width: 272px) 100vw, 272px\" \/>Definido como sucesso absoluto, o VIII Semin\u00e1rio Nacional do Projeto Integralidade exp\u00f4s discuss\u00f5es te\u00f3ricas comprometidas com a produ\u00e7\u00e3o de conhecimentos fecundos no \u00e2mbito da sa\u00fade coletiva. A participa\u00e7\u00e3o de v\u00e1rios expoentes da comunidade cient\u00edfica brasileira contribuiu no sentido de otimizar essas reflex\u00f5es.<\/p>\n<p>  <a class=\"mh-excerpt-more\" href=\"https:\/\/lappis.org.br\/site\/reflexoes-do-viii-seminario-integralidade\/2661\" title=\"Reflex\u00f5es do VIII Semin\u00e1rio Integralidade\">[&#8230;]<\/a><\/p>\n<\/div>","protected":false},"author":1,"featured_media":2654,"comment_status":"open","ping_status":"open","sticky":false,"template":"","format":"standard","meta":{"_acf_changed":false,"_exactmetrics_skip_tracking":false,"_exactmetrics_sitenote_active":false,"_exactmetrics_sitenote_note":"","_exactmetrics_sitenote_category":0,"jetpack_post_was_ever_published":false,"_jetpack_newsletter_access":"","_jetpack_dont_email_post_to_subs":false,"_jetpack_newsletter_tier_id":0,"_jetpack_memberships_contains_paywalled_content":false,"_jetpack_memberships_contains_paid_content":false,"footnotes":"","jetpack_publicize_message":"","jetpack_publicize_feature_enabled":true,"jetpack_social_post_already_shared":false,"jetpack_social_options":{"image_generator_settings":{"template":"highway","enabled":false},"version":2}},"categories":[8],"tags":[],"class_list":{"0":"post-2661","1":"post","2":"type-post","3":"status-publish","4":"format-standard","5":"has-post-thumbnail","7":"category-noticia"},"jetpack_publicize_connections":[],"acf":[],"yoast_head":"<!-- This site is optimized with the Yoast SEO plugin v25.2 - https:\/\/yoast.com\/wordpress\/plugins\/seo\/ -->\n<title>Reflex\u00f5es do VIII Semin\u00e1rio Integralidade - Lappis 25 anos<\/title>\n<meta name=\"robots\" content=\"index, follow, max-snippet:-1, max-image-preview:large, max-video-preview:-1\" \/>\n<link rel=\"canonical\" href=\"https:\/\/lappis.org.br\/site\/reflexoes-do-viii-seminario-integralidade\/2661\" \/>\n<meta property=\"og:locale\" content=\"pt_BR\" \/>\n<meta property=\"og:type\" content=\"article\" \/>\n<meta property=\"og:title\" content=\"Reflex\u00f5es do VIII Semin\u00e1rio Integralidade - Lappis 25 anos\" \/>\n<meta property=\"og:description\" content=\"Definido como sucesso absoluto, o VIII Semin\u00e1rio Nacional do Projeto Integralidade exp\u00f4s discuss\u00f5es te\u00f3ricas comprometidas com a produ\u00e7\u00e3o de conhecimentos fecundos no \u00e2mbito da sa\u00fade coletiva. A participa\u00e7\u00e3o de v\u00e1rios expoentes da comunidade cient\u00edfica brasileira contribuiu no sentido de otimizar essas reflex\u00f5es. [...]\" \/>\n<meta property=\"og:url\" content=\"https:\/\/lappis.org.br\/site\/reflexoes-do-viii-seminario-integralidade\/2661\" \/>\n<meta property=\"og:site_name\" content=\"Lappis 25 anos\" \/>\n<meta property=\"article:published_time\" content=\"2008-09-11T06:00:00+00:00\" \/>\n<meta property=\"og:image\" content=\"https:\/\/lappis.org.br\/site\/wp-content\/uploads\/2008\/09\/viii_madel02_res.JPG\" \/>\n\t<meta property=\"og:image:width\" content=\"272\" \/>\n\t<meta property=\"og:image:height\" content=\"335\" \/>\n\t<meta property=\"og:image:type\" content=\"image\/jpeg\" \/>\n<meta name=\"author\" content=\"fw2\" \/>\n<meta name=\"twitter:card\" content=\"summary_large_image\" \/>\n<meta name=\"twitter:label1\" content=\"Escrito por\" \/>\n\t<meta name=\"twitter:data1\" content=\"fw2\" \/>\n\t<meta name=\"twitter:label2\" content=\"Est. tempo de leitura\" \/>\n\t<meta name=\"twitter:data2\" content=\"4 minutos\" \/>\n<script type=\"application\/ld+json\" class=\"yoast-schema-graph\">{\"@context\":\"https:\/\/schema.org\",\"@graph\":[{\"@type\":\"Article\",\"@id\":\"https:\/\/lappis.org.br\/site\/reflexoes-do-viii-seminario-integralidade\/2661#article\",\"isPartOf\":{\"@id\":\"https:\/\/lappis.org.br\/site\/reflexoes-do-viii-seminario-integralidade\/2661\"},\"author\":{\"name\":\"fw2\",\"@id\":\"https:\/\/lappis.org.br\/site\/#\/schema\/person\/3852381d08284b5e2716b20bd89bdbcf\"},\"headline\":\"Reflex\u00f5es do VIII Semin\u00e1rio Integralidade\",\"datePublished\":\"2008-09-11T06:00:00+00:00\",\"mainEntityOfPage\":{\"@id\":\"https:\/\/lappis.org.br\/site\/reflexoes-do-viii-seminario-integralidade\/2661\"},\"wordCount\":840,\"commentCount\":0,\"publisher\":{\"@id\":\"https:\/\/lappis.org.br\/site\/#organization\"},\"image\":{\"@id\":\"https:\/\/lappis.org.br\/site\/reflexoes-do-viii-seminario-integralidade\/2661#primaryimage\"},\"thumbnailUrl\":\"https:\/\/lappis.org.br\/site\/wp-content\/uploads\/2008\/09\/viii_madel02_res.JPG\",\"articleSection\":[\"Not\u00edcia\"],\"inLanguage\":\"pt-BR\",\"potentialAction\":[{\"@type\":\"CommentAction\",\"name\":\"Comment\",\"target\":[\"https:\/\/lappis.org.br\/site\/reflexoes-do-viii-seminario-integralidade\/2661#respond\"]}]},{\"@type\":\"WebPage\",\"@id\":\"https:\/\/lappis.org.br\/site\/reflexoes-do-viii-seminario-integralidade\/2661\",\"url\":\"https:\/\/lappis.org.br\/site\/reflexoes-do-viii-seminario-integralidade\/2661\",\"name\":\"Reflex\u00f5es do VIII Semin\u00e1rio Integralidade - Lappis 25 anos\",\"isPartOf\":{\"@id\":\"https:\/\/lappis.org.br\/site\/#website\"},\"primaryImageOfPage\":{\"@id\":\"https:\/\/lappis.org.br\/site\/reflexoes-do-viii-seminario-integralidade\/2661#primaryimage\"},\"image\":{\"@id\":\"https:\/\/lappis.org.br\/site\/reflexoes-do-viii-seminario-integralidade\/2661#primaryimage\"},\"thumbnailUrl\":\"https:\/\/lappis.org.br\/site\/wp-content\/uploads\/2008\/09\/viii_madel02_res.JPG\",\"datePublished\":\"2008-09-11T06:00:00+00:00\",\"breadcrumb\":{\"@id\":\"https:\/\/lappis.org.br\/site\/reflexoes-do-viii-seminario-integralidade\/2661#breadcrumb\"},\"inLanguage\":\"pt-BR\",\"potentialAction\":[{\"@type\":\"ReadAction\",\"target\":[\"https:\/\/lappis.org.br\/site\/reflexoes-do-viii-seminario-integralidade\/2661\"]}]},{\"@type\":\"ImageObject\",\"inLanguage\":\"pt-BR\",\"@id\":\"https:\/\/lappis.org.br\/site\/reflexoes-do-viii-seminario-integralidade\/2661#primaryimage\",\"url\":\"https:\/\/lappis.org.br\/site\/wp-content\/uploads\/2008\/09\/viii_madel02_res.JPG\",\"contentUrl\":\"https:\/\/lappis.org.br\/site\/wp-content\/uploads\/2008\/09\/viii_madel02_res.JPG\",\"width\":272,\"height\":335,\"caption\":\"alt\"},{\"@type\":\"BreadcrumbList\",\"@id\":\"https:\/\/lappis.org.br\/site\/reflexoes-do-viii-seminario-integralidade\/2661#breadcrumb\",\"itemListElement\":[{\"@type\":\"ListItem\",\"position\":1,\"name\":\"In\u00edcio\",\"item\":\"https:\/\/lappis.org.br\/site\/\"},{\"@type\":\"ListItem\",\"position\":2,\"name\":\"Reflex\u00f5es do VIII Semin\u00e1rio Integralidade\"}]},{\"@type\":\"WebSite\",\"@id\":\"https:\/\/lappis.org.br\/site\/#website\",\"url\":\"https:\/\/lappis.org.br\/site\/\",\"name\":\"Lappis 25 anos\",\"description\":\"Labotat\u00f3rio de Pesquisas sobre Pr\u00e1ticas de Integralidade em Sa\u00fade\",\"publisher\":{\"@id\":\"https:\/\/lappis.org.br\/site\/#organization\"},\"potentialAction\":[{\"@type\":\"SearchAction\",\"target\":{\"@type\":\"EntryPoint\",\"urlTemplate\":\"https:\/\/lappis.org.br\/site\/?s={search_term_string}\"},\"query-input\":{\"@type\":\"PropertyValueSpecification\",\"valueRequired\":true,\"valueName\":\"search_term_string\"}}],\"inLanguage\":\"pt-BR\"},{\"@type\":\"Organization\",\"@id\":\"https:\/\/lappis.org.br\/site\/#organization\",\"name\":\"Lappis 25 anos\",\"url\":\"https:\/\/lappis.org.br\/site\/\",\"logo\":{\"@type\":\"ImageObject\",\"inLanguage\":\"pt-BR\",\"@id\":\"https:\/\/lappis.org.br\/site\/#\/schema\/logo\/image\/\",\"url\":\"https:\/\/lappis.org.br\/site\/wp-content\/uploads\/2025\/03\/logo-lappis25anos.png\",\"contentUrl\":\"https:\/\/lappis.org.br\/site\/wp-content\/uploads\/2025\/03\/logo-lappis25anos.png\",\"width\":388,\"height\":146,\"caption\":\"Lappis 25 anos\"},\"image\":{\"@id\":\"https:\/\/lappis.org.br\/site\/#\/schema\/logo\/image\/\"}},{\"@type\":\"Person\",\"@id\":\"https:\/\/lappis.org.br\/site\/#\/schema\/person\/3852381d08284b5e2716b20bd89bdbcf\",\"name\":\"fw2\",\"image\":{\"@type\":\"ImageObject\",\"inLanguage\":\"pt-BR\",\"@id\":\"https:\/\/lappis.org.br\/site\/#\/schema\/person\/image\/\",\"url\":\"https:\/\/secure.gravatar.com\/avatar\/c38472c0cdbde82d9b6fcc26adb3779d?s=96&d=mm&r=g\",\"contentUrl\":\"https:\/\/secure.gravatar.com\/avatar\/c38472c0cdbde82d9b6fcc26adb3779d?s=96&d=mm&r=g\",\"caption\":\"fw2\"},\"url\":\"https:\/\/lappis.org.br\/site\/author\/fw2\"}]}<\/script>\n<!-- \/ Yoast SEO plugin. -->","yoast_head_json":{"title":"Reflex\u00f5es do VIII Semin\u00e1rio Integralidade - Lappis 25 anos","robots":{"index":"index","follow":"follow","max-snippet":"max-snippet:-1","max-image-preview":"max-image-preview:large","max-video-preview":"max-video-preview:-1"},"canonical":"https:\/\/lappis.org.br\/site\/reflexoes-do-viii-seminario-integralidade\/2661","og_locale":"pt_BR","og_type":"article","og_title":"Reflex\u00f5es do VIII Semin\u00e1rio Integralidade - Lappis 25 anos","og_description":"Definido como sucesso absoluto, o VIII Semin\u00e1rio Nacional do Projeto Integralidade exp\u00f4s discuss\u00f5es te\u00f3ricas comprometidas com a produ\u00e7\u00e3o de conhecimentos fecundos no \u00e2mbito da sa\u00fade coletiva. A participa\u00e7\u00e3o de v\u00e1rios expoentes da comunidade cient\u00edfica brasileira contribuiu no sentido de otimizar essas reflex\u00f5es. [...]","og_url":"https:\/\/lappis.org.br\/site\/reflexoes-do-viii-seminario-integralidade\/2661","og_site_name":"Lappis 25 anos","article_published_time":"2008-09-11T06:00:00+00:00","og_image":[{"width":272,"height":335,"url":"https:\/\/lappis.org.br\/site\/wp-content\/uploads\/2008\/09\/viii_madel02_res.JPG","type":"image\/jpeg"}],"author":"fw2","twitter_card":"summary_large_image","twitter_misc":{"Escrito por":"fw2","Est. tempo de leitura":"4 minutos"},"schema":{"@context":"https:\/\/schema.org","@graph":[{"@type":"Article","@id":"https:\/\/lappis.org.br\/site\/reflexoes-do-viii-seminario-integralidade\/2661#article","isPartOf":{"@id":"https:\/\/lappis.org.br\/site\/reflexoes-do-viii-seminario-integralidade\/2661"},"author":{"name":"fw2","@id":"https:\/\/lappis.org.br\/site\/#\/schema\/person\/3852381d08284b5e2716b20bd89bdbcf"},"headline":"Reflex\u00f5es do VIII Semin\u00e1rio Integralidade","datePublished":"2008-09-11T06:00:00+00:00","mainEntityOfPage":{"@id":"https:\/\/lappis.org.br\/site\/reflexoes-do-viii-seminario-integralidade\/2661"},"wordCount":840,"commentCount":0,"publisher":{"@id":"https:\/\/lappis.org.br\/site\/#organization"},"image":{"@id":"https:\/\/lappis.org.br\/site\/reflexoes-do-viii-seminario-integralidade\/2661#primaryimage"},"thumbnailUrl":"https:\/\/lappis.org.br\/site\/wp-content\/uploads\/2008\/09\/viii_madel02_res.JPG","articleSection":["Not\u00edcia"],"inLanguage":"pt-BR","potentialAction":[{"@type":"CommentAction","name":"Comment","target":["https:\/\/lappis.org.br\/site\/reflexoes-do-viii-seminario-integralidade\/2661#respond"]}]},{"@type":"WebPage","@id":"https:\/\/lappis.org.br\/site\/reflexoes-do-viii-seminario-integralidade\/2661","url":"https:\/\/lappis.org.br\/site\/reflexoes-do-viii-seminario-integralidade\/2661","name":"Reflex\u00f5es do VIII Semin\u00e1rio Integralidade - Lappis 25 anos","isPartOf":{"@id":"https:\/\/lappis.org.br\/site\/#website"},"primaryImageOfPage":{"@id":"https:\/\/lappis.org.br\/site\/reflexoes-do-viii-seminario-integralidade\/2661#primaryimage"},"image":{"@id":"https:\/\/lappis.org.br\/site\/reflexoes-do-viii-seminario-integralidade\/2661#primaryimage"},"thumbnailUrl":"https:\/\/lappis.org.br\/site\/wp-content\/uploads\/2008\/09\/viii_madel02_res.JPG","datePublished":"2008-09-11T06:00:00+00:00","breadcrumb":{"@id":"https:\/\/lappis.org.br\/site\/reflexoes-do-viii-seminario-integralidade\/2661#breadcrumb"},"inLanguage":"pt-BR","potentialAction":[{"@type":"ReadAction","target":["https:\/\/lappis.org.br\/site\/reflexoes-do-viii-seminario-integralidade\/2661"]}]},{"@type":"ImageObject","inLanguage":"pt-BR","@id":"https:\/\/lappis.org.br\/site\/reflexoes-do-viii-seminario-integralidade\/2661#primaryimage","url":"https:\/\/lappis.org.br\/site\/wp-content\/uploads\/2008\/09\/viii_madel02_res.JPG","contentUrl":"https:\/\/lappis.org.br\/site\/wp-content\/uploads\/2008\/09\/viii_madel02_res.JPG","width":272,"height":335,"caption":"alt"},{"@type":"BreadcrumbList","@id":"https:\/\/lappis.org.br\/site\/reflexoes-do-viii-seminario-integralidade\/2661#breadcrumb","itemListElement":[{"@type":"ListItem","position":1,"name":"In\u00edcio","item":"https:\/\/lappis.org.br\/site\/"},{"@type":"ListItem","position":2,"name":"Reflex\u00f5es do VIII Semin\u00e1rio Integralidade"}]},{"@type":"WebSite","@id":"https:\/\/lappis.org.br\/site\/#website","url":"https:\/\/lappis.org.br\/site\/","name":"Lappis 25 anos","description":"Labotat\u00f3rio de Pesquisas sobre Pr\u00e1ticas de Integralidade em Sa\u00fade","publisher":{"@id":"https:\/\/lappis.org.br\/site\/#organization"},"potentialAction":[{"@type":"SearchAction","target":{"@type":"EntryPoint","urlTemplate":"https:\/\/lappis.org.br\/site\/?s={search_term_string}"},"query-input":{"@type":"PropertyValueSpecification","valueRequired":true,"valueName":"search_term_string"}}],"inLanguage":"pt-BR"},{"@type":"Organization","@id":"https:\/\/lappis.org.br\/site\/#organization","name":"Lappis 25 anos","url":"https:\/\/lappis.org.br\/site\/","logo":{"@type":"ImageObject","inLanguage":"pt-BR","@id":"https:\/\/lappis.org.br\/site\/#\/schema\/logo\/image\/","url":"https:\/\/lappis.org.br\/site\/wp-content\/uploads\/2025\/03\/logo-lappis25anos.png","contentUrl":"https:\/\/lappis.org.br\/site\/wp-content\/uploads\/2025\/03\/logo-lappis25anos.png","width":388,"height":146,"caption":"Lappis 25 anos"},"image":{"@id":"https:\/\/lappis.org.br\/site\/#\/schema\/logo\/image\/"}},{"@type":"Person","@id":"https:\/\/lappis.org.br\/site\/#\/schema\/person\/3852381d08284b5e2716b20bd89bdbcf","name":"fw2","image":{"@type":"ImageObject","inLanguage":"pt-BR","@id":"https:\/\/lappis.org.br\/site\/#\/schema\/person\/image\/","url":"https:\/\/secure.gravatar.com\/avatar\/c38472c0cdbde82d9b6fcc26adb3779d?s=96&d=mm&r=g","contentUrl":"https:\/\/secure.gravatar.com\/avatar\/c38472c0cdbde82d9b6fcc26adb3779d?s=96&d=mm&r=g","caption":"fw2"},"url":"https:\/\/lappis.org.br\/site\/author\/fw2"}]}},"jetpack_featured_media_url":"https:\/\/lappis.org.br\/site\/wp-content\/uploads\/2008\/09\/viii_madel02_res.JPG","jetpack_shortlink":"https:\/\/wp.me\/p954Nh-GV","jetpack_sharing_enabled":true,"_links":{"self":[{"href":"https:\/\/lappis.org.br\/site\/wp-json\/wp\/v2\/posts\/2661"}],"collection":[{"href":"https:\/\/lappis.org.br\/site\/wp-json\/wp\/v2\/posts"}],"about":[{"href":"https:\/\/lappis.org.br\/site\/wp-json\/wp\/v2\/types\/post"}],"author":[{"embeddable":true,"href":"https:\/\/lappis.org.br\/site\/wp-json\/wp\/v2\/users\/1"}],"replies":[{"embeddable":true,"href":"https:\/\/lappis.org.br\/site\/wp-json\/wp\/v2\/comments?post=2661"}],"version-history":[{"count":0,"href":"https:\/\/lappis.org.br\/site\/wp-json\/wp\/v2\/posts\/2661\/revisions"}],"wp:featuredmedia":[{"embeddable":true,"href":"https:\/\/lappis.org.br\/site\/wp-json\/wp\/v2\/media\/2654"}],"wp:attachment":[{"href":"https:\/\/lappis.org.br\/site\/wp-json\/wp\/v2\/media?parent=2661"}],"wp:term":[{"taxonomy":"category","embeddable":true,"href":"https:\/\/lappis.org.br\/site\/wp-json\/wp\/v2\/categories?post=2661"},{"taxonomy":"post_tag","embeddable":true,"href":"https:\/\/lappis.org.br\/site\/wp-json\/wp\/v2\/tags?post=2661"}],"curies":[{"name":"wp","href":"https:\/\/api.w.org\/{rel}","templated":true}]}}