{"id":2650,"date":"2008-09-04T03:00:00","date_gmt":"2008-09-04T06:00:00","guid":{"rendered":"http:\/\/lappis.org.br\/site\/2008\/09\/04\/entrevista-lenaura-lobato\/"},"modified":"2008-09-04T03:00:00","modified_gmt":"2008-09-04T06:00:00","slug":"entrevista-lenaura-lobato","status":"publish","type":"post","link":"https:\/\/lappis.org.br\/site\/entrevista-lenaura-lobato\/2650","title":{"rendered":"Entrevista Lenaura Lobato"},"content":{"rendered":"<p style=\"text-align: justify;\"> \t<img decoding=\"async\" data-attachment-id=\"2649\" data-permalink=\"https:\/\/lappis.org.br\/site\/entrevista-lenaura-lobato\/2650\/attachment-alt-470\" data-orig-file=\"https:\/\/lappis.org.br\/site\/wp-content\/uploads\/2008\/09\/lenaura.jpg\" data-orig-size=\"215,230\" data-comments-opened=\"1\" data-image-meta=\"{&quot;aperture&quot;:&quot;0&quot;,&quot;credit&quot;:&quot;&quot;,&quot;camera&quot;:&quot;&quot;,&quot;caption&quot;:&quot;&quot;,&quot;created_timestamp&quot;:&quot;0&quot;,&quot;copyright&quot;:&quot;&quot;,&quot;focal_length&quot;:&quot;0&quot;,&quot;iso&quot;:&quot;0&quot;,&quot;shutter_speed&quot;:&quot;0&quot;,&quot;title&quot;:&quot;&quot;,&quot;orientation&quot;:&quot;0&quot;}\" data-image-title=\"alt\" data-image-description=\"\" data-image-caption=\"\" data-medium-file=\"https:\/\/lappis.org.br\/site\/wp-content\/uploads\/2008\/09\/lenaura.jpg\" data-large-file=\"https:\/\/lappis.org.br\/site\/wp-content\/uploads\/2008\/09\/lenaura.jpg\" class=\" alignright size-full wp-image-2649\" alt=\"alt\" src=\"http:\/\/lappis.org.br\/site\/wp-content\/uploads\/2008\/09\/lenaura.jpg\" style=\"margin: 5px; float: right;\" width=\"215\" height=\"230\" \/>A pesquisadora Lenaura Lobato fala da import\u00e2ncia da realiza\u00e7\u00e3o do Semin\u00e1rio &#8220;Seguridade Social e Cidadania: Desafios para uma Sociedade Inclusiva&#8221; dentro das pesquisas de integralidade e cuidado para sa\u00fade p\u00fablica brasileira.<\/p>\n<p>   <strong>BoletIN &#8211; Qual a import\u00e2ncia da realiza\u00e7\u00e3o do Semin\u00e1rio &#8220;Seguridade Social e Cidadania: Desafios para uma Sociedade Inclusiva&#8221; dentro das pesquisas de integralidade e cuidado para sa\u00fade p\u00fablica brasileira?<\/strong> <\/p>\n<p style=\"text-align: justify;\"> \t<strong>Lenaura Lobato<\/strong> &#8211; O semin\u00e1rio faz parte de um grande projeto do cebes de atualiza\u00e7\u00e3o da agenda da reforma sanit\u00e1ria brasileira. O Cebes n\u00e3o \u00e9 uma institui\u00e7\u00e3o acad\u00eamica em sentido estrito,\u00a0\u00a0mas uma associa\u00e7\u00e3o que re\u00fane intelectuais, profissionais e estudantes que defendem a sa\u00fade e a reforma sanit\u00e1ria.\u00a0A produ\u00e7\u00e3o de conhecimento \u00e9 uma das bases importantes de atua\u00e7\u00e3o do cebes, mas sempre o conhecimento com o objetivo de dar suporte \u00e0\u00a0 constru\u00e7\u00e3o de estrat\u00e9gias e \u00e0 pr\u00e1tica pol\u00edtica. Nesse sentido,\u00a0 semin\u00e1rio visa retomar, desde o ponto de vista da reforma sanit\u00e1ria, o tema da seguridade social. A sa\u00fade est\u00e1 constitucionalmente vinculada \u00e0 seguridade e, ao nosso ver, \u00e9 somente nessa perspectiva\u00a0que a integralidade pode se realizar plenamente. A seguridade \u00e9 a no\u00e7\u00e3o de prote\u00e7\u00e3o social ao conjunto dos cidad\u00e3os contra riscos e necessidades que podem atingir a todos indistintamente. Ela visa a constru\u00e7\u00e3o de uma sociedade solid\u00e1ria, na medida em que sup\u00f5e que as necessidades sociais s\u00e3o\u00a0resultado das rela\u00e7\u00f5es sociais e portanto\u00a0responsabilidade do conjunto da sociedade (estado e sociedade civil). E por isso, requer a constru\u00e7\u00e3o e consolida\u00e7\u00e3o de pol\u00edticas e sistemas p\u00fablicos, sob a responsabilidade estatal.\u00a0A\u00a0 integralidade \u00e9 uma no\u00e7\u00e3o complexa e foi esquecida pelo desenvolvimento do SUS at\u00e9 aqui, porque n\u00e3o se coaduna com a perspectiva meramente m\u00e9dico assistencial que temos adotado.\u00a0\u00c9 preciso avan\u00e7ar\u00a0na produ\u00e7\u00e3o do conhecimento (o que o Lappis vem fazendo com louvor)\u00a0e na constru\u00e7\u00e3o de propostas pol\u00edticas de inser\u00e7\u00e3o dessa concep\u00e7\u00e3o na estrutura de sa\u00fade. E do meu ponto de vista isso s\u00f3 \u00e9 poss\u00edvel quando se deixa o campo restrito da sa\u00fade e se abra\u00e7a o campo mais amplo das necessidades sociais. O semin\u00e1rio do Cebes \u00e9 um momento de fazer essa articula\u00e7\u00e3o.<br \/> \t\u00a0\u00a0<br \/> \t<strong>BoletIN\u00a0 &#8211; Como este semin\u00e1rio pode auxiliar no estudo da integralidade e do\u00a0cuidado para os usu\u00e1rios de sa\u00fade p\u00fablica?<br \/> \tLenaura<\/strong> &#8211; Pode auxiliar discutindo a estreita rela\u00e7\u00e3o entre cuidado integral e seguridade social. Contamos que pesquisadores e alunos se vejam estimulados a avan\u00e7ar nessa tarefa.<br \/> \t\u00a0<br \/> \t<strong>BoletIN\u00a0 &#8211; Quais s\u00e3o os principais impasses dentro da quest\u00e3o da Seguridade social brasileira atualmente?<br \/> \tLenaura<\/strong>\u00a0 &#8211; As restri\u00e7\u00f5es impostas pelo modelo econ\u00f4mico que\u00a0marginaliza\u00a0a seguridade social ao trat\u00e1-la como &#8220;gasto\u00a0p\u00fablico excessivo&#8221;,\u00a0&#8220;deficit\u00e1ria&#8221; e que precisa de &#8220;reformas urgentes&#8221;. Um sociedade saud\u00e1vel \u00e9 antes de tudo uma sociedade solid\u00e1ria, que cuida integralmente dos seus, tratando-os n\u00e3o como pobres, miser\u00e1veis, famintos, trabalhadores\u00a0e n\u00e3o trabalhadores; mas como cidad\u00e3os iguais, respeitados em suas diferen\u00e7as, part\u00edcipes da constru\u00e7\u00e3o pol\u00edtica e social do presente e do futuro. N\u00f3s temos s\u00f3 20 anos de seguridade. H\u00e1 ainda muito o que construir, e a \u00e1rea de sa\u00fade tem pale crucial nessa constru\u00e7\u00e3o.\u00a0<br \/> \t\u00a0<br \/> \t<strong>BoletIN\u00a0 &#8211; Qual a fun\u00e7\u00e3o da sa\u00fade na amplia\u00e7\u00e3o da Seguridade Social?<br \/> \tLenaura <\/strong>\u00a0&#8211; Transformar em pol\u00edticas e pr\u00e1ticas a no\u00e7\u00e3o de sa\u00fade integral. Dialogar com outras \u00e1reas sociais,\u00a0criar estrat\u00e9gias de integra\u00e7\u00e3o,\u00a0construir conhecimento que aprofunde as rela\u00e7\u00f5es entre sa\u00fade e vida, sa\u00fade e bem estar, sa\u00fade e\u00a0participa\u00e7\u00e3o\u00a0cidad\u00e3\u00a0integral. E transformar isso em propostas concretas para o sistema de sa\u00fade, para a previd\u00eancia e para a assist\u00eancia social.\u00a0O\u00a0Cebes tem defendido a realiza\u00e7\u00e3o de uma Confer\u00eancia Nacional de Seguridade Social. A sa\u00fade \u00e9 fundamental nessa jornada e esperamos contar com todos os profissionais, gestores, pesquisadores e estudantes. Vamos discutir abertamente o que queremos da sociedade brasileira do futuro em termos de prote\u00e7\u00e3o social. E come\u00e7ar a fazer isso hoje.\u00a0\u00a0<br \/> \t\u00a0<br \/> \t<strong>BoletIN\u00a0 &#8211; Como as mesas de debate podem contribuir para a efic\u00e1cia da realiza\u00e7\u00e3o do Semin\u00e1rio?<br \/> \tLenaura\u00a0<\/strong> &#8211; Os palestrantes s\u00e3o todos especialistas de ponta e de longa data nos temas afeitos\u00a0\u00e0 seguridade social. \u00c9 uma honra para o Cebes poder contar com a colabora\u00e7\u00e3o de cada um e aproveitar de seu conhecimento e experi\u00eancia para nos apoiar na empreitada de difundir,\u00a0defender e aprimorar a Seguridade Social brasileira. \u00a0<br \/> \t\u00a0<\/p>\n","protected":false},"excerpt":{"rendered":"<div class=\"mh-excerpt\"><p style=\"text-align: justify;\"> \t<img decoding=\"async\" class=\" alignright size-full wp-image-2649\" alt=\"alt\" src=\"http:\/\/lappis.org.br\/site\/wp-content\/uploads\/2008\/09\/lenaura.jpg\" style=\"margin: 5px; float: right;\" width=\"215\" height=\"230\" \/>A pesquisadora Lenaura Lobato fala da import\u00e2ncia da realiza\u00e7\u00e3o do Semin\u00e1rio &#8220;Seguridade Social e Cidadania: Desafios para uma Sociedade Inclusiva&#8221; dentro das pesquisas de integralidade e cuidado para sa\u00fade p\u00fablica brasileira.<\/p>\n<p>  <a class=\"mh-excerpt-more\" href=\"https:\/\/lappis.org.br\/site\/entrevista-lenaura-lobato\/2650\" title=\"Entrevista Lenaura Lobato\">[&#8230;]<\/a><\/p>\n<\/div>","protected":false},"author":1,"featured_media":2648,"comment_status":"open","ping_status":"open","sticky":false,"template":"","format":"standard","meta":{"_acf_changed":false,"_exactmetrics_skip_tracking":false,"_exactmetrics_sitenote_active":false,"_exactmetrics_sitenote_note":"","_exactmetrics_sitenote_category":0,"jetpack_post_was_ever_published":false,"_jetpack_newsletter_access":"","_jetpack_dont_email_post_to_subs":false,"_jetpack_newsletter_tier_id":0,"_jetpack_memberships_contains_paywalled_content":false,"_jetpack_memberships_contains_paid_content":false,"footnotes":"","jetpack_publicize_message":"","jetpack_publicize_feature_enabled":true,"jetpack_social_post_already_shared":false,"jetpack_social_options":{"image_generator_settings":{"template":"highway","enabled":false},"version":2}},"categories":[8],"tags":[],"class_list":{"0":"post-2650","1":"post","2":"type-post","3":"status-publish","4":"format-standard","5":"has-post-thumbnail","7":"category-noticia"},"jetpack_publicize_connections":[],"acf":[],"yoast_head":"<!-- This site is optimized with the Yoast SEO plugin v25.2 - https:\/\/yoast.com\/wordpress\/plugins\/seo\/ -->\n<title>Entrevista Lenaura Lobato - Lappis 25 anos<\/title>\n<meta name=\"robots\" content=\"index, follow, max-snippet:-1, max-image-preview:large, max-video-preview:-1\" \/>\n<link rel=\"canonical\" href=\"https:\/\/lappis.org.br\/site\/entrevista-lenaura-lobato\/2650\" \/>\n<meta property=\"og:locale\" content=\"pt_BR\" \/>\n<meta property=\"og:type\" content=\"article\" \/>\n<meta property=\"og:title\" content=\"Entrevista Lenaura Lobato - Lappis 25 anos\" \/>\n<meta property=\"og:description\" content=\"A pesquisadora Lenaura Lobato fala da import\u00e2ncia da realiza\u00e7\u00e3o do Semin\u00e1rio &quot;Seguridade Social e Cidadania: Desafios para uma Sociedade Inclusiva&quot; dentro das pesquisas de integralidade e cuidado para sa\u00fade p\u00fablica brasileira. [...]\" \/>\n<meta property=\"og:url\" content=\"https:\/\/lappis.org.br\/site\/entrevista-lenaura-lobato\/2650\" \/>\n<meta property=\"og:site_name\" content=\"Lappis 25 anos\" \/>\n<meta property=\"article:published_time\" content=\"2008-09-04T06:00:00+00:00\" \/>\n<meta property=\"og:image\" content=\"https:\/\/lappis.org.br\/site\/wp-content\/uploads\/2008\/09\/lenaura.jpg\" \/>\n\t<meta property=\"og:image:width\" content=\"215\" \/>\n\t<meta property=\"og:image:height\" content=\"230\" \/>\n\t<meta property=\"og:image:type\" content=\"image\/jpeg\" \/>\n<meta name=\"author\" content=\"fw2\" \/>\n<meta name=\"twitter:card\" content=\"summary_large_image\" \/>\n<meta name=\"twitter:label1\" content=\"Escrito por\" \/>\n\t<meta name=\"twitter:data1\" content=\"fw2\" \/>\n\t<meta name=\"twitter:label2\" content=\"Est. tempo de leitura\" \/>\n\t<meta name=\"twitter:data2\" content=\"4 minutos\" \/>\n<script type=\"application\/ld+json\" class=\"yoast-schema-graph\">{\"@context\":\"https:\/\/schema.org\",\"@graph\":[{\"@type\":\"Article\",\"@id\":\"https:\/\/lappis.org.br\/site\/entrevista-lenaura-lobato\/2650#article\",\"isPartOf\":{\"@id\":\"https:\/\/lappis.org.br\/site\/entrevista-lenaura-lobato\/2650\"},\"author\":{\"name\":\"fw2\",\"@id\":\"https:\/\/lappis.org.br\/site\/#\/schema\/person\/3852381d08284b5e2716b20bd89bdbcf\"},\"headline\":\"Entrevista Lenaura Lobato\",\"datePublished\":\"2008-09-04T06:00:00+00:00\",\"mainEntityOfPage\":{\"@id\":\"https:\/\/lappis.org.br\/site\/entrevista-lenaura-lobato\/2650\"},\"wordCount\":791,\"commentCount\":0,\"publisher\":{\"@id\":\"https:\/\/lappis.org.br\/site\/#organization\"},\"image\":{\"@id\":\"https:\/\/lappis.org.br\/site\/entrevista-lenaura-lobato\/2650#primaryimage\"},\"thumbnailUrl\":\"https:\/\/lappis.org.br\/site\/wp-content\/uploads\/2008\/09\/lenaura.jpg\",\"articleSection\":[\"Not\u00edcia\"],\"inLanguage\":\"pt-BR\",\"potentialAction\":[{\"@type\":\"CommentAction\",\"name\":\"Comment\",\"target\":[\"https:\/\/lappis.org.br\/site\/entrevista-lenaura-lobato\/2650#respond\"]}]},{\"@type\":\"WebPage\",\"@id\":\"https:\/\/lappis.org.br\/site\/entrevista-lenaura-lobato\/2650\",\"url\":\"https:\/\/lappis.org.br\/site\/entrevista-lenaura-lobato\/2650\",\"name\":\"Entrevista Lenaura Lobato - Lappis 25 anos\",\"isPartOf\":{\"@id\":\"https:\/\/lappis.org.br\/site\/#website\"},\"primaryImageOfPage\":{\"@id\":\"https:\/\/lappis.org.br\/site\/entrevista-lenaura-lobato\/2650#primaryimage\"},\"image\":{\"@id\":\"https:\/\/lappis.org.br\/site\/entrevista-lenaura-lobato\/2650#primaryimage\"},\"thumbnailUrl\":\"https:\/\/lappis.org.br\/site\/wp-content\/uploads\/2008\/09\/lenaura.jpg\",\"datePublished\":\"2008-09-04T06:00:00+00:00\",\"breadcrumb\":{\"@id\":\"https:\/\/lappis.org.br\/site\/entrevista-lenaura-lobato\/2650#breadcrumb\"},\"inLanguage\":\"pt-BR\",\"potentialAction\":[{\"@type\":\"ReadAction\",\"target\":[\"https:\/\/lappis.org.br\/site\/entrevista-lenaura-lobato\/2650\"]}]},{\"@type\":\"ImageObject\",\"inLanguage\":\"pt-BR\",\"@id\":\"https:\/\/lappis.org.br\/site\/entrevista-lenaura-lobato\/2650#primaryimage\",\"url\":\"https:\/\/lappis.org.br\/site\/wp-content\/uploads\/2008\/09\/lenaura.jpg\",\"contentUrl\":\"https:\/\/lappis.org.br\/site\/wp-content\/uploads\/2008\/09\/lenaura.jpg\",\"width\":215,\"height\":230,\"caption\":\"alt\"},{\"@type\":\"BreadcrumbList\",\"@id\":\"https:\/\/lappis.org.br\/site\/entrevista-lenaura-lobato\/2650#breadcrumb\",\"itemListElement\":[{\"@type\":\"ListItem\",\"position\":1,\"name\":\"In\u00edcio\",\"item\":\"https:\/\/lappis.org.br\/site\/\"},{\"@type\":\"ListItem\",\"position\":2,\"name\":\"Entrevista Lenaura Lobato\"}]},{\"@type\":\"WebSite\",\"@id\":\"https:\/\/lappis.org.br\/site\/#website\",\"url\":\"https:\/\/lappis.org.br\/site\/\",\"name\":\"Lappis 25 anos\",\"description\":\"Labotat\u00f3rio de Pesquisas sobre Pr\u00e1ticas de Integralidade em Sa\u00fade\",\"publisher\":{\"@id\":\"https:\/\/lappis.org.br\/site\/#organization\"},\"potentialAction\":[{\"@type\":\"SearchAction\",\"target\":{\"@type\":\"EntryPoint\",\"urlTemplate\":\"https:\/\/lappis.org.br\/site\/?s={search_term_string}\"},\"query-input\":{\"@type\":\"PropertyValueSpecification\",\"valueRequired\":true,\"valueName\":\"search_term_string\"}}],\"inLanguage\":\"pt-BR\"},{\"@type\":\"Organization\",\"@id\":\"https:\/\/lappis.org.br\/site\/#organization\",\"name\":\"Lappis 25 anos\",\"url\":\"https:\/\/lappis.org.br\/site\/\",\"logo\":{\"@type\":\"ImageObject\",\"inLanguage\":\"pt-BR\",\"@id\":\"https:\/\/lappis.org.br\/site\/#\/schema\/logo\/image\/\",\"url\":\"https:\/\/lappis.org.br\/site\/wp-content\/uploads\/2025\/03\/logo-lappis25anos.png\",\"contentUrl\":\"https:\/\/lappis.org.br\/site\/wp-content\/uploads\/2025\/03\/logo-lappis25anos.png\",\"width\":388,\"height\":146,\"caption\":\"Lappis 25 anos\"},\"image\":{\"@id\":\"https:\/\/lappis.org.br\/site\/#\/schema\/logo\/image\/\"}},{\"@type\":\"Person\",\"@id\":\"https:\/\/lappis.org.br\/site\/#\/schema\/person\/3852381d08284b5e2716b20bd89bdbcf\",\"name\":\"fw2\",\"image\":{\"@type\":\"ImageObject\",\"inLanguage\":\"pt-BR\",\"@id\":\"https:\/\/lappis.org.br\/site\/#\/schema\/person\/image\/\",\"url\":\"https:\/\/secure.gravatar.com\/avatar\/c38472c0cdbde82d9b6fcc26adb3779d?s=96&d=mm&r=g\",\"contentUrl\":\"https:\/\/secure.gravatar.com\/avatar\/c38472c0cdbde82d9b6fcc26adb3779d?s=96&d=mm&r=g\",\"caption\":\"fw2\"},\"url\":\"https:\/\/lappis.org.br\/site\/author\/fw2\"}]}<\/script>\n<!-- \/ Yoast SEO plugin. -->","yoast_head_json":{"title":"Entrevista Lenaura Lobato - Lappis 25 anos","robots":{"index":"index","follow":"follow","max-snippet":"max-snippet:-1","max-image-preview":"max-image-preview:large","max-video-preview":"max-video-preview:-1"},"canonical":"https:\/\/lappis.org.br\/site\/entrevista-lenaura-lobato\/2650","og_locale":"pt_BR","og_type":"article","og_title":"Entrevista Lenaura Lobato - Lappis 25 anos","og_description":"A pesquisadora Lenaura Lobato fala da import\u00e2ncia da realiza\u00e7\u00e3o do Semin\u00e1rio \"Seguridade Social e Cidadania: Desafios para uma Sociedade Inclusiva\" dentro das pesquisas de integralidade e cuidado para sa\u00fade p\u00fablica brasileira. [...]","og_url":"https:\/\/lappis.org.br\/site\/entrevista-lenaura-lobato\/2650","og_site_name":"Lappis 25 anos","article_published_time":"2008-09-04T06:00:00+00:00","og_image":[{"width":215,"height":230,"url":"https:\/\/lappis.org.br\/site\/wp-content\/uploads\/2008\/09\/lenaura.jpg","type":"image\/jpeg"}],"author":"fw2","twitter_card":"summary_large_image","twitter_misc":{"Escrito por":"fw2","Est. tempo de leitura":"4 minutos"},"schema":{"@context":"https:\/\/schema.org","@graph":[{"@type":"Article","@id":"https:\/\/lappis.org.br\/site\/entrevista-lenaura-lobato\/2650#article","isPartOf":{"@id":"https:\/\/lappis.org.br\/site\/entrevista-lenaura-lobato\/2650"},"author":{"name":"fw2","@id":"https:\/\/lappis.org.br\/site\/#\/schema\/person\/3852381d08284b5e2716b20bd89bdbcf"},"headline":"Entrevista Lenaura Lobato","datePublished":"2008-09-04T06:00:00+00:00","mainEntityOfPage":{"@id":"https:\/\/lappis.org.br\/site\/entrevista-lenaura-lobato\/2650"},"wordCount":791,"commentCount":0,"publisher":{"@id":"https:\/\/lappis.org.br\/site\/#organization"},"image":{"@id":"https:\/\/lappis.org.br\/site\/entrevista-lenaura-lobato\/2650#primaryimage"},"thumbnailUrl":"https:\/\/lappis.org.br\/site\/wp-content\/uploads\/2008\/09\/lenaura.jpg","articleSection":["Not\u00edcia"],"inLanguage":"pt-BR","potentialAction":[{"@type":"CommentAction","name":"Comment","target":["https:\/\/lappis.org.br\/site\/entrevista-lenaura-lobato\/2650#respond"]}]},{"@type":"WebPage","@id":"https:\/\/lappis.org.br\/site\/entrevista-lenaura-lobato\/2650","url":"https:\/\/lappis.org.br\/site\/entrevista-lenaura-lobato\/2650","name":"Entrevista Lenaura Lobato - Lappis 25 anos","isPartOf":{"@id":"https:\/\/lappis.org.br\/site\/#website"},"primaryImageOfPage":{"@id":"https:\/\/lappis.org.br\/site\/entrevista-lenaura-lobato\/2650#primaryimage"},"image":{"@id":"https:\/\/lappis.org.br\/site\/entrevista-lenaura-lobato\/2650#primaryimage"},"thumbnailUrl":"https:\/\/lappis.org.br\/site\/wp-content\/uploads\/2008\/09\/lenaura.jpg","datePublished":"2008-09-04T06:00:00+00:00","breadcrumb":{"@id":"https:\/\/lappis.org.br\/site\/entrevista-lenaura-lobato\/2650#breadcrumb"},"inLanguage":"pt-BR","potentialAction":[{"@type":"ReadAction","target":["https:\/\/lappis.org.br\/site\/entrevista-lenaura-lobato\/2650"]}]},{"@type":"ImageObject","inLanguage":"pt-BR","@id":"https:\/\/lappis.org.br\/site\/entrevista-lenaura-lobato\/2650#primaryimage","url":"https:\/\/lappis.org.br\/site\/wp-content\/uploads\/2008\/09\/lenaura.jpg","contentUrl":"https:\/\/lappis.org.br\/site\/wp-content\/uploads\/2008\/09\/lenaura.jpg","width":215,"height":230,"caption":"alt"},{"@type":"BreadcrumbList","@id":"https:\/\/lappis.org.br\/site\/entrevista-lenaura-lobato\/2650#breadcrumb","itemListElement":[{"@type":"ListItem","position":1,"name":"In\u00edcio","item":"https:\/\/lappis.org.br\/site\/"},{"@type":"ListItem","position":2,"name":"Entrevista Lenaura Lobato"}]},{"@type":"WebSite","@id":"https:\/\/lappis.org.br\/site\/#website","url":"https:\/\/lappis.org.br\/site\/","name":"Lappis 25 anos","description":"Labotat\u00f3rio de Pesquisas sobre Pr\u00e1ticas de Integralidade em Sa\u00fade","publisher":{"@id":"https:\/\/lappis.org.br\/site\/#organization"},"potentialAction":[{"@type":"SearchAction","target":{"@type":"EntryPoint","urlTemplate":"https:\/\/lappis.org.br\/site\/?s={search_term_string}"},"query-input":{"@type":"PropertyValueSpecification","valueRequired":true,"valueName":"search_term_string"}}],"inLanguage":"pt-BR"},{"@type":"Organization","@id":"https:\/\/lappis.org.br\/site\/#organization","name":"Lappis 25 anos","url":"https:\/\/lappis.org.br\/site\/","logo":{"@type":"ImageObject","inLanguage":"pt-BR","@id":"https:\/\/lappis.org.br\/site\/#\/schema\/logo\/image\/","url":"https:\/\/lappis.org.br\/site\/wp-content\/uploads\/2025\/03\/logo-lappis25anos.png","contentUrl":"https:\/\/lappis.org.br\/site\/wp-content\/uploads\/2025\/03\/logo-lappis25anos.png","width":388,"height":146,"caption":"Lappis 25 anos"},"image":{"@id":"https:\/\/lappis.org.br\/site\/#\/schema\/logo\/image\/"}},{"@type":"Person","@id":"https:\/\/lappis.org.br\/site\/#\/schema\/person\/3852381d08284b5e2716b20bd89bdbcf","name":"fw2","image":{"@type":"ImageObject","inLanguage":"pt-BR","@id":"https:\/\/lappis.org.br\/site\/#\/schema\/person\/image\/","url":"https:\/\/secure.gravatar.com\/avatar\/c38472c0cdbde82d9b6fcc26adb3779d?s=96&d=mm&r=g","contentUrl":"https:\/\/secure.gravatar.com\/avatar\/c38472c0cdbde82d9b6fcc26adb3779d?s=96&d=mm&r=g","caption":"fw2"},"url":"https:\/\/lappis.org.br\/site\/author\/fw2"}]}},"jetpack_featured_media_url":"https:\/\/lappis.org.br\/site\/wp-content\/uploads\/2008\/09\/lenaura.jpg","jetpack_shortlink":"https:\/\/wp.me\/p954Nh-GK","jetpack_sharing_enabled":true,"_links":{"self":[{"href":"https:\/\/lappis.org.br\/site\/wp-json\/wp\/v2\/posts\/2650"}],"collection":[{"href":"https:\/\/lappis.org.br\/site\/wp-json\/wp\/v2\/posts"}],"about":[{"href":"https:\/\/lappis.org.br\/site\/wp-json\/wp\/v2\/types\/post"}],"author":[{"embeddable":true,"href":"https:\/\/lappis.org.br\/site\/wp-json\/wp\/v2\/users\/1"}],"replies":[{"embeddable":true,"href":"https:\/\/lappis.org.br\/site\/wp-json\/wp\/v2\/comments?post=2650"}],"version-history":[{"count":0,"href":"https:\/\/lappis.org.br\/site\/wp-json\/wp\/v2\/posts\/2650\/revisions"}],"wp:featuredmedia":[{"embeddable":true,"href":"https:\/\/lappis.org.br\/site\/wp-json\/wp\/v2\/media\/2648"}],"wp:attachment":[{"href":"https:\/\/lappis.org.br\/site\/wp-json\/wp\/v2\/media?parent=2650"}],"wp:term":[{"taxonomy":"category","embeddable":true,"href":"https:\/\/lappis.org.br\/site\/wp-json\/wp\/v2\/categories?post=2650"},{"taxonomy":"post_tag","embeddable":true,"href":"https:\/\/lappis.org.br\/site\/wp-json\/wp\/v2\/tags?post=2650"}],"curies":[{"name":"wp","href":"https:\/\/api.w.org\/{rel}","templated":true}]}}