{"id":2643,"date":"2008-09-04T03:00:00","date_gmt":"2008-09-04T06:00:00","guid":{"rendered":"http:\/\/lappis.org.br\/site\/2008\/09\/04\/viii-seminario-integralidade-confira-o-perfil-dos-participantes\/"},"modified":"2008-09-04T03:00:00","modified_gmt":"2008-09-04T06:00:00","slug":"viii-seminario-integralidade-confira-o-perfil-dos-participantes","status":"publish","type":"post","link":"https:\/\/lappis.org.br\/site\/viii-seminario-integralidade-confira-o-perfil-dos-participantes\/2643","title":{"rendered":"VIII Semin\u00e1rio Integralidade: Confira o perfil dos participantes"},"content":{"rendered":"<p><em>Na reta final para a realiza\u00e7\u00e3o do Semin\u00e1rio Integralidade, o LAPPIS contabilizou mais de 1300 inscritos. O BoletIN buscou tra\u00e7ar um perfil dos participantes para otimizar as estimativas e potencializar as expectativas de realiza\u00e7\u00e3o do evento. <\/em><br \/>   Mais de 1300 inscritos para o VIII Semin\u00e1rio Integralidade que ser\u00e1 realizado nos pr\u00f3ximos dias 10,11 e 12 de Setembro. O BoletIN buscou tra\u00e7ar um perfil dos participantes para otimizar as estimativas e potencializar as expectativas de realiza\u00e7\u00e3o do evento. Segundo os organizadores do Semin\u00e1rio, as inscri\u00e7\u00f5es aumentaram cerca de 30% em rela\u00e7\u00e3o ao evento realizado em 2007. O projeto &#8220;Integralidade &#8211;\u00a0 Saberes e pr\u00e1ticas no cotidiano das institui\u00e7\u00f5es de sa\u00fade&#8221; procura pautar as quest\u00f5es que norteiam o tema\u00a0 <strong>Cuidar do cuidado: responsabilidade nos 20 anos do SUS constitucional e incentivar as reflex\u00f5es a respeito do assunto.<\/strong><\/p>\n<p> Dentre profissionais interessados em participar se destacam m\u00e9dicos, enfermeiros, assistentes sociais, professores, psic\u00f3logos e nutricionistas de diversas secretarias\u00a0 municipais e estaduais.\u00a0 Dados fornecidos pelos organizadores do semin\u00e1rio revelam que o maior n\u00famero de inscritos s\u00e3o das universidades. O Lappis recebeu inscri\u00e7\u00f5es de todo o Brasil, dentre as universidades est\u00e3o UFF, UFRJ, \u00a0UERJ, Universidade Federal de Juiz de Fora,\u00a0 Universidade Federal de Santa Catarina, UNIFESP, UFMT, UFRGS, UFPE, EERP\/USP, Universidade Estadual de Londrina, Universidade Federal do Par\u00e1, UNIVALI, Universidade de Goi\u00e1s, UFMG, Universidade Estadual do Ceara, PUCRS, UFES. E ainda temos inscritos da Escola Nacional de Sa\u00fade Publica de Lisboa.\u00a0 Dos servi\u00e7os, temos gestores e profissionais de sa\u00fade das Secretarias Municipais de Porto Alegre (RS), Betim (MG), Bel\u00e9m (PA), Resende (RJ), Volta Redonda (RJ), Japeri (RJ), Paracambi (RJ),Vale do Itaja\u00ed (SC), Niter\u00f3i (RJ), Joinvile (SC), Caruaru (PE),\u00a0 Santana de Parna\u00edba, Vit\u00f3ria e Sumidouro. Das Secretarias Municipais, temos da Bahia, Rio de Janeiro, de Santa Catarina, do Rio Grande do Sul.<\/p>\n<p> O perfil dos inscritos aponta que n\u00e3o apenas profissionais ligados a pr\u00e1ticas cuidadoras de sa\u00fade demonstram interesse em participar do semin\u00e1rio e dos ateli\u00eas. O aumento significativo das inscri\u00e7\u00f5es em detrimento do ano que passou indica aumento do interesse da comunidade acad\u00eamica em refletir as quest\u00f5es pertinentes a este assunto. No ano em que o Sistema \u00fanico de Sa\u00fade comemora 20 anos de exist\u00eancia, os percentuais mostram a import\u00e2ncia da conscientiza\u00e7\u00e3o por parte da sociedade civil em discutir essas quest\u00f5es. Outro fato observado pelos organizadores do evento \u00e9 que cerca de 90% dos inscritos participam pela primeira vez do semin\u00e1rio. Fato que indicar\u00e1 novas perspectivas e otimizam as expectativas em torno do semin\u00e1rio. A renova\u00e7\u00e3o e diversidade de participantes trar\u00e3o novo g\u00e1s \u00e0s mesas de debates e s\u00f3 contribu\u00edram para que o semin\u00e1rio seja bem sucedido.<\/p>\n<p> O projeto &#8220;Integralidade: Saberes e Pr\u00e1ticas no Cotidiano das Institui\u00e7\u00f5es de Sa\u00fade&#8221;, em sua segunda fase, constitui o eixo anal\u00edtico, dial\u00f3gico e estruturante das atividades do LAPPIS relacionadas a estudos sobre experi\u00eancias inovadoras que v\u00eam emergindo do processo de consolida\u00e7\u00e3o do SUS. Desde o ano 2000 o projeto se preocupa em compreender os sentidos e significados atribu\u00eddos ao princ\u00edpio da integralidade e para a elabora\u00e7\u00e3o de ferramentas de an\u00e1lise de programas e servi\u00e7os centrados nessa diretriz.\u00a0 Como \u00e9 tradi\u00e7\u00e3o ser\u00e1 lan\u00e7ados uma colet\u00e2nea com os trabalhos apresentados pelos palestrantes, al\u00e9m de resultados de pesquisa realizada pelos pesquisadores integrantes do LAPPIS, com o mesmo titulo do Semin\u00e1rio. A coordenadora encerra: &ldquo;penso que a vitalidade do tema e a expressiva indica\u00e7\u00e3o de nossas publica\u00e7\u00f5es, traduzem o compromisso e a responsabilidade, sobretudo o cuidado que temos com aqueles que buscam fontes para suas reflex\u00f5es. Entendo como uma atitude de afirma\u00e7\u00e3o do direito \u00e0 sa\u00fade, como direito humano. Fico contente e revitalizada. Configura o pr\u00f3prio <em>ethos <\/em>p\u00fablico de nosso trabalho, de nossa produ\u00e7\u00e3o, da nossa universidade, em que pese passar por momentos dif\u00edceis, de estado de greve, tendo em vista a longa aus\u00eancia de ajustes salariais&rdquo;.<br \/> Em 2007 foi realizado o VII Semin\u00e1rio Nacional do Projeto Integralidade, com a participa\u00e7\u00e3o de profissionais, gestores, pesquisadores, docentes, representantes da sociedade civil organizada, estudantes de gradua\u00e7\u00e3o e p\u00f3s-gradua\u00e7\u00e3o. Em cada um dos eventos, foram apresentados trabalhos realizados pelos pesquisadores e colaboradores do projeto, reunidos na colet\u00e2nea: Raz\u00f5es p\u00fablicas para integralidade em sa\u00fade: o cuidado como valor, quase esgotado, como afirma a coordenadora: &ldquo;Bem vindo ao evento, que dele se inscreveu e que n\u00e3o se inscreveu pode vir tamb\u00e9m, pois realizaremos inscri\u00e7\u00f5es na hora, somente no primeiro dia.&rdquo;<br \/> \u00a0<\/p>\n","protected":false},"excerpt":{"rendered":"<div class=\"mh-excerpt\"><p><em>Na reta final para a realiza\u00e7\u00e3o do Semin\u00e1rio Integralidade, o LAPPIS contabilizou mais de 1300 inscritos. O BoletIN buscou tra\u00e7ar um perfil dos participantes para otimizar as estimativas e potencializar as expectativas de realiza\u00e7\u00e3o do evento. <\/em><br \/>  <a class=\"mh-excerpt-more\" href=\"https:\/\/lappis.org.br\/site\/viii-seminario-integralidade-confira-o-perfil-dos-participantes\/2643\" title=\"VIII Semin\u00e1rio Integralidade: Confira o perfil dos participantes\">[&#8230;]<\/a><\/p>\n<\/div>","protected":false},"author":1,"featured_media":0,"comment_status":"open","ping_status":"open","sticky":false,"template":"","format":"standard","meta":{"_acf_changed":false,"_exactmetrics_skip_tracking":false,"_exactmetrics_sitenote_active":false,"_exactmetrics_sitenote_note":"","_exactmetrics_sitenote_category":0,"jetpack_post_was_ever_published":false,"_jetpack_newsletter_access":"","_jetpack_dont_email_post_to_subs":false,"_jetpack_newsletter_tier_id":0,"_jetpack_memberships_contains_paywalled_content":false,"_jetpack_memberships_contains_paid_content":false,"footnotes":"","jetpack_publicize_message":"","jetpack_publicize_feature_enabled":true,"jetpack_social_post_already_shared":false,"jetpack_social_options":{"image_generator_settings":{"template":"highway","enabled":false},"version":2}},"categories":[8],"tags":[],"class_list":{"0":"post-2643","1":"post","2":"type-post","3":"status-publish","4":"format-standard","6":"category-noticia"},"jetpack_publicize_connections":[],"acf":[],"yoast_head":"<!-- This site is optimized with the Yoast SEO plugin v25.2 - https:\/\/yoast.com\/wordpress\/plugins\/seo\/ -->\n<title>VIII Semin\u00e1rio Integralidade: Confira o perfil dos participantes - Lappis 25 anos<\/title>\n<meta name=\"robots\" content=\"index, follow, max-snippet:-1, max-image-preview:large, max-video-preview:-1\" \/>\n<link rel=\"canonical\" href=\"https:\/\/lappis.org.br\/site\/viii-seminario-integralidade-confira-o-perfil-dos-participantes\/2643\" \/>\n<meta property=\"og:locale\" content=\"pt_BR\" \/>\n<meta property=\"og:type\" content=\"article\" \/>\n<meta property=\"og:title\" content=\"VIII Semin\u00e1rio Integralidade: Confira o perfil dos participantes - Lappis 25 anos\" \/>\n<meta property=\"og:description\" content=\"Na reta final para a realiza\u00e7\u00e3o do Semin\u00e1rio Integralidade, o LAPPIS contabilizou mais de 1300 inscritos. O BoletIN buscou tra\u00e7ar um perfil dos participantes para otimizar as estimativas e potencializar as expectativas de realiza\u00e7\u00e3o do evento.  [...]\" \/>\n<meta property=\"og:url\" content=\"https:\/\/lappis.org.br\/site\/viii-seminario-integralidade-confira-o-perfil-dos-participantes\/2643\" \/>\n<meta property=\"og:site_name\" content=\"Lappis 25 anos\" \/>\n<meta property=\"article:published_time\" content=\"2008-09-04T06:00:00+00:00\" \/>\n<meta name=\"author\" content=\"fw2\" \/>\n<meta name=\"twitter:card\" content=\"summary_large_image\" \/>\n<meta name=\"twitter:label1\" content=\"Escrito por\" \/>\n\t<meta name=\"twitter:data1\" content=\"fw2\" \/>\n\t<meta name=\"twitter:label2\" content=\"Est. tempo de leitura\" \/>\n\t<meta name=\"twitter:data2\" content=\"4 minutos\" \/>\n<script type=\"application\/ld+json\" class=\"yoast-schema-graph\">{\"@context\":\"https:\/\/schema.org\",\"@graph\":[{\"@type\":\"Article\",\"@id\":\"https:\/\/lappis.org.br\/site\/viii-seminario-integralidade-confira-o-perfil-dos-participantes\/2643#article\",\"isPartOf\":{\"@id\":\"https:\/\/lappis.org.br\/site\/viii-seminario-integralidade-confira-o-perfil-dos-participantes\/2643\"},\"author\":{\"name\":\"fw2\",\"@id\":\"https:\/\/lappis.org.br\/site\/#\/schema\/person\/3852381d08284b5e2716b20bd89bdbcf\"},\"headline\":\"VIII Semin\u00e1rio Integralidade: Confira o perfil dos participantes\",\"datePublished\":\"2008-09-04T06:00:00+00:00\",\"mainEntityOfPage\":{\"@id\":\"https:\/\/lappis.org.br\/site\/viii-seminario-integralidade-confira-o-perfil-dos-participantes\/2643\"},\"wordCount\":800,\"commentCount\":0,\"publisher\":{\"@id\":\"https:\/\/lappis.org.br\/site\/#organization\"},\"articleSection\":[\"Not\u00edcia\"],\"inLanguage\":\"pt-BR\",\"potentialAction\":[{\"@type\":\"CommentAction\",\"name\":\"Comment\",\"target\":[\"https:\/\/lappis.org.br\/site\/viii-seminario-integralidade-confira-o-perfil-dos-participantes\/2643#respond\"]}]},{\"@type\":\"WebPage\",\"@id\":\"https:\/\/lappis.org.br\/site\/viii-seminario-integralidade-confira-o-perfil-dos-participantes\/2643\",\"url\":\"https:\/\/lappis.org.br\/site\/viii-seminario-integralidade-confira-o-perfil-dos-participantes\/2643\",\"name\":\"VIII Semin\u00e1rio Integralidade: Confira o perfil dos participantes - Lappis 25 anos\",\"isPartOf\":{\"@id\":\"https:\/\/lappis.org.br\/site\/#website\"},\"datePublished\":\"2008-09-04T06:00:00+00:00\",\"breadcrumb\":{\"@id\":\"https:\/\/lappis.org.br\/site\/viii-seminario-integralidade-confira-o-perfil-dos-participantes\/2643#breadcrumb\"},\"inLanguage\":\"pt-BR\",\"potentialAction\":[{\"@type\":\"ReadAction\",\"target\":[\"https:\/\/lappis.org.br\/site\/viii-seminario-integralidade-confira-o-perfil-dos-participantes\/2643\"]}]},{\"@type\":\"BreadcrumbList\",\"@id\":\"https:\/\/lappis.org.br\/site\/viii-seminario-integralidade-confira-o-perfil-dos-participantes\/2643#breadcrumb\",\"itemListElement\":[{\"@type\":\"ListItem\",\"position\":1,\"name\":\"In\u00edcio\",\"item\":\"https:\/\/lappis.org.br\/site\/\"},{\"@type\":\"ListItem\",\"position\":2,\"name\":\"VIII Semin\u00e1rio Integralidade: Confira o perfil dos participantes\"}]},{\"@type\":\"WebSite\",\"@id\":\"https:\/\/lappis.org.br\/site\/#website\",\"url\":\"https:\/\/lappis.org.br\/site\/\",\"name\":\"Lappis 25 anos\",\"description\":\"Labotat\u00f3rio de Pesquisas sobre Pr\u00e1ticas de Integralidade em Sa\u00fade\",\"publisher\":{\"@id\":\"https:\/\/lappis.org.br\/site\/#organization\"},\"potentialAction\":[{\"@type\":\"SearchAction\",\"target\":{\"@type\":\"EntryPoint\",\"urlTemplate\":\"https:\/\/lappis.org.br\/site\/?s={search_term_string}\"},\"query-input\":{\"@type\":\"PropertyValueSpecification\",\"valueRequired\":true,\"valueName\":\"search_term_string\"}}],\"inLanguage\":\"pt-BR\"},{\"@type\":\"Organization\",\"@id\":\"https:\/\/lappis.org.br\/site\/#organization\",\"name\":\"Lappis 25 anos\",\"url\":\"https:\/\/lappis.org.br\/site\/\",\"logo\":{\"@type\":\"ImageObject\",\"inLanguage\":\"pt-BR\",\"@id\":\"https:\/\/lappis.org.br\/site\/#\/schema\/logo\/image\/\",\"url\":\"https:\/\/lappis.org.br\/site\/wp-content\/uploads\/2025\/03\/logo-lappis25anos.png\",\"contentUrl\":\"https:\/\/lappis.org.br\/site\/wp-content\/uploads\/2025\/03\/logo-lappis25anos.png\",\"width\":388,\"height\":146,\"caption\":\"Lappis 25 anos\"},\"image\":{\"@id\":\"https:\/\/lappis.org.br\/site\/#\/schema\/logo\/image\/\"}},{\"@type\":\"Person\",\"@id\":\"https:\/\/lappis.org.br\/site\/#\/schema\/person\/3852381d08284b5e2716b20bd89bdbcf\",\"name\":\"fw2\",\"image\":{\"@type\":\"ImageObject\",\"inLanguage\":\"pt-BR\",\"@id\":\"https:\/\/lappis.org.br\/site\/#\/schema\/person\/image\/\",\"url\":\"https:\/\/secure.gravatar.com\/avatar\/c38472c0cdbde82d9b6fcc26adb3779d?s=96&d=mm&r=g\",\"contentUrl\":\"https:\/\/secure.gravatar.com\/avatar\/c38472c0cdbde82d9b6fcc26adb3779d?s=96&d=mm&r=g\",\"caption\":\"fw2\"},\"url\":\"https:\/\/lappis.org.br\/site\/author\/fw2\"}]}<\/script>\n<!-- \/ Yoast SEO plugin. -->","yoast_head_json":{"title":"VIII Semin\u00e1rio Integralidade: Confira o perfil dos participantes - Lappis 25 anos","robots":{"index":"index","follow":"follow","max-snippet":"max-snippet:-1","max-image-preview":"max-image-preview:large","max-video-preview":"max-video-preview:-1"},"canonical":"https:\/\/lappis.org.br\/site\/viii-seminario-integralidade-confira-o-perfil-dos-participantes\/2643","og_locale":"pt_BR","og_type":"article","og_title":"VIII Semin\u00e1rio Integralidade: Confira o perfil dos participantes - Lappis 25 anos","og_description":"Na reta final para a realiza\u00e7\u00e3o do Semin\u00e1rio Integralidade, o LAPPIS contabilizou mais de 1300 inscritos. O BoletIN buscou tra\u00e7ar um perfil dos participantes para otimizar as estimativas e potencializar as expectativas de realiza\u00e7\u00e3o do evento.  [...]","og_url":"https:\/\/lappis.org.br\/site\/viii-seminario-integralidade-confira-o-perfil-dos-participantes\/2643","og_site_name":"Lappis 25 anos","article_published_time":"2008-09-04T06:00:00+00:00","author":"fw2","twitter_card":"summary_large_image","twitter_misc":{"Escrito por":"fw2","Est. tempo de leitura":"4 minutos"},"schema":{"@context":"https:\/\/schema.org","@graph":[{"@type":"Article","@id":"https:\/\/lappis.org.br\/site\/viii-seminario-integralidade-confira-o-perfil-dos-participantes\/2643#article","isPartOf":{"@id":"https:\/\/lappis.org.br\/site\/viii-seminario-integralidade-confira-o-perfil-dos-participantes\/2643"},"author":{"name":"fw2","@id":"https:\/\/lappis.org.br\/site\/#\/schema\/person\/3852381d08284b5e2716b20bd89bdbcf"},"headline":"VIII Semin\u00e1rio Integralidade: Confira o perfil dos participantes","datePublished":"2008-09-04T06:00:00+00:00","mainEntityOfPage":{"@id":"https:\/\/lappis.org.br\/site\/viii-seminario-integralidade-confira-o-perfil-dos-participantes\/2643"},"wordCount":800,"commentCount":0,"publisher":{"@id":"https:\/\/lappis.org.br\/site\/#organization"},"articleSection":["Not\u00edcia"],"inLanguage":"pt-BR","potentialAction":[{"@type":"CommentAction","name":"Comment","target":["https:\/\/lappis.org.br\/site\/viii-seminario-integralidade-confira-o-perfil-dos-participantes\/2643#respond"]}]},{"@type":"WebPage","@id":"https:\/\/lappis.org.br\/site\/viii-seminario-integralidade-confira-o-perfil-dos-participantes\/2643","url":"https:\/\/lappis.org.br\/site\/viii-seminario-integralidade-confira-o-perfil-dos-participantes\/2643","name":"VIII Semin\u00e1rio Integralidade: Confira o perfil dos participantes - Lappis 25 anos","isPartOf":{"@id":"https:\/\/lappis.org.br\/site\/#website"},"datePublished":"2008-09-04T06:00:00+00:00","breadcrumb":{"@id":"https:\/\/lappis.org.br\/site\/viii-seminario-integralidade-confira-o-perfil-dos-participantes\/2643#breadcrumb"},"inLanguage":"pt-BR","potentialAction":[{"@type":"ReadAction","target":["https:\/\/lappis.org.br\/site\/viii-seminario-integralidade-confira-o-perfil-dos-participantes\/2643"]}]},{"@type":"BreadcrumbList","@id":"https:\/\/lappis.org.br\/site\/viii-seminario-integralidade-confira-o-perfil-dos-participantes\/2643#breadcrumb","itemListElement":[{"@type":"ListItem","position":1,"name":"In\u00edcio","item":"https:\/\/lappis.org.br\/site\/"},{"@type":"ListItem","position":2,"name":"VIII Semin\u00e1rio Integralidade: Confira o perfil dos participantes"}]},{"@type":"WebSite","@id":"https:\/\/lappis.org.br\/site\/#website","url":"https:\/\/lappis.org.br\/site\/","name":"Lappis 25 anos","description":"Labotat\u00f3rio de Pesquisas sobre Pr\u00e1ticas de Integralidade em Sa\u00fade","publisher":{"@id":"https:\/\/lappis.org.br\/site\/#organization"},"potentialAction":[{"@type":"SearchAction","target":{"@type":"EntryPoint","urlTemplate":"https:\/\/lappis.org.br\/site\/?s={search_term_string}"},"query-input":{"@type":"PropertyValueSpecification","valueRequired":true,"valueName":"search_term_string"}}],"inLanguage":"pt-BR"},{"@type":"Organization","@id":"https:\/\/lappis.org.br\/site\/#organization","name":"Lappis 25 anos","url":"https:\/\/lappis.org.br\/site\/","logo":{"@type":"ImageObject","inLanguage":"pt-BR","@id":"https:\/\/lappis.org.br\/site\/#\/schema\/logo\/image\/","url":"https:\/\/lappis.org.br\/site\/wp-content\/uploads\/2025\/03\/logo-lappis25anos.png","contentUrl":"https:\/\/lappis.org.br\/site\/wp-content\/uploads\/2025\/03\/logo-lappis25anos.png","width":388,"height":146,"caption":"Lappis 25 anos"},"image":{"@id":"https:\/\/lappis.org.br\/site\/#\/schema\/logo\/image\/"}},{"@type":"Person","@id":"https:\/\/lappis.org.br\/site\/#\/schema\/person\/3852381d08284b5e2716b20bd89bdbcf","name":"fw2","image":{"@type":"ImageObject","inLanguage":"pt-BR","@id":"https:\/\/lappis.org.br\/site\/#\/schema\/person\/image\/","url":"https:\/\/secure.gravatar.com\/avatar\/c38472c0cdbde82d9b6fcc26adb3779d?s=96&d=mm&r=g","contentUrl":"https:\/\/secure.gravatar.com\/avatar\/c38472c0cdbde82d9b6fcc26adb3779d?s=96&d=mm&r=g","caption":"fw2"},"url":"https:\/\/lappis.org.br\/site\/author\/fw2"}]}},"jetpack_featured_media_url":"","jetpack_shortlink":"https:\/\/wp.me\/p954Nh-GD","jetpack_sharing_enabled":true,"_links":{"self":[{"href":"https:\/\/lappis.org.br\/site\/wp-json\/wp\/v2\/posts\/2643"}],"collection":[{"href":"https:\/\/lappis.org.br\/site\/wp-json\/wp\/v2\/posts"}],"about":[{"href":"https:\/\/lappis.org.br\/site\/wp-json\/wp\/v2\/types\/post"}],"author":[{"embeddable":true,"href":"https:\/\/lappis.org.br\/site\/wp-json\/wp\/v2\/users\/1"}],"replies":[{"embeddable":true,"href":"https:\/\/lappis.org.br\/site\/wp-json\/wp\/v2\/comments?post=2643"}],"version-history":[{"count":0,"href":"https:\/\/lappis.org.br\/site\/wp-json\/wp\/v2\/posts\/2643\/revisions"}],"wp:attachment":[{"href":"https:\/\/lappis.org.br\/site\/wp-json\/wp\/v2\/media?parent=2643"}],"wp:term":[{"taxonomy":"category","embeddable":true,"href":"https:\/\/lappis.org.br\/site\/wp-json\/wp\/v2\/categories?post=2643"},{"taxonomy":"post_tag","embeddable":true,"href":"https:\/\/lappis.org.br\/site\/wp-json\/wp\/v2\/tags?post=2643"}],"curies":[{"name":"wp","href":"https:\/\/api.w.org\/{rel}","templated":true}]}}