{"id":2636,"date":"2008-08-25T03:00:00","date_gmt":"2008-08-25T06:00:00","guid":{"rendered":"http:\/\/lappis.org.br\/site\/2008\/08\/25\/viii-seminario-e-atelie-do-cuidado-contagem-regressiva\/"},"modified":"2008-08-25T03:00:00","modified_gmt":"2008-08-25T06:00:00","slug":"viii-seminario-e-atelie-do-cuidado-contagem-regressiva","status":"publish","type":"post","link":"https:\/\/lappis.org.br\/site\/viii-seminario-e-atelie-do-cuidado-contagem-regressiva\/2636","title":{"rendered":"VIII Semin\u00e1rio e Ateli\u00ea do Cuidado: Contagem regressiva"},"content":{"rendered":"<p style=\"text-align: justify;\"> \t<img fetchpriority=\"high\" decoding=\"async\" data-attachment-id=\"2633\" data-permalink=\"https:\/\/lappis.org.br\/site\/viii-seminario-e-atelie-do-cuidado-contagem-regressiva\/2636\/attachment-alt-460\" data-orig-file=\"https:\/\/lappis.org.br\/site\/wp-content\/uploads\/2008\/08\/grupo.JPG\" data-orig-size=\"276,350\" data-comments-opened=\"1\" data-image-meta=\"{&quot;aperture&quot;:&quot;0&quot;,&quot;credit&quot;:&quot;&quot;,&quot;camera&quot;:&quot;&quot;,&quot;caption&quot;:&quot;&quot;,&quot;created_timestamp&quot;:&quot;0&quot;,&quot;copyright&quot;:&quot;&quot;,&quot;focal_length&quot;:&quot;0&quot;,&quot;iso&quot;:&quot;0&quot;,&quot;shutter_speed&quot;:&quot;0&quot;,&quot;title&quot;:&quot;&quot;,&quot;orientation&quot;:&quot;0&quot;}\" data-image-title=\"alt\" data-image-description=\"\" data-image-caption=\"\" data-medium-file=\"https:\/\/lappis.org.br\/site\/wp-content\/uploads\/2008\/08\/grupo-237x300.jpg\" data-large-file=\"https:\/\/lappis.org.br\/site\/wp-content\/uploads\/2008\/08\/grupo.JPG\" class=\" alignleft size-full wp-image-2633\" alt=\"alt\" src=\"http:\/\/lappis.org.br\/site\/wp-content\/uploads\/2008\/08\/grupo.JPG\" style=\"margin: 5px; float: left;\" width=\"276\" height=\"350\" srcset=\"https:\/\/lappis.org.br\/site\/wp-content\/uploads\/2008\/08\/grupo.JPG 276w, https:\/\/lappis.org.br\/site\/wp-content\/uploads\/2008\/08\/grupo-237x300.jpg 237w\" sizes=\"(max-width: 276px) 100vw, 276px\" \/>O VIII Semin\u00e1rio da Integralidade, que acontecer\u00e1 nos pr\u00f3ximos dias 10,11 e 12 de Setembro no audit\u00f3rio II da UERJ recebeu para esta edi\u00e7\u00e3o mais de mil inscri\u00e7\u00f5es. \u00c9 expressiva a demanda de profissionais de diversas \u00e1reas de interesse tais como m\u00e9dicos, psic\u00f3logos, assistentes sociais e professores, al\u00e9m de estudantes vinculados a institui\u00e7\u00f5es de todo o pa\u00eds. Os trabalhos enviados demonstraram interesse em participar do evento para debater e refletir junto aos pesquisadores a quest\u00e3o da integralidade dentro de um contexto social do cuidado com e para o usu\u00e1rio.\u00a0A maioria dos interessados participa pela primeira vez do evento e as expectativas s\u00e3o as melhores.<\/p>\n<p style=\"text-align: justify;\"> \tO expositor Felipe Asensi, integrante da mesa que vai debater a quest\u00e3o da &ldquo;Responsabilidade e decis\u00e3o no cuidado: \u00e9 poss\u00edvel fundar um <em>ethos<\/em> p\u00fablico na sa\u00fade?&rdquo;, destaca a import\u00e2ncia de se compreender a responsabilidade no cuidado, e que este assunto envolve aspectos de fundamental import\u00e2ncia: &ldquo;Existem responsabilidades, para al\u00e9m de\u00a0 perspectivas externas que dizem respeito a of\u00edcios de cada um no sistema de sa\u00fade. Fato que por sua vez, implica em compromisso social para com o usu\u00e1rio, que \u00e9 o titular deste direito constitucional. \u00c9 importante compreender que a responsabilidade no cuidado envolve muito mais do que\u00a0o exerc\u00edcio puro e simples das fun\u00e7\u00f5es dos\u00a0diversos atores que comp\u00f5em o processo de formula\u00e7\u00e3o, fiscaliza\u00e7\u00e3o e execu\u00e7\u00e3o das pol\u00edticas de sa\u00fade&rdquo;,\u00a0 acredita o pesquisador.<\/p>\n<p style=\"text-align: justify;\"> \tAs inscri\u00e7\u00f5es ainda est\u00e3o abertas tanto para o Semin\u00e1rio quanto para o ateli\u00ea da Integralidade, que ter\u00e1 tr\u00eas \u00e1reas de interesses: ensino, pesquisa e servi\u00e7o.Para o ateli\u00ea ensino, os trabalhos &ldquo;Ensino da sa\u00fade no hospital universit\u00e1rio de Juiz de Fora: uma experi\u00eancia interdisciplinar na pediatria&rdquo;, &ldquo;A forma\u00e7\u00e3o orientada por compet\u00eancia: a integralidade no cuidado em sa\u00fade&rdquo;, &ldquo;O cuidado integral como categoria norteadora do programa te\u00f3rico de n\u00facleo do programa de resid\u00eancia m\u00e9dica em medicina de fam\u00edlia e comunidade do servi\u00e7o de sa\u00fade comunit\u00e1ria Porto Alegre &ndash;RS&rdquo;, &ldquo; Representa\u00e7\u00e3o social da medicina social da medicina em estudantes do primeiro per\u00edodo da UFAC e as possibilidades de ensino e aprendizagem&rdquo;, &ldquo; O encontro com a morte e os desejos de mudan\u00e7as na forma\u00e7\u00e3o m\u00e9dica: a procura do mestre Quiron&rdquo;, ser\u00e3o avaliados respectivamente, pelos pesquisadores L\u00edlian Koifman &ndash; Pesquisadora da Universidade Federal Fluminense para os tr\u00eas primeiros citados, Roseni Pinheiro &ndash; Coordenadora do Laborat\u00f3rio de Pesquisas em Integralidade e Oct\u00e1vio Bonnet.<\/p>\n<p> \t<img decoding=\"async\" data-attachment-id=\"2634\" data-permalink=\"https:\/\/lappis.org.br\/site\/viii-seminario-e-atelie-do-cuidado-contagem-regressiva\/2636\/attachment-alt-461\" data-orig-file=\"https:\/\/lappis.org.br\/site\/wp-content\/uploads\/2008\/08\/lilian_roseni_bonet.JPG\" data-orig-size=\"379,336\" data-comments-opened=\"1\" data-image-meta=\"{&quot;aperture&quot;:&quot;0&quot;,&quot;credit&quot;:&quot;&quot;,&quot;camera&quot;:&quot;&quot;,&quot;caption&quot;:&quot;&quot;,&quot;created_timestamp&quot;:&quot;0&quot;,&quot;copyright&quot;:&quot;&quot;,&quot;focal_length&quot;:&quot;0&quot;,&quot;iso&quot;:&quot;0&quot;,&quot;shutter_speed&quot;:&quot;0&quot;,&quot;title&quot;:&quot;&quot;,&quot;orientation&quot;:&quot;0&quot;}\" data-image-title=\"alt\" data-image-description=\"\" data-image-caption=\"\" data-medium-file=\"https:\/\/lappis.org.br\/site\/wp-content\/uploads\/2008\/08\/lilian_roseni_bonet-300x266.jpg\" data-large-file=\"https:\/\/lappis.org.br\/site\/wp-content\/uploads\/2008\/08\/lilian_roseni_bonet.JPG\" class=\" alignright size-full wp-image-2634\" alt=\"alt\" src=\"http:\/\/lappis.org.br\/site\/wp-content\/uploads\/2008\/08\/lilian_roseni_bonet.JPG\" style=\"margin: 5px; float: right;\" width=\"379\" height=\"336\" srcset=\"https:\/\/lappis.org.br\/site\/wp-content\/uploads\/2008\/08\/lilian_roseni_bonet.JPG 379w, https:\/\/lappis.org.br\/site\/wp-content\/uploads\/2008\/08\/lilian_roseni_bonet-300x266.jpg 300w\" sizes=\"(max-width: 379px) 100vw, 379px\" \/>J\u00e1 o ateli\u00ea dedicado \u00e0s pesquisas ter\u00e1 a apresenta\u00e7\u00e3o dos trabalhos &ldquo;As experi\u00eancias cotidianas na constru\u00e7\u00e3o do sistema \u00fanico de sa\u00fade&rdquo;, &ldquo;Participa\u00e7\u00e3o, associa\u00e7\u00f5es e capital social: estudo comparado da rede associativa de apoio ao PSF em Recife e Porto Alegre&rdquo; , &ldquo;Acesso aos servi\u00e7os de sa\u00fade mental e a pr\u00e1tica cl\u00ednica: responsabilidade, \u00e9tica e cuidado&rdquo;, &ldquo;A pr\u00e1tica da integralidade no cuidado \u00e0 sa\u00fade materno-infantil em um contexto rural&rdquo;, &ldquo;A equipe multiprofissional de sa\u00fade na aten\u00e7\u00e3o integral ao adolescente vivendo com HIV\/AIDS&rdquo;,\u00a0 ser\u00e3o avaliados pelos pesquisadores\u00a0 Oct\u00e1vio Bonet, Tatiana Gerhardt, Roseni Pinheiro e L\u00e9lia Madeira.<\/p>\n<p> \tE por fim, no ateli\u00ea servi\u00e7o, as apresenta\u00e7\u00f5es &ldquo;Em busca da integralidade no atendimento domiciliar ao acamado: a experi\u00eancia de uma unidade b\u00e1sica de sa\u00fade de Porto Alegre&rdquo;, &ldquo;Aten\u00e7\u00e3o \u00e0 sa\u00fade do adolescente: considera\u00e7\u00f5es sobre uma experi\u00eancia no munic\u00edpio do Rio de Janeiro&rdquo;, &ldquo;O cuidado ao agente comunit\u00e1rio de sa\u00fade: grupos de reflex\u00e3o sobre pr\u00e1tica profissional&rdquo;, &ldquo;A proposi\u00e7\u00e3o metodol\u00f3gica dos est\u00e1gios de viv\u00eancia no sistema \u00fanico de sa\u00fade: resgate hist\u00f3rico&rdquo;, &ldquo;Os bastidores de uma cartografia: humaniza\u00e7\u00e3o e acolhimento no territ\u00f3rio hospitalar&rdquo; est\u00e3o sob avalia\u00e7\u00e3o de C\u00e9sar Favoretto, L\u00e9lia Madeira, L\u00edlian Koifman e Ana Heckert.<\/p>\n<p> \t<strong>Entrevista &ndash;\u00a0 Felipe Asensi &#8211; Bacharel em Ci\u00eancias Sociais e Direito. Mestrando em Sociologia pelo IUPERJ\u00a0 e expositor na mesa de debate <em>Responsabilidade e decis\u00e3o no cuidado: \u00e9 poss\u00edvel fundar um ethos p\u00fablico na sa\u00fade?<\/em><\/strong><br \/> \t\u00a0<br \/> \t<strong><img decoding=\"async\" data-attachment-id=\"2635\" data-permalink=\"https:\/\/lappis.org.br\/site\/viii-seminario-e-atelie-do-cuidado-contagem-regressiva\/2636\/attachment-alt-462\" data-orig-file=\"https:\/\/lappis.org.br\/site\/wp-content\/uploads\/2008\/08\/felipeasensi.jpg\" data-orig-size=\"175,167\" data-comments-opened=\"1\" data-image-meta=\"{&quot;aperture&quot;:&quot;0&quot;,&quot;credit&quot;:&quot;&quot;,&quot;camera&quot;:&quot;&quot;,&quot;caption&quot;:&quot;&quot;,&quot;created_timestamp&quot;:&quot;0&quot;,&quot;copyright&quot;:&quot;&quot;,&quot;focal_length&quot;:&quot;0&quot;,&quot;iso&quot;:&quot;0&quot;,&quot;shutter_speed&quot;:&quot;0&quot;,&quot;title&quot;:&quot;&quot;,&quot;orientation&quot;:&quot;0&quot;}\" data-image-title=\"alt\" data-image-description=\"\" data-image-caption=\"\" data-medium-file=\"https:\/\/lappis.org.br\/site\/wp-content\/uploads\/2008\/08\/felipeasensi.jpg\" data-large-file=\"https:\/\/lappis.org.br\/site\/wp-content\/uploads\/2008\/08\/felipeasensi.jpg\" class=\" alignleft size-full wp-image-2635\" alt=\"alt\" src=\"http:\/\/lappis.org.br\/site\/wp-content\/uploads\/2008\/08\/felipeasensi.jpg\" style=\"margin: 5px; float: left;\" width=\"175\" height=\"167\" \/>Qual a import\u00e2ncia da responsabilidade e cuidado no tratamento\u00a0dos usu\u00e1rios de sa\u00fade social coletiva?<\/strong><br \/> \t\u00c9 importante compreender que a responsabilidade no cuidado envolve muito mais do que\u00a0o exerc\u00edcio puro e simples das fun\u00e7\u00f5es dos\u00a0diversos atores que comp\u00f5em o processo de formula\u00e7\u00e3o, fiscaliza\u00e7\u00e3o e execu\u00e7\u00e3o das pol\u00edticas de sa\u00fade.<\/p>\n<p> \tResponsabilidades, para al\u00e9m de uma perspectiva externa que diz respeito ao of\u00edcio de cada um no sistema de sa\u00fade, implica em compromisso social para com o usu\u00e1rio desse sistema, que \u00e9 o titular do direito constitucional \u00e0 sa\u00fade.<br \/> \t\u00a0<br \/> \t<strong>Como congregar a quest\u00e3o do cuidado \u00e0s pol\u00edticas p\u00fablicas se levarmos em conta os usu\u00e1rios do SUS?<\/strong><br \/> \tA pr\u00f3pria id\u00e9ia de termos como &#8220;servi\u00e7o p\u00fablico&#8221; ou &#8220;servidor p\u00fablico&#8221; denota que o espa\u00e7o do Estado n\u00e3o pertence propriamente aos agentes que d\u00e3o vida \u00e0s pol\u00edticas de sa\u00fade. De fato, profissionais, gestores e membros do Minist\u00e9rio P\u00fablico devem adotar uma postura que expresse da forma mais singela essas express\u00f5es: servir aos cidad\u00e3os.<\/p>\n<p> \tPor isso, tratar de responsabilidade e cuidado no \u00e2mbito dos usu\u00e1rios do SUS\u00a0implica resgatar o pr\u00f3prio sentido p\u00fablico do que significa cidadania, que enseja direitos inerentes \u00e0 dignidade da pessoa humana e, por isso, que n\u00e3o podem ser violados, negligenciados, ou, at\u00e9 mesmo, restringidos de forma unilateral pelos diversos agentes estatais.<br \/> \t\u00a0<br \/> \t<strong>Em sua opini\u00e3o, de que forma podemos chamar a aten\u00e7\u00e3o da sociedade para esse importante debate?<\/strong><br \/> \tExiste uma diferen\u00e7a entre &#8220;chamar aten\u00e7\u00e3o&#8221; e &#8220;provocar atitudes&#8221;. Creio eu que, de alguma forma, a sociedade j\u00e1 percebeu as principais falhas e desafios no sistema p\u00fablico de sa\u00fade. Os problemas de medicamentos, o caos de filas em hospitais, a falta de leitos e outros, s\u00e3o problemas que fazem parte do cotidiano dos usu\u00e1rios e, portanto, acredito que sejam j\u00e1 identificados por eles como obst\u00e1culos ao efetivo exerc\u00edcio de seus direitos.<\/p>\n<p> \tPor outro lado, o fato das pessoas identificarem problemas n\u00e3o enseja, necessariamente, que elas atuam na resolu\u00e7\u00e3o concreta deles. Historicamente, temos uma sociedade civil passiva, que incorpora mudan\u00e7as muito mais do que promove mudan\u00e7as. Em geral, os momentos de agito ou movimento da sociedade foram pontuais, e o esfor\u00e7o tem sido justamente em enfatizar a id\u00e9ia de cidadanizar o cidad\u00e3o, de um lado, e desestatizar a sociedade, de outro.<br \/> \t\u00a0<br \/> \t<strong>Como podemos conscientizar a popula\u00e7\u00e3o a respeito das quest\u00f5es pertinentes \u00e0 sa\u00fade p\u00fablica do pa\u00eds?<\/strong><br \/> \t\u00a0<br \/> \tTalvez, a principal tarefa seja conscientizar o cidad\u00e3o de que ele \u00e9 n\u00e3o \u00e9 mero receptor de direitos, ou seja, de que o Estado n\u00e3o \u00e9 um ser que tutela direitos. O passo decisivo para essa empreitada \u00e9 o fortalecimento dos conselhos de sa\u00fade enquanto esferas de participa\u00e7\u00e3o da sociedade civil e nichos privilegiados de cidadaniza\u00e7\u00e3o dos usu\u00e1rios do sistema de sa\u00fade.<br \/> \t\u00a0<\/p>\n","protected":false},"excerpt":{"rendered":"<div class=\"mh-excerpt\"><p style=\"text-align: justify;\"> \t<img loading=\"lazy\" decoding=\"async\" class=\" alignleft size-full wp-image-2633\" alt=\"alt\" src=\"http:\/\/lappis.org.br\/site\/wp-content\/uploads\/2008\/08\/grupo.JPG\" style=\"margin: 5px; float: left;\" width=\"276\" height=\"350\" srcset=\"https:\/\/lappis.org.br\/site\/wp-content\/uploads\/2008\/08\/grupo.JPG 276w, https:\/\/lappis.org.br\/site\/wp-content\/uploads\/2008\/08\/grupo-237x300.jpg 237w\" sizes=\"(max-width: 276px) 100vw, 276px\" \/>O VIII Semin\u00e1rio da Integralidade, que acontecer\u00e1 nos pr\u00f3ximos dias 10,11 e 12 de Setembro no audit\u00f3rio II da UERJ recebeu para esta edi\u00e7\u00e3o mais de mil inscri\u00e7\u00f5es. \u00c9 expressiva a demanda de profissionais de diversas \u00e1reas de interesse tais como m\u00e9dicos, psic\u00f3logos, assistentes sociais e professores, al\u00e9m de estudantes vinculados a institui\u00e7\u00f5es de todo o pa\u00eds. Os trabalhos enviados demonstraram interesse em participar do evento para debater e refletir junto aos pesquisadores a quest\u00e3o da integralidade dentro de um contexto social do cuidado com e para o usu\u00e1rio.\u00a0A maioria dos interessados participa pela primeira vez do evento e as expectativas s\u00e3o as melhores.<\/p>\n<p>  <a class=\"mh-excerpt-more\" href=\"https:\/\/lappis.org.br\/site\/viii-seminario-e-atelie-do-cuidado-contagem-regressiva\/2636\" title=\"VIII Semin\u00e1rio e Ateli\u00ea do Cuidado: Contagem regressiva\">[&#8230;]<\/a><\/p>\n<\/div>","protected":false},"author":1,"featured_media":2632,"comment_status":"open","ping_status":"open","sticky":false,"template":"","format":"standard","meta":{"_acf_changed":false,"_exactmetrics_skip_tracking":false,"_exactmetrics_sitenote_active":false,"_exactmetrics_sitenote_note":"","_exactmetrics_sitenote_category":0,"jetpack_post_was_ever_published":false,"_jetpack_newsletter_access":"","_jetpack_dont_email_post_to_subs":false,"_jetpack_newsletter_tier_id":0,"_jetpack_memberships_contains_paywalled_content":false,"_jetpack_memberships_contains_paid_content":false,"footnotes":"","jetpack_publicize_message":"","jetpack_publicize_feature_enabled":true,"jetpack_social_post_already_shared":false,"jetpack_social_options":{"image_generator_settings":{"template":"highway","enabled":false},"version":2}},"categories":[8],"tags":[],"class_list":{"0":"post-2636","1":"post","2":"type-post","3":"status-publish","4":"format-standard","5":"has-post-thumbnail","7":"category-noticia"},"jetpack_publicize_connections":[],"acf":[],"yoast_head":"<!-- This site is optimized with the Yoast SEO plugin v25.2 - https:\/\/yoast.com\/wordpress\/plugins\/seo\/ -->\n<title>VIII Semin\u00e1rio e Ateli\u00ea do Cuidado: Contagem regressiva - Lappis 25 anos<\/title>\n<meta name=\"robots\" content=\"index, follow, max-snippet:-1, max-image-preview:large, max-video-preview:-1\" \/>\n<link rel=\"canonical\" href=\"https:\/\/lappis.org.br\/site\/viii-seminario-e-atelie-do-cuidado-contagem-regressiva\/2636\" \/>\n<meta property=\"og:locale\" content=\"pt_BR\" \/>\n<meta property=\"og:type\" content=\"article\" \/>\n<meta property=\"og:title\" content=\"VIII Semin\u00e1rio e Ateli\u00ea do Cuidado: Contagem regressiva - Lappis 25 anos\" \/>\n<meta property=\"og:description\" content=\"O VIII Semin\u00e1rio da Integralidade, que acontecer\u00e1 nos pr\u00f3ximos dias 10,11 e 12 de Setembro no audit\u00f3rio II da UERJ recebeu para esta edi\u00e7\u00e3o mais de mil inscri\u00e7\u00f5es. \u00c9 expressiva a demanda de profissionais de diversas \u00e1reas de interesse tais como m\u00e9dicos, psic\u00f3logos, assistentes sociais e professores, al\u00e9m de estudantes vinculados a institui\u00e7\u00f5es de todo o pa\u00eds. Os trabalhos enviados demonstraram interesse em participar do evento para debater e refletir junto aos pesquisadores a quest\u00e3o da integralidade dentro de um contexto social do cuidado com e para o usu\u00e1rio.\u00a0A maioria dos interessados participa pela primeira vez do evento e as expectativas s\u00e3o as melhores. [...]\" \/>\n<meta property=\"og:url\" content=\"https:\/\/lappis.org.br\/site\/viii-seminario-e-atelie-do-cuidado-contagem-regressiva\/2636\" \/>\n<meta property=\"og:site_name\" content=\"Lappis 25 anos\" \/>\n<meta property=\"article:published_time\" content=\"2008-08-25T06:00:00+00:00\" \/>\n<meta property=\"og:image\" content=\"https:\/\/lappis.org.br\/site\/wp-content\/uploads\/2008\/08\/grupo.JPG\" \/>\n\t<meta property=\"og:image:width\" content=\"276\" \/>\n\t<meta property=\"og:image:height\" content=\"350\" \/>\n\t<meta property=\"og:image:type\" content=\"image\/jpeg\" \/>\n<meta name=\"author\" content=\"fw2\" \/>\n<meta name=\"twitter:card\" content=\"summary_large_image\" \/>\n<meta name=\"twitter:label1\" content=\"Escrito por\" \/>\n\t<meta name=\"twitter:data1\" content=\"fw2\" \/>\n\t<meta name=\"twitter:label2\" content=\"Est. tempo de leitura\" \/>\n\t<meta name=\"twitter:data2\" content=\"6 minutos\" \/>\n<script type=\"application\/ld+json\" class=\"yoast-schema-graph\">{\"@context\":\"https:\/\/schema.org\",\"@graph\":[{\"@type\":\"Article\",\"@id\":\"https:\/\/lappis.org.br\/site\/viii-seminario-e-atelie-do-cuidado-contagem-regressiva\/2636#article\",\"isPartOf\":{\"@id\":\"https:\/\/lappis.org.br\/site\/viii-seminario-e-atelie-do-cuidado-contagem-regressiva\/2636\"},\"author\":{\"name\":\"fw2\",\"@id\":\"https:\/\/lappis.org.br\/site\/#\/schema\/person\/3852381d08284b5e2716b20bd89bdbcf\"},\"headline\":\"VIII Semin\u00e1rio e Ateli\u00ea do Cuidado: Contagem regressiva\",\"datePublished\":\"2008-08-25T06:00:00+00:00\",\"mainEntityOfPage\":{\"@id\":\"https:\/\/lappis.org.br\/site\/viii-seminario-e-atelie-do-cuidado-contagem-regressiva\/2636\"},\"wordCount\":1256,\"commentCount\":0,\"publisher\":{\"@id\":\"https:\/\/lappis.org.br\/site\/#organization\"},\"image\":{\"@id\":\"https:\/\/lappis.org.br\/site\/viii-seminario-e-atelie-do-cuidado-contagem-regressiva\/2636#primaryimage\"},\"thumbnailUrl\":\"https:\/\/lappis.org.br\/site\/wp-content\/uploads\/2008\/08\/grupo.JPG\",\"articleSection\":[\"Not\u00edcia\"],\"inLanguage\":\"pt-BR\",\"potentialAction\":[{\"@type\":\"CommentAction\",\"name\":\"Comment\",\"target\":[\"https:\/\/lappis.org.br\/site\/viii-seminario-e-atelie-do-cuidado-contagem-regressiva\/2636#respond\"]}]},{\"@type\":\"WebPage\",\"@id\":\"https:\/\/lappis.org.br\/site\/viii-seminario-e-atelie-do-cuidado-contagem-regressiva\/2636\",\"url\":\"https:\/\/lappis.org.br\/site\/viii-seminario-e-atelie-do-cuidado-contagem-regressiva\/2636\",\"name\":\"VIII Semin\u00e1rio e Ateli\u00ea do Cuidado: Contagem regressiva - Lappis 25 anos\",\"isPartOf\":{\"@id\":\"https:\/\/lappis.org.br\/site\/#website\"},\"primaryImageOfPage\":{\"@id\":\"https:\/\/lappis.org.br\/site\/viii-seminario-e-atelie-do-cuidado-contagem-regressiva\/2636#primaryimage\"},\"image\":{\"@id\":\"https:\/\/lappis.org.br\/site\/viii-seminario-e-atelie-do-cuidado-contagem-regressiva\/2636#primaryimage\"},\"thumbnailUrl\":\"https:\/\/lappis.org.br\/site\/wp-content\/uploads\/2008\/08\/grupo.JPG\",\"datePublished\":\"2008-08-25T06:00:00+00:00\",\"breadcrumb\":{\"@id\":\"https:\/\/lappis.org.br\/site\/viii-seminario-e-atelie-do-cuidado-contagem-regressiva\/2636#breadcrumb\"},\"inLanguage\":\"pt-BR\",\"potentialAction\":[{\"@type\":\"ReadAction\",\"target\":[\"https:\/\/lappis.org.br\/site\/viii-seminario-e-atelie-do-cuidado-contagem-regressiva\/2636\"]}]},{\"@type\":\"ImageObject\",\"inLanguage\":\"pt-BR\",\"@id\":\"https:\/\/lappis.org.br\/site\/viii-seminario-e-atelie-do-cuidado-contagem-regressiva\/2636#primaryimage\",\"url\":\"https:\/\/lappis.org.br\/site\/wp-content\/uploads\/2008\/08\/grupo.JPG\",\"contentUrl\":\"https:\/\/lappis.org.br\/site\/wp-content\/uploads\/2008\/08\/grupo.JPG\",\"width\":276,\"height\":350,\"caption\":\"alt\"},{\"@type\":\"BreadcrumbList\",\"@id\":\"https:\/\/lappis.org.br\/site\/viii-seminario-e-atelie-do-cuidado-contagem-regressiva\/2636#breadcrumb\",\"itemListElement\":[{\"@type\":\"ListItem\",\"position\":1,\"name\":\"In\u00edcio\",\"item\":\"https:\/\/lappis.org.br\/site\/\"},{\"@type\":\"ListItem\",\"position\":2,\"name\":\"VIII Semin\u00e1rio e Ateli\u00ea do Cuidado: Contagem regressiva\"}]},{\"@type\":\"WebSite\",\"@id\":\"https:\/\/lappis.org.br\/site\/#website\",\"url\":\"https:\/\/lappis.org.br\/site\/\",\"name\":\"Lappis 25 anos\",\"description\":\"Labotat\u00f3rio de Pesquisas sobre Pr\u00e1ticas de Integralidade em Sa\u00fade\",\"publisher\":{\"@id\":\"https:\/\/lappis.org.br\/site\/#organization\"},\"potentialAction\":[{\"@type\":\"SearchAction\",\"target\":{\"@type\":\"EntryPoint\",\"urlTemplate\":\"https:\/\/lappis.org.br\/site\/?s={search_term_string}\"},\"query-input\":{\"@type\":\"PropertyValueSpecification\",\"valueRequired\":true,\"valueName\":\"search_term_string\"}}],\"inLanguage\":\"pt-BR\"},{\"@type\":\"Organization\",\"@id\":\"https:\/\/lappis.org.br\/site\/#organization\",\"name\":\"Lappis 25 anos\",\"url\":\"https:\/\/lappis.org.br\/site\/\",\"logo\":{\"@type\":\"ImageObject\",\"inLanguage\":\"pt-BR\",\"@id\":\"https:\/\/lappis.org.br\/site\/#\/schema\/logo\/image\/\",\"url\":\"https:\/\/lappis.org.br\/site\/wp-content\/uploads\/2025\/03\/logo-lappis25anos.png\",\"contentUrl\":\"https:\/\/lappis.org.br\/site\/wp-content\/uploads\/2025\/03\/logo-lappis25anos.png\",\"width\":388,\"height\":146,\"caption\":\"Lappis 25 anos\"},\"image\":{\"@id\":\"https:\/\/lappis.org.br\/site\/#\/schema\/logo\/image\/\"}},{\"@type\":\"Person\",\"@id\":\"https:\/\/lappis.org.br\/site\/#\/schema\/person\/3852381d08284b5e2716b20bd89bdbcf\",\"name\":\"fw2\",\"image\":{\"@type\":\"ImageObject\",\"inLanguage\":\"pt-BR\",\"@id\":\"https:\/\/lappis.org.br\/site\/#\/schema\/person\/image\/\",\"url\":\"https:\/\/secure.gravatar.com\/avatar\/c38472c0cdbde82d9b6fcc26adb3779d?s=96&d=mm&r=g\",\"contentUrl\":\"https:\/\/secure.gravatar.com\/avatar\/c38472c0cdbde82d9b6fcc26adb3779d?s=96&d=mm&r=g\",\"caption\":\"fw2\"},\"url\":\"https:\/\/lappis.org.br\/site\/author\/fw2\"}]}<\/script>\n<!-- \/ Yoast SEO plugin. -->","yoast_head_json":{"title":"VIII Semin\u00e1rio e Ateli\u00ea do Cuidado: Contagem regressiva - Lappis 25 anos","robots":{"index":"index","follow":"follow","max-snippet":"max-snippet:-1","max-image-preview":"max-image-preview:large","max-video-preview":"max-video-preview:-1"},"canonical":"https:\/\/lappis.org.br\/site\/viii-seminario-e-atelie-do-cuidado-contagem-regressiva\/2636","og_locale":"pt_BR","og_type":"article","og_title":"VIII Semin\u00e1rio e Ateli\u00ea do Cuidado: Contagem regressiva - Lappis 25 anos","og_description":"O VIII Semin\u00e1rio da Integralidade, que acontecer\u00e1 nos pr\u00f3ximos dias 10,11 e 12 de Setembro no audit\u00f3rio II da UERJ recebeu para esta edi\u00e7\u00e3o mais de mil inscri\u00e7\u00f5es. \u00c9 expressiva a demanda de profissionais de diversas \u00e1reas de interesse tais como m\u00e9dicos, psic\u00f3logos, assistentes sociais e professores, al\u00e9m de estudantes vinculados a institui\u00e7\u00f5es de todo o pa\u00eds. Os trabalhos enviados demonstraram interesse em participar do evento para debater e refletir junto aos pesquisadores a quest\u00e3o da integralidade dentro de um contexto social do cuidado com e para o usu\u00e1rio.\u00a0A maioria dos interessados participa pela primeira vez do evento e as expectativas s\u00e3o as melhores. [...]","og_url":"https:\/\/lappis.org.br\/site\/viii-seminario-e-atelie-do-cuidado-contagem-regressiva\/2636","og_site_name":"Lappis 25 anos","article_published_time":"2008-08-25T06:00:00+00:00","og_image":[{"width":276,"height":350,"url":"https:\/\/lappis.org.br\/site\/wp-content\/uploads\/2008\/08\/grupo.JPG","type":"image\/jpeg"}],"author":"fw2","twitter_card":"summary_large_image","twitter_misc":{"Escrito por":"fw2","Est. tempo de leitura":"6 minutos"},"schema":{"@context":"https:\/\/schema.org","@graph":[{"@type":"Article","@id":"https:\/\/lappis.org.br\/site\/viii-seminario-e-atelie-do-cuidado-contagem-regressiva\/2636#article","isPartOf":{"@id":"https:\/\/lappis.org.br\/site\/viii-seminario-e-atelie-do-cuidado-contagem-regressiva\/2636"},"author":{"name":"fw2","@id":"https:\/\/lappis.org.br\/site\/#\/schema\/person\/3852381d08284b5e2716b20bd89bdbcf"},"headline":"VIII Semin\u00e1rio e Ateli\u00ea do Cuidado: Contagem regressiva","datePublished":"2008-08-25T06:00:00+00:00","mainEntityOfPage":{"@id":"https:\/\/lappis.org.br\/site\/viii-seminario-e-atelie-do-cuidado-contagem-regressiva\/2636"},"wordCount":1256,"commentCount":0,"publisher":{"@id":"https:\/\/lappis.org.br\/site\/#organization"},"image":{"@id":"https:\/\/lappis.org.br\/site\/viii-seminario-e-atelie-do-cuidado-contagem-regressiva\/2636#primaryimage"},"thumbnailUrl":"https:\/\/lappis.org.br\/site\/wp-content\/uploads\/2008\/08\/grupo.JPG","articleSection":["Not\u00edcia"],"inLanguage":"pt-BR","potentialAction":[{"@type":"CommentAction","name":"Comment","target":["https:\/\/lappis.org.br\/site\/viii-seminario-e-atelie-do-cuidado-contagem-regressiva\/2636#respond"]}]},{"@type":"WebPage","@id":"https:\/\/lappis.org.br\/site\/viii-seminario-e-atelie-do-cuidado-contagem-regressiva\/2636","url":"https:\/\/lappis.org.br\/site\/viii-seminario-e-atelie-do-cuidado-contagem-regressiva\/2636","name":"VIII Semin\u00e1rio e Ateli\u00ea do Cuidado: Contagem regressiva - Lappis 25 anos","isPartOf":{"@id":"https:\/\/lappis.org.br\/site\/#website"},"primaryImageOfPage":{"@id":"https:\/\/lappis.org.br\/site\/viii-seminario-e-atelie-do-cuidado-contagem-regressiva\/2636#primaryimage"},"image":{"@id":"https:\/\/lappis.org.br\/site\/viii-seminario-e-atelie-do-cuidado-contagem-regressiva\/2636#primaryimage"},"thumbnailUrl":"https:\/\/lappis.org.br\/site\/wp-content\/uploads\/2008\/08\/grupo.JPG","datePublished":"2008-08-25T06:00:00+00:00","breadcrumb":{"@id":"https:\/\/lappis.org.br\/site\/viii-seminario-e-atelie-do-cuidado-contagem-regressiva\/2636#breadcrumb"},"inLanguage":"pt-BR","potentialAction":[{"@type":"ReadAction","target":["https:\/\/lappis.org.br\/site\/viii-seminario-e-atelie-do-cuidado-contagem-regressiva\/2636"]}]},{"@type":"ImageObject","inLanguage":"pt-BR","@id":"https:\/\/lappis.org.br\/site\/viii-seminario-e-atelie-do-cuidado-contagem-regressiva\/2636#primaryimage","url":"https:\/\/lappis.org.br\/site\/wp-content\/uploads\/2008\/08\/grupo.JPG","contentUrl":"https:\/\/lappis.org.br\/site\/wp-content\/uploads\/2008\/08\/grupo.JPG","width":276,"height":350,"caption":"alt"},{"@type":"BreadcrumbList","@id":"https:\/\/lappis.org.br\/site\/viii-seminario-e-atelie-do-cuidado-contagem-regressiva\/2636#breadcrumb","itemListElement":[{"@type":"ListItem","position":1,"name":"In\u00edcio","item":"https:\/\/lappis.org.br\/site\/"},{"@type":"ListItem","position":2,"name":"VIII Semin\u00e1rio e Ateli\u00ea do Cuidado: Contagem regressiva"}]},{"@type":"WebSite","@id":"https:\/\/lappis.org.br\/site\/#website","url":"https:\/\/lappis.org.br\/site\/","name":"Lappis 25 anos","description":"Labotat\u00f3rio de Pesquisas sobre Pr\u00e1ticas de Integralidade em Sa\u00fade","publisher":{"@id":"https:\/\/lappis.org.br\/site\/#organization"},"potentialAction":[{"@type":"SearchAction","target":{"@type":"EntryPoint","urlTemplate":"https:\/\/lappis.org.br\/site\/?s={search_term_string}"},"query-input":{"@type":"PropertyValueSpecification","valueRequired":true,"valueName":"search_term_string"}}],"inLanguage":"pt-BR"},{"@type":"Organization","@id":"https:\/\/lappis.org.br\/site\/#organization","name":"Lappis 25 anos","url":"https:\/\/lappis.org.br\/site\/","logo":{"@type":"ImageObject","inLanguage":"pt-BR","@id":"https:\/\/lappis.org.br\/site\/#\/schema\/logo\/image\/","url":"https:\/\/lappis.org.br\/site\/wp-content\/uploads\/2025\/03\/logo-lappis25anos.png","contentUrl":"https:\/\/lappis.org.br\/site\/wp-content\/uploads\/2025\/03\/logo-lappis25anos.png","width":388,"height":146,"caption":"Lappis 25 anos"},"image":{"@id":"https:\/\/lappis.org.br\/site\/#\/schema\/logo\/image\/"}},{"@type":"Person","@id":"https:\/\/lappis.org.br\/site\/#\/schema\/person\/3852381d08284b5e2716b20bd89bdbcf","name":"fw2","image":{"@type":"ImageObject","inLanguage":"pt-BR","@id":"https:\/\/lappis.org.br\/site\/#\/schema\/person\/image\/","url":"https:\/\/secure.gravatar.com\/avatar\/c38472c0cdbde82d9b6fcc26adb3779d?s=96&d=mm&r=g","contentUrl":"https:\/\/secure.gravatar.com\/avatar\/c38472c0cdbde82d9b6fcc26adb3779d?s=96&d=mm&r=g","caption":"fw2"},"url":"https:\/\/lappis.org.br\/site\/author\/fw2"}]}},"jetpack_featured_media_url":"https:\/\/lappis.org.br\/site\/wp-content\/uploads\/2008\/08\/grupo.JPG","jetpack_shortlink":"https:\/\/wp.me\/p954Nh-Gw","jetpack_sharing_enabled":true,"_links":{"self":[{"href":"https:\/\/lappis.org.br\/site\/wp-json\/wp\/v2\/posts\/2636"}],"collection":[{"href":"https:\/\/lappis.org.br\/site\/wp-json\/wp\/v2\/posts"}],"about":[{"href":"https:\/\/lappis.org.br\/site\/wp-json\/wp\/v2\/types\/post"}],"author":[{"embeddable":true,"href":"https:\/\/lappis.org.br\/site\/wp-json\/wp\/v2\/users\/1"}],"replies":[{"embeddable":true,"href":"https:\/\/lappis.org.br\/site\/wp-json\/wp\/v2\/comments?post=2636"}],"version-history":[{"count":0,"href":"https:\/\/lappis.org.br\/site\/wp-json\/wp\/v2\/posts\/2636\/revisions"}],"wp:featuredmedia":[{"embeddable":true,"href":"https:\/\/lappis.org.br\/site\/wp-json\/wp\/v2\/media\/2632"}],"wp:attachment":[{"href":"https:\/\/lappis.org.br\/site\/wp-json\/wp\/v2\/media?parent=2636"}],"wp:term":[{"taxonomy":"category","embeddable":true,"href":"https:\/\/lappis.org.br\/site\/wp-json\/wp\/v2\/categories?post=2636"},{"taxonomy":"post_tag","embeddable":true,"href":"https:\/\/lappis.org.br\/site\/wp-json\/wp\/v2\/tags?post=2636"}],"curies":[{"name":"wp","href":"https:\/\/api.w.org\/{rel}","templated":true}]}}