{"id":2631,"date":"2008-08-25T03:00:00","date_gmt":"2008-08-25T06:00:00","guid":{"rendered":"http:\/\/lappis.org.br\/site\/2008\/08\/25\/lappis-museu-bispo-do-rosario\/"},"modified":"2008-08-25T03:00:00","modified_gmt":"2008-08-25T06:00:00","slug":"lappis-museu-bispo-do-rosario","status":"publish","type":"post","link":"https:\/\/lappis.org.br\/site\/lappis-museu-bispo-do-rosario\/2631","title":{"rendered":"Lappis Museu Bispo do Ros\u00e1rio"},"content":{"rendered":"<p style=\"text-align: justify;\"> \t<img fetchpriority=\"high\" decoding=\"async\" data-attachment-id=\"2629\" data-permalink=\"https:\/\/lappis.org.br\/site\/lappis-museu-bispo-do-rosario\/2631\/attachment-alt-457\" data-orig-file=\"https:\/\/lappis.org.br\/site\/wp-content\/uploads\/2008\/08\/bisporosariomix.jpg\" data-orig-size=\"323,305\" data-comments-opened=\"1\" data-image-meta=\"{&quot;aperture&quot;:&quot;0&quot;,&quot;credit&quot;:&quot;&quot;,&quot;camera&quot;:&quot;&quot;,&quot;caption&quot;:&quot;&quot;,&quot;created_timestamp&quot;:&quot;0&quot;,&quot;copyright&quot;:&quot;&quot;,&quot;focal_length&quot;:&quot;0&quot;,&quot;iso&quot;:&quot;0&quot;,&quot;shutter_speed&quot;:&quot;0&quot;,&quot;title&quot;:&quot;&quot;,&quot;orientation&quot;:&quot;0&quot;}\" data-image-title=\"alt\" data-image-description=\"\" data-image-caption=\"\" data-medium-file=\"https:\/\/lappis.org.br\/site\/wp-content\/uploads\/2008\/08\/bisporosariomix-300x283.jpg\" data-large-file=\"https:\/\/lappis.org.br\/site\/wp-content\/uploads\/2008\/08\/bisporosariomix.jpg\" class=\" alignleft size-full wp-image-2629\" alt=\"alt\" src=\"http:\/\/lappis.org.br\/site\/wp-content\/uploads\/2008\/08\/bisporosariomix.jpg\" style=\"margin: 5px; float: left;\" width=\"323\" height=\"305\" srcset=\"https:\/\/lappis.org.br\/site\/wp-content\/uploads\/2008\/08\/bisporosariomix.jpg 323w, https:\/\/lappis.org.br\/site\/wp-content\/uploads\/2008\/08\/bisporosariomix-300x283.jpg 300w\" sizes=\"(max-width: 323px) 100vw, 323px\" \/>Na edi\u00e7\u00e3o mais recente do BoletIN, tivemos uma pr\u00e9via do que acontecer\u00e1 na exposi\u00e7\u00e3o Singularidades, fruto de uma parceria firmada entre Lappis, Museu Bispo do Ros\u00e1rio e Laps. O projeto, que visa otimizar o relacionamento dos usu\u00e1rios do sistema de sa\u00fade mental com o mundo e tenta admitir inser\u00e7\u00f5es destas pessoas dentro da sociedade que tanto as reprime e discrimina, ter\u00e1 mesas redondas onde ser\u00e3o abertas discuss\u00f5es que v\u00e3o tratar da import\u00e2ncia da valoriza\u00e7\u00e3o da arte, no cuidadodaqueles que utilizam os servi\u00e7os voltados para a sa\u00fade mental.<\/p>\n<p style=\"text-align: justify;\"> \tSegundo Ricardo Aquino, um dos curadores da\u00a0 exposi\u00e7\u00e3o, esse evento \u00e9 de total singularidade, como o pr\u00f3prio nome diz: &ldquo;\u00c9 importante poder fazer uma exibi\u00e7\u00e3o dos usu\u00e1rios de Paracambi, para mostrar que mesmo nas condi\u00e7\u00f5es de horror de um campo de concentra\u00e7\u00e3o de elimina\u00e7\u00e3o f\u00edsica e total desrespeito a dignidade humana, os usu\u00e1rios ainda mant\u00eam uma capacidade de criar e sobrevivem mesmo em condi\u00e7\u00f5es adversas. A exposi\u00e7\u00e3o \u00e9 fundamental no sentido de auxiliar no testemunho da passagem destes usu\u00e1rios que deixaram um registro atrav\u00e9s da cria\u00e7\u00e3o art\u00edstica dessa dimens\u00e3o humana. E \u00e9 muito importante que se valorize a cria\u00e7\u00e3o dos usu\u00e1rios, pois esta representa na verdade, a luta pela cidadania plena destas pessoas&rdquo;. Afirma o curador que destaca ainda o fato das obras n\u00e3o terem recebido nenhum tipo de retoque, ou incentivo para que se tornassem realidade, a n\u00e3o ser o talento dos artistas: &rdquo;S\u00e3o cria\u00e7\u00f5es que n\u00e3o foram objeto de tratamento nem de a\u00e7\u00f5es humanit\u00e1rias que ocorreram na Cl\u00ednica Dr Eiras, ao contr\u00e1rio &#8211; a institui\u00e7\u00e3o era um campo de horror. Mesmo nestas condi\u00e7\u00f5es o ser humano se manifesta e se n\u00f3s trabalharmos numa perspectiva da reabilita\u00e7\u00e3o psicosocial, eles podem ser perfeitamente integrados a vida social.&rdquo;<\/p>\n<p> \tA import\u00e2ncia de mostrar que os usu\u00e1rios podem sair da condi\u00e7\u00e3o de pacientes e passar a artistas em potencial, criadores com plena capacidade \u00e9 o que incentiva os idealizadores da exposi\u00e7\u00e3o. Essa quest\u00e3o \u00e9 somada a id\u00e9ia de agregar a oportunidade de apresentar a exposi\u00e7\u00e3o dentro do VIII Semin\u00e1rio Integralidade, que trar\u00e1 \u00e0 luz reflex\u00f5es de intuito cient\u00edfico e tamb\u00e9m cultural. Para Ricardo Aquino, o evento servir\u00e1 ainda para gerar certa conscientiza\u00e7\u00e3o da sociedade com rela\u00e7\u00e3o aos que est\u00e3o aos cuidados da sa\u00fade mental: &ldquo;As condi\u00e7\u00f5es da sede da Cl\u00ednica Dr. Eiras foi objeto da interven\u00e7\u00e3o sanit\u00e1ria e est\u00e1 com data de fechamento prevista por exig\u00eancia\u00a0 do minist\u00e9rio p\u00fablico. Por isso, n\u00f3s do Museu j\u00e1 acompanhamos esses processos h\u00e1 alguns anos e tomamos atrav\u00e9s do comodato o cuidado das obras dos criadores de Paracambi.&rdquo;<\/p>\n<p> \tEmbora o acervo completo congregue 248 obras, o curador conta que houve grande dificuldade em selecionar um conjunto coeso para ser apresentado.&rdquo;O conjunto das obras \u00e9 muito expressivo, a dificuldade \u00e9 selecionar um conjunto harmonioso para ser exibido. Vai depender do olhar das pessoas. Cada obra em si \u00e9 uma gota de l\u00e1grima e uma pegada de sofrimento e s\u00e3o sempre muito expressivas artisticamente&rdquo;.\u00a0<\/p>\n<p> \tA exposi\u00e7\u00e3o \u00e9 parte da divulga\u00e7\u00e3o do document\u00e1rio que tratar\u00e1 a quest\u00e3o da viv\u00eancia do usu\u00e1rio relacionada a formas terap\u00eauticas de cuidado.<\/p>\n<p> \t<img decoding=\"async\" data-attachment-id=\"2630\" data-permalink=\"https:\/\/lappis.org.br\/site\/lappis-museu-bispo-do-rosario\/2631\/attachment-alt-458\" data-orig-file=\"https:\/\/lappis.org.br\/site\/wp-content\/uploads\/2008\/08\/ricardoaquino.jpg\" data-orig-size=\"186,224\" data-comments-opened=\"1\" data-image-meta=\"{&quot;aperture&quot;:&quot;0&quot;,&quot;credit&quot;:&quot;&quot;,&quot;camera&quot;:&quot;&quot;,&quot;caption&quot;:&quot;&quot;,&quot;created_timestamp&quot;:&quot;0&quot;,&quot;copyright&quot;:&quot;&quot;,&quot;focal_length&quot;:&quot;0&quot;,&quot;iso&quot;:&quot;0&quot;,&quot;shutter_speed&quot;:&quot;0&quot;,&quot;title&quot;:&quot;&quot;,&quot;orientation&quot;:&quot;0&quot;}\" data-image-title=\"alt\" data-image-description=\"\" data-image-caption=\"\" data-medium-file=\"https:\/\/lappis.org.br\/site\/wp-content\/uploads\/2008\/08\/ricardoaquino.jpg\" data-large-file=\"https:\/\/lappis.org.br\/site\/wp-content\/uploads\/2008\/08\/ricardoaquino.jpg\" class=\" alignright size-full wp-image-2630\" alt=\"alt\" src=\"http:\/\/lappis.org.br\/site\/wp-content\/uploads\/2008\/08\/ricardoaquino.jpg\" style=\"margin: 5px; float: right;\" width=\"186\" height=\"224\" \/><strong>Segue abaixo na \u00edntegra, a entrevista com Ricardo Aquino &ndash; curador do museu Bispo do Ros\u00e1rio<\/strong><br \/> \t<strong>Como surgiu a parceria Lappis Museu Bispo do Ros\u00e1rio?\u00a0<\/strong><\/p>\n<p> \tA id\u00e9ia surgiu pela conflu\u00eancia de preocupa\u00e7\u00f5es e interesses na luta da reforma e tem como tema a iniciativa de fazer um document\u00e1rio na interven\u00e7\u00e3o do campus Doutor Eiras, quest\u00e3o a muito tempo acompanhada pelo Museu Bispo do Ros\u00e1rio. Por essa raz\u00e3o, houve uma conflu\u00eancia de preocupa\u00e7\u00f5es, interesses\u00a0 e reflex\u00f5es a cerca da quest\u00e3o que envolve a reforma psiqui\u00e1trica.\u00a0<\/p>\n<p> \t<strong>Como surgiu a id\u00e9ia de trazer para a UERJ a exposi\u00e7\u00e3o Singularidades?\u00a0<\/strong><br \/> \tA id\u00e9ia veio para refor\u00e7ar a visibilidade ao lan\u00e7amento do document\u00e1rio e as discuss\u00f5es referentes \u00e0 sa\u00fade p\u00fablica e psiqui\u00e1trica. No caso, as condi\u00e7\u00f5es da sede do hospital Dr Eiras em\u00a0 Paracambi (RJ), foi objeto da interven\u00e7\u00e3o sanit\u00e1ria e est\u00e1 com data de fechamento prevista por exig\u00eancia\u00a0 do minist\u00e9rio p\u00fablico. Logo, acompanhamos esses processos h\u00e1 alguns anos e tomamos atrav\u00e9s do comodato, o cuidado das obras dos criadores do hospital. O museu bispo do ros\u00e1rio cuida das 248 obras e juntou a oportunidade de apresent\u00e1-las dentro de um semin\u00e1rio de reflex\u00e3o (VIII Semin\u00e1rio Integralidade) que possui um\u00a0 lado cultural, pol\u00edtico e cient\u00edfico.\u00a0<\/p>\n<p> \t<strong>Como esta iniciativa pode auxiliar no cuidado dos usu\u00e1rios da sa\u00fade mental?\u00a0<\/strong><br \/> \t\u00c9 importante poder fazer uma exibi\u00e7\u00e3o dos usu\u00e1rios de Paracambi, para mostrar que mesmo nas condi\u00e7\u00f5es de horror de um campo de concentra\u00e7\u00e3o de elimina\u00e7\u00e3o f\u00edsica e total desrespeito a dignidade humana, ainda se mantenha a capacidade de criar e sobreviver mesmo em condi\u00e7\u00f5es adversas. A exposi\u00e7\u00e3o \u00e9 importante como um testemunho da passagem destes usu\u00e1rios que deixaram um registro atrav\u00e9s da cria\u00e7\u00e3o art\u00edstica de grande dimens\u00e3o humana. E \u00e9 muito importante que se valorize essa dimens\u00e3o da cria\u00e7\u00e3o dos usu\u00e1rios que est\u00e3o na luta por sua pr\u00f3pria cidadania plena.\u00a0Foram cria\u00e7\u00f5es que n\u00e3o foram objeto de tratamento nem de a\u00e7\u00f5es humanit\u00e1rias que ocorreram no Dr. Eiras, ao contr\u00e1rio. Ainda assim, se n\u00f3s trabalharmos numa perspectiva da reabilita\u00e7\u00e3o psicosocial, os usu\u00e1rios podem ser perfeitamente integrados \u00e0 vida cotidiana.<\/p>\n<p> \t<strong>Qual foi o crit\u00e9rio de escolha das pe\u00e7as que ser\u00e3o expostas no evento? Alguma obra merece destaque?\u00a0<\/strong><br \/> \tO crit\u00e9rio adotado \u00e9 o crit\u00e9rio da qualidade art\u00edstica e cada obra exprime a qualidade que ela tem de repercutir no visitante. Ent\u00e3o a preocupa\u00e7\u00e3o \u00e9 com a dimens\u00e3o est\u00e9tica desta cria\u00e7\u00e3o.\u00a0 A obra em si n\u00e3o \u00e9 uma denuncia, \u00e9 um testemunho, um vest\u00edgio da passagem destes usu\u00e1rios.O conjunto de obras \u00e9 muito expressivo, a dificuldade \u00e9 selecionar um conjunto harmonioso para ser exibido. A percep\u00e7\u00e3o depender\u00e1 do olhar de cada um.<\/p>\n","protected":false},"excerpt":{"rendered":"<div class=\"mh-excerpt\"><p style=\"text-align: justify;\"> \t<img decoding=\"async\" class=\" alignleft size-full wp-image-2629\" alt=\"alt\" src=\"http:\/\/lappis.org.br\/site\/wp-content\/uploads\/2008\/08\/bisporosariomix.jpg\" style=\"margin: 5px; float: left;\" width=\"323\" height=\"305\" srcset=\"https:\/\/lappis.org.br\/site\/wp-content\/uploads\/2008\/08\/bisporosariomix.jpg 323w, https:\/\/lappis.org.br\/site\/wp-content\/uploads\/2008\/08\/bisporosariomix-300x283.jpg 300w\" sizes=\"(max-width: 323px) 100vw, 323px\" \/>Na edi\u00e7\u00e3o mais recente do BoletIN, tivemos uma pr\u00e9via do que acontecer\u00e1 na exposi\u00e7\u00e3o Singularidades, fruto de uma parceria firmada entre Lappis, Museu Bispo do Ros\u00e1rio e Laps. O projeto, que visa otimizar o relacionamento dos usu\u00e1rios do sistema de sa\u00fade mental com o mundo e tenta admitir inser\u00e7\u00f5es destas pessoas dentro da sociedade que tanto as reprime e discrimina, ter\u00e1 mesas redondas onde ser\u00e3o abertas discuss\u00f5es que v\u00e3o tratar da import\u00e2ncia da valoriza\u00e7\u00e3o da arte, no cuidadodaqueles que utilizam os servi\u00e7os voltados para a sa\u00fade mental.<\/p>\n<p>  <a class=\"mh-excerpt-more\" href=\"https:\/\/lappis.org.br\/site\/lappis-museu-bispo-do-rosario\/2631\" title=\"Lappis Museu Bispo do Ros\u00e1rio\">[&#8230;]<\/a><\/p>\n<\/div>","protected":false},"author":1,"featured_media":2628,"comment_status":"open","ping_status":"open","sticky":false,"template":"","format":"standard","meta":{"_acf_changed":false,"_exactmetrics_skip_tracking":false,"_exactmetrics_sitenote_active":false,"_exactmetrics_sitenote_note":"","_exactmetrics_sitenote_category":0,"jetpack_post_was_ever_published":false,"_jetpack_newsletter_access":"","_jetpack_dont_email_post_to_subs":false,"_jetpack_newsletter_tier_id":0,"_jetpack_memberships_contains_paywalled_content":false,"_jetpack_memberships_contains_paid_content":false,"footnotes":"","jetpack_publicize_message":"","jetpack_publicize_feature_enabled":true,"jetpack_social_post_already_shared":false,"jetpack_social_options":{"image_generator_settings":{"template":"highway","enabled":false},"version":2}},"categories":[8],"tags":[],"class_list":{"0":"post-2631","1":"post","2":"type-post","3":"status-publish","4":"format-standard","5":"has-post-thumbnail","7":"category-noticia"},"jetpack_publicize_connections":[],"acf":[],"yoast_head":"<!-- This site is optimized with the Yoast SEO plugin v25.2 - https:\/\/yoast.com\/wordpress\/plugins\/seo\/ -->\n<title>Lappis Museu Bispo do Ros\u00e1rio - Lappis 25 anos<\/title>\n<meta name=\"robots\" content=\"index, follow, max-snippet:-1, max-image-preview:large, max-video-preview:-1\" \/>\n<link rel=\"canonical\" href=\"https:\/\/lappis.org.br\/site\/lappis-museu-bispo-do-rosario\/2631\" \/>\n<meta property=\"og:locale\" content=\"pt_BR\" \/>\n<meta property=\"og:type\" content=\"article\" \/>\n<meta property=\"og:title\" content=\"Lappis Museu Bispo do Ros\u00e1rio - Lappis 25 anos\" \/>\n<meta property=\"og:description\" content=\"Na edi\u00e7\u00e3o mais recente do BoletIN, tivemos uma pr\u00e9via do que acontecer\u00e1 na exposi\u00e7\u00e3o Singularidades, fruto de uma parceria firmada entre Lappis, Museu Bispo do Ros\u00e1rio e Laps. O projeto, que visa otimizar o relacionamento dos usu\u00e1rios do sistema de sa\u00fade mental com o mundo e tenta admitir inser\u00e7\u00f5es destas pessoas dentro da sociedade que tanto as reprime e discrimina, ter\u00e1 mesas redondas onde ser\u00e3o abertas discuss\u00f5es que v\u00e3o tratar da import\u00e2ncia da valoriza\u00e7\u00e3o da arte, no cuidadodaqueles que utilizam os servi\u00e7os voltados para a sa\u00fade mental. [...]\" \/>\n<meta property=\"og:url\" content=\"https:\/\/lappis.org.br\/site\/lappis-museu-bispo-do-rosario\/2631\" \/>\n<meta property=\"og:site_name\" content=\"Lappis 25 anos\" \/>\n<meta property=\"article:published_time\" content=\"2008-08-25T06:00:00+00:00\" \/>\n<meta property=\"og:image\" content=\"https:\/\/lappis.org.br\/site\/wp-content\/uploads\/2008\/08\/bisporosariomix.jpg\" \/>\n\t<meta property=\"og:image:width\" content=\"323\" \/>\n\t<meta property=\"og:image:height\" content=\"305\" \/>\n\t<meta property=\"og:image:type\" content=\"image\/jpeg\" \/>\n<meta name=\"author\" content=\"fw2\" \/>\n<meta name=\"twitter:card\" content=\"summary_large_image\" \/>\n<meta name=\"twitter:label1\" content=\"Escrito por\" \/>\n\t<meta name=\"twitter:data1\" content=\"fw2\" \/>\n\t<meta name=\"twitter:label2\" content=\"Est. tempo de leitura\" \/>\n\t<meta name=\"twitter:data2\" content=\"5 minutos\" \/>\n<script type=\"application\/ld+json\" class=\"yoast-schema-graph\">{\"@context\":\"https:\/\/schema.org\",\"@graph\":[{\"@type\":\"Article\",\"@id\":\"https:\/\/lappis.org.br\/site\/lappis-museu-bispo-do-rosario\/2631#article\",\"isPartOf\":{\"@id\":\"https:\/\/lappis.org.br\/site\/lappis-museu-bispo-do-rosario\/2631\"},\"author\":{\"name\":\"fw2\",\"@id\":\"https:\/\/lappis.org.br\/site\/#\/schema\/person\/3852381d08284b5e2716b20bd89bdbcf\"},\"headline\":\"Lappis Museu Bispo do Ros\u00e1rio\",\"datePublished\":\"2008-08-25T06:00:00+00:00\",\"mainEntityOfPage\":{\"@id\":\"https:\/\/lappis.org.br\/site\/lappis-museu-bispo-do-rosario\/2631\"},\"wordCount\":1085,\"commentCount\":0,\"publisher\":{\"@id\":\"https:\/\/lappis.org.br\/site\/#organization\"},\"image\":{\"@id\":\"https:\/\/lappis.org.br\/site\/lappis-museu-bispo-do-rosario\/2631#primaryimage\"},\"thumbnailUrl\":\"https:\/\/lappis.org.br\/site\/wp-content\/uploads\/2008\/08\/bisporosariomix.jpg\",\"articleSection\":[\"Not\u00edcia\"],\"inLanguage\":\"pt-BR\",\"potentialAction\":[{\"@type\":\"CommentAction\",\"name\":\"Comment\",\"target\":[\"https:\/\/lappis.org.br\/site\/lappis-museu-bispo-do-rosario\/2631#respond\"]}]},{\"@type\":\"WebPage\",\"@id\":\"https:\/\/lappis.org.br\/site\/lappis-museu-bispo-do-rosario\/2631\",\"url\":\"https:\/\/lappis.org.br\/site\/lappis-museu-bispo-do-rosario\/2631\",\"name\":\"Lappis Museu Bispo do Ros\u00e1rio - Lappis 25 anos\",\"isPartOf\":{\"@id\":\"https:\/\/lappis.org.br\/site\/#website\"},\"primaryImageOfPage\":{\"@id\":\"https:\/\/lappis.org.br\/site\/lappis-museu-bispo-do-rosario\/2631#primaryimage\"},\"image\":{\"@id\":\"https:\/\/lappis.org.br\/site\/lappis-museu-bispo-do-rosario\/2631#primaryimage\"},\"thumbnailUrl\":\"https:\/\/lappis.org.br\/site\/wp-content\/uploads\/2008\/08\/bisporosariomix.jpg\",\"datePublished\":\"2008-08-25T06:00:00+00:00\",\"breadcrumb\":{\"@id\":\"https:\/\/lappis.org.br\/site\/lappis-museu-bispo-do-rosario\/2631#breadcrumb\"},\"inLanguage\":\"pt-BR\",\"potentialAction\":[{\"@type\":\"ReadAction\",\"target\":[\"https:\/\/lappis.org.br\/site\/lappis-museu-bispo-do-rosario\/2631\"]}]},{\"@type\":\"ImageObject\",\"inLanguage\":\"pt-BR\",\"@id\":\"https:\/\/lappis.org.br\/site\/lappis-museu-bispo-do-rosario\/2631#primaryimage\",\"url\":\"https:\/\/lappis.org.br\/site\/wp-content\/uploads\/2008\/08\/bisporosariomix.jpg\",\"contentUrl\":\"https:\/\/lappis.org.br\/site\/wp-content\/uploads\/2008\/08\/bisporosariomix.jpg\",\"width\":323,\"height\":305,\"caption\":\"alt\"},{\"@type\":\"BreadcrumbList\",\"@id\":\"https:\/\/lappis.org.br\/site\/lappis-museu-bispo-do-rosario\/2631#breadcrumb\",\"itemListElement\":[{\"@type\":\"ListItem\",\"position\":1,\"name\":\"In\u00edcio\",\"item\":\"https:\/\/lappis.org.br\/site\/\"},{\"@type\":\"ListItem\",\"position\":2,\"name\":\"Lappis Museu Bispo do Ros\u00e1rio\"}]},{\"@type\":\"WebSite\",\"@id\":\"https:\/\/lappis.org.br\/site\/#website\",\"url\":\"https:\/\/lappis.org.br\/site\/\",\"name\":\"Lappis 25 anos\",\"description\":\"Labotat\u00f3rio de Pesquisas sobre Pr\u00e1ticas de Integralidade em Sa\u00fade\",\"publisher\":{\"@id\":\"https:\/\/lappis.org.br\/site\/#organization\"},\"potentialAction\":[{\"@type\":\"SearchAction\",\"target\":{\"@type\":\"EntryPoint\",\"urlTemplate\":\"https:\/\/lappis.org.br\/site\/?s={search_term_string}\"},\"query-input\":{\"@type\":\"PropertyValueSpecification\",\"valueRequired\":true,\"valueName\":\"search_term_string\"}}],\"inLanguage\":\"pt-BR\"},{\"@type\":\"Organization\",\"@id\":\"https:\/\/lappis.org.br\/site\/#organization\",\"name\":\"Lappis 25 anos\",\"url\":\"https:\/\/lappis.org.br\/site\/\",\"logo\":{\"@type\":\"ImageObject\",\"inLanguage\":\"pt-BR\",\"@id\":\"https:\/\/lappis.org.br\/site\/#\/schema\/logo\/image\/\",\"url\":\"https:\/\/lappis.org.br\/site\/wp-content\/uploads\/2025\/03\/logo-lappis25anos.png\",\"contentUrl\":\"https:\/\/lappis.org.br\/site\/wp-content\/uploads\/2025\/03\/logo-lappis25anos.png\",\"width\":388,\"height\":146,\"caption\":\"Lappis 25 anos\"},\"image\":{\"@id\":\"https:\/\/lappis.org.br\/site\/#\/schema\/logo\/image\/\"}},{\"@type\":\"Person\",\"@id\":\"https:\/\/lappis.org.br\/site\/#\/schema\/person\/3852381d08284b5e2716b20bd89bdbcf\",\"name\":\"fw2\",\"image\":{\"@type\":\"ImageObject\",\"inLanguage\":\"pt-BR\",\"@id\":\"https:\/\/lappis.org.br\/site\/#\/schema\/person\/image\/\",\"url\":\"https:\/\/secure.gravatar.com\/avatar\/c38472c0cdbde82d9b6fcc26adb3779d?s=96&d=mm&r=g\",\"contentUrl\":\"https:\/\/secure.gravatar.com\/avatar\/c38472c0cdbde82d9b6fcc26adb3779d?s=96&d=mm&r=g\",\"caption\":\"fw2\"},\"url\":\"https:\/\/lappis.org.br\/site\/author\/fw2\"}]}<\/script>\n<!-- \/ Yoast SEO plugin. -->","yoast_head_json":{"title":"Lappis Museu Bispo do Ros\u00e1rio - Lappis 25 anos","robots":{"index":"index","follow":"follow","max-snippet":"max-snippet:-1","max-image-preview":"max-image-preview:large","max-video-preview":"max-video-preview:-1"},"canonical":"https:\/\/lappis.org.br\/site\/lappis-museu-bispo-do-rosario\/2631","og_locale":"pt_BR","og_type":"article","og_title":"Lappis Museu Bispo do Ros\u00e1rio - Lappis 25 anos","og_description":"Na edi\u00e7\u00e3o mais recente do BoletIN, tivemos uma pr\u00e9via do que acontecer\u00e1 na exposi\u00e7\u00e3o Singularidades, fruto de uma parceria firmada entre Lappis, Museu Bispo do Ros\u00e1rio e Laps. O projeto, que visa otimizar o relacionamento dos usu\u00e1rios do sistema de sa\u00fade mental com o mundo e tenta admitir inser\u00e7\u00f5es destas pessoas dentro da sociedade que tanto as reprime e discrimina, ter\u00e1 mesas redondas onde ser\u00e3o abertas discuss\u00f5es que v\u00e3o tratar da import\u00e2ncia da valoriza\u00e7\u00e3o da arte, no cuidadodaqueles que utilizam os servi\u00e7os voltados para a sa\u00fade mental. [...]","og_url":"https:\/\/lappis.org.br\/site\/lappis-museu-bispo-do-rosario\/2631","og_site_name":"Lappis 25 anos","article_published_time":"2008-08-25T06:00:00+00:00","og_image":[{"width":323,"height":305,"url":"https:\/\/lappis.org.br\/site\/wp-content\/uploads\/2008\/08\/bisporosariomix.jpg","type":"image\/jpeg"}],"author":"fw2","twitter_card":"summary_large_image","twitter_misc":{"Escrito por":"fw2","Est. tempo de leitura":"5 minutos"},"schema":{"@context":"https:\/\/schema.org","@graph":[{"@type":"Article","@id":"https:\/\/lappis.org.br\/site\/lappis-museu-bispo-do-rosario\/2631#article","isPartOf":{"@id":"https:\/\/lappis.org.br\/site\/lappis-museu-bispo-do-rosario\/2631"},"author":{"name":"fw2","@id":"https:\/\/lappis.org.br\/site\/#\/schema\/person\/3852381d08284b5e2716b20bd89bdbcf"},"headline":"Lappis Museu Bispo do Ros\u00e1rio","datePublished":"2008-08-25T06:00:00+00:00","mainEntityOfPage":{"@id":"https:\/\/lappis.org.br\/site\/lappis-museu-bispo-do-rosario\/2631"},"wordCount":1085,"commentCount":0,"publisher":{"@id":"https:\/\/lappis.org.br\/site\/#organization"},"image":{"@id":"https:\/\/lappis.org.br\/site\/lappis-museu-bispo-do-rosario\/2631#primaryimage"},"thumbnailUrl":"https:\/\/lappis.org.br\/site\/wp-content\/uploads\/2008\/08\/bisporosariomix.jpg","articleSection":["Not\u00edcia"],"inLanguage":"pt-BR","potentialAction":[{"@type":"CommentAction","name":"Comment","target":["https:\/\/lappis.org.br\/site\/lappis-museu-bispo-do-rosario\/2631#respond"]}]},{"@type":"WebPage","@id":"https:\/\/lappis.org.br\/site\/lappis-museu-bispo-do-rosario\/2631","url":"https:\/\/lappis.org.br\/site\/lappis-museu-bispo-do-rosario\/2631","name":"Lappis Museu Bispo do Ros\u00e1rio - Lappis 25 anos","isPartOf":{"@id":"https:\/\/lappis.org.br\/site\/#website"},"primaryImageOfPage":{"@id":"https:\/\/lappis.org.br\/site\/lappis-museu-bispo-do-rosario\/2631#primaryimage"},"image":{"@id":"https:\/\/lappis.org.br\/site\/lappis-museu-bispo-do-rosario\/2631#primaryimage"},"thumbnailUrl":"https:\/\/lappis.org.br\/site\/wp-content\/uploads\/2008\/08\/bisporosariomix.jpg","datePublished":"2008-08-25T06:00:00+00:00","breadcrumb":{"@id":"https:\/\/lappis.org.br\/site\/lappis-museu-bispo-do-rosario\/2631#breadcrumb"},"inLanguage":"pt-BR","potentialAction":[{"@type":"ReadAction","target":["https:\/\/lappis.org.br\/site\/lappis-museu-bispo-do-rosario\/2631"]}]},{"@type":"ImageObject","inLanguage":"pt-BR","@id":"https:\/\/lappis.org.br\/site\/lappis-museu-bispo-do-rosario\/2631#primaryimage","url":"https:\/\/lappis.org.br\/site\/wp-content\/uploads\/2008\/08\/bisporosariomix.jpg","contentUrl":"https:\/\/lappis.org.br\/site\/wp-content\/uploads\/2008\/08\/bisporosariomix.jpg","width":323,"height":305,"caption":"alt"},{"@type":"BreadcrumbList","@id":"https:\/\/lappis.org.br\/site\/lappis-museu-bispo-do-rosario\/2631#breadcrumb","itemListElement":[{"@type":"ListItem","position":1,"name":"In\u00edcio","item":"https:\/\/lappis.org.br\/site\/"},{"@type":"ListItem","position":2,"name":"Lappis Museu Bispo do Ros\u00e1rio"}]},{"@type":"WebSite","@id":"https:\/\/lappis.org.br\/site\/#website","url":"https:\/\/lappis.org.br\/site\/","name":"Lappis 25 anos","description":"Labotat\u00f3rio de Pesquisas sobre Pr\u00e1ticas de Integralidade em Sa\u00fade","publisher":{"@id":"https:\/\/lappis.org.br\/site\/#organization"},"potentialAction":[{"@type":"SearchAction","target":{"@type":"EntryPoint","urlTemplate":"https:\/\/lappis.org.br\/site\/?s={search_term_string}"},"query-input":{"@type":"PropertyValueSpecification","valueRequired":true,"valueName":"search_term_string"}}],"inLanguage":"pt-BR"},{"@type":"Organization","@id":"https:\/\/lappis.org.br\/site\/#organization","name":"Lappis 25 anos","url":"https:\/\/lappis.org.br\/site\/","logo":{"@type":"ImageObject","inLanguage":"pt-BR","@id":"https:\/\/lappis.org.br\/site\/#\/schema\/logo\/image\/","url":"https:\/\/lappis.org.br\/site\/wp-content\/uploads\/2025\/03\/logo-lappis25anos.png","contentUrl":"https:\/\/lappis.org.br\/site\/wp-content\/uploads\/2025\/03\/logo-lappis25anos.png","width":388,"height":146,"caption":"Lappis 25 anos"},"image":{"@id":"https:\/\/lappis.org.br\/site\/#\/schema\/logo\/image\/"}},{"@type":"Person","@id":"https:\/\/lappis.org.br\/site\/#\/schema\/person\/3852381d08284b5e2716b20bd89bdbcf","name":"fw2","image":{"@type":"ImageObject","inLanguage":"pt-BR","@id":"https:\/\/lappis.org.br\/site\/#\/schema\/person\/image\/","url":"https:\/\/secure.gravatar.com\/avatar\/c38472c0cdbde82d9b6fcc26adb3779d?s=96&d=mm&r=g","contentUrl":"https:\/\/secure.gravatar.com\/avatar\/c38472c0cdbde82d9b6fcc26adb3779d?s=96&d=mm&r=g","caption":"fw2"},"url":"https:\/\/lappis.org.br\/site\/author\/fw2"}]}},"jetpack_featured_media_url":"https:\/\/lappis.org.br\/site\/wp-content\/uploads\/2008\/08\/bisporosariomix.jpg","jetpack_shortlink":"https:\/\/wp.me\/p954Nh-Gr","jetpack_sharing_enabled":true,"_links":{"self":[{"href":"https:\/\/lappis.org.br\/site\/wp-json\/wp\/v2\/posts\/2631"}],"collection":[{"href":"https:\/\/lappis.org.br\/site\/wp-json\/wp\/v2\/posts"}],"about":[{"href":"https:\/\/lappis.org.br\/site\/wp-json\/wp\/v2\/types\/post"}],"author":[{"embeddable":true,"href":"https:\/\/lappis.org.br\/site\/wp-json\/wp\/v2\/users\/1"}],"replies":[{"embeddable":true,"href":"https:\/\/lappis.org.br\/site\/wp-json\/wp\/v2\/comments?post=2631"}],"version-history":[{"count":0,"href":"https:\/\/lappis.org.br\/site\/wp-json\/wp\/v2\/posts\/2631\/revisions"}],"wp:featuredmedia":[{"embeddable":true,"href":"https:\/\/lappis.org.br\/site\/wp-json\/wp\/v2\/media\/2628"}],"wp:attachment":[{"href":"https:\/\/lappis.org.br\/site\/wp-json\/wp\/v2\/media?parent=2631"}],"wp:term":[{"taxonomy":"category","embeddable":true,"href":"https:\/\/lappis.org.br\/site\/wp-json\/wp\/v2\/categories?post=2631"},{"taxonomy":"post_tag","embeddable":true,"href":"https:\/\/lappis.org.br\/site\/wp-json\/wp\/v2\/tags?post=2631"}],"curies":[{"name":"wp","href":"https:\/\/api.w.org\/{rel}","templated":true}]}}