{"id":2627,"date":"2008-08-15T03:00:00","date_gmt":"2008-08-15T06:00:00","guid":{"rendered":"http:\/\/lappis.org.br\/site\/2008\/08\/15\/unatiuerj-comemora-seus-15-anos-com-grande-programacao-qa-juventude-de-uma-senhora-universidadeq\/"},"modified":"2008-08-15T03:00:00","modified_gmt":"2008-08-15T06:00:00","slug":"unatiuerj-comemora-seus-15-anos-com-grande-programacao-qa-juventude-de-uma-senhora-universidadeq","status":"publish","type":"post","link":"https:\/\/lappis.org.br\/site\/unatiuerj-comemora-seus-15-anos-com-grande-programacao-qa-juventude-de-uma-senhora-universidadeq\/2627","title":{"rendered":"UnATI.Uerj  Comemora Seus 15 Anos Com Grande Programa\u00e7\u00e3o \u2013 &#8220;A Juventude de uma Senhora Universidade&#8221;"},"content":{"rendered":"<p style=\"text-align: justify;\"> \tAnos antes de um maior reconhecimento da necessidade de um <strong><em>conjunto de pol\u00edticas<\/em> <em>voltadas especificamente para os idosos<\/em><\/strong>, o <strong><em>Prof. Am\u00e9rico Piquet Carneiro<\/em><\/strong>, com sua caracter\u00edstica capacidade de antevis\u00e3o, come\u00e7ou a reunir, no <strong><em>Hospital Universit\u00e1rio Pedro<\/em><\/strong> <strong><em>Ernesto da UERJ<\/em><\/strong>, um grupo pioneiro de profissionais interessados na quest\u00e3o da <strong><em>Terceira Idade<\/em><\/strong>, e do envelhecimento humano com qualidade de vida.<\/p>\n<p>   A partir da\u00ed iniciou-se a trajet\u00f3ria de sucesso da <strong><em>Universidade Aberta da Terceira Idade da Uerj<\/em><\/strong>, que atrav\u00e9s de debates e trocas de experi\u00eancias institucionais e profissionais, de uma a\u00e7\u00e3o multidisciplinar,\u00a0 e de uma completa vis\u00e3o do idoso como ser\u00a0 humanointegral<strong>,<\/strong> estar\u00e1 comemorando no pr\u00f3ximo dia <strong><em>25 de agosto<\/em><\/strong> os seus <strong><em>15 anos<\/em><\/strong> de projetos e programas na \u00e1rea do envelhecimento humano. <\/p>\n<p style=\"text-align: justify;\"> \tHoje a UnATI.Uerj \u00e9 estruturada comoum centro de estudos, ensino, debates, pesquisas e assist\u00eancia voltado para quest\u00f5es inerentes ao envelhecimento e que, por meio da forma\u00e7\u00e3o de recursos humanos em <strong><em>geriatria e gerontologia<\/em><\/strong>, vem contribuindo para a transforma\u00e7\u00e3o do pensar da sociedade brasileira sobre os seus idosos<strong><em>.<\/em><\/strong><br \/> \tE para este grande momento de comemora\u00e7\u00e3o a<strong><em>Dire\u00e7\u00e3o da UnATI.Uerj <\/em><\/strong>programou uma semanadefestividades que ir\u00e3o de<strong><em>25 \u00e0 29\/08\/2008<\/em><\/strong>, onde est\u00e3o programadas uma gama de atividades como<strong><em>: Missa, solenidade com autoridades dos governos Federal, Estadual e Municipal, show musical com a cantora Isabela Taviani, apresenta\u00e7\u00e3o acad\u00eamica e de oficinas art\u00edsticas, e Baile da Maturidade Plena com a<\/em><\/strong><strong><em>Orquestra Tabajara, etc&#8230;<\/em><\/strong><\/p>\n<p> \t<em>&#8220;Nestes 15 anos de exist\u00eancia a UnATI.Uerj reflete sua compet\u00eancia nos meios acad\u00eamico e comunit\u00e1rio como o espa\u00e7o que melhor espelha os assuntos referentes \u00e0 geriatria e gerontologia, pois consegue a intera\u00e7\u00e3o do tr\u00edptico ensino, extens\u00e3o e pesquisa, e \u00e9 por\u00a0 todo este sucesso que<\/em><em>programamos esta grande confraterniza\u00e7\u00e3o&#8221; Declara<\/em><strong><em>Renato Veras &ndash; Diretor Geral da UnATI.Uerj. <\/em><\/strong>Todo o programa detalhado em dias, hor\u00e1rios e locais est\u00e3o dispon\u00edveis no nosso site <strong><em><a href=\"http:\/\/www.unati.uerj.br\/\">www.unati.uerj.br<\/a><\/em><\/strong>, ou pelo fones <strong><em>2587.7121 e 9136.9217.<\/em><\/strong><br \/> \t\u00a0<br \/> \t\u00a0<br \/> \t<strong>Marcos Teodoro<\/strong><br \/> \t<strong>Assessor de Comunica\u00e7\u00e3o Social da UnATI.Uerj<\/strong><br \/> \t\u00a0<br \/> \t\u00a0<\/p>\n","protected":false},"excerpt":{"rendered":"<div class=\"mh-excerpt\"><p style=\"text-align: justify;\"> \tAnos antes de um maior reconhecimento da necessidade de um <strong><em>conjunto de pol\u00edticas<\/em> <em>voltadas especificamente para os idosos<\/em><\/strong>, o <strong><em>Prof. Am\u00e9rico Piquet Carneiro<\/em><\/strong>, com sua caracter\u00edstica capacidade de antevis\u00e3o, come\u00e7ou a reunir, no <strong><em>Hospital Universit\u00e1rio Pedro<\/em><\/strong> <strong><em>Ernesto da UERJ<\/em><\/strong>, um grupo pioneiro de profissionais interessados na quest\u00e3o da <strong><em>Terceira Idade<\/em><\/strong>, e do envelhecimento humano com qualidade de vida.<\/p>\n<p>  <a class=\"mh-excerpt-more\" href=\"https:\/\/lappis.org.br\/site\/unatiuerj-comemora-seus-15-anos-com-grande-programacao-qa-juventude-de-uma-senhora-universidadeq\/2627\" title=\"UnATI.Uerj  Comemora Seus 15 Anos Com Grande Programa\u00e7\u00e3o \u2013 &#8220;A Juventude de uma Senhora Universidade&#8221;\">[&#8230;]<\/a><\/p>\n<\/div>","protected":false},"author":1,"featured_media":0,"comment_status":"open","ping_status":"open","sticky":false,"template":"","format":"standard","meta":{"_acf_changed":false,"_exactmetrics_skip_tracking":false,"_exactmetrics_sitenote_active":false,"_exactmetrics_sitenote_note":"","_exactmetrics_sitenote_category":0,"jetpack_post_was_ever_published":false,"_jetpack_newsletter_access":"","_jetpack_dont_email_post_to_subs":false,"_jetpack_newsletter_tier_id":0,"_jetpack_memberships_contains_paywalled_content":false,"_jetpack_memberships_contains_paid_content":false,"footnotes":"","jetpack_publicize_message":"","jetpack_publicize_feature_enabled":true,"jetpack_social_post_already_shared":false,"jetpack_social_options":{"image_generator_settings":{"template":"highway","enabled":false},"version":2}},"categories":[8],"tags":[],"class_list":{"0":"post-2627","1":"post","2":"type-post","3":"status-publish","4":"format-standard","6":"category-noticia"},"jetpack_publicize_connections":[],"acf":[],"yoast_head":"<!-- This site is optimized with the Yoast SEO plugin v25.2 - https:\/\/yoast.com\/wordpress\/plugins\/seo\/ -->\n<title>UnATI.Uerj Comemora Seus 15 Anos Com Grande Programa\u00e7\u00e3o \u2013 &quot;A Juventude de uma Senhora Universidade&quot; - Lappis 25 anos<\/title>\n<meta name=\"robots\" content=\"index, follow, max-snippet:-1, max-image-preview:large, max-video-preview:-1\" \/>\n<link rel=\"canonical\" href=\"https:\/\/lappis.org.br\/site\/unatiuerj-comemora-seus-15-anos-com-grande-programacao-qa-juventude-de-uma-senhora-universidadeq\/2627\" \/>\n<meta property=\"og:locale\" content=\"pt_BR\" \/>\n<meta property=\"og:type\" content=\"article\" \/>\n<meta property=\"og:title\" content=\"UnATI.Uerj Comemora Seus 15 Anos Com Grande Programa\u00e7\u00e3o \u2013 &quot;A Juventude de uma Senhora Universidade&quot; - Lappis 25 anos\" \/>\n<meta property=\"og:description\" content=\"Anos antes de um maior reconhecimento da necessidade de um conjunto de pol\u00edticas voltadas especificamente para os idosos, o Prof. Am\u00e9rico Piquet Carneiro, com sua caracter\u00edstica capacidade de antevis\u00e3o, come\u00e7ou a reunir, no Hospital Universit\u00e1rio Pedro Ernesto da UERJ, um grupo pioneiro de profissionais interessados na quest\u00e3o da Terceira Idade, e do envelhecimento humano com qualidade de vida. [...]\" \/>\n<meta property=\"og:url\" content=\"https:\/\/lappis.org.br\/site\/unatiuerj-comemora-seus-15-anos-com-grande-programacao-qa-juventude-de-uma-senhora-universidadeq\/2627\" \/>\n<meta property=\"og:site_name\" content=\"Lappis 25 anos\" \/>\n<meta property=\"article:published_time\" content=\"2008-08-15T06:00:00+00:00\" \/>\n<meta name=\"author\" content=\"fw2\" \/>\n<meta name=\"twitter:card\" content=\"summary_large_image\" \/>\n<meta name=\"twitter:label1\" content=\"Escrito por\" \/>\n\t<meta name=\"twitter:data1\" content=\"fw2\" \/>\n\t<meta name=\"twitter:label2\" content=\"Est. tempo de leitura\" \/>\n\t<meta name=\"twitter:data2\" content=\"2 minutos\" \/>\n<script type=\"application\/ld+json\" class=\"yoast-schema-graph\">{\"@context\":\"https:\/\/schema.org\",\"@graph\":[{\"@type\":\"Article\",\"@id\":\"https:\/\/lappis.org.br\/site\/unatiuerj-comemora-seus-15-anos-com-grande-programacao-qa-juventude-de-uma-senhora-universidadeq\/2627#article\",\"isPartOf\":{\"@id\":\"https:\/\/lappis.org.br\/site\/unatiuerj-comemora-seus-15-anos-com-grande-programacao-qa-juventude-de-uma-senhora-universidadeq\/2627\"},\"author\":{\"name\":\"fw2\",\"@id\":\"https:\/\/lappis.org.br\/site\/#\/schema\/person\/3852381d08284b5e2716b20bd89bdbcf\"},\"headline\":\"UnATI.Uerj Comemora Seus 15 Anos Com Grande Programa\u00e7\u00e3o \u2013 &#8220;A Juventude de uma Senhora Universidade&#8221;\",\"datePublished\":\"2008-08-15T06:00:00+00:00\",\"mainEntityOfPage\":{\"@id\":\"https:\/\/lappis.org.br\/site\/unatiuerj-comemora-seus-15-anos-com-grande-programacao-qa-juventude-de-uma-senhora-universidadeq\/2627\"},\"wordCount\":363,\"commentCount\":0,\"publisher\":{\"@id\":\"https:\/\/lappis.org.br\/site\/#organization\"},\"articleSection\":[\"Not\u00edcia\"],\"inLanguage\":\"pt-BR\",\"potentialAction\":[{\"@type\":\"CommentAction\",\"name\":\"Comment\",\"target\":[\"https:\/\/lappis.org.br\/site\/unatiuerj-comemora-seus-15-anos-com-grande-programacao-qa-juventude-de-uma-senhora-universidadeq\/2627#respond\"]}]},{\"@type\":\"WebPage\",\"@id\":\"https:\/\/lappis.org.br\/site\/unatiuerj-comemora-seus-15-anos-com-grande-programacao-qa-juventude-de-uma-senhora-universidadeq\/2627\",\"url\":\"https:\/\/lappis.org.br\/site\/unatiuerj-comemora-seus-15-anos-com-grande-programacao-qa-juventude-de-uma-senhora-universidadeq\/2627\",\"name\":\"UnATI.Uerj Comemora Seus 15 Anos Com Grande Programa\u00e7\u00e3o \u2013 \\\"A Juventude de uma Senhora Universidade\\\" - Lappis 25 anos\",\"isPartOf\":{\"@id\":\"https:\/\/lappis.org.br\/site\/#website\"},\"datePublished\":\"2008-08-15T06:00:00+00:00\",\"breadcrumb\":{\"@id\":\"https:\/\/lappis.org.br\/site\/unatiuerj-comemora-seus-15-anos-com-grande-programacao-qa-juventude-de-uma-senhora-universidadeq\/2627#breadcrumb\"},\"inLanguage\":\"pt-BR\",\"potentialAction\":[{\"@type\":\"ReadAction\",\"target\":[\"https:\/\/lappis.org.br\/site\/unatiuerj-comemora-seus-15-anos-com-grande-programacao-qa-juventude-de-uma-senhora-universidadeq\/2627\"]}]},{\"@type\":\"BreadcrumbList\",\"@id\":\"https:\/\/lappis.org.br\/site\/unatiuerj-comemora-seus-15-anos-com-grande-programacao-qa-juventude-de-uma-senhora-universidadeq\/2627#breadcrumb\",\"itemListElement\":[{\"@type\":\"ListItem\",\"position\":1,\"name\":\"In\u00edcio\",\"item\":\"https:\/\/lappis.org.br\/site\/\"},{\"@type\":\"ListItem\",\"position\":2,\"name\":\"UnATI.Uerj Comemora Seus 15 Anos Com Grande Programa\u00e7\u00e3o \u2013 &#8220;A Juventude de uma Senhora Universidade&#8221;\"}]},{\"@type\":\"WebSite\",\"@id\":\"https:\/\/lappis.org.br\/site\/#website\",\"url\":\"https:\/\/lappis.org.br\/site\/\",\"name\":\"Lappis 25 anos\",\"description\":\"Labotat\u00f3rio de Pesquisas sobre Pr\u00e1ticas de Integralidade em Sa\u00fade\",\"publisher\":{\"@id\":\"https:\/\/lappis.org.br\/site\/#organization\"},\"potentialAction\":[{\"@type\":\"SearchAction\",\"target\":{\"@type\":\"EntryPoint\",\"urlTemplate\":\"https:\/\/lappis.org.br\/site\/?s={search_term_string}\"},\"query-input\":{\"@type\":\"PropertyValueSpecification\",\"valueRequired\":true,\"valueName\":\"search_term_string\"}}],\"inLanguage\":\"pt-BR\"},{\"@type\":\"Organization\",\"@id\":\"https:\/\/lappis.org.br\/site\/#organization\",\"name\":\"Lappis 25 anos\",\"url\":\"https:\/\/lappis.org.br\/site\/\",\"logo\":{\"@type\":\"ImageObject\",\"inLanguage\":\"pt-BR\",\"@id\":\"https:\/\/lappis.org.br\/site\/#\/schema\/logo\/image\/\",\"url\":\"https:\/\/lappis.org.br\/site\/wp-content\/uploads\/2025\/03\/logo-lappis25anos.png\",\"contentUrl\":\"https:\/\/lappis.org.br\/site\/wp-content\/uploads\/2025\/03\/logo-lappis25anos.png\",\"width\":388,\"height\":146,\"caption\":\"Lappis 25 anos\"},\"image\":{\"@id\":\"https:\/\/lappis.org.br\/site\/#\/schema\/logo\/image\/\"}},{\"@type\":\"Person\",\"@id\":\"https:\/\/lappis.org.br\/site\/#\/schema\/person\/3852381d08284b5e2716b20bd89bdbcf\",\"name\":\"fw2\",\"image\":{\"@type\":\"ImageObject\",\"inLanguage\":\"pt-BR\",\"@id\":\"https:\/\/lappis.org.br\/site\/#\/schema\/person\/image\/\",\"url\":\"https:\/\/secure.gravatar.com\/avatar\/c38472c0cdbde82d9b6fcc26adb3779d?s=96&d=mm&r=g\",\"contentUrl\":\"https:\/\/secure.gravatar.com\/avatar\/c38472c0cdbde82d9b6fcc26adb3779d?s=96&d=mm&r=g\",\"caption\":\"fw2\"},\"url\":\"https:\/\/lappis.org.br\/site\/author\/fw2\"}]}<\/script>\n<!-- \/ Yoast SEO plugin. -->","yoast_head_json":{"title":"UnATI.Uerj Comemora Seus 15 Anos Com Grande Programa\u00e7\u00e3o \u2013 \"A Juventude de uma Senhora Universidade\" - Lappis 25 anos","robots":{"index":"index","follow":"follow","max-snippet":"max-snippet:-1","max-image-preview":"max-image-preview:large","max-video-preview":"max-video-preview:-1"},"canonical":"https:\/\/lappis.org.br\/site\/unatiuerj-comemora-seus-15-anos-com-grande-programacao-qa-juventude-de-uma-senhora-universidadeq\/2627","og_locale":"pt_BR","og_type":"article","og_title":"UnATI.Uerj Comemora Seus 15 Anos Com Grande Programa\u00e7\u00e3o \u2013 \"A Juventude de uma Senhora Universidade\" - Lappis 25 anos","og_description":"Anos antes de um maior reconhecimento da necessidade de um conjunto de pol\u00edticas voltadas especificamente para os idosos, o Prof. Am\u00e9rico Piquet Carneiro, com sua caracter\u00edstica capacidade de antevis\u00e3o, come\u00e7ou a reunir, no Hospital Universit\u00e1rio Pedro Ernesto da UERJ, um grupo pioneiro de profissionais interessados na quest\u00e3o da Terceira Idade, e do envelhecimento humano com qualidade de vida. [...]","og_url":"https:\/\/lappis.org.br\/site\/unatiuerj-comemora-seus-15-anos-com-grande-programacao-qa-juventude-de-uma-senhora-universidadeq\/2627","og_site_name":"Lappis 25 anos","article_published_time":"2008-08-15T06:00:00+00:00","author":"fw2","twitter_card":"summary_large_image","twitter_misc":{"Escrito por":"fw2","Est. tempo de leitura":"2 minutos"},"schema":{"@context":"https:\/\/schema.org","@graph":[{"@type":"Article","@id":"https:\/\/lappis.org.br\/site\/unatiuerj-comemora-seus-15-anos-com-grande-programacao-qa-juventude-de-uma-senhora-universidadeq\/2627#article","isPartOf":{"@id":"https:\/\/lappis.org.br\/site\/unatiuerj-comemora-seus-15-anos-com-grande-programacao-qa-juventude-de-uma-senhora-universidadeq\/2627"},"author":{"name":"fw2","@id":"https:\/\/lappis.org.br\/site\/#\/schema\/person\/3852381d08284b5e2716b20bd89bdbcf"},"headline":"UnATI.Uerj Comemora Seus 15 Anos Com Grande Programa\u00e7\u00e3o \u2013 &#8220;A Juventude de uma Senhora Universidade&#8221;","datePublished":"2008-08-15T06:00:00+00:00","mainEntityOfPage":{"@id":"https:\/\/lappis.org.br\/site\/unatiuerj-comemora-seus-15-anos-com-grande-programacao-qa-juventude-de-uma-senhora-universidadeq\/2627"},"wordCount":363,"commentCount":0,"publisher":{"@id":"https:\/\/lappis.org.br\/site\/#organization"},"articleSection":["Not\u00edcia"],"inLanguage":"pt-BR","potentialAction":[{"@type":"CommentAction","name":"Comment","target":["https:\/\/lappis.org.br\/site\/unatiuerj-comemora-seus-15-anos-com-grande-programacao-qa-juventude-de-uma-senhora-universidadeq\/2627#respond"]}]},{"@type":"WebPage","@id":"https:\/\/lappis.org.br\/site\/unatiuerj-comemora-seus-15-anos-com-grande-programacao-qa-juventude-de-uma-senhora-universidadeq\/2627","url":"https:\/\/lappis.org.br\/site\/unatiuerj-comemora-seus-15-anos-com-grande-programacao-qa-juventude-de-uma-senhora-universidadeq\/2627","name":"UnATI.Uerj Comemora Seus 15 Anos Com Grande Programa\u00e7\u00e3o \u2013 \"A Juventude de uma Senhora Universidade\" - Lappis 25 anos","isPartOf":{"@id":"https:\/\/lappis.org.br\/site\/#website"},"datePublished":"2008-08-15T06:00:00+00:00","breadcrumb":{"@id":"https:\/\/lappis.org.br\/site\/unatiuerj-comemora-seus-15-anos-com-grande-programacao-qa-juventude-de-uma-senhora-universidadeq\/2627#breadcrumb"},"inLanguage":"pt-BR","potentialAction":[{"@type":"ReadAction","target":["https:\/\/lappis.org.br\/site\/unatiuerj-comemora-seus-15-anos-com-grande-programacao-qa-juventude-de-uma-senhora-universidadeq\/2627"]}]},{"@type":"BreadcrumbList","@id":"https:\/\/lappis.org.br\/site\/unatiuerj-comemora-seus-15-anos-com-grande-programacao-qa-juventude-de-uma-senhora-universidadeq\/2627#breadcrumb","itemListElement":[{"@type":"ListItem","position":1,"name":"In\u00edcio","item":"https:\/\/lappis.org.br\/site\/"},{"@type":"ListItem","position":2,"name":"UnATI.Uerj Comemora Seus 15 Anos Com Grande Programa\u00e7\u00e3o \u2013 &#8220;A Juventude de uma Senhora Universidade&#8221;"}]},{"@type":"WebSite","@id":"https:\/\/lappis.org.br\/site\/#website","url":"https:\/\/lappis.org.br\/site\/","name":"Lappis 25 anos","description":"Labotat\u00f3rio de Pesquisas sobre Pr\u00e1ticas de Integralidade em Sa\u00fade","publisher":{"@id":"https:\/\/lappis.org.br\/site\/#organization"},"potentialAction":[{"@type":"SearchAction","target":{"@type":"EntryPoint","urlTemplate":"https:\/\/lappis.org.br\/site\/?s={search_term_string}"},"query-input":{"@type":"PropertyValueSpecification","valueRequired":true,"valueName":"search_term_string"}}],"inLanguage":"pt-BR"},{"@type":"Organization","@id":"https:\/\/lappis.org.br\/site\/#organization","name":"Lappis 25 anos","url":"https:\/\/lappis.org.br\/site\/","logo":{"@type":"ImageObject","inLanguage":"pt-BR","@id":"https:\/\/lappis.org.br\/site\/#\/schema\/logo\/image\/","url":"https:\/\/lappis.org.br\/site\/wp-content\/uploads\/2025\/03\/logo-lappis25anos.png","contentUrl":"https:\/\/lappis.org.br\/site\/wp-content\/uploads\/2025\/03\/logo-lappis25anos.png","width":388,"height":146,"caption":"Lappis 25 anos"},"image":{"@id":"https:\/\/lappis.org.br\/site\/#\/schema\/logo\/image\/"}},{"@type":"Person","@id":"https:\/\/lappis.org.br\/site\/#\/schema\/person\/3852381d08284b5e2716b20bd89bdbcf","name":"fw2","image":{"@type":"ImageObject","inLanguage":"pt-BR","@id":"https:\/\/lappis.org.br\/site\/#\/schema\/person\/image\/","url":"https:\/\/secure.gravatar.com\/avatar\/c38472c0cdbde82d9b6fcc26adb3779d?s=96&d=mm&r=g","contentUrl":"https:\/\/secure.gravatar.com\/avatar\/c38472c0cdbde82d9b6fcc26adb3779d?s=96&d=mm&r=g","caption":"fw2"},"url":"https:\/\/lappis.org.br\/site\/author\/fw2"}]}},"jetpack_featured_media_url":"","jetpack_shortlink":"https:\/\/wp.me\/p954Nh-Gn","jetpack_sharing_enabled":true,"_links":{"self":[{"href":"https:\/\/lappis.org.br\/site\/wp-json\/wp\/v2\/posts\/2627"}],"collection":[{"href":"https:\/\/lappis.org.br\/site\/wp-json\/wp\/v2\/posts"}],"about":[{"href":"https:\/\/lappis.org.br\/site\/wp-json\/wp\/v2\/types\/post"}],"author":[{"embeddable":true,"href":"https:\/\/lappis.org.br\/site\/wp-json\/wp\/v2\/users\/1"}],"replies":[{"embeddable":true,"href":"https:\/\/lappis.org.br\/site\/wp-json\/wp\/v2\/comments?post=2627"}],"version-history":[{"count":0,"href":"https:\/\/lappis.org.br\/site\/wp-json\/wp\/v2\/posts\/2627\/revisions"}],"wp:attachment":[{"href":"https:\/\/lappis.org.br\/site\/wp-json\/wp\/v2\/media?parent=2627"}],"wp:term":[{"taxonomy":"category","embeddable":true,"href":"https:\/\/lappis.org.br\/site\/wp-json\/wp\/v2\/categories?post=2627"},{"taxonomy":"post_tag","embeddable":true,"href":"https:\/\/lappis.org.br\/site\/wp-json\/wp\/v2\/tags?post=2627"}],"curies":[{"name":"wp","href":"https:\/\/api.w.org\/{rel}","templated":true}]}}