{"id":2626,"date":"2008-08-15T03:00:00","date_gmt":"2008-08-15T06:00:00","guid":{"rendered":"http:\/\/lappis.org.br\/site\/2008\/08\/15\/professora-lilian-koifman-pesquisadora-da-universidade-federal-fluminense\/"},"modified":"2008-08-15T03:00:00","modified_gmt":"2008-08-15T06:00:00","slug":"professora-lilian-koifman-pesquisadora-da-universidade-federal-fluminense","status":"publish","type":"post","link":"https:\/\/lappis.org.br\/site\/professora-lilian-koifman-pesquisadora-da-universidade-federal-fluminense\/2626","title":{"rendered":"Professora Lilian Koifman \u2013 Pesquisadora da Universidade Federal Fluminense"},"content":{"rendered":"<p style=\"text-align: justify;\"> \tConfira a entrevista\u00a0 com a pesquisadora da Universidade Federal Fluminense L\u00edlian Koifman,\u00a0 que fala da import\u00e2ncia da integralidade para a sa\u00fade coletiva e explica ainda, como ocorrem as parcerias entres institui\u00e7\u00f5es e os benef\u00edcios gerados por estas uni\u00f5es.<\/p>\n<p style=\"text-align: justify;\"> \t<strong>BoletIN: Qual a sua opini\u00e3o a respeito da produ\u00e7\u00e3o do LAPPIS? Gostaria de destacar alguma pesquisa, trabalho ou publica\u00e7\u00e3o espec\u00edfica?<\/strong><br \/> \tL\u00edlian Koifman &#8211; A produ\u00e7\u00e3o anual do LAPPIS virou uma tradi\u00e7\u00e3o no campo da Sa\u00fade Coletiva, inaugurando um formato que integra v\u00e1rias \u00e1reas pertinentes como: gest\u00e3o, avalia\u00e7\u00e3o, forma\u00e7\u00e3o, cuidado, direito, sa\u00fade suplementar, etc. Creio que um dos marcos da publica\u00e7\u00e3o do LAPPIS ainda s\u00e3o os dois livros do &#8220;Ensinar Sa\u00fade&#8221;, haja visto a sua repercuss\u00e3o na \u00e1rea.<\/p>\n<p> \t<strong>BoletIN: Qual a import\u00e2ncia da pesquisa em integralidade para a Sa\u00fade Coletiva?<\/strong><br \/> \tLilian: Percebo que a pesquisa (o grupo de pesquisas) em integralidade conseguiram traduzir para o dia-a-dia do profissional de sa\u00fade e educa\u00e7\u00e3o quest\u00f5es fundamentais e que realmente geram impacto na sa\u00fade da popula\u00e7\u00e3o. Isso \u00e9 visto atrav\u00e9s dos resultados dessas pesquisas: semin\u00e1rios, oficinas, publica\u00e7\u00f5es, boletins, etc.<br \/> \t\u00a0<br \/> \t<strong>BoletIN: Como funciona a parceira LAPPIS-UFF e quais os benef\u00edcios gerados para ambas as institui\u00e7\u00f5es em detrimento desta uni\u00e3o?<\/strong><br \/> \tLilian: Desde o come\u00e7o da parceria do LAPPIS com a UFF, atrav\u00e9s de docentes e discentes do LUPA-Sa\u00fade (do Departamento de Planejamento em Sa\u00fade, do Instituto de Sa\u00fade da Comunidade) a nossa contribui\u00e7\u00e3o tem sido a do olhar sobre as gradua\u00e7\u00f5es e o papel da Sa\u00fade Coletiva nesse n\u00edvel da forma\u00e7\u00e3o. Todo nosso trabalho realizado em conjunto com o LAPPIS \u00e9 compartilhado com nossos estudantes. Nosso material de pesquisa gerado se reverte em material de trabalho em sala de aula (e nos cen\u00e1rios diversificados de ensino-aprendizagem).<br \/> \t\u00a0<br \/> \t<strong>BoletIN: Existem planos para o futuro desta parceria? Quais as reais possibilidades de novos projetos se realizarem?<\/strong><br \/> \tLilian: Desde o come\u00e7o da parceria j\u00e1 desenvolvemos diversos projetos em conjunto: projetos de pesquisa; participa\u00e7\u00e3o em bancas; publica\u00e7\u00f5es; participa\u00e7\u00f5es em disciplinas (pontuais ou durante semestres inteiros); semin\u00e1rios em conjunto (realizados na UERJ, na UFF e em outras institui\u00e7\u00f5es parceiras); etc. Os nossos planos s\u00e3o a continua\u00e7\u00e3o dessas v\u00e1rias frentes de trabalho, buscando o envolvimento cada vez maior de docentes e discentes de nossas institui\u00e7\u00f5es.<\/p>\n","protected":false},"excerpt":{"rendered":"<div class=\"mh-excerpt\"><p style=\"text-align: justify;\"> \tConfira a entrevista\u00a0 com a pesquisadora da Universidade Federal Fluminense L\u00edlian Koifman,\u00a0 que fala da import\u00e2ncia da integralidade para a sa\u00fade coletiva e explica ainda, como ocorrem as parcerias entres institui\u00e7\u00f5es e os benef\u00edcios gerados por estas uni\u00f5es.<\/p>\n<p>  <a class=\"mh-excerpt-more\" href=\"https:\/\/lappis.org.br\/site\/professora-lilian-koifman-pesquisadora-da-universidade-federal-fluminense\/2626\" title=\"Professora Lilian Koifman \u2013 Pesquisadora da Universidade Federal Fluminense\">[&#8230;]<\/a><\/p>\n<\/div>","protected":false},"author":1,"featured_media":0,"comment_status":"open","ping_status":"open","sticky":false,"template":"","format":"standard","meta":{"_acf_changed":false,"_exactmetrics_skip_tracking":false,"_exactmetrics_sitenote_active":false,"_exactmetrics_sitenote_note":"","_exactmetrics_sitenote_category":0,"jetpack_post_was_ever_published":false,"_jetpack_newsletter_access":"","_jetpack_dont_email_post_to_subs":false,"_jetpack_newsletter_tier_id":0,"_jetpack_memberships_contains_paywalled_content":false,"_jetpack_memberships_contains_paid_content":false,"footnotes":"","jetpack_publicize_message":"","jetpack_publicize_feature_enabled":true,"jetpack_social_post_already_shared":false,"jetpack_social_options":{"image_generator_settings":{"template":"highway","enabled":false},"version":2}},"categories":[8],"tags":[],"class_list":{"0":"post-2626","1":"post","2":"type-post","3":"status-publish","4":"format-standard","6":"category-noticia"},"jetpack_publicize_connections":[],"acf":[],"yoast_head":"<!-- This site is optimized with the Yoast SEO plugin v25.2 - https:\/\/yoast.com\/wordpress\/plugins\/seo\/ -->\n<title>Professora Lilian Koifman \u2013 Pesquisadora da Universidade Federal Fluminense - Lappis 25 anos<\/title>\n<meta name=\"robots\" content=\"index, follow, max-snippet:-1, max-image-preview:large, max-video-preview:-1\" \/>\n<link rel=\"canonical\" href=\"https:\/\/lappis.org.br\/site\/professora-lilian-koifman-pesquisadora-da-universidade-federal-fluminense\/2626\" \/>\n<meta property=\"og:locale\" content=\"pt_BR\" \/>\n<meta property=\"og:type\" content=\"article\" \/>\n<meta property=\"og:title\" content=\"Professora Lilian Koifman \u2013 Pesquisadora da Universidade Federal Fluminense - Lappis 25 anos\" \/>\n<meta property=\"og:description\" content=\"Confira a entrevista\u00a0 com a pesquisadora da Universidade Federal Fluminense L\u00edlian Koifman,\u00a0 que fala da import\u00e2ncia da integralidade para a sa\u00fade coletiva e explica ainda, como ocorrem as parcerias entres institui\u00e7\u00f5es e os benef\u00edcios gerados por estas uni\u00f5es. [...]\" \/>\n<meta property=\"og:url\" content=\"https:\/\/lappis.org.br\/site\/professora-lilian-koifman-pesquisadora-da-universidade-federal-fluminense\/2626\" \/>\n<meta property=\"og:site_name\" content=\"Lappis 25 anos\" \/>\n<meta property=\"article:published_time\" content=\"2008-08-15T06:00:00+00:00\" \/>\n<meta name=\"author\" content=\"fw2\" \/>\n<meta name=\"twitter:card\" content=\"summary_large_image\" \/>\n<meta name=\"twitter:label1\" content=\"Escrito por\" \/>\n\t<meta name=\"twitter:data1\" content=\"fw2\" \/>\n\t<meta name=\"twitter:label2\" content=\"Est. tempo de leitura\" \/>\n\t<meta name=\"twitter:data2\" content=\"2 minutos\" \/>\n<script type=\"application\/ld+json\" class=\"yoast-schema-graph\">{\"@context\":\"https:\/\/schema.org\",\"@graph\":[{\"@type\":\"Article\",\"@id\":\"https:\/\/lappis.org.br\/site\/professora-lilian-koifman-pesquisadora-da-universidade-federal-fluminense\/2626#article\",\"isPartOf\":{\"@id\":\"https:\/\/lappis.org.br\/site\/professora-lilian-koifman-pesquisadora-da-universidade-federal-fluminense\/2626\"},\"author\":{\"name\":\"fw2\",\"@id\":\"https:\/\/lappis.org.br\/site\/#\/schema\/person\/3852381d08284b5e2716b20bd89bdbcf\"},\"headline\":\"Professora Lilian Koifman \u2013 Pesquisadora da Universidade Federal Fluminense\",\"datePublished\":\"2008-08-15T06:00:00+00:00\",\"mainEntityOfPage\":{\"@id\":\"https:\/\/lappis.org.br\/site\/professora-lilian-koifman-pesquisadora-da-universidade-federal-fluminense\/2626\"},\"wordCount\":423,\"commentCount\":0,\"publisher\":{\"@id\":\"https:\/\/lappis.org.br\/site\/#organization\"},\"articleSection\":[\"Not\u00edcia\"],\"inLanguage\":\"pt-BR\",\"potentialAction\":[{\"@type\":\"CommentAction\",\"name\":\"Comment\",\"target\":[\"https:\/\/lappis.org.br\/site\/professora-lilian-koifman-pesquisadora-da-universidade-federal-fluminense\/2626#respond\"]}]},{\"@type\":\"WebPage\",\"@id\":\"https:\/\/lappis.org.br\/site\/professora-lilian-koifman-pesquisadora-da-universidade-federal-fluminense\/2626\",\"url\":\"https:\/\/lappis.org.br\/site\/professora-lilian-koifman-pesquisadora-da-universidade-federal-fluminense\/2626\",\"name\":\"Professora Lilian Koifman \u2013 Pesquisadora da Universidade Federal Fluminense - Lappis 25 anos\",\"isPartOf\":{\"@id\":\"https:\/\/lappis.org.br\/site\/#website\"},\"datePublished\":\"2008-08-15T06:00:00+00:00\",\"breadcrumb\":{\"@id\":\"https:\/\/lappis.org.br\/site\/professora-lilian-koifman-pesquisadora-da-universidade-federal-fluminense\/2626#breadcrumb\"},\"inLanguage\":\"pt-BR\",\"potentialAction\":[{\"@type\":\"ReadAction\",\"target\":[\"https:\/\/lappis.org.br\/site\/professora-lilian-koifman-pesquisadora-da-universidade-federal-fluminense\/2626\"]}]},{\"@type\":\"BreadcrumbList\",\"@id\":\"https:\/\/lappis.org.br\/site\/professora-lilian-koifman-pesquisadora-da-universidade-federal-fluminense\/2626#breadcrumb\",\"itemListElement\":[{\"@type\":\"ListItem\",\"position\":1,\"name\":\"In\u00edcio\",\"item\":\"https:\/\/lappis.org.br\/site\/\"},{\"@type\":\"ListItem\",\"position\":2,\"name\":\"Professora Lilian Koifman \u2013 Pesquisadora da Universidade Federal Fluminense\"}]},{\"@type\":\"WebSite\",\"@id\":\"https:\/\/lappis.org.br\/site\/#website\",\"url\":\"https:\/\/lappis.org.br\/site\/\",\"name\":\"Lappis 25 anos\",\"description\":\"Labotat\u00f3rio de Pesquisas sobre Pr\u00e1ticas de Integralidade em Sa\u00fade\",\"publisher\":{\"@id\":\"https:\/\/lappis.org.br\/site\/#organization\"},\"potentialAction\":[{\"@type\":\"SearchAction\",\"target\":{\"@type\":\"EntryPoint\",\"urlTemplate\":\"https:\/\/lappis.org.br\/site\/?s={search_term_string}\"},\"query-input\":{\"@type\":\"PropertyValueSpecification\",\"valueRequired\":true,\"valueName\":\"search_term_string\"}}],\"inLanguage\":\"pt-BR\"},{\"@type\":\"Organization\",\"@id\":\"https:\/\/lappis.org.br\/site\/#organization\",\"name\":\"Lappis 25 anos\",\"url\":\"https:\/\/lappis.org.br\/site\/\",\"logo\":{\"@type\":\"ImageObject\",\"inLanguage\":\"pt-BR\",\"@id\":\"https:\/\/lappis.org.br\/site\/#\/schema\/logo\/image\/\",\"url\":\"https:\/\/lappis.org.br\/site\/wp-content\/uploads\/2025\/03\/logo-lappis25anos.png\",\"contentUrl\":\"https:\/\/lappis.org.br\/site\/wp-content\/uploads\/2025\/03\/logo-lappis25anos.png\",\"width\":388,\"height\":146,\"caption\":\"Lappis 25 anos\"},\"image\":{\"@id\":\"https:\/\/lappis.org.br\/site\/#\/schema\/logo\/image\/\"}},{\"@type\":\"Person\",\"@id\":\"https:\/\/lappis.org.br\/site\/#\/schema\/person\/3852381d08284b5e2716b20bd89bdbcf\",\"name\":\"fw2\",\"image\":{\"@type\":\"ImageObject\",\"inLanguage\":\"pt-BR\",\"@id\":\"https:\/\/lappis.org.br\/site\/#\/schema\/person\/image\/\",\"url\":\"https:\/\/secure.gravatar.com\/avatar\/c38472c0cdbde82d9b6fcc26adb3779d?s=96&d=mm&r=g\",\"contentUrl\":\"https:\/\/secure.gravatar.com\/avatar\/c38472c0cdbde82d9b6fcc26adb3779d?s=96&d=mm&r=g\",\"caption\":\"fw2\"},\"url\":\"https:\/\/lappis.org.br\/site\/author\/fw2\"}]}<\/script>\n<!-- \/ Yoast SEO plugin. -->","yoast_head_json":{"title":"Professora Lilian Koifman \u2013 Pesquisadora da Universidade Federal Fluminense - Lappis 25 anos","robots":{"index":"index","follow":"follow","max-snippet":"max-snippet:-1","max-image-preview":"max-image-preview:large","max-video-preview":"max-video-preview:-1"},"canonical":"https:\/\/lappis.org.br\/site\/professora-lilian-koifman-pesquisadora-da-universidade-federal-fluminense\/2626","og_locale":"pt_BR","og_type":"article","og_title":"Professora Lilian Koifman \u2013 Pesquisadora da Universidade Federal Fluminense - Lappis 25 anos","og_description":"Confira a entrevista\u00a0 com a pesquisadora da Universidade Federal Fluminense L\u00edlian Koifman,\u00a0 que fala da import\u00e2ncia da integralidade para a sa\u00fade coletiva e explica ainda, como ocorrem as parcerias entres institui\u00e7\u00f5es e os benef\u00edcios gerados por estas uni\u00f5es. [...]","og_url":"https:\/\/lappis.org.br\/site\/professora-lilian-koifman-pesquisadora-da-universidade-federal-fluminense\/2626","og_site_name":"Lappis 25 anos","article_published_time":"2008-08-15T06:00:00+00:00","author":"fw2","twitter_card":"summary_large_image","twitter_misc":{"Escrito por":"fw2","Est. tempo de leitura":"2 minutos"},"schema":{"@context":"https:\/\/schema.org","@graph":[{"@type":"Article","@id":"https:\/\/lappis.org.br\/site\/professora-lilian-koifman-pesquisadora-da-universidade-federal-fluminense\/2626#article","isPartOf":{"@id":"https:\/\/lappis.org.br\/site\/professora-lilian-koifman-pesquisadora-da-universidade-federal-fluminense\/2626"},"author":{"name":"fw2","@id":"https:\/\/lappis.org.br\/site\/#\/schema\/person\/3852381d08284b5e2716b20bd89bdbcf"},"headline":"Professora Lilian Koifman \u2013 Pesquisadora da Universidade Federal Fluminense","datePublished":"2008-08-15T06:00:00+00:00","mainEntityOfPage":{"@id":"https:\/\/lappis.org.br\/site\/professora-lilian-koifman-pesquisadora-da-universidade-federal-fluminense\/2626"},"wordCount":423,"commentCount":0,"publisher":{"@id":"https:\/\/lappis.org.br\/site\/#organization"},"articleSection":["Not\u00edcia"],"inLanguage":"pt-BR","potentialAction":[{"@type":"CommentAction","name":"Comment","target":["https:\/\/lappis.org.br\/site\/professora-lilian-koifman-pesquisadora-da-universidade-federal-fluminense\/2626#respond"]}]},{"@type":"WebPage","@id":"https:\/\/lappis.org.br\/site\/professora-lilian-koifman-pesquisadora-da-universidade-federal-fluminense\/2626","url":"https:\/\/lappis.org.br\/site\/professora-lilian-koifman-pesquisadora-da-universidade-federal-fluminense\/2626","name":"Professora Lilian Koifman \u2013 Pesquisadora da Universidade Federal Fluminense - Lappis 25 anos","isPartOf":{"@id":"https:\/\/lappis.org.br\/site\/#website"},"datePublished":"2008-08-15T06:00:00+00:00","breadcrumb":{"@id":"https:\/\/lappis.org.br\/site\/professora-lilian-koifman-pesquisadora-da-universidade-federal-fluminense\/2626#breadcrumb"},"inLanguage":"pt-BR","potentialAction":[{"@type":"ReadAction","target":["https:\/\/lappis.org.br\/site\/professora-lilian-koifman-pesquisadora-da-universidade-federal-fluminense\/2626"]}]},{"@type":"BreadcrumbList","@id":"https:\/\/lappis.org.br\/site\/professora-lilian-koifman-pesquisadora-da-universidade-federal-fluminense\/2626#breadcrumb","itemListElement":[{"@type":"ListItem","position":1,"name":"In\u00edcio","item":"https:\/\/lappis.org.br\/site\/"},{"@type":"ListItem","position":2,"name":"Professora Lilian Koifman \u2013 Pesquisadora da Universidade Federal Fluminense"}]},{"@type":"WebSite","@id":"https:\/\/lappis.org.br\/site\/#website","url":"https:\/\/lappis.org.br\/site\/","name":"Lappis 25 anos","description":"Labotat\u00f3rio de Pesquisas sobre Pr\u00e1ticas de Integralidade em Sa\u00fade","publisher":{"@id":"https:\/\/lappis.org.br\/site\/#organization"},"potentialAction":[{"@type":"SearchAction","target":{"@type":"EntryPoint","urlTemplate":"https:\/\/lappis.org.br\/site\/?s={search_term_string}"},"query-input":{"@type":"PropertyValueSpecification","valueRequired":true,"valueName":"search_term_string"}}],"inLanguage":"pt-BR"},{"@type":"Organization","@id":"https:\/\/lappis.org.br\/site\/#organization","name":"Lappis 25 anos","url":"https:\/\/lappis.org.br\/site\/","logo":{"@type":"ImageObject","inLanguage":"pt-BR","@id":"https:\/\/lappis.org.br\/site\/#\/schema\/logo\/image\/","url":"https:\/\/lappis.org.br\/site\/wp-content\/uploads\/2025\/03\/logo-lappis25anos.png","contentUrl":"https:\/\/lappis.org.br\/site\/wp-content\/uploads\/2025\/03\/logo-lappis25anos.png","width":388,"height":146,"caption":"Lappis 25 anos"},"image":{"@id":"https:\/\/lappis.org.br\/site\/#\/schema\/logo\/image\/"}},{"@type":"Person","@id":"https:\/\/lappis.org.br\/site\/#\/schema\/person\/3852381d08284b5e2716b20bd89bdbcf","name":"fw2","image":{"@type":"ImageObject","inLanguage":"pt-BR","@id":"https:\/\/lappis.org.br\/site\/#\/schema\/person\/image\/","url":"https:\/\/secure.gravatar.com\/avatar\/c38472c0cdbde82d9b6fcc26adb3779d?s=96&d=mm&r=g","contentUrl":"https:\/\/secure.gravatar.com\/avatar\/c38472c0cdbde82d9b6fcc26adb3779d?s=96&d=mm&r=g","caption":"fw2"},"url":"https:\/\/lappis.org.br\/site\/author\/fw2"}]}},"jetpack_featured_media_url":"","jetpack_shortlink":"https:\/\/wp.me\/p954Nh-Gm","jetpack_sharing_enabled":true,"_links":{"self":[{"href":"https:\/\/lappis.org.br\/site\/wp-json\/wp\/v2\/posts\/2626"}],"collection":[{"href":"https:\/\/lappis.org.br\/site\/wp-json\/wp\/v2\/posts"}],"about":[{"href":"https:\/\/lappis.org.br\/site\/wp-json\/wp\/v2\/types\/post"}],"author":[{"embeddable":true,"href":"https:\/\/lappis.org.br\/site\/wp-json\/wp\/v2\/users\/1"}],"replies":[{"embeddable":true,"href":"https:\/\/lappis.org.br\/site\/wp-json\/wp\/v2\/comments?post=2626"}],"version-history":[{"count":0,"href":"https:\/\/lappis.org.br\/site\/wp-json\/wp\/v2\/posts\/2626\/revisions"}],"wp:attachment":[{"href":"https:\/\/lappis.org.br\/site\/wp-json\/wp\/v2\/media?parent=2626"}],"wp:term":[{"taxonomy":"category","embeddable":true,"href":"https:\/\/lappis.org.br\/site\/wp-json\/wp\/v2\/categories?post=2626"},{"taxonomy":"post_tag","embeddable":true,"href":"https:\/\/lappis.org.br\/site\/wp-json\/wp\/v2\/tags?post=2626"}],"curies":[{"name":"wp","href":"https:\/\/api.w.org\/{rel}","templated":true}]}}