{"id":2620,"date":"2008-08-15T03:00:00","date_gmt":"2008-08-15T06:00:00","guid":{"rendered":"http:\/\/lappis.org.br\/site\/2008\/08\/15\/curso-de-desenvolvimento-gerencial-do-sus-cdg-sus-portas-abertas-para-o-conhecimento-em-saude-coletiva\/"},"modified":"2008-08-15T03:00:00","modified_gmt":"2008-08-15T06:00:00","slug":"curso-de-desenvolvimento-gerencial-do-sus-cdg-sus-portas-abertas-para-o-conhecimento-em-saude-coletiva","status":"publish","type":"post","link":"https:\/\/lappis.org.br\/site\/curso-de-desenvolvimento-gerencial-do-sus-cdg-sus-portas-abertas-para-o-conhecimento-em-saude-coletiva\/2620","title":{"rendered":"Curso de desenvolvimento Gerencial do SUS (CDG-SUS): Portas abertas para o conhecimento em sa\u00fade coletiva"},"content":{"rendered":"<p style=\"text-align: justify;\"> \t<em>A Universidade Federal do Mato Grosso do Sul lan\u00e7a nos meses de julho, agosto e setembro o curso de Desenvolvimento Gerencial do SUS, que vai capacitar 280 profissionais e agentes das principais secretarias de sa\u00fade da regi\u00e3o mato-grossense<\/em>.<\/p>\n<p> \tA Universidade Federal do Mato Grosso do Sul promove nos meses de julho, agosto e setembro o curso de Desenvolvimento Gerencial do SUS, que vai capacitar 280 profissionais e agentes das principais secretarias de sa\u00fade da regi\u00e3o mato-grossense. Este investimento vai contribuir de forma eficaz no fortalecimento do Sistema \u00fanico de sa\u00fade e na busca por otimizar o ensino e o cuidado para usu\u00e1rios da sa\u00fade p\u00fablica.<\/p>\n<p> \tCom apoio do N\u00facleo de Desenvolvimento e Sa\u00fade (NDS), entidade respons\u00e1vel pela cria\u00e7\u00e3o do curso, e regido pelos pesquisadores Julio S. Muller Neto e F\u00e1tima Ticianel, que contam ainda com a assessoria da sanitarista Roseni Pinheiro (IMS\/UERJ) o evento ter\u00e1 como finalidade, contribuir para a qualifica\u00e7\u00e3o das pr\u00e1ticas de gest\u00e3o e cuidado em sa\u00fade coletiva. Por essa raz\u00e3o, ser\u00e3o ministradas oficinas pedag\u00f3gicas onde ser\u00e3o otimizadas as rela\u00e7\u00f5es entre institui\u00e7\u00e3o de ensino, pesquisa, gest\u00e3o e cuidado. Lecionam no curso, profissionais da rede p\u00fablica de sa\u00fade com p\u00f3s-gradua\u00e7\u00e3o e docentes do Instituto de Sa\u00fade Coletiva da UFMG.<\/p>\n<p> \tOito cidades foram escolhidas para a aplica\u00e7\u00e3o do projeto: Sinop, Nossa Senhora do Livramento, Campo Verde, Jaciara, Diamantino, Alta Floresta, Barra do Gra\u00e7as e Lucas do Rio Verde, onde a programa\u00e7\u00e3o foi divida por grupos de interesse. Nos munic\u00edpios de Sinop e Nossa Senhora do Livramento, o curso j\u00e1 foi conclu\u00eddo. Em Campo Verde, Jaciara e Diamantino o primeiro ciclo de aulas terminou, contudo, o segundo m\u00f3dulo foi programado para agosto. Os munic\u00edpios de Alta Floresta, Barra do Gar\u00e7as e Lucas do Rio Verde entretanto, ter\u00e3o as aulas iniciadas somente no m\u00eas de setembro. Parceria entre o NDS e o Conselho de Secretarias Municipais de Sa\u00fade (COSEMS\/MT) o projeto se baseia na realidade de cada cidade, onde os debates propostos e escolhas metodol\u00f3gicas incluem um conjunto de textos e informa\u00e7\u00f5es adicionais que possibilitam reflex\u00f5es e melhoram a constru\u00e7\u00e3o coletiva do conhecimento.<\/p>\n<p> \tCom o pensamento de que podem fazer a diferen\u00e7a e n\u00e3o esperar que os problemas mudem por si s\u00f3, os alunos do curso de Desenvolvimento Gerencial do SUS t\u00eam pela frente a miss\u00e3o de trabalhar as quest\u00f5es sugeridas pelos gestores do curso e tentar aplicar os novos conhecimentos em sua vida cotidiana. Ao fim dos estudos, tornam-se capacitados a elaborar um dossi\u00ea, conhecido como Agenda de Educa\u00e7\u00e3o Permanente que visa enfatizar a quest\u00e3o do cuidado para os usu\u00e1rios, e assegura o despertar do sentimento de solidariedade e acolhida que deve ser inerente a quem lida com sa\u00fade p\u00fablica. E torna palat\u00e1vel o desafio de constituir reais mudan\u00e7as na vida de quem cuida e de quem recebe cuidados.<\/p>\n","protected":false},"excerpt":{"rendered":"<div class=\"mh-excerpt\"><p>A Universidade Federal do Mato Grosso do Sul lan\u00e7a nos meses de julho, agosto e setembro o curso de Desenvolvimento Gerencial do SUS, que vai capacitar 280 profissionais e agentes das principais secretarias de sa\u00fade <a class=\"mh-excerpt-more\" href=\"https:\/\/lappis.org.br\/site\/curso-de-desenvolvimento-gerencial-do-sus-cdg-sus-portas-abertas-para-o-conhecimento-em-saude-coletiva\/2620\" title=\"Curso de desenvolvimento Gerencial do SUS (CDG-SUS): Portas abertas para o conhecimento em sa\u00fade coletiva\">[&#8230;]<\/a><\/p>\n<\/div>","protected":false},"author":1,"featured_media":0,"comment_status":"open","ping_status":"open","sticky":false,"template":"","format":"standard","meta":{"_acf_changed":false,"_exactmetrics_skip_tracking":false,"_exactmetrics_sitenote_active":false,"_exactmetrics_sitenote_note":"","_exactmetrics_sitenote_category":0,"jetpack_post_was_ever_published":false,"_jetpack_newsletter_access":"","_jetpack_dont_email_post_to_subs":false,"_jetpack_newsletter_tier_id":0,"_jetpack_memberships_contains_paywalled_content":false,"_jetpack_memberships_contains_paid_content":false,"footnotes":"","jetpack_publicize_message":"","jetpack_publicize_feature_enabled":true,"jetpack_social_post_already_shared":false,"jetpack_social_options":{"image_generator_settings":{"template":"highway","enabled":false},"version":2}},"categories":[8],"tags":[],"class_list":{"0":"post-2620","1":"post","2":"type-post","3":"status-publish","4":"format-standard","6":"category-noticia"},"jetpack_publicize_connections":[],"acf":[],"yoast_head":"<!-- This site is optimized with the Yoast SEO plugin v25.2 - https:\/\/yoast.com\/wordpress\/plugins\/seo\/ -->\n<title>Curso de desenvolvimento Gerencial do SUS (CDG-SUS): Portas abertas para o conhecimento em sa\u00fade coletiva - Lappis 25 anos<\/title>\n<meta name=\"robots\" content=\"index, follow, max-snippet:-1, max-image-preview:large, max-video-preview:-1\" \/>\n<link rel=\"canonical\" href=\"https:\/\/lappis.org.br\/site\/curso-de-desenvolvimento-gerencial-do-sus-cdg-sus-portas-abertas-para-o-conhecimento-em-saude-coletiva\/2620\" \/>\n<meta property=\"og:locale\" content=\"pt_BR\" \/>\n<meta property=\"og:type\" content=\"article\" \/>\n<meta property=\"og:title\" content=\"Curso de desenvolvimento Gerencial do SUS (CDG-SUS): Portas abertas para o conhecimento em sa\u00fade coletiva - Lappis 25 anos\" \/>\n<meta property=\"og:description\" content=\"A Universidade Federal do Mato Grosso do Sul lan\u00e7a nos meses de julho, agosto e setembro o curso de Desenvolvimento Gerencial do SUS, que vai capacitar 280 profissionais e agentes das principais secretarias de sa\u00fade [...]\" \/>\n<meta property=\"og:url\" content=\"https:\/\/lappis.org.br\/site\/curso-de-desenvolvimento-gerencial-do-sus-cdg-sus-portas-abertas-para-o-conhecimento-em-saude-coletiva\/2620\" \/>\n<meta property=\"og:site_name\" content=\"Lappis 25 anos\" \/>\n<meta property=\"article:published_time\" content=\"2008-08-15T06:00:00+00:00\" \/>\n<meta name=\"author\" content=\"fw2\" \/>\n<meta name=\"twitter:card\" content=\"summary_large_image\" \/>\n<meta name=\"twitter:label1\" content=\"Escrito por\" \/>\n\t<meta name=\"twitter:data1\" content=\"fw2\" \/>\n\t<meta name=\"twitter:label2\" content=\"Est. tempo de leitura\" \/>\n\t<meta name=\"twitter:data2\" content=\"3 minutos\" \/>\n<script type=\"application\/ld+json\" class=\"yoast-schema-graph\">{\"@context\":\"https:\/\/schema.org\",\"@graph\":[{\"@type\":\"Article\",\"@id\":\"https:\/\/lappis.org.br\/site\/curso-de-desenvolvimento-gerencial-do-sus-cdg-sus-portas-abertas-para-o-conhecimento-em-saude-coletiva\/2620#article\",\"isPartOf\":{\"@id\":\"https:\/\/lappis.org.br\/site\/curso-de-desenvolvimento-gerencial-do-sus-cdg-sus-portas-abertas-para-o-conhecimento-em-saude-coletiva\/2620\"},\"author\":{\"name\":\"fw2\",\"@id\":\"https:\/\/lappis.org.br\/site\/#\/schema\/person\/3852381d08284b5e2716b20bd89bdbcf\"},\"headline\":\"Curso de desenvolvimento Gerencial do SUS (CDG-SUS): Portas abertas para o conhecimento em sa\u00fade coletiva\",\"datePublished\":\"2008-08-15T06:00:00+00:00\",\"mainEntityOfPage\":{\"@id\":\"https:\/\/lappis.org.br\/site\/curso-de-desenvolvimento-gerencial-do-sus-cdg-sus-portas-abertas-para-o-conhecimento-em-saude-coletiva\/2620\"},\"wordCount\":531,\"commentCount\":0,\"publisher\":{\"@id\":\"https:\/\/lappis.org.br\/site\/#organization\"},\"articleSection\":[\"Not\u00edcia\"],\"inLanguage\":\"pt-BR\",\"potentialAction\":[{\"@type\":\"CommentAction\",\"name\":\"Comment\",\"target\":[\"https:\/\/lappis.org.br\/site\/curso-de-desenvolvimento-gerencial-do-sus-cdg-sus-portas-abertas-para-o-conhecimento-em-saude-coletiva\/2620#respond\"]}]},{\"@type\":\"WebPage\",\"@id\":\"https:\/\/lappis.org.br\/site\/curso-de-desenvolvimento-gerencial-do-sus-cdg-sus-portas-abertas-para-o-conhecimento-em-saude-coletiva\/2620\",\"url\":\"https:\/\/lappis.org.br\/site\/curso-de-desenvolvimento-gerencial-do-sus-cdg-sus-portas-abertas-para-o-conhecimento-em-saude-coletiva\/2620\",\"name\":\"Curso de desenvolvimento Gerencial do SUS (CDG-SUS): Portas abertas para o conhecimento em sa\u00fade coletiva - Lappis 25 anos\",\"isPartOf\":{\"@id\":\"https:\/\/lappis.org.br\/site\/#website\"},\"datePublished\":\"2008-08-15T06:00:00+00:00\",\"breadcrumb\":{\"@id\":\"https:\/\/lappis.org.br\/site\/curso-de-desenvolvimento-gerencial-do-sus-cdg-sus-portas-abertas-para-o-conhecimento-em-saude-coletiva\/2620#breadcrumb\"},\"inLanguage\":\"pt-BR\",\"potentialAction\":[{\"@type\":\"ReadAction\",\"target\":[\"https:\/\/lappis.org.br\/site\/curso-de-desenvolvimento-gerencial-do-sus-cdg-sus-portas-abertas-para-o-conhecimento-em-saude-coletiva\/2620\"]}]},{\"@type\":\"BreadcrumbList\",\"@id\":\"https:\/\/lappis.org.br\/site\/curso-de-desenvolvimento-gerencial-do-sus-cdg-sus-portas-abertas-para-o-conhecimento-em-saude-coletiva\/2620#breadcrumb\",\"itemListElement\":[{\"@type\":\"ListItem\",\"position\":1,\"name\":\"In\u00edcio\",\"item\":\"https:\/\/lappis.org.br\/site\/\"},{\"@type\":\"ListItem\",\"position\":2,\"name\":\"Curso de desenvolvimento Gerencial do SUS (CDG-SUS): Portas abertas para o conhecimento em sa\u00fade coletiva\"}]},{\"@type\":\"WebSite\",\"@id\":\"https:\/\/lappis.org.br\/site\/#website\",\"url\":\"https:\/\/lappis.org.br\/site\/\",\"name\":\"Lappis 25 anos\",\"description\":\"Labotat\u00f3rio de Pesquisas sobre Pr\u00e1ticas de Integralidade em Sa\u00fade\",\"publisher\":{\"@id\":\"https:\/\/lappis.org.br\/site\/#organization\"},\"potentialAction\":[{\"@type\":\"SearchAction\",\"target\":{\"@type\":\"EntryPoint\",\"urlTemplate\":\"https:\/\/lappis.org.br\/site\/?s={search_term_string}\"},\"query-input\":{\"@type\":\"PropertyValueSpecification\",\"valueRequired\":true,\"valueName\":\"search_term_string\"}}],\"inLanguage\":\"pt-BR\"},{\"@type\":\"Organization\",\"@id\":\"https:\/\/lappis.org.br\/site\/#organization\",\"name\":\"Lappis 25 anos\",\"url\":\"https:\/\/lappis.org.br\/site\/\",\"logo\":{\"@type\":\"ImageObject\",\"inLanguage\":\"pt-BR\",\"@id\":\"https:\/\/lappis.org.br\/site\/#\/schema\/logo\/image\/\",\"url\":\"https:\/\/lappis.org.br\/site\/wp-content\/uploads\/2025\/03\/logo-lappis25anos.png\",\"contentUrl\":\"https:\/\/lappis.org.br\/site\/wp-content\/uploads\/2025\/03\/logo-lappis25anos.png\",\"width\":388,\"height\":146,\"caption\":\"Lappis 25 anos\"},\"image\":{\"@id\":\"https:\/\/lappis.org.br\/site\/#\/schema\/logo\/image\/\"}},{\"@type\":\"Person\",\"@id\":\"https:\/\/lappis.org.br\/site\/#\/schema\/person\/3852381d08284b5e2716b20bd89bdbcf\",\"name\":\"fw2\",\"image\":{\"@type\":\"ImageObject\",\"inLanguage\":\"pt-BR\",\"@id\":\"https:\/\/lappis.org.br\/site\/#\/schema\/person\/image\/\",\"url\":\"https:\/\/secure.gravatar.com\/avatar\/c38472c0cdbde82d9b6fcc26adb3779d?s=96&d=mm&r=g\",\"contentUrl\":\"https:\/\/secure.gravatar.com\/avatar\/c38472c0cdbde82d9b6fcc26adb3779d?s=96&d=mm&r=g\",\"caption\":\"fw2\"},\"url\":\"https:\/\/lappis.org.br\/site\/author\/fw2\"}]}<\/script>\n<!-- \/ Yoast SEO plugin. -->","yoast_head_json":{"title":"Curso de desenvolvimento Gerencial do SUS (CDG-SUS): Portas abertas para o conhecimento em sa\u00fade coletiva - Lappis 25 anos","robots":{"index":"index","follow":"follow","max-snippet":"max-snippet:-1","max-image-preview":"max-image-preview:large","max-video-preview":"max-video-preview:-1"},"canonical":"https:\/\/lappis.org.br\/site\/curso-de-desenvolvimento-gerencial-do-sus-cdg-sus-portas-abertas-para-o-conhecimento-em-saude-coletiva\/2620","og_locale":"pt_BR","og_type":"article","og_title":"Curso de desenvolvimento Gerencial do SUS (CDG-SUS): Portas abertas para o conhecimento em sa\u00fade coletiva - Lappis 25 anos","og_description":"A Universidade Federal do Mato Grosso do Sul lan\u00e7a nos meses de julho, agosto e setembro o curso de Desenvolvimento Gerencial do SUS, que vai capacitar 280 profissionais e agentes das principais secretarias de sa\u00fade [...]","og_url":"https:\/\/lappis.org.br\/site\/curso-de-desenvolvimento-gerencial-do-sus-cdg-sus-portas-abertas-para-o-conhecimento-em-saude-coletiva\/2620","og_site_name":"Lappis 25 anos","article_published_time":"2008-08-15T06:00:00+00:00","author":"fw2","twitter_card":"summary_large_image","twitter_misc":{"Escrito por":"fw2","Est. tempo de leitura":"3 minutos"},"schema":{"@context":"https:\/\/schema.org","@graph":[{"@type":"Article","@id":"https:\/\/lappis.org.br\/site\/curso-de-desenvolvimento-gerencial-do-sus-cdg-sus-portas-abertas-para-o-conhecimento-em-saude-coletiva\/2620#article","isPartOf":{"@id":"https:\/\/lappis.org.br\/site\/curso-de-desenvolvimento-gerencial-do-sus-cdg-sus-portas-abertas-para-o-conhecimento-em-saude-coletiva\/2620"},"author":{"name":"fw2","@id":"https:\/\/lappis.org.br\/site\/#\/schema\/person\/3852381d08284b5e2716b20bd89bdbcf"},"headline":"Curso de desenvolvimento Gerencial do SUS (CDG-SUS): Portas abertas para o conhecimento em sa\u00fade coletiva","datePublished":"2008-08-15T06:00:00+00:00","mainEntityOfPage":{"@id":"https:\/\/lappis.org.br\/site\/curso-de-desenvolvimento-gerencial-do-sus-cdg-sus-portas-abertas-para-o-conhecimento-em-saude-coletiva\/2620"},"wordCount":531,"commentCount":0,"publisher":{"@id":"https:\/\/lappis.org.br\/site\/#organization"},"articleSection":["Not\u00edcia"],"inLanguage":"pt-BR","potentialAction":[{"@type":"CommentAction","name":"Comment","target":["https:\/\/lappis.org.br\/site\/curso-de-desenvolvimento-gerencial-do-sus-cdg-sus-portas-abertas-para-o-conhecimento-em-saude-coletiva\/2620#respond"]}]},{"@type":"WebPage","@id":"https:\/\/lappis.org.br\/site\/curso-de-desenvolvimento-gerencial-do-sus-cdg-sus-portas-abertas-para-o-conhecimento-em-saude-coletiva\/2620","url":"https:\/\/lappis.org.br\/site\/curso-de-desenvolvimento-gerencial-do-sus-cdg-sus-portas-abertas-para-o-conhecimento-em-saude-coletiva\/2620","name":"Curso de desenvolvimento Gerencial do SUS (CDG-SUS): Portas abertas para o conhecimento em sa\u00fade coletiva - Lappis 25 anos","isPartOf":{"@id":"https:\/\/lappis.org.br\/site\/#website"},"datePublished":"2008-08-15T06:00:00+00:00","breadcrumb":{"@id":"https:\/\/lappis.org.br\/site\/curso-de-desenvolvimento-gerencial-do-sus-cdg-sus-portas-abertas-para-o-conhecimento-em-saude-coletiva\/2620#breadcrumb"},"inLanguage":"pt-BR","potentialAction":[{"@type":"ReadAction","target":["https:\/\/lappis.org.br\/site\/curso-de-desenvolvimento-gerencial-do-sus-cdg-sus-portas-abertas-para-o-conhecimento-em-saude-coletiva\/2620"]}]},{"@type":"BreadcrumbList","@id":"https:\/\/lappis.org.br\/site\/curso-de-desenvolvimento-gerencial-do-sus-cdg-sus-portas-abertas-para-o-conhecimento-em-saude-coletiva\/2620#breadcrumb","itemListElement":[{"@type":"ListItem","position":1,"name":"In\u00edcio","item":"https:\/\/lappis.org.br\/site\/"},{"@type":"ListItem","position":2,"name":"Curso de desenvolvimento Gerencial do SUS (CDG-SUS): Portas abertas para o conhecimento em sa\u00fade coletiva"}]},{"@type":"WebSite","@id":"https:\/\/lappis.org.br\/site\/#website","url":"https:\/\/lappis.org.br\/site\/","name":"Lappis 25 anos","description":"Labotat\u00f3rio de Pesquisas sobre Pr\u00e1ticas de Integralidade em Sa\u00fade","publisher":{"@id":"https:\/\/lappis.org.br\/site\/#organization"},"potentialAction":[{"@type":"SearchAction","target":{"@type":"EntryPoint","urlTemplate":"https:\/\/lappis.org.br\/site\/?s={search_term_string}"},"query-input":{"@type":"PropertyValueSpecification","valueRequired":true,"valueName":"search_term_string"}}],"inLanguage":"pt-BR"},{"@type":"Organization","@id":"https:\/\/lappis.org.br\/site\/#organization","name":"Lappis 25 anos","url":"https:\/\/lappis.org.br\/site\/","logo":{"@type":"ImageObject","inLanguage":"pt-BR","@id":"https:\/\/lappis.org.br\/site\/#\/schema\/logo\/image\/","url":"https:\/\/lappis.org.br\/site\/wp-content\/uploads\/2025\/03\/logo-lappis25anos.png","contentUrl":"https:\/\/lappis.org.br\/site\/wp-content\/uploads\/2025\/03\/logo-lappis25anos.png","width":388,"height":146,"caption":"Lappis 25 anos"},"image":{"@id":"https:\/\/lappis.org.br\/site\/#\/schema\/logo\/image\/"}},{"@type":"Person","@id":"https:\/\/lappis.org.br\/site\/#\/schema\/person\/3852381d08284b5e2716b20bd89bdbcf","name":"fw2","image":{"@type":"ImageObject","inLanguage":"pt-BR","@id":"https:\/\/lappis.org.br\/site\/#\/schema\/person\/image\/","url":"https:\/\/secure.gravatar.com\/avatar\/c38472c0cdbde82d9b6fcc26adb3779d?s=96&d=mm&r=g","contentUrl":"https:\/\/secure.gravatar.com\/avatar\/c38472c0cdbde82d9b6fcc26adb3779d?s=96&d=mm&r=g","caption":"fw2"},"url":"https:\/\/lappis.org.br\/site\/author\/fw2"}]}},"jetpack_featured_media_url":"","jetpack_shortlink":"https:\/\/wp.me\/p954Nh-Gg","jetpack_sharing_enabled":true,"_links":{"self":[{"href":"https:\/\/lappis.org.br\/site\/wp-json\/wp\/v2\/posts\/2620"}],"collection":[{"href":"https:\/\/lappis.org.br\/site\/wp-json\/wp\/v2\/posts"}],"about":[{"href":"https:\/\/lappis.org.br\/site\/wp-json\/wp\/v2\/types\/post"}],"author":[{"embeddable":true,"href":"https:\/\/lappis.org.br\/site\/wp-json\/wp\/v2\/users\/1"}],"replies":[{"embeddable":true,"href":"https:\/\/lappis.org.br\/site\/wp-json\/wp\/v2\/comments?post=2620"}],"version-history":[{"count":0,"href":"https:\/\/lappis.org.br\/site\/wp-json\/wp\/v2\/posts\/2620\/revisions"}],"wp:attachment":[{"href":"https:\/\/lappis.org.br\/site\/wp-json\/wp\/v2\/media?parent=2620"}],"wp:term":[{"taxonomy":"category","embeddable":true,"href":"https:\/\/lappis.org.br\/site\/wp-json\/wp\/v2\/categories?post=2620"},{"taxonomy":"post_tag","embeddable":true,"href":"https:\/\/lappis.org.br\/site\/wp-json\/wp\/v2\/tags?post=2620"}],"curies":[{"name":"wp","href":"https:\/\/api.w.org\/{rel}","templated":true}]}}