{"id":2619,"date":"2008-08-15T03:00:00","date_gmt":"2008-08-15T06:00:00","guid":{"rendered":"http:\/\/lappis.org.br\/site\/2008\/08\/15\/xiv-encontro-de-secretarias-municipais-do-mato-grosso-comemora-20-anos-do-sus\/"},"modified":"2008-08-15T03:00:00","modified_gmt":"2008-08-15T06:00:00","slug":"xiv-encontro-de-secretarias-municipais-do-mato-grosso-comemora-20-anos-do-sus","status":"publish","type":"post","link":"https:\/\/lappis.org.br\/site\/xiv-encontro-de-secretarias-municipais-do-mato-grosso-comemora-20-anos-do-sus\/2619","title":{"rendered":"XIV Encontro de Secretarias Municipais do Mato Grosso comemora 20 anos do SUS"},"content":{"rendered":"<p style=\"text-align: justify;\"> \t<img fetchpriority=\"high\" decoding=\"async\" data-attachment-id=\"2616\" data-permalink=\"https:\/\/lappis.org.br\/site\/xiv-encontro-de-secretarias-municipais-do-mato-grosso-comemora-20-anos-do-sus\/2619\/attachment-alt-449\" data-orig-file=\"https:\/\/lappis.org.br\/site\/wp-content\/uploads\/2008\/08\/xiv_encontro_COSEMS_f01.jpg\" data-orig-size=\"527,350\" data-comments-opened=\"1\" data-image-meta=\"{&quot;aperture&quot;:&quot;0&quot;,&quot;credit&quot;:&quot;&quot;,&quot;camera&quot;:&quot;&quot;,&quot;caption&quot;:&quot;&quot;,&quot;created_timestamp&quot;:&quot;0&quot;,&quot;copyright&quot;:&quot;&quot;,&quot;focal_length&quot;:&quot;0&quot;,&quot;iso&quot;:&quot;0&quot;,&quot;shutter_speed&quot;:&quot;0&quot;,&quot;title&quot;:&quot;&quot;,&quot;orientation&quot;:&quot;0&quot;}\" data-image-title=\"alt\" data-image-description=\"\" data-image-caption=\"\" data-medium-file=\"https:\/\/lappis.org.br\/site\/wp-content\/uploads\/2008\/08\/xiv_encontro_COSEMS_f01-300x199.jpg\" data-large-file=\"https:\/\/lappis.org.br\/site\/wp-content\/uploads\/2008\/08\/xiv_encontro_COSEMS_f01.jpg\" class=\" alignleft size-full wp-image-2616\" alt=\"alt\" src=\"http:\/\/lappis.org.br\/site\/wp-content\/uploads\/2008\/08\/xiv_encontro_COSEMS_f01.jpg\" style=\"margin: 5px; float: left; height: 266px; width: 400px;\" width=\"527\" height=\"350\" srcset=\"https:\/\/lappis.org.br\/site\/wp-content\/uploads\/2008\/08\/xiv_encontro_COSEMS_f01.jpg 527w, https:\/\/lappis.org.br\/site\/wp-content\/uploads\/2008\/08\/xiv_encontro_COSEMS_f01-300x199.jpg 300w\" sizes=\"(max-width: 527px) 100vw, 527px\" \/>O Conselho de Secretarias Municipais do Mato Grosso promoveu, entre os dias 22 e 24 de Julho, o XIV Encontro de Secretarias Municipais de Sa\u00fade do Mato Grosso, que para acompanhar as comemora\u00e7\u00f5es pelo vig\u00e9simo ano de implementa\u00e7\u00e3o do SUS, mobilizou a comunidade acad\u00eamica. O evento trouxe reflex\u00f5es sobre medidas favor\u00e1veis e a implementa\u00e7\u00e3o da luta pela constru\u00e7\u00e3o e reconstru\u00e7\u00e3o permanente de um SUS mais humanizado e de qualidade para o povo matogrossense.<\/p>\n<p>   Com a inten\u00e7\u00e3o de fomentar as discuss\u00f5es tamb\u00e9m no \u00e2mbito pol\u00edtico \u00e0s quest\u00f5es pertinentes a sa\u00fade p\u00fablica da regi\u00e3o, o encontro contou com a presen\u00e7a de diversas entidades ligadas \u00e0 sa\u00fade p\u00fablica: Nelson Rodrigues dos Santos, Ana Costa<strong>, <\/strong>Elias Jorge e Julio S. Mulher.\u00a0De renome no meio Acad\u00eamico nacional, participaram S\u00f4nia Fleury(Funda\u00e7\u00e3o Get\u00falio Vargas\/RJ), Roseni Pinheiro(Coordenadora do LAPPIS), e Carlos Alberto de Matos (FIOCRUZ\/Bras\u00edlia).\u00a0 <\/p>\n<p style=\"text-align: justify;\"> \t\u00a0<br \/> \t<img decoding=\"async\" data-attachment-id=\"2617\" data-permalink=\"https:\/\/lappis.org.br\/site\/xiv-encontro-de-secretarias-municipais-do-mato-grosso-comemora-20-anos-do-sus\/2619\/attachment-alt-450\" data-orig-file=\"https:\/\/lappis.org.br\/site\/wp-content\/uploads\/2008\/08\/xiv_encontro_COSEMS_f03.jpg\" data-orig-size=\"523,350\" data-comments-opened=\"1\" data-image-meta=\"{&quot;aperture&quot;:&quot;0&quot;,&quot;credit&quot;:&quot;&quot;,&quot;camera&quot;:&quot;&quot;,&quot;caption&quot;:&quot;&quot;,&quot;created_timestamp&quot;:&quot;0&quot;,&quot;copyright&quot;:&quot;&quot;,&quot;focal_length&quot;:&quot;0&quot;,&quot;iso&quot;:&quot;0&quot;,&quot;shutter_speed&quot;:&quot;0&quot;,&quot;title&quot;:&quot;&quot;,&quot;orientation&quot;:&quot;0&quot;}\" data-image-title=\"alt\" data-image-description=\"\" data-image-caption=\"\" data-medium-file=\"https:\/\/lappis.org.br\/site\/wp-content\/uploads\/2008\/08\/xiv_encontro_COSEMS_f03-300x201.jpg\" data-large-file=\"https:\/\/lappis.org.br\/site\/wp-content\/uploads\/2008\/08\/xiv_encontro_COSEMS_f03.jpg\" class=\" alignleft size-full wp-image-2617\" alt=\"alt\" src=\"http:\/\/lappis.org.br\/site\/wp-content\/uploads\/2008\/08\/xiv_encontro_COSEMS_f03.jpg\" style=\"margin: 5px; float: left; height: 268px; width: 400px;\" width=\"523\" height=\"350\" srcset=\"https:\/\/lappis.org.br\/site\/wp-content\/uploads\/2008\/08\/xiv_encontro_COSEMS_f03.jpg 523w, https:\/\/lappis.org.br\/site\/wp-content\/uploads\/2008\/08\/xiv_encontro_COSEMS_f03-300x201.jpg 300w\" sizes=\"(max-width: 523px) 100vw, 523px\" \/>Durante o encontro,mais dois acontecimentos merecem destaque: a refunda\u00e7\u00e3o do Centro Brasileiro de Estudos em Sa\u00fade &ndash; CEBES e a comemora\u00e7\u00e3o dos 20 ANOS DO SUS, 23 de julho de 2008, um marco hist\u00f3rico para a sa\u00fade p\u00fablica em Mato Grosso. Nesse dia, 52 pessoas reuniram-se para reorganizar as atividades do CEBES no Estado, com 23 novos associados. A reuni\u00e3o foi convocada e organizada pelos professores do ISC\/UFMT, J\u00falio Muller Neto e Maria Ang\u00e9lica Spinelli, apoiados por profissionais da Sa\u00fade, COSEMS\/MT, Redes de Apoio ao SUS, organiza\u00e7\u00f5es n\u00e3o governamentais e movimentos populares.<br \/> \t\u00a0<br \/> \tO COSEMS\/MT tem como princ\u00edpios de diretrizes da Gest\u00e3o a Democratiza\u00e7\u00e3o, Transpar\u00eancia, Acolhimento e Cuidado, configurando o processo de constru\u00e7\u00e3o coletiva de respeito \u00e0s diversidades, que s\u00f3 se fortalece e redimensiona suas a\u00e7\u00f5es por estar construindo cotidianamente a capacidade de agregar. Esses princ\u00edpios encontram o conceito de Integralidade proposto pelo LAPPIS. \u00a0<br \/> \t\u00a0<br \/> \t<img decoding=\"async\" data-attachment-id=\"2618\" data-permalink=\"https:\/\/lappis.org.br\/site\/xiv-encontro-de-secretarias-municipais-do-mato-grosso-comemora-20-anos-do-sus\/2619\/attachment-alt-451\" data-orig-file=\"https:\/\/lappis.org.br\/site\/wp-content\/uploads\/2008\/08\/xiv_encontro_COSEMS_f05.jpg\" data-orig-size=\"448,299\" data-comments-opened=\"1\" data-image-meta=\"{&quot;aperture&quot;:&quot;0&quot;,&quot;credit&quot;:&quot;&quot;,&quot;camera&quot;:&quot;&quot;,&quot;caption&quot;:&quot;&quot;,&quot;created_timestamp&quot;:&quot;0&quot;,&quot;copyright&quot;:&quot;&quot;,&quot;focal_length&quot;:&quot;0&quot;,&quot;iso&quot;:&quot;0&quot;,&quot;shutter_speed&quot;:&quot;0&quot;,&quot;title&quot;:&quot;&quot;,&quot;orientation&quot;:&quot;0&quot;}\" data-image-title=\"alt\" data-image-description=\"\" data-image-caption=\"\" data-medium-file=\"https:\/\/lappis.org.br\/site\/wp-content\/uploads\/2008\/08\/xiv_encontro_COSEMS_f05-300x200.jpg\" data-large-file=\"https:\/\/lappis.org.br\/site\/wp-content\/uploads\/2008\/08\/xiv_encontro_COSEMS_f05.jpg\" class=\" alignright size-full wp-image-2618\" alt=\"alt\" src=\"http:\/\/lappis.org.br\/site\/wp-content\/uploads\/2008\/08\/xiv_encontro_COSEMS_f05.jpg\" style=\"height: 267px; width: 400px; margin: 6px; float: right;\" width=\"448\" height=\"299\" srcset=\"https:\/\/lappis.org.br\/site\/wp-content\/uploads\/2008\/08\/xiv_encontro_COSEMS_f05.jpg 448w, https:\/\/lappis.org.br\/site\/wp-content\/uploads\/2008\/08\/xiv_encontro_COSEMS_f05-300x200.jpg 300w\" sizes=\"(max-width: 448px) 100vw, 448px\" \/>A coordenadora do LAPPIS comenta de onde nasce essa parceria, &ldquo;esse encontro aqui em MT plasma nossa parceria do ISC\/UFMT com o LAPPIS. Consideramos uma referencia de produ\u00e7\u00e3o de integralidade na regi\u00e3o Centro-oeste, cria-se um sitio avan\u00e7ado aqui. O prof. Julio Muller \u00e9 uma referencia importante no campo das pol\u00edticas e planejamento, em seu texto sobre descentraliza\u00e7\u00e3o publicado na revista Sa\u00fade em Debate do CEBES, naquele ano. Ele foi meu professor em 89, junto como prof. Hesio Cordeiro, quando participei do projeto de Municipaliza\u00e7\u00e3o da Sa\u00fade, com apoio da FUNASA, no Instituto Brasileiro de Administra\u00e7\u00e3o Municipal, junto com o Carlos Trindade, tamb\u00e9m uma referencia importante, com a experi\u00eancia de Distrito sanit\u00e1rio em cachoeiras de Macacu. Sem duvidas, foi uma experi\u00eancia muito importante para minha vida profissional e aprendi muito como esses intelectuais org\u00e2nicos da reforma sanit\u00e1ria.\u00a0 Al\u00e9m disso, como coordenadora do Projeto Experi\u00eancias Inovadoras do MS\/OPAS em 2000, a experi\u00eancia de Regionaliza\u00e7\u00e3o por meio de Cons\u00f3rcios Intermunicipais de Sa\u00fade coordenada pelo Julio, ent\u00e3o Secret\u00e1rio Estadual de Sa\u00fade de Mato Grosso foi uma das selecionadas, juntamente com muitas outras no pa\u00eds, Rio Grande do Sul, Acre. Dessas experi\u00eancias a de Mato Grosso, mant\u00e9m o vigor e vitalidade sobre suas a\u00e7\u00f5es, resiste, em meio a diversidade isso \u00e9 um m\u00e9rito e um atributo de sustentabilidade. A F\u00e1tima Ticianel, assim como Julio e Maria Ang\u00e9lica Spineli, e toda uma equipe, que integram essa linha de atua\u00e7\u00e3o em pesquisa\u00a0 ensino de pol\u00edticas e gest\u00e3o no SUS do LAPPIS. Eles fazem parte de nossa rede multic\u00eantrica de Pesquisa, e em novembro teremos um semin\u00e1rio especifico sobre o tema da Aten\u00e7\u00e3o B\u00e1sica e Integralidade&rdquo;.\u00a0<\/p>\n","protected":false},"excerpt":{"rendered":"<div class=\"mh-excerpt\"><p style=\"text-align: justify;\"> \t<img loading=\"lazy\" decoding=\"async\" class=\" alignleft size-full wp-image-2616\" alt=\"alt\" src=\"http:\/\/lappis.org.br\/site\/wp-content\/uploads\/2008\/08\/xiv_encontro_COSEMS_f01.jpg\" style=\"margin: 5px; float: left; height: 266px; width: 400px;\" width=\"527\" height=\"350\" srcset=\"https:\/\/lappis.org.br\/site\/wp-content\/uploads\/2008\/08\/xiv_encontro_COSEMS_f01.jpg 527w, https:\/\/lappis.org.br\/site\/wp-content\/uploads\/2008\/08\/xiv_encontro_COSEMS_f01-300x199.jpg 300w\" sizes=\"(max-width: 527px) 100vw, 527px\" \/>O Conselho de Secretarias Municipais do Mato Grosso promoveu, entre os dias 22 e 24 de Julho, o XIV Encontro de Secretarias Municipais de Sa\u00fade do Mato Grosso, que para acompanhar as comemora\u00e7\u00f5es pelo vig\u00e9simo ano de implementa\u00e7\u00e3o do SUS, mobilizou a comunidade acad\u00eamica. O evento trouxe reflex\u00f5es sobre medidas favor\u00e1veis e a implementa\u00e7\u00e3o da luta pela constru\u00e7\u00e3o e reconstru\u00e7\u00e3o permanente de um SUS mais humanizado e de qualidade para o povo matogrossense.<\/p>\n<p>  <a class=\"mh-excerpt-more\" href=\"https:\/\/lappis.org.br\/site\/xiv-encontro-de-secretarias-municipais-do-mato-grosso-comemora-20-anos-do-sus\/2619\" title=\"XIV Encontro de Secretarias Municipais do Mato Grosso comemora 20 anos do SUS\">[&#8230;]<\/a><\/p>\n<\/div>","protected":false},"author":1,"featured_media":2615,"comment_status":"open","ping_status":"open","sticky":false,"template":"","format":"standard","meta":{"_acf_changed":false,"_exactmetrics_skip_tracking":false,"_exactmetrics_sitenote_active":false,"_exactmetrics_sitenote_note":"","_exactmetrics_sitenote_category":0,"jetpack_post_was_ever_published":false,"_jetpack_newsletter_access":"","_jetpack_dont_email_post_to_subs":false,"_jetpack_newsletter_tier_id":0,"_jetpack_memberships_contains_paywalled_content":false,"_jetpack_memberships_contains_paid_content":false,"footnotes":"","jetpack_publicize_message":"","jetpack_publicize_feature_enabled":true,"jetpack_social_post_already_shared":false,"jetpack_social_options":{"image_generator_settings":{"template":"highway","enabled":false},"version":2}},"categories":[8],"tags":[],"class_list":{"0":"post-2619","1":"post","2":"type-post","3":"status-publish","4":"format-standard","5":"has-post-thumbnail","7":"category-noticia"},"jetpack_publicize_connections":[],"acf":[],"yoast_head":"<!-- This site is optimized with the Yoast SEO plugin v25.2 - https:\/\/yoast.com\/wordpress\/plugins\/seo\/ -->\n<title>XIV Encontro de Secretarias Municipais do Mato Grosso comemora 20 anos do SUS - Lappis 25 anos<\/title>\n<meta name=\"robots\" content=\"index, follow, max-snippet:-1, max-image-preview:large, max-video-preview:-1\" \/>\n<link rel=\"canonical\" href=\"https:\/\/lappis.org.br\/site\/xiv-encontro-de-secretarias-municipais-do-mato-grosso-comemora-20-anos-do-sus\/2619\" \/>\n<meta property=\"og:locale\" content=\"pt_BR\" \/>\n<meta property=\"og:type\" content=\"article\" \/>\n<meta property=\"og:title\" content=\"XIV Encontro de Secretarias Municipais do Mato Grosso comemora 20 anos do SUS - Lappis 25 anos\" \/>\n<meta property=\"og:description\" content=\"O Conselho de Secretarias Municipais do Mato Grosso promoveu, entre os dias 22 e 24 de Julho, o XIV Encontro de Secretarias Municipais de Sa\u00fade do Mato Grosso, que para acompanhar as comemora\u00e7\u00f5es pelo vig\u00e9simo ano de implementa\u00e7\u00e3o do SUS, mobilizou a comunidade acad\u00eamica. O evento trouxe reflex\u00f5es sobre medidas favor\u00e1veis e a implementa\u00e7\u00e3o da luta pela constru\u00e7\u00e3o e reconstru\u00e7\u00e3o permanente de um SUS mais humanizado e de qualidade para o povo matogrossense. [...]\" \/>\n<meta property=\"og:url\" content=\"https:\/\/lappis.org.br\/site\/xiv-encontro-de-secretarias-municipais-do-mato-grosso-comemora-20-anos-do-sus\/2619\" \/>\n<meta property=\"og:site_name\" content=\"Lappis 25 anos\" \/>\n<meta property=\"article:published_time\" content=\"2008-08-15T06:00:00+00:00\" \/>\n<meta property=\"og:image\" content=\"https:\/\/lappis.org.br\/site\/wp-content\/uploads\/2008\/08\/xiv_encontro_COSEMS_f01.jpg\" \/>\n\t<meta property=\"og:image:width\" content=\"527\" \/>\n\t<meta property=\"og:image:height\" content=\"350\" \/>\n\t<meta property=\"og:image:type\" content=\"image\/jpeg\" \/>\n<meta name=\"author\" content=\"fw2\" \/>\n<meta name=\"twitter:card\" content=\"summary_large_image\" \/>\n<meta name=\"twitter:label1\" content=\"Escrito por\" \/>\n\t<meta name=\"twitter:data1\" content=\"fw2\" \/>\n\t<meta name=\"twitter:label2\" content=\"Est. tempo de leitura\" \/>\n\t<meta name=\"twitter:data2\" content=\"3 minutos\" \/>\n<script type=\"application\/ld+json\" class=\"yoast-schema-graph\">{\"@context\":\"https:\/\/schema.org\",\"@graph\":[{\"@type\":\"Article\",\"@id\":\"https:\/\/lappis.org.br\/site\/xiv-encontro-de-secretarias-municipais-do-mato-grosso-comemora-20-anos-do-sus\/2619#article\",\"isPartOf\":{\"@id\":\"https:\/\/lappis.org.br\/site\/xiv-encontro-de-secretarias-municipais-do-mato-grosso-comemora-20-anos-do-sus\/2619\"},\"author\":{\"name\":\"fw2\",\"@id\":\"https:\/\/lappis.org.br\/site\/#\/schema\/person\/3852381d08284b5e2716b20bd89bdbcf\"},\"headline\":\"XIV Encontro de Secretarias Municipais do Mato Grosso comemora 20 anos do SUS\",\"datePublished\":\"2008-08-15T06:00:00+00:00\",\"mainEntityOfPage\":{\"@id\":\"https:\/\/lappis.org.br\/site\/xiv-encontro-de-secretarias-municipais-do-mato-grosso-comemora-20-anos-do-sus\/2619\"},\"wordCount\":644,\"commentCount\":0,\"publisher\":{\"@id\":\"https:\/\/lappis.org.br\/site\/#organization\"},\"image\":{\"@id\":\"https:\/\/lappis.org.br\/site\/xiv-encontro-de-secretarias-municipais-do-mato-grosso-comemora-20-anos-do-sus\/2619#primaryimage\"},\"thumbnailUrl\":\"https:\/\/lappis.org.br\/site\/wp-content\/uploads\/2008\/08\/xiv_encontro_COSEMS_f01.jpg\",\"articleSection\":[\"Not\u00edcia\"],\"inLanguage\":\"pt-BR\",\"potentialAction\":[{\"@type\":\"CommentAction\",\"name\":\"Comment\",\"target\":[\"https:\/\/lappis.org.br\/site\/xiv-encontro-de-secretarias-municipais-do-mato-grosso-comemora-20-anos-do-sus\/2619#respond\"]}]},{\"@type\":\"WebPage\",\"@id\":\"https:\/\/lappis.org.br\/site\/xiv-encontro-de-secretarias-municipais-do-mato-grosso-comemora-20-anos-do-sus\/2619\",\"url\":\"https:\/\/lappis.org.br\/site\/xiv-encontro-de-secretarias-municipais-do-mato-grosso-comemora-20-anos-do-sus\/2619\",\"name\":\"XIV Encontro de Secretarias Municipais do Mato Grosso comemora 20 anos do SUS - Lappis 25 anos\",\"isPartOf\":{\"@id\":\"https:\/\/lappis.org.br\/site\/#website\"},\"primaryImageOfPage\":{\"@id\":\"https:\/\/lappis.org.br\/site\/xiv-encontro-de-secretarias-municipais-do-mato-grosso-comemora-20-anos-do-sus\/2619#primaryimage\"},\"image\":{\"@id\":\"https:\/\/lappis.org.br\/site\/xiv-encontro-de-secretarias-municipais-do-mato-grosso-comemora-20-anos-do-sus\/2619#primaryimage\"},\"thumbnailUrl\":\"https:\/\/lappis.org.br\/site\/wp-content\/uploads\/2008\/08\/xiv_encontro_COSEMS_f01.jpg\",\"datePublished\":\"2008-08-15T06:00:00+00:00\",\"breadcrumb\":{\"@id\":\"https:\/\/lappis.org.br\/site\/xiv-encontro-de-secretarias-municipais-do-mato-grosso-comemora-20-anos-do-sus\/2619#breadcrumb\"},\"inLanguage\":\"pt-BR\",\"potentialAction\":[{\"@type\":\"ReadAction\",\"target\":[\"https:\/\/lappis.org.br\/site\/xiv-encontro-de-secretarias-municipais-do-mato-grosso-comemora-20-anos-do-sus\/2619\"]}]},{\"@type\":\"ImageObject\",\"inLanguage\":\"pt-BR\",\"@id\":\"https:\/\/lappis.org.br\/site\/xiv-encontro-de-secretarias-municipais-do-mato-grosso-comemora-20-anos-do-sus\/2619#primaryimage\",\"url\":\"https:\/\/lappis.org.br\/site\/wp-content\/uploads\/2008\/08\/xiv_encontro_COSEMS_f01.jpg\",\"contentUrl\":\"https:\/\/lappis.org.br\/site\/wp-content\/uploads\/2008\/08\/xiv_encontro_COSEMS_f01.jpg\",\"width\":527,\"height\":350,\"caption\":\"alt\"},{\"@type\":\"BreadcrumbList\",\"@id\":\"https:\/\/lappis.org.br\/site\/xiv-encontro-de-secretarias-municipais-do-mato-grosso-comemora-20-anos-do-sus\/2619#breadcrumb\",\"itemListElement\":[{\"@type\":\"ListItem\",\"position\":1,\"name\":\"In\u00edcio\",\"item\":\"https:\/\/lappis.org.br\/site\/\"},{\"@type\":\"ListItem\",\"position\":2,\"name\":\"XIV Encontro de Secretarias Municipais do Mato Grosso comemora 20 anos do SUS\"}]},{\"@type\":\"WebSite\",\"@id\":\"https:\/\/lappis.org.br\/site\/#website\",\"url\":\"https:\/\/lappis.org.br\/site\/\",\"name\":\"Lappis 25 anos\",\"description\":\"Labotat\u00f3rio de Pesquisas sobre Pr\u00e1ticas de Integralidade em Sa\u00fade\",\"publisher\":{\"@id\":\"https:\/\/lappis.org.br\/site\/#organization\"},\"potentialAction\":[{\"@type\":\"SearchAction\",\"target\":{\"@type\":\"EntryPoint\",\"urlTemplate\":\"https:\/\/lappis.org.br\/site\/?s={search_term_string}\"},\"query-input\":{\"@type\":\"PropertyValueSpecification\",\"valueRequired\":true,\"valueName\":\"search_term_string\"}}],\"inLanguage\":\"pt-BR\"},{\"@type\":\"Organization\",\"@id\":\"https:\/\/lappis.org.br\/site\/#organization\",\"name\":\"Lappis 25 anos\",\"url\":\"https:\/\/lappis.org.br\/site\/\",\"logo\":{\"@type\":\"ImageObject\",\"inLanguage\":\"pt-BR\",\"@id\":\"https:\/\/lappis.org.br\/site\/#\/schema\/logo\/image\/\",\"url\":\"https:\/\/lappis.org.br\/site\/wp-content\/uploads\/2025\/03\/logo-lappis25anos.png\",\"contentUrl\":\"https:\/\/lappis.org.br\/site\/wp-content\/uploads\/2025\/03\/logo-lappis25anos.png\",\"width\":388,\"height\":146,\"caption\":\"Lappis 25 anos\"},\"image\":{\"@id\":\"https:\/\/lappis.org.br\/site\/#\/schema\/logo\/image\/\"}},{\"@type\":\"Person\",\"@id\":\"https:\/\/lappis.org.br\/site\/#\/schema\/person\/3852381d08284b5e2716b20bd89bdbcf\",\"name\":\"fw2\",\"image\":{\"@type\":\"ImageObject\",\"inLanguage\":\"pt-BR\",\"@id\":\"https:\/\/lappis.org.br\/site\/#\/schema\/person\/image\/\",\"url\":\"https:\/\/secure.gravatar.com\/avatar\/c38472c0cdbde82d9b6fcc26adb3779d?s=96&d=mm&r=g\",\"contentUrl\":\"https:\/\/secure.gravatar.com\/avatar\/c38472c0cdbde82d9b6fcc26adb3779d?s=96&d=mm&r=g\",\"caption\":\"fw2\"},\"url\":\"https:\/\/lappis.org.br\/site\/author\/fw2\"}]}<\/script>\n<!-- \/ Yoast SEO plugin. -->","yoast_head_json":{"title":"XIV Encontro de Secretarias Municipais do Mato Grosso comemora 20 anos do SUS - Lappis 25 anos","robots":{"index":"index","follow":"follow","max-snippet":"max-snippet:-1","max-image-preview":"max-image-preview:large","max-video-preview":"max-video-preview:-1"},"canonical":"https:\/\/lappis.org.br\/site\/xiv-encontro-de-secretarias-municipais-do-mato-grosso-comemora-20-anos-do-sus\/2619","og_locale":"pt_BR","og_type":"article","og_title":"XIV Encontro de Secretarias Municipais do Mato Grosso comemora 20 anos do SUS - Lappis 25 anos","og_description":"O Conselho de Secretarias Municipais do Mato Grosso promoveu, entre os dias 22 e 24 de Julho, o XIV Encontro de Secretarias Municipais de Sa\u00fade do Mato Grosso, que para acompanhar as comemora\u00e7\u00f5es pelo vig\u00e9simo ano de implementa\u00e7\u00e3o do SUS, mobilizou a comunidade acad\u00eamica. O evento trouxe reflex\u00f5es sobre medidas favor\u00e1veis e a implementa\u00e7\u00e3o da luta pela constru\u00e7\u00e3o e reconstru\u00e7\u00e3o permanente de um SUS mais humanizado e de qualidade para o povo matogrossense. [...]","og_url":"https:\/\/lappis.org.br\/site\/xiv-encontro-de-secretarias-municipais-do-mato-grosso-comemora-20-anos-do-sus\/2619","og_site_name":"Lappis 25 anos","article_published_time":"2008-08-15T06:00:00+00:00","og_image":[{"width":527,"height":350,"url":"https:\/\/lappis.org.br\/site\/wp-content\/uploads\/2008\/08\/xiv_encontro_COSEMS_f01.jpg","type":"image\/jpeg"}],"author":"fw2","twitter_card":"summary_large_image","twitter_misc":{"Escrito por":"fw2","Est. tempo de leitura":"3 minutos"},"schema":{"@context":"https:\/\/schema.org","@graph":[{"@type":"Article","@id":"https:\/\/lappis.org.br\/site\/xiv-encontro-de-secretarias-municipais-do-mato-grosso-comemora-20-anos-do-sus\/2619#article","isPartOf":{"@id":"https:\/\/lappis.org.br\/site\/xiv-encontro-de-secretarias-municipais-do-mato-grosso-comemora-20-anos-do-sus\/2619"},"author":{"name":"fw2","@id":"https:\/\/lappis.org.br\/site\/#\/schema\/person\/3852381d08284b5e2716b20bd89bdbcf"},"headline":"XIV Encontro de Secretarias Municipais do Mato Grosso comemora 20 anos do SUS","datePublished":"2008-08-15T06:00:00+00:00","mainEntityOfPage":{"@id":"https:\/\/lappis.org.br\/site\/xiv-encontro-de-secretarias-municipais-do-mato-grosso-comemora-20-anos-do-sus\/2619"},"wordCount":644,"commentCount":0,"publisher":{"@id":"https:\/\/lappis.org.br\/site\/#organization"},"image":{"@id":"https:\/\/lappis.org.br\/site\/xiv-encontro-de-secretarias-municipais-do-mato-grosso-comemora-20-anos-do-sus\/2619#primaryimage"},"thumbnailUrl":"https:\/\/lappis.org.br\/site\/wp-content\/uploads\/2008\/08\/xiv_encontro_COSEMS_f01.jpg","articleSection":["Not\u00edcia"],"inLanguage":"pt-BR","potentialAction":[{"@type":"CommentAction","name":"Comment","target":["https:\/\/lappis.org.br\/site\/xiv-encontro-de-secretarias-municipais-do-mato-grosso-comemora-20-anos-do-sus\/2619#respond"]}]},{"@type":"WebPage","@id":"https:\/\/lappis.org.br\/site\/xiv-encontro-de-secretarias-municipais-do-mato-grosso-comemora-20-anos-do-sus\/2619","url":"https:\/\/lappis.org.br\/site\/xiv-encontro-de-secretarias-municipais-do-mato-grosso-comemora-20-anos-do-sus\/2619","name":"XIV Encontro de Secretarias Municipais do Mato Grosso comemora 20 anos do SUS - Lappis 25 anos","isPartOf":{"@id":"https:\/\/lappis.org.br\/site\/#website"},"primaryImageOfPage":{"@id":"https:\/\/lappis.org.br\/site\/xiv-encontro-de-secretarias-municipais-do-mato-grosso-comemora-20-anos-do-sus\/2619#primaryimage"},"image":{"@id":"https:\/\/lappis.org.br\/site\/xiv-encontro-de-secretarias-municipais-do-mato-grosso-comemora-20-anos-do-sus\/2619#primaryimage"},"thumbnailUrl":"https:\/\/lappis.org.br\/site\/wp-content\/uploads\/2008\/08\/xiv_encontro_COSEMS_f01.jpg","datePublished":"2008-08-15T06:00:00+00:00","breadcrumb":{"@id":"https:\/\/lappis.org.br\/site\/xiv-encontro-de-secretarias-municipais-do-mato-grosso-comemora-20-anos-do-sus\/2619#breadcrumb"},"inLanguage":"pt-BR","potentialAction":[{"@type":"ReadAction","target":["https:\/\/lappis.org.br\/site\/xiv-encontro-de-secretarias-municipais-do-mato-grosso-comemora-20-anos-do-sus\/2619"]}]},{"@type":"ImageObject","inLanguage":"pt-BR","@id":"https:\/\/lappis.org.br\/site\/xiv-encontro-de-secretarias-municipais-do-mato-grosso-comemora-20-anos-do-sus\/2619#primaryimage","url":"https:\/\/lappis.org.br\/site\/wp-content\/uploads\/2008\/08\/xiv_encontro_COSEMS_f01.jpg","contentUrl":"https:\/\/lappis.org.br\/site\/wp-content\/uploads\/2008\/08\/xiv_encontro_COSEMS_f01.jpg","width":527,"height":350,"caption":"alt"},{"@type":"BreadcrumbList","@id":"https:\/\/lappis.org.br\/site\/xiv-encontro-de-secretarias-municipais-do-mato-grosso-comemora-20-anos-do-sus\/2619#breadcrumb","itemListElement":[{"@type":"ListItem","position":1,"name":"In\u00edcio","item":"https:\/\/lappis.org.br\/site\/"},{"@type":"ListItem","position":2,"name":"XIV Encontro de Secretarias Municipais do Mato Grosso comemora 20 anos do SUS"}]},{"@type":"WebSite","@id":"https:\/\/lappis.org.br\/site\/#website","url":"https:\/\/lappis.org.br\/site\/","name":"Lappis 25 anos","description":"Labotat\u00f3rio de Pesquisas sobre Pr\u00e1ticas de Integralidade em Sa\u00fade","publisher":{"@id":"https:\/\/lappis.org.br\/site\/#organization"},"potentialAction":[{"@type":"SearchAction","target":{"@type":"EntryPoint","urlTemplate":"https:\/\/lappis.org.br\/site\/?s={search_term_string}"},"query-input":{"@type":"PropertyValueSpecification","valueRequired":true,"valueName":"search_term_string"}}],"inLanguage":"pt-BR"},{"@type":"Organization","@id":"https:\/\/lappis.org.br\/site\/#organization","name":"Lappis 25 anos","url":"https:\/\/lappis.org.br\/site\/","logo":{"@type":"ImageObject","inLanguage":"pt-BR","@id":"https:\/\/lappis.org.br\/site\/#\/schema\/logo\/image\/","url":"https:\/\/lappis.org.br\/site\/wp-content\/uploads\/2025\/03\/logo-lappis25anos.png","contentUrl":"https:\/\/lappis.org.br\/site\/wp-content\/uploads\/2025\/03\/logo-lappis25anos.png","width":388,"height":146,"caption":"Lappis 25 anos"},"image":{"@id":"https:\/\/lappis.org.br\/site\/#\/schema\/logo\/image\/"}},{"@type":"Person","@id":"https:\/\/lappis.org.br\/site\/#\/schema\/person\/3852381d08284b5e2716b20bd89bdbcf","name":"fw2","image":{"@type":"ImageObject","inLanguage":"pt-BR","@id":"https:\/\/lappis.org.br\/site\/#\/schema\/person\/image\/","url":"https:\/\/secure.gravatar.com\/avatar\/c38472c0cdbde82d9b6fcc26adb3779d?s=96&d=mm&r=g","contentUrl":"https:\/\/secure.gravatar.com\/avatar\/c38472c0cdbde82d9b6fcc26adb3779d?s=96&d=mm&r=g","caption":"fw2"},"url":"https:\/\/lappis.org.br\/site\/author\/fw2"}]}},"jetpack_featured_media_url":"https:\/\/lappis.org.br\/site\/wp-content\/uploads\/2008\/08\/xiv_encontro_COSEMS_f01.jpg","jetpack_shortlink":"https:\/\/wp.me\/p954Nh-Gf","jetpack_sharing_enabled":true,"_links":{"self":[{"href":"https:\/\/lappis.org.br\/site\/wp-json\/wp\/v2\/posts\/2619"}],"collection":[{"href":"https:\/\/lappis.org.br\/site\/wp-json\/wp\/v2\/posts"}],"about":[{"href":"https:\/\/lappis.org.br\/site\/wp-json\/wp\/v2\/types\/post"}],"author":[{"embeddable":true,"href":"https:\/\/lappis.org.br\/site\/wp-json\/wp\/v2\/users\/1"}],"replies":[{"embeddable":true,"href":"https:\/\/lappis.org.br\/site\/wp-json\/wp\/v2\/comments?post=2619"}],"version-history":[{"count":0,"href":"https:\/\/lappis.org.br\/site\/wp-json\/wp\/v2\/posts\/2619\/revisions"}],"wp:featuredmedia":[{"embeddable":true,"href":"https:\/\/lappis.org.br\/site\/wp-json\/wp\/v2\/media\/2615"}],"wp:attachment":[{"href":"https:\/\/lappis.org.br\/site\/wp-json\/wp\/v2\/media?parent=2619"}],"wp:term":[{"taxonomy":"category","embeddable":true,"href":"https:\/\/lappis.org.br\/site\/wp-json\/wp\/v2\/categories?post=2619"},{"taxonomy":"post_tag","embeddable":true,"href":"https:\/\/lappis.org.br\/site\/wp-json\/wp\/v2\/tags?post=2619"}],"curies":[{"name":"wp","href":"https:\/\/api.w.org\/{rel}","templated":true}]}}