{"id":2605,"date":"2008-08-06T03:00:00","date_gmt":"2008-08-06T06:00:00","guid":{"rendered":"http:\/\/lappis.org.br\/site\/2008\/08\/06\/usuario-do-cuidado-ou-cuidar-do-usuario-mediacoes-e-responsabilidade-no-acesso-as-terapeuticas-na-saude\/"},"modified":"2008-08-06T03:00:00","modified_gmt":"2008-08-06T06:00:00","slug":"usuario-do-cuidado-ou-cuidar-do-usuario-mediacoes-e-responsabilidade-no-acesso-as-terapeuticas-na-saude","status":"publish","type":"post","link":"https:\/\/lappis.org.br\/site\/usuario-do-cuidado-ou-cuidar-do-usuario-mediacoes-e-responsabilidade-no-acesso-as-terapeuticas-na-saude\/2605","title":{"rendered":"Usu\u00e1rio do Cuidado ou Cuidar do Usu\u00e1rio: media\u00e7\u00f5es e responsabilidade no acesso \u00e0s terap\u00eauticas na sa\u00fade"},"content":{"rendered":"<p style=\"text-align: justify;\"> \t<img fetchpriority=\"high\" decoding=\"async\" data-attachment-id=\"2603\" data-permalink=\"https:\/\/lappis.org.br\/site\/usuario-do-cuidado-ou-cuidar-do-usuario-mediacoes-e-responsabilidade-no-acesso-as-terapeuticas-na-saude\/2605\/attachment-alt-440\" data-orig-file=\"https:\/\/lappis.org.br\/site\/wp-content\/uploads\/2008\/08\/eventopoa2008_2.jpg\" data-orig-size=\"448,267\" data-comments-opened=\"1\" data-image-meta=\"{&quot;aperture&quot;:&quot;0&quot;,&quot;credit&quot;:&quot;&quot;,&quot;camera&quot;:&quot;&quot;,&quot;caption&quot;:&quot;&quot;,&quot;created_timestamp&quot;:&quot;0&quot;,&quot;copyright&quot;:&quot;&quot;,&quot;focal_length&quot;:&quot;0&quot;,&quot;iso&quot;:&quot;0&quot;,&quot;shutter_speed&quot;:&quot;0&quot;,&quot;title&quot;:&quot;&quot;,&quot;orientation&quot;:&quot;0&quot;}\" data-image-title=\"alt\" data-image-description=\"\" data-image-caption=\"\" data-medium-file=\"https:\/\/lappis.org.br\/site\/wp-content\/uploads\/2008\/08\/eventopoa2008_2-300x179.jpg\" data-large-file=\"https:\/\/lappis.org.br\/site\/wp-content\/uploads\/2008\/08\/eventopoa2008_2.jpg\" class=\" alignright size-full wp-image-2603\" alt=\"alt\" src=\"http:\/\/lappis.org.br\/site\/wp-content\/uploads\/2008\/08\/eventopoa2008_2.jpg\" style=\"margin: 5px; float: right;\" width=\"448\" height=\"267\" srcset=\"https:\/\/lappis.org.br\/site\/wp-content\/uploads\/2008\/08\/eventopoa2008_2.jpg 448w, https:\/\/lappis.org.br\/site\/wp-content\/uploads\/2008\/08\/eventopoa2008_2-300x179.jpg 300w\" sizes=\"(max-width: 448px) 100vw, 448px\" \/>O grupo de trabalho e humaniza\u00e7\u00e3o do Hospital de Cl\u00ednicas de Porto Alegre, vinculado \u00e0 faculdade de Medicina da Universidade Federal do Rio Grande do Sul realizou no \u00faltimo dia 23 de Setembro, o Semin\u00e1rio &#8220;Cuidado ou cuidar do usu\u00e1rio: media\u00e7\u00f5es e responsabilidade no acesso \u00e0s terap\u00eauticas na sa\u00fade&#8221;.<\/p>\n<p>   Para fomentar ainda mais \u00e0s quest\u00f5es referentes \u00e0 pr\u00e1tica da integralidade no \u00e2mbito de pesquisas voltadas ao usu\u00e1rio do SUS, o n\u00facleo de trabalho e humaniza\u00e7\u00e3o do HCPA e o Servi\u00e7o de Aten\u00e7\u00e3o Prim\u00e1ria \u00e0 sa\u00fade buscaram debater assuntos como cuidado integral e a import\u00e2ncia das media\u00e7\u00f5es e responsabilidades no acesso terap\u00eautico na \u00e1rea de sa\u00fade.<\/p>\n<p style=\"text-align: justify;\"> \tO evento coordenado pelo professor da UFRGS Francisco Arsego de Oliveira, contou com a participa\u00e7\u00e3o dos painelistas Tatiana Gerhardth (UFRGS), Paulo Henrique Martins (UFPE) e Roseni Pinheiro (UERJ).<br \/> \t\u00a0<br \/> \t<img decoding=\"async\" data-attachment-id=\"2604\" data-permalink=\"https:\/\/lappis.org.br\/site\/usuario-do-cuidado-ou-cuidar-do-usuario-mediacoes-e-responsabilidade-no-acesso-as-terapeuticas-na-saude\/2605\/attachment-alt-441\" data-orig-file=\"https:\/\/lappis.org.br\/site\/wp-content\/uploads\/2008\/08\/eventopoa2008_3.jpg\" data-orig-size=\"263,350\" data-comments-opened=\"1\" data-image-meta=\"{&quot;aperture&quot;:&quot;0&quot;,&quot;credit&quot;:&quot;&quot;,&quot;camera&quot;:&quot;&quot;,&quot;caption&quot;:&quot;&quot;,&quot;created_timestamp&quot;:&quot;0&quot;,&quot;copyright&quot;:&quot;&quot;,&quot;focal_length&quot;:&quot;0&quot;,&quot;iso&quot;:&quot;0&quot;,&quot;shutter_speed&quot;:&quot;0&quot;,&quot;title&quot;:&quot;&quot;,&quot;orientation&quot;:&quot;0&quot;}\" data-image-title=\"alt\" data-image-description=\"\" data-image-caption=\"\" data-medium-file=\"https:\/\/lappis.org.br\/site\/wp-content\/uploads\/2008\/08\/eventopoa2008_3-225x300.jpg\" data-large-file=\"https:\/\/lappis.org.br\/site\/wp-content\/uploads\/2008\/08\/eventopoa2008_3.jpg\" class=\" alignleft size-full wp-image-2604\" alt=\"alt\" src=\"http:\/\/lappis.org.br\/site\/wp-content\/uploads\/2008\/08\/eventopoa2008_3.jpg\" style=\"margin: 5px; float: left;\" width=\"263\" height=\"350\" srcset=\"https:\/\/lappis.org.br\/site\/wp-content\/uploads\/2008\/08\/eventopoa2008_3.jpg 263w, https:\/\/lappis.org.br\/site\/wp-content\/uploads\/2008\/08\/eventopoa2008_3-225x300.jpg 225w\" sizes=\"(max-width: 263px) 100vw, 263px\" \/>Com o audit\u00f3rio lotado o debate foi produtivo, considerado &ldquo;excelente&rdquo; pelo Coordenador da Mesa Francisco Arsego, reunindo, docentes, estudantes de diferentes \u00e1reas da forma\u00e7\u00e3o profissional. &ldquo;\u00c9 sempre uma satisfa\u00e7\u00e3o para n\u00f3s do LAPPIS, eu particularmente em estar participando das atividades aqui com a Medicina Social do HCP, que nos acolhem de forma afetiva, estimuladora, com participa\u00e7\u00e3o de servi\u00e7os, pesquisadores docentes e alunos. N\u00e3o deu tempo para discutirmos tudo que foi perguntado, e fica a promessa de um retorno ainda esse ano, no m\u00eas de novembro. Agradecemos muito por mais esse encontro com novas abordagens trazidas por Paulo Henrique e Tatiana e as contribui\u00e7\u00f5es do Francisco&rdquo; afirma Roseni Pinheiro.\u00a0<br \/> \t\u00a0<br \/> \t\u00a0<\/p>\n","protected":false},"excerpt":{"rendered":"<div class=\"mh-excerpt\"><p style=\"text-align: justify;\"> \t<img decoding=\"async\" class=\" alignright size-full wp-image-2603\" alt=\"alt\" src=\"http:\/\/lappis.org.br\/site\/wp-content\/uploads\/2008\/08\/eventopoa2008_2.jpg\" style=\"margin: 5px; float: right;\" width=\"448\" height=\"267\" srcset=\"https:\/\/lappis.org.br\/site\/wp-content\/uploads\/2008\/08\/eventopoa2008_2.jpg 448w, https:\/\/lappis.org.br\/site\/wp-content\/uploads\/2008\/08\/eventopoa2008_2-300x179.jpg 300w\" sizes=\"(max-width: 448px) 100vw, 448px\" \/>O grupo de trabalho e humaniza\u00e7\u00e3o do Hospital de Cl\u00ednicas de Porto Alegre, vinculado \u00e0 faculdade de Medicina da Universidade Federal do Rio Grande do Sul realizou no \u00faltimo dia 23 de Setembro, o Semin\u00e1rio &#8220;Cuidado ou cuidar do usu\u00e1rio: media\u00e7\u00f5es e responsabilidade no acesso \u00e0s terap\u00eauticas na sa\u00fade&#8221;.<\/p>\n<p>  <a class=\"mh-excerpt-more\" href=\"https:\/\/lappis.org.br\/site\/usuario-do-cuidado-ou-cuidar-do-usuario-mediacoes-e-responsabilidade-no-acesso-as-terapeuticas-na-saude\/2605\" title=\"Usu\u00e1rio do Cuidado ou Cuidar do Usu\u00e1rio: media\u00e7\u00f5es e responsabilidade no acesso \u00e0s terap\u00eauticas na sa\u00fade\">[&#8230;]<\/a><\/p>\n<\/div>","protected":false},"author":1,"featured_media":2602,"comment_status":"open","ping_status":"open","sticky":false,"template":"","format":"standard","meta":{"_acf_changed":false,"_exactmetrics_skip_tracking":false,"_exactmetrics_sitenote_active":false,"_exactmetrics_sitenote_note":"","_exactmetrics_sitenote_category":0,"jetpack_post_was_ever_published":false,"_jetpack_newsletter_access":"","_jetpack_dont_email_post_to_subs":false,"_jetpack_newsletter_tier_id":0,"_jetpack_memberships_contains_paywalled_content":false,"_jetpack_memberships_contains_paid_content":false,"footnotes":"","jetpack_publicize_message":"","jetpack_publicize_feature_enabled":true,"jetpack_social_post_already_shared":false,"jetpack_social_options":{"image_generator_settings":{"template":"highway","enabled":false},"version":2}},"categories":[8],"tags":[],"class_list":{"0":"post-2605","1":"post","2":"type-post","3":"status-publish","4":"format-standard","5":"has-post-thumbnail","7":"category-noticia"},"jetpack_publicize_connections":[],"acf":[],"yoast_head":"<!-- This site is optimized with the Yoast SEO plugin v25.2 - https:\/\/yoast.com\/wordpress\/plugins\/seo\/ -->\n<title>Usu\u00e1rio do Cuidado ou Cuidar do Usu\u00e1rio: media\u00e7\u00f5es e responsabilidade no acesso \u00e0s terap\u00eauticas na sa\u00fade - Lappis 25 anos<\/title>\n<meta name=\"robots\" content=\"index, follow, max-snippet:-1, max-image-preview:large, max-video-preview:-1\" \/>\n<link rel=\"canonical\" href=\"https:\/\/lappis.org.br\/site\/usuario-do-cuidado-ou-cuidar-do-usuario-mediacoes-e-responsabilidade-no-acesso-as-terapeuticas-na-saude\/2605\" \/>\n<meta property=\"og:locale\" content=\"pt_BR\" \/>\n<meta property=\"og:type\" content=\"article\" \/>\n<meta property=\"og:title\" content=\"Usu\u00e1rio do Cuidado ou Cuidar do Usu\u00e1rio: media\u00e7\u00f5es e responsabilidade no acesso \u00e0s terap\u00eauticas na sa\u00fade - Lappis 25 anos\" \/>\n<meta property=\"og:description\" content=\"O grupo de trabalho e humaniza\u00e7\u00e3o do Hospital de Cl\u00ednicas de Porto Alegre, vinculado \u00e0 faculdade de Medicina da Universidade Federal do Rio Grande do Sul realizou no \u00faltimo dia 23 de Setembro, o Semin\u00e1rio &quot;Cuidado ou cuidar do usu\u00e1rio: media\u00e7\u00f5es e responsabilidade no acesso \u00e0s terap\u00eauticas na sa\u00fade&quot;. [...]\" \/>\n<meta property=\"og:url\" content=\"https:\/\/lappis.org.br\/site\/usuario-do-cuidado-ou-cuidar-do-usuario-mediacoes-e-responsabilidade-no-acesso-as-terapeuticas-na-saude\/2605\" \/>\n<meta property=\"og:site_name\" content=\"Lappis 25 anos\" \/>\n<meta property=\"article:published_time\" content=\"2008-08-06T06:00:00+00:00\" \/>\n<meta property=\"og:image\" content=\"https:\/\/lappis.org.br\/site\/wp-content\/uploads\/2008\/08\/eventopoa2008_2.jpg\" \/>\n\t<meta property=\"og:image:width\" content=\"448\" \/>\n\t<meta property=\"og:image:height\" content=\"267\" \/>\n\t<meta property=\"og:image:type\" content=\"image\/jpeg\" \/>\n<meta name=\"author\" content=\"fw2\" \/>\n<meta name=\"twitter:card\" content=\"summary_large_image\" \/>\n<meta name=\"twitter:label1\" content=\"Escrito por\" \/>\n\t<meta name=\"twitter:data1\" content=\"fw2\" \/>\n\t<meta name=\"twitter:label2\" content=\"Est. tempo de leitura\" \/>\n\t<meta name=\"twitter:data2\" content=\"1 minuto\" \/>\n<script type=\"application\/ld+json\" class=\"yoast-schema-graph\">{\"@context\":\"https:\/\/schema.org\",\"@graph\":[{\"@type\":\"Article\",\"@id\":\"https:\/\/lappis.org.br\/site\/usuario-do-cuidado-ou-cuidar-do-usuario-mediacoes-e-responsabilidade-no-acesso-as-terapeuticas-na-saude\/2605#article\",\"isPartOf\":{\"@id\":\"https:\/\/lappis.org.br\/site\/usuario-do-cuidado-ou-cuidar-do-usuario-mediacoes-e-responsabilidade-no-acesso-as-terapeuticas-na-saude\/2605\"},\"author\":{\"name\":\"fw2\",\"@id\":\"https:\/\/lappis.org.br\/site\/#\/schema\/person\/3852381d08284b5e2716b20bd89bdbcf\"},\"headline\":\"Usu\u00e1rio do Cuidado ou Cuidar do Usu\u00e1rio: media\u00e7\u00f5es e responsabilidade no acesso \u00e0s terap\u00eauticas na sa\u00fade\",\"datePublished\":\"2008-08-06T06:00:00+00:00\",\"mainEntityOfPage\":{\"@id\":\"https:\/\/lappis.org.br\/site\/usuario-do-cuidado-ou-cuidar-do-usuario-mediacoes-e-responsabilidade-no-acesso-as-terapeuticas-na-saude\/2605\"},\"wordCount\":291,\"commentCount\":0,\"publisher\":{\"@id\":\"https:\/\/lappis.org.br\/site\/#organization\"},\"image\":{\"@id\":\"https:\/\/lappis.org.br\/site\/usuario-do-cuidado-ou-cuidar-do-usuario-mediacoes-e-responsabilidade-no-acesso-as-terapeuticas-na-saude\/2605#primaryimage\"},\"thumbnailUrl\":\"https:\/\/lappis.org.br\/site\/wp-content\/uploads\/2008\/08\/eventopoa2008_2.jpg\",\"articleSection\":[\"Not\u00edcia\"],\"inLanguage\":\"pt-BR\",\"potentialAction\":[{\"@type\":\"CommentAction\",\"name\":\"Comment\",\"target\":[\"https:\/\/lappis.org.br\/site\/usuario-do-cuidado-ou-cuidar-do-usuario-mediacoes-e-responsabilidade-no-acesso-as-terapeuticas-na-saude\/2605#respond\"]}]},{\"@type\":\"WebPage\",\"@id\":\"https:\/\/lappis.org.br\/site\/usuario-do-cuidado-ou-cuidar-do-usuario-mediacoes-e-responsabilidade-no-acesso-as-terapeuticas-na-saude\/2605\",\"url\":\"https:\/\/lappis.org.br\/site\/usuario-do-cuidado-ou-cuidar-do-usuario-mediacoes-e-responsabilidade-no-acesso-as-terapeuticas-na-saude\/2605\",\"name\":\"Usu\u00e1rio do Cuidado ou Cuidar do Usu\u00e1rio: media\u00e7\u00f5es e responsabilidade no acesso \u00e0s terap\u00eauticas na sa\u00fade - Lappis 25 anos\",\"isPartOf\":{\"@id\":\"https:\/\/lappis.org.br\/site\/#website\"},\"primaryImageOfPage\":{\"@id\":\"https:\/\/lappis.org.br\/site\/usuario-do-cuidado-ou-cuidar-do-usuario-mediacoes-e-responsabilidade-no-acesso-as-terapeuticas-na-saude\/2605#primaryimage\"},\"image\":{\"@id\":\"https:\/\/lappis.org.br\/site\/usuario-do-cuidado-ou-cuidar-do-usuario-mediacoes-e-responsabilidade-no-acesso-as-terapeuticas-na-saude\/2605#primaryimage\"},\"thumbnailUrl\":\"https:\/\/lappis.org.br\/site\/wp-content\/uploads\/2008\/08\/eventopoa2008_2.jpg\",\"datePublished\":\"2008-08-06T06:00:00+00:00\",\"breadcrumb\":{\"@id\":\"https:\/\/lappis.org.br\/site\/usuario-do-cuidado-ou-cuidar-do-usuario-mediacoes-e-responsabilidade-no-acesso-as-terapeuticas-na-saude\/2605#breadcrumb\"},\"inLanguage\":\"pt-BR\",\"potentialAction\":[{\"@type\":\"ReadAction\",\"target\":[\"https:\/\/lappis.org.br\/site\/usuario-do-cuidado-ou-cuidar-do-usuario-mediacoes-e-responsabilidade-no-acesso-as-terapeuticas-na-saude\/2605\"]}]},{\"@type\":\"ImageObject\",\"inLanguage\":\"pt-BR\",\"@id\":\"https:\/\/lappis.org.br\/site\/usuario-do-cuidado-ou-cuidar-do-usuario-mediacoes-e-responsabilidade-no-acesso-as-terapeuticas-na-saude\/2605#primaryimage\",\"url\":\"https:\/\/lappis.org.br\/site\/wp-content\/uploads\/2008\/08\/eventopoa2008_2.jpg\",\"contentUrl\":\"https:\/\/lappis.org.br\/site\/wp-content\/uploads\/2008\/08\/eventopoa2008_2.jpg\",\"width\":448,\"height\":267,\"caption\":\"alt\"},{\"@type\":\"BreadcrumbList\",\"@id\":\"https:\/\/lappis.org.br\/site\/usuario-do-cuidado-ou-cuidar-do-usuario-mediacoes-e-responsabilidade-no-acesso-as-terapeuticas-na-saude\/2605#breadcrumb\",\"itemListElement\":[{\"@type\":\"ListItem\",\"position\":1,\"name\":\"In\u00edcio\",\"item\":\"https:\/\/lappis.org.br\/site\/\"},{\"@type\":\"ListItem\",\"position\":2,\"name\":\"Usu\u00e1rio do Cuidado ou Cuidar do Usu\u00e1rio: media\u00e7\u00f5es e responsabilidade no acesso \u00e0s terap\u00eauticas na sa\u00fade\"}]},{\"@type\":\"WebSite\",\"@id\":\"https:\/\/lappis.org.br\/site\/#website\",\"url\":\"https:\/\/lappis.org.br\/site\/\",\"name\":\"Lappis 25 anos\",\"description\":\"Labotat\u00f3rio de Pesquisas sobre Pr\u00e1ticas de Integralidade em Sa\u00fade\",\"publisher\":{\"@id\":\"https:\/\/lappis.org.br\/site\/#organization\"},\"potentialAction\":[{\"@type\":\"SearchAction\",\"target\":{\"@type\":\"EntryPoint\",\"urlTemplate\":\"https:\/\/lappis.org.br\/site\/?s={search_term_string}\"},\"query-input\":{\"@type\":\"PropertyValueSpecification\",\"valueRequired\":true,\"valueName\":\"search_term_string\"}}],\"inLanguage\":\"pt-BR\"},{\"@type\":\"Organization\",\"@id\":\"https:\/\/lappis.org.br\/site\/#organization\",\"name\":\"Lappis 25 anos\",\"url\":\"https:\/\/lappis.org.br\/site\/\",\"logo\":{\"@type\":\"ImageObject\",\"inLanguage\":\"pt-BR\",\"@id\":\"https:\/\/lappis.org.br\/site\/#\/schema\/logo\/image\/\",\"url\":\"https:\/\/lappis.org.br\/site\/wp-content\/uploads\/2025\/03\/logo-lappis25anos.png\",\"contentUrl\":\"https:\/\/lappis.org.br\/site\/wp-content\/uploads\/2025\/03\/logo-lappis25anos.png\",\"width\":388,\"height\":146,\"caption\":\"Lappis 25 anos\"},\"image\":{\"@id\":\"https:\/\/lappis.org.br\/site\/#\/schema\/logo\/image\/\"}},{\"@type\":\"Person\",\"@id\":\"https:\/\/lappis.org.br\/site\/#\/schema\/person\/3852381d08284b5e2716b20bd89bdbcf\",\"name\":\"fw2\",\"image\":{\"@type\":\"ImageObject\",\"inLanguage\":\"pt-BR\",\"@id\":\"https:\/\/lappis.org.br\/site\/#\/schema\/person\/image\/\",\"url\":\"https:\/\/secure.gravatar.com\/avatar\/c38472c0cdbde82d9b6fcc26adb3779d?s=96&d=mm&r=g\",\"contentUrl\":\"https:\/\/secure.gravatar.com\/avatar\/c38472c0cdbde82d9b6fcc26adb3779d?s=96&d=mm&r=g\",\"caption\":\"fw2\"},\"url\":\"https:\/\/lappis.org.br\/site\/author\/fw2\"}]}<\/script>\n<!-- \/ Yoast SEO plugin. -->","yoast_head_json":{"title":"Usu\u00e1rio do Cuidado ou Cuidar do Usu\u00e1rio: media\u00e7\u00f5es e responsabilidade no acesso \u00e0s terap\u00eauticas na sa\u00fade - Lappis 25 anos","robots":{"index":"index","follow":"follow","max-snippet":"max-snippet:-1","max-image-preview":"max-image-preview:large","max-video-preview":"max-video-preview:-1"},"canonical":"https:\/\/lappis.org.br\/site\/usuario-do-cuidado-ou-cuidar-do-usuario-mediacoes-e-responsabilidade-no-acesso-as-terapeuticas-na-saude\/2605","og_locale":"pt_BR","og_type":"article","og_title":"Usu\u00e1rio do Cuidado ou Cuidar do Usu\u00e1rio: media\u00e7\u00f5es e responsabilidade no acesso \u00e0s terap\u00eauticas na sa\u00fade - Lappis 25 anos","og_description":"O grupo de trabalho e humaniza\u00e7\u00e3o do Hospital de Cl\u00ednicas de Porto Alegre, vinculado \u00e0 faculdade de Medicina da Universidade Federal do Rio Grande do Sul realizou no \u00faltimo dia 23 de Setembro, o Semin\u00e1rio \"Cuidado ou cuidar do usu\u00e1rio: media\u00e7\u00f5es e responsabilidade no acesso \u00e0s terap\u00eauticas na sa\u00fade\". [...]","og_url":"https:\/\/lappis.org.br\/site\/usuario-do-cuidado-ou-cuidar-do-usuario-mediacoes-e-responsabilidade-no-acesso-as-terapeuticas-na-saude\/2605","og_site_name":"Lappis 25 anos","article_published_time":"2008-08-06T06:00:00+00:00","og_image":[{"width":448,"height":267,"url":"https:\/\/lappis.org.br\/site\/wp-content\/uploads\/2008\/08\/eventopoa2008_2.jpg","type":"image\/jpeg"}],"author":"fw2","twitter_card":"summary_large_image","twitter_misc":{"Escrito por":"fw2","Est. tempo de leitura":"1 minuto"},"schema":{"@context":"https:\/\/schema.org","@graph":[{"@type":"Article","@id":"https:\/\/lappis.org.br\/site\/usuario-do-cuidado-ou-cuidar-do-usuario-mediacoes-e-responsabilidade-no-acesso-as-terapeuticas-na-saude\/2605#article","isPartOf":{"@id":"https:\/\/lappis.org.br\/site\/usuario-do-cuidado-ou-cuidar-do-usuario-mediacoes-e-responsabilidade-no-acesso-as-terapeuticas-na-saude\/2605"},"author":{"name":"fw2","@id":"https:\/\/lappis.org.br\/site\/#\/schema\/person\/3852381d08284b5e2716b20bd89bdbcf"},"headline":"Usu\u00e1rio do Cuidado ou Cuidar do Usu\u00e1rio: media\u00e7\u00f5es e responsabilidade no acesso \u00e0s terap\u00eauticas na sa\u00fade","datePublished":"2008-08-06T06:00:00+00:00","mainEntityOfPage":{"@id":"https:\/\/lappis.org.br\/site\/usuario-do-cuidado-ou-cuidar-do-usuario-mediacoes-e-responsabilidade-no-acesso-as-terapeuticas-na-saude\/2605"},"wordCount":291,"commentCount":0,"publisher":{"@id":"https:\/\/lappis.org.br\/site\/#organization"},"image":{"@id":"https:\/\/lappis.org.br\/site\/usuario-do-cuidado-ou-cuidar-do-usuario-mediacoes-e-responsabilidade-no-acesso-as-terapeuticas-na-saude\/2605#primaryimage"},"thumbnailUrl":"https:\/\/lappis.org.br\/site\/wp-content\/uploads\/2008\/08\/eventopoa2008_2.jpg","articleSection":["Not\u00edcia"],"inLanguage":"pt-BR","potentialAction":[{"@type":"CommentAction","name":"Comment","target":["https:\/\/lappis.org.br\/site\/usuario-do-cuidado-ou-cuidar-do-usuario-mediacoes-e-responsabilidade-no-acesso-as-terapeuticas-na-saude\/2605#respond"]}]},{"@type":"WebPage","@id":"https:\/\/lappis.org.br\/site\/usuario-do-cuidado-ou-cuidar-do-usuario-mediacoes-e-responsabilidade-no-acesso-as-terapeuticas-na-saude\/2605","url":"https:\/\/lappis.org.br\/site\/usuario-do-cuidado-ou-cuidar-do-usuario-mediacoes-e-responsabilidade-no-acesso-as-terapeuticas-na-saude\/2605","name":"Usu\u00e1rio do Cuidado ou Cuidar do Usu\u00e1rio: media\u00e7\u00f5es e responsabilidade no acesso \u00e0s terap\u00eauticas na sa\u00fade - Lappis 25 anos","isPartOf":{"@id":"https:\/\/lappis.org.br\/site\/#website"},"primaryImageOfPage":{"@id":"https:\/\/lappis.org.br\/site\/usuario-do-cuidado-ou-cuidar-do-usuario-mediacoes-e-responsabilidade-no-acesso-as-terapeuticas-na-saude\/2605#primaryimage"},"image":{"@id":"https:\/\/lappis.org.br\/site\/usuario-do-cuidado-ou-cuidar-do-usuario-mediacoes-e-responsabilidade-no-acesso-as-terapeuticas-na-saude\/2605#primaryimage"},"thumbnailUrl":"https:\/\/lappis.org.br\/site\/wp-content\/uploads\/2008\/08\/eventopoa2008_2.jpg","datePublished":"2008-08-06T06:00:00+00:00","breadcrumb":{"@id":"https:\/\/lappis.org.br\/site\/usuario-do-cuidado-ou-cuidar-do-usuario-mediacoes-e-responsabilidade-no-acesso-as-terapeuticas-na-saude\/2605#breadcrumb"},"inLanguage":"pt-BR","potentialAction":[{"@type":"ReadAction","target":["https:\/\/lappis.org.br\/site\/usuario-do-cuidado-ou-cuidar-do-usuario-mediacoes-e-responsabilidade-no-acesso-as-terapeuticas-na-saude\/2605"]}]},{"@type":"ImageObject","inLanguage":"pt-BR","@id":"https:\/\/lappis.org.br\/site\/usuario-do-cuidado-ou-cuidar-do-usuario-mediacoes-e-responsabilidade-no-acesso-as-terapeuticas-na-saude\/2605#primaryimage","url":"https:\/\/lappis.org.br\/site\/wp-content\/uploads\/2008\/08\/eventopoa2008_2.jpg","contentUrl":"https:\/\/lappis.org.br\/site\/wp-content\/uploads\/2008\/08\/eventopoa2008_2.jpg","width":448,"height":267,"caption":"alt"},{"@type":"BreadcrumbList","@id":"https:\/\/lappis.org.br\/site\/usuario-do-cuidado-ou-cuidar-do-usuario-mediacoes-e-responsabilidade-no-acesso-as-terapeuticas-na-saude\/2605#breadcrumb","itemListElement":[{"@type":"ListItem","position":1,"name":"In\u00edcio","item":"https:\/\/lappis.org.br\/site\/"},{"@type":"ListItem","position":2,"name":"Usu\u00e1rio do Cuidado ou Cuidar do Usu\u00e1rio: media\u00e7\u00f5es e responsabilidade no acesso \u00e0s terap\u00eauticas na sa\u00fade"}]},{"@type":"WebSite","@id":"https:\/\/lappis.org.br\/site\/#website","url":"https:\/\/lappis.org.br\/site\/","name":"Lappis 25 anos","description":"Labotat\u00f3rio de Pesquisas sobre Pr\u00e1ticas de Integralidade em Sa\u00fade","publisher":{"@id":"https:\/\/lappis.org.br\/site\/#organization"},"potentialAction":[{"@type":"SearchAction","target":{"@type":"EntryPoint","urlTemplate":"https:\/\/lappis.org.br\/site\/?s={search_term_string}"},"query-input":{"@type":"PropertyValueSpecification","valueRequired":true,"valueName":"search_term_string"}}],"inLanguage":"pt-BR"},{"@type":"Organization","@id":"https:\/\/lappis.org.br\/site\/#organization","name":"Lappis 25 anos","url":"https:\/\/lappis.org.br\/site\/","logo":{"@type":"ImageObject","inLanguage":"pt-BR","@id":"https:\/\/lappis.org.br\/site\/#\/schema\/logo\/image\/","url":"https:\/\/lappis.org.br\/site\/wp-content\/uploads\/2025\/03\/logo-lappis25anos.png","contentUrl":"https:\/\/lappis.org.br\/site\/wp-content\/uploads\/2025\/03\/logo-lappis25anos.png","width":388,"height":146,"caption":"Lappis 25 anos"},"image":{"@id":"https:\/\/lappis.org.br\/site\/#\/schema\/logo\/image\/"}},{"@type":"Person","@id":"https:\/\/lappis.org.br\/site\/#\/schema\/person\/3852381d08284b5e2716b20bd89bdbcf","name":"fw2","image":{"@type":"ImageObject","inLanguage":"pt-BR","@id":"https:\/\/lappis.org.br\/site\/#\/schema\/person\/image\/","url":"https:\/\/secure.gravatar.com\/avatar\/c38472c0cdbde82d9b6fcc26adb3779d?s=96&d=mm&r=g","contentUrl":"https:\/\/secure.gravatar.com\/avatar\/c38472c0cdbde82d9b6fcc26adb3779d?s=96&d=mm&r=g","caption":"fw2"},"url":"https:\/\/lappis.org.br\/site\/author\/fw2"}]}},"jetpack_featured_media_url":"https:\/\/lappis.org.br\/site\/wp-content\/uploads\/2008\/08\/eventopoa2008_2.jpg","jetpack_shortlink":"https:\/\/wp.me\/p954Nh-G1","jetpack_sharing_enabled":true,"_links":{"self":[{"href":"https:\/\/lappis.org.br\/site\/wp-json\/wp\/v2\/posts\/2605"}],"collection":[{"href":"https:\/\/lappis.org.br\/site\/wp-json\/wp\/v2\/posts"}],"about":[{"href":"https:\/\/lappis.org.br\/site\/wp-json\/wp\/v2\/types\/post"}],"author":[{"embeddable":true,"href":"https:\/\/lappis.org.br\/site\/wp-json\/wp\/v2\/users\/1"}],"replies":[{"embeddable":true,"href":"https:\/\/lappis.org.br\/site\/wp-json\/wp\/v2\/comments?post=2605"}],"version-history":[{"count":0,"href":"https:\/\/lappis.org.br\/site\/wp-json\/wp\/v2\/posts\/2605\/revisions"}],"wp:featuredmedia":[{"embeddable":true,"href":"https:\/\/lappis.org.br\/site\/wp-json\/wp\/v2\/media\/2602"}],"wp:attachment":[{"href":"https:\/\/lappis.org.br\/site\/wp-json\/wp\/v2\/media?parent=2605"}],"wp:term":[{"taxonomy":"category","embeddable":true,"href":"https:\/\/lappis.org.br\/site\/wp-json\/wp\/v2\/categories?post=2605"},{"taxonomy":"post_tag","embeddable":true,"href":"https:\/\/lappis.org.br\/site\/wp-json\/wp\/v2\/tags?post=2605"}],"curies":[{"name":"wp","href":"https:\/\/api.w.org\/{rel}","templated":true}]}}