{"id":2601,"date":"2008-08-06T03:00:00","date_gmt":"2008-08-06T06:00:00","guid":{"rendered":"http:\/\/lappis.org.br\/site\/2008\/08\/06\/oficina-de-pesquisa-lappis-sitio-norte-nucem-ufpe-cooperacao-tecnica-em-pesquisa-cnpq-ms\/"},"modified":"2008-08-06T03:00:00","modified_gmt":"2008-08-06T06:00:00","slug":"oficina-de-pesquisa-lappis-sitio-norte-nucem-ufpe-cooperacao-tecnica-em-pesquisa-cnpq-ms","status":"publish","type":"post","link":"https:\/\/lappis.org.br\/site\/oficina-de-pesquisa-lappis-sitio-norte-nucem-ufpe-cooperacao-tecnica-em-pesquisa-cnpq-ms\/2601","title":{"rendered":"OFICINA DE PESQUISA Lappis \u2013 S\u00edtio Norte \/ NUCEM \u2013 UFPE COOPERA\u00c7\u00c3O T\u00c9CNICA EM PESQUISA \u2013 CNPq \/ MS"},"content":{"rendered":"<p>O Lappis realiza nos pr\u00f3ximos dias 03, 04 e 05 de outubro a Oficina &#8220;Coopera\u00e7\u00e3o T\u00e9cnica em Pesquisa \u2013CNPq\/MS&#8221;\u00a0 em que ser\u00e3o apresentados, dentre outros estudos, os trabalhos dos alunos Rodrigo Silveira, Juliana Lofego e Elaine Leal, acad\u00eamicos da Universidade Federal do Acre, al\u00e9m do lan\u00e7amento do livro &#8220;SUS 20 anos \u2013 Cuidar do cuidado: responsabilidade com integralidade das a\u00e7\u00f5es de sa\u00fade&#8221;.<br \/>   Os debates ter\u00e3o in\u00edcio \u00e0s 9:00 com a apresenta\u00e7\u00e3o do grupo de pesquisa do estado do Acre que apresentar\u00e1 propostas metodol\u00f3gicas e cronograma de pesquisas vinculados ao estado.<\/p>\n<p> Na seq\u00fc\u00eancia, a professora Roseni Pinheiro ir\u00e1 discutir os temas abordados na pesquisa &#8220;Sa\u00fade Mental Jurujuba \u2013 desenho metodol\u00f3gico, an\u00e1lise e s\u00edntese de resultados&#8221;.<br \/> \u00a0<br \/> Durante a tarde, com in\u00edcio \u00e0s 14:00 horas ser\u00e3o abertos os debates e apresenta\u00e7\u00f5es de trabalhos de grupos que definir\u00e3o as categorias operacionais e elabora\u00e7\u00e3o de roteiros para entrevistas.<br \/> \u00a0<br \/> \u00c0s 19:00 haver\u00e1 a confer\u00eancia para o lan\u00e7amento do livro &#8220;SUS 20 anos&#8221; em que a professora Roseni Pinheiro discutir\u00e1 dentre outros assuntos, a institucionaliza\u00e7\u00e3o do SUS, como uma pol\u00edtica de Estado, que apresenta avan\u00e7os para visar principalmente os servi\u00e7os, a melhoria e a amplia\u00e7\u00e3o da aten\u00e7\u00e3o \u00e0 sa\u00fade da popula\u00e7\u00e3o e da vigil\u00e2ncia em sa\u00fade e sanit\u00e1ria, visando o controle social com a atua\u00e7\u00e3o dos Conselhos de Sa\u00fade. O livro contempla a tem\u00e1tica da responsabilidade, visando ainda o cumprimento de sua principal fun\u00e7\u00e3o: oferecer novos recursos de pensamento apontando diferentes compreens\u00f5es no campo do ensino, pesquisa e interven\u00e7\u00e3o.<br \/> \u00a0<br \/> No dia 04 de outubro, pela manh\u00e3 haver\u00e1 a palestra &#8220;Redes Sociais e usu\u00e1rios&#8221; com o professor Paulo Henrique Martins, e em seguida a apresenta\u00e7\u00e3o do grupo focal junto aos Agentes Comunit\u00e1rios de Sa\u00fade.<\/p>\n","protected":false},"excerpt":{"rendered":"<div class=\"mh-excerpt\"><p>O Lappis realiza nos pr\u00f3ximos dias 03, 04 e 05 de outubro a Oficina &#8220;Coopera\u00e7\u00e3o T\u00e9cnica em Pesquisa \u2013CNPq\/MS&#8221;\u00a0 em que ser\u00e3o apresentados, dentre outros estudos, os trabalhos dos alunos Rodrigo Silveira, Juliana Lofego e Elaine Leal, acad\u00eamicos da Universidade Federal do Acre, al\u00e9m do lan\u00e7amento do livro &#8220;SUS 20 anos \u2013 Cuidar do cuidado: responsabilidade com integralidade das a\u00e7\u00f5es de sa\u00fade&#8221;.<br \/>  <a class=\"mh-excerpt-more\" href=\"https:\/\/lappis.org.br\/site\/oficina-de-pesquisa-lappis-sitio-norte-nucem-ufpe-cooperacao-tecnica-em-pesquisa-cnpq-ms\/2601\" title=\"OFICINA DE PESQUISA Lappis \u2013 S\u00edtio Norte \/ NUCEM \u2013 UFPE COOPERA\u00c7\u00c3O T\u00c9CNICA EM PESQUISA \u2013 CNPq \/ MS\">[&#8230;]<\/a><\/p>\n<\/div>","protected":false},"author":1,"featured_media":0,"comment_status":"open","ping_status":"open","sticky":false,"template":"","format":"standard","meta":{"_acf_changed":false,"_exactmetrics_skip_tracking":false,"_exactmetrics_sitenote_active":false,"_exactmetrics_sitenote_note":"","_exactmetrics_sitenote_category":0,"jetpack_post_was_ever_published":false,"_jetpack_newsletter_access":"","_jetpack_dont_email_post_to_subs":false,"_jetpack_newsletter_tier_id":0,"_jetpack_memberships_contains_paywalled_content":false,"_jetpack_memberships_contains_paid_content":false,"footnotes":"","jetpack_publicize_message":"","jetpack_publicize_feature_enabled":true,"jetpack_social_post_already_shared":false,"jetpack_social_options":{"image_generator_settings":{"template":"highway","enabled":false},"version":2}},"categories":[8],"tags":[],"class_list":{"0":"post-2601","1":"post","2":"type-post","3":"status-publish","4":"format-standard","6":"category-noticia"},"jetpack_publicize_connections":[],"acf":[],"yoast_head":"<!-- This site is optimized with the Yoast SEO plugin v25.2 - https:\/\/yoast.com\/wordpress\/plugins\/seo\/ -->\n<title>OFICINA DE PESQUISA Lappis \u2013 S\u00edtio Norte \/ NUCEM \u2013 UFPE COOPERA\u00c7\u00c3O T\u00c9CNICA EM PESQUISA \u2013 CNPq \/ MS - Lappis 25 anos<\/title>\n<meta name=\"robots\" content=\"index, follow, max-snippet:-1, max-image-preview:large, max-video-preview:-1\" \/>\n<link rel=\"canonical\" href=\"https:\/\/lappis.org.br\/site\/oficina-de-pesquisa-lappis-sitio-norte-nucem-ufpe-cooperacao-tecnica-em-pesquisa-cnpq-ms\/2601\" \/>\n<meta property=\"og:locale\" content=\"pt_BR\" \/>\n<meta property=\"og:type\" content=\"article\" \/>\n<meta property=\"og:title\" content=\"OFICINA DE PESQUISA Lappis \u2013 S\u00edtio Norte \/ NUCEM \u2013 UFPE COOPERA\u00c7\u00c3O T\u00c9CNICA EM PESQUISA \u2013 CNPq \/ MS - Lappis 25 anos\" \/>\n<meta property=\"og:description\" content=\"O Lappis realiza nos pr\u00f3ximos dias 03, 04 e 05 de outubro a Oficina &quot;Coopera\u00e7\u00e3o T\u00e9cnica em Pesquisa \u2013CNPq\/MS&quot;\u00a0 em que ser\u00e3o apresentados, dentre outros estudos, os trabalhos dos alunos Rodrigo Silveira, Juliana Lofego e Elaine Leal, acad\u00eamicos da Universidade Federal do Acre, al\u00e9m do lan\u00e7amento do livro &quot;SUS 20 anos \u2013 Cuidar do cuidado: responsabilidade com integralidade das a\u00e7\u00f5es de sa\u00fade&quot;. [...]\" \/>\n<meta property=\"og:url\" content=\"https:\/\/lappis.org.br\/site\/oficina-de-pesquisa-lappis-sitio-norte-nucem-ufpe-cooperacao-tecnica-em-pesquisa-cnpq-ms\/2601\" \/>\n<meta property=\"og:site_name\" content=\"Lappis 25 anos\" \/>\n<meta property=\"article:published_time\" content=\"2008-08-06T06:00:00+00:00\" \/>\n<meta name=\"author\" content=\"fw2\" \/>\n<meta name=\"twitter:card\" content=\"summary_large_image\" \/>\n<meta name=\"twitter:label1\" content=\"Escrito por\" \/>\n\t<meta name=\"twitter:data1\" content=\"fw2\" \/>\n\t<meta name=\"twitter:label2\" content=\"Est. tempo de leitura\" \/>\n\t<meta name=\"twitter:data2\" content=\"2 minutos\" \/>\n<script type=\"application\/ld+json\" class=\"yoast-schema-graph\">{\"@context\":\"https:\/\/schema.org\",\"@graph\":[{\"@type\":\"Article\",\"@id\":\"https:\/\/lappis.org.br\/site\/oficina-de-pesquisa-lappis-sitio-norte-nucem-ufpe-cooperacao-tecnica-em-pesquisa-cnpq-ms\/2601#article\",\"isPartOf\":{\"@id\":\"https:\/\/lappis.org.br\/site\/oficina-de-pesquisa-lappis-sitio-norte-nucem-ufpe-cooperacao-tecnica-em-pesquisa-cnpq-ms\/2601\"},\"author\":{\"name\":\"fw2\",\"@id\":\"https:\/\/lappis.org.br\/site\/#\/schema\/person\/3852381d08284b5e2716b20bd89bdbcf\"},\"headline\":\"OFICINA DE PESQUISA Lappis \u2013 S\u00edtio Norte \/ NUCEM \u2013 UFPE COOPERA\u00c7\u00c3O T\u00c9CNICA EM PESQUISA \u2013 CNPq \/ MS\",\"datePublished\":\"2008-08-06T06:00:00+00:00\",\"mainEntityOfPage\":{\"@id\":\"https:\/\/lappis.org.br\/site\/oficina-de-pesquisa-lappis-sitio-norte-nucem-ufpe-cooperacao-tecnica-em-pesquisa-cnpq-ms\/2601\"},\"wordCount\":328,\"commentCount\":0,\"publisher\":{\"@id\":\"https:\/\/lappis.org.br\/site\/#organization\"},\"articleSection\":[\"Not\u00edcia\"],\"inLanguage\":\"pt-BR\",\"potentialAction\":[{\"@type\":\"CommentAction\",\"name\":\"Comment\",\"target\":[\"https:\/\/lappis.org.br\/site\/oficina-de-pesquisa-lappis-sitio-norte-nucem-ufpe-cooperacao-tecnica-em-pesquisa-cnpq-ms\/2601#respond\"]}]},{\"@type\":\"WebPage\",\"@id\":\"https:\/\/lappis.org.br\/site\/oficina-de-pesquisa-lappis-sitio-norte-nucem-ufpe-cooperacao-tecnica-em-pesquisa-cnpq-ms\/2601\",\"url\":\"https:\/\/lappis.org.br\/site\/oficina-de-pesquisa-lappis-sitio-norte-nucem-ufpe-cooperacao-tecnica-em-pesquisa-cnpq-ms\/2601\",\"name\":\"OFICINA DE PESQUISA Lappis \u2013 S\u00edtio Norte \/ NUCEM \u2013 UFPE COOPERA\u00c7\u00c3O T\u00c9CNICA EM PESQUISA \u2013 CNPq \/ MS - Lappis 25 anos\",\"isPartOf\":{\"@id\":\"https:\/\/lappis.org.br\/site\/#website\"},\"datePublished\":\"2008-08-06T06:00:00+00:00\",\"breadcrumb\":{\"@id\":\"https:\/\/lappis.org.br\/site\/oficina-de-pesquisa-lappis-sitio-norte-nucem-ufpe-cooperacao-tecnica-em-pesquisa-cnpq-ms\/2601#breadcrumb\"},\"inLanguage\":\"pt-BR\",\"potentialAction\":[{\"@type\":\"ReadAction\",\"target\":[\"https:\/\/lappis.org.br\/site\/oficina-de-pesquisa-lappis-sitio-norte-nucem-ufpe-cooperacao-tecnica-em-pesquisa-cnpq-ms\/2601\"]}]},{\"@type\":\"BreadcrumbList\",\"@id\":\"https:\/\/lappis.org.br\/site\/oficina-de-pesquisa-lappis-sitio-norte-nucem-ufpe-cooperacao-tecnica-em-pesquisa-cnpq-ms\/2601#breadcrumb\",\"itemListElement\":[{\"@type\":\"ListItem\",\"position\":1,\"name\":\"In\u00edcio\",\"item\":\"https:\/\/lappis.org.br\/site\/\"},{\"@type\":\"ListItem\",\"position\":2,\"name\":\"OFICINA DE PESQUISA Lappis \u2013 S\u00edtio Norte \/ NUCEM \u2013 UFPE COOPERA\u00c7\u00c3O T\u00c9CNICA EM PESQUISA \u2013 CNPq \/ MS\"}]},{\"@type\":\"WebSite\",\"@id\":\"https:\/\/lappis.org.br\/site\/#website\",\"url\":\"https:\/\/lappis.org.br\/site\/\",\"name\":\"Lappis 25 anos\",\"description\":\"Labotat\u00f3rio de Pesquisas sobre Pr\u00e1ticas de Integralidade em Sa\u00fade\",\"publisher\":{\"@id\":\"https:\/\/lappis.org.br\/site\/#organization\"},\"potentialAction\":[{\"@type\":\"SearchAction\",\"target\":{\"@type\":\"EntryPoint\",\"urlTemplate\":\"https:\/\/lappis.org.br\/site\/?s={search_term_string}\"},\"query-input\":{\"@type\":\"PropertyValueSpecification\",\"valueRequired\":true,\"valueName\":\"search_term_string\"}}],\"inLanguage\":\"pt-BR\"},{\"@type\":\"Organization\",\"@id\":\"https:\/\/lappis.org.br\/site\/#organization\",\"name\":\"Lappis 25 anos\",\"url\":\"https:\/\/lappis.org.br\/site\/\",\"logo\":{\"@type\":\"ImageObject\",\"inLanguage\":\"pt-BR\",\"@id\":\"https:\/\/lappis.org.br\/site\/#\/schema\/logo\/image\/\",\"url\":\"https:\/\/lappis.org.br\/site\/wp-content\/uploads\/2025\/03\/logo-lappis25anos.png\",\"contentUrl\":\"https:\/\/lappis.org.br\/site\/wp-content\/uploads\/2025\/03\/logo-lappis25anos.png\",\"width\":388,\"height\":146,\"caption\":\"Lappis 25 anos\"},\"image\":{\"@id\":\"https:\/\/lappis.org.br\/site\/#\/schema\/logo\/image\/\"}},{\"@type\":\"Person\",\"@id\":\"https:\/\/lappis.org.br\/site\/#\/schema\/person\/3852381d08284b5e2716b20bd89bdbcf\",\"name\":\"fw2\",\"image\":{\"@type\":\"ImageObject\",\"inLanguage\":\"pt-BR\",\"@id\":\"https:\/\/lappis.org.br\/site\/#\/schema\/person\/image\/\",\"url\":\"https:\/\/secure.gravatar.com\/avatar\/c38472c0cdbde82d9b6fcc26adb3779d?s=96&d=mm&r=g\",\"contentUrl\":\"https:\/\/secure.gravatar.com\/avatar\/c38472c0cdbde82d9b6fcc26adb3779d?s=96&d=mm&r=g\",\"caption\":\"fw2\"},\"url\":\"https:\/\/lappis.org.br\/site\/author\/fw2\"}]}<\/script>\n<!-- \/ Yoast SEO plugin. -->","yoast_head_json":{"title":"OFICINA DE PESQUISA Lappis \u2013 S\u00edtio Norte \/ NUCEM \u2013 UFPE COOPERA\u00c7\u00c3O T\u00c9CNICA EM PESQUISA \u2013 CNPq \/ MS - Lappis 25 anos","robots":{"index":"index","follow":"follow","max-snippet":"max-snippet:-1","max-image-preview":"max-image-preview:large","max-video-preview":"max-video-preview:-1"},"canonical":"https:\/\/lappis.org.br\/site\/oficina-de-pesquisa-lappis-sitio-norte-nucem-ufpe-cooperacao-tecnica-em-pesquisa-cnpq-ms\/2601","og_locale":"pt_BR","og_type":"article","og_title":"OFICINA DE PESQUISA Lappis \u2013 S\u00edtio Norte \/ NUCEM \u2013 UFPE COOPERA\u00c7\u00c3O T\u00c9CNICA EM PESQUISA \u2013 CNPq \/ MS - Lappis 25 anos","og_description":"O Lappis realiza nos pr\u00f3ximos dias 03, 04 e 05 de outubro a Oficina \"Coopera\u00e7\u00e3o T\u00e9cnica em Pesquisa \u2013CNPq\/MS\"\u00a0 em que ser\u00e3o apresentados, dentre outros estudos, os trabalhos dos alunos Rodrigo Silveira, Juliana Lofego e Elaine Leal, acad\u00eamicos da Universidade Federal do Acre, al\u00e9m do lan\u00e7amento do livro \"SUS 20 anos \u2013 Cuidar do cuidado: responsabilidade com integralidade das a\u00e7\u00f5es de sa\u00fade\". [...]","og_url":"https:\/\/lappis.org.br\/site\/oficina-de-pesquisa-lappis-sitio-norte-nucem-ufpe-cooperacao-tecnica-em-pesquisa-cnpq-ms\/2601","og_site_name":"Lappis 25 anos","article_published_time":"2008-08-06T06:00:00+00:00","author":"fw2","twitter_card":"summary_large_image","twitter_misc":{"Escrito por":"fw2","Est. tempo de leitura":"2 minutos"},"schema":{"@context":"https:\/\/schema.org","@graph":[{"@type":"Article","@id":"https:\/\/lappis.org.br\/site\/oficina-de-pesquisa-lappis-sitio-norte-nucem-ufpe-cooperacao-tecnica-em-pesquisa-cnpq-ms\/2601#article","isPartOf":{"@id":"https:\/\/lappis.org.br\/site\/oficina-de-pesquisa-lappis-sitio-norte-nucem-ufpe-cooperacao-tecnica-em-pesquisa-cnpq-ms\/2601"},"author":{"name":"fw2","@id":"https:\/\/lappis.org.br\/site\/#\/schema\/person\/3852381d08284b5e2716b20bd89bdbcf"},"headline":"OFICINA DE PESQUISA Lappis \u2013 S\u00edtio Norte \/ NUCEM \u2013 UFPE COOPERA\u00c7\u00c3O T\u00c9CNICA EM PESQUISA \u2013 CNPq \/ MS","datePublished":"2008-08-06T06:00:00+00:00","mainEntityOfPage":{"@id":"https:\/\/lappis.org.br\/site\/oficina-de-pesquisa-lappis-sitio-norte-nucem-ufpe-cooperacao-tecnica-em-pesquisa-cnpq-ms\/2601"},"wordCount":328,"commentCount":0,"publisher":{"@id":"https:\/\/lappis.org.br\/site\/#organization"},"articleSection":["Not\u00edcia"],"inLanguage":"pt-BR","potentialAction":[{"@type":"CommentAction","name":"Comment","target":["https:\/\/lappis.org.br\/site\/oficina-de-pesquisa-lappis-sitio-norte-nucem-ufpe-cooperacao-tecnica-em-pesquisa-cnpq-ms\/2601#respond"]}]},{"@type":"WebPage","@id":"https:\/\/lappis.org.br\/site\/oficina-de-pesquisa-lappis-sitio-norte-nucem-ufpe-cooperacao-tecnica-em-pesquisa-cnpq-ms\/2601","url":"https:\/\/lappis.org.br\/site\/oficina-de-pesquisa-lappis-sitio-norte-nucem-ufpe-cooperacao-tecnica-em-pesquisa-cnpq-ms\/2601","name":"OFICINA DE PESQUISA Lappis \u2013 S\u00edtio Norte \/ NUCEM \u2013 UFPE COOPERA\u00c7\u00c3O T\u00c9CNICA EM PESQUISA \u2013 CNPq \/ MS - Lappis 25 anos","isPartOf":{"@id":"https:\/\/lappis.org.br\/site\/#website"},"datePublished":"2008-08-06T06:00:00+00:00","breadcrumb":{"@id":"https:\/\/lappis.org.br\/site\/oficina-de-pesquisa-lappis-sitio-norte-nucem-ufpe-cooperacao-tecnica-em-pesquisa-cnpq-ms\/2601#breadcrumb"},"inLanguage":"pt-BR","potentialAction":[{"@type":"ReadAction","target":["https:\/\/lappis.org.br\/site\/oficina-de-pesquisa-lappis-sitio-norte-nucem-ufpe-cooperacao-tecnica-em-pesquisa-cnpq-ms\/2601"]}]},{"@type":"BreadcrumbList","@id":"https:\/\/lappis.org.br\/site\/oficina-de-pesquisa-lappis-sitio-norte-nucem-ufpe-cooperacao-tecnica-em-pesquisa-cnpq-ms\/2601#breadcrumb","itemListElement":[{"@type":"ListItem","position":1,"name":"In\u00edcio","item":"https:\/\/lappis.org.br\/site\/"},{"@type":"ListItem","position":2,"name":"OFICINA DE PESQUISA Lappis \u2013 S\u00edtio Norte \/ NUCEM \u2013 UFPE COOPERA\u00c7\u00c3O T\u00c9CNICA EM PESQUISA \u2013 CNPq \/ MS"}]},{"@type":"WebSite","@id":"https:\/\/lappis.org.br\/site\/#website","url":"https:\/\/lappis.org.br\/site\/","name":"Lappis 25 anos","description":"Labotat\u00f3rio de Pesquisas sobre Pr\u00e1ticas de Integralidade em Sa\u00fade","publisher":{"@id":"https:\/\/lappis.org.br\/site\/#organization"},"potentialAction":[{"@type":"SearchAction","target":{"@type":"EntryPoint","urlTemplate":"https:\/\/lappis.org.br\/site\/?s={search_term_string}"},"query-input":{"@type":"PropertyValueSpecification","valueRequired":true,"valueName":"search_term_string"}}],"inLanguage":"pt-BR"},{"@type":"Organization","@id":"https:\/\/lappis.org.br\/site\/#organization","name":"Lappis 25 anos","url":"https:\/\/lappis.org.br\/site\/","logo":{"@type":"ImageObject","inLanguage":"pt-BR","@id":"https:\/\/lappis.org.br\/site\/#\/schema\/logo\/image\/","url":"https:\/\/lappis.org.br\/site\/wp-content\/uploads\/2025\/03\/logo-lappis25anos.png","contentUrl":"https:\/\/lappis.org.br\/site\/wp-content\/uploads\/2025\/03\/logo-lappis25anos.png","width":388,"height":146,"caption":"Lappis 25 anos"},"image":{"@id":"https:\/\/lappis.org.br\/site\/#\/schema\/logo\/image\/"}},{"@type":"Person","@id":"https:\/\/lappis.org.br\/site\/#\/schema\/person\/3852381d08284b5e2716b20bd89bdbcf","name":"fw2","image":{"@type":"ImageObject","inLanguage":"pt-BR","@id":"https:\/\/lappis.org.br\/site\/#\/schema\/person\/image\/","url":"https:\/\/secure.gravatar.com\/avatar\/c38472c0cdbde82d9b6fcc26adb3779d?s=96&d=mm&r=g","contentUrl":"https:\/\/secure.gravatar.com\/avatar\/c38472c0cdbde82d9b6fcc26adb3779d?s=96&d=mm&r=g","caption":"fw2"},"url":"https:\/\/lappis.org.br\/site\/author\/fw2"}]}},"jetpack_featured_media_url":"","jetpack_shortlink":"https:\/\/wp.me\/p954Nh-FX","jetpack_sharing_enabled":true,"_links":{"self":[{"href":"https:\/\/lappis.org.br\/site\/wp-json\/wp\/v2\/posts\/2601"}],"collection":[{"href":"https:\/\/lappis.org.br\/site\/wp-json\/wp\/v2\/posts"}],"about":[{"href":"https:\/\/lappis.org.br\/site\/wp-json\/wp\/v2\/types\/post"}],"author":[{"embeddable":true,"href":"https:\/\/lappis.org.br\/site\/wp-json\/wp\/v2\/users\/1"}],"replies":[{"embeddable":true,"href":"https:\/\/lappis.org.br\/site\/wp-json\/wp\/v2\/comments?post=2601"}],"version-history":[{"count":0,"href":"https:\/\/lappis.org.br\/site\/wp-json\/wp\/v2\/posts\/2601\/revisions"}],"wp:attachment":[{"href":"https:\/\/lappis.org.br\/site\/wp-json\/wp\/v2\/media?parent=2601"}],"wp:term":[{"taxonomy":"category","embeddable":true,"href":"https:\/\/lappis.org.br\/site\/wp-json\/wp\/v2\/categories?post=2601"},{"taxonomy":"post_tag","embeddable":true,"href":"https:\/\/lappis.org.br\/site\/wp-json\/wp\/v2\/tags?post=2601"}],"curies":[{"name":"wp","href":"https:\/\/api.w.org\/{rel}","templated":true}]}}