{"id":2600,"date":"2008-08-06T03:00:00","date_gmt":"2008-08-06T06:00:00","guid":{"rendered":"http:\/\/lappis.org.br\/site\/2008\/08\/06\/cronicas-agudas-o-novo-canal-de-integracao-do-lappis\/"},"modified":"2008-08-06T03:00:00","modified_gmt":"2008-08-06T06:00:00","slug":"cronicas-agudas-o-novo-canal-de-integracao-do-lappis","status":"publish","type":"post","link":"https:\/\/lappis.org.br\/site\/cronicas-agudas-o-novo-canal-de-integracao-do-lappis\/2600","title":{"rendered":"Cr\u00f4nicas Agudas &#8211; O novo canal de integra\u00e7\u00e3o do Lappis"},"content":{"rendered":"<p>A partir de agora, o site do LAPPIS, vai abrir espa\u00e7o para a sess\u00e3o &#8220;Cr\u00f4nicas Agudas&#8221; que com edi\u00e7\u00e3o quinzenal, se destina ao &ldquo;mundo da vida&rdquo;, como afirma\u00a0 a coordenadora Roseni Pinheiro: &ldquo;A id\u00e9ia de se criar esse espa\u00e7o consiste em promover <em>transversalidades <\/em>de temasentre o &ldquo;mundo da vida&rdquo; e a &ldquo;ci\u00eancia da vida&rdquo;, pois neste \u00faltimo \u00e9 o lugar onde a sa\u00fade coletiva se situa na \u00e1rvore do conhecimento acad\u00eamico-cient\u00edfico. Essa iniciativa nasce no bojo de um de nossos projetos &ldquo;Sa\u00fade Comunica\u00e7\u00e3o e Sociedade&rdquo; que a partir desse ano, vai intensificar suas atividades, buscando dar visibilidade as atividades de pesquisa e extens\u00e3o relacionados a esse cotidiano que atuamos, pensamos e nos relacionamos coletivamente (ou n\u00e3o), e por muitas vezes, de onde sai os nossos objetos de pesquisa tamb\u00e9m. O Alfredo como m\u00e9dico com sua experi\u00eancia com a \u00e1rea de comunica\u00e7\u00e3o vai estar colaborando conosco nesse trabalho, pois faz parte tamb\u00e9m de seu universo de pesquisa que trata das formas de comunica\u00e7\u00e3o entre sa\u00fade e sociedade, como mestrado aqui do Programa de P\u00f3s Gradua\u00e7\u00e3o em Sa\u00fade Coletiva do IMS&rdquo;.<br \/>   As cr\u00f4nicas far\u00e3o um recorte do cotidiano, tendo em vista a quest\u00e3o do cuidado integral dentro da perspectiva da necessidade que o ser humano possui de buscar uma conviv\u00eancia mais humana com o outro, considerando a vida agitada e a viol\u00eancia existente nas grandes cidades na atualidade.<br \/> \u00a0<br \/> Alfredo Oliveira Neto, que \u00e9 formado pela Universidade Federal de Pernambuco est\u00e1 atento a quest\u00f5es importantes que norteiam a id\u00e9ia de mundaneidade, bastante explorada atualmente. Logo, n\u00e3o\u00a0 deixar\u00e1 de abordar em seus textos, assuntos que dizem respeito ao cotidiano de quem precisa do cuidado e ao mesmo tempo, \u00e9 instrumento de intera\u00e7\u00e3o integral daqueles que v\u00eaem no cuidado com o outro o verdadeiro sentido vocacional.<br \/> \u00a0<br \/> O olhar agudo direcionado \u00e0s cr\u00f4nicas \u00e9 relacionado ao conceito de &#8220;doen\u00e7a cr\u00f4nica&#8221; que segundo o m\u00e9dico, traz consigo o verdadeiro sentido da coluna:\u00a0 &#8220;Na verdade, a express\u00e3o &#8216;cr\u00f4nicas agudas&#8217; vem de um trocadilho referente aos termos &#8216;doen\u00e7a cr\u00f4nica&#8217;, aquela em que j\u00e1 h\u00e1 uma dura\u00e7\u00e3o significativa da doen\u00e7a instalada e &#8216;doen\u00e7a aguda&#8217;, a qual teve instala\u00e7\u00e3o recente. E o g\u00eanero liter\u00e1rio da Cr\u00f4nica remete a temas correntes do cotidiano narrados com uma linguagem po\u00e9tica, ent\u00e3o \u00e9 a poesia das not\u00edcias, sejam p\u00fablicas ou privadas, do agora e do ontem. &#8221;\u00a0<br \/> \u00a0<br \/> Pol\u00eamico, ele acredita ainda, na possibilidade de se inserir no contexto do cuidado integral uma vertente de otimismo no que tange as pr\u00e1ticas de sa\u00fade coletiva: &#8220;O &#8216;agudo&#8217; a\u00ed, adjetivando a palavra &#8216;cr\u00f4nica&#8217;, vem para mostrar que num cotidiano aparentemente doente e sem perspectivas h\u00e1 espa\u00e7o para o espanto, para um olhar novo e reflexivo. A integralidade se constr\u00f3i em ato, do nascer ao entardecer do dia. A cr\u00f4nica tamb\u00e9m. O ambiente da sa\u00fade coletiva est\u00e1 clamando por uma linguagem mais po\u00e9tica.&#8221;, finaliza.<\/p>\n","protected":false},"excerpt":{"rendered":"<div class=\"mh-excerpt\"><p>A partir de agora, o site do LAPPIS, vai abrir espa\u00e7o para a sess\u00e3o &#8220;Cr\u00f4nicas Agudas&#8221; que com edi\u00e7\u00e3o quinzenal, se destina ao &ldquo;mundo da vida&rdquo;, como afirma\u00a0 a coordenadora Roseni Pinheiro: &ldquo;A id\u00e9ia de se criar esse espa\u00e7o consiste em promover <em>transversalidades <\/em>de temasentre o &ldquo;mundo da vida&rdquo; e a &ldquo;ci\u00eancia da vida&rdquo;, pois neste \u00faltimo \u00e9 o lugar onde a sa\u00fade coletiva se situa na \u00e1rvore do conhecimento acad\u00eamico-cient\u00edfico. Essa iniciativa nasce no bojo de um de nossos projetos &ldquo;Sa\u00fade Comunica\u00e7\u00e3o e Sociedade&rdquo; que a partir desse ano, vai intensificar suas atividades, buscando dar visibilidade as atividades de pesquisa e extens\u00e3o relacionados a esse cotidiano que atuamos, pensamos e nos relacionamos coletivamente (ou n\u00e3o), e por muitas vezes, de onde sai os nossos objetos de pesquisa tamb\u00e9m. O Alfredo como m\u00e9dico com sua experi\u00eancia com a \u00e1rea de comunica\u00e7\u00e3o vai estar colaborando conosco nesse trabalho, pois faz parte tamb\u00e9m de seu universo de pesquisa que trata das formas de comunica\u00e7\u00e3o entre sa\u00fade e sociedade, como mestrado aqui do Programa de P\u00f3s Gradua\u00e7\u00e3o em Sa\u00fade Coletiva do IMS&rdquo;.<br \/>  <a class=\"mh-excerpt-more\" href=\"https:\/\/lappis.org.br\/site\/cronicas-agudas-o-novo-canal-de-integracao-do-lappis\/2600\" title=\"Cr\u00f4nicas Agudas &#8211; O novo canal de integra\u00e7\u00e3o do Lappis\">[&#8230;]<\/a><\/p>\n<\/div>","protected":false},"author":1,"featured_media":0,"comment_status":"open","ping_status":"open","sticky":false,"template":"","format":"standard","meta":{"_acf_changed":false,"_exactmetrics_skip_tracking":false,"_exactmetrics_sitenote_active":false,"_exactmetrics_sitenote_note":"","_exactmetrics_sitenote_category":0,"jetpack_post_was_ever_published":false,"_jetpack_newsletter_access":"","_jetpack_dont_email_post_to_subs":false,"_jetpack_newsletter_tier_id":0,"_jetpack_memberships_contains_paywalled_content":false,"_jetpack_memberships_contains_paid_content":false,"footnotes":"","jetpack_publicize_message":"","jetpack_publicize_feature_enabled":true,"jetpack_social_post_already_shared":false,"jetpack_social_options":{"image_generator_settings":{"template":"highway","enabled":false},"version":2}},"categories":[8],"tags":[],"class_list":{"0":"post-2600","1":"post","2":"type-post","3":"status-publish","4":"format-standard","6":"category-noticia"},"jetpack_publicize_connections":[],"acf":[],"yoast_head":"<!-- This site is optimized with the Yoast SEO plugin v25.2 - https:\/\/yoast.com\/wordpress\/plugins\/seo\/ -->\n<title>Cr\u00f4nicas Agudas - O novo canal de integra\u00e7\u00e3o do Lappis - Lappis 25 anos<\/title>\n<meta name=\"robots\" content=\"index, follow, max-snippet:-1, max-image-preview:large, max-video-preview:-1\" \/>\n<link rel=\"canonical\" href=\"https:\/\/lappis.org.br\/site\/cronicas-agudas-o-novo-canal-de-integracao-do-lappis\/2600\" \/>\n<meta property=\"og:locale\" content=\"pt_BR\" \/>\n<meta property=\"og:type\" content=\"article\" \/>\n<meta property=\"og:title\" content=\"Cr\u00f4nicas Agudas - O novo canal de integra\u00e7\u00e3o do Lappis - Lappis 25 anos\" \/>\n<meta property=\"og:description\" content=\"A partir de agora, o site do LAPPIS, vai abrir espa\u00e7o para a sess\u00e3o &quot;Cr\u00f4nicas Agudas&quot; que com edi\u00e7\u00e3o quinzenal, se destina ao &ldquo;mundo da vida&rdquo;, como afirma\u00a0 a coordenadora Roseni Pinheiro: &ldquo;A id\u00e9ia de se criar esse espa\u00e7o consiste em promover transversalidades de temasentre o &ldquo;mundo da vida&rdquo; e a &ldquo;ci\u00eancia da vida&rdquo;, pois neste \u00faltimo \u00e9 o lugar onde a sa\u00fade coletiva se situa na \u00e1rvore do conhecimento acad\u00eamico-cient\u00edfico. Essa iniciativa nasce no bojo de um de nossos projetos &ldquo;Sa\u00fade Comunica\u00e7\u00e3o e Sociedade&rdquo; que a partir desse ano, vai intensificar suas atividades, buscando dar visibilidade as atividades de pesquisa e extens\u00e3o relacionados a esse cotidiano que atuamos, pensamos e nos relacionamos coletivamente (ou n\u00e3o), e por muitas vezes, de onde sai os nossos objetos de pesquisa tamb\u00e9m. O Alfredo como m\u00e9dico com sua experi\u00eancia com a \u00e1rea de comunica\u00e7\u00e3o vai estar colaborando conosco nesse trabalho, pois faz parte tamb\u00e9m de seu universo de pesquisa que trata das formas de comunica\u00e7\u00e3o entre sa\u00fade e sociedade, como mestrado aqui do Programa de P\u00f3s Gradua\u00e7\u00e3o em Sa\u00fade Coletiva do IMS&rdquo;. [...]\" \/>\n<meta property=\"og:url\" content=\"https:\/\/lappis.org.br\/site\/cronicas-agudas-o-novo-canal-de-integracao-do-lappis\/2600\" \/>\n<meta property=\"og:site_name\" content=\"Lappis 25 anos\" \/>\n<meta property=\"article:published_time\" content=\"2008-08-06T06:00:00+00:00\" \/>\n<meta name=\"author\" content=\"fw2\" \/>\n<meta name=\"twitter:card\" content=\"summary_large_image\" \/>\n<meta name=\"twitter:label1\" content=\"Escrito por\" \/>\n\t<meta name=\"twitter:data1\" content=\"fw2\" \/>\n\t<meta name=\"twitter:label2\" content=\"Est. tempo de leitura\" \/>\n\t<meta name=\"twitter:data2\" content=\"3 minutos\" \/>\n<script type=\"application\/ld+json\" class=\"yoast-schema-graph\">{\"@context\":\"https:\/\/schema.org\",\"@graph\":[{\"@type\":\"Article\",\"@id\":\"https:\/\/lappis.org.br\/site\/cronicas-agudas-o-novo-canal-de-integracao-do-lappis\/2600#article\",\"isPartOf\":{\"@id\":\"https:\/\/lappis.org.br\/site\/cronicas-agudas-o-novo-canal-de-integracao-do-lappis\/2600\"},\"author\":{\"name\":\"fw2\",\"@id\":\"https:\/\/lappis.org.br\/site\/#\/schema\/person\/3852381d08284b5e2716b20bd89bdbcf\"},\"headline\":\"Cr\u00f4nicas Agudas &#8211; O novo canal de integra\u00e7\u00e3o do Lappis\",\"datePublished\":\"2008-08-06T06:00:00+00:00\",\"mainEntityOfPage\":{\"@id\":\"https:\/\/lappis.org.br\/site\/cronicas-agudas-o-novo-canal-de-integracao-do-lappis\/2600\"},\"wordCount\":544,\"commentCount\":0,\"publisher\":{\"@id\":\"https:\/\/lappis.org.br\/site\/#organization\"},\"articleSection\":[\"Not\u00edcia\"],\"inLanguage\":\"pt-BR\",\"potentialAction\":[{\"@type\":\"CommentAction\",\"name\":\"Comment\",\"target\":[\"https:\/\/lappis.org.br\/site\/cronicas-agudas-o-novo-canal-de-integracao-do-lappis\/2600#respond\"]}]},{\"@type\":\"WebPage\",\"@id\":\"https:\/\/lappis.org.br\/site\/cronicas-agudas-o-novo-canal-de-integracao-do-lappis\/2600\",\"url\":\"https:\/\/lappis.org.br\/site\/cronicas-agudas-o-novo-canal-de-integracao-do-lappis\/2600\",\"name\":\"Cr\u00f4nicas Agudas - O novo canal de integra\u00e7\u00e3o do Lappis - Lappis 25 anos\",\"isPartOf\":{\"@id\":\"https:\/\/lappis.org.br\/site\/#website\"},\"datePublished\":\"2008-08-06T06:00:00+00:00\",\"breadcrumb\":{\"@id\":\"https:\/\/lappis.org.br\/site\/cronicas-agudas-o-novo-canal-de-integracao-do-lappis\/2600#breadcrumb\"},\"inLanguage\":\"pt-BR\",\"potentialAction\":[{\"@type\":\"ReadAction\",\"target\":[\"https:\/\/lappis.org.br\/site\/cronicas-agudas-o-novo-canal-de-integracao-do-lappis\/2600\"]}]},{\"@type\":\"BreadcrumbList\",\"@id\":\"https:\/\/lappis.org.br\/site\/cronicas-agudas-o-novo-canal-de-integracao-do-lappis\/2600#breadcrumb\",\"itemListElement\":[{\"@type\":\"ListItem\",\"position\":1,\"name\":\"In\u00edcio\",\"item\":\"https:\/\/lappis.org.br\/site\/\"},{\"@type\":\"ListItem\",\"position\":2,\"name\":\"Cr\u00f4nicas Agudas &#8211; O novo canal de integra\u00e7\u00e3o do Lappis\"}]},{\"@type\":\"WebSite\",\"@id\":\"https:\/\/lappis.org.br\/site\/#website\",\"url\":\"https:\/\/lappis.org.br\/site\/\",\"name\":\"Lappis 25 anos\",\"description\":\"Labotat\u00f3rio de Pesquisas sobre Pr\u00e1ticas de Integralidade em Sa\u00fade\",\"publisher\":{\"@id\":\"https:\/\/lappis.org.br\/site\/#organization\"},\"potentialAction\":[{\"@type\":\"SearchAction\",\"target\":{\"@type\":\"EntryPoint\",\"urlTemplate\":\"https:\/\/lappis.org.br\/site\/?s={search_term_string}\"},\"query-input\":{\"@type\":\"PropertyValueSpecification\",\"valueRequired\":true,\"valueName\":\"search_term_string\"}}],\"inLanguage\":\"pt-BR\"},{\"@type\":\"Organization\",\"@id\":\"https:\/\/lappis.org.br\/site\/#organization\",\"name\":\"Lappis 25 anos\",\"url\":\"https:\/\/lappis.org.br\/site\/\",\"logo\":{\"@type\":\"ImageObject\",\"inLanguage\":\"pt-BR\",\"@id\":\"https:\/\/lappis.org.br\/site\/#\/schema\/logo\/image\/\",\"url\":\"https:\/\/lappis.org.br\/site\/wp-content\/uploads\/2025\/03\/logo-lappis25anos.png\",\"contentUrl\":\"https:\/\/lappis.org.br\/site\/wp-content\/uploads\/2025\/03\/logo-lappis25anos.png\",\"width\":388,\"height\":146,\"caption\":\"Lappis 25 anos\"},\"image\":{\"@id\":\"https:\/\/lappis.org.br\/site\/#\/schema\/logo\/image\/\"}},{\"@type\":\"Person\",\"@id\":\"https:\/\/lappis.org.br\/site\/#\/schema\/person\/3852381d08284b5e2716b20bd89bdbcf\",\"name\":\"fw2\",\"image\":{\"@type\":\"ImageObject\",\"inLanguage\":\"pt-BR\",\"@id\":\"https:\/\/lappis.org.br\/site\/#\/schema\/person\/image\/\",\"url\":\"https:\/\/secure.gravatar.com\/avatar\/c38472c0cdbde82d9b6fcc26adb3779d?s=96&d=mm&r=g\",\"contentUrl\":\"https:\/\/secure.gravatar.com\/avatar\/c38472c0cdbde82d9b6fcc26adb3779d?s=96&d=mm&r=g\",\"caption\":\"fw2\"},\"url\":\"https:\/\/lappis.org.br\/site\/author\/fw2\"}]}<\/script>\n<!-- \/ Yoast SEO plugin. -->","yoast_head_json":{"title":"Cr\u00f4nicas Agudas - O novo canal de integra\u00e7\u00e3o do Lappis - Lappis 25 anos","robots":{"index":"index","follow":"follow","max-snippet":"max-snippet:-1","max-image-preview":"max-image-preview:large","max-video-preview":"max-video-preview:-1"},"canonical":"https:\/\/lappis.org.br\/site\/cronicas-agudas-o-novo-canal-de-integracao-do-lappis\/2600","og_locale":"pt_BR","og_type":"article","og_title":"Cr\u00f4nicas Agudas - O novo canal de integra\u00e7\u00e3o do Lappis - Lappis 25 anos","og_description":"A partir de agora, o site do LAPPIS, vai abrir espa\u00e7o para a sess\u00e3o \"Cr\u00f4nicas Agudas\" que com edi\u00e7\u00e3o quinzenal, se destina ao &ldquo;mundo da vida&rdquo;, como afirma\u00a0 a coordenadora Roseni Pinheiro: &ldquo;A id\u00e9ia de se criar esse espa\u00e7o consiste em promover transversalidades de temasentre o &ldquo;mundo da vida&rdquo; e a &ldquo;ci\u00eancia da vida&rdquo;, pois neste \u00faltimo \u00e9 o lugar onde a sa\u00fade coletiva se situa na \u00e1rvore do conhecimento acad\u00eamico-cient\u00edfico. Essa iniciativa nasce no bojo de um de nossos projetos &ldquo;Sa\u00fade Comunica\u00e7\u00e3o e Sociedade&rdquo; que a partir desse ano, vai intensificar suas atividades, buscando dar visibilidade as atividades de pesquisa e extens\u00e3o relacionados a esse cotidiano que atuamos, pensamos e nos relacionamos coletivamente (ou n\u00e3o), e por muitas vezes, de onde sai os nossos objetos de pesquisa tamb\u00e9m. O Alfredo como m\u00e9dico com sua experi\u00eancia com a \u00e1rea de comunica\u00e7\u00e3o vai estar colaborando conosco nesse trabalho, pois faz parte tamb\u00e9m de seu universo de pesquisa que trata das formas de comunica\u00e7\u00e3o entre sa\u00fade e sociedade, como mestrado aqui do Programa de P\u00f3s Gradua\u00e7\u00e3o em Sa\u00fade Coletiva do IMS&rdquo;. [...]","og_url":"https:\/\/lappis.org.br\/site\/cronicas-agudas-o-novo-canal-de-integracao-do-lappis\/2600","og_site_name":"Lappis 25 anos","article_published_time":"2008-08-06T06:00:00+00:00","author":"fw2","twitter_card":"summary_large_image","twitter_misc":{"Escrito por":"fw2","Est. tempo de leitura":"3 minutos"},"schema":{"@context":"https:\/\/schema.org","@graph":[{"@type":"Article","@id":"https:\/\/lappis.org.br\/site\/cronicas-agudas-o-novo-canal-de-integracao-do-lappis\/2600#article","isPartOf":{"@id":"https:\/\/lappis.org.br\/site\/cronicas-agudas-o-novo-canal-de-integracao-do-lappis\/2600"},"author":{"name":"fw2","@id":"https:\/\/lappis.org.br\/site\/#\/schema\/person\/3852381d08284b5e2716b20bd89bdbcf"},"headline":"Cr\u00f4nicas Agudas &#8211; O novo canal de integra\u00e7\u00e3o do Lappis","datePublished":"2008-08-06T06:00:00+00:00","mainEntityOfPage":{"@id":"https:\/\/lappis.org.br\/site\/cronicas-agudas-o-novo-canal-de-integracao-do-lappis\/2600"},"wordCount":544,"commentCount":0,"publisher":{"@id":"https:\/\/lappis.org.br\/site\/#organization"},"articleSection":["Not\u00edcia"],"inLanguage":"pt-BR","potentialAction":[{"@type":"CommentAction","name":"Comment","target":["https:\/\/lappis.org.br\/site\/cronicas-agudas-o-novo-canal-de-integracao-do-lappis\/2600#respond"]}]},{"@type":"WebPage","@id":"https:\/\/lappis.org.br\/site\/cronicas-agudas-o-novo-canal-de-integracao-do-lappis\/2600","url":"https:\/\/lappis.org.br\/site\/cronicas-agudas-o-novo-canal-de-integracao-do-lappis\/2600","name":"Cr\u00f4nicas Agudas - O novo canal de integra\u00e7\u00e3o do Lappis - Lappis 25 anos","isPartOf":{"@id":"https:\/\/lappis.org.br\/site\/#website"},"datePublished":"2008-08-06T06:00:00+00:00","breadcrumb":{"@id":"https:\/\/lappis.org.br\/site\/cronicas-agudas-o-novo-canal-de-integracao-do-lappis\/2600#breadcrumb"},"inLanguage":"pt-BR","potentialAction":[{"@type":"ReadAction","target":["https:\/\/lappis.org.br\/site\/cronicas-agudas-o-novo-canal-de-integracao-do-lappis\/2600"]}]},{"@type":"BreadcrumbList","@id":"https:\/\/lappis.org.br\/site\/cronicas-agudas-o-novo-canal-de-integracao-do-lappis\/2600#breadcrumb","itemListElement":[{"@type":"ListItem","position":1,"name":"In\u00edcio","item":"https:\/\/lappis.org.br\/site\/"},{"@type":"ListItem","position":2,"name":"Cr\u00f4nicas Agudas &#8211; O novo canal de integra\u00e7\u00e3o do Lappis"}]},{"@type":"WebSite","@id":"https:\/\/lappis.org.br\/site\/#website","url":"https:\/\/lappis.org.br\/site\/","name":"Lappis 25 anos","description":"Labotat\u00f3rio de Pesquisas sobre Pr\u00e1ticas de Integralidade em Sa\u00fade","publisher":{"@id":"https:\/\/lappis.org.br\/site\/#organization"},"potentialAction":[{"@type":"SearchAction","target":{"@type":"EntryPoint","urlTemplate":"https:\/\/lappis.org.br\/site\/?s={search_term_string}"},"query-input":{"@type":"PropertyValueSpecification","valueRequired":true,"valueName":"search_term_string"}}],"inLanguage":"pt-BR"},{"@type":"Organization","@id":"https:\/\/lappis.org.br\/site\/#organization","name":"Lappis 25 anos","url":"https:\/\/lappis.org.br\/site\/","logo":{"@type":"ImageObject","inLanguage":"pt-BR","@id":"https:\/\/lappis.org.br\/site\/#\/schema\/logo\/image\/","url":"https:\/\/lappis.org.br\/site\/wp-content\/uploads\/2025\/03\/logo-lappis25anos.png","contentUrl":"https:\/\/lappis.org.br\/site\/wp-content\/uploads\/2025\/03\/logo-lappis25anos.png","width":388,"height":146,"caption":"Lappis 25 anos"},"image":{"@id":"https:\/\/lappis.org.br\/site\/#\/schema\/logo\/image\/"}},{"@type":"Person","@id":"https:\/\/lappis.org.br\/site\/#\/schema\/person\/3852381d08284b5e2716b20bd89bdbcf","name":"fw2","image":{"@type":"ImageObject","inLanguage":"pt-BR","@id":"https:\/\/lappis.org.br\/site\/#\/schema\/person\/image\/","url":"https:\/\/secure.gravatar.com\/avatar\/c38472c0cdbde82d9b6fcc26adb3779d?s=96&d=mm&r=g","contentUrl":"https:\/\/secure.gravatar.com\/avatar\/c38472c0cdbde82d9b6fcc26adb3779d?s=96&d=mm&r=g","caption":"fw2"},"url":"https:\/\/lappis.org.br\/site\/author\/fw2"}]}},"jetpack_featured_media_url":"","jetpack_shortlink":"https:\/\/wp.me\/p954Nh-FW","jetpack_sharing_enabled":true,"_links":{"self":[{"href":"https:\/\/lappis.org.br\/site\/wp-json\/wp\/v2\/posts\/2600"}],"collection":[{"href":"https:\/\/lappis.org.br\/site\/wp-json\/wp\/v2\/posts"}],"about":[{"href":"https:\/\/lappis.org.br\/site\/wp-json\/wp\/v2\/types\/post"}],"author":[{"embeddable":true,"href":"https:\/\/lappis.org.br\/site\/wp-json\/wp\/v2\/users\/1"}],"replies":[{"embeddable":true,"href":"https:\/\/lappis.org.br\/site\/wp-json\/wp\/v2\/comments?post=2600"}],"version-history":[{"count":0,"href":"https:\/\/lappis.org.br\/site\/wp-json\/wp\/v2\/posts\/2600\/revisions"}],"wp:attachment":[{"href":"https:\/\/lappis.org.br\/site\/wp-json\/wp\/v2\/media?parent=2600"}],"wp:term":[{"taxonomy":"category","embeddable":true,"href":"https:\/\/lappis.org.br\/site\/wp-json\/wp\/v2\/categories?post=2600"},{"taxonomy":"post_tag","embeddable":true,"href":"https:\/\/lappis.org.br\/site\/wp-json\/wp\/v2\/tags?post=2600"}],"curies":[{"name":"wp","href":"https:\/\/api.w.org\/{rel}","templated":true}]}}