{"id":2598,"date":"2008-08-05T03:00:00","date_gmt":"2008-08-05T06:00:00","guid":{"rendered":"http:\/\/lappis.org.br\/site\/2008\/08\/05\/atelie-do-cuidado-novas-perspectivas-de-pesquisas-ensino-e-servicos\/"},"modified":"2008-08-05T03:00:00","modified_gmt":"2008-08-05T06:00:00","slug":"atelie-do-cuidado-novas-perspectivas-de-pesquisas-ensino-e-servicos","status":"publish","type":"post","link":"https:\/\/lappis.org.br\/site\/atelie-do-cuidado-novas-perspectivas-de-pesquisas-ensino-e-servicos\/2598","title":{"rendered":"Ateli\u00ea do Cuidado: novas perspectivas de pesquisas, ensino e servi\u00e7os"},"content":{"rendered":"<p style=\"text-align: justify;\"> \tPara otimizar as pesquisas no \u00e2mbito do estudo da integralidade, o LAPPIS ir\u00e1 promover, durante o VIII Semin\u00e1rio do Projeto Integralidade &ndash; Cuidar do Cuidado: responsabilidade com a Integralidade das a\u00e7\u00f5es de sa\u00fade &ndash; 20 anos do SUS constitucional, o Ateli\u00ea do Cuidado. Esta iniciativa tem por objetivo agregar os estudos e realizar um tipo de &ldquo;oficina de texto&rdquo; que trate do tema do semin\u00e1rio &ndash; Responsabilidade sob as perspectivas do ensino, pesquisa e servi\u00e7o, n\u00e3o excludentes entre si.<\/p>\n<p style=\"text-align: justify;\"> \tA professora Roseni Pinheiro, coordenadora do Lappis e do semin\u00e1rio, explica a seguir as premissas do projeto e convida a comunidade acad\u00eamica a participar das oficinas: &ldquo;O Ateli\u00ea n\u00e3o ter\u00e1 restri\u00e7\u00e3o de ouvintes desde que n\u00e3o ultrapasse um n\u00famero m\u00e1ximo de vagas, sendo, portanto imprescind\u00edvel que esteja inscrito. A inscri\u00e7\u00e3o poder\u00e1 ser feita pelo site: <a href=\"http:\/\/www.lappis.org.br\/\">www.lappis.org.br<\/a>. Dos 50 inscritos foram aprovados 15 trabalhos, cuja qualidade foi considerada excelente, sendo de dif\u00edcil sele\u00e7\u00e3o&rdquo; &#8211; completa.<\/p>\n<p> \tPara este ano, o Ateli\u00ea do Cuidado ter\u00e1 uma novidade: a divis\u00e3o de apresenta\u00e7\u00e3o de trabalhos determinou que os estudos, divididos em tr\u00eas \u00e1reas de interesse (ensino, pesquisa e servi\u00e7os), poder\u00e3o n\u00e3o estar mais condicionados \u00e0s classifica\u00e7\u00f5es inicialmente determinadas por seus autores. No entanto, esta altera\u00e7\u00e3o nos planos de trabalho n\u00e3o significar\u00e1 perdas sistem\u00e1ticas das caracter\u00edsticas ou interfaces entre os estudos. Em verdade, a comiss\u00e3o de pareceristas recomendou que alguns trabalhos sejam indicados para integrar mesas de debates distintas de seus eixos de origem, mas que para otimizar as discuss\u00f5es dos temas selecionados, poder\u00e3o ser alocados das \u00e1reas inicialmente indicadas pelo autor do projeto.<\/p>\n<p> \tSeguem abaixo os trabalhos aprovados para apresenta\u00e7\u00e3o na mesa:<br \/> \t\u00a0<br \/> \t<strong>ATELI\u00ca ENSINO<\/strong><br \/> \t\u00a0<br \/> \t1) O ENSINO DA SA\u00daDE NO HOSPITAL UNIVERSIT\u00c1RIO DE JUIZ DE FORA: UMA EXPERI\u00caNCIA INTERDISCIPLINAR NA PEDIATRIA<br \/> \t\u00a0<br \/> \t2) A FORMA\u00c7\u00c3O ORIENTADA POR COMPET\u00caNCIA: A INTEGRALIDADE NO CUIDADO EM SA\u00daDE.<br \/> \t\u00a0<br \/> \t3) O CUIDADO INTEGRAL COMO CATEGORIA NORTEADORA DO PROGRAMA TE\u00d3RICO DE N\u00daCLEO DO PROGRAMA DE RESID\u00caNCIA M\u00c9DICA EM MEDICINA DE FAM\u00cdLIA E \u00a0COMUNIDADE DO SERVI\u00c7O DE SA\u00daDE COMUNITARIA -PORTO ALEGRE -RS<br \/> \t\u00a0<br \/> \t4) REPRESENTA\u00c7\u00c3O SOCIAL DA MEDICINA EM ESTUDANTES DO PRIMEIRO PER\u00cdODO DA UFAC E AS POSSIBILIDADES DE ENSINO APRENDIZAGEM<br \/> \t\u00a0<br \/> \t<strong>5) O ENCONTRO COM A MORTE E OS DESEJOS DE MUDAN\u00c7AS NA FORMA\u00c7\u00c3O M\u00c9DICA<\/strong><br \/> \t\u00a0<br \/> \t\u00a0<br \/> \t<strong>ATELI\u00ca PESQUISA<\/strong><br \/> \t\u00a0<br \/> \t1) AS EXPERI\u00caNCIAS COTIDIANAS NA CONSTRU\u00c7\u00c3O DO SISTEMA UNICO DE SAUDE<br \/> \t2) PARTICIPA\u00c7\u00c3O, ASSOCIA\u00c7\u00d5ES E CAPITAL SOCIAL: ESTUDO COMPARADO DA REDE ASSOCIATIVA DE APOIO AO PSF EM RECIFE E PORTO ALEGRE<br \/> \t3) ACESSO AOS SERVI\u00c7OS DE SA\u00daDE MENTAL E A PR\u00c1TICA CL\u00cdNICA: RESPONSABILIDADE, \u00c9TICA E CUIDADO<br \/> \t4) A PR\u00c1TICA DA INTEGRALIDADE NO CUIDADO \u00c0 SA\u00daDE MATERNO-INFANTIL EM UM CONTEXTO RURAL.<br \/> \t5) EQUIPE MULTIPROFISSIONAL DE SA\u00daDE NA ATEN\u00c7\u00c3O INTEGRAL AO ADOLESCENTE VIVENDO COM HIV\/AIDS<br \/> \t\u00a0<br \/> \t\u00a0<br \/> \t<strong>ATELI\u00ca SERVI\u00c7O<\/strong><br \/> \t\u00a0<br \/> \t<strong>1) EM BUSCA DA INTEGRALIDADE NO ATENDIMENTO DOMICILIAR AO ACAMADO: A EXPERI\u00caNCIA DE UMA UNIDADE B\u00c1SICA DE SA\u00daDE DE PORTO ALEGRE<\/strong><br \/> \t\u00a0<br \/> \t2) ATEN\u00c7\u00c3O \u00c0 SA\u00daDE DO ADOLESCENTE: CONSIDERA\u00c7\u00d5ES SOBRE UMA EXPERI\u00caNCIA NO MUNIC\u00cdPIO DO RIO DE JANEIRO<br \/> \t\u00a0<br \/> \t3) O CUIDADO AO AGENTE COMUNIT\u00c1RIO DE SA\u00daDE: GRUPOS DE REFLEX\u00c3O SOBRE A PR\u00c1TICA PROFISSIONAL<br \/> \t\u00a0<br \/> \t4) A PROPOSI\u00c7\u00c3O METODOL\u00d3GICA DOS EST\u00c1GIOS DE VIV\u00caNCIA NO SISTEMA \u00daNICO DE SA\u00daDE: UM RESGATE HIST\u00d3RICO<br \/> \t\u00a0<br \/> \t<strong>5) OS BASTIDORES DE UMA CARTOGRAFIA: HUMANIZA\u00c7\u00c3O E ACOLHIMENTO NO TERRIT\u00d3RIO HOSPITALAR<\/strong><br \/> \t\u00a0<\/p>\n","protected":false},"excerpt":{"rendered":"<div class=\"mh-excerpt\"><p style=\"text-align: justify;\"> \tPara otimizar as pesquisas no \u00e2mbito do estudo da integralidade, o LAPPIS ir\u00e1 promover, durante o VIII Semin\u00e1rio do Projeto Integralidade &ndash; Cuidar do Cuidado: responsabilidade com a Integralidade das a\u00e7\u00f5es de sa\u00fade &ndash; 20 anos do SUS constitucional, o Ateli\u00ea do Cuidado. Esta iniciativa tem por objetivo agregar os estudos e realizar um tipo de &ldquo;oficina de texto&rdquo; que trate do tema do semin\u00e1rio &ndash; Responsabilidade sob as perspectivas do ensino, pesquisa e servi\u00e7o, n\u00e3o excludentes entre si.<\/p>\n<p>  <a class=\"mh-excerpt-more\" href=\"https:\/\/lappis.org.br\/site\/atelie-do-cuidado-novas-perspectivas-de-pesquisas-ensino-e-servicos\/2598\" title=\"Ateli\u00ea do Cuidado: novas perspectivas de pesquisas, ensino e servi\u00e7os\">[&#8230;]<\/a><\/p>\n<\/div>","protected":false},"author":1,"featured_media":0,"comment_status":"open","ping_status":"open","sticky":false,"template":"","format":"standard","meta":{"_acf_changed":false,"_exactmetrics_skip_tracking":false,"_exactmetrics_sitenote_active":false,"_exactmetrics_sitenote_note":"","_exactmetrics_sitenote_category":0,"jetpack_post_was_ever_published":false,"_jetpack_newsletter_access":"","_jetpack_dont_email_post_to_subs":false,"_jetpack_newsletter_tier_id":0,"_jetpack_memberships_contains_paywalled_content":false,"_jetpack_memberships_contains_paid_content":false,"footnotes":"","jetpack_publicize_message":"","jetpack_publicize_feature_enabled":true,"jetpack_social_post_already_shared":false,"jetpack_social_options":{"image_generator_settings":{"template":"highway","enabled":false},"version":2}},"categories":[8],"tags":[],"class_list":{"0":"post-2598","1":"post","2":"type-post","3":"status-publish","4":"format-standard","6":"category-noticia"},"jetpack_publicize_connections":[],"acf":[],"yoast_head":"<!-- This site is optimized with the Yoast SEO plugin v25.2 - https:\/\/yoast.com\/wordpress\/plugins\/seo\/ -->\n<title>Ateli\u00ea do Cuidado: novas perspectivas de pesquisas, ensino e servi\u00e7os - Lappis 25 anos<\/title>\n<meta name=\"robots\" content=\"index, follow, max-snippet:-1, max-image-preview:large, max-video-preview:-1\" \/>\n<link rel=\"canonical\" href=\"https:\/\/lappis.org.br\/site\/atelie-do-cuidado-novas-perspectivas-de-pesquisas-ensino-e-servicos\/2598\" \/>\n<meta property=\"og:locale\" content=\"pt_BR\" \/>\n<meta property=\"og:type\" content=\"article\" \/>\n<meta property=\"og:title\" content=\"Ateli\u00ea do Cuidado: novas perspectivas de pesquisas, ensino e servi\u00e7os - Lappis 25 anos\" \/>\n<meta property=\"og:description\" content=\"Para otimizar as pesquisas no \u00e2mbito do estudo da integralidade, o LAPPIS ir\u00e1 promover, durante o VIII Semin\u00e1rio do Projeto Integralidade &ndash; Cuidar do Cuidado: responsabilidade com a Integralidade das a\u00e7\u00f5es de sa\u00fade &ndash; 20 anos do SUS constitucional, o Ateli\u00ea do Cuidado. Esta iniciativa tem por objetivo agregar os estudos e realizar um tipo de &ldquo;oficina de texto&rdquo; que trate do tema do semin\u00e1rio &ndash; Responsabilidade sob as perspectivas do ensino, pesquisa e servi\u00e7o, n\u00e3o excludentes entre si. [...]\" \/>\n<meta property=\"og:url\" content=\"https:\/\/lappis.org.br\/site\/atelie-do-cuidado-novas-perspectivas-de-pesquisas-ensino-e-servicos\/2598\" \/>\n<meta property=\"og:site_name\" content=\"Lappis 25 anos\" \/>\n<meta property=\"article:published_time\" content=\"2008-08-05T06:00:00+00:00\" \/>\n<meta name=\"author\" content=\"fw2\" \/>\n<meta name=\"twitter:card\" content=\"summary_large_image\" \/>\n<meta name=\"twitter:label1\" content=\"Escrito por\" \/>\n\t<meta name=\"twitter:data1\" content=\"fw2\" \/>\n\t<meta name=\"twitter:label2\" content=\"Est. tempo de leitura\" \/>\n\t<meta name=\"twitter:data2\" content=\"3 minutos\" \/>\n<script type=\"application\/ld+json\" class=\"yoast-schema-graph\">{\"@context\":\"https:\/\/schema.org\",\"@graph\":[{\"@type\":\"Article\",\"@id\":\"https:\/\/lappis.org.br\/site\/atelie-do-cuidado-novas-perspectivas-de-pesquisas-ensino-e-servicos\/2598#article\",\"isPartOf\":{\"@id\":\"https:\/\/lappis.org.br\/site\/atelie-do-cuidado-novas-perspectivas-de-pesquisas-ensino-e-servicos\/2598\"},\"author\":{\"name\":\"fw2\",\"@id\":\"https:\/\/lappis.org.br\/site\/#\/schema\/person\/3852381d08284b5e2716b20bd89bdbcf\"},\"headline\":\"Ateli\u00ea do Cuidado: novas perspectivas de pesquisas, ensino e servi\u00e7os\",\"datePublished\":\"2008-08-05T06:00:00+00:00\",\"mainEntityOfPage\":{\"@id\":\"https:\/\/lappis.org.br\/site\/atelie-do-cuidado-novas-perspectivas-de-pesquisas-ensino-e-servicos\/2598\"},\"wordCount\":599,\"commentCount\":0,\"publisher\":{\"@id\":\"https:\/\/lappis.org.br\/site\/#organization\"},\"articleSection\":[\"Not\u00edcia\"],\"inLanguage\":\"pt-BR\",\"potentialAction\":[{\"@type\":\"CommentAction\",\"name\":\"Comment\",\"target\":[\"https:\/\/lappis.org.br\/site\/atelie-do-cuidado-novas-perspectivas-de-pesquisas-ensino-e-servicos\/2598#respond\"]}]},{\"@type\":\"WebPage\",\"@id\":\"https:\/\/lappis.org.br\/site\/atelie-do-cuidado-novas-perspectivas-de-pesquisas-ensino-e-servicos\/2598\",\"url\":\"https:\/\/lappis.org.br\/site\/atelie-do-cuidado-novas-perspectivas-de-pesquisas-ensino-e-servicos\/2598\",\"name\":\"Ateli\u00ea do Cuidado: novas perspectivas de pesquisas, ensino e servi\u00e7os - Lappis 25 anos\",\"isPartOf\":{\"@id\":\"https:\/\/lappis.org.br\/site\/#website\"},\"datePublished\":\"2008-08-05T06:00:00+00:00\",\"breadcrumb\":{\"@id\":\"https:\/\/lappis.org.br\/site\/atelie-do-cuidado-novas-perspectivas-de-pesquisas-ensino-e-servicos\/2598#breadcrumb\"},\"inLanguage\":\"pt-BR\",\"potentialAction\":[{\"@type\":\"ReadAction\",\"target\":[\"https:\/\/lappis.org.br\/site\/atelie-do-cuidado-novas-perspectivas-de-pesquisas-ensino-e-servicos\/2598\"]}]},{\"@type\":\"BreadcrumbList\",\"@id\":\"https:\/\/lappis.org.br\/site\/atelie-do-cuidado-novas-perspectivas-de-pesquisas-ensino-e-servicos\/2598#breadcrumb\",\"itemListElement\":[{\"@type\":\"ListItem\",\"position\":1,\"name\":\"In\u00edcio\",\"item\":\"https:\/\/lappis.org.br\/site\/\"},{\"@type\":\"ListItem\",\"position\":2,\"name\":\"Ateli\u00ea do Cuidado: novas perspectivas de pesquisas, ensino e servi\u00e7os\"}]},{\"@type\":\"WebSite\",\"@id\":\"https:\/\/lappis.org.br\/site\/#website\",\"url\":\"https:\/\/lappis.org.br\/site\/\",\"name\":\"Lappis 25 anos\",\"description\":\"Labotat\u00f3rio de Pesquisas sobre Pr\u00e1ticas de Integralidade em Sa\u00fade\",\"publisher\":{\"@id\":\"https:\/\/lappis.org.br\/site\/#organization\"},\"potentialAction\":[{\"@type\":\"SearchAction\",\"target\":{\"@type\":\"EntryPoint\",\"urlTemplate\":\"https:\/\/lappis.org.br\/site\/?s={search_term_string}\"},\"query-input\":{\"@type\":\"PropertyValueSpecification\",\"valueRequired\":true,\"valueName\":\"search_term_string\"}}],\"inLanguage\":\"pt-BR\"},{\"@type\":\"Organization\",\"@id\":\"https:\/\/lappis.org.br\/site\/#organization\",\"name\":\"Lappis 25 anos\",\"url\":\"https:\/\/lappis.org.br\/site\/\",\"logo\":{\"@type\":\"ImageObject\",\"inLanguage\":\"pt-BR\",\"@id\":\"https:\/\/lappis.org.br\/site\/#\/schema\/logo\/image\/\",\"url\":\"https:\/\/lappis.org.br\/site\/wp-content\/uploads\/2025\/03\/logo-lappis25anos.png\",\"contentUrl\":\"https:\/\/lappis.org.br\/site\/wp-content\/uploads\/2025\/03\/logo-lappis25anos.png\",\"width\":388,\"height\":146,\"caption\":\"Lappis 25 anos\"},\"image\":{\"@id\":\"https:\/\/lappis.org.br\/site\/#\/schema\/logo\/image\/\"}},{\"@type\":\"Person\",\"@id\":\"https:\/\/lappis.org.br\/site\/#\/schema\/person\/3852381d08284b5e2716b20bd89bdbcf\",\"name\":\"fw2\",\"image\":{\"@type\":\"ImageObject\",\"inLanguage\":\"pt-BR\",\"@id\":\"https:\/\/lappis.org.br\/site\/#\/schema\/person\/image\/\",\"url\":\"https:\/\/secure.gravatar.com\/avatar\/c38472c0cdbde82d9b6fcc26adb3779d?s=96&d=mm&r=g\",\"contentUrl\":\"https:\/\/secure.gravatar.com\/avatar\/c38472c0cdbde82d9b6fcc26adb3779d?s=96&d=mm&r=g\",\"caption\":\"fw2\"},\"url\":\"https:\/\/lappis.org.br\/site\/author\/fw2\"}]}<\/script>\n<!-- \/ Yoast SEO plugin. -->","yoast_head_json":{"title":"Ateli\u00ea do Cuidado: novas perspectivas de pesquisas, ensino e servi\u00e7os - Lappis 25 anos","robots":{"index":"index","follow":"follow","max-snippet":"max-snippet:-1","max-image-preview":"max-image-preview:large","max-video-preview":"max-video-preview:-1"},"canonical":"https:\/\/lappis.org.br\/site\/atelie-do-cuidado-novas-perspectivas-de-pesquisas-ensino-e-servicos\/2598","og_locale":"pt_BR","og_type":"article","og_title":"Ateli\u00ea do Cuidado: novas perspectivas de pesquisas, ensino e servi\u00e7os - Lappis 25 anos","og_description":"Para otimizar as pesquisas no \u00e2mbito do estudo da integralidade, o LAPPIS ir\u00e1 promover, durante o VIII Semin\u00e1rio do Projeto Integralidade &ndash; Cuidar do Cuidado: responsabilidade com a Integralidade das a\u00e7\u00f5es de sa\u00fade &ndash; 20 anos do SUS constitucional, o Ateli\u00ea do Cuidado. Esta iniciativa tem por objetivo agregar os estudos e realizar um tipo de &ldquo;oficina de texto&rdquo; que trate do tema do semin\u00e1rio &ndash; Responsabilidade sob as perspectivas do ensino, pesquisa e servi\u00e7o, n\u00e3o excludentes entre si. [...]","og_url":"https:\/\/lappis.org.br\/site\/atelie-do-cuidado-novas-perspectivas-de-pesquisas-ensino-e-servicos\/2598","og_site_name":"Lappis 25 anos","article_published_time":"2008-08-05T06:00:00+00:00","author":"fw2","twitter_card":"summary_large_image","twitter_misc":{"Escrito por":"fw2","Est. tempo de leitura":"3 minutos"},"schema":{"@context":"https:\/\/schema.org","@graph":[{"@type":"Article","@id":"https:\/\/lappis.org.br\/site\/atelie-do-cuidado-novas-perspectivas-de-pesquisas-ensino-e-servicos\/2598#article","isPartOf":{"@id":"https:\/\/lappis.org.br\/site\/atelie-do-cuidado-novas-perspectivas-de-pesquisas-ensino-e-servicos\/2598"},"author":{"name":"fw2","@id":"https:\/\/lappis.org.br\/site\/#\/schema\/person\/3852381d08284b5e2716b20bd89bdbcf"},"headline":"Ateli\u00ea do Cuidado: novas perspectivas de pesquisas, ensino e servi\u00e7os","datePublished":"2008-08-05T06:00:00+00:00","mainEntityOfPage":{"@id":"https:\/\/lappis.org.br\/site\/atelie-do-cuidado-novas-perspectivas-de-pesquisas-ensino-e-servicos\/2598"},"wordCount":599,"commentCount":0,"publisher":{"@id":"https:\/\/lappis.org.br\/site\/#organization"},"articleSection":["Not\u00edcia"],"inLanguage":"pt-BR","potentialAction":[{"@type":"CommentAction","name":"Comment","target":["https:\/\/lappis.org.br\/site\/atelie-do-cuidado-novas-perspectivas-de-pesquisas-ensino-e-servicos\/2598#respond"]}]},{"@type":"WebPage","@id":"https:\/\/lappis.org.br\/site\/atelie-do-cuidado-novas-perspectivas-de-pesquisas-ensino-e-servicos\/2598","url":"https:\/\/lappis.org.br\/site\/atelie-do-cuidado-novas-perspectivas-de-pesquisas-ensino-e-servicos\/2598","name":"Ateli\u00ea do Cuidado: novas perspectivas de pesquisas, ensino e servi\u00e7os - Lappis 25 anos","isPartOf":{"@id":"https:\/\/lappis.org.br\/site\/#website"},"datePublished":"2008-08-05T06:00:00+00:00","breadcrumb":{"@id":"https:\/\/lappis.org.br\/site\/atelie-do-cuidado-novas-perspectivas-de-pesquisas-ensino-e-servicos\/2598#breadcrumb"},"inLanguage":"pt-BR","potentialAction":[{"@type":"ReadAction","target":["https:\/\/lappis.org.br\/site\/atelie-do-cuidado-novas-perspectivas-de-pesquisas-ensino-e-servicos\/2598"]}]},{"@type":"BreadcrumbList","@id":"https:\/\/lappis.org.br\/site\/atelie-do-cuidado-novas-perspectivas-de-pesquisas-ensino-e-servicos\/2598#breadcrumb","itemListElement":[{"@type":"ListItem","position":1,"name":"In\u00edcio","item":"https:\/\/lappis.org.br\/site\/"},{"@type":"ListItem","position":2,"name":"Ateli\u00ea do Cuidado: novas perspectivas de pesquisas, ensino e servi\u00e7os"}]},{"@type":"WebSite","@id":"https:\/\/lappis.org.br\/site\/#website","url":"https:\/\/lappis.org.br\/site\/","name":"Lappis 25 anos","description":"Labotat\u00f3rio de Pesquisas sobre Pr\u00e1ticas de Integralidade em Sa\u00fade","publisher":{"@id":"https:\/\/lappis.org.br\/site\/#organization"},"potentialAction":[{"@type":"SearchAction","target":{"@type":"EntryPoint","urlTemplate":"https:\/\/lappis.org.br\/site\/?s={search_term_string}"},"query-input":{"@type":"PropertyValueSpecification","valueRequired":true,"valueName":"search_term_string"}}],"inLanguage":"pt-BR"},{"@type":"Organization","@id":"https:\/\/lappis.org.br\/site\/#organization","name":"Lappis 25 anos","url":"https:\/\/lappis.org.br\/site\/","logo":{"@type":"ImageObject","inLanguage":"pt-BR","@id":"https:\/\/lappis.org.br\/site\/#\/schema\/logo\/image\/","url":"https:\/\/lappis.org.br\/site\/wp-content\/uploads\/2025\/03\/logo-lappis25anos.png","contentUrl":"https:\/\/lappis.org.br\/site\/wp-content\/uploads\/2025\/03\/logo-lappis25anos.png","width":388,"height":146,"caption":"Lappis 25 anos"},"image":{"@id":"https:\/\/lappis.org.br\/site\/#\/schema\/logo\/image\/"}},{"@type":"Person","@id":"https:\/\/lappis.org.br\/site\/#\/schema\/person\/3852381d08284b5e2716b20bd89bdbcf","name":"fw2","image":{"@type":"ImageObject","inLanguage":"pt-BR","@id":"https:\/\/lappis.org.br\/site\/#\/schema\/person\/image\/","url":"https:\/\/secure.gravatar.com\/avatar\/c38472c0cdbde82d9b6fcc26adb3779d?s=96&d=mm&r=g","contentUrl":"https:\/\/secure.gravatar.com\/avatar\/c38472c0cdbde82d9b6fcc26adb3779d?s=96&d=mm&r=g","caption":"fw2"},"url":"https:\/\/lappis.org.br\/site\/author\/fw2"}]}},"jetpack_featured_media_url":"","jetpack_shortlink":"https:\/\/wp.me\/p954Nh-FU","jetpack_sharing_enabled":true,"_links":{"self":[{"href":"https:\/\/lappis.org.br\/site\/wp-json\/wp\/v2\/posts\/2598"}],"collection":[{"href":"https:\/\/lappis.org.br\/site\/wp-json\/wp\/v2\/posts"}],"about":[{"href":"https:\/\/lappis.org.br\/site\/wp-json\/wp\/v2\/types\/post"}],"author":[{"embeddable":true,"href":"https:\/\/lappis.org.br\/site\/wp-json\/wp\/v2\/users\/1"}],"replies":[{"embeddable":true,"href":"https:\/\/lappis.org.br\/site\/wp-json\/wp\/v2\/comments?post=2598"}],"version-history":[{"count":0,"href":"https:\/\/lappis.org.br\/site\/wp-json\/wp\/v2\/posts\/2598\/revisions"}],"wp:attachment":[{"href":"https:\/\/lappis.org.br\/site\/wp-json\/wp\/v2\/media?parent=2598"}],"wp:term":[{"taxonomy":"category","embeddable":true,"href":"https:\/\/lappis.org.br\/site\/wp-json\/wp\/v2\/categories?post=2598"},{"taxonomy":"post_tag","embeddable":true,"href":"https:\/\/lappis.org.br\/site\/wp-json\/wp\/v2\/tags?post=2598"}],"curies":[{"name":"wp","href":"https:\/\/api.w.org\/{rel}","templated":true}]}}