{"id":2597,"date":"2008-08-05T03:00:00","date_gmt":"2008-08-05T06:00:00","guid":{"rendered":"http:\/\/lappis.org.br\/site\/2008\/08\/05\/cesar-favoreto-embate-entre-tecnica-e-cuidado-permeia-discussao-no-ultimo-dia-do-viii-seminario\/"},"modified":"2008-08-05T03:00:00","modified_gmt":"2008-08-05T06:00:00","slug":"cesar-favoreto-embate-entre-tecnica-e-cuidado-permeia-discussao-no-ultimo-dia-do-viii-seminario","status":"publish","type":"post","link":"https:\/\/lappis.org.br\/site\/cesar-favoreto-embate-entre-tecnica-e-cuidado-permeia-discussao-no-ultimo-dia-do-viii-seminario\/2597","title":{"rendered":"C\u00e9sar Favoreto: Embate entre T\u00e9cnica e Cuidado permeia discuss\u00e3o no \u00faltimo dia do VIII Semin\u00e1rio"},"content":{"rendered":"<p style=\"text-align: justify;\"> \tApesar dos avan\u00e7os alcan\u00e7ados na discuss\u00e3o da integralidade nos \u00faltimos dez anos, a discuss\u00e3o da rela\u00e7\u00e3o entre a \u00e9tica e t\u00e9cnica, quando se pensa a pr\u00e1tica de uma cl\u00ednica integral &#8211; respons\u00e1vel com o sujeito a quem se destina, sua hist\u00f3ria, cultura e anseios &#8211; ainda carece de maior aprofundamento e aplicabilidade para os servi\u00e7os e seus profissionais. Assim, o VIII Semin\u00e1rio do Projeto Integralidade prop\u00f5e a quest\u00e3o &ldquo;\u00c9tica e T\u00e9cnica no Cuidado: \u00e9 poss\u00edvel conciliar na pr\u00e1tica educativa na sa\u00fade?&rdquo; no \u00faltimo dia do evento, visando discutir as possibilidades do tema.<\/p>\n<p>   Um dos pesquisadores convidados para esta ampliar a discuss\u00e3o na mesa-redonda \u00e9 C\u00e9sar Favoreto. Doutor em Sa\u00fade Coletiva pelo Instituto de Medicina Social e Professor de Medicina Integral da UERJ, Favoreto afirma que sua contribui\u00e7\u00e3o com o tema ter\u00e1 como embasamento a id\u00e9ia de Boaventura de Souza Santos, na qual prosseguir sobre o impasse &ldquo;\u00e9tica-cuidado&rdquo; na \u00e1rea da sa\u00fade implica em romper com o monote\u00edsmo da ci\u00eancia moderna. &ldquo;Avan\u00e7ar sobre um paradigma que pressup\u00f5e uma \u00fanica forma de conhecimento v\u00e1lido, o conhecimento cient\u00edfico &#8211; cuja validade reside na objetividade de que decorre a separa\u00e7\u00e3o entre teoria e pr\u00e1tica, entre ci\u00eancia e \u00e9tica &ndash; \u00e9 um paradigma que tende a reduzir o universo dos observ\u00e1veis ao universo dos quantific\u00e1veis e o rigor matem\u00e1tico do conhecimento, do que resulta a desqualifica\u00e7\u00e3o (cognitiva e social) das qualidades que d\u00e3o sentido \u00e0 pr\u00e1tica ou, pelo menos, do que nelas n\u00e3o \u00e9 redut\u00edvel&rdquo;, explica. <\/p>\n<p style=\"text-align: justify;\"> \tTendo em mente esta id\u00e9ia, C\u00e9sar Favoreto conta que todo o trabalho que pretende trazer para este semin\u00e1rio baseia-se na &ldquo;discuss\u00e3o, no \u00e2mbito do ensino e da pr\u00e1tica da cl\u00ednica, da possibilidade de promover um desenvolvimento tecnol\u00f3gico que contribua para o aprofundamento da compet\u00eancia cognitiva e comunicativa e, assim, se transforme em um saber pr\u00e1tico&rdquo;. Para o tamb\u00e9m pesquisador do LAPPIS, discutir como a valoriza\u00e7\u00e3o da pr\u00e1tica pode tornar poss\u00edvel que a t\u00e9cnica se converta numa dimens\u00e3o da pr\u00e1tica e n\u00e3o, ao contr\u00e1rio, como hoje se sucede, que a pr\u00e1tica se converta numa dimens\u00e3o da t\u00e9cnica.<\/p>\n<p> \tPalestrante freq\u00fcente dos Semin\u00e1rios promovidos pelo LAPPIS, Favoreto acredita que o Laborat\u00f3rio conseguiu n\u00e3o apenas incorporar v\u00e1rios pesquisadores, mas envolver muitos trabalhadores que tiveram a possibilidade de se perceberem como possuidores e produtores de saberes. &ldquo;Al\u00e9m de <strong>permitir aos profissionais compreenderem a import\u00e2ncia destes saberes nas transforma\u00e7\u00f5es do cotidiano dos servi\u00e7os&rdquo;, concluiu. <\/strong><br \/> \t\u00a0<\/p>\n<p> \u00a0<\/p>\n","protected":false},"excerpt":{"rendered":"<div class=\"mh-excerpt\"><p style=\"text-align: justify;\"> \tApesar dos avan\u00e7os alcan\u00e7ados na discuss\u00e3o da integralidade nos \u00faltimos dez anos, a discuss\u00e3o da rela\u00e7\u00e3o entre a \u00e9tica e t\u00e9cnica, quando se pensa a pr\u00e1tica de uma cl\u00ednica integral &#8211; respons\u00e1vel com o sujeito a quem se destina, sua hist\u00f3ria, cultura e anseios &#8211; ainda carece de maior aprofundamento e aplicabilidade para os servi\u00e7os e seus profissionais. Assim, o VIII Semin\u00e1rio do Projeto Integralidade prop\u00f5e a quest\u00e3o &ldquo;\u00c9tica e T\u00e9cnica no Cuidado: \u00e9 poss\u00edvel conciliar na pr\u00e1tica educativa na sa\u00fade?&rdquo; no \u00faltimo dia do evento, visando discutir as possibilidades do tema.<\/p>\n<p>  <a class=\"mh-excerpt-more\" href=\"https:\/\/lappis.org.br\/site\/cesar-favoreto-embate-entre-tecnica-e-cuidado-permeia-discussao-no-ultimo-dia-do-viii-seminario\/2597\" title=\"C\u00e9sar Favoreto: Embate entre T\u00e9cnica e Cuidado permeia discuss\u00e3o no \u00faltimo dia do VIII Semin\u00e1rio\">[&#8230;]<\/a><\/p>\n<\/div>","protected":false},"author":1,"featured_media":0,"comment_status":"open","ping_status":"open","sticky":false,"template":"","format":"standard","meta":{"_acf_changed":false,"_exactmetrics_skip_tracking":false,"_exactmetrics_sitenote_active":false,"_exactmetrics_sitenote_note":"","_exactmetrics_sitenote_category":0,"jetpack_post_was_ever_published":false,"_jetpack_newsletter_access":"","_jetpack_dont_email_post_to_subs":false,"_jetpack_newsletter_tier_id":0,"_jetpack_memberships_contains_paywalled_content":false,"_jetpack_memberships_contains_paid_content":false,"footnotes":"","jetpack_publicize_message":"","jetpack_publicize_feature_enabled":true,"jetpack_social_post_already_shared":false,"jetpack_social_options":{"image_generator_settings":{"template":"highway","enabled":false},"version":2}},"categories":[8],"tags":[],"class_list":{"0":"post-2597","1":"post","2":"type-post","3":"status-publish","4":"format-standard","6":"category-noticia"},"jetpack_publicize_connections":[],"acf":[],"yoast_head":"<!-- This site is optimized with the Yoast SEO plugin v25.2 - https:\/\/yoast.com\/wordpress\/plugins\/seo\/ -->\n<title>C\u00e9sar Favoreto: Embate entre T\u00e9cnica e Cuidado permeia discuss\u00e3o no \u00faltimo dia do VIII Semin\u00e1rio - Lappis 25 anos<\/title>\n<meta name=\"robots\" content=\"index, follow, max-snippet:-1, max-image-preview:large, max-video-preview:-1\" \/>\n<link rel=\"canonical\" href=\"https:\/\/lappis.org.br\/site\/cesar-favoreto-embate-entre-tecnica-e-cuidado-permeia-discussao-no-ultimo-dia-do-viii-seminario\/2597\" \/>\n<meta property=\"og:locale\" content=\"pt_BR\" \/>\n<meta property=\"og:type\" content=\"article\" \/>\n<meta property=\"og:title\" content=\"C\u00e9sar Favoreto: Embate entre T\u00e9cnica e Cuidado permeia discuss\u00e3o no \u00faltimo dia do VIII Semin\u00e1rio - Lappis 25 anos\" \/>\n<meta property=\"og:description\" content=\"Apesar dos avan\u00e7os alcan\u00e7ados na discuss\u00e3o da integralidade nos \u00faltimos dez anos, a discuss\u00e3o da rela\u00e7\u00e3o entre a \u00e9tica e t\u00e9cnica, quando se pensa a pr\u00e1tica de uma cl\u00ednica integral - respons\u00e1vel com o sujeito a quem se destina, sua hist\u00f3ria, cultura e anseios - ainda carece de maior aprofundamento e aplicabilidade para os servi\u00e7os e seus profissionais. Assim, o VIII Semin\u00e1rio do Projeto Integralidade prop\u00f5e a quest\u00e3o &ldquo;\u00c9tica e T\u00e9cnica no Cuidado: \u00e9 poss\u00edvel conciliar na pr\u00e1tica educativa na sa\u00fade?&rdquo; no \u00faltimo dia do evento, visando discutir as possibilidades do tema. [...]\" \/>\n<meta property=\"og:url\" content=\"https:\/\/lappis.org.br\/site\/cesar-favoreto-embate-entre-tecnica-e-cuidado-permeia-discussao-no-ultimo-dia-do-viii-seminario\/2597\" \/>\n<meta property=\"og:site_name\" content=\"Lappis 25 anos\" \/>\n<meta property=\"article:published_time\" content=\"2008-08-05T06:00:00+00:00\" \/>\n<meta name=\"author\" content=\"fw2\" \/>\n<meta name=\"twitter:card\" content=\"summary_large_image\" \/>\n<meta name=\"twitter:label1\" content=\"Escrito por\" \/>\n\t<meta name=\"twitter:data1\" content=\"fw2\" \/>\n\t<meta name=\"twitter:label2\" content=\"Est. tempo de leitura\" \/>\n\t<meta name=\"twitter:data2\" content=\"2 minutos\" \/>\n<script type=\"application\/ld+json\" class=\"yoast-schema-graph\">{\"@context\":\"https:\/\/schema.org\",\"@graph\":[{\"@type\":\"Article\",\"@id\":\"https:\/\/lappis.org.br\/site\/cesar-favoreto-embate-entre-tecnica-e-cuidado-permeia-discussao-no-ultimo-dia-do-viii-seminario\/2597#article\",\"isPartOf\":{\"@id\":\"https:\/\/lappis.org.br\/site\/cesar-favoreto-embate-entre-tecnica-e-cuidado-permeia-discussao-no-ultimo-dia-do-viii-seminario\/2597\"},\"author\":{\"name\":\"fw2\",\"@id\":\"https:\/\/lappis.org.br\/site\/#\/schema\/person\/3852381d08284b5e2716b20bd89bdbcf\"},\"headline\":\"C\u00e9sar Favoreto: Embate entre T\u00e9cnica e Cuidado permeia discuss\u00e3o no \u00faltimo dia do VIII Semin\u00e1rio\",\"datePublished\":\"2008-08-05T06:00:00+00:00\",\"mainEntityOfPage\":{\"@id\":\"https:\/\/lappis.org.br\/site\/cesar-favoreto-embate-entre-tecnica-e-cuidado-permeia-discussao-no-ultimo-dia-do-viii-seminario\/2597\"},\"wordCount\":484,\"commentCount\":0,\"publisher\":{\"@id\":\"https:\/\/lappis.org.br\/site\/#organization\"},\"articleSection\":[\"Not\u00edcia\"],\"inLanguage\":\"pt-BR\",\"potentialAction\":[{\"@type\":\"CommentAction\",\"name\":\"Comment\",\"target\":[\"https:\/\/lappis.org.br\/site\/cesar-favoreto-embate-entre-tecnica-e-cuidado-permeia-discussao-no-ultimo-dia-do-viii-seminario\/2597#respond\"]}]},{\"@type\":\"WebPage\",\"@id\":\"https:\/\/lappis.org.br\/site\/cesar-favoreto-embate-entre-tecnica-e-cuidado-permeia-discussao-no-ultimo-dia-do-viii-seminario\/2597\",\"url\":\"https:\/\/lappis.org.br\/site\/cesar-favoreto-embate-entre-tecnica-e-cuidado-permeia-discussao-no-ultimo-dia-do-viii-seminario\/2597\",\"name\":\"C\u00e9sar Favoreto: Embate entre T\u00e9cnica e Cuidado permeia discuss\u00e3o no \u00faltimo dia do VIII Semin\u00e1rio - Lappis 25 anos\",\"isPartOf\":{\"@id\":\"https:\/\/lappis.org.br\/site\/#website\"},\"datePublished\":\"2008-08-05T06:00:00+00:00\",\"breadcrumb\":{\"@id\":\"https:\/\/lappis.org.br\/site\/cesar-favoreto-embate-entre-tecnica-e-cuidado-permeia-discussao-no-ultimo-dia-do-viii-seminario\/2597#breadcrumb\"},\"inLanguage\":\"pt-BR\",\"potentialAction\":[{\"@type\":\"ReadAction\",\"target\":[\"https:\/\/lappis.org.br\/site\/cesar-favoreto-embate-entre-tecnica-e-cuidado-permeia-discussao-no-ultimo-dia-do-viii-seminario\/2597\"]}]},{\"@type\":\"BreadcrumbList\",\"@id\":\"https:\/\/lappis.org.br\/site\/cesar-favoreto-embate-entre-tecnica-e-cuidado-permeia-discussao-no-ultimo-dia-do-viii-seminario\/2597#breadcrumb\",\"itemListElement\":[{\"@type\":\"ListItem\",\"position\":1,\"name\":\"In\u00edcio\",\"item\":\"https:\/\/lappis.org.br\/site\/\"},{\"@type\":\"ListItem\",\"position\":2,\"name\":\"C\u00e9sar Favoreto: Embate entre T\u00e9cnica e Cuidado permeia discuss\u00e3o no \u00faltimo dia do VIII Semin\u00e1rio\"}]},{\"@type\":\"WebSite\",\"@id\":\"https:\/\/lappis.org.br\/site\/#website\",\"url\":\"https:\/\/lappis.org.br\/site\/\",\"name\":\"Lappis 25 anos\",\"description\":\"Labotat\u00f3rio de Pesquisas sobre Pr\u00e1ticas de Integralidade em Sa\u00fade\",\"publisher\":{\"@id\":\"https:\/\/lappis.org.br\/site\/#organization\"},\"potentialAction\":[{\"@type\":\"SearchAction\",\"target\":{\"@type\":\"EntryPoint\",\"urlTemplate\":\"https:\/\/lappis.org.br\/site\/?s={search_term_string}\"},\"query-input\":{\"@type\":\"PropertyValueSpecification\",\"valueRequired\":true,\"valueName\":\"search_term_string\"}}],\"inLanguage\":\"pt-BR\"},{\"@type\":\"Organization\",\"@id\":\"https:\/\/lappis.org.br\/site\/#organization\",\"name\":\"Lappis 25 anos\",\"url\":\"https:\/\/lappis.org.br\/site\/\",\"logo\":{\"@type\":\"ImageObject\",\"inLanguage\":\"pt-BR\",\"@id\":\"https:\/\/lappis.org.br\/site\/#\/schema\/logo\/image\/\",\"url\":\"https:\/\/lappis.org.br\/site\/wp-content\/uploads\/2025\/03\/logo-lappis25anos.png\",\"contentUrl\":\"https:\/\/lappis.org.br\/site\/wp-content\/uploads\/2025\/03\/logo-lappis25anos.png\",\"width\":388,\"height\":146,\"caption\":\"Lappis 25 anos\"},\"image\":{\"@id\":\"https:\/\/lappis.org.br\/site\/#\/schema\/logo\/image\/\"}},{\"@type\":\"Person\",\"@id\":\"https:\/\/lappis.org.br\/site\/#\/schema\/person\/3852381d08284b5e2716b20bd89bdbcf\",\"name\":\"fw2\",\"image\":{\"@type\":\"ImageObject\",\"inLanguage\":\"pt-BR\",\"@id\":\"https:\/\/lappis.org.br\/site\/#\/schema\/person\/image\/\",\"url\":\"https:\/\/secure.gravatar.com\/avatar\/c38472c0cdbde82d9b6fcc26adb3779d?s=96&d=mm&r=g\",\"contentUrl\":\"https:\/\/secure.gravatar.com\/avatar\/c38472c0cdbde82d9b6fcc26adb3779d?s=96&d=mm&r=g\",\"caption\":\"fw2\"},\"url\":\"https:\/\/lappis.org.br\/site\/author\/fw2\"}]}<\/script>\n<!-- \/ Yoast SEO plugin. -->","yoast_head_json":{"title":"C\u00e9sar Favoreto: Embate entre T\u00e9cnica e Cuidado permeia discuss\u00e3o no \u00faltimo dia do VIII Semin\u00e1rio - Lappis 25 anos","robots":{"index":"index","follow":"follow","max-snippet":"max-snippet:-1","max-image-preview":"max-image-preview:large","max-video-preview":"max-video-preview:-1"},"canonical":"https:\/\/lappis.org.br\/site\/cesar-favoreto-embate-entre-tecnica-e-cuidado-permeia-discussao-no-ultimo-dia-do-viii-seminario\/2597","og_locale":"pt_BR","og_type":"article","og_title":"C\u00e9sar Favoreto: Embate entre T\u00e9cnica e Cuidado permeia discuss\u00e3o no \u00faltimo dia do VIII Semin\u00e1rio - Lappis 25 anos","og_description":"Apesar dos avan\u00e7os alcan\u00e7ados na discuss\u00e3o da integralidade nos \u00faltimos dez anos, a discuss\u00e3o da rela\u00e7\u00e3o entre a \u00e9tica e t\u00e9cnica, quando se pensa a pr\u00e1tica de uma cl\u00ednica integral - respons\u00e1vel com o sujeito a quem se destina, sua hist\u00f3ria, cultura e anseios - ainda carece de maior aprofundamento e aplicabilidade para os servi\u00e7os e seus profissionais. Assim, o VIII Semin\u00e1rio do Projeto Integralidade prop\u00f5e a quest\u00e3o &ldquo;\u00c9tica e T\u00e9cnica no Cuidado: \u00e9 poss\u00edvel conciliar na pr\u00e1tica educativa na sa\u00fade?&rdquo; no \u00faltimo dia do evento, visando discutir as possibilidades do tema. [...]","og_url":"https:\/\/lappis.org.br\/site\/cesar-favoreto-embate-entre-tecnica-e-cuidado-permeia-discussao-no-ultimo-dia-do-viii-seminario\/2597","og_site_name":"Lappis 25 anos","article_published_time":"2008-08-05T06:00:00+00:00","author":"fw2","twitter_card":"summary_large_image","twitter_misc":{"Escrito por":"fw2","Est. tempo de leitura":"2 minutos"},"schema":{"@context":"https:\/\/schema.org","@graph":[{"@type":"Article","@id":"https:\/\/lappis.org.br\/site\/cesar-favoreto-embate-entre-tecnica-e-cuidado-permeia-discussao-no-ultimo-dia-do-viii-seminario\/2597#article","isPartOf":{"@id":"https:\/\/lappis.org.br\/site\/cesar-favoreto-embate-entre-tecnica-e-cuidado-permeia-discussao-no-ultimo-dia-do-viii-seminario\/2597"},"author":{"name":"fw2","@id":"https:\/\/lappis.org.br\/site\/#\/schema\/person\/3852381d08284b5e2716b20bd89bdbcf"},"headline":"C\u00e9sar Favoreto: Embate entre T\u00e9cnica e Cuidado permeia discuss\u00e3o no \u00faltimo dia do VIII Semin\u00e1rio","datePublished":"2008-08-05T06:00:00+00:00","mainEntityOfPage":{"@id":"https:\/\/lappis.org.br\/site\/cesar-favoreto-embate-entre-tecnica-e-cuidado-permeia-discussao-no-ultimo-dia-do-viii-seminario\/2597"},"wordCount":484,"commentCount":0,"publisher":{"@id":"https:\/\/lappis.org.br\/site\/#organization"},"articleSection":["Not\u00edcia"],"inLanguage":"pt-BR","potentialAction":[{"@type":"CommentAction","name":"Comment","target":["https:\/\/lappis.org.br\/site\/cesar-favoreto-embate-entre-tecnica-e-cuidado-permeia-discussao-no-ultimo-dia-do-viii-seminario\/2597#respond"]}]},{"@type":"WebPage","@id":"https:\/\/lappis.org.br\/site\/cesar-favoreto-embate-entre-tecnica-e-cuidado-permeia-discussao-no-ultimo-dia-do-viii-seminario\/2597","url":"https:\/\/lappis.org.br\/site\/cesar-favoreto-embate-entre-tecnica-e-cuidado-permeia-discussao-no-ultimo-dia-do-viii-seminario\/2597","name":"C\u00e9sar Favoreto: Embate entre T\u00e9cnica e Cuidado permeia discuss\u00e3o no \u00faltimo dia do VIII Semin\u00e1rio - Lappis 25 anos","isPartOf":{"@id":"https:\/\/lappis.org.br\/site\/#website"},"datePublished":"2008-08-05T06:00:00+00:00","breadcrumb":{"@id":"https:\/\/lappis.org.br\/site\/cesar-favoreto-embate-entre-tecnica-e-cuidado-permeia-discussao-no-ultimo-dia-do-viii-seminario\/2597#breadcrumb"},"inLanguage":"pt-BR","potentialAction":[{"@type":"ReadAction","target":["https:\/\/lappis.org.br\/site\/cesar-favoreto-embate-entre-tecnica-e-cuidado-permeia-discussao-no-ultimo-dia-do-viii-seminario\/2597"]}]},{"@type":"BreadcrumbList","@id":"https:\/\/lappis.org.br\/site\/cesar-favoreto-embate-entre-tecnica-e-cuidado-permeia-discussao-no-ultimo-dia-do-viii-seminario\/2597#breadcrumb","itemListElement":[{"@type":"ListItem","position":1,"name":"In\u00edcio","item":"https:\/\/lappis.org.br\/site\/"},{"@type":"ListItem","position":2,"name":"C\u00e9sar Favoreto: Embate entre T\u00e9cnica e Cuidado permeia discuss\u00e3o no \u00faltimo dia do VIII Semin\u00e1rio"}]},{"@type":"WebSite","@id":"https:\/\/lappis.org.br\/site\/#website","url":"https:\/\/lappis.org.br\/site\/","name":"Lappis 25 anos","description":"Labotat\u00f3rio de Pesquisas sobre Pr\u00e1ticas de Integralidade em Sa\u00fade","publisher":{"@id":"https:\/\/lappis.org.br\/site\/#organization"},"potentialAction":[{"@type":"SearchAction","target":{"@type":"EntryPoint","urlTemplate":"https:\/\/lappis.org.br\/site\/?s={search_term_string}"},"query-input":{"@type":"PropertyValueSpecification","valueRequired":true,"valueName":"search_term_string"}}],"inLanguage":"pt-BR"},{"@type":"Organization","@id":"https:\/\/lappis.org.br\/site\/#organization","name":"Lappis 25 anos","url":"https:\/\/lappis.org.br\/site\/","logo":{"@type":"ImageObject","inLanguage":"pt-BR","@id":"https:\/\/lappis.org.br\/site\/#\/schema\/logo\/image\/","url":"https:\/\/lappis.org.br\/site\/wp-content\/uploads\/2025\/03\/logo-lappis25anos.png","contentUrl":"https:\/\/lappis.org.br\/site\/wp-content\/uploads\/2025\/03\/logo-lappis25anos.png","width":388,"height":146,"caption":"Lappis 25 anos"},"image":{"@id":"https:\/\/lappis.org.br\/site\/#\/schema\/logo\/image\/"}},{"@type":"Person","@id":"https:\/\/lappis.org.br\/site\/#\/schema\/person\/3852381d08284b5e2716b20bd89bdbcf","name":"fw2","image":{"@type":"ImageObject","inLanguage":"pt-BR","@id":"https:\/\/lappis.org.br\/site\/#\/schema\/person\/image\/","url":"https:\/\/secure.gravatar.com\/avatar\/c38472c0cdbde82d9b6fcc26adb3779d?s=96&d=mm&r=g","contentUrl":"https:\/\/secure.gravatar.com\/avatar\/c38472c0cdbde82d9b6fcc26adb3779d?s=96&d=mm&r=g","caption":"fw2"},"url":"https:\/\/lappis.org.br\/site\/author\/fw2"}]}},"jetpack_featured_media_url":"","jetpack_shortlink":"https:\/\/wp.me\/p954Nh-FT","jetpack_sharing_enabled":true,"_links":{"self":[{"href":"https:\/\/lappis.org.br\/site\/wp-json\/wp\/v2\/posts\/2597"}],"collection":[{"href":"https:\/\/lappis.org.br\/site\/wp-json\/wp\/v2\/posts"}],"about":[{"href":"https:\/\/lappis.org.br\/site\/wp-json\/wp\/v2\/types\/post"}],"author":[{"embeddable":true,"href":"https:\/\/lappis.org.br\/site\/wp-json\/wp\/v2\/users\/1"}],"replies":[{"embeddable":true,"href":"https:\/\/lappis.org.br\/site\/wp-json\/wp\/v2\/comments?post=2597"}],"version-history":[{"count":0,"href":"https:\/\/lappis.org.br\/site\/wp-json\/wp\/v2\/posts\/2597\/revisions"}],"wp:attachment":[{"href":"https:\/\/lappis.org.br\/site\/wp-json\/wp\/v2\/media?parent=2597"}],"wp:term":[{"taxonomy":"category","embeddable":true,"href":"https:\/\/lappis.org.br\/site\/wp-json\/wp\/v2\/categories?post=2597"},{"taxonomy":"post_tag","embeddable":true,"href":"https:\/\/lappis.org.br\/site\/wp-json\/wp\/v2\/tags?post=2597"}],"curies":[{"name":"wp","href":"https:\/\/api.w.org\/{rel}","templated":true}]}}