{"id":2596,"date":"2008-08-05T03:00:00","date_gmt":"2008-08-05T06:00:00","guid":{"rendered":"http:\/\/lappis.org.br\/site\/2008\/08\/05\/viii-seminario-do-projeto-integralidade-cuidar-do-cuidado-responsabilidade-com-integralidade-das-acoes-de-saude-20-anos-do-sus-constitucional\/"},"modified":"2008-08-05T03:00:00","modified_gmt":"2008-08-05T06:00:00","slug":"viii-seminario-do-projeto-integralidade-cuidar-do-cuidado-responsabilidade-com-integralidade-das-acoes-de-saude-20-anos-do-sus-constitucional","status":"publish","type":"post","link":"https:\/\/lappis.org.br\/site\/viii-seminario-do-projeto-integralidade-cuidar-do-cuidado-responsabilidade-com-integralidade-das-acoes-de-saude-20-anos-do-sus-constitucional\/2596","title":{"rendered":"VIII Semin\u00e1rio do Projeto Integralidade: \u201cCuidar do cuidado: responsabilidade com integralidade das a\u00e7\u00f5es de sa\u00fade \u2013 20 anos do SUS constitucional\u201d"},"content":{"rendered":"<p style=\"text-align: justify;\"> \tEm foco,\u00a0discuss\u00f5es\u00a0a respeito de necessidades de investimento na capacita\u00e7\u00e3o de estudantes que ser\u00e3o futuros cuidadores, sem deixar de mencionar a dificuldade existente em perceber que cuidar \u00e9 diferente de tratar.<\/p>\n<p style=\"text-align: justify;\"> \tPara otimizar as pesquisas e comemorar os 20 anos da implanta\u00e7\u00e3o do SUS &ndash; Sistema \u00danico de Sa\u00fade, o LAPPIS ir\u00e1 promover, nos dias 10, 11 e 12 de setembro de 2008, o <em>VIII Semin\u00e1rio do Projeto Integralidade,<\/em> que tem como tema: &ldquo;Cuidar do cuidado: responsabilidade com a integralidade das a\u00e7\u00f5es de sa\u00fade &ndash; 20 anos do SUS constitucional&rdquo;. O evento ter\u00e1 por objetivo a apresenta\u00e7\u00e3o de discuss\u00f5es acad\u00eamicas pertinentes ao assunto, e buscar\u00e1 motivar a comunidade cient\u00edfica a refletir a respeito das pr\u00e1ticas profissionais exercidas e a atua\u00e7\u00e3o de gestores dentro dos temas que ser\u00e3o colocados. O semin\u00e1rio ter\u00e1 mesas-redondas que possibilitar\u00e3o contatos interdisciplinares saud\u00e1veis e inovadores, dando subs\u00eddio para que se tenha interface institucional, e que apresentar\u00e3o publica\u00e7\u00f5es no campo do cuidado, pol\u00edtica de sa\u00fade, gest\u00e3o e ensino.<\/p>\n<p> \tA confer\u00eancia de abertura ficar\u00e1 a cargo da professora Madel Luz, que vai discorrer sobre a import\u00e2ncia do cuidado e dos desafios \u00e9ticos e pedag\u00f3gicos na sa\u00fade, principalmente na rela\u00e7\u00e3o entre profissionais e usu\u00e1rios. Al\u00e9m disso, ser\u00e3o discutidas as necessidades de investimento na capacita\u00e7\u00e3o de estudantes que ser\u00e3o futuros cuidadores, sem deixar de mencionar a dificuldade existente em perceber que cuidar \u00e9 diferente de tratar.<\/p>\n<p> \tAp\u00f3s a confer\u00eancia de abertura, ter\u00e1 in\u00edcio a mesa-redonda: &ldquo;Responsabilidade e decis\u00e3o no cuidado: \u00e9 poss\u00edvel fundar um <em>ethos<\/em> p\u00fablico na sa\u00fade?&rdquo;. Sobre este assunto, os expositores Beth\u00e2nia Assy (Direito-UERJ), Felipe Dutra Asensi (IUPERJ-FGV) e Eduardo Stotz (ENSP-Fiocruz) v\u00e3o discutir pol\u00edticas inovadoras e apresentar questionamentos a respeito da tem\u00e1tica de responsabilidade e cuidados.<\/p>\n<p> \tNo segundo dia de semin\u00e1rio, os expositores Jos\u00e9 Ricardo Ayres (Medicina-USP), Carlos Estellita-Lins (IFF-Fiocruz), Maria Elizabeth Barros de Barros (PPGPSI-UFES) e Antonio Maia (PUC e UERJ) far\u00e3o parte da primeira mesa-redonda do dia, que ter\u00e1 como tema: &ldquo;O Outro como a face do cuidado: \u00e9 poss\u00edvel manter uma rela\u00e7\u00e3o de si com o Outro?&rdquo;. Aqui os pesquisadores v\u00e3o explorar a quest\u00e3o do cuidar e a percep\u00e7\u00e3o do pr\u00f3ximo como uma dimens\u00e3o a ser respeitada.<br \/> \tPosteriormente, o debate com a tem\u00e1tica &ldquo;Busca por cuidado como um condicionante de sa\u00fade: \u00e9 poss\u00edvel considerar a escolha do usu\u00e1rio na redefini\u00e7\u00e3o das a\u00e7\u00f5es de sa\u00fade?&rdquo; trar\u00e1 os pesquisadores Paulo Henrique Martins (DCS-UFPE\/Nucem), Tatiana Gerhardt (Enfermagem-UFRGS), Alda Lacerda (EPSJV-Fiocruz) e Octavio Bonet (IFCHS-UFJF), que discutir\u00e3o a import\u00e2ncia do cuidado na medicina social.<\/p>\n<p> \tNo terceiro e \u00faltimo dia de evento, os expositores C\u00e9sar Favoreto (FCM-UERJ), Ana Heckert (PPGPSI-UFES), Elysangela Dittz (Hospital Sofia Feldman-BH), Lilian Koifman (ISC-UFF) e Isabel Brasil (EPSJV-Fiocruz) discorrem sobre &ldquo;\u00c9tica e t\u00e9cnica no cuidado: \u00e9 poss\u00edvel conciliar na pr\u00e1tica educativa na sa\u00fade?&rdquo;. A rela\u00e7\u00e3o entre \u00e9tica e t\u00e9cnica ser\u00e1 abordada como processos n\u00e3o dissoci\u00e1veis nas pr\u00e1ticas de cuidado. O debate proposto aponta a t\u00e9cnica como um vetor de subjetiva\u00e7\u00e3o.<br \/> \t\u00a0<br \/> \tE por fim, na \u00faltima mesa-redonda do semin\u00e1rio, o tema &ldquo;Responsabilidade sanit\u00e1ria: \u00e9 poss\u00edvel definir o tamanho da integralidade no cuidado nos servi\u00e7os p\u00fablicos e privados?&rdquo; ser\u00e1 debatido por Aluisio Gomes da Silva Jr. (ISC-UFF), Cristiani Vieira (ENSP-Fiocruz), Angela Salton Rotunno (MPF-RS) e por representantes do Conselho Nacional de Secret\u00e1rios Estaduais de Sa\u00fade e da Ag\u00eancia Nacional de Sa\u00fade, respectivamente.<br \/> \t\u00a0<br \/> \tAs inscri\u00e7\u00f5es foram prorrogadas at\u00e9 o dia 25 de agosto<\/p>\n","protected":false},"excerpt":{"rendered":"<div class=\"mh-excerpt\"><p style=\"text-align: justify;\"> \tEm foco,\u00a0discuss\u00f5es\u00a0a respeito de necessidades de investimento na capacita\u00e7\u00e3o de estudantes que ser\u00e3o futuros cuidadores, sem deixar de mencionar a dificuldade existente em perceber que cuidar \u00e9 diferente de tratar.<\/p>\n<p>  <a class=\"mh-excerpt-more\" href=\"https:\/\/lappis.org.br\/site\/viii-seminario-do-projeto-integralidade-cuidar-do-cuidado-responsabilidade-com-integralidade-das-acoes-de-saude-20-anos-do-sus-constitucional\/2596\" title=\"VIII Semin\u00e1rio do Projeto Integralidade: \u201cCuidar do cuidado: responsabilidade com integralidade das a\u00e7\u00f5es de sa\u00fade \u2013 20 anos do SUS constitucional\u201d\">[&#8230;]<\/a><\/p>\n<\/div>","protected":false},"author":1,"featured_media":0,"comment_status":"open","ping_status":"open","sticky":false,"template":"","format":"standard","meta":{"_acf_changed":false,"_exactmetrics_skip_tracking":false,"_exactmetrics_sitenote_active":false,"_exactmetrics_sitenote_note":"","_exactmetrics_sitenote_category":0,"jetpack_post_was_ever_published":false,"_jetpack_newsletter_access":"","_jetpack_dont_email_post_to_subs":false,"_jetpack_newsletter_tier_id":0,"_jetpack_memberships_contains_paywalled_content":false,"_jetpack_memberships_contains_paid_content":false,"footnotes":"","jetpack_publicize_message":"","jetpack_publicize_feature_enabled":true,"jetpack_social_post_already_shared":false,"jetpack_social_options":{"image_generator_settings":{"template":"highway","enabled":false},"version":2}},"categories":[8],"tags":[],"class_list":{"0":"post-2596","1":"post","2":"type-post","3":"status-publish","4":"format-standard","6":"category-noticia"},"jetpack_publicize_connections":[],"acf":[],"yoast_head":"<!-- This site is optimized with the Yoast SEO plugin v25.2 - https:\/\/yoast.com\/wordpress\/plugins\/seo\/ -->\n<title>VIII Semin\u00e1rio do Projeto Integralidade: \u201cCuidar do cuidado: responsabilidade com integralidade das a\u00e7\u00f5es de sa\u00fade \u2013 20 anos do SUS constitucional\u201d - Lappis 25 anos<\/title>\n<meta name=\"robots\" content=\"index, follow, max-snippet:-1, max-image-preview:large, max-video-preview:-1\" \/>\n<link rel=\"canonical\" href=\"https:\/\/lappis.org.br\/site\/viii-seminario-do-projeto-integralidade-cuidar-do-cuidado-responsabilidade-com-integralidade-das-acoes-de-saude-20-anos-do-sus-constitucional\/2596\" \/>\n<meta property=\"og:locale\" content=\"pt_BR\" \/>\n<meta property=\"og:type\" content=\"article\" \/>\n<meta property=\"og:title\" content=\"VIII Semin\u00e1rio do Projeto Integralidade: \u201cCuidar do cuidado: responsabilidade com integralidade das a\u00e7\u00f5es de sa\u00fade \u2013 20 anos do SUS constitucional\u201d - Lappis 25 anos\" \/>\n<meta property=\"og:description\" content=\"Em foco,\u00a0discuss\u00f5es\u00a0a respeito de necessidades de investimento na capacita\u00e7\u00e3o de estudantes que ser\u00e3o futuros cuidadores, sem deixar de mencionar a dificuldade existente em perceber que cuidar \u00e9 diferente de tratar. [...]\" \/>\n<meta property=\"og:url\" content=\"https:\/\/lappis.org.br\/site\/viii-seminario-do-projeto-integralidade-cuidar-do-cuidado-responsabilidade-com-integralidade-das-acoes-de-saude-20-anos-do-sus-constitucional\/2596\" \/>\n<meta property=\"og:site_name\" content=\"Lappis 25 anos\" \/>\n<meta property=\"article:published_time\" content=\"2008-08-05T06:00:00+00:00\" \/>\n<meta name=\"author\" content=\"fw2\" \/>\n<meta name=\"twitter:card\" content=\"summary_large_image\" \/>\n<meta name=\"twitter:label1\" content=\"Escrito por\" \/>\n\t<meta name=\"twitter:data1\" content=\"fw2\" \/>\n\t<meta name=\"twitter:label2\" content=\"Est. tempo de leitura\" \/>\n\t<meta name=\"twitter:data2\" content=\"3 minutos\" \/>\n<script type=\"application\/ld+json\" class=\"yoast-schema-graph\">{\"@context\":\"https:\/\/schema.org\",\"@graph\":[{\"@type\":\"Article\",\"@id\":\"https:\/\/lappis.org.br\/site\/viii-seminario-do-projeto-integralidade-cuidar-do-cuidado-responsabilidade-com-integralidade-das-acoes-de-saude-20-anos-do-sus-constitucional\/2596#article\",\"isPartOf\":{\"@id\":\"https:\/\/lappis.org.br\/site\/viii-seminario-do-projeto-integralidade-cuidar-do-cuidado-responsabilidade-com-integralidade-das-acoes-de-saude-20-anos-do-sus-constitucional\/2596\"},\"author\":{\"name\":\"fw2\",\"@id\":\"https:\/\/lappis.org.br\/site\/#\/schema\/person\/3852381d08284b5e2716b20bd89bdbcf\"},\"headline\":\"VIII Semin\u00e1rio do Projeto Integralidade: \u201cCuidar do cuidado: responsabilidade com integralidade das a\u00e7\u00f5es de sa\u00fade \u2013 20 anos do SUS constitucional\u201d\",\"datePublished\":\"2008-08-05T06:00:00+00:00\",\"mainEntityOfPage\":{\"@id\":\"https:\/\/lappis.org.br\/site\/viii-seminario-do-projeto-integralidade-cuidar-do-cuidado-responsabilidade-com-integralidade-das-acoes-de-saude-20-anos-do-sus-constitucional\/2596\"},\"wordCount\":652,\"commentCount\":0,\"publisher\":{\"@id\":\"https:\/\/lappis.org.br\/site\/#organization\"},\"articleSection\":[\"Not\u00edcia\"],\"inLanguage\":\"pt-BR\",\"potentialAction\":[{\"@type\":\"CommentAction\",\"name\":\"Comment\",\"target\":[\"https:\/\/lappis.org.br\/site\/viii-seminario-do-projeto-integralidade-cuidar-do-cuidado-responsabilidade-com-integralidade-das-acoes-de-saude-20-anos-do-sus-constitucional\/2596#respond\"]}]},{\"@type\":\"WebPage\",\"@id\":\"https:\/\/lappis.org.br\/site\/viii-seminario-do-projeto-integralidade-cuidar-do-cuidado-responsabilidade-com-integralidade-das-acoes-de-saude-20-anos-do-sus-constitucional\/2596\",\"url\":\"https:\/\/lappis.org.br\/site\/viii-seminario-do-projeto-integralidade-cuidar-do-cuidado-responsabilidade-com-integralidade-das-acoes-de-saude-20-anos-do-sus-constitucional\/2596\",\"name\":\"VIII Semin\u00e1rio do Projeto Integralidade: \u201cCuidar do cuidado: responsabilidade com integralidade das a\u00e7\u00f5es de sa\u00fade \u2013 20 anos do SUS constitucional\u201d - Lappis 25 anos\",\"isPartOf\":{\"@id\":\"https:\/\/lappis.org.br\/site\/#website\"},\"datePublished\":\"2008-08-05T06:00:00+00:00\",\"breadcrumb\":{\"@id\":\"https:\/\/lappis.org.br\/site\/viii-seminario-do-projeto-integralidade-cuidar-do-cuidado-responsabilidade-com-integralidade-das-acoes-de-saude-20-anos-do-sus-constitucional\/2596#breadcrumb\"},\"inLanguage\":\"pt-BR\",\"potentialAction\":[{\"@type\":\"ReadAction\",\"target\":[\"https:\/\/lappis.org.br\/site\/viii-seminario-do-projeto-integralidade-cuidar-do-cuidado-responsabilidade-com-integralidade-das-acoes-de-saude-20-anos-do-sus-constitucional\/2596\"]}]},{\"@type\":\"BreadcrumbList\",\"@id\":\"https:\/\/lappis.org.br\/site\/viii-seminario-do-projeto-integralidade-cuidar-do-cuidado-responsabilidade-com-integralidade-das-acoes-de-saude-20-anos-do-sus-constitucional\/2596#breadcrumb\",\"itemListElement\":[{\"@type\":\"ListItem\",\"position\":1,\"name\":\"In\u00edcio\",\"item\":\"https:\/\/lappis.org.br\/site\/\"},{\"@type\":\"ListItem\",\"position\":2,\"name\":\"VIII Semin\u00e1rio do Projeto Integralidade: \u201cCuidar do cuidado: responsabilidade com integralidade das a\u00e7\u00f5es de sa\u00fade \u2013 20 anos do SUS constitucional\u201d\"}]},{\"@type\":\"WebSite\",\"@id\":\"https:\/\/lappis.org.br\/site\/#website\",\"url\":\"https:\/\/lappis.org.br\/site\/\",\"name\":\"Lappis 25 anos\",\"description\":\"Labotat\u00f3rio de Pesquisas sobre Pr\u00e1ticas de Integralidade em Sa\u00fade\",\"publisher\":{\"@id\":\"https:\/\/lappis.org.br\/site\/#organization\"},\"potentialAction\":[{\"@type\":\"SearchAction\",\"target\":{\"@type\":\"EntryPoint\",\"urlTemplate\":\"https:\/\/lappis.org.br\/site\/?s={search_term_string}\"},\"query-input\":{\"@type\":\"PropertyValueSpecification\",\"valueRequired\":true,\"valueName\":\"search_term_string\"}}],\"inLanguage\":\"pt-BR\"},{\"@type\":\"Organization\",\"@id\":\"https:\/\/lappis.org.br\/site\/#organization\",\"name\":\"Lappis 25 anos\",\"url\":\"https:\/\/lappis.org.br\/site\/\",\"logo\":{\"@type\":\"ImageObject\",\"inLanguage\":\"pt-BR\",\"@id\":\"https:\/\/lappis.org.br\/site\/#\/schema\/logo\/image\/\",\"url\":\"https:\/\/lappis.org.br\/site\/wp-content\/uploads\/2025\/03\/logo-lappis25anos.png\",\"contentUrl\":\"https:\/\/lappis.org.br\/site\/wp-content\/uploads\/2025\/03\/logo-lappis25anos.png\",\"width\":388,\"height\":146,\"caption\":\"Lappis 25 anos\"},\"image\":{\"@id\":\"https:\/\/lappis.org.br\/site\/#\/schema\/logo\/image\/\"}},{\"@type\":\"Person\",\"@id\":\"https:\/\/lappis.org.br\/site\/#\/schema\/person\/3852381d08284b5e2716b20bd89bdbcf\",\"name\":\"fw2\",\"image\":{\"@type\":\"ImageObject\",\"inLanguage\":\"pt-BR\",\"@id\":\"https:\/\/lappis.org.br\/site\/#\/schema\/person\/image\/\",\"url\":\"https:\/\/secure.gravatar.com\/avatar\/c38472c0cdbde82d9b6fcc26adb3779d?s=96&d=mm&r=g\",\"contentUrl\":\"https:\/\/secure.gravatar.com\/avatar\/c38472c0cdbde82d9b6fcc26adb3779d?s=96&d=mm&r=g\",\"caption\":\"fw2\"},\"url\":\"https:\/\/lappis.org.br\/site\/author\/fw2\"}]}<\/script>\n<!-- \/ Yoast SEO plugin. -->","yoast_head_json":{"title":"VIII Semin\u00e1rio do Projeto Integralidade: \u201cCuidar do cuidado: responsabilidade com integralidade das a\u00e7\u00f5es de sa\u00fade \u2013 20 anos do SUS constitucional\u201d - Lappis 25 anos","robots":{"index":"index","follow":"follow","max-snippet":"max-snippet:-1","max-image-preview":"max-image-preview:large","max-video-preview":"max-video-preview:-1"},"canonical":"https:\/\/lappis.org.br\/site\/viii-seminario-do-projeto-integralidade-cuidar-do-cuidado-responsabilidade-com-integralidade-das-acoes-de-saude-20-anos-do-sus-constitucional\/2596","og_locale":"pt_BR","og_type":"article","og_title":"VIII Semin\u00e1rio do Projeto Integralidade: \u201cCuidar do cuidado: responsabilidade com integralidade das a\u00e7\u00f5es de sa\u00fade \u2013 20 anos do SUS constitucional\u201d - Lappis 25 anos","og_description":"Em foco,\u00a0discuss\u00f5es\u00a0a respeito de necessidades de investimento na capacita\u00e7\u00e3o de estudantes que ser\u00e3o futuros cuidadores, sem deixar de mencionar a dificuldade existente em perceber que cuidar \u00e9 diferente de tratar. [...]","og_url":"https:\/\/lappis.org.br\/site\/viii-seminario-do-projeto-integralidade-cuidar-do-cuidado-responsabilidade-com-integralidade-das-acoes-de-saude-20-anos-do-sus-constitucional\/2596","og_site_name":"Lappis 25 anos","article_published_time":"2008-08-05T06:00:00+00:00","author":"fw2","twitter_card":"summary_large_image","twitter_misc":{"Escrito por":"fw2","Est. tempo de leitura":"3 minutos"},"schema":{"@context":"https:\/\/schema.org","@graph":[{"@type":"Article","@id":"https:\/\/lappis.org.br\/site\/viii-seminario-do-projeto-integralidade-cuidar-do-cuidado-responsabilidade-com-integralidade-das-acoes-de-saude-20-anos-do-sus-constitucional\/2596#article","isPartOf":{"@id":"https:\/\/lappis.org.br\/site\/viii-seminario-do-projeto-integralidade-cuidar-do-cuidado-responsabilidade-com-integralidade-das-acoes-de-saude-20-anos-do-sus-constitucional\/2596"},"author":{"name":"fw2","@id":"https:\/\/lappis.org.br\/site\/#\/schema\/person\/3852381d08284b5e2716b20bd89bdbcf"},"headline":"VIII Semin\u00e1rio do Projeto Integralidade: \u201cCuidar do cuidado: responsabilidade com integralidade das a\u00e7\u00f5es de sa\u00fade \u2013 20 anos do SUS constitucional\u201d","datePublished":"2008-08-05T06:00:00+00:00","mainEntityOfPage":{"@id":"https:\/\/lappis.org.br\/site\/viii-seminario-do-projeto-integralidade-cuidar-do-cuidado-responsabilidade-com-integralidade-das-acoes-de-saude-20-anos-do-sus-constitucional\/2596"},"wordCount":652,"commentCount":0,"publisher":{"@id":"https:\/\/lappis.org.br\/site\/#organization"},"articleSection":["Not\u00edcia"],"inLanguage":"pt-BR","potentialAction":[{"@type":"CommentAction","name":"Comment","target":["https:\/\/lappis.org.br\/site\/viii-seminario-do-projeto-integralidade-cuidar-do-cuidado-responsabilidade-com-integralidade-das-acoes-de-saude-20-anos-do-sus-constitucional\/2596#respond"]}]},{"@type":"WebPage","@id":"https:\/\/lappis.org.br\/site\/viii-seminario-do-projeto-integralidade-cuidar-do-cuidado-responsabilidade-com-integralidade-das-acoes-de-saude-20-anos-do-sus-constitucional\/2596","url":"https:\/\/lappis.org.br\/site\/viii-seminario-do-projeto-integralidade-cuidar-do-cuidado-responsabilidade-com-integralidade-das-acoes-de-saude-20-anos-do-sus-constitucional\/2596","name":"VIII Semin\u00e1rio do Projeto Integralidade: \u201cCuidar do cuidado: responsabilidade com integralidade das a\u00e7\u00f5es de sa\u00fade \u2013 20 anos do SUS constitucional\u201d - Lappis 25 anos","isPartOf":{"@id":"https:\/\/lappis.org.br\/site\/#website"},"datePublished":"2008-08-05T06:00:00+00:00","breadcrumb":{"@id":"https:\/\/lappis.org.br\/site\/viii-seminario-do-projeto-integralidade-cuidar-do-cuidado-responsabilidade-com-integralidade-das-acoes-de-saude-20-anos-do-sus-constitucional\/2596#breadcrumb"},"inLanguage":"pt-BR","potentialAction":[{"@type":"ReadAction","target":["https:\/\/lappis.org.br\/site\/viii-seminario-do-projeto-integralidade-cuidar-do-cuidado-responsabilidade-com-integralidade-das-acoes-de-saude-20-anos-do-sus-constitucional\/2596"]}]},{"@type":"BreadcrumbList","@id":"https:\/\/lappis.org.br\/site\/viii-seminario-do-projeto-integralidade-cuidar-do-cuidado-responsabilidade-com-integralidade-das-acoes-de-saude-20-anos-do-sus-constitucional\/2596#breadcrumb","itemListElement":[{"@type":"ListItem","position":1,"name":"In\u00edcio","item":"https:\/\/lappis.org.br\/site\/"},{"@type":"ListItem","position":2,"name":"VIII Semin\u00e1rio do Projeto Integralidade: \u201cCuidar do cuidado: responsabilidade com integralidade das a\u00e7\u00f5es de sa\u00fade \u2013 20 anos do SUS constitucional\u201d"}]},{"@type":"WebSite","@id":"https:\/\/lappis.org.br\/site\/#website","url":"https:\/\/lappis.org.br\/site\/","name":"Lappis 25 anos","description":"Labotat\u00f3rio de Pesquisas sobre Pr\u00e1ticas de Integralidade em Sa\u00fade","publisher":{"@id":"https:\/\/lappis.org.br\/site\/#organization"},"potentialAction":[{"@type":"SearchAction","target":{"@type":"EntryPoint","urlTemplate":"https:\/\/lappis.org.br\/site\/?s={search_term_string}"},"query-input":{"@type":"PropertyValueSpecification","valueRequired":true,"valueName":"search_term_string"}}],"inLanguage":"pt-BR"},{"@type":"Organization","@id":"https:\/\/lappis.org.br\/site\/#organization","name":"Lappis 25 anos","url":"https:\/\/lappis.org.br\/site\/","logo":{"@type":"ImageObject","inLanguage":"pt-BR","@id":"https:\/\/lappis.org.br\/site\/#\/schema\/logo\/image\/","url":"https:\/\/lappis.org.br\/site\/wp-content\/uploads\/2025\/03\/logo-lappis25anos.png","contentUrl":"https:\/\/lappis.org.br\/site\/wp-content\/uploads\/2025\/03\/logo-lappis25anos.png","width":388,"height":146,"caption":"Lappis 25 anos"},"image":{"@id":"https:\/\/lappis.org.br\/site\/#\/schema\/logo\/image\/"}},{"@type":"Person","@id":"https:\/\/lappis.org.br\/site\/#\/schema\/person\/3852381d08284b5e2716b20bd89bdbcf","name":"fw2","image":{"@type":"ImageObject","inLanguage":"pt-BR","@id":"https:\/\/lappis.org.br\/site\/#\/schema\/person\/image\/","url":"https:\/\/secure.gravatar.com\/avatar\/c38472c0cdbde82d9b6fcc26adb3779d?s=96&d=mm&r=g","contentUrl":"https:\/\/secure.gravatar.com\/avatar\/c38472c0cdbde82d9b6fcc26adb3779d?s=96&d=mm&r=g","caption":"fw2"},"url":"https:\/\/lappis.org.br\/site\/author\/fw2"}]}},"jetpack_featured_media_url":"","jetpack_shortlink":"https:\/\/wp.me\/p954Nh-FS","jetpack_sharing_enabled":true,"_links":{"self":[{"href":"https:\/\/lappis.org.br\/site\/wp-json\/wp\/v2\/posts\/2596"}],"collection":[{"href":"https:\/\/lappis.org.br\/site\/wp-json\/wp\/v2\/posts"}],"about":[{"href":"https:\/\/lappis.org.br\/site\/wp-json\/wp\/v2\/types\/post"}],"author":[{"embeddable":true,"href":"https:\/\/lappis.org.br\/site\/wp-json\/wp\/v2\/users\/1"}],"replies":[{"embeddable":true,"href":"https:\/\/lappis.org.br\/site\/wp-json\/wp\/v2\/comments?post=2596"}],"version-history":[{"count":0,"href":"https:\/\/lappis.org.br\/site\/wp-json\/wp\/v2\/posts\/2596\/revisions"}],"wp:attachment":[{"href":"https:\/\/lappis.org.br\/site\/wp-json\/wp\/v2\/media?parent=2596"}],"wp:term":[{"taxonomy":"category","embeddable":true,"href":"https:\/\/lappis.org.br\/site\/wp-json\/wp\/v2\/categories?post=2596"},{"taxonomy":"post_tag","embeddable":true,"href":"https:\/\/lappis.org.br\/site\/wp-json\/wp\/v2\/tags?post=2596"}],"curies":[{"name":"wp","href":"https:\/\/api.w.org\/{rel}","templated":true}]}}