{"id":2595,"date":"2008-08-05T03:00:00","date_gmt":"2008-08-05T06:00:00","guid":{"rendered":"http:\/\/lappis.org.br\/site\/2008\/08\/05\/responsabilidade-com-a-integralidade-afinal-do-que-se-trata\/"},"modified":"2008-08-05T03:00:00","modified_gmt":"2008-08-05T06:00:00","slug":"responsabilidade-com-a-integralidade-afinal-do-que-se-trata","status":"publish","type":"post","link":"https:\/\/lappis.org.br\/site\/responsabilidade-com-a-integralidade-afinal-do-que-se-trata\/2595","title":{"rendered":"Responsabilidade com a integralidade: afinal, do que se trata?"},"content":{"rendered":"<p style=\"text-align: justify;\"> \tA busca por inova\u00e7\u00f5es dentro de uma perspectiva de produ\u00e7\u00e3o de conhecimento e forma\u00e7\u00e3o dos trabalhadores na sa\u00fade \u00e9 o principal intuito do LAPPIS. Nesses oito anos do projeto, a meta consiste em incentivar os trabalhos na \u00e1rea da pesquisa e atua\u00e7\u00e3o profissional, al\u00e9m de apresentar id\u00e9ias no campo da pr\u00e1tica da integralidade, aliado a pesquisas em hospitais e para profissionais da \u00e1rea no trato da popula\u00e7\u00e3o.<\/p>\n<p>   Para otimizar as pesquisas e comemorar os 20 anos da implanta\u00e7\u00e3o do SUS &ndash; Sistema \u00danico de Sa\u00fade, o LAPPIS ir\u00e1 promover, nos dias 10, 11 e 12 de setembro de 2008, o <em>VIII Semin\u00e1rio do Projeto Integralidade,<\/em> que tem como tema: &ldquo;Cuidar do cuidado: responsabilidade com a integralidade das a\u00e7\u00f5es de sa\u00fade &ndash; 20 anos do SUS constitucional&rdquo;. O evento ter\u00e1 por objetivo a apresenta\u00e7\u00e3o de discuss\u00f5es acad\u00eamicas pertinentes ao assunto, e buscar\u00e1 motivar a comunidade cient\u00edfica a refletir a respeito das pr\u00e1ticas profissionais exercidas e a atua\u00e7\u00e3o de gestores dentro dos temas que ser\u00e3o colocados. O semin\u00e1rio ter\u00e1 mesas-redondas que possibilitar\u00e3o contatos interdisciplinares saud\u00e1veis e inovadores, dando subs\u00eddio para que se tenha interface institucional, e que apresentar\u00e3o publica\u00e7\u00f5es no campo do cuidado, pol\u00edtica de sa\u00fade, gest\u00e3o e ensino. <\/p>\n<p style=\"text-align: justify;\"> \tEnt\u00e3o afinal, como \u00e9 a rela\u00e7\u00e3o entre estes dois conceitos atualmente t\u00e3o presentes no debate atual na sa\u00fade p\u00fablica e coletiva no pa\u00eds?<\/p>\n<p> \tPara a pesquisadora Ana Heckert, docente da Universidade Federal do Esp\u00edrito Santo, os conceitos de integralidade e responsabilidade est\u00e3o diretamente ligados e s\u00e3o cruciais no debate sobre cuidados e a\u00e7\u00f5es de sa\u00fade social: &ldquo;Tal responsabilidade implica colocar em an\u00e1lise os processos de forma\u00e7\u00e3o e de trabalho no campo da sa\u00fade. Implica tamb\u00e9m entender a integralidade n\u00e3o como um princ\u00edpio em si, mas que se articula \u00e0 universalidade e equidade do acesso e aos modos como tais princ\u00edpios se atualizam nas pr\u00e1ticas cotidianas em sa\u00fade&rdquo;.<\/p>\n<p> \tA quest\u00e3o da responsabilidade aliada \u00e0 integralidade recebe ainda mais notoriedade neste momento quando o Sistema \u00danico de Sa\u00fade &ndash; SUS completa duas d\u00e9cadas de implanta\u00e7\u00e3o, reacendendo discuss\u00f5es e reafirmando a import\u00e2ncia destes conceitos na sa\u00fade p\u00fablica social: &ldquo;A responsabilidade com a integralidade das a\u00e7\u00f5es de sa\u00fade permanecem um desafio ap\u00f3s 20 anos de cria\u00e7\u00e3o do SUS. Este desafio com rela\u00e7\u00e3o \u00e0 responsabilidade com o princ\u00edpio da integralidade imp\u00f5e como necess\u00e1ria a mudan\u00e7a nos modelos de aten\u00e7\u00e3o e de gest\u00e3o do SUS, ou seja, altera\u00e7\u00e3o nos modos de cuidar e nos modos de gerir &ldquo;, afirma Ana Heckert.<\/p>\n<p> \tEmbora o conceito de integralidade seja parte das diretrizes que compreendem o SUS, percebe-se que ainda \u00e9 de dif\u00edcil operacionaliza\u00e7\u00e3o na pr\u00e1tica, sobretudo como pol\u00edticas de cuidado efetivas, sendo necess\u00e1rio sempre retomar as discuss\u00f5es a esse respeito. \u00c9 recorrente a afirma\u00e7\u00e3o de que a quest\u00e3o da responsabilidade esteja apenas relacionada ao Estado e que outros setores da sociedade poderiam da mesma forma, se engajar neste assunto que \u00e9 do interesse de todos. Em entrevista ao Bolet<em>In,<\/em>o professor Humberto Jacques, da Faculdade de Direito da Universidade de Bras\u00edlia (UnB), afirmou que interven\u00e7\u00f5es do Estado podem acabar difundindo responsabilidades das a\u00e7\u00f5es coletivas no plano da sa\u00fade e que essas reflex\u00f5es devem partir principalmente do individual para o coletivo: &ldquo;Para n\u00f3s, do Minist\u00e9rio P\u00fablico, o caminho dessa responsabiliza\u00e7\u00e3o poderia ser respondido com o adensamento das imp\u00farias sanit\u00e1rias \u00e0 explicita\u00e7\u00e3o de todos os comportamentos descuidados no plano do individual e coletivo da sa\u00fade, podendo movimentar uma m\u00e1quina que implicasse responsabiliza\u00e7\u00e3o jur\u00eddica e n\u00e3o apenas a pol\u00edtica que, ao nosso ver, deixa a desejar e alimenta o princ\u00edpio de desresponsabiliza\u00e7\u00e3o. N\u00e3o chegamos ainda ao est\u00e1gio da impunidade dessas a\u00e7\u00f5es, o que esvazia o conceito de responsabilidade, fazendo parecer atribui\u00e7\u00e3o, possibilidade, compet\u00eancia, e n\u00e3o dever&rdquo;, salienta.<\/p>\n<p> \tS\u00e3o quest\u00f5es que envolvem a defesa do direito \u00e0 sa\u00fade, a defesa do SUS, cuja dificuldade resulta na banaliza\u00e7\u00e3o da irresponsabilidade na sa\u00fade como explica Roseni: &ldquo;Sabemos o quanto \u00e9 espinhoso tratar de responsabilidade sanit\u00e1ria hoje no sistema p\u00fablico de sa\u00fade, ainda mais quando observamos a grita dos gestores, quanto a escassez de recursos para cumprir o princ\u00edpio da assist\u00eancia farmac\u00eautica integral, al\u00e9m de ter que enfrentar a incisiva influ\u00eancia dos <em>lobbies<\/em> das ind\u00fastrias de medicamentos nas institui\u00e7\u00f5es judici\u00e1rias e usu\u00e1rios, o que inviabilizaria a garantia do SUS nas localidades. Creio que neste entendimento h\u00e1 uma incompreens\u00e3o sobre que se chama de efetivo exerc\u00edcio do direito \u00e0 assist\u00eancia integral e ao medicamento. Penso que h\u00e1 uma an\u00e1lise imediatista por parte de alguns gestores. Existem experi\u00eancias riqu\u00edssimas de uma rela\u00e7\u00e3o colaborativa entre agentes da sa\u00fade (gestores, conselhos e trabalhadores) e agentes jur\u00eddicos (MP) ao tratar dessas quest\u00f5es. Agora, &lsquo;restringir&rsquo; um direito para evitar atua\u00e7\u00e3o desse ou daquele setor a fim de prevenir os interesses particulares econ\u00f4micos e corporativistas, como a ind\u00fastria de medicamentos, por exemplo, penso que no m\u00ednimo \u00e9 uma leitura ing\u00eanua. Onde esses interesses n\u00e3o est\u00e3o? A obriga\u00e7\u00e3o civil nossa \u00e9 impedir a primazia do interesse sobre as raz\u00f5es p\u00fablicas. Aten\u00e7\u00e3o: n\u00e3o confundir estatal com p\u00fablico. Assim como Humberto, aposto na explicita\u00e7\u00e3o, na visibilidade e no debate democr\u00e1tico com a defini\u00e7\u00e3o clara da responsabilidade dos agentes envolvidos. Isso implica considerar n\u00e3o somente os gestores de sa\u00fade, mas os de ensino, n\u00e3o somente os trabalhadores-profissionais de sa\u00fade, mas os trabalhadores da educa\u00e7\u00e3o e pesquisa, e os usu\u00e1rios&rdquo;.\u00a0<\/p>\n<p> \tE continua: &ldquo;Talvez o tema deste semin\u00e1rio seja o mais dif\u00edcil de discutirmos ou de &lsquo;obter o aceite&rsquo; daqueles que nos acompanham no debate sobre integralidade, pois penso que estamos diante de um contexto pessimista de &lsquo;banaliza\u00e7\u00e3o da (des) integralidade&rsquo;. Ou pensam que quando falamos da integralidade no contexto do SUS, de suas inova\u00e7\u00f5es, parece que estamos falando de &lsquo;Alice no pa\u00eds das maravilhas&rsquo;. Integralidade significa responsabilidade, sim, \u00e9 reconhecer as conquistas, mas atuar no sentido de defend\u00ea-las. Ent\u00e3o quando falamos de responsabilidade neste semin\u00e1rio, n\u00e3o estamos falando de culpabiliza\u00e7\u00e3o. Devemos evitar a m\u00e1xima: &lsquo;se todos somos culpados, ent\u00e3o ningu\u00e9m \u00e9 respons\u00e1vel&rsquo;. Estamos propondo um modo alargado de se pensar a pr\u00f3pria perten\u00e7a nesse mundo da sa\u00fade, n\u00e3o confinando sua compreens\u00e3o somente na rela\u00e7\u00e3o individual a partir de uma certa identidade, mas construir uma singularidade que necessariamente \u00e9 relacional, portanto, seguramente as raz\u00f5es p\u00fablicas (integralidade) do direito \u00e0 sa\u00fade, cujos valores debatemos um pouco no semin\u00e1rio anterior, propomos nesse semin\u00e1rio discutir sua a\u00e7\u00e3o. Sem d\u00favida, ao assumirmos essa dire\u00e7\u00e3o, inevitavelmente, teremos que pensar estrat\u00e9gia pr\u00e1ticas de se evitar a radicalidade dos interesses (fragmenta\u00e7\u00e3o e segmenta\u00e7\u00e3o) particulares e privados (propriedade) na sa\u00fade. Conclui a coordenadora e organizadora do semin\u00e1rio.<br \/> \t\u00a0<\/p>\n","protected":false},"excerpt":{"rendered":"<div class=\"mh-excerpt\"><p style=\"text-align: justify;\"> \tA busca por inova\u00e7\u00f5es dentro de uma perspectiva de produ\u00e7\u00e3o de conhecimento e forma\u00e7\u00e3o dos trabalhadores na sa\u00fade \u00e9 o principal intuito do LAPPIS. Nesses oito anos do projeto, a meta consiste em incentivar os trabalhos na \u00e1rea da pesquisa e atua\u00e7\u00e3o profissional, al\u00e9m de apresentar id\u00e9ias no campo da pr\u00e1tica da integralidade, aliado a pesquisas em hospitais e para profissionais da \u00e1rea no trato da popula\u00e7\u00e3o.<\/p>\n<p>  <a class=\"mh-excerpt-more\" href=\"https:\/\/lappis.org.br\/site\/responsabilidade-com-a-integralidade-afinal-do-que-se-trata\/2595\" title=\"Responsabilidade com a integralidade: afinal, do que se trata?\">[&#8230;]<\/a><\/p>\n<\/div>","protected":false},"author":1,"featured_media":0,"comment_status":"open","ping_status":"open","sticky":false,"template":"","format":"standard","meta":{"_acf_changed":false,"_exactmetrics_skip_tracking":false,"_exactmetrics_sitenote_active":false,"_exactmetrics_sitenote_note":"","_exactmetrics_sitenote_category":0,"jetpack_post_was_ever_published":false,"_jetpack_newsletter_access":"","_jetpack_dont_email_post_to_subs":false,"_jetpack_newsletter_tier_id":0,"_jetpack_memberships_contains_paywalled_content":false,"_jetpack_memberships_contains_paid_content":false,"footnotes":"","jetpack_publicize_message":"","jetpack_publicize_feature_enabled":true,"jetpack_social_post_already_shared":false,"jetpack_social_options":{"image_generator_settings":{"template":"highway","enabled":false},"version":2}},"categories":[8],"tags":[],"class_list":{"0":"post-2595","1":"post","2":"type-post","3":"status-publish","4":"format-standard","6":"category-noticia"},"jetpack_publicize_connections":[],"acf":[],"yoast_head":"<!-- This site is optimized with the Yoast SEO plugin v25.2 - https:\/\/yoast.com\/wordpress\/plugins\/seo\/ -->\n<title>Responsabilidade com a integralidade: afinal, do que se trata? - Lappis 25 anos<\/title>\n<meta name=\"robots\" content=\"index, follow, max-snippet:-1, max-image-preview:large, max-video-preview:-1\" \/>\n<link rel=\"canonical\" href=\"https:\/\/lappis.org.br\/site\/responsabilidade-com-a-integralidade-afinal-do-que-se-trata\/2595\" \/>\n<meta property=\"og:locale\" content=\"pt_BR\" \/>\n<meta property=\"og:type\" content=\"article\" \/>\n<meta property=\"og:title\" content=\"Responsabilidade com a integralidade: afinal, do que se trata? - Lappis 25 anos\" \/>\n<meta property=\"og:description\" content=\"A busca por inova\u00e7\u00f5es dentro de uma perspectiva de produ\u00e7\u00e3o de conhecimento e forma\u00e7\u00e3o dos trabalhadores na sa\u00fade \u00e9 o principal intuito do LAPPIS. Nesses oito anos do projeto, a meta consiste em incentivar os trabalhos na \u00e1rea da pesquisa e atua\u00e7\u00e3o profissional, al\u00e9m de apresentar id\u00e9ias no campo da pr\u00e1tica da integralidade, aliado a pesquisas em hospitais e para profissionais da \u00e1rea no trato da popula\u00e7\u00e3o. [...]\" \/>\n<meta property=\"og:url\" content=\"https:\/\/lappis.org.br\/site\/responsabilidade-com-a-integralidade-afinal-do-que-se-trata\/2595\" \/>\n<meta property=\"og:site_name\" content=\"Lappis 25 anos\" \/>\n<meta property=\"article:published_time\" content=\"2008-08-05T06:00:00+00:00\" \/>\n<meta name=\"author\" content=\"fw2\" \/>\n<meta name=\"twitter:card\" content=\"summary_large_image\" \/>\n<meta name=\"twitter:label1\" content=\"Escrito por\" \/>\n\t<meta name=\"twitter:data1\" content=\"fw2\" \/>\n\t<meta name=\"twitter:label2\" content=\"Est. tempo de leitura\" \/>\n\t<meta name=\"twitter:data2\" content=\"6 minutos\" \/>\n<script type=\"application\/ld+json\" class=\"yoast-schema-graph\">{\"@context\":\"https:\/\/schema.org\",\"@graph\":[{\"@type\":\"Article\",\"@id\":\"https:\/\/lappis.org.br\/site\/responsabilidade-com-a-integralidade-afinal-do-que-se-trata\/2595#article\",\"isPartOf\":{\"@id\":\"https:\/\/lappis.org.br\/site\/responsabilidade-com-a-integralidade-afinal-do-que-se-trata\/2595\"},\"author\":{\"name\":\"fw2\",\"@id\":\"https:\/\/lappis.org.br\/site\/#\/schema\/person\/3852381d08284b5e2716b20bd89bdbcf\"},\"headline\":\"Responsabilidade com a integralidade: afinal, do que se trata?\",\"datePublished\":\"2008-08-05T06:00:00+00:00\",\"mainEntityOfPage\":{\"@id\":\"https:\/\/lappis.org.br\/site\/responsabilidade-com-a-integralidade-afinal-do-que-se-trata\/2595\"},\"wordCount\":1249,\"commentCount\":0,\"publisher\":{\"@id\":\"https:\/\/lappis.org.br\/site\/#organization\"},\"articleSection\":[\"Not\u00edcia\"],\"inLanguage\":\"pt-BR\",\"potentialAction\":[{\"@type\":\"CommentAction\",\"name\":\"Comment\",\"target\":[\"https:\/\/lappis.org.br\/site\/responsabilidade-com-a-integralidade-afinal-do-que-se-trata\/2595#respond\"]}]},{\"@type\":\"WebPage\",\"@id\":\"https:\/\/lappis.org.br\/site\/responsabilidade-com-a-integralidade-afinal-do-que-se-trata\/2595\",\"url\":\"https:\/\/lappis.org.br\/site\/responsabilidade-com-a-integralidade-afinal-do-que-se-trata\/2595\",\"name\":\"Responsabilidade com a integralidade: afinal, do que se trata? - Lappis 25 anos\",\"isPartOf\":{\"@id\":\"https:\/\/lappis.org.br\/site\/#website\"},\"datePublished\":\"2008-08-05T06:00:00+00:00\",\"breadcrumb\":{\"@id\":\"https:\/\/lappis.org.br\/site\/responsabilidade-com-a-integralidade-afinal-do-que-se-trata\/2595#breadcrumb\"},\"inLanguage\":\"pt-BR\",\"potentialAction\":[{\"@type\":\"ReadAction\",\"target\":[\"https:\/\/lappis.org.br\/site\/responsabilidade-com-a-integralidade-afinal-do-que-se-trata\/2595\"]}]},{\"@type\":\"BreadcrumbList\",\"@id\":\"https:\/\/lappis.org.br\/site\/responsabilidade-com-a-integralidade-afinal-do-que-se-trata\/2595#breadcrumb\",\"itemListElement\":[{\"@type\":\"ListItem\",\"position\":1,\"name\":\"In\u00edcio\",\"item\":\"https:\/\/lappis.org.br\/site\/\"},{\"@type\":\"ListItem\",\"position\":2,\"name\":\"Responsabilidade com a integralidade: afinal, do que se trata?\"}]},{\"@type\":\"WebSite\",\"@id\":\"https:\/\/lappis.org.br\/site\/#website\",\"url\":\"https:\/\/lappis.org.br\/site\/\",\"name\":\"Lappis 25 anos\",\"description\":\"Labotat\u00f3rio de Pesquisas sobre Pr\u00e1ticas de Integralidade em Sa\u00fade\",\"publisher\":{\"@id\":\"https:\/\/lappis.org.br\/site\/#organization\"},\"potentialAction\":[{\"@type\":\"SearchAction\",\"target\":{\"@type\":\"EntryPoint\",\"urlTemplate\":\"https:\/\/lappis.org.br\/site\/?s={search_term_string}\"},\"query-input\":{\"@type\":\"PropertyValueSpecification\",\"valueRequired\":true,\"valueName\":\"search_term_string\"}}],\"inLanguage\":\"pt-BR\"},{\"@type\":\"Organization\",\"@id\":\"https:\/\/lappis.org.br\/site\/#organization\",\"name\":\"Lappis 25 anos\",\"url\":\"https:\/\/lappis.org.br\/site\/\",\"logo\":{\"@type\":\"ImageObject\",\"inLanguage\":\"pt-BR\",\"@id\":\"https:\/\/lappis.org.br\/site\/#\/schema\/logo\/image\/\",\"url\":\"https:\/\/lappis.org.br\/site\/wp-content\/uploads\/2025\/03\/logo-lappis25anos.png\",\"contentUrl\":\"https:\/\/lappis.org.br\/site\/wp-content\/uploads\/2025\/03\/logo-lappis25anos.png\",\"width\":388,\"height\":146,\"caption\":\"Lappis 25 anos\"},\"image\":{\"@id\":\"https:\/\/lappis.org.br\/site\/#\/schema\/logo\/image\/\"}},{\"@type\":\"Person\",\"@id\":\"https:\/\/lappis.org.br\/site\/#\/schema\/person\/3852381d08284b5e2716b20bd89bdbcf\",\"name\":\"fw2\",\"image\":{\"@type\":\"ImageObject\",\"inLanguage\":\"pt-BR\",\"@id\":\"https:\/\/lappis.org.br\/site\/#\/schema\/person\/image\/\",\"url\":\"https:\/\/secure.gravatar.com\/avatar\/c38472c0cdbde82d9b6fcc26adb3779d?s=96&d=mm&r=g\",\"contentUrl\":\"https:\/\/secure.gravatar.com\/avatar\/c38472c0cdbde82d9b6fcc26adb3779d?s=96&d=mm&r=g\",\"caption\":\"fw2\"},\"url\":\"https:\/\/lappis.org.br\/site\/author\/fw2\"}]}<\/script>\n<!-- \/ Yoast SEO plugin. -->","yoast_head_json":{"title":"Responsabilidade com a integralidade: afinal, do que se trata? - Lappis 25 anos","robots":{"index":"index","follow":"follow","max-snippet":"max-snippet:-1","max-image-preview":"max-image-preview:large","max-video-preview":"max-video-preview:-1"},"canonical":"https:\/\/lappis.org.br\/site\/responsabilidade-com-a-integralidade-afinal-do-que-se-trata\/2595","og_locale":"pt_BR","og_type":"article","og_title":"Responsabilidade com a integralidade: afinal, do que se trata? - Lappis 25 anos","og_description":"A busca por inova\u00e7\u00f5es dentro de uma perspectiva de produ\u00e7\u00e3o de conhecimento e forma\u00e7\u00e3o dos trabalhadores na sa\u00fade \u00e9 o principal intuito do LAPPIS. Nesses oito anos do projeto, a meta consiste em incentivar os trabalhos na \u00e1rea da pesquisa e atua\u00e7\u00e3o profissional, al\u00e9m de apresentar id\u00e9ias no campo da pr\u00e1tica da integralidade, aliado a pesquisas em hospitais e para profissionais da \u00e1rea no trato da popula\u00e7\u00e3o. [...]","og_url":"https:\/\/lappis.org.br\/site\/responsabilidade-com-a-integralidade-afinal-do-que-se-trata\/2595","og_site_name":"Lappis 25 anos","article_published_time":"2008-08-05T06:00:00+00:00","author":"fw2","twitter_card":"summary_large_image","twitter_misc":{"Escrito por":"fw2","Est. tempo de leitura":"6 minutos"},"schema":{"@context":"https:\/\/schema.org","@graph":[{"@type":"Article","@id":"https:\/\/lappis.org.br\/site\/responsabilidade-com-a-integralidade-afinal-do-que-se-trata\/2595#article","isPartOf":{"@id":"https:\/\/lappis.org.br\/site\/responsabilidade-com-a-integralidade-afinal-do-que-se-trata\/2595"},"author":{"name":"fw2","@id":"https:\/\/lappis.org.br\/site\/#\/schema\/person\/3852381d08284b5e2716b20bd89bdbcf"},"headline":"Responsabilidade com a integralidade: afinal, do que se trata?","datePublished":"2008-08-05T06:00:00+00:00","mainEntityOfPage":{"@id":"https:\/\/lappis.org.br\/site\/responsabilidade-com-a-integralidade-afinal-do-que-se-trata\/2595"},"wordCount":1249,"commentCount":0,"publisher":{"@id":"https:\/\/lappis.org.br\/site\/#organization"},"articleSection":["Not\u00edcia"],"inLanguage":"pt-BR","potentialAction":[{"@type":"CommentAction","name":"Comment","target":["https:\/\/lappis.org.br\/site\/responsabilidade-com-a-integralidade-afinal-do-que-se-trata\/2595#respond"]}]},{"@type":"WebPage","@id":"https:\/\/lappis.org.br\/site\/responsabilidade-com-a-integralidade-afinal-do-que-se-trata\/2595","url":"https:\/\/lappis.org.br\/site\/responsabilidade-com-a-integralidade-afinal-do-que-se-trata\/2595","name":"Responsabilidade com a integralidade: afinal, do que se trata? - Lappis 25 anos","isPartOf":{"@id":"https:\/\/lappis.org.br\/site\/#website"},"datePublished":"2008-08-05T06:00:00+00:00","breadcrumb":{"@id":"https:\/\/lappis.org.br\/site\/responsabilidade-com-a-integralidade-afinal-do-que-se-trata\/2595#breadcrumb"},"inLanguage":"pt-BR","potentialAction":[{"@type":"ReadAction","target":["https:\/\/lappis.org.br\/site\/responsabilidade-com-a-integralidade-afinal-do-que-se-trata\/2595"]}]},{"@type":"BreadcrumbList","@id":"https:\/\/lappis.org.br\/site\/responsabilidade-com-a-integralidade-afinal-do-que-se-trata\/2595#breadcrumb","itemListElement":[{"@type":"ListItem","position":1,"name":"In\u00edcio","item":"https:\/\/lappis.org.br\/site\/"},{"@type":"ListItem","position":2,"name":"Responsabilidade com a integralidade: afinal, do que se trata?"}]},{"@type":"WebSite","@id":"https:\/\/lappis.org.br\/site\/#website","url":"https:\/\/lappis.org.br\/site\/","name":"Lappis 25 anos","description":"Labotat\u00f3rio de Pesquisas sobre Pr\u00e1ticas de Integralidade em Sa\u00fade","publisher":{"@id":"https:\/\/lappis.org.br\/site\/#organization"},"potentialAction":[{"@type":"SearchAction","target":{"@type":"EntryPoint","urlTemplate":"https:\/\/lappis.org.br\/site\/?s={search_term_string}"},"query-input":{"@type":"PropertyValueSpecification","valueRequired":true,"valueName":"search_term_string"}}],"inLanguage":"pt-BR"},{"@type":"Organization","@id":"https:\/\/lappis.org.br\/site\/#organization","name":"Lappis 25 anos","url":"https:\/\/lappis.org.br\/site\/","logo":{"@type":"ImageObject","inLanguage":"pt-BR","@id":"https:\/\/lappis.org.br\/site\/#\/schema\/logo\/image\/","url":"https:\/\/lappis.org.br\/site\/wp-content\/uploads\/2025\/03\/logo-lappis25anos.png","contentUrl":"https:\/\/lappis.org.br\/site\/wp-content\/uploads\/2025\/03\/logo-lappis25anos.png","width":388,"height":146,"caption":"Lappis 25 anos"},"image":{"@id":"https:\/\/lappis.org.br\/site\/#\/schema\/logo\/image\/"}},{"@type":"Person","@id":"https:\/\/lappis.org.br\/site\/#\/schema\/person\/3852381d08284b5e2716b20bd89bdbcf","name":"fw2","image":{"@type":"ImageObject","inLanguage":"pt-BR","@id":"https:\/\/lappis.org.br\/site\/#\/schema\/person\/image\/","url":"https:\/\/secure.gravatar.com\/avatar\/c38472c0cdbde82d9b6fcc26adb3779d?s=96&d=mm&r=g","contentUrl":"https:\/\/secure.gravatar.com\/avatar\/c38472c0cdbde82d9b6fcc26adb3779d?s=96&d=mm&r=g","caption":"fw2"},"url":"https:\/\/lappis.org.br\/site\/author\/fw2"}]}},"jetpack_featured_media_url":"","jetpack_shortlink":"https:\/\/wp.me\/p954Nh-FR","jetpack_sharing_enabled":true,"_links":{"self":[{"href":"https:\/\/lappis.org.br\/site\/wp-json\/wp\/v2\/posts\/2595"}],"collection":[{"href":"https:\/\/lappis.org.br\/site\/wp-json\/wp\/v2\/posts"}],"about":[{"href":"https:\/\/lappis.org.br\/site\/wp-json\/wp\/v2\/types\/post"}],"author":[{"embeddable":true,"href":"https:\/\/lappis.org.br\/site\/wp-json\/wp\/v2\/users\/1"}],"replies":[{"embeddable":true,"href":"https:\/\/lappis.org.br\/site\/wp-json\/wp\/v2\/comments?post=2595"}],"version-history":[{"count":0,"href":"https:\/\/lappis.org.br\/site\/wp-json\/wp\/v2\/posts\/2595\/revisions"}],"wp:attachment":[{"href":"https:\/\/lappis.org.br\/site\/wp-json\/wp\/v2\/media?parent=2595"}],"wp:term":[{"taxonomy":"category","embeddable":true,"href":"https:\/\/lappis.org.br\/site\/wp-json\/wp\/v2\/categories?post=2595"},{"taxonomy":"post_tag","embeddable":true,"href":"https:\/\/lappis.org.br\/site\/wp-json\/wp\/v2\/tags?post=2595"}],"curies":[{"name":"wp","href":"https:\/\/api.w.org\/{rel}","templated":true}]}}