{"id":2588,"date":"2008-07-22T03:00:00","date_gmt":"2008-07-22T06:00:00","guid":{"rendered":"http:\/\/lappis.org.br\/site\/2008\/07\/22\/parcerias-lappis-gustavo-matta\/"},"modified":"2008-07-22T03:00:00","modified_gmt":"2008-07-22T06:00:00","slug":"parcerias-lappis-gustavo-matta","status":"publish","type":"post","link":"https:\/\/lappis.org.br\/site\/parcerias-lappis-gustavo-matta\/2588","title":{"rendered":"Parcerias LAPPIS \u2013 Gustavo Matta"},"content":{"rendered":"<p style=\"text-align: justify;\"> \t<img decoding=\"async\" data-attachment-id=\"2587\" data-permalink=\"https:\/\/lappis.org.br\/site\/parcerias-lappis-gustavo-matta\/2588\/attachment-alt-434\" data-orig-file=\"https:\/\/lappis.org.br\/site\/wp-content\/uploads\/2008\/07\/ok_gustavo220708.jpg\" data-orig-size=\"190,202\" data-comments-opened=\"1\" data-image-meta=\"{&quot;aperture&quot;:&quot;0&quot;,&quot;credit&quot;:&quot;&quot;,&quot;camera&quot;:&quot;&quot;,&quot;caption&quot;:&quot;&quot;,&quot;created_timestamp&quot;:&quot;0&quot;,&quot;copyright&quot;:&quot;&quot;,&quot;focal_length&quot;:&quot;0&quot;,&quot;iso&quot;:&quot;0&quot;,&quot;shutter_speed&quot;:&quot;0&quot;,&quot;title&quot;:&quot;&quot;,&quot;orientation&quot;:&quot;0&quot;}\" data-image-title=\"alt\" data-image-description=\"\" data-image-caption=\"\" data-medium-file=\"https:\/\/lappis.org.br\/site\/wp-content\/uploads\/2008\/07\/ok_gustavo220708.jpg\" data-large-file=\"https:\/\/lappis.org.br\/site\/wp-content\/uploads\/2008\/07\/ok_gustavo220708.jpg\" class=\" alignleft size-full wp-image-2587\" alt=\"alt\" src=\"http:\/\/lappis.org.br\/site\/wp-content\/uploads\/2008\/07\/ok_gustavo220708.jpg\" style=\"margin: 5px; float: left;\" width=\"190\" height=\"202\" \/>Dando continuidade \u00e0 se\u00e7\u00e3o <strong>Parcerias LAPPIS<\/strong>, confira a entrevista com o psic\u00f3logo Gustavo Corr\u00eaa Matta, que comentou a import\u00e2ncia da integralidade na forma\u00e7\u00e3o de profissionais para a \u00e1rea de Sa\u00fade e um pouco sobre os projetos e trabalhos com o Laborat\u00f3rio.<\/p>\n<p style=\"text-align: justify;\"> \tGustavo C\u00f4rrea Matta \u00e9 psic\u00f3logo e Doutor em Sa\u00fade Coletiva pelo Instituto de Medicina Social da UERJ (IMS\/UERJ). Professor da Escola Polit\u00e9cnica de Sa\u00fade Joaquim Ven\u00e2ncio (EPSJV\/FIOCRUZ) e Vice-presidente da Associa\u00e7\u00e3o Brasileira de Psicologia Social &#8211; Regional Rio de Janeiro (ABRAPSO). Tamb\u00e9m pesquisador do LAPPIS, Matta comenta esta parceria, os benef\u00edcios, e exp\u00f5e sua opini\u00e3o sobre a pesquisa em integralidade com rela\u00e7\u00e3o \u00e0 forma\u00e7\u00e3o de trabalhadores da \u00e1rea de sa\u00fade.\u00a0<\/p>\n<p> \t<strong>BoletIN &#8211; O que pensa sobre a produ\u00e7\u00e3o do LAPPIS? Gostaria de destacar alguma pesquisa, trabalho ou uma publica\u00e7\u00e3o espec\u00edfica?<\/strong><br \/> \t<strong>Gustavo &#8211;<\/strong>A produ\u00e7\u00e3o do LAPPIS \u00e9 vasta, t\u00eam diversos objetos, pesquisas envolvidas e uma rede solid\u00e1ria de pesquisadores, institui\u00e7\u00f5es e colaboradores. Esta \u00faltima pesquisa sobre a avalia\u00e7\u00e3o da aten\u00e7\u00e3o b\u00e1sica, pegando a discuss\u00e3o de avalia\u00e7\u00e3o e de itiner\u00e1rios terap\u00eauticos, \u00e9 muito importante. Agora, que ganhar\u00e1 uma publicidade com a recente publica\u00e7\u00e3o do livro, eu espero um impacto na rela\u00e7\u00e3o com a organiza\u00e7\u00e3o, planejamento e conceito de aten\u00e7\u00e3o b\u00e1sica e o papel de seus diversos atores, desde gestores a agentes de sa\u00fade e usu\u00e1rios e a comunidade. A pesquisa amplia esta oportunidade, tem base emancipat\u00f3ria e indica resultados importantes que o Sistema \u00danico de Sa\u00fade &#8211; SUS precisa.<\/p>\n<p> \t<strong>BoletIN &#8211; Na sua opini\u00e3o, qual a import\u00e2ncia da pesquisa em Integralidade para a sa\u00fade coletiva?<\/strong><br \/> \t<strong>Gustavo &#8211;<\/strong>A import\u00e2ncia \u00e9 total nos seus diversos sentidos na quest\u00e3o da integralidade. Na realidade, me preocupo com esta quest\u00e3o &ldquo;internamente&rdquo;, com a forma\u00e7\u00e3o dos trabalhadores da \u00e1rea de sa\u00fade &ndash; o que \u00e9 um eixo importante, at\u00e9 pelo fato de sermos da Escola Polit\u00e9cnica. Fazer a articula\u00e7\u00e3o da integralidade com a politecnia \u00e9 um grande desafio para que esses discursos se potencializem mutuamente.<\/p>\n<p> \t<strong>BoletIN &#8211; Fale sobre a parceria com LAPPIS, como funciona e os benef\u00edcios para ambas as partes: <\/strong><br \/> \t<strong>Gustavo &#8211; <\/strong>Os benef\u00edcios s\u00e3o v\u00e1rios. N\u00f3s participamos de pesquisas juntamente com o LAPPIS, e isso fortalece os estudos do pr\u00f3prio Laborat\u00f3rio de Aten\u00e7\u00e3o em Sa\u00fade (do qual eu participo na Escola Polit\u00e9cnica da Fiocruz na organiza\u00e7\u00e3o), parceria de eventos, publica\u00e7\u00f5es, enfim, e principalmente o contato entre os pesquisadores que o LAPPIS proporciona. S\u00e3o pesquisadores de diferentes regi\u00f5es do Brasil e \u00e1reas de forma\u00e7\u00e3o distintas, desde o campo da gest\u00e3o, da antropologia, da sociologia. O LAPPIS tem cumprido o seu papel de uma rede importante na pesquisa e nos seus produtos.<\/p>\n<p> \t<strong>BoletIN &#8211; Planos para o futuro desta parceria? Projetos?<\/strong><br \/> \t<strong>Gustavo &ndash;<\/strong>Atualmente, n\u00f3s da ESPJV fazemos parte de um grupo de emergentes na tentativa de criar um centro colaborador do LAPPIS e dessa pesquisa focando a discuss\u00e3o da sa\u00fade internacional e a forma\u00e7\u00e3o de trabalhadores para a \u00e1rea de sa\u00fade. Ent\u00e3o, vamos tentar entender a perspectiva da integralidade, n\u00e3o no interior do SUS, mas agora tentando ampliar como esses discursos e essas pr\u00e1ticas t\u00eam se materializado nas pol\u00edticas internacionais de sa\u00fade, no papel das ag\u00eancias (como a Organiza\u00e7\u00e3o Mundial de Sa\u00fade &ndash; OMS) e outros.<br \/> \t\u00a0<\/p>\n","protected":false},"excerpt":{"rendered":"<div class=\"mh-excerpt\"><p style=\"text-align: justify;\"> \t<img decoding=\"async\" class=\" alignleft size-full wp-image-2587\" alt=\"alt\" src=\"http:\/\/lappis.org.br\/site\/wp-content\/uploads\/2008\/07\/ok_gustavo220708.jpg\" style=\"margin: 5px; float: left;\" width=\"190\" height=\"202\" \/>Dando continuidade \u00e0 se\u00e7\u00e3o <strong>Parcerias LAPPIS<\/strong>, confira a entrevista com o psic\u00f3logo Gustavo Corr\u00eaa Matta, que comentou a import\u00e2ncia da integralidade na forma\u00e7\u00e3o de profissionais para a \u00e1rea de Sa\u00fade e um pouco sobre os projetos e trabalhos com o Laborat\u00f3rio.<\/p>\n<p>  <a class=\"mh-excerpt-more\" href=\"https:\/\/lappis.org.br\/site\/parcerias-lappis-gustavo-matta\/2588\" title=\"Parcerias LAPPIS \u2013 Gustavo Matta\">[&#8230;]<\/a><\/p>\n<\/div>","protected":false},"author":1,"featured_media":2586,"comment_status":"open","ping_status":"open","sticky":false,"template":"","format":"standard","meta":{"_acf_changed":false,"_exactmetrics_skip_tracking":false,"_exactmetrics_sitenote_active":false,"_exactmetrics_sitenote_note":"","_exactmetrics_sitenote_category":0,"jetpack_post_was_ever_published":false,"_jetpack_newsletter_access":"","_jetpack_dont_email_post_to_subs":false,"_jetpack_newsletter_tier_id":0,"_jetpack_memberships_contains_paywalled_content":false,"_jetpack_memberships_contains_paid_content":false,"footnotes":"","jetpack_publicize_message":"","jetpack_publicize_feature_enabled":true,"jetpack_social_post_already_shared":false,"jetpack_social_options":{"image_generator_settings":{"template":"highway","enabled":false},"version":2}},"categories":[8],"tags":[],"class_list":{"0":"post-2588","1":"post","2":"type-post","3":"status-publish","4":"format-standard","5":"has-post-thumbnail","7":"category-noticia"},"jetpack_publicize_connections":[],"acf":[],"yoast_head":"<!-- This site is optimized with the Yoast SEO plugin v25.2 - https:\/\/yoast.com\/wordpress\/plugins\/seo\/ -->\n<title>Parcerias LAPPIS \u2013 Gustavo Matta - Lappis 25 anos<\/title>\n<meta name=\"robots\" content=\"index, follow, max-snippet:-1, max-image-preview:large, max-video-preview:-1\" \/>\n<link rel=\"canonical\" href=\"https:\/\/lappis.org.br\/site\/parcerias-lappis-gustavo-matta\/2588\" \/>\n<meta property=\"og:locale\" content=\"pt_BR\" \/>\n<meta property=\"og:type\" content=\"article\" \/>\n<meta property=\"og:title\" content=\"Parcerias LAPPIS \u2013 Gustavo Matta - Lappis 25 anos\" \/>\n<meta property=\"og:description\" content=\"Dando continuidade \u00e0 se\u00e7\u00e3o Parcerias LAPPIS, confira a entrevista com o psic\u00f3logo Gustavo Corr\u00eaa Matta, que comentou a import\u00e2ncia da integralidade na forma\u00e7\u00e3o de profissionais para a \u00e1rea de Sa\u00fade e um pouco sobre os projetos e trabalhos com o Laborat\u00f3rio. [...]\" \/>\n<meta property=\"og:url\" content=\"https:\/\/lappis.org.br\/site\/parcerias-lappis-gustavo-matta\/2588\" \/>\n<meta property=\"og:site_name\" content=\"Lappis 25 anos\" \/>\n<meta property=\"article:published_time\" content=\"2008-07-22T06:00:00+00:00\" \/>\n<meta property=\"og:image\" content=\"https:\/\/lappis.org.br\/site\/wp-content\/uploads\/2008\/07\/ok_gustavo220708.jpg\" \/>\n\t<meta property=\"og:image:width\" content=\"190\" \/>\n\t<meta property=\"og:image:height\" content=\"202\" \/>\n\t<meta property=\"og:image:type\" content=\"image\/jpeg\" \/>\n<meta name=\"author\" content=\"fw2\" \/>\n<meta name=\"twitter:card\" content=\"summary_large_image\" \/>\n<meta name=\"twitter:label1\" content=\"Escrito por\" \/>\n\t<meta name=\"twitter:data1\" content=\"fw2\" \/>\n\t<meta name=\"twitter:label2\" content=\"Est. tempo de leitura\" \/>\n\t<meta name=\"twitter:data2\" content=\"3 minutos\" \/>\n<script type=\"application\/ld+json\" class=\"yoast-schema-graph\">{\"@context\":\"https:\/\/schema.org\",\"@graph\":[{\"@type\":\"Article\",\"@id\":\"https:\/\/lappis.org.br\/site\/parcerias-lappis-gustavo-matta\/2588#article\",\"isPartOf\":{\"@id\":\"https:\/\/lappis.org.br\/site\/parcerias-lappis-gustavo-matta\/2588\"},\"author\":{\"name\":\"fw2\",\"@id\":\"https:\/\/lappis.org.br\/site\/#\/schema\/person\/3852381d08284b5e2716b20bd89bdbcf\"},\"headline\":\"Parcerias LAPPIS \u2013 Gustavo Matta\",\"datePublished\":\"2008-07-22T06:00:00+00:00\",\"mainEntityOfPage\":{\"@id\":\"https:\/\/lappis.org.br\/site\/parcerias-lappis-gustavo-matta\/2588\"},\"wordCount\":605,\"commentCount\":0,\"publisher\":{\"@id\":\"https:\/\/lappis.org.br\/site\/#organization\"},\"image\":{\"@id\":\"https:\/\/lappis.org.br\/site\/parcerias-lappis-gustavo-matta\/2588#primaryimage\"},\"thumbnailUrl\":\"https:\/\/lappis.org.br\/site\/wp-content\/uploads\/2008\/07\/ok_gustavo220708.jpg\",\"articleSection\":[\"Not\u00edcia\"],\"inLanguage\":\"pt-BR\",\"potentialAction\":[{\"@type\":\"CommentAction\",\"name\":\"Comment\",\"target\":[\"https:\/\/lappis.org.br\/site\/parcerias-lappis-gustavo-matta\/2588#respond\"]}]},{\"@type\":\"WebPage\",\"@id\":\"https:\/\/lappis.org.br\/site\/parcerias-lappis-gustavo-matta\/2588\",\"url\":\"https:\/\/lappis.org.br\/site\/parcerias-lappis-gustavo-matta\/2588\",\"name\":\"Parcerias LAPPIS \u2013 Gustavo Matta - Lappis 25 anos\",\"isPartOf\":{\"@id\":\"https:\/\/lappis.org.br\/site\/#website\"},\"primaryImageOfPage\":{\"@id\":\"https:\/\/lappis.org.br\/site\/parcerias-lappis-gustavo-matta\/2588#primaryimage\"},\"image\":{\"@id\":\"https:\/\/lappis.org.br\/site\/parcerias-lappis-gustavo-matta\/2588#primaryimage\"},\"thumbnailUrl\":\"https:\/\/lappis.org.br\/site\/wp-content\/uploads\/2008\/07\/ok_gustavo220708.jpg\",\"datePublished\":\"2008-07-22T06:00:00+00:00\",\"breadcrumb\":{\"@id\":\"https:\/\/lappis.org.br\/site\/parcerias-lappis-gustavo-matta\/2588#breadcrumb\"},\"inLanguage\":\"pt-BR\",\"potentialAction\":[{\"@type\":\"ReadAction\",\"target\":[\"https:\/\/lappis.org.br\/site\/parcerias-lappis-gustavo-matta\/2588\"]}]},{\"@type\":\"ImageObject\",\"inLanguage\":\"pt-BR\",\"@id\":\"https:\/\/lappis.org.br\/site\/parcerias-lappis-gustavo-matta\/2588#primaryimage\",\"url\":\"https:\/\/lappis.org.br\/site\/wp-content\/uploads\/2008\/07\/ok_gustavo220708.jpg\",\"contentUrl\":\"https:\/\/lappis.org.br\/site\/wp-content\/uploads\/2008\/07\/ok_gustavo220708.jpg\",\"width\":190,\"height\":202,\"caption\":\"alt\"},{\"@type\":\"BreadcrumbList\",\"@id\":\"https:\/\/lappis.org.br\/site\/parcerias-lappis-gustavo-matta\/2588#breadcrumb\",\"itemListElement\":[{\"@type\":\"ListItem\",\"position\":1,\"name\":\"In\u00edcio\",\"item\":\"https:\/\/lappis.org.br\/site\/\"},{\"@type\":\"ListItem\",\"position\":2,\"name\":\"Parcerias LAPPIS \u2013 Gustavo Matta\"}]},{\"@type\":\"WebSite\",\"@id\":\"https:\/\/lappis.org.br\/site\/#website\",\"url\":\"https:\/\/lappis.org.br\/site\/\",\"name\":\"Lappis 25 anos\",\"description\":\"Labotat\u00f3rio de Pesquisas sobre Pr\u00e1ticas de Integralidade em Sa\u00fade\",\"publisher\":{\"@id\":\"https:\/\/lappis.org.br\/site\/#organization\"},\"potentialAction\":[{\"@type\":\"SearchAction\",\"target\":{\"@type\":\"EntryPoint\",\"urlTemplate\":\"https:\/\/lappis.org.br\/site\/?s={search_term_string}\"},\"query-input\":{\"@type\":\"PropertyValueSpecification\",\"valueRequired\":true,\"valueName\":\"search_term_string\"}}],\"inLanguage\":\"pt-BR\"},{\"@type\":\"Organization\",\"@id\":\"https:\/\/lappis.org.br\/site\/#organization\",\"name\":\"Lappis 25 anos\",\"url\":\"https:\/\/lappis.org.br\/site\/\",\"logo\":{\"@type\":\"ImageObject\",\"inLanguage\":\"pt-BR\",\"@id\":\"https:\/\/lappis.org.br\/site\/#\/schema\/logo\/image\/\",\"url\":\"https:\/\/lappis.org.br\/site\/wp-content\/uploads\/2025\/03\/logo-lappis25anos.png\",\"contentUrl\":\"https:\/\/lappis.org.br\/site\/wp-content\/uploads\/2025\/03\/logo-lappis25anos.png\",\"width\":388,\"height\":146,\"caption\":\"Lappis 25 anos\"},\"image\":{\"@id\":\"https:\/\/lappis.org.br\/site\/#\/schema\/logo\/image\/\"}},{\"@type\":\"Person\",\"@id\":\"https:\/\/lappis.org.br\/site\/#\/schema\/person\/3852381d08284b5e2716b20bd89bdbcf\",\"name\":\"fw2\",\"image\":{\"@type\":\"ImageObject\",\"inLanguage\":\"pt-BR\",\"@id\":\"https:\/\/lappis.org.br\/site\/#\/schema\/person\/image\/\",\"url\":\"https:\/\/secure.gravatar.com\/avatar\/c38472c0cdbde82d9b6fcc26adb3779d?s=96&d=mm&r=g\",\"contentUrl\":\"https:\/\/secure.gravatar.com\/avatar\/c38472c0cdbde82d9b6fcc26adb3779d?s=96&d=mm&r=g\",\"caption\":\"fw2\"},\"url\":\"https:\/\/lappis.org.br\/site\/author\/fw2\"}]}<\/script>\n<!-- \/ Yoast SEO plugin. -->","yoast_head_json":{"title":"Parcerias LAPPIS \u2013 Gustavo Matta - Lappis 25 anos","robots":{"index":"index","follow":"follow","max-snippet":"max-snippet:-1","max-image-preview":"max-image-preview:large","max-video-preview":"max-video-preview:-1"},"canonical":"https:\/\/lappis.org.br\/site\/parcerias-lappis-gustavo-matta\/2588","og_locale":"pt_BR","og_type":"article","og_title":"Parcerias LAPPIS \u2013 Gustavo Matta - Lappis 25 anos","og_description":"Dando continuidade \u00e0 se\u00e7\u00e3o Parcerias LAPPIS, confira a entrevista com o psic\u00f3logo Gustavo Corr\u00eaa Matta, que comentou a import\u00e2ncia da integralidade na forma\u00e7\u00e3o de profissionais para a \u00e1rea de Sa\u00fade e um pouco sobre os projetos e trabalhos com o Laborat\u00f3rio. [...]","og_url":"https:\/\/lappis.org.br\/site\/parcerias-lappis-gustavo-matta\/2588","og_site_name":"Lappis 25 anos","article_published_time":"2008-07-22T06:00:00+00:00","og_image":[{"width":190,"height":202,"url":"https:\/\/lappis.org.br\/site\/wp-content\/uploads\/2008\/07\/ok_gustavo220708.jpg","type":"image\/jpeg"}],"author":"fw2","twitter_card":"summary_large_image","twitter_misc":{"Escrito por":"fw2","Est. tempo de leitura":"3 minutos"},"schema":{"@context":"https:\/\/schema.org","@graph":[{"@type":"Article","@id":"https:\/\/lappis.org.br\/site\/parcerias-lappis-gustavo-matta\/2588#article","isPartOf":{"@id":"https:\/\/lappis.org.br\/site\/parcerias-lappis-gustavo-matta\/2588"},"author":{"name":"fw2","@id":"https:\/\/lappis.org.br\/site\/#\/schema\/person\/3852381d08284b5e2716b20bd89bdbcf"},"headline":"Parcerias LAPPIS \u2013 Gustavo Matta","datePublished":"2008-07-22T06:00:00+00:00","mainEntityOfPage":{"@id":"https:\/\/lappis.org.br\/site\/parcerias-lappis-gustavo-matta\/2588"},"wordCount":605,"commentCount":0,"publisher":{"@id":"https:\/\/lappis.org.br\/site\/#organization"},"image":{"@id":"https:\/\/lappis.org.br\/site\/parcerias-lappis-gustavo-matta\/2588#primaryimage"},"thumbnailUrl":"https:\/\/lappis.org.br\/site\/wp-content\/uploads\/2008\/07\/ok_gustavo220708.jpg","articleSection":["Not\u00edcia"],"inLanguage":"pt-BR","potentialAction":[{"@type":"CommentAction","name":"Comment","target":["https:\/\/lappis.org.br\/site\/parcerias-lappis-gustavo-matta\/2588#respond"]}]},{"@type":"WebPage","@id":"https:\/\/lappis.org.br\/site\/parcerias-lappis-gustavo-matta\/2588","url":"https:\/\/lappis.org.br\/site\/parcerias-lappis-gustavo-matta\/2588","name":"Parcerias LAPPIS \u2013 Gustavo Matta - Lappis 25 anos","isPartOf":{"@id":"https:\/\/lappis.org.br\/site\/#website"},"primaryImageOfPage":{"@id":"https:\/\/lappis.org.br\/site\/parcerias-lappis-gustavo-matta\/2588#primaryimage"},"image":{"@id":"https:\/\/lappis.org.br\/site\/parcerias-lappis-gustavo-matta\/2588#primaryimage"},"thumbnailUrl":"https:\/\/lappis.org.br\/site\/wp-content\/uploads\/2008\/07\/ok_gustavo220708.jpg","datePublished":"2008-07-22T06:00:00+00:00","breadcrumb":{"@id":"https:\/\/lappis.org.br\/site\/parcerias-lappis-gustavo-matta\/2588#breadcrumb"},"inLanguage":"pt-BR","potentialAction":[{"@type":"ReadAction","target":["https:\/\/lappis.org.br\/site\/parcerias-lappis-gustavo-matta\/2588"]}]},{"@type":"ImageObject","inLanguage":"pt-BR","@id":"https:\/\/lappis.org.br\/site\/parcerias-lappis-gustavo-matta\/2588#primaryimage","url":"https:\/\/lappis.org.br\/site\/wp-content\/uploads\/2008\/07\/ok_gustavo220708.jpg","contentUrl":"https:\/\/lappis.org.br\/site\/wp-content\/uploads\/2008\/07\/ok_gustavo220708.jpg","width":190,"height":202,"caption":"alt"},{"@type":"BreadcrumbList","@id":"https:\/\/lappis.org.br\/site\/parcerias-lappis-gustavo-matta\/2588#breadcrumb","itemListElement":[{"@type":"ListItem","position":1,"name":"In\u00edcio","item":"https:\/\/lappis.org.br\/site\/"},{"@type":"ListItem","position":2,"name":"Parcerias LAPPIS \u2013 Gustavo Matta"}]},{"@type":"WebSite","@id":"https:\/\/lappis.org.br\/site\/#website","url":"https:\/\/lappis.org.br\/site\/","name":"Lappis 25 anos","description":"Labotat\u00f3rio de Pesquisas sobre Pr\u00e1ticas de Integralidade em Sa\u00fade","publisher":{"@id":"https:\/\/lappis.org.br\/site\/#organization"},"potentialAction":[{"@type":"SearchAction","target":{"@type":"EntryPoint","urlTemplate":"https:\/\/lappis.org.br\/site\/?s={search_term_string}"},"query-input":{"@type":"PropertyValueSpecification","valueRequired":true,"valueName":"search_term_string"}}],"inLanguage":"pt-BR"},{"@type":"Organization","@id":"https:\/\/lappis.org.br\/site\/#organization","name":"Lappis 25 anos","url":"https:\/\/lappis.org.br\/site\/","logo":{"@type":"ImageObject","inLanguage":"pt-BR","@id":"https:\/\/lappis.org.br\/site\/#\/schema\/logo\/image\/","url":"https:\/\/lappis.org.br\/site\/wp-content\/uploads\/2025\/03\/logo-lappis25anos.png","contentUrl":"https:\/\/lappis.org.br\/site\/wp-content\/uploads\/2025\/03\/logo-lappis25anos.png","width":388,"height":146,"caption":"Lappis 25 anos"},"image":{"@id":"https:\/\/lappis.org.br\/site\/#\/schema\/logo\/image\/"}},{"@type":"Person","@id":"https:\/\/lappis.org.br\/site\/#\/schema\/person\/3852381d08284b5e2716b20bd89bdbcf","name":"fw2","image":{"@type":"ImageObject","inLanguage":"pt-BR","@id":"https:\/\/lappis.org.br\/site\/#\/schema\/person\/image\/","url":"https:\/\/secure.gravatar.com\/avatar\/c38472c0cdbde82d9b6fcc26adb3779d?s=96&d=mm&r=g","contentUrl":"https:\/\/secure.gravatar.com\/avatar\/c38472c0cdbde82d9b6fcc26adb3779d?s=96&d=mm&r=g","caption":"fw2"},"url":"https:\/\/lappis.org.br\/site\/author\/fw2"}]}},"jetpack_featured_media_url":"https:\/\/lappis.org.br\/site\/wp-content\/uploads\/2008\/07\/ok_gustavo220708.jpg","jetpack_shortlink":"https:\/\/wp.me\/p954Nh-FK","jetpack_sharing_enabled":true,"_links":{"self":[{"href":"https:\/\/lappis.org.br\/site\/wp-json\/wp\/v2\/posts\/2588"}],"collection":[{"href":"https:\/\/lappis.org.br\/site\/wp-json\/wp\/v2\/posts"}],"about":[{"href":"https:\/\/lappis.org.br\/site\/wp-json\/wp\/v2\/types\/post"}],"author":[{"embeddable":true,"href":"https:\/\/lappis.org.br\/site\/wp-json\/wp\/v2\/users\/1"}],"replies":[{"embeddable":true,"href":"https:\/\/lappis.org.br\/site\/wp-json\/wp\/v2\/comments?post=2588"}],"version-history":[{"count":0,"href":"https:\/\/lappis.org.br\/site\/wp-json\/wp\/v2\/posts\/2588\/revisions"}],"wp:featuredmedia":[{"embeddable":true,"href":"https:\/\/lappis.org.br\/site\/wp-json\/wp\/v2\/media\/2586"}],"wp:attachment":[{"href":"https:\/\/lappis.org.br\/site\/wp-json\/wp\/v2\/media?parent=2588"}],"wp:term":[{"taxonomy":"category","embeddable":true,"href":"https:\/\/lappis.org.br\/site\/wp-json\/wp\/v2\/categories?post=2588"},{"taxonomy":"post_tag","embeddable":true,"href":"https:\/\/lappis.org.br\/site\/wp-json\/wp\/v2\/tags?post=2588"}],"curies":[{"name":"wp","href":"https:\/\/api.w.org\/{rel}","templated":true}]}}