{"id":2577,"date":"2008-07-15T03:00:00","date_gmt":"2008-07-15T06:00:00","guid":{"rendered":"http:\/\/lappis.org.br\/site\/2008\/07\/15\/serie-parcerias-lappis-octavio-bonet\/"},"modified":"2008-07-15T03:00:00","modified_gmt":"2008-07-15T06:00:00","slug":"serie-parcerias-lappis-octavio-bonet","status":"publish","type":"post","link":"https:\/\/lappis.org.br\/site\/serie-parcerias-lappis-octavio-bonet\/2577","title":{"rendered":"S\u00e9rie Parcerias LAPPIS: Oct\u00e1vio Bonet"},"content":{"rendered":"<p style=\"text-align: justify;\"> \tOct\u00e1vio Bonet possui gradua\u00e7\u00e3o em Licenciatura em Antropologia na Universidad Nacional de La Plata (1992), mestrado em Antropologia Social pela Universidade Federal do Rio de Janeiro (1996) e doutorado em Antropologia Social pela Universidade Federal do Rio de Janeiro (2003). Atualmente, \u00e9 Professor Adjunto II da Universidade Federal de Juiz de Fora. Sua experi\u00eancia na \u00e1rea de Antropologia, com \u00eanfase em Antropologia da Sa\u00fade e da Doen\u00e7a &#8211; atuando principalmente nos temas corpo, emo\u00e7\u00f5es, pessoa, saber m\u00e9dico e diversidade cultural &ndash; o trouxe ao LAPPIS. Nesta entrevista, Bonet destaca a import\u00e2ncia do interc\u00e2mbio entre profissionais e institui\u00e7\u00f5es para a \u00e1rea da Sa\u00fade Coletiva.<\/p>\n<p style=\"text-align: justify;\"> \t<strong>BoletIN &#8211; O que pensa sobre a produ\u00e7\u00e3o do LAPPIS? Gostaria de destacar alguma pesquisa, trabalho ou uma publica\u00e7\u00e3o espec\u00edfica?<\/strong><br \/> \t<strong>Oct\u00e1vio &ndash;<\/strong>Acredito que o importante da produ\u00e7\u00e3o do LAPPIS \u00e9 conseguir criar, propor e\/ou impor uma tem\u00e1tica para uma problem\u00e1tica da \u00e1rea de sa\u00fade (que \u00e9 a integralidade) e fazer disso uma quest\u00e3o nacional. Isso pode ser percebido nos semin\u00e1rios, na vinda de pessoas de v\u00e1rias institui\u00e7\u00f5es do Brasil e tamb\u00e9m nas produ\u00e7\u00f5es do LAPPIS. Gostaria de destacar a produ\u00e7\u00e3o completa, pois todo ano tem uma s\u00e9rie de publica\u00e7\u00f5es aumentando esta complexidade, criando novas reflex\u00f5es sobre a tem\u00e1tica.<\/p>\n<p> \t<strong>BoletIN &#8211; Na sua opini\u00e3o, qual a import\u00e2ncia da pesquisa em Integralidade para a sa\u00fade coletiva?<\/strong><br \/> \t<strong>Oct\u00e1vio &#8211;<\/strong>\u00c9 a tem\u00e1tica central. Em primeiro lugar, \u00e9 uma das diretrizes do sistema de sa\u00fade. Em seguida, numa quest\u00e3o de import\u00e2ncia, \u00e9 fundamental para fazer uma reavalia\u00e7\u00e3o das pr\u00e1ticas. A id\u00e9ia de integralidade tem que ser central para remodelar o sistema e a rela\u00e7\u00e3o entre as diferentes inst\u00e2ncias entre profissionais e usu\u00e1rios. A pesquisa tem de ser sobre o eixo da integralidade.<\/p>\n<p> \t<strong>BoletIN &#8211; Fale sobre a parceria com LAPPIS, como funciona e os benef\u00edcios para ambas as partes?<\/strong><br \/> \t<strong>Oct\u00e1vio &#8211;<\/strong>Desde o come\u00e7o, o LAPPIS tem uma &ldquo;filosofia&rdquo; de juntar pesquisadores de diferentes \u00e1reas de forma\u00e7\u00e3o. N\u00e3o s\u00f3 em rela\u00e7\u00e3o \u00e0s diferentes \u00e1reas, mas de diferentes institui\u00e7\u00f5es, o que leva a uma reflex\u00e3o conjunta com contribui\u00e7\u00f5es diferentes, aumentando a criatividade nas produ\u00e7\u00f5es como eixo fundamental. O importante disso, os benef\u00edcios, \u00e9 que voc\u00ea recebe informa\u00e7\u00f5es de outros profissionais e institui\u00e7\u00f5es. Assim, \u00e9 poss\u00edvel enxergar o assunto que estava estudando sob outro \u00e2ngulo, partindo das informa\u00e7\u00f5es que os demais pesquisadores tra\u00e7aram.<\/p>\n<p> \t<strong>BoletIN &#8211; Planos para o futuro desta parceria? Projetos?<\/strong><br \/> \t<strong>Oct\u00e1vio &#8211;<\/strong>Nesses dois dias em que estivemos reunidos, constru\u00edmos novas parcerias e pretendemos tocar um novo projeto, uma produ\u00e7\u00e3o. O LAPPIS vem buscando novos caminhos para levar a causa para as parcerias. Estamos trabalhando juntos desde 2001. Todo ano renovamos esta parceria de diferentes formas com participa\u00e7\u00e3o em bancas, semin\u00e1rios ou pesquisas conjuntas. Isso \u00e9 muito produtivo para todos n\u00f3s.<br \/> \t\u00a0<br \/> \t\u00a0<\/p>\n","protected":false},"excerpt":{"rendered":"<div class=\"mh-excerpt\"><p style=\"text-align: justify;\"> \tOct\u00e1vio Bonet possui gradua\u00e7\u00e3o em Licenciatura em Antropologia na Universidad Nacional de La Plata (1992), mestrado em Antropologia Social pela Universidade Federal do Rio de Janeiro (1996) e doutorado em Antropologia Social pela Universidade Federal do Rio de Janeiro (2003). Atualmente, \u00e9 Professor Adjunto II da Universidade Federal de Juiz de Fora. Sua experi\u00eancia na \u00e1rea de Antropologia, com \u00eanfase em Antropologia da Sa\u00fade e da Doen\u00e7a &#8211; atuando principalmente nos temas corpo, emo\u00e7\u00f5es, pessoa, saber m\u00e9dico e diversidade cultural &ndash; o trouxe ao LAPPIS. Nesta entrevista, Bonet destaca a import\u00e2ncia do interc\u00e2mbio entre profissionais e institui\u00e7\u00f5es para a \u00e1rea da Sa\u00fade Coletiva.<\/p>\n<p>  <a class=\"mh-excerpt-more\" href=\"https:\/\/lappis.org.br\/site\/serie-parcerias-lappis-octavio-bonet\/2577\" title=\"S\u00e9rie Parcerias LAPPIS: Oct\u00e1vio Bonet\">[&#8230;]<\/a><\/p>\n<\/div>","protected":false},"author":1,"featured_media":0,"comment_status":"open","ping_status":"open","sticky":false,"template":"","format":"standard","meta":{"_acf_changed":false,"_exactmetrics_skip_tracking":false,"_exactmetrics_sitenote_active":false,"_exactmetrics_sitenote_note":"","_exactmetrics_sitenote_category":0,"jetpack_post_was_ever_published":false,"_jetpack_newsletter_access":"","_jetpack_dont_email_post_to_subs":false,"_jetpack_newsletter_tier_id":0,"_jetpack_memberships_contains_paywalled_content":false,"_jetpack_memberships_contains_paid_content":false,"footnotes":"","jetpack_publicize_message":"","jetpack_publicize_feature_enabled":true,"jetpack_social_post_already_shared":false,"jetpack_social_options":{"image_generator_settings":{"template":"highway","enabled":false},"version":2}},"categories":[8],"tags":[],"class_list":{"0":"post-2577","1":"post","2":"type-post","3":"status-publish","4":"format-standard","6":"category-noticia"},"jetpack_publicize_connections":[],"acf":[],"yoast_head":"<!-- This site is optimized with the Yoast SEO plugin v25.2 - https:\/\/yoast.com\/wordpress\/plugins\/seo\/ -->\n<title>S\u00e9rie Parcerias LAPPIS: Oct\u00e1vio Bonet - Lappis 25 anos<\/title>\n<meta name=\"robots\" content=\"index, follow, max-snippet:-1, max-image-preview:large, max-video-preview:-1\" \/>\n<link rel=\"canonical\" href=\"https:\/\/lappis.org.br\/site\/serie-parcerias-lappis-octavio-bonet\/2577\" \/>\n<meta property=\"og:locale\" content=\"pt_BR\" \/>\n<meta property=\"og:type\" content=\"article\" \/>\n<meta property=\"og:title\" content=\"S\u00e9rie Parcerias LAPPIS: Oct\u00e1vio Bonet - Lappis 25 anos\" \/>\n<meta property=\"og:description\" content=\"Oct\u00e1vio Bonet possui gradua\u00e7\u00e3o em Licenciatura em Antropologia na Universidad Nacional de La Plata (1992), mestrado em Antropologia Social pela Universidade Federal do Rio de Janeiro (1996) e doutorado em Antropologia Social pela Universidade Federal do Rio de Janeiro (2003). Atualmente, \u00e9 Professor Adjunto II da Universidade Federal de Juiz de Fora. Sua experi\u00eancia na \u00e1rea de Antropologia, com \u00eanfase em Antropologia da Sa\u00fade e da Doen\u00e7a - atuando principalmente nos temas corpo, emo\u00e7\u00f5es, pessoa, saber m\u00e9dico e diversidade cultural &ndash; o trouxe ao LAPPIS. Nesta entrevista, Bonet destaca a import\u00e2ncia do interc\u00e2mbio entre profissionais e institui\u00e7\u00f5es para a \u00e1rea da Sa\u00fade Coletiva. [...]\" \/>\n<meta property=\"og:url\" content=\"https:\/\/lappis.org.br\/site\/serie-parcerias-lappis-octavio-bonet\/2577\" \/>\n<meta property=\"og:site_name\" content=\"Lappis 25 anos\" \/>\n<meta property=\"article:published_time\" content=\"2008-07-15T06:00:00+00:00\" \/>\n<meta name=\"author\" content=\"fw2\" \/>\n<meta name=\"twitter:card\" content=\"summary_large_image\" \/>\n<meta name=\"twitter:label1\" content=\"Escrito por\" \/>\n\t<meta name=\"twitter:data1\" content=\"fw2\" \/>\n\t<meta name=\"twitter:label2\" content=\"Est. tempo de leitura\" \/>\n\t<meta name=\"twitter:data2\" content=\"3 minutos\" \/>\n<script type=\"application\/ld+json\" class=\"yoast-schema-graph\">{\"@context\":\"https:\/\/schema.org\",\"@graph\":[{\"@type\":\"Article\",\"@id\":\"https:\/\/lappis.org.br\/site\/serie-parcerias-lappis-octavio-bonet\/2577#article\",\"isPartOf\":{\"@id\":\"https:\/\/lappis.org.br\/site\/serie-parcerias-lappis-octavio-bonet\/2577\"},\"author\":{\"name\":\"fw2\",\"@id\":\"https:\/\/lappis.org.br\/site\/#\/schema\/person\/3852381d08284b5e2716b20bd89bdbcf\"},\"headline\":\"S\u00e9rie Parcerias LAPPIS: Oct\u00e1vio Bonet\",\"datePublished\":\"2008-07-15T06:00:00+00:00\",\"mainEntityOfPage\":{\"@id\":\"https:\/\/lappis.org.br\/site\/serie-parcerias-lappis-octavio-bonet\/2577\"},\"wordCount\":512,\"commentCount\":0,\"publisher\":{\"@id\":\"https:\/\/lappis.org.br\/site\/#organization\"},\"articleSection\":[\"Not\u00edcia\"],\"inLanguage\":\"pt-BR\",\"potentialAction\":[{\"@type\":\"CommentAction\",\"name\":\"Comment\",\"target\":[\"https:\/\/lappis.org.br\/site\/serie-parcerias-lappis-octavio-bonet\/2577#respond\"]}]},{\"@type\":\"WebPage\",\"@id\":\"https:\/\/lappis.org.br\/site\/serie-parcerias-lappis-octavio-bonet\/2577\",\"url\":\"https:\/\/lappis.org.br\/site\/serie-parcerias-lappis-octavio-bonet\/2577\",\"name\":\"S\u00e9rie Parcerias LAPPIS: Oct\u00e1vio Bonet - Lappis 25 anos\",\"isPartOf\":{\"@id\":\"https:\/\/lappis.org.br\/site\/#website\"},\"datePublished\":\"2008-07-15T06:00:00+00:00\",\"breadcrumb\":{\"@id\":\"https:\/\/lappis.org.br\/site\/serie-parcerias-lappis-octavio-bonet\/2577#breadcrumb\"},\"inLanguage\":\"pt-BR\",\"potentialAction\":[{\"@type\":\"ReadAction\",\"target\":[\"https:\/\/lappis.org.br\/site\/serie-parcerias-lappis-octavio-bonet\/2577\"]}]},{\"@type\":\"BreadcrumbList\",\"@id\":\"https:\/\/lappis.org.br\/site\/serie-parcerias-lappis-octavio-bonet\/2577#breadcrumb\",\"itemListElement\":[{\"@type\":\"ListItem\",\"position\":1,\"name\":\"In\u00edcio\",\"item\":\"https:\/\/lappis.org.br\/site\/\"},{\"@type\":\"ListItem\",\"position\":2,\"name\":\"S\u00e9rie Parcerias LAPPIS: Oct\u00e1vio Bonet\"}]},{\"@type\":\"WebSite\",\"@id\":\"https:\/\/lappis.org.br\/site\/#website\",\"url\":\"https:\/\/lappis.org.br\/site\/\",\"name\":\"Lappis 25 anos\",\"description\":\"Labotat\u00f3rio de Pesquisas sobre Pr\u00e1ticas de Integralidade em Sa\u00fade\",\"publisher\":{\"@id\":\"https:\/\/lappis.org.br\/site\/#organization\"},\"potentialAction\":[{\"@type\":\"SearchAction\",\"target\":{\"@type\":\"EntryPoint\",\"urlTemplate\":\"https:\/\/lappis.org.br\/site\/?s={search_term_string}\"},\"query-input\":{\"@type\":\"PropertyValueSpecification\",\"valueRequired\":true,\"valueName\":\"search_term_string\"}}],\"inLanguage\":\"pt-BR\"},{\"@type\":\"Organization\",\"@id\":\"https:\/\/lappis.org.br\/site\/#organization\",\"name\":\"Lappis 25 anos\",\"url\":\"https:\/\/lappis.org.br\/site\/\",\"logo\":{\"@type\":\"ImageObject\",\"inLanguage\":\"pt-BR\",\"@id\":\"https:\/\/lappis.org.br\/site\/#\/schema\/logo\/image\/\",\"url\":\"https:\/\/lappis.org.br\/site\/wp-content\/uploads\/2025\/03\/logo-lappis25anos.png\",\"contentUrl\":\"https:\/\/lappis.org.br\/site\/wp-content\/uploads\/2025\/03\/logo-lappis25anos.png\",\"width\":388,\"height\":146,\"caption\":\"Lappis 25 anos\"},\"image\":{\"@id\":\"https:\/\/lappis.org.br\/site\/#\/schema\/logo\/image\/\"}},{\"@type\":\"Person\",\"@id\":\"https:\/\/lappis.org.br\/site\/#\/schema\/person\/3852381d08284b5e2716b20bd89bdbcf\",\"name\":\"fw2\",\"image\":{\"@type\":\"ImageObject\",\"inLanguage\":\"pt-BR\",\"@id\":\"https:\/\/lappis.org.br\/site\/#\/schema\/person\/image\/\",\"url\":\"https:\/\/secure.gravatar.com\/avatar\/c38472c0cdbde82d9b6fcc26adb3779d?s=96&d=mm&r=g\",\"contentUrl\":\"https:\/\/secure.gravatar.com\/avatar\/c38472c0cdbde82d9b6fcc26adb3779d?s=96&d=mm&r=g\",\"caption\":\"fw2\"},\"url\":\"https:\/\/lappis.org.br\/site\/author\/fw2\"}]}<\/script>\n<!-- \/ Yoast SEO plugin. -->","yoast_head_json":{"title":"S\u00e9rie Parcerias LAPPIS: Oct\u00e1vio Bonet - Lappis 25 anos","robots":{"index":"index","follow":"follow","max-snippet":"max-snippet:-1","max-image-preview":"max-image-preview:large","max-video-preview":"max-video-preview:-1"},"canonical":"https:\/\/lappis.org.br\/site\/serie-parcerias-lappis-octavio-bonet\/2577","og_locale":"pt_BR","og_type":"article","og_title":"S\u00e9rie Parcerias LAPPIS: Oct\u00e1vio Bonet - Lappis 25 anos","og_description":"Oct\u00e1vio Bonet possui gradua\u00e7\u00e3o em Licenciatura em Antropologia na Universidad Nacional de La Plata (1992), mestrado em Antropologia Social pela Universidade Federal do Rio de Janeiro (1996) e doutorado em Antropologia Social pela Universidade Federal do Rio de Janeiro (2003). Atualmente, \u00e9 Professor Adjunto II da Universidade Federal de Juiz de Fora. Sua experi\u00eancia na \u00e1rea de Antropologia, com \u00eanfase em Antropologia da Sa\u00fade e da Doen\u00e7a - atuando principalmente nos temas corpo, emo\u00e7\u00f5es, pessoa, saber m\u00e9dico e diversidade cultural &ndash; o trouxe ao LAPPIS. Nesta entrevista, Bonet destaca a import\u00e2ncia do interc\u00e2mbio entre profissionais e institui\u00e7\u00f5es para a \u00e1rea da Sa\u00fade Coletiva. [...]","og_url":"https:\/\/lappis.org.br\/site\/serie-parcerias-lappis-octavio-bonet\/2577","og_site_name":"Lappis 25 anos","article_published_time":"2008-07-15T06:00:00+00:00","author":"fw2","twitter_card":"summary_large_image","twitter_misc":{"Escrito por":"fw2","Est. tempo de leitura":"3 minutos"},"schema":{"@context":"https:\/\/schema.org","@graph":[{"@type":"Article","@id":"https:\/\/lappis.org.br\/site\/serie-parcerias-lappis-octavio-bonet\/2577#article","isPartOf":{"@id":"https:\/\/lappis.org.br\/site\/serie-parcerias-lappis-octavio-bonet\/2577"},"author":{"name":"fw2","@id":"https:\/\/lappis.org.br\/site\/#\/schema\/person\/3852381d08284b5e2716b20bd89bdbcf"},"headline":"S\u00e9rie Parcerias LAPPIS: Oct\u00e1vio Bonet","datePublished":"2008-07-15T06:00:00+00:00","mainEntityOfPage":{"@id":"https:\/\/lappis.org.br\/site\/serie-parcerias-lappis-octavio-bonet\/2577"},"wordCount":512,"commentCount":0,"publisher":{"@id":"https:\/\/lappis.org.br\/site\/#organization"},"articleSection":["Not\u00edcia"],"inLanguage":"pt-BR","potentialAction":[{"@type":"CommentAction","name":"Comment","target":["https:\/\/lappis.org.br\/site\/serie-parcerias-lappis-octavio-bonet\/2577#respond"]}]},{"@type":"WebPage","@id":"https:\/\/lappis.org.br\/site\/serie-parcerias-lappis-octavio-bonet\/2577","url":"https:\/\/lappis.org.br\/site\/serie-parcerias-lappis-octavio-bonet\/2577","name":"S\u00e9rie Parcerias LAPPIS: Oct\u00e1vio Bonet - Lappis 25 anos","isPartOf":{"@id":"https:\/\/lappis.org.br\/site\/#website"},"datePublished":"2008-07-15T06:00:00+00:00","breadcrumb":{"@id":"https:\/\/lappis.org.br\/site\/serie-parcerias-lappis-octavio-bonet\/2577#breadcrumb"},"inLanguage":"pt-BR","potentialAction":[{"@type":"ReadAction","target":["https:\/\/lappis.org.br\/site\/serie-parcerias-lappis-octavio-bonet\/2577"]}]},{"@type":"BreadcrumbList","@id":"https:\/\/lappis.org.br\/site\/serie-parcerias-lappis-octavio-bonet\/2577#breadcrumb","itemListElement":[{"@type":"ListItem","position":1,"name":"In\u00edcio","item":"https:\/\/lappis.org.br\/site\/"},{"@type":"ListItem","position":2,"name":"S\u00e9rie Parcerias LAPPIS: Oct\u00e1vio Bonet"}]},{"@type":"WebSite","@id":"https:\/\/lappis.org.br\/site\/#website","url":"https:\/\/lappis.org.br\/site\/","name":"Lappis 25 anos","description":"Labotat\u00f3rio de Pesquisas sobre Pr\u00e1ticas de Integralidade em Sa\u00fade","publisher":{"@id":"https:\/\/lappis.org.br\/site\/#organization"},"potentialAction":[{"@type":"SearchAction","target":{"@type":"EntryPoint","urlTemplate":"https:\/\/lappis.org.br\/site\/?s={search_term_string}"},"query-input":{"@type":"PropertyValueSpecification","valueRequired":true,"valueName":"search_term_string"}}],"inLanguage":"pt-BR"},{"@type":"Organization","@id":"https:\/\/lappis.org.br\/site\/#organization","name":"Lappis 25 anos","url":"https:\/\/lappis.org.br\/site\/","logo":{"@type":"ImageObject","inLanguage":"pt-BR","@id":"https:\/\/lappis.org.br\/site\/#\/schema\/logo\/image\/","url":"https:\/\/lappis.org.br\/site\/wp-content\/uploads\/2025\/03\/logo-lappis25anos.png","contentUrl":"https:\/\/lappis.org.br\/site\/wp-content\/uploads\/2025\/03\/logo-lappis25anos.png","width":388,"height":146,"caption":"Lappis 25 anos"},"image":{"@id":"https:\/\/lappis.org.br\/site\/#\/schema\/logo\/image\/"}},{"@type":"Person","@id":"https:\/\/lappis.org.br\/site\/#\/schema\/person\/3852381d08284b5e2716b20bd89bdbcf","name":"fw2","image":{"@type":"ImageObject","inLanguage":"pt-BR","@id":"https:\/\/lappis.org.br\/site\/#\/schema\/person\/image\/","url":"https:\/\/secure.gravatar.com\/avatar\/c38472c0cdbde82d9b6fcc26adb3779d?s=96&d=mm&r=g","contentUrl":"https:\/\/secure.gravatar.com\/avatar\/c38472c0cdbde82d9b6fcc26adb3779d?s=96&d=mm&r=g","caption":"fw2"},"url":"https:\/\/lappis.org.br\/site\/author\/fw2"}]}},"jetpack_featured_media_url":"","jetpack_shortlink":"https:\/\/wp.me\/p954Nh-Fz","jetpack_sharing_enabled":true,"_links":{"self":[{"href":"https:\/\/lappis.org.br\/site\/wp-json\/wp\/v2\/posts\/2577"}],"collection":[{"href":"https:\/\/lappis.org.br\/site\/wp-json\/wp\/v2\/posts"}],"about":[{"href":"https:\/\/lappis.org.br\/site\/wp-json\/wp\/v2\/types\/post"}],"author":[{"embeddable":true,"href":"https:\/\/lappis.org.br\/site\/wp-json\/wp\/v2\/users\/1"}],"replies":[{"embeddable":true,"href":"https:\/\/lappis.org.br\/site\/wp-json\/wp\/v2\/comments?post=2577"}],"version-history":[{"count":0,"href":"https:\/\/lappis.org.br\/site\/wp-json\/wp\/v2\/posts\/2577\/revisions"}],"wp:attachment":[{"href":"https:\/\/lappis.org.br\/site\/wp-json\/wp\/v2\/media?parent=2577"}],"wp:term":[{"taxonomy":"category","embeddable":true,"href":"https:\/\/lappis.org.br\/site\/wp-json\/wp\/v2\/categories?post=2577"},{"taxonomy":"post_tag","embeddable":true,"href":"https:\/\/lappis.org.br\/site\/wp-json\/wp\/v2\/tags?post=2577"}],"curies":[{"name":"wp","href":"https:\/\/api.w.org\/{rel}","templated":true}]}}