{"id":2571,"date":"2008-07-15T03:00:00","date_gmt":"2008-07-15T06:00:00","guid":{"rendered":"http:\/\/lappis.org.br\/site\/2008\/07\/15\/cuidar-do-cuidado-responsabilidade-com-a-integralidade-das-acoes-de-saude\/"},"modified":"2008-07-15T03:00:00","modified_gmt":"2008-07-15T06:00:00","slug":"cuidar-do-cuidado-responsabilidade-com-a-integralidade-das-acoes-de-saude","status":"publish","type":"post","link":"https:\/\/lappis.org.br\/site\/cuidar-do-cuidado-responsabilidade-com-a-integralidade-das-acoes-de-saude\/2571","title":{"rendered":"CUIDAR DO CUIDADO: Responsabilidade com a Integralidade das a\u00e7\u00f5es de sa\u00fade"},"content":{"rendered":"<p>O <em>Laborat\u00f3rio de Pesquisas sobre Pr\u00e1ticas de Integralidade em Sa\u00fade<\/em><span id=\"cke_bm_107S\" style=\"display: none;\">\u00a0<\/span><span style=\"display: none;\">\u00a0<\/span>-LAPPIS\/IMS da UERJ realiza o<span style=\"display: none;\">\u00a0<\/span><span id=\"cke_bm_107E\" style=\"display: none;\">\u00a0<\/span> <strong>VIII Semin\u00e1rio do Projeto Integralidade com o tema &ldquo;<\/strong><strong>CUIDAR DO CUIDADO: Responsabilidade com a Integralidade das a\u00e7\u00f5es de sa\u00fade&rdquo;. <\/strong><br \/>   As inscri\u00e7\u00f5es podem ser feitas on-line e v\u00e3o at\u00e9 o pr\u00f3ximo dia 15\/07\/08. Ainda h\u00e1 tempo para enviar os trabalhos. No site do LAPPIS constam todas as orienta\u00e7\u00f5es para a entrega de trabalhos.<\/p>\n<p> O objetivo \u00e9 aprofundar o tema central do evento em tr\u00eas eixos de discuss\u00e3o: ensino, pesquisa e servi\u00e7o. Ser\u00e3o organizadas tr\u00eas mesas de debates, com a exposi\u00e7\u00e3o de at\u00e9 15 trabalhos, coordenadas por integrantes do LAPPIS. Confira a programa\u00e7\u00e3o: <\/p>\n<p style=\"text-align: center;\"> \t<strong>Cuidar do cuidado: <\/strong><br \/> \t<strong>responsabilidade com a integralidade das a\u00e7\u00f5es de sa\u00fade. <\/strong><br \/> \t<strong>20 anos do SUS constitucional<\/strong><\/p>\n<p> \u00a0\u00a0 <strong>ATELI\u00ca DO CUIDADO: ENSINO &#8211; PESQUISA &#8211; SERVI\u00c7O<\/strong><br \/> \u00a0\u00a0\u00a0\u00a0\u00a0\u00a0\u00a0\u00a0\u00a0\u00a0\u00a0\u00a0\u00a0\u00a0\u00a0\u00a0\u00a0\u00a0\u00a0\u00a0\u00a0\u00a0\u00a0\u00a0\u00a0\u00a0\u00a0\u00a0<br \/> <strong>Coordenadores:<\/strong> Roseni Pinheiro e Ruben Araujo de Mattos<br \/> <strong>Data:<\/strong>10 a 12 de setembro de 2008<br \/> <strong>Hor\u00e1rio:<\/strong>das 9h \u00e0s 18h<br \/> <strong>Local:<\/strong>Audit\u00f3rio 11 (1\u00ba andar) &#8211; Universidade do Estado do Rio de Janeiro &#8211; UERJ<\/p>\n<p> <strong>10\/09 &#8211; 4\u00aa feira<\/strong><br \/> <strong>9h &#8211; 12h30min &ndash; Ateli\u00ea do Cuidado &ndash; Ensino &ndash; Pesquisa &#8211; Servi\u00e7o <\/strong><br \/> <strong>12h30min <\/strong>&#8211;<strong>13h30min<\/strong> <strong>&ndash;<\/strong> Intervalo para almo\u00e7o<br \/> <strong>13h30min <\/strong>&#8211;<strong>14h30min<\/strong> <strong>&ndash;<\/strong> Abertura<br \/> <strong>14h30min <\/strong>&#8211;<strong>15h &ndash; <\/strong>Confer\u00eancia de abertura<br \/> <strong>Cuidar: desafios \u00e9tico-pedag\u00f3gicos na sa\u00fade<\/strong><br \/> Madel Therezinha Luz (IMS-UERJ)<br \/> <strong>15h <\/strong>&#8211;<strong>17h30min<\/strong> <strong>&ndash;<\/strong> Mesa-redonda<br \/> <strong>Responsabilidade e decis\u00e3o no cuidado: \u00e9 poss\u00edvel fundar um <em>ethos<\/em> p\u00fablico na sa\u00fade?<\/strong><br \/> <strong>Coordena\u00e7\u00e3o:<\/strong>Roseni Pinheiro (IMS-UERJ)<br \/> <strong>Expositores:<\/strong>\u00a0\u00a0Beth\u00e2nia Assy (Direito-UERJ)<br \/> \u00a0\u00a0\u00a0\u00a0\u00a0\u00a0\u00a0\u00a0\u00a0\u00a0\u00a0\u00a0\u00a0\u00a0\u00a0\u00a0\u00a0\u00a0\u00a0\u00a0\u00a0Felipe Dutra Asensi (IUPERJ-FGV)<br \/> \u00a0\u00a0\u00a0\u00a0\u00a0\u00a0\u00a0\u00a0\u00a0\u00a0\u00a0\u00a0\u00a0\u00a0\u00a0\u00a0\u00a0\u00a0\u00a0\u00a0\u00a0Eduardo Stotz (ENSP-Fiocruz)<\/p>\n<p> <strong>11\/09 &#8211; 5\u00aa feira<\/strong><br \/> <strong>9h &#8211; 12h30min<\/strong><strong>&ndash;<\/strong> Mesa-redonda<br \/> <strong>O Outro como a face do cuidado: \u00e9 poss\u00edvel manter uma rela\u00e7\u00e3o de si com o Outro? <\/strong><br \/> <strong>Coordena\u00e7\u00e3o:<\/strong>Madel Therezinha Luz (IMS-UERJ)<br \/> <strong>Expositores:<\/strong>\u00a0\u00a0Jos\u00e9 Ricardo Ayres (Medicina-USP)<br \/> \u00a0\u00a0\u00a0\u00a0\u00a0\u00a0\u00a0\u00a0\u00a0\u00a0\u00a0\u00a0\u00a0\u00a0\u00a0\u00a0\u00a0\u00a0\u00a0\u00a0\u00a0Carlos Estellita-Lins (IFF-Fiocruz)<br \/> \u00a0\u00a0\u00a0\u00a0\u00a0\u00a0\u00a0\u00a0\u00a0\u00a0\u00a0\u00a0\u00a0\u00a0\u00a0\u00a0\u00a0\u00a0\u00a0\u00a0\u00a0Maria Elizabeth Barros de Barros (PPGPSI-UFES)<br \/> \u00a0\u00a0\u00a0\u00a0\u00a0\u00a0\u00a0\u00a0\u00a0\u00a0\u00a0\u00a0\u00a0\u00a0\u00a0\u00a0\u00a0\u00a0\u00a0\u00a0\u00a0Antonio Maia (PUC e UERJ)<br \/> <strong>12h30min &#8211; 13h30min &ndash;<\/strong>Intervalo para almo\u00e7o<br \/> <strong>13h30min &#8211; 17h &ndash;<\/strong>Mesa-redonda<br \/> <strong>Busca por cuidado como um condicionante de sa\u00fade: \u00e9 poss\u00edvel considerar a escolha do usu\u00e1rio na redefini\u00e7\u00e3o das a\u00e7\u00f5es de sa\u00fade?<\/strong><br \/> <strong>Coordena\u00e7\u00e3o:<\/strong>Roseni Pinheiro (IMS-UERJ)<br \/> <strong>Expositores:<\/strong>\u00a0\u00a0Paulo Henrique Martins (DCS-UFPE\/Nucem)<br \/> \u00a0\u00a0\u00a0\u00a0\u00a0\u00a0\u00a0\u00a0\u00a0\u00a0\u00a0\u00a0\u00a0\u00a0\u00a0\u00a0\u00a0\u00a0\u00a0\u00a0\u00a0Tatiana Gerhardt (Enfermagem-UFRGS)<br \/> \u00a0\u00a0\u00a0\u00a0\u00a0\u00a0\u00a0\u00a0\u00a0\u00a0\u00a0\u00a0\u00a0\u00a0\u00a0\u00a0\u00a0\u00a0\u00a0\u00a0\u00a0Alda Lacerda (EPSJV-Fiocruz)<br \/> \u00a0\u00a0\u00a0\u00a0\u00a0\u00a0\u00a0\u00a0\u00a0\u00a0\u00a0\u00a0\u00a0\u00a0\u00a0\u00a0\u00a0\u00a0\u00a0\u00a0Octavio Bonet (IFCHS-UFJF)<br \/> <strong>12\/09 &#8211; 6\u00aa feira<\/strong><br \/> <strong>9h &#8211; 12h30min &ndash;<\/strong>Mesa-redonda<br \/> <strong>\u00c9tica e t\u00e9cnica no cuidado: \u00e9 poss\u00edvel conciliar na pr\u00e1tica educativa na sa\u00fade?<\/strong><br \/> <strong>Coordena\u00e7\u00e3o:<\/strong>Regina L\u00facia M. Henriques (Enfermagem-UERJ)<br \/> <strong>Expositores:<\/strong>\u00a0\u00a0C\u00e9sar Favoreto (FCM-UERJ)<br \/> \u00a0\u00a0\u00a0\u00a0\u00a0\u00a0\u00a0\u00a0\u00a0\u00a0\u00a0\u00a0\u00a0\u00a0\u00a0\u00a0\u00a0\u00a0\u00a0\u00a0\u00a0Ana Heckert (PPGPSI-UFES)<br \/> \u00a0\u00a0\u00a0\u00a0\u00a0\u00a0\u00a0\u00a0\u00a0\u00a0\u00a0\u00a0\u00a0\u00a0\u00a0\u00a0\u00a0\u00a0\u00a0\u00a0\u00a0Elizangela Dittz (Hospital Sofia Feldman &#8211; BH)<br \/> \u00a0\u00a0\u00a0\u00a0\u00a0\u00a0\u00a0\u00a0\u00a0\u00a0\u00a0\u00a0\u00a0\u00a0\u00a0\u00a0\u00a0\u00a0\u00a0\u00a0\u00a0Lilian Koifman (ISC-UFF)<br \/> \u00a0\u00a0\u00a0\u00a0\u00a0\u00a0\u00a0\u00a0\u00a0\u00a0\u00a0\u00a0\u00a0\u00a0\u00a0\u00a0\u00a0\u00a0\u00a0\u00a0\u00a0Isabel Brasil (EPSJV-Fiocruz)<br \/> <strong>12h30min -13h30min &ndash;<\/strong>Intervalo para almo\u00e7o<br \/> <strong>13h30min &#8211; 17h &ndash;<\/strong>Mesa-redonda<br \/> <strong>Responsabilidade sanit\u00e1ria: \u00e9 poss\u00edvel definir o tamanho da integralidade no cuidado nos servi\u00e7os p\u00fablicos e privados?<\/strong><br \/> <strong>Coordena\u00e7\u00e3o:<\/strong>Ruben Araujo de Mattos (IMS-UERJ)<br \/> <strong>Expositores:<\/strong>\u00a0\u00a0Aluisio Gomes da Silva Jr. (ISC-UFF)<br \/> \u00a0\u00a0\u00a0\u00a0\u00a0\u00a0\u00a0\u00a0\u00a0\u00a0\u00a0\u00a0\u00a0\u00a0\u00a0\u00a0\u00a0\u00a0\u00a0\u00a0\u00a0Cristiani Vieira (ENSP-Fiocruz)<br \/> \u00a0\u00a0\u00a0\u00a0\u00a0\u00a0\u00a0\u00a0\u00a0\u00a0\u00a0\u00a0\u00a0\u00a0\u00a0\u00a0\u00a0\u00a0\u00a0\u00a0\u00a0Angela Salton Rotunno (MPF-RS)<br \/> \u00a0\u00a0\u00a0\u00a0\u00a0\u00a0\u00a0\u00a0\u00a0\u00a0\u00a0\u00a0\u00a0\u00a0\u00a0\u00a0\u00a0\u00a0\u00a0\u00a0\u00a0Representante do Conselho Nacional de Secret\u00e1rios Estaduais<br \/> \u00a0\u00a0\u00a0\u00a0\u00a0\u00a0\u00a0\u00a0\u00a0\u00a0\u00a0\u00a0\u00a0\u00a0\u00a0\u00a0\u00a0\u00a0\u00a0\u00a0 de Sa\u00fade<br \/> \u00a0\u00a0\u00a0\u00a0\u00a0\u00a0\u00a0\u00a0\u00a0\u00a0\u00a0\u00a0\u00a0\u00a0\u00a0\u00a0\u00a0\u00a0\u00a0\u00a0\u00a0Representante da Ag\u00eancia Nacional de Sa\u00fade<br \/> <strong>17h &ndash; Encerramento<\/strong><br \/> <strong>LAPPIS &#8211; Integralidade em Sa\u00fade<br \/> Institutode Medicina Social &#8211; UERJ<br \/> Tel: (21) 2587-7540\u00a0&#8211; Ramal 222<br \/> E-mail:<\/strong><a href=\"mailto:lappis.sus@ims.uerj.br\"><strong>lappis.sus@ims.uerj.br<\/strong><\/a><\/p>\n","protected":false},"excerpt":{"rendered":"<div class=\"mh-excerpt\"><p>O <em>Laborat\u00f3rio de Pesquisas sobre Pr\u00e1ticas de Integralidade em Sa\u00fade<\/em><span id=\"cke_bm_107S\" style=\"display: none;\">\u00a0<\/span><span style=\"display: none;\">\u00a0<\/span>-LAPPIS\/IMS da UERJ realiza o<span style=\"display: none;\">\u00a0<\/span><span id=\"cke_bm_107E\" style=\"display: none;\">\u00a0<\/span> <strong>VIII Semin\u00e1rio do Projeto Integralidade com o tema &ldquo;<\/strong><strong>CUIDAR DO CUIDADO: Responsabilidade com a Integralidade das a\u00e7\u00f5es de sa\u00fade&rdquo;. <\/strong><br \/>  <a class=\"mh-excerpt-more\" href=\"https:\/\/lappis.org.br\/site\/cuidar-do-cuidado-responsabilidade-com-a-integralidade-das-acoes-de-saude\/2571\" title=\"CUIDAR DO CUIDADO: Responsabilidade com a Integralidade das a\u00e7\u00f5es de sa\u00fade\">[&#8230;]<\/a><\/p>\n<\/div>","protected":false},"author":1,"featured_media":0,"comment_status":"open","ping_status":"open","sticky":false,"template":"","format":"standard","meta":{"_acf_changed":false,"_exactmetrics_skip_tracking":false,"_exactmetrics_sitenote_active":false,"_exactmetrics_sitenote_note":"","_exactmetrics_sitenote_category":0,"jetpack_post_was_ever_published":false,"_jetpack_newsletter_access":"","_jetpack_dont_email_post_to_subs":false,"_jetpack_newsletter_tier_id":0,"_jetpack_memberships_contains_paywalled_content":false,"_jetpack_memberships_contains_paid_content":false,"footnotes":"","jetpack_publicize_message":"","jetpack_publicize_feature_enabled":true,"jetpack_social_post_already_shared":false,"jetpack_social_options":{"image_generator_settings":{"template":"highway","enabled":false},"version":2}},"categories":[8],"tags":[],"class_list":{"0":"post-2571","1":"post","2":"type-post","3":"status-publish","4":"format-standard","6":"category-noticia"},"jetpack_publicize_connections":[],"acf":[],"yoast_head":"<!-- This site is optimized with the Yoast SEO plugin v25.2 - https:\/\/yoast.com\/wordpress\/plugins\/seo\/ -->\n<title>CUIDAR DO CUIDADO: Responsabilidade com a Integralidade das a\u00e7\u00f5es de sa\u00fade - Lappis 25 anos<\/title>\n<meta name=\"robots\" content=\"index, follow, max-snippet:-1, max-image-preview:large, max-video-preview:-1\" \/>\n<link rel=\"canonical\" href=\"https:\/\/lappis.org.br\/site\/cuidar-do-cuidado-responsabilidade-com-a-integralidade-das-acoes-de-saude\/2571\" \/>\n<meta property=\"og:locale\" content=\"pt_BR\" \/>\n<meta property=\"og:type\" content=\"article\" \/>\n<meta property=\"og:title\" content=\"CUIDAR DO CUIDADO: Responsabilidade com a Integralidade das a\u00e7\u00f5es de sa\u00fade - Lappis 25 anos\" \/>\n<meta property=\"og:description\" content=\"O Laborat\u00f3rio de Pesquisas sobre Pr\u00e1ticas de Integralidade em Sa\u00fade\u00a0\u00a0-LAPPIS\/IMS da UERJ realiza o\u00a0\u00a0 VIII Semin\u00e1rio do Projeto Integralidade com o tema &ldquo;CUIDAR DO CUIDADO: Responsabilidade com a Integralidade das a\u00e7\u00f5es de sa\u00fade&rdquo;.  [...]\" \/>\n<meta property=\"og:url\" content=\"https:\/\/lappis.org.br\/site\/cuidar-do-cuidado-responsabilidade-com-a-integralidade-das-acoes-de-saude\/2571\" \/>\n<meta property=\"og:site_name\" content=\"Lappis 25 anos\" \/>\n<meta property=\"article:published_time\" content=\"2008-07-15T06:00:00+00:00\" \/>\n<meta name=\"author\" content=\"fw2\" \/>\n<meta name=\"twitter:card\" content=\"summary_large_image\" \/>\n<meta name=\"twitter:label1\" content=\"Escrito por\" \/>\n\t<meta name=\"twitter:data1\" content=\"fw2\" \/>\n\t<meta name=\"twitter:label2\" content=\"Est. tempo de leitura\" \/>\n\t<meta name=\"twitter:data2\" content=\"3 minutos\" \/>\n<script type=\"application\/ld+json\" class=\"yoast-schema-graph\">{\"@context\":\"https:\/\/schema.org\",\"@graph\":[{\"@type\":\"Article\",\"@id\":\"https:\/\/lappis.org.br\/site\/cuidar-do-cuidado-responsabilidade-com-a-integralidade-das-acoes-de-saude\/2571#article\",\"isPartOf\":{\"@id\":\"https:\/\/lappis.org.br\/site\/cuidar-do-cuidado-responsabilidade-com-a-integralidade-das-acoes-de-saude\/2571\"},\"author\":{\"name\":\"fw2\",\"@id\":\"https:\/\/lappis.org.br\/site\/#\/schema\/person\/3852381d08284b5e2716b20bd89bdbcf\"},\"headline\":\"CUIDAR DO CUIDADO: Responsabilidade com a Integralidade das a\u00e7\u00f5es de sa\u00fade\",\"datePublished\":\"2008-07-15T06:00:00+00:00\",\"mainEntityOfPage\":{\"@id\":\"https:\/\/lappis.org.br\/site\/cuidar-do-cuidado-responsabilidade-com-a-integralidade-das-acoes-de-saude\/2571\"},\"wordCount\":553,\"commentCount\":0,\"publisher\":{\"@id\":\"https:\/\/lappis.org.br\/site\/#organization\"},\"articleSection\":[\"Not\u00edcia\"],\"inLanguage\":\"pt-BR\",\"potentialAction\":[{\"@type\":\"CommentAction\",\"name\":\"Comment\",\"target\":[\"https:\/\/lappis.org.br\/site\/cuidar-do-cuidado-responsabilidade-com-a-integralidade-das-acoes-de-saude\/2571#respond\"]}]},{\"@type\":\"WebPage\",\"@id\":\"https:\/\/lappis.org.br\/site\/cuidar-do-cuidado-responsabilidade-com-a-integralidade-das-acoes-de-saude\/2571\",\"url\":\"https:\/\/lappis.org.br\/site\/cuidar-do-cuidado-responsabilidade-com-a-integralidade-das-acoes-de-saude\/2571\",\"name\":\"CUIDAR DO CUIDADO: Responsabilidade com a Integralidade das a\u00e7\u00f5es de sa\u00fade - Lappis 25 anos\",\"isPartOf\":{\"@id\":\"https:\/\/lappis.org.br\/site\/#website\"},\"datePublished\":\"2008-07-15T06:00:00+00:00\",\"breadcrumb\":{\"@id\":\"https:\/\/lappis.org.br\/site\/cuidar-do-cuidado-responsabilidade-com-a-integralidade-das-acoes-de-saude\/2571#breadcrumb\"},\"inLanguage\":\"pt-BR\",\"potentialAction\":[{\"@type\":\"ReadAction\",\"target\":[\"https:\/\/lappis.org.br\/site\/cuidar-do-cuidado-responsabilidade-com-a-integralidade-das-acoes-de-saude\/2571\"]}]},{\"@type\":\"BreadcrumbList\",\"@id\":\"https:\/\/lappis.org.br\/site\/cuidar-do-cuidado-responsabilidade-com-a-integralidade-das-acoes-de-saude\/2571#breadcrumb\",\"itemListElement\":[{\"@type\":\"ListItem\",\"position\":1,\"name\":\"In\u00edcio\",\"item\":\"https:\/\/lappis.org.br\/site\/\"},{\"@type\":\"ListItem\",\"position\":2,\"name\":\"CUIDAR DO CUIDADO: Responsabilidade com a Integralidade das a\u00e7\u00f5es de sa\u00fade\"}]},{\"@type\":\"WebSite\",\"@id\":\"https:\/\/lappis.org.br\/site\/#website\",\"url\":\"https:\/\/lappis.org.br\/site\/\",\"name\":\"Lappis 25 anos\",\"description\":\"Labotat\u00f3rio de Pesquisas sobre Pr\u00e1ticas de Integralidade em Sa\u00fade\",\"publisher\":{\"@id\":\"https:\/\/lappis.org.br\/site\/#organization\"},\"potentialAction\":[{\"@type\":\"SearchAction\",\"target\":{\"@type\":\"EntryPoint\",\"urlTemplate\":\"https:\/\/lappis.org.br\/site\/?s={search_term_string}\"},\"query-input\":{\"@type\":\"PropertyValueSpecification\",\"valueRequired\":true,\"valueName\":\"search_term_string\"}}],\"inLanguage\":\"pt-BR\"},{\"@type\":\"Organization\",\"@id\":\"https:\/\/lappis.org.br\/site\/#organization\",\"name\":\"Lappis 25 anos\",\"url\":\"https:\/\/lappis.org.br\/site\/\",\"logo\":{\"@type\":\"ImageObject\",\"inLanguage\":\"pt-BR\",\"@id\":\"https:\/\/lappis.org.br\/site\/#\/schema\/logo\/image\/\",\"url\":\"https:\/\/lappis.org.br\/site\/wp-content\/uploads\/2025\/03\/logo-lappis25anos.png\",\"contentUrl\":\"https:\/\/lappis.org.br\/site\/wp-content\/uploads\/2025\/03\/logo-lappis25anos.png\",\"width\":388,\"height\":146,\"caption\":\"Lappis 25 anos\"},\"image\":{\"@id\":\"https:\/\/lappis.org.br\/site\/#\/schema\/logo\/image\/\"}},{\"@type\":\"Person\",\"@id\":\"https:\/\/lappis.org.br\/site\/#\/schema\/person\/3852381d08284b5e2716b20bd89bdbcf\",\"name\":\"fw2\",\"image\":{\"@type\":\"ImageObject\",\"inLanguage\":\"pt-BR\",\"@id\":\"https:\/\/lappis.org.br\/site\/#\/schema\/person\/image\/\",\"url\":\"https:\/\/secure.gravatar.com\/avatar\/c38472c0cdbde82d9b6fcc26adb3779d?s=96&d=mm&r=g\",\"contentUrl\":\"https:\/\/secure.gravatar.com\/avatar\/c38472c0cdbde82d9b6fcc26adb3779d?s=96&d=mm&r=g\",\"caption\":\"fw2\"},\"url\":\"https:\/\/lappis.org.br\/site\/author\/fw2\"}]}<\/script>\n<!-- \/ Yoast SEO plugin. -->","yoast_head_json":{"title":"CUIDAR DO CUIDADO: Responsabilidade com a Integralidade das a\u00e7\u00f5es de sa\u00fade - Lappis 25 anos","robots":{"index":"index","follow":"follow","max-snippet":"max-snippet:-1","max-image-preview":"max-image-preview:large","max-video-preview":"max-video-preview:-1"},"canonical":"https:\/\/lappis.org.br\/site\/cuidar-do-cuidado-responsabilidade-com-a-integralidade-das-acoes-de-saude\/2571","og_locale":"pt_BR","og_type":"article","og_title":"CUIDAR DO CUIDADO: Responsabilidade com a Integralidade das a\u00e7\u00f5es de sa\u00fade - Lappis 25 anos","og_description":"O Laborat\u00f3rio de Pesquisas sobre Pr\u00e1ticas de Integralidade em Sa\u00fade\u00a0\u00a0-LAPPIS\/IMS da UERJ realiza o\u00a0\u00a0 VIII Semin\u00e1rio do Projeto Integralidade com o tema &ldquo;CUIDAR DO CUIDADO: Responsabilidade com a Integralidade das a\u00e7\u00f5es de sa\u00fade&rdquo;.  [...]","og_url":"https:\/\/lappis.org.br\/site\/cuidar-do-cuidado-responsabilidade-com-a-integralidade-das-acoes-de-saude\/2571","og_site_name":"Lappis 25 anos","article_published_time":"2008-07-15T06:00:00+00:00","author":"fw2","twitter_card":"summary_large_image","twitter_misc":{"Escrito por":"fw2","Est. tempo de leitura":"3 minutos"},"schema":{"@context":"https:\/\/schema.org","@graph":[{"@type":"Article","@id":"https:\/\/lappis.org.br\/site\/cuidar-do-cuidado-responsabilidade-com-a-integralidade-das-acoes-de-saude\/2571#article","isPartOf":{"@id":"https:\/\/lappis.org.br\/site\/cuidar-do-cuidado-responsabilidade-com-a-integralidade-das-acoes-de-saude\/2571"},"author":{"name":"fw2","@id":"https:\/\/lappis.org.br\/site\/#\/schema\/person\/3852381d08284b5e2716b20bd89bdbcf"},"headline":"CUIDAR DO CUIDADO: Responsabilidade com a Integralidade das a\u00e7\u00f5es de sa\u00fade","datePublished":"2008-07-15T06:00:00+00:00","mainEntityOfPage":{"@id":"https:\/\/lappis.org.br\/site\/cuidar-do-cuidado-responsabilidade-com-a-integralidade-das-acoes-de-saude\/2571"},"wordCount":553,"commentCount":0,"publisher":{"@id":"https:\/\/lappis.org.br\/site\/#organization"},"articleSection":["Not\u00edcia"],"inLanguage":"pt-BR","potentialAction":[{"@type":"CommentAction","name":"Comment","target":["https:\/\/lappis.org.br\/site\/cuidar-do-cuidado-responsabilidade-com-a-integralidade-das-acoes-de-saude\/2571#respond"]}]},{"@type":"WebPage","@id":"https:\/\/lappis.org.br\/site\/cuidar-do-cuidado-responsabilidade-com-a-integralidade-das-acoes-de-saude\/2571","url":"https:\/\/lappis.org.br\/site\/cuidar-do-cuidado-responsabilidade-com-a-integralidade-das-acoes-de-saude\/2571","name":"CUIDAR DO CUIDADO: Responsabilidade com a Integralidade das a\u00e7\u00f5es de sa\u00fade - Lappis 25 anos","isPartOf":{"@id":"https:\/\/lappis.org.br\/site\/#website"},"datePublished":"2008-07-15T06:00:00+00:00","breadcrumb":{"@id":"https:\/\/lappis.org.br\/site\/cuidar-do-cuidado-responsabilidade-com-a-integralidade-das-acoes-de-saude\/2571#breadcrumb"},"inLanguage":"pt-BR","potentialAction":[{"@type":"ReadAction","target":["https:\/\/lappis.org.br\/site\/cuidar-do-cuidado-responsabilidade-com-a-integralidade-das-acoes-de-saude\/2571"]}]},{"@type":"BreadcrumbList","@id":"https:\/\/lappis.org.br\/site\/cuidar-do-cuidado-responsabilidade-com-a-integralidade-das-acoes-de-saude\/2571#breadcrumb","itemListElement":[{"@type":"ListItem","position":1,"name":"In\u00edcio","item":"https:\/\/lappis.org.br\/site\/"},{"@type":"ListItem","position":2,"name":"CUIDAR DO CUIDADO: Responsabilidade com a Integralidade das a\u00e7\u00f5es de sa\u00fade"}]},{"@type":"WebSite","@id":"https:\/\/lappis.org.br\/site\/#website","url":"https:\/\/lappis.org.br\/site\/","name":"Lappis 25 anos","description":"Labotat\u00f3rio de Pesquisas sobre Pr\u00e1ticas de Integralidade em Sa\u00fade","publisher":{"@id":"https:\/\/lappis.org.br\/site\/#organization"},"potentialAction":[{"@type":"SearchAction","target":{"@type":"EntryPoint","urlTemplate":"https:\/\/lappis.org.br\/site\/?s={search_term_string}"},"query-input":{"@type":"PropertyValueSpecification","valueRequired":true,"valueName":"search_term_string"}}],"inLanguage":"pt-BR"},{"@type":"Organization","@id":"https:\/\/lappis.org.br\/site\/#organization","name":"Lappis 25 anos","url":"https:\/\/lappis.org.br\/site\/","logo":{"@type":"ImageObject","inLanguage":"pt-BR","@id":"https:\/\/lappis.org.br\/site\/#\/schema\/logo\/image\/","url":"https:\/\/lappis.org.br\/site\/wp-content\/uploads\/2025\/03\/logo-lappis25anos.png","contentUrl":"https:\/\/lappis.org.br\/site\/wp-content\/uploads\/2025\/03\/logo-lappis25anos.png","width":388,"height":146,"caption":"Lappis 25 anos"},"image":{"@id":"https:\/\/lappis.org.br\/site\/#\/schema\/logo\/image\/"}},{"@type":"Person","@id":"https:\/\/lappis.org.br\/site\/#\/schema\/person\/3852381d08284b5e2716b20bd89bdbcf","name":"fw2","image":{"@type":"ImageObject","inLanguage":"pt-BR","@id":"https:\/\/lappis.org.br\/site\/#\/schema\/person\/image\/","url":"https:\/\/secure.gravatar.com\/avatar\/c38472c0cdbde82d9b6fcc26adb3779d?s=96&d=mm&r=g","contentUrl":"https:\/\/secure.gravatar.com\/avatar\/c38472c0cdbde82d9b6fcc26adb3779d?s=96&d=mm&r=g","caption":"fw2"},"url":"https:\/\/lappis.org.br\/site\/author\/fw2"}]}},"jetpack_featured_media_url":"","jetpack_shortlink":"https:\/\/wp.me\/p954Nh-Ft","jetpack_sharing_enabled":true,"_links":{"self":[{"href":"https:\/\/lappis.org.br\/site\/wp-json\/wp\/v2\/posts\/2571"}],"collection":[{"href":"https:\/\/lappis.org.br\/site\/wp-json\/wp\/v2\/posts"}],"about":[{"href":"https:\/\/lappis.org.br\/site\/wp-json\/wp\/v2\/types\/post"}],"author":[{"embeddable":true,"href":"https:\/\/lappis.org.br\/site\/wp-json\/wp\/v2\/users\/1"}],"replies":[{"embeddable":true,"href":"https:\/\/lappis.org.br\/site\/wp-json\/wp\/v2\/comments?post=2571"}],"version-history":[{"count":0,"href":"https:\/\/lappis.org.br\/site\/wp-json\/wp\/v2\/posts\/2571\/revisions"}],"wp:attachment":[{"href":"https:\/\/lappis.org.br\/site\/wp-json\/wp\/v2\/media?parent=2571"}],"wp:term":[{"taxonomy":"category","embeddable":true,"href":"https:\/\/lappis.org.br\/site\/wp-json\/wp\/v2\/categories?post=2571"},{"taxonomy":"post_tag","embeddable":true,"href":"https:\/\/lappis.org.br\/site\/wp-json\/wp\/v2\/tags?post=2571"}],"curies":[{"name":"wp","href":"https:\/\/api.w.org\/{rel}","templated":true}]}}