{"id":2561,"date":"2008-07-02T03:00:00","date_gmt":"2008-07-02T06:00:00","guid":{"rendered":"http:\/\/lappis.org.br\/site\/2008\/07\/02\/entrevista-rodrigo-pinheiro-da-ufac\/"},"modified":"2008-07-02T03:00:00","modified_gmt":"2008-07-02T06:00:00","slug":"entrevista-rodrigo-pinheiro-da-ufac","status":"publish","type":"post","link":"https:\/\/lappis.org.br\/site\/entrevista-rodrigo-pinheiro-da-ufac\/2561","title":{"rendered":"Entrevista Rodrigo Pinheiro da UFAC"},"content":{"rendered":"<p><strong><img decoding=\"async\" data-attachment-id=\"2560\" data-permalink=\"https:\/\/lappis.org.br\/site\/entrevista-rodrigo-pinheiro-da-ufac\/2561\/attachment-alt-421\" data-orig-file=\"https:\/\/lappis.org.br\/site\/wp-content\/uploads\/2008\/07\/rodrigopinheiro.jpg\" data-orig-size=\"173,256\" data-comments-opened=\"1\" data-image-meta=\"{&quot;aperture&quot;:&quot;0&quot;,&quot;credit&quot;:&quot;&quot;,&quot;camera&quot;:&quot;&quot;,&quot;caption&quot;:&quot;&quot;,&quot;created_timestamp&quot;:&quot;0&quot;,&quot;copyright&quot;:&quot;&quot;,&quot;focal_length&quot;:&quot;0&quot;,&quot;iso&quot;:&quot;0&quot;,&quot;shutter_speed&quot;:&quot;0&quot;,&quot;title&quot;:&quot;&quot;,&quot;orientation&quot;:&quot;0&quot;}\" data-image-title=\"alt\" data-image-description=\"\" data-image-caption=\"\" data-medium-file=\"https:\/\/lappis.org.br\/site\/wp-content\/uploads\/2008\/07\/rodrigopinheiro.jpg\" data-large-file=\"https:\/\/lappis.org.br\/site\/wp-content\/uploads\/2008\/07\/rodrigopinheiro.jpg\" class=\" alignright size-full wp-image-2560\" alt=\"alt\" src=\"http:\/\/lappis.org.br\/site\/wp-content\/uploads\/2008\/07\/rodrigopinheiro.jpg\" style=\"margin: 5px; float: right;\" width=\"173\" height=\"256\" \/>Rodrigo Pinheiro <\/strong>tem como experi\u00eancia, resid\u00eancia em Medicina de Fam\u00edlia e Comunidade pela Universidade do Estado do Rio de Janeiro (2000) e mestrado em Medicina pela Universidade Federal da Bahia (2003). Atualmente \u00e9 professor assistente da Universidade Federal do Acre e gerente de sa\u00fade do Centro de Forma\u00e7\u00e3o em Sa\u00fade da Fam\u00edlia Tucum\u00e3, em Rio Branco-Acre.<br \/>   <strong>BoletIN &#8211; O que pensa sobre a produ\u00e7\u00e3o do LAPPIS? Gostaria de destacar alguma pesquisa, trabalho ou uma publica\u00e7\u00e3o espec\u00edfica?<\/strong><br \/> <strong>Rodrigo &#8211;<\/strong>Com rela\u00e7\u00e3o \u00e0 publica\u00e7\u00e3o, o LAPPIS \u00e9 exuberante no assunto Integralidade. Todas as publica\u00e7\u00f5es caminham num sentido de estar destrinchando esse mundo. Eu gostaria de destacar um trabalho que iniciamos nesta parceria, que \u00e9 o ENSINASUS onde podemos trabalhar as quest\u00f5es relacionadas a \u00e1rea de sa\u00fade, a forma\u00e7\u00e3o\u00a0 e o nosso curso de medicina da Universidade Federal do Acre &ndash; UFAC, que teve visibilidade nesse momento, nesta pesquisa.<\/p>\n<p> <strong>BoletIN &#8211; Na sua opini\u00e3o, qual a import\u00e2ncia da pesquisa em Integralidade para a sa\u00fade coletiva?<\/strong><br \/> <strong>Rodrigo &#8211;<\/strong>\u00c9 fundamental por que este conceito n\u00e3o est\u00e1 estabelecido, e \u00e9 preciso avan\u00e7ar cientificamente nas pr\u00e1ticas que dizem respeito a este conceito, ent\u00e3o a pesquisa do LAPPIS \u00e9 fundamental para qualificar este que \u00e9 um princ\u00edpio do Sistema \u00danico de Sa\u00fade &#8211; SUS.<\/p>\n<p> <strong>BoletIN &#8211; Fale sobre a parceria com LAPPIS, como funciona e os benef\u00edcios para ambas as partes? <\/strong><br \/> <strong>Rodrigo &#8211;<\/strong> N\u00f3s temos uma parceria desde 2003 e compomos o sitio norte do LAPPIS que \u00e9 na Universidade Federal do Acre e a gente participa das pesquisas de v\u00e1rios centros, que s\u00e3o pesquisas multic\u00eantricas e isso nos ajuda, em nossa produ\u00e7\u00e3o cientifica e na nossa produ\u00e7\u00e3o acad\u00eamica na regi\u00e3o norte. E ao mesmo tempo ajuda o LAPPIS no processo de coopera\u00e7\u00e3o interinstitucional com outras universidades, desta forma, a parceria efetivamente funciona em v\u00e1rios projetos de pesquisa que acontecem.<\/p>\n<p> <strong>BoletIN &#8211; Planos para o futuro desta parceria? Projetos, outras parcerias?<\/strong><br \/> <strong>Rodrigo &#8211;<\/strong>Nesta oficina estamos construindo um novo trabalho, e todos os projetos em que o Estado do Acre possa se beneficiar, n\u00f3s estaremos juntos, e isso pode aumentar a nossa produ\u00e7\u00e3o, o que possibilita tamb\u00e9m o aumento da titula\u00e7\u00e3o de pesquisadores a ponto de compor um grupo no Estado do Acre, efetivar processos de gradua\u00e7\u00e3o e p\u00f3s-gradua\u00e7\u00e3o para dar visibilidade de como acontece na regi\u00e3o norte.<br \/> \u00a0<br \/> \u00a0<br \/> \u00a0<\/p>\n","protected":false},"excerpt":{"rendered":"<div class=\"mh-excerpt\"><p><strong><img decoding=\"async\" class=\" alignright size-full wp-image-2560\" alt=\"alt\" src=\"http:\/\/lappis.org.br\/site\/wp-content\/uploads\/2008\/07\/rodrigopinheiro.jpg\" style=\"margin: 5px; float: right;\" width=\"173\" height=\"256\" \/>Rodrigo Pinheiro <\/strong>tem como experi\u00eancia, resid\u00eancia em Medicina de Fam\u00edlia e Comunidade pela Universidade do Estado do Rio de Janeiro (2000) e mestrado em Medicina pela Universidade Federal da Bahia (2003). Atualmente \u00e9 professor assistente da Universidade Federal do Acre e gerente de sa\u00fade do Centro de Forma\u00e7\u00e3o em Sa\u00fade da Fam\u00edlia Tucum\u00e3, em Rio Branco-Acre.<br \/>  <a class=\"mh-excerpt-more\" href=\"https:\/\/lappis.org.br\/site\/entrevista-rodrigo-pinheiro-da-ufac\/2561\" title=\"Entrevista Rodrigo Pinheiro da UFAC\">[&#8230;]<\/a><\/p>\n<\/div>","protected":false},"author":1,"featured_media":2559,"comment_status":"open","ping_status":"open","sticky":false,"template":"","format":"standard","meta":{"_acf_changed":false,"_exactmetrics_skip_tracking":false,"_exactmetrics_sitenote_active":false,"_exactmetrics_sitenote_note":"","_exactmetrics_sitenote_category":0,"jetpack_post_was_ever_published":false,"_jetpack_newsletter_access":"","_jetpack_dont_email_post_to_subs":false,"_jetpack_newsletter_tier_id":0,"_jetpack_memberships_contains_paywalled_content":false,"_jetpack_memberships_contains_paid_content":false,"footnotes":"","jetpack_publicize_message":"","jetpack_publicize_feature_enabled":true,"jetpack_social_post_already_shared":false,"jetpack_social_options":{"image_generator_settings":{"template":"highway","enabled":false},"version":2}},"categories":[8],"tags":[],"class_list":{"0":"post-2561","1":"post","2":"type-post","3":"status-publish","4":"format-standard","5":"has-post-thumbnail","7":"category-noticia"},"jetpack_publicize_connections":[],"acf":[],"yoast_head":"<!-- This site is optimized with the Yoast SEO plugin v25.2 - https:\/\/yoast.com\/wordpress\/plugins\/seo\/ -->\n<title>Entrevista Rodrigo Pinheiro da UFAC - Lappis 25 anos<\/title>\n<meta name=\"robots\" content=\"index, follow, max-snippet:-1, max-image-preview:large, max-video-preview:-1\" \/>\n<link rel=\"canonical\" href=\"https:\/\/lappis.org.br\/site\/entrevista-rodrigo-pinheiro-da-ufac\/2561\" \/>\n<meta property=\"og:locale\" content=\"pt_BR\" \/>\n<meta property=\"og:type\" content=\"article\" \/>\n<meta property=\"og:title\" content=\"Entrevista Rodrigo Pinheiro da UFAC - Lappis 25 anos\" \/>\n<meta property=\"og:description\" content=\"Rodrigo Pinheiro tem como experi\u00eancia, resid\u00eancia em Medicina de Fam\u00edlia e Comunidade pela Universidade do Estado do Rio de Janeiro (2000) e mestrado em Medicina pela Universidade Federal da Bahia (2003). Atualmente \u00e9 professor assistente da Universidade Federal do Acre e gerente de sa\u00fade do Centro de Forma\u00e7\u00e3o em Sa\u00fade da Fam\u00edlia Tucum\u00e3, em Rio Branco-Acre. [...]\" \/>\n<meta property=\"og:url\" content=\"https:\/\/lappis.org.br\/site\/entrevista-rodrigo-pinheiro-da-ufac\/2561\" \/>\n<meta property=\"og:site_name\" content=\"Lappis 25 anos\" \/>\n<meta property=\"article:published_time\" content=\"2008-07-02T06:00:00+00:00\" \/>\n<meta property=\"og:image\" content=\"https:\/\/lappis.org.br\/site\/wp-content\/uploads\/2008\/07\/rodrigopinheiro.jpg\" \/>\n\t<meta property=\"og:image:width\" content=\"173\" \/>\n\t<meta property=\"og:image:height\" content=\"256\" \/>\n\t<meta property=\"og:image:type\" content=\"image\/jpeg\" \/>\n<meta name=\"author\" content=\"fw2\" \/>\n<meta name=\"twitter:card\" content=\"summary_large_image\" \/>\n<meta name=\"twitter:label1\" content=\"Escrito por\" \/>\n\t<meta name=\"twitter:data1\" content=\"fw2\" \/>\n\t<meta name=\"twitter:label2\" content=\"Est. tempo de leitura\" \/>\n\t<meta name=\"twitter:data2\" content=\"2 minutos\" \/>\n<script type=\"application\/ld+json\" class=\"yoast-schema-graph\">{\"@context\":\"https:\/\/schema.org\",\"@graph\":[{\"@type\":\"Article\",\"@id\":\"https:\/\/lappis.org.br\/site\/entrevista-rodrigo-pinheiro-da-ufac\/2561#article\",\"isPartOf\":{\"@id\":\"https:\/\/lappis.org.br\/site\/entrevista-rodrigo-pinheiro-da-ufac\/2561\"},\"author\":{\"name\":\"fw2\",\"@id\":\"https:\/\/lappis.org.br\/site\/#\/schema\/person\/3852381d08284b5e2716b20bd89bdbcf\"},\"headline\":\"Entrevista Rodrigo Pinheiro da UFAC\",\"datePublished\":\"2008-07-02T06:00:00+00:00\",\"mainEntityOfPage\":{\"@id\":\"https:\/\/lappis.org.br\/site\/entrevista-rodrigo-pinheiro-da-ufac\/2561\"},\"wordCount\":416,\"commentCount\":0,\"publisher\":{\"@id\":\"https:\/\/lappis.org.br\/site\/#organization\"},\"image\":{\"@id\":\"https:\/\/lappis.org.br\/site\/entrevista-rodrigo-pinheiro-da-ufac\/2561#primaryimage\"},\"thumbnailUrl\":\"https:\/\/lappis.org.br\/site\/wp-content\/uploads\/2008\/07\/rodrigopinheiro.jpg\",\"articleSection\":[\"Not\u00edcia\"],\"inLanguage\":\"pt-BR\",\"potentialAction\":[{\"@type\":\"CommentAction\",\"name\":\"Comment\",\"target\":[\"https:\/\/lappis.org.br\/site\/entrevista-rodrigo-pinheiro-da-ufac\/2561#respond\"]}]},{\"@type\":\"WebPage\",\"@id\":\"https:\/\/lappis.org.br\/site\/entrevista-rodrigo-pinheiro-da-ufac\/2561\",\"url\":\"https:\/\/lappis.org.br\/site\/entrevista-rodrigo-pinheiro-da-ufac\/2561\",\"name\":\"Entrevista Rodrigo Pinheiro da UFAC - Lappis 25 anos\",\"isPartOf\":{\"@id\":\"https:\/\/lappis.org.br\/site\/#website\"},\"primaryImageOfPage\":{\"@id\":\"https:\/\/lappis.org.br\/site\/entrevista-rodrigo-pinheiro-da-ufac\/2561#primaryimage\"},\"image\":{\"@id\":\"https:\/\/lappis.org.br\/site\/entrevista-rodrigo-pinheiro-da-ufac\/2561#primaryimage\"},\"thumbnailUrl\":\"https:\/\/lappis.org.br\/site\/wp-content\/uploads\/2008\/07\/rodrigopinheiro.jpg\",\"datePublished\":\"2008-07-02T06:00:00+00:00\",\"breadcrumb\":{\"@id\":\"https:\/\/lappis.org.br\/site\/entrevista-rodrigo-pinheiro-da-ufac\/2561#breadcrumb\"},\"inLanguage\":\"pt-BR\",\"potentialAction\":[{\"@type\":\"ReadAction\",\"target\":[\"https:\/\/lappis.org.br\/site\/entrevista-rodrigo-pinheiro-da-ufac\/2561\"]}]},{\"@type\":\"ImageObject\",\"inLanguage\":\"pt-BR\",\"@id\":\"https:\/\/lappis.org.br\/site\/entrevista-rodrigo-pinheiro-da-ufac\/2561#primaryimage\",\"url\":\"https:\/\/lappis.org.br\/site\/wp-content\/uploads\/2008\/07\/rodrigopinheiro.jpg\",\"contentUrl\":\"https:\/\/lappis.org.br\/site\/wp-content\/uploads\/2008\/07\/rodrigopinheiro.jpg\",\"width\":173,\"height\":256,\"caption\":\"alt\"},{\"@type\":\"BreadcrumbList\",\"@id\":\"https:\/\/lappis.org.br\/site\/entrevista-rodrigo-pinheiro-da-ufac\/2561#breadcrumb\",\"itemListElement\":[{\"@type\":\"ListItem\",\"position\":1,\"name\":\"In\u00edcio\",\"item\":\"https:\/\/lappis.org.br\/site\/\"},{\"@type\":\"ListItem\",\"position\":2,\"name\":\"Entrevista Rodrigo Pinheiro da UFAC\"}]},{\"@type\":\"WebSite\",\"@id\":\"https:\/\/lappis.org.br\/site\/#website\",\"url\":\"https:\/\/lappis.org.br\/site\/\",\"name\":\"Lappis 25 anos\",\"description\":\"Labotat\u00f3rio de Pesquisas sobre Pr\u00e1ticas de Integralidade em Sa\u00fade\",\"publisher\":{\"@id\":\"https:\/\/lappis.org.br\/site\/#organization\"},\"potentialAction\":[{\"@type\":\"SearchAction\",\"target\":{\"@type\":\"EntryPoint\",\"urlTemplate\":\"https:\/\/lappis.org.br\/site\/?s={search_term_string}\"},\"query-input\":{\"@type\":\"PropertyValueSpecification\",\"valueRequired\":true,\"valueName\":\"search_term_string\"}}],\"inLanguage\":\"pt-BR\"},{\"@type\":\"Organization\",\"@id\":\"https:\/\/lappis.org.br\/site\/#organization\",\"name\":\"Lappis 25 anos\",\"url\":\"https:\/\/lappis.org.br\/site\/\",\"logo\":{\"@type\":\"ImageObject\",\"inLanguage\":\"pt-BR\",\"@id\":\"https:\/\/lappis.org.br\/site\/#\/schema\/logo\/image\/\",\"url\":\"https:\/\/lappis.org.br\/site\/wp-content\/uploads\/2025\/03\/logo-lappis25anos.png\",\"contentUrl\":\"https:\/\/lappis.org.br\/site\/wp-content\/uploads\/2025\/03\/logo-lappis25anos.png\",\"width\":388,\"height\":146,\"caption\":\"Lappis 25 anos\"},\"image\":{\"@id\":\"https:\/\/lappis.org.br\/site\/#\/schema\/logo\/image\/\"}},{\"@type\":\"Person\",\"@id\":\"https:\/\/lappis.org.br\/site\/#\/schema\/person\/3852381d08284b5e2716b20bd89bdbcf\",\"name\":\"fw2\",\"image\":{\"@type\":\"ImageObject\",\"inLanguage\":\"pt-BR\",\"@id\":\"https:\/\/lappis.org.br\/site\/#\/schema\/person\/image\/\",\"url\":\"https:\/\/secure.gravatar.com\/avatar\/c38472c0cdbde82d9b6fcc26adb3779d?s=96&d=mm&r=g\",\"contentUrl\":\"https:\/\/secure.gravatar.com\/avatar\/c38472c0cdbde82d9b6fcc26adb3779d?s=96&d=mm&r=g\",\"caption\":\"fw2\"},\"url\":\"https:\/\/lappis.org.br\/site\/author\/fw2\"}]}<\/script>\n<!-- \/ Yoast SEO plugin. -->","yoast_head_json":{"title":"Entrevista Rodrigo Pinheiro da UFAC - Lappis 25 anos","robots":{"index":"index","follow":"follow","max-snippet":"max-snippet:-1","max-image-preview":"max-image-preview:large","max-video-preview":"max-video-preview:-1"},"canonical":"https:\/\/lappis.org.br\/site\/entrevista-rodrigo-pinheiro-da-ufac\/2561","og_locale":"pt_BR","og_type":"article","og_title":"Entrevista Rodrigo Pinheiro da UFAC - Lappis 25 anos","og_description":"Rodrigo Pinheiro tem como experi\u00eancia, resid\u00eancia em Medicina de Fam\u00edlia e Comunidade pela Universidade do Estado do Rio de Janeiro (2000) e mestrado em Medicina pela Universidade Federal da Bahia (2003). Atualmente \u00e9 professor assistente da Universidade Federal do Acre e gerente de sa\u00fade do Centro de Forma\u00e7\u00e3o em Sa\u00fade da Fam\u00edlia Tucum\u00e3, em Rio Branco-Acre. [...]","og_url":"https:\/\/lappis.org.br\/site\/entrevista-rodrigo-pinheiro-da-ufac\/2561","og_site_name":"Lappis 25 anos","article_published_time":"2008-07-02T06:00:00+00:00","og_image":[{"width":173,"height":256,"url":"https:\/\/lappis.org.br\/site\/wp-content\/uploads\/2008\/07\/rodrigopinheiro.jpg","type":"image\/jpeg"}],"author":"fw2","twitter_card":"summary_large_image","twitter_misc":{"Escrito por":"fw2","Est. tempo de leitura":"2 minutos"},"schema":{"@context":"https:\/\/schema.org","@graph":[{"@type":"Article","@id":"https:\/\/lappis.org.br\/site\/entrevista-rodrigo-pinheiro-da-ufac\/2561#article","isPartOf":{"@id":"https:\/\/lappis.org.br\/site\/entrevista-rodrigo-pinheiro-da-ufac\/2561"},"author":{"name":"fw2","@id":"https:\/\/lappis.org.br\/site\/#\/schema\/person\/3852381d08284b5e2716b20bd89bdbcf"},"headline":"Entrevista Rodrigo Pinheiro da UFAC","datePublished":"2008-07-02T06:00:00+00:00","mainEntityOfPage":{"@id":"https:\/\/lappis.org.br\/site\/entrevista-rodrigo-pinheiro-da-ufac\/2561"},"wordCount":416,"commentCount":0,"publisher":{"@id":"https:\/\/lappis.org.br\/site\/#organization"},"image":{"@id":"https:\/\/lappis.org.br\/site\/entrevista-rodrigo-pinheiro-da-ufac\/2561#primaryimage"},"thumbnailUrl":"https:\/\/lappis.org.br\/site\/wp-content\/uploads\/2008\/07\/rodrigopinheiro.jpg","articleSection":["Not\u00edcia"],"inLanguage":"pt-BR","potentialAction":[{"@type":"CommentAction","name":"Comment","target":["https:\/\/lappis.org.br\/site\/entrevista-rodrigo-pinheiro-da-ufac\/2561#respond"]}]},{"@type":"WebPage","@id":"https:\/\/lappis.org.br\/site\/entrevista-rodrigo-pinheiro-da-ufac\/2561","url":"https:\/\/lappis.org.br\/site\/entrevista-rodrigo-pinheiro-da-ufac\/2561","name":"Entrevista Rodrigo Pinheiro da UFAC - Lappis 25 anos","isPartOf":{"@id":"https:\/\/lappis.org.br\/site\/#website"},"primaryImageOfPage":{"@id":"https:\/\/lappis.org.br\/site\/entrevista-rodrigo-pinheiro-da-ufac\/2561#primaryimage"},"image":{"@id":"https:\/\/lappis.org.br\/site\/entrevista-rodrigo-pinheiro-da-ufac\/2561#primaryimage"},"thumbnailUrl":"https:\/\/lappis.org.br\/site\/wp-content\/uploads\/2008\/07\/rodrigopinheiro.jpg","datePublished":"2008-07-02T06:00:00+00:00","breadcrumb":{"@id":"https:\/\/lappis.org.br\/site\/entrevista-rodrigo-pinheiro-da-ufac\/2561#breadcrumb"},"inLanguage":"pt-BR","potentialAction":[{"@type":"ReadAction","target":["https:\/\/lappis.org.br\/site\/entrevista-rodrigo-pinheiro-da-ufac\/2561"]}]},{"@type":"ImageObject","inLanguage":"pt-BR","@id":"https:\/\/lappis.org.br\/site\/entrevista-rodrigo-pinheiro-da-ufac\/2561#primaryimage","url":"https:\/\/lappis.org.br\/site\/wp-content\/uploads\/2008\/07\/rodrigopinheiro.jpg","contentUrl":"https:\/\/lappis.org.br\/site\/wp-content\/uploads\/2008\/07\/rodrigopinheiro.jpg","width":173,"height":256,"caption":"alt"},{"@type":"BreadcrumbList","@id":"https:\/\/lappis.org.br\/site\/entrevista-rodrigo-pinheiro-da-ufac\/2561#breadcrumb","itemListElement":[{"@type":"ListItem","position":1,"name":"In\u00edcio","item":"https:\/\/lappis.org.br\/site\/"},{"@type":"ListItem","position":2,"name":"Entrevista Rodrigo Pinheiro da UFAC"}]},{"@type":"WebSite","@id":"https:\/\/lappis.org.br\/site\/#website","url":"https:\/\/lappis.org.br\/site\/","name":"Lappis 25 anos","description":"Labotat\u00f3rio de Pesquisas sobre Pr\u00e1ticas de Integralidade em Sa\u00fade","publisher":{"@id":"https:\/\/lappis.org.br\/site\/#organization"},"potentialAction":[{"@type":"SearchAction","target":{"@type":"EntryPoint","urlTemplate":"https:\/\/lappis.org.br\/site\/?s={search_term_string}"},"query-input":{"@type":"PropertyValueSpecification","valueRequired":true,"valueName":"search_term_string"}}],"inLanguage":"pt-BR"},{"@type":"Organization","@id":"https:\/\/lappis.org.br\/site\/#organization","name":"Lappis 25 anos","url":"https:\/\/lappis.org.br\/site\/","logo":{"@type":"ImageObject","inLanguage":"pt-BR","@id":"https:\/\/lappis.org.br\/site\/#\/schema\/logo\/image\/","url":"https:\/\/lappis.org.br\/site\/wp-content\/uploads\/2025\/03\/logo-lappis25anos.png","contentUrl":"https:\/\/lappis.org.br\/site\/wp-content\/uploads\/2025\/03\/logo-lappis25anos.png","width":388,"height":146,"caption":"Lappis 25 anos"},"image":{"@id":"https:\/\/lappis.org.br\/site\/#\/schema\/logo\/image\/"}},{"@type":"Person","@id":"https:\/\/lappis.org.br\/site\/#\/schema\/person\/3852381d08284b5e2716b20bd89bdbcf","name":"fw2","image":{"@type":"ImageObject","inLanguage":"pt-BR","@id":"https:\/\/lappis.org.br\/site\/#\/schema\/person\/image\/","url":"https:\/\/secure.gravatar.com\/avatar\/c38472c0cdbde82d9b6fcc26adb3779d?s=96&d=mm&r=g","contentUrl":"https:\/\/secure.gravatar.com\/avatar\/c38472c0cdbde82d9b6fcc26adb3779d?s=96&d=mm&r=g","caption":"fw2"},"url":"https:\/\/lappis.org.br\/site\/author\/fw2"}]}},"jetpack_featured_media_url":"https:\/\/lappis.org.br\/site\/wp-content\/uploads\/2008\/07\/rodrigopinheiro.jpg","jetpack_shortlink":"https:\/\/wp.me\/p954Nh-Fj","jetpack_sharing_enabled":true,"_links":{"self":[{"href":"https:\/\/lappis.org.br\/site\/wp-json\/wp\/v2\/posts\/2561"}],"collection":[{"href":"https:\/\/lappis.org.br\/site\/wp-json\/wp\/v2\/posts"}],"about":[{"href":"https:\/\/lappis.org.br\/site\/wp-json\/wp\/v2\/types\/post"}],"author":[{"embeddable":true,"href":"https:\/\/lappis.org.br\/site\/wp-json\/wp\/v2\/users\/1"}],"replies":[{"embeddable":true,"href":"https:\/\/lappis.org.br\/site\/wp-json\/wp\/v2\/comments?post=2561"}],"version-history":[{"count":0,"href":"https:\/\/lappis.org.br\/site\/wp-json\/wp\/v2\/posts\/2561\/revisions"}],"wp:featuredmedia":[{"embeddable":true,"href":"https:\/\/lappis.org.br\/site\/wp-json\/wp\/v2\/media\/2559"}],"wp:attachment":[{"href":"https:\/\/lappis.org.br\/site\/wp-json\/wp\/v2\/media?parent=2561"}],"wp:term":[{"taxonomy":"category","embeddable":true,"href":"https:\/\/lappis.org.br\/site\/wp-json\/wp\/v2\/categories?post=2561"},{"taxonomy":"post_tag","embeddable":true,"href":"https:\/\/lappis.org.br\/site\/wp-json\/wp\/v2\/tags?post=2561"}],"curies":[{"name":"wp","href":"https:\/\/api.w.org\/{rel}","templated":true}]}}