{"id":2550,"date":"2008-06-20T03:00:00","date_gmt":"2008-06-20T06:00:00","guid":{"rendered":"http:\/\/lappis.org.br\/site\/2008\/06\/20\/esp-mg-realiza-seminario-em-parceria-com-vigilancia-sanitaria-e-secretaria-municipal-de-saude-de-sete-lagoas-sp-704081702\/"},"modified":"2008-06-20T03:00:00","modified_gmt":"2008-06-20T06:00:00","slug":"esp-mg-realiza-seminario-em-parceria-com-vigilancia-sanitaria-e-secretaria-municipal-de-saude-de-sete-lagoas-sp-704081702","status":"publish","type":"post","link":"https:\/\/lappis.org.br\/site\/esp-mg-realiza-seminario-em-parceria-com-vigilancia-sanitaria-e-secretaria-municipal-de-saude-de-sete-lagoas-sp-704081702\/2550","title":{"rendered":"ESP- MG realiza Semin\u00e1rio em parceria com Vigil\u00e2ncia Sanit\u00e1ria e Secretaria Municipal de Sa\u00fade de Sete Lagoas"},"content":{"rendered":"<p>\u00a0A Escola de Sa\u00fade P\u00fablica do Estado de Minas Gerais (ESP-MG), em parceria com Vigil\u00e2ncia Sanit\u00e1ria e Secretaria Municipal de Sa\u00fade de Sete Lagoas, realiza o semin\u00e1rio <strong>&ldquo;Vigil\u00e2ncia Sanit\u00e1ria, Integralidade e Mobiliza\u00e7\u00e3o Social&rdquo;<\/strong>. Responsabilidade da vigil\u00e2ncia sanit\u00e1ria na promo\u00e7\u00e3o \u00e1 sa\u00fade, Mobiliza\u00e7\u00e3o social, Contemporaneidade e perspectivas da vigil\u00e2ncia sanit\u00e1ria\u00a0 s\u00e3o alguns dos temas da pauta .<\/p>\n<p> O encontro, que acontece nos dias 26 e 27 de junho, em Sete Lagoas, tem o objetivo de promover o debate p\u00fablico sobre a vigil\u00e2ncia sanit\u00e1ria e fortalecer parcerias intersetoriais, a partir da socializa\u00e7\u00e3o de informa\u00e7\u00f5es pertinentes ao Plano Diretor da Vigil\u00e2ncia Sanit\u00e1ria &ndash; PDVISA. Durante o Semin\u00e1rio, ser\u00e1 produzida a Carta de Inten\u00e7\u00e3o com propostas e recomenda\u00e7\u00f5es que ser\u00e1 entregue ao munic\u00edpio, al\u00e9m de nortear a pesquisa &ldquo;A experi\u00eancia de implementa\u00e7\u00e3o do Plano Diretor de Vigil\u00e2ncia Sanit\u00e1ria\/PDVISA\/ no munic\u00edpio de Sete Lagoas&rdquo;, realizada pela ESP-MG.<\/p>\n<p> Na ocasi\u00e3o, como parte das comemora\u00e7\u00f5es aos 100 anos de Guimar\u00e3es Rosa, os participantes v\u00e3o ter a oportunidade de prestigiar o <strong>Grupo de Contadores de Est\u00f3rias Miguilim<\/strong>. O grupo foi criado h\u00e1 25 anos e possui cerca de 40 integrantes, entre 11 e 25 anos que narram contos da obra de Guimar\u00e3es Rosa. Outra novidade \u00e9 a encena\u00e7\u00e3o do conto de Guimar\u00e3es Rosa, &ldquo;Maria Mutema&rdquo;, pela <strong>Companhia Teatral Anglo<\/strong>.<\/p>\n<p> <strong>Confira a programa\u00e7\u00e3o<\/strong><\/p>\n<p> A Cidade de Sete lagoas est\u00e1 localizada na regi\u00e3o central do Estado, 74 quil\u00f4metros de Belo Horizonte, e \u00e9 famosa pelos pontos tur\u00edsticos como a Gruta do Rei do Mato e o Parque da Cascata.<br \/> <strong>Data:\u00a0 26 <\/strong>e<strong>27 <\/strong>de Junho de 2008.<br \/> <strong>Local<\/strong>: Audit\u00f3rio da Escola T\u00e9cnica de Sete Lagoas<br \/> Endere\u00e7o: Rua Prefeito Alberto Moura, 111 &ndash; Bairro Industrial &ndash; Sete Lagoas<br \/> Informa\u00e7\u00f5es: (31) 3773 &ndash; 2500\/2234 (31) 3295 5854 (31) 8482 4639<br \/> Inscri\u00e7\u00f5es gratuitas : <a href=\"http:\/\/www.esp.mg.gov.br\/\" target=\"_blank\">www.esp.mg.gov.br<\/a><br \/> Sugest\u00e3o de entrevistados: Maria Cec\u00edlia Martins Brito, diretora da Anvisa<br \/> Daniela Guimar\u00e3es, pesquisadora da ESP-MG<\/p>\n","protected":false},"excerpt":{"rendered":"<div class=\"mh-excerpt\"><p>\u00a0A Escola de Sa\u00fade P\u00fablica do Estado de Minas Gerais (ESP-MG), em parceria com Vigil\u00e2ncia Sanit\u00e1ria e Secretaria Municipal de Sa\u00fade de Sete Lagoas, realiza o semin\u00e1rio &ldquo;Vigil\u00e2ncia Sanit\u00e1ria, Integralidade e Mobiliza\u00e7\u00e3o Social&rdquo;. Responsabilidade da <a class=\"mh-excerpt-more\" href=\"https:\/\/lappis.org.br\/site\/esp-mg-realiza-seminario-em-parceria-com-vigilancia-sanitaria-e-secretaria-municipal-de-saude-de-sete-lagoas-sp-704081702\/2550\" title=\"ESP- MG realiza Semin\u00e1rio em parceria com Vigil\u00e2ncia Sanit\u00e1ria e Secretaria Municipal de Sa\u00fade de Sete Lagoas\">[&#8230;]<\/a><\/p>\n<\/div>","protected":false},"author":1,"featured_media":0,"comment_status":"open","ping_status":"open","sticky":false,"template":"","format":"standard","meta":{"_acf_changed":false,"_exactmetrics_skip_tracking":false,"_exactmetrics_sitenote_active":false,"_exactmetrics_sitenote_note":"","_exactmetrics_sitenote_category":0,"jetpack_post_was_ever_published":false,"_jetpack_newsletter_access":"","_jetpack_dont_email_post_to_subs":false,"_jetpack_newsletter_tier_id":0,"_jetpack_memberships_contains_paywalled_content":false,"_jetpack_memberships_contains_paid_content":false,"footnotes":"","jetpack_publicize_message":"","jetpack_publicize_feature_enabled":true,"jetpack_social_post_already_shared":false,"jetpack_social_options":{"image_generator_settings":{"template":"highway","enabled":false},"version":2}},"categories":[8],"tags":[],"class_list":{"0":"post-2550","1":"post","2":"type-post","3":"status-publish","4":"format-standard","6":"category-noticia"},"jetpack_publicize_connections":[],"acf":[],"yoast_head":"<!-- This site is optimized with the Yoast SEO plugin v25.2 - https:\/\/yoast.com\/wordpress\/plugins\/seo\/ -->\n<title>ESP- MG realiza Semin\u00e1rio em parceria com Vigil\u00e2ncia Sanit\u00e1ria e Secretaria Municipal de Sa\u00fade de Sete Lagoas - Lappis 25 anos<\/title>\n<meta name=\"robots\" content=\"index, follow, max-snippet:-1, max-image-preview:large, max-video-preview:-1\" \/>\n<link rel=\"canonical\" href=\"https:\/\/lappis.org.br\/site\/esp-mg-realiza-seminario-em-parceria-com-vigilancia-sanitaria-e-secretaria-municipal-de-saude-de-sete-lagoas-sp-704081702\/2550\" \/>\n<meta property=\"og:locale\" content=\"pt_BR\" \/>\n<meta property=\"og:type\" content=\"article\" \/>\n<meta property=\"og:title\" content=\"ESP- MG realiza Semin\u00e1rio em parceria com Vigil\u00e2ncia Sanit\u00e1ria e Secretaria Municipal de Sa\u00fade de Sete Lagoas - Lappis 25 anos\" \/>\n<meta property=\"og:description\" content=\"\u00a0A Escola de Sa\u00fade P\u00fablica do Estado de Minas Gerais (ESP-MG), em parceria com Vigil\u00e2ncia Sanit\u00e1ria e Secretaria Municipal de Sa\u00fade de Sete Lagoas, realiza o semin\u00e1rio &ldquo;Vigil\u00e2ncia Sanit\u00e1ria, Integralidade e Mobiliza\u00e7\u00e3o Social&rdquo;. Responsabilidade da [...]\" \/>\n<meta property=\"og:url\" content=\"https:\/\/lappis.org.br\/site\/esp-mg-realiza-seminario-em-parceria-com-vigilancia-sanitaria-e-secretaria-municipal-de-saude-de-sete-lagoas-sp-704081702\/2550\" \/>\n<meta property=\"og:site_name\" content=\"Lappis 25 anos\" \/>\n<meta property=\"article:published_time\" content=\"2008-06-20T06:00:00+00:00\" \/>\n<meta name=\"author\" content=\"fw2\" \/>\n<meta name=\"twitter:card\" content=\"summary_large_image\" \/>\n<meta name=\"twitter:label1\" content=\"Escrito por\" \/>\n\t<meta name=\"twitter:data1\" content=\"fw2\" \/>\n\t<meta name=\"twitter:label2\" content=\"Est. tempo de leitura\" \/>\n\t<meta name=\"twitter:data2\" content=\"2 minutos\" \/>\n<script type=\"application\/ld+json\" class=\"yoast-schema-graph\">{\"@context\":\"https:\/\/schema.org\",\"@graph\":[{\"@type\":\"Article\",\"@id\":\"https:\/\/lappis.org.br\/site\/esp-mg-realiza-seminario-em-parceria-com-vigilancia-sanitaria-e-secretaria-municipal-de-saude-de-sete-lagoas-sp-704081702\/2550#article\",\"isPartOf\":{\"@id\":\"https:\/\/lappis.org.br\/site\/esp-mg-realiza-seminario-em-parceria-com-vigilancia-sanitaria-e-secretaria-municipal-de-saude-de-sete-lagoas-sp-704081702\/2550\"},\"author\":{\"name\":\"fw2\",\"@id\":\"https:\/\/lappis.org.br\/site\/#\/schema\/person\/3852381d08284b5e2716b20bd89bdbcf\"},\"headline\":\"ESP- MG realiza Semin\u00e1rio em parceria com Vigil\u00e2ncia Sanit\u00e1ria e Secretaria Municipal de Sa\u00fade de Sete Lagoas\",\"datePublished\":\"2008-06-20T06:00:00+00:00\",\"mainEntityOfPage\":{\"@id\":\"https:\/\/lappis.org.br\/site\/esp-mg-realiza-seminario-em-parceria-com-vigilancia-sanitaria-e-secretaria-municipal-de-saude-de-sete-lagoas-sp-704081702\/2550\"},\"wordCount\":367,\"commentCount\":0,\"publisher\":{\"@id\":\"https:\/\/lappis.org.br\/site\/#organization\"},\"articleSection\":[\"Not\u00edcia\"],\"inLanguage\":\"pt-BR\",\"potentialAction\":[{\"@type\":\"CommentAction\",\"name\":\"Comment\",\"target\":[\"https:\/\/lappis.org.br\/site\/esp-mg-realiza-seminario-em-parceria-com-vigilancia-sanitaria-e-secretaria-municipal-de-saude-de-sete-lagoas-sp-704081702\/2550#respond\"]}]},{\"@type\":\"WebPage\",\"@id\":\"https:\/\/lappis.org.br\/site\/esp-mg-realiza-seminario-em-parceria-com-vigilancia-sanitaria-e-secretaria-municipal-de-saude-de-sete-lagoas-sp-704081702\/2550\",\"url\":\"https:\/\/lappis.org.br\/site\/esp-mg-realiza-seminario-em-parceria-com-vigilancia-sanitaria-e-secretaria-municipal-de-saude-de-sete-lagoas-sp-704081702\/2550\",\"name\":\"ESP- MG realiza Semin\u00e1rio em parceria com Vigil\u00e2ncia Sanit\u00e1ria e Secretaria Municipal de Sa\u00fade de Sete Lagoas - Lappis 25 anos\",\"isPartOf\":{\"@id\":\"https:\/\/lappis.org.br\/site\/#website\"},\"datePublished\":\"2008-06-20T06:00:00+00:00\",\"breadcrumb\":{\"@id\":\"https:\/\/lappis.org.br\/site\/esp-mg-realiza-seminario-em-parceria-com-vigilancia-sanitaria-e-secretaria-municipal-de-saude-de-sete-lagoas-sp-704081702\/2550#breadcrumb\"},\"inLanguage\":\"pt-BR\",\"potentialAction\":[{\"@type\":\"ReadAction\",\"target\":[\"https:\/\/lappis.org.br\/site\/esp-mg-realiza-seminario-em-parceria-com-vigilancia-sanitaria-e-secretaria-municipal-de-saude-de-sete-lagoas-sp-704081702\/2550\"]}]},{\"@type\":\"BreadcrumbList\",\"@id\":\"https:\/\/lappis.org.br\/site\/esp-mg-realiza-seminario-em-parceria-com-vigilancia-sanitaria-e-secretaria-municipal-de-saude-de-sete-lagoas-sp-704081702\/2550#breadcrumb\",\"itemListElement\":[{\"@type\":\"ListItem\",\"position\":1,\"name\":\"In\u00edcio\",\"item\":\"https:\/\/lappis.org.br\/site\/\"},{\"@type\":\"ListItem\",\"position\":2,\"name\":\"ESP- MG realiza Semin\u00e1rio em parceria com Vigil\u00e2ncia Sanit\u00e1ria e Secretaria Municipal de Sa\u00fade de Sete Lagoas\"}]},{\"@type\":\"WebSite\",\"@id\":\"https:\/\/lappis.org.br\/site\/#website\",\"url\":\"https:\/\/lappis.org.br\/site\/\",\"name\":\"Lappis 25 anos\",\"description\":\"Labotat\u00f3rio de Pesquisas sobre Pr\u00e1ticas de Integralidade em Sa\u00fade\",\"publisher\":{\"@id\":\"https:\/\/lappis.org.br\/site\/#organization\"},\"potentialAction\":[{\"@type\":\"SearchAction\",\"target\":{\"@type\":\"EntryPoint\",\"urlTemplate\":\"https:\/\/lappis.org.br\/site\/?s={search_term_string}\"},\"query-input\":{\"@type\":\"PropertyValueSpecification\",\"valueRequired\":true,\"valueName\":\"search_term_string\"}}],\"inLanguage\":\"pt-BR\"},{\"@type\":\"Organization\",\"@id\":\"https:\/\/lappis.org.br\/site\/#organization\",\"name\":\"Lappis 25 anos\",\"url\":\"https:\/\/lappis.org.br\/site\/\",\"logo\":{\"@type\":\"ImageObject\",\"inLanguage\":\"pt-BR\",\"@id\":\"https:\/\/lappis.org.br\/site\/#\/schema\/logo\/image\/\",\"url\":\"https:\/\/lappis.org.br\/site\/wp-content\/uploads\/2025\/03\/logo-lappis25anos.png\",\"contentUrl\":\"https:\/\/lappis.org.br\/site\/wp-content\/uploads\/2025\/03\/logo-lappis25anos.png\",\"width\":388,\"height\":146,\"caption\":\"Lappis 25 anos\"},\"image\":{\"@id\":\"https:\/\/lappis.org.br\/site\/#\/schema\/logo\/image\/\"}},{\"@type\":\"Person\",\"@id\":\"https:\/\/lappis.org.br\/site\/#\/schema\/person\/3852381d08284b5e2716b20bd89bdbcf\",\"name\":\"fw2\",\"image\":{\"@type\":\"ImageObject\",\"inLanguage\":\"pt-BR\",\"@id\":\"https:\/\/lappis.org.br\/site\/#\/schema\/person\/image\/\",\"url\":\"https:\/\/secure.gravatar.com\/avatar\/c38472c0cdbde82d9b6fcc26adb3779d?s=96&d=mm&r=g\",\"contentUrl\":\"https:\/\/secure.gravatar.com\/avatar\/c38472c0cdbde82d9b6fcc26adb3779d?s=96&d=mm&r=g\",\"caption\":\"fw2\"},\"url\":\"https:\/\/lappis.org.br\/site\/author\/fw2\"}]}<\/script>\n<!-- \/ Yoast SEO plugin. -->","yoast_head_json":{"title":"ESP- MG realiza Semin\u00e1rio em parceria com Vigil\u00e2ncia Sanit\u00e1ria e Secretaria Municipal de Sa\u00fade de Sete Lagoas - Lappis 25 anos","robots":{"index":"index","follow":"follow","max-snippet":"max-snippet:-1","max-image-preview":"max-image-preview:large","max-video-preview":"max-video-preview:-1"},"canonical":"https:\/\/lappis.org.br\/site\/esp-mg-realiza-seminario-em-parceria-com-vigilancia-sanitaria-e-secretaria-municipal-de-saude-de-sete-lagoas-sp-704081702\/2550","og_locale":"pt_BR","og_type":"article","og_title":"ESP- MG realiza Semin\u00e1rio em parceria com Vigil\u00e2ncia Sanit\u00e1ria e Secretaria Municipal de Sa\u00fade de Sete Lagoas - Lappis 25 anos","og_description":"\u00a0A Escola de Sa\u00fade P\u00fablica do Estado de Minas Gerais (ESP-MG), em parceria com Vigil\u00e2ncia Sanit\u00e1ria e Secretaria Municipal de Sa\u00fade de Sete Lagoas, realiza o semin\u00e1rio &ldquo;Vigil\u00e2ncia Sanit\u00e1ria, Integralidade e Mobiliza\u00e7\u00e3o Social&rdquo;. Responsabilidade da [...]","og_url":"https:\/\/lappis.org.br\/site\/esp-mg-realiza-seminario-em-parceria-com-vigilancia-sanitaria-e-secretaria-municipal-de-saude-de-sete-lagoas-sp-704081702\/2550","og_site_name":"Lappis 25 anos","article_published_time":"2008-06-20T06:00:00+00:00","author":"fw2","twitter_card":"summary_large_image","twitter_misc":{"Escrito por":"fw2","Est. tempo de leitura":"2 minutos"},"schema":{"@context":"https:\/\/schema.org","@graph":[{"@type":"Article","@id":"https:\/\/lappis.org.br\/site\/esp-mg-realiza-seminario-em-parceria-com-vigilancia-sanitaria-e-secretaria-municipal-de-saude-de-sete-lagoas-sp-704081702\/2550#article","isPartOf":{"@id":"https:\/\/lappis.org.br\/site\/esp-mg-realiza-seminario-em-parceria-com-vigilancia-sanitaria-e-secretaria-municipal-de-saude-de-sete-lagoas-sp-704081702\/2550"},"author":{"name":"fw2","@id":"https:\/\/lappis.org.br\/site\/#\/schema\/person\/3852381d08284b5e2716b20bd89bdbcf"},"headline":"ESP- MG realiza Semin\u00e1rio em parceria com Vigil\u00e2ncia Sanit\u00e1ria e Secretaria Municipal de Sa\u00fade de Sete Lagoas","datePublished":"2008-06-20T06:00:00+00:00","mainEntityOfPage":{"@id":"https:\/\/lappis.org.br\/site\/esp-mg-realiza-seminario-em-parceria-com-vigilancia-sanitaria-e-secretaria-municipal-de-saude-de-sete-lagoas-sp-704081702\/2550"},"wordCount":367,"commentCount":0,"publisher":{"@id":"https:\/\/lappis.org.br\/site\/#organization"},"articleSection":["Not\u00edcia"],"inLanguage":"pt-BR","potentialAction":[{"@type":"CommentAction","name":"Comment","target":["https:\/\/lappis.org.br\/site\/esp-mg-realiza-seminario-em-parceria-com-vigilancia-sanitaria-e-secretaria-municipal-de-saude-de-sete-lagoas-sp-704081702\/2550#respond"]}]},{"@type":"WebPage","@id":"https:\/\/lappis.org.br\/site\/esp-mg-realiza-seminario-em-parceria-com-vigilancia-sanitaria-e-secretaria-municipal-de-saude-de-sete-lagoas-sp-704081702\/2550","url":"https:\/\/lappis.org.br\/site\/esp-mg-realiza-seminario-em-parceria-com-vigilancia-sanitaria-e-secretaria-municipal-de-saude-de-sete-lagoas-sp-704081702\/2550","name":"ESP- MG realiza Semin\u00e1rio em parceria com Vigil\u00e2ncia Sanit\u00e1ria e Secretaria Municipal de Sa\u00fade de Sete Lagoas - Lappis 25 anos","isPartOf":{"@id":"https:\/\/lappis.org.br\/site\/#website"},"datePublished":"2008-06-20T06:00:00+00:00","breadcrumb":{"@id":"https:\/\/lappis.org.br\/site\/esp-mg-realiza-seminario-em-parceria-com-vigilancia-sanitaria-e-secretaria-municipal-de-saude-de-sete-lagoas-sp-704081702\/2550#breadcrumb"},"inLanguage":"pt-BR","potentialAction":[{"@type":"ReadAction","target":["https:\/\/lappis.org.br\/site\/esp-mg-realiza-seminario-em-parceria-com-vigilancia-sanitaria-e-secretaria-municipal-de-saude-de-sete-lagoas-sp-704081702\/2550"]}]},{"@type":"BreadcrumbList","@id":"https:\/\/lappis.org.br\/site\/esp-mg-realiza-seminario-em-parceria-com-vigilancia-sanitaria-e-secretaria-municipal-de-saude-de-sete-lagoas-sp-704081702\/2550#breadcrumb","itemListElement":[{"@type":"ListItem","position":1,"name":"In\u00edcio","item":"https:\/\/lappis.org.br\/site\/"},{"@type":"ListItem","position":2,"name":"ESP- MG realiza Semin\u00e1rio em parceria com Vigil\u00e2ncia Sanit\u00e1ria e Secretaria Municipal de Sa\u00fade de Sete Lagoas"}]},{"@type":"WebSite","@id":"https:\/\/lappis.org.br\/site\/#website","url":"https:\/\/lappis.org.br\/site\/","name":"Lappis 25 anos","description":"Labotat\u00f3rio de Pesquisas sobre Pr\u00e1ticas de Integralidade em Sa\u00fade","publisher":{"@id":"https:\/\/lappis.org.br\/site\/#organization"},"potentialAction":[{"@type":"SearchAction","target":{"@type":"EntryPoint","urlTemplate":"https:\/\/lappis.org.br\/site\/?s={search_term_string}"},"query-input":{"@type":"PropertyValueSpecification","valueRequired":true,"valueName":"search_term_string"}}],"inLanguage":"pt-BR"},{"@type":"Organization","@id":"https:\/\/lappis.org.br\/site\/#organization","name":"Lappis 25 anos","url":"https:\/\/lappis.org.br\/site\/","logo":{"@type":"ImageObject","inLanguage":"pt-BR","@id":"https:\/\/lappis.org.br\/site\/#\/schema\/logo\/image\/","url":"https:\/\/lappis.org.br\/site\/wp-content\/uploads\/2025\/03\/logo-lappis25anos.png","contentUrl":"https:\/\/lappis.org.br\/site\/wp-content\/uploads\/2025\/03\/logo-lappis25anos.png","width":388,"height":146,"caption":"Lappis 25 anos"},"image":{"@id":"https:\/\/lappis.org.br\/site\/#\/schema\/logo\/image\/"}},{"@type":"Person","@id":"https:\/\/lappis.org.br\/site\/#\/schema\/person\/3852381d08284b5e2716b20bd89bdbcf","name":"fw2","image":{"@type":"ImageObject","inLanguage":"pt-BR","@id":"https:\/\/lappis.org.br\/site\/#\/schema\/person\/image\/","url":"https:\/\/secure.gravatar.com\/avatar\/c38472c0cdbde82d9b6fcc26adb3779d?s=96&d=mm&r=g","contentUrl":"https:\/\/secure.gravatar.com\/avatar\/c38472c0cdbde82d9b6fcc26adb3779d?s=96&d=mm&r=g","caption":"fw2"},"url":"https:\/\/lappis.org.br\/site\/author\/fw2"}]}},"jetpack_featured_media_url":"","jetpack_shortlink":"https:\/\/wp.me\/p954Nh-F8","jetpack_sharing_enabled":true,"_links":{"self":[{"href":"https:\/\/lappis.org.br\/site\/wp-json\/wp\/v2\/posts\/2550"}],"collection":[{"href":"https:\/\/lappis.org.br\/site\/wp-json\/wp\/v2\/posts"}],"about":[{"href":"https:\/\/lappis.org.br\/site\/wp-json\/wp\/v2\/types\/post"}],"author":[{"embeddable":true,"href":"https:\/\/lappis.org.br\/site\/wp-json\/wp\/v2\/users\/1"}],"replies":[{"embeddable":true,"href":"https:\/\/lappis.org.br\/site\/wp-json\/wp\/v2\/comments?post=2550"}],"version-history":[{"count":0,"href":"https:\/\/lappis.org.br\/site\/wp-json\/wp\/v2\/posts\/2550\/revisions"}],"wp:attachment":[{"href":"https:\/\/lappis.org.br\/site\/wp-json\/wp\/v2\/media?parent=2550"}],"wp:term":[{"taxonomy":"category","embeddable":true,"href":"https:\/\/lappis.org.br\/site\/wp-json\/wp\/v2\/categories?post=2550"},{"taxonomy":"post_tag","embeddable":true,"href":"https:\/\/lappis.org.br\/site\/wp-json\/wp\/v2\/tags?post=2550"}],"curies":[{"name":"wp","href":"https:\/\/api.w.org\/{rel}","templated":true}]}}