{"id":2545,"date":"2008-06-20T03:00:00","date_gmt":"2008-06-20T06:00:00","guid":{"rendered":"http:\/\/lappis.org.br\/site\/2008\/06\/20\/fique-por-dentro-do-seminario\/"},"modified":"2008-06-20T03:00:00","modified_gmt":"2008-06-20T06:00:00","slug":"fique-por-dentro-do-seminario","status":"publish","type":"post","link":"https:\/\/lappis.org.br\/site\/fique-por-dentro-do-seminario\/2545","title":{"rendered":"Fique por dentro do Semin\u00e1rio"},"content":{"rendered":"<p style=\"text-align: justify;\"> \tO\u00a0 BoletIN LAPPIS vai conversar com os convidados do VIII Semin\u00e1rio Nacional do Projeto Integralidade para saber sobre suas apresenta\u00e7\u00f5es e discuss\u00f5es. Nesta edi\u00e7\u00e3o vamos conversar com a Profa. Madel, que far\u00e1 a confer\u00eancia de abertura.<\/p>\n<p style=\"text-align: justify;\"> \tEm entrevista ao BoletIN LAPPIS, a professora e pesquisadora Madel Therezinha Luz falou da import\u00e2ncia do VIII Semin\u00e1rio Nacional do Projeto Integralidade e do tema de abertura &ldquo;Cuidar: desafios \u00e9tico-pedag\u00f3gicos na sa\u00fade&rdquo;.<br \/> \t\u00a0<br \/> \t<img fetchpriority=\"high\" decoding=\"async\" data-attachment-id=\"2544\" data-permalink=\"https:\/\/lappis.org.br\/site\/fique-por-dentro-do-seminario\/2545\/attachment-alt-413\" data-orig-file=\"https:\/\/lappis.org.br\/site\/wp-content\/uploads\/2008\/06\/Prof_Madelb.JPG\" data-orig-size=\"448,336\" data-comments-opened=\"1\" data-image-meta=\"{&quot;aperture&quot;:&quot;0&quot;,&quot;credit&quot;:&quot;&quot;,&quot;camera&quot;:&quot;&quot;,&quot;caption&quot;:&quot;&quot;,&quot;created_timestamp&quot;:&quot;0&quot;,&quot;copyright&quot;:&quot;&quot;,&quot;focal_length&quot;:&quot;0&quot;,&quot;iso&quot;:&quot;0&quot;,&quot;shutter_speed&quot;:&quot;0&quot;,&quot;title&quot;:&quot;&quot;,&quot;orientation&quot;:&quot;0&quot;}\" data-image-title=\"alt\" data-image-description=\"\" data-image-caption=\"\" data-medium-file=\"https:\/\/lappis.org.br\/site\/wp-content\/uploads\/2008\/06\/Prof_Madelb-300x225.jpg\" data-large-file=\"https:\/\/lappis.org.br\/site\/wp-content\/uploads\/2008\/06\/Prof_Madelb.JPG\" class=\" alignleft size-full wp-image-2544\" alt=\"alt\" src=\"http:\/\/lappis.org.br\/site\/wp-content\/uploads\/2008\/06\/Prof_Madelb.JPG\" style=\"margin: 5px; float: left;\" width=\"448\" height=\"336\" srcset=\"https:\/\/lappis.org.br\/site\/wp-content\/uploads\/2008\/06\/Prof_Madelb.JPG 448w, https:\/\/lappis.org.br\/site\/wp-content\/uploads\/2008\/06\/Prof_Madelb-300x225.jpg 300w\" sizes=\"(max-width: 448px) 100vw, 448px\" \/><strong>Madel Therezinha Luz<\/strong>\u00e9 professora titular da Uerj, foi pesquisadora do CNPq por 12 anos e \u00e9 vice-presidente da ABRASCO, tem cinco livros e tr\u00eas colet\u00e2neas publicados, ampla experi\u00eancia nas \u00e1reas de pesquisa e ensino. \u00c9 coordenadora do Grupo de Pesquisa CNPq Racionalidades M\u00e9dicas do Instituto de Medicina Social (IMS\/Uerj) h\u00e1 18 anos, completados em 2008 com o lan\u00e7amento do site do projeto<a href=\"http:\/\/www.racionalidadesmedicas.pro.br\/\" target=\"_blank\"><strong>Racionalidades M\u00e9dicas<\/strong><\/a>. Temas: Sociologia da Sa\u00fade, Ci\u00eancias Sociais em Sa\u00fade, cadastrados no Diret\u00f3rio de Pesquisa do CNPq. Nesta entrevista ela fala das possibilidades com rela\u00e7\u00e3o ao Semin\u00e1rio e o tema de abertura.<\/p>\n<p style=\"text-align: justify;\"> \tEm primeiro lugar o pr\u00f3prio LAPPIS \u00e9 uma inova\u00e7\u00e3o em termos de produ\u00e7\u00e3o de conhecimento, de forma\u00e7\u00e3o de recursos humanos e de inser\u00e7\u00e3o nas pol\u00edticas de sa\u00fade, assim abriram-se campos nas \u00e1reas de ensino, pesquisa e de atua\u00e7\u00e3o profissional, o que \u00e9 muito inovador. Os semin\u00e1rios que s\u00e3o em plano nacional do grupo LAPPIS, tamb\u00e9m s\u00e3o inovadores por que n\u00e3o se limitam a ser uma simples apresenta\u00e7\u00e3o de resultados de pesquisas ou discuss\u00f5es acad\u00eamicas e sim um m\u00e9rito de terem uma interface das pr\u00e1ticas dos profissionais de sa\u00fade, a atua\u00e7\u00e3o de gestores desta \u00e1rea e as investiga\u00e7\u00f5es dos pesquisadores dentro dos termos que s\u00e3o colocados. Tudo isso possibilita que o evento tenha uma capacidade de promover um di\u00e1logo interinstitucional, caracter\u00edstica dos semin\u00e1rios coordenados pela professora e pesquisadora Roseni Pinheiro, que geram publica\u00e7\u00f5es muito consistentes no campo do cuidado, da pol\u00edtica de sa\u00fade, da gest\u00e3o e tamb\u00e9m do ensino. As mesas organizadas nos eventos d\u00e3o origem a contatos interdisciplinares muito saud\u00e1veis e raramente em eventos onde se trabalha com resultados de pesquisas, projetos e de interven\u00e7\u00f5es de diferentes atores, h\u00e1 uma possibilidade de di\u00e1logo no plano da a\u00e7\u00e3o e do pensamento. Esta \u00e9 a grande import\u00e2ncia deste semin\u00e1rio. Este oitavo semin\u00e1rio que trabalha a quest\u00e3o da <strong>responsabilidade com a integralidade das a\u00e7\u00f5es, <\/strong>no vig\u00e9simo ano de cria\u00e7\u00e3o do Sistema \u00danico de Sa\u00fade &ndash; SUS, ainda \u00e9 muito questionada no sentido de n\u00e3o ser implantada verdadeiramente nos servi\u00e7os, fato que se comprova por meio de estudos institucionais sobre o desencontro entre as a\u00e7\u00f5es hospitalares e a aten\u00e7\u00e3o primaria em sa\u00fade. Esta discuss\u00e3o no vig\u00e9simo ano de SUS \u00e9 interessante &ndash; afirma Madel.<br \/> \t\u00a0<br \/> \tCom rela\u00e7\u00e3o \u00e0 quest\u00e3o \u00e9tico-pedag\u00f3gico, confer\u00eancia de abertura do semin\u00e1rio, \u00e9 de grande relev\u00e2ncia na forma\u00e7\u00e3o de recursos humanos na sa\u00fade como tamb\u00e9m em outras \u00e1reas profissionais. Na sa\u00fade o ponto mais importante \u00e9 que s\u00e3o pessoas que ir\u00e3o cuidar do outro, por isso, &ldquo;<em>\u00e9 preciso cuidar do cuidador<\/em>&rdquo; para que ele saiba tratar de algu\u00e9m\u00a0 sem que produza um sofrimento pra ele e para os outros. Ensinar um futuro profissional da \u00e1rea de sa\u00fade a <strong>cuida<\/strong>r \u00e9 ensinar a pessoa a ver o pr\u00f3ximo com a si mesmo, de certa forma se p\u00f4r no lugar desta pessoa &#8211; conclui.De acordo com a Prof\u00aa Madel Luz, um profissional de sa\u00fade precisa ter uma boa forma\u00e7\u00e3o pedag\u00f3gica. Ele n\u00e3o pode tratar o paciente como um objeto de interven\u00e7\u00e3o ainda que haja dificuldade de perceber o &ldquo;cuidar&rdquo; que \u00e9 diferente do tratar em rela\u00e7\u00e3o \u00e0 sa\u00fade. O &ldquo;cuidar&rdquo; \u00e9 perceber o outro como uma dimens\u00e3o de integralidade. As quest\u00f5es que ser\u00e3o levantadas na abertura do Semin\u00e1rio referem-se \u00e0 forma\u00e7\u00e3o do futuro profissional de sa\u00fade desde a gradua\u00e7\u00e3o passando pela p\u00f3s-gradua\u00e7\u00e3o, quando se torna um pesquisador ou um t\u00e9cnico experimentado, e tamb\u00e9m ser\u00e3o abordados os valores que favorecem ou n\u00e3o na forma\u00e7\u00e3o \u00e9tica.<br \/> \t\u00a0<\/p>\n","protected":false},"excerpt":{"rendered":"<div class=\"mh-excerpt\"><p style=\"text-align: justify;\"> \tO\u00a0 BoletIN LAPPIS vai conversar com os convidados do VIII Semin\u00e1rio Nacional do Projeto Integralidade para saber sobre suas apresenta\u00e7\u00f5es e discuss\u00f5es. Nesta edi\u00e7\u00e3o vamos conversar com a Profa. Madel, que far\u00e1 a confer\u00eancia de abertura.<\/p>\n<p>  <a class=\"mh-excerpt-more\" href=\"https:\/\/lappis.org.br\/site\/fique-por-dentro-do-seminario\/2545\" title=\"Fique por dentro do Semin\u00e1rio\">[&#8230;]<\/a><\/p>\n<\/div>","protected":false},"author":1,"featured_media":2543,"comment_status":"open","ping_status":"open","sticky":false,"template":"","format":"standard","meta":{"_acf_changed":false,"_exactmetrics_skip_tracking":false,"_exactmetrics_sitenote_active":false,"_exactmetrics_sitenote_note":"","_exactmetrics_sitenote_category":0,"jetpack_post_was_ever_published":false,"_jetpack_newsletter_access":"","_jetpack_dont_email_post_to_subs":false,"_jetpack_newsletter_tier_id":0,"_jetpack_memberships_contains_paywalled_content":false,"_jetpack_memberships_contains_paid_content":false,"footnotes":"","jetpack_publicize_message":"","jetpack_publicize_feature_enabled":true,"jetpack_social_post_already_shared":false,"jetpack_social_options":{"image_generator_settings":{"template":"highway","enabled":false},"version":2}},"categories":[8],"tags":[],"class_list":{"0":"post-2545","1":"post","2":"type-post","3":"status-publish","4":"format-standard","5":"has-post-thumbnail","7":"category-noticia"},"jetpack_publicize_connections":[],"acf":[],"yoast_head":"<!-- This site is optimized with the Yoast SEO plugin v25.2 - https:\/\/yoast.com\/wordpress\/plugins\/seo\/ -->\n<title>Fique por dentro do Semin\u00e1rio - Lappis 25 anos<\/title>\n<meta name=\"robots\" content=\"index, follow, max-snippet:-1, max-image-preview:large, max-video-preview:-1\" \/>\n<link rel=\"canonical\" href=\"https:\/\/lappis.org.br\/site\/fique-por-dentro-do-seminario\/2545\" \/>\n<meta property=\"og:locale\" content=\"pt_BR\" \/>\n<meta property=\"og:type\" content=\"article\" \/>\n<meta property=\"og:title\" content=\"Fique por dentro do Semin\u00e1rio - Lappis 25 anos\" \/>\n<meta property=\"og:description\" content=\"O\u00a0 BoletIN LAPPIS vai conversar com os convidados do VIII Semin\u00e1rio Nacional do Projeto Integralidade para saber sobre suas apresenta\u00e7\u00f5es e discuss\u00f5es. Nesta edi\u00e7\u00e3o vamos conversar com a Profa. Madel, que far\u00e1 a confer\u00eancia de abertura. [...]\" \/>\n<meta property=\"og:url\" content=\"https:\/\/lappis.org.br\/site\/fique-por-dentro-do-seminario\/2545\" \/>\n<meta property=\"og:site_name\" content=\"Lappis 25 anos\" \/>\n<meta property=\"article:published_time\" content=\"2008-06-20T06:00:00+00:00\" \/>\n<meta property=\"og:image\" content=\"https:\/\/lappis.org.br\/site\/wp-content\/uploads\/2008\/06\/Prof_Madelb.JPG\" \/>\n\t<meta property=\"og:image:width\" content=\"448\" \/>\n\t<meta property=\"og:image:height\" content=\"336\" \/>\n\t<meta property=\"og:image:type\" content=\"image\/jpeg\" \/>\n<meta name=\"author\" content=\"fw2\" \/>\n<meta name=\"twitter:card\" content=\"summary_large_image\" \/>\n<meta name=\"twitter:label1\" content=\"Escrito por\" \/>\n\t<meta name=\"twitter:data1\" content=\"fw2\" \/>\n\t<meta name=\"twitter:label2\" content=\"Est. tempo de leitura\" \/>\n\t<meta name=\"twitter:data2\" content=\"4 minutos\" \/>\n<script type=\"application\/ld+json\" class=\"yoast-schema-graph\">{\"@context\":\"https:\/\/schema.org\",\"@graph\":[{\"@type\":\"Article\",\"@id\":\"https:\/\/lappis.org.br\/site\/fique-por-dentro-do-seminario\/2545#article\",\"isPartOf\":{\"@id\":\"https:\/\/lappis.org.br\/site\/fique-por-dentro-do-seminario\/2545\"},\"author\":{\"name\":\"fw2\",\"@id\":\"https:\/\/lappis.org.br\/site\/#\/schema\/person\/3852381d08284b5e2716b20bd89bdbcf\"},\"headline\":\"Fique por dentro do Semin\u00e1rio\",\"datePublished\":\"2008-06-20T06:00:00+00:00\",\"mainEntityOfPage\":{\"@id\":\"https:\/\/lappis.org.br\/site\/fique-por-dentro-do-seminario\/2545\"},\"wordCount\":737,\"commentCount\":0,\"publisher\":{\"@id\":\"https:\/\/lappis.org.br\/site\/#organization\"},\"image\":{\"@id\":\"https:\/\/lappis.org.br\/site\/fique-por-dentro-do-seminario\/2545#primaryimage\"},\"thumbnailUrl\":\"https:\/\/lappis.org.br\/site\/wp-content\/uploads\/2008\/06\/Prof_Madelb.JPG\",\"articleSection\":[\"Not\u00edcia\"],\"inLanguage\":\"pt-BR\",\"potentialAction\":[{\"@type\":\"CommentAction\",\"name\":\"Comment\",\"target\":[\"https:\/\/lappis.org.br\/site\/fique-por-dentro-do-seminario\/2545#respond\"]}]},{\"@type\":\"WebPage\",\"@id\":\"https:\/\/lappis.org.br\/site\/fique-por-dentro-do-seminario\/2545\",\"url\":\"https:\/\/lappis.org.br\/site\/fique-por-dentro-do-seminario\/2545\",\"name\":\"Fique por dentro do Semin\u00e1rio - Lappis 25 anos\",\"isPartOf\":{\"@id\":\"https:\/\/lappis.org.br\/site\/#website\"},\"primaryImageOfPage\":{\"@id\":\"https:\/\/lappis.org.br\/site\/fique-por-dentro-do-seminario\/2545#primaryimage\"},\"image\":{\"@id\":\"https:\/\/lappis.org.br\/site\/fique-por-dentro-do-seminario\/2545#primaryimage\"},\"thumbnailUrl\":\"https:\/\/lappis.org.br\/site\/wp-content\/uploads\/2008\/06\/Prof_Madelb.JPG\",\"datePublished\":\"2008-06-20T06:00:00+00:00\",\"breadcrumb\":{\"@id\":\"https:\/\/lappis.org.br\/site\/fique-por-dentro-do-seminario\/2545#breadcrumb\"},\"inLanguage\":\"pt-BR\",\"potentialAction\":[{\"@type\":\"ReadAction\",\"target\":[\"https:\/\/lappis.org.br\/site\/fique-por-dentro-do-seminario\/2545\"]}]},{\"@type\":\"ImageObject\",\"inLanguage\":\"pt-BR\",\"@id\":\"https:\/\/lappis.org.br\/site\/fique-por-dentro-do-seminario\/2545#primaryimage\",\"url\":\"https:\/\/lappis.org.br\/site\/wp-content\/uploads\/2008\/06\/Prof_Madelb.JPG\",\"contentUrl\":\"https:\/\/lappis.org.br\/site\/wp-content\/uploads\/2008\/06\/Prof_Madelb.JPG\",\"width\":448,\"height\":336,\"caption\":\"alt\"},{\"@type\":\"BreadcrumbList\",\"@id\":\"https:\/\/lappis.org.br\/site\/fique-por-dentro-do-seminario\/2545#breadcrumb\",\"itemListElement\":[{\"@type\":\"ListItem\",\"position\":1,\"name\":\"In\u00edcio\",\"item\":\"https:\/\/lappis.org.br\/site\/\"},{\"@type\":\"ListItem\",\"position\":2,\"name\":\"Fique por dentro do Semin\u00e1rio\"}]},{\"@type\":\"WebSite\",\"@id\":\"https:\/\/lappis.org.br\/site\/#website\",\"url\":\"https:\/\/lappis.org.br\/site\/\",\"name\":\"Lappis 25 anos\",\"description\":\"Labotat\u00f3rio de Pesquisas sobre Pr\u00e1ticas de Integralidade em Sa\u00fade\",\"publisher\":{\"@id\":\"https:\/\/lappis.org.br\/site\/#organization\"},\"potentialAction\":[{\"@type\":\"SearchAction\",\"target\":{\"@type\":\"EntryPoint\",\"urlTemplate\":\"https:\/\/lappis.org.br\/site\/?s={search_term_string}\"},\"query-input\":{\"@type\":\"PropertyValueSpecification\",\"valueRequired\":true,\"valueName\":\"search_term_string\"}}],\"inLanguage\":\"pt-BR\"},{\"@type\":\"Organization\",\"@id\":\"https:\/\/lappis.org.br\/site\/#organization\",\"name\":\"Lappis 25 anos\",\"url\":\"https:\/\/lappis.org.br\/site\/\",\"logo\":{\"@type\":\"ImageObject\",\"inLanguage\":\"pt-BR\",\"@id\":\"https:\/\/lappis.org.br\/site\/#\/schema\/logo\/image\/\",\"url\":\"https:\/\/lappis.org.br\/site\/wp-content\/uploads\/2025\/03\/logo-lappis25anos.png\",\"contentUrl\":\"https:\/\/lappis.org.br\/site\/wp-content\/uploads\/2025\/03\/logo-lappis25anos.png\",\"width\":388,\"height\":146,\"caption\":\"Lappis 25 anos\"},\"image\":{\"@id\":\"https:\/\/lappis.org.br\/site\/#\/schema\/logo\/image\/\"}},{\"@type\":\"Person\",\"@id\":\"https:\/\/lappis.org.br\/site\/#\/schema\/person\/3852381d08284b5e2716b20bd89bdbcf\",\"name\":\"fw2\",\"image\":{\"@type\":\"ImageObject\",\"inLanguage\":\"pt-BR\",\"@id\":\"https:\/\/lappis.org.br\/site\/#\/schema\/person\/image\/\",\"url\":\"https:\/\/secure.gravatar.com\/avatar\/c38472c0cdbde82d9b6fcc26adb3779d?s=96&d=mm&r=g\",\"contentUrl\":\"https:\/\/secure.gravatar.com\/avatar\/c38472c0cdbde82d9b6fcc26adb3779d?s=96&d=mm&r=g\",\"caption\":\"fw2\"},\"url\":\"https:\/\/lappis.org.br\/site\/author\/fw2\"}]}<\/script>\n<!-- \/ Yoast SEO plugin. -->","yoast_head_json":{"title":"Fique por dentro do Semin\u00e1rio - Lappis 25 anos","robots":{"index":"index","follow":"follow","max-snippet":"max-snippet:-1","max-image-preview":"max-image-preview:large","max-video-preview":"max-video-preview:-1"},"canonical":"https:\/\/lappis.org.br\/site\/fique-por-dentro-do-seminario\/2545","og_locale":"pt_BR","og_type":"article","og_title":"Fique por dentro do Semin\u00e1rio - Lappis 25 anos","og_description":"O\u00a0 BoletIN LAPPIS vai conversar com os convidados do VIII Semin\u00e1rio Nacional do Projeto Integralidade para saber sobre suas apresenta\u00e7\u00f5es e discuss\u00f5es. Nesta edi\u00e7\u00e3o vamos conversar com a Profa. Madel, que far\u00e1 a confer\u00eancia de abertura. [...]","og_url":"https:\/\/lappis.org.br\/site\/fique-por-dentro-do-seminario\/2545","og_site_name":"Lappis 25 anos","article_published_time":"2008-06-20T06:00:00+00:00","og_image":[{"width":448,"height":336,"url":"https:\/\/lappis.org.br\/site\/wp-content\/uploads\/2008\/06\/Prof_Madelb.JPG","type":"image\/jpeg"}],"author":"fw2","twitter_card":"summary_large_image","twitter_misc":{"Escrito por":"fw2","Est. tempo de leitura":"4 minutos"},"schema":{"@context":"https:\/\/schema.org","@graph":[{"@type":"Article","@id":"https:\/\/lappis.org.br\/site\/fique-por-dentro-do-seminario\/2545#article","isPartOf":{"@id":"https:\/\/lappis.org.br\/site\/fique-por-dentro-do-seminario\/2545"},"author":{"name":"fw2","@id":"https:\/\/lappis.org.br\/site\/#\/schema\/person\/3852381d08284b5e2716b20bd89bdbcf"},"headline":"Fique por dentro do Semin\u00e1rio","datePublished":"2008-06-20T06:00:00+00:00","mainEntityOfPage":{"@id":"https:\/\/lappis.org.br\/site\/fique-por-dentro-do-seminario\/2545"},"wordCount":737,"commentCount":0,"publisher":{"@id":"https:\/\/lappis.org.br\/site\/#organization"},"image":{"@id":"https:\/\/lappis.org.br\/site\/fique-por-dentro-do-seminario\/2545#primaryimage"},"thumbnailUrl":"https:\/\/lappis.org.br\/site\/wp-content\/uploads\/2008\/06\/Prof_Madelb.JPG","articleSection":["Not\u00edcia"],"inLanguage":"pt-BR","potentialAction":[{"@type":"CommentAction","name":"Comment","target":["https:\/\/lappis.org.br\/site\/fique-por-dentro-do-seminario\/2545#respond"]}]},{"@type":"WebPage","@id":"https:\/\/lappis.org.br\/site\/fique-por-dentro-do-seminario\/2545","url":"https:\/\/lappis.org.br\/site\/fique-por-dentro-do-seminario\/2545","name":"Fique por dentro do Semin\u00e1rio - Lappis 25 anos","isPartOf":{"@id":"https:\/\/lappis.org.br\/site\/#website"},"primaryImageOfPage":{"@id":"https:\/\/lappis.org.br\/site\/fique-por-dentro-do-seminario\/2545#primaryimage"},"image":{"@id":"https:\/\/lappis.org.br\/site\/fique-por-dentro-do-seminario\/2545#primaryimage"},"thumbnailUrl":"https:\/\/lappis.org.br\/site\/wp-content\/uploads\/2008\/06\/Prof_Madelb.JPG","datePublished":"2008-06-20T06:00:00+00:00","breadcrumb":{"@id":"https:\/\/lappis.org.br\/site\/fique-por-dentro-do-seminario\/2545#breadcrumb"},"inLanguage":"pt-BR","potentialAction":[{"@type":"ReadAction","target":["https:\/\/lappis.org.br\/site\/fique-por-dentro-do-seminario\/2545"]}]},{"@type":"ImageObject","inLanguage":"pt-BR","@id":"https:\/\/lappis.org.br\/site\/fique-por-dentro-do-seminario\/2545#primaryimage","url":"https:\/\/lappis.org.br\/site\/wp-content\/uploads\/2008\/06\/Prof_Madelb.JPG","contentUrl":"https:\/\/lappis.org.br\/site\/wp-content\/uploads\/2008\/06\/Prof_Madelb.JPG","width":448,"height":336,"caption":"alt"},{"@type":"BreadcrumbList","@id":"https:\/\/lappis.org.br\/site\/fique-por-dentro-do-seminario\/2545#breadcrumb","itemListElement":[{"@type":"ListItem","position":1,"name":"In\u00edcio","item":"https:\/\/lappis.org.br\/site\/"},{"@type":"ListItem","position":2,"name":"Fique por dentro do Semin\u00e1rio"}]},{"@type":"WebSite","@id":"https:\/\/lappis.org.br\/site\/#website","url":"https:\/\/lappis.org.br\/site\/","name":"Lappis 25 anos","description":"Labotat\u00f3rio de Pesquisas sobre Pr\u00e1ticas de Integralidade em Sa\u00fade","publisher":{"@id":"https:\/\/lappis.org.br\/site\/#organization"},"potentialAction":[{"@type":"SearchAction","target":{"@type":"EntryPoint","urlTemplate":"https:\/\/lappis.org.br\/site\/?s={search_term_string}"},"query-input":{"@type":"PropertyValueSpecification","valueRequired":true,"valueName":"search_term_string"}}],"inLanguage":"pt-BR"},{"@type":"Organization","@id":"https:\/\/lappis.org.br\/site\/#organization","name":"Lappis 25 anos","url":"https:\/\/lappis.org.br\/site\/","logo":{"@type":"ImageObject","inLanguage":"pt-BR","@id":"https:\/\/lappis.org.br\/site\/#\/schema\/logo\/image\/","url":"https:\/\/lappis.org.br\/site\/wp-content\/uploads\/2025\/03\/logo-lappis25anos.png","contentUrl":"https:\/\/lappis.org.br\/site\/wp-content\/uploads\/2025\/03\/logo-lappis25anos.png","width":388,"height":146,"caption":"Lappis 25 anos"},"image":{"@id":"https:\/\/lappis.org.br\/site\/#\/schema\/logo\/image\/"}},{"@type":"Person","@id":"https:\/\/lappis.org.br\/site\/#\/schema\/person\/3852381d08284b5e2716b20bd89bdbcf","name":"fw2","image":{"@type":"ImageObject","inLanguage":"pt-BR","@id":"https:\/\/lappis.org.br\/site\/#\/schema\/person\/image\/","url":"https:\/\/secure.gravatar.com\/avatar\/c38472c0cdbde82d9b6fcc26adb3779d?s=96&d=mm&r=g","contentUrl":"https:\/\/secure.gravatar.com\/avatar\/c38472c0cdbde82d9b6fcc26adb3779d?s=96&d=mm&r=g","caption":"fw2"},"url":"https:\/\/lappis.org.br\/site\/author\/fw2"}]}},"jetpack_featured_media_url":"https:\/\/lappis.org.br\/site\/wp-content\/uploads\/2008\/06\/Prof_Madelb.JPG","jetpack_shortlink":"https:\/\/wp.me\/p954Nh-F3","jetpack_sharing_enabled":true,"_links":{"self":[{"href":"https:\/\/lappis.org.br\/site\/wp-json\/wp\/v2\/posts\/2545"}],"collection":[{"href":"https:\/\/lappis.org.br\/site\/wp-json\/wp\/v2\/posts"}],"about":[{"href":"https:\/\/lappis.org.br\/site\/wp-json\/wp\/v2\/types\/post"}],"author":[{"embeddable":true,"href":"https:\/\/lappis.org.br\/site\/wp-json\/wp\/v2\/users\/1"}],"replies":[{"embeddable":true,"href":"https:\/\/lappis.org.br\/site\/wp-json\/wp\/v2\/comments?post=2545"}],"version-history":[{"count":0,"href":"https:\/\/lappis.org.br\/site\/wp-json\/wp\/v2\/posts\/2545\/revisions"}],"wp:featuredmedia":[{"embeddable":true,"href":"https:\/\/lappis.org.br\/site\/wp-json\/wp\/v2\/media\/2543"}],"wp:attachment":[{"href":"https:\/\/lappis.org.br\/site\/wp-json\/wp\/v2\/media?parent=2545"}],"wp:term":[{"taxonomy":"category","embeddable":true,"href":"https:\/\/lappis.org.br\/site\/wp-json\/wp\/v2\/categories?post=2545"},{"taxonomy":"post_tag","embeddable":true,"href":"https:\/\/lappis.org.br\/site\/wp-json\/wp\/v2\/tags?post=2545"}],"curies":[{"name":"wp","href":"https:\/\/api.w.org\/{rel}","templated":true}]}}