{"id":2538,"date":"2008-06-06T03:00:00","date_gmt":"2008-06-06T06:00:00","guid":{"rendered":"http:\/\/lappis.org.br\/site\/2008\/06\/06\/hospital-sofia-feldman-inaugura-programa-incubadora-da-integralidade-com-seminario-em-julho\/"},"modified":"2008-06-06T03:00:00","modified_gmt":"2008-06-06T06:00:00","slug":"hospital-sofia-feldman-inaugura-programa-incubadora-da-integralidade-com-seminario-em-julho","status":"publish","type":"post","link":"https:\/\/lappis.org.br\/site\/hospital-sofia-feldman-inaugura-programa-incubadora-da-integralidade-com-seminario-em-julho\/2538","title":{"rendered":"Hospital Sofia Feldman inaugura programa Incubadora da Integralidade com semin\u00e1rio em julho"},"content":{"rendered":"<p style=\"text-align: justify;\"> \t<img fetchpriority=\"high\" decoding=\"async\" data-attachment-id=\"2537\" data-permalink=\"https:\/\/lappis.org.br\/site\/hospital-sofia-feldman-inaugura-programa-incubadora-da-integralidade-com-seminario-em-julho\/2538\/attachment-alt-409\" data-orig-file=\"https:\/\/lappis.org.br\/site\/wp-content\/uploads\/2008\/06\/hosp_sofia_feldman.jpg\" data-orig-size=\"340,226\" data-comments-opened=\"1\" data-image-meta=\"{&quot;aperture&quot;:&quot;0&quot;,&quot;credit&quot;:&quot;&quot;,&quot;camera&quot;:&quot;&quot;,&quot;caption&quot;:&quot;&quot;,&quot;created_timestamp&quot;:&quot;0&quot;,&quot;copyright&quot;:&quot;&quot;,&quot;focal_length&quot;:&quot;0&quot;,&quot;iso&quot;:&quot;0&quot;,&quot;shutter_speed&quot;:&quot;0&quot;,&quot;title&quot;:&quot;&quot;,&quot;orientation&quot;:&quot;0&quot;}\" data-image-title=\"alt\" data-image-description=\"\" data-image-caption=\"\" data-medium-file=\"https:\/\/lappis.org.br\/site\/wp-content\/uploads\/2008\/06\/hosp_sofia_feldman-300x199.jpg\" data-large-file=\"https:\/\/lappis.org.br\/site\/wp-content\/uploads\/2008\/06\/hosp_sofia_feldman.jpg\" class=\" alignright size-full wp-image-2537\" alt=\"alt\" src=\"http:\/\/lappis.org.br\/site\/wp-content\/uploads\/2008\/06\/hosp_sofia_feldman.jpg\" style=\"float: right; margin: 5px;\" width=\"340\" height=\"226\" srcset=\"https:\/\/lappis.org.br\/site\/wp-content\/uploads\/2008\/06\/hosp_sofia_feldman.jpg 340w, https:\/\/lappis.org.br\/site\/wp-content\/uploads\/2008\/06\/hosp_sofia_feldman-300x199.jpg 300w\" sizes=\"(max-width: 340px) 100vw, 340px\" \/>Refer\u00eancia em Belo Horizonte (MG) pela assist\u00eancia materno-infantil e parceiro do LAPPIS, o Hospital Sofia Feldman lan\u00e7ar\u00e1 o programa &ldquo;Incubadora da Integralidade&rdquo; em julho. Para a inaugura\u00e7\u00e3o deste projeto, ser\u00e1 realizado um semin\u00e1rio, nos dias 10 e 11 de julho, sobre a produ\u00e7\u00e3o do conhecimento e as pr\u00e1ticas cuidadoras na sa\u00fade da mulher e do rec\u00e9m-nascido no HSF.<\/p>\n<p style=\"text-align: justify;\"> \t\u00a0<\/p>\n<p style=\"text-align: justify;\"> \tO semin\u00e1rio, ao constituir-se como uma atividade do Programa interinstitucional t\u00e9cnico-cient\u00edfico nas \u00e1reas da sa\u00fade da mulher e da crian\u00e7a &ldquo;Incubadora da integralidade&rdquo;, tem como principais objetivos divulgar e difundir o conhecimento sobre inquieta\u00e7\u00f5es\/agenda\/ linhas de pesquisa do programa, proporcionar a troca de saberes e experi\u00eancias entre profissionais e pesquisadores de diferentes \u00e1reas e servi\u00e7os de sa\u00fade, assim como estabelecer parcerias interinstitucionais, o que facilitar\u00e1 a gest\u00e3o do conhecimento produzido na Institui\u00e7\u00e3o.\u00a0 Foram definidos como eixos tem\u00e1ticos desse evento as pr\u00e1ticas cuidadoras hegem\u00f4nicas e alternativas; os processos avaliativos na assist\u00eancia e os aspectos \u00e9ticos na produ\u00e7\u00e3o e no consumo do conhecimento na aten\u00e7\u00e3o \u00e0 mulher e ao rec\u00e9m nascido.\u00a0<br \/> \t\u00a0<br \/> \tA participa\u00e7\u00e3o \u00e9 gratuita, com inscri\u00e7\u00e3o pr\u00e9via (m\u00e1ximo de 120 pessoas). Ser\u00e3o convidados profissionais da institui\u00e7\u00e3o ligados \u00e0 gest\u00e3o, ao ensino e \u00e0 pesquisa; estudantes de p\u00f3s-gradu\u00e7\u00e3o; pesquisadores; representantes do Minist\u00e9rio da Sa\u00fade, das Secretarias Estadual e Municipal (\u00e1rea t\u00e9cnica sa\u00fade da mulher e da crian\u00e7a) parceiros do HSF ligados a assist\u00eancia, ao ensino e a pesquisa e representantes dos usu\u00e1rios. Roseni Pinheiro, Madel Therezinha Luz e Ruben Mattos representam o LAPPIS no evento, em palestras e confer\u00eancias.<br \/> \t\u00a0<br \/> \tO Semin\u00e1rio Inaugural do Programa Incubadora da Integralidade acontecer\u00e1 no Centro de Capacita\u00e7\u00e3o do Hospital Sofia Feldman (Audit\u00f3rio e salas de apoio- 120 lugares), das 9 \u00e0s 17h, nos dias 10 e 11 de julho.<br \/> \t\u00a0<br \/> \tConfira a programa\u00e7\u00e3o:<br \/> \t\u00a0<br \/> \t<strong>Dia: 10\/07\/08 <\/strong><br \/> \t\u00a0<br \/> \tManh\u00e3<br \/> \t\u00a0<br \/> \t09:00h &ndash; Credeciamento<br \/> \t\u00a0<br \/> \t09:30h &#8211; Abertura:<br \/> \t\u00a0<br \/> \t10:30h- Confer\u00eancia de abertura: Pr\u00e1ticas de cuidado e pesquisa: interfaces poss\u00edveis<br \/> \t\u00a0<br \/> \tRoseni Pinheiro<br \/> \t\u00a0<br \/> \tProfessora titular do IMS\/UERJ, Coordenadora do grupo de pesquisa LAPPIS<br \/> \t\u00a0<br \/> \t11:30-12:00- Apresenta\u00e7\u00e3o do Programa Interinstitucional &ldquo;Incubadora da Integralidade&rdquo;<br \/> \t\u00a0<br \/> \tElys\u00e2ngela Dittz Duarte<br \/> \t\u00a0<br \/> \tDoutora em Ci\u00eancias da Sa\u00fade, Coordenadora da Linha de Cuidado Perinatal\u00a0<br \/> \t\u00a0<br \/> \t\u00a0<br \/> \tTarde<br \/> \t\u00a0<br \/> \t14:00 &ndash; 17:00- Mesa: A experi\u00eancia com as medicinas alternativas no Equador e as implica\u00e7\u00f5es dessas pr\u00e1ticas para a pesquisa<br \/> \t\u00a0<br \/> \tDr. Raul Mideros Morales<br \/> \t\u00a0<br \/> \tM\u00e9dico, Mestre em Sa\u00fade P\u00fablica e Antropologia; Professor da Universidade S\u00edmon Bolivar- Equador<br \/> \t\u00a0<br \/> \tDra. Madel Therezinha Luz<br \/> \t\u00a0<br \/> \tDoutora em Ci\u00eancias Pol\u00edticas\/ USP, Profa. Titular do IMS\/ UERJ<br \/> \t\u00a0<br \/> \tCoordenadora do grupo de pesquisa CNPq &ldquo;Racionalidades m\u00e9dicas e pr\u00e1ticas de sa\u00fade&rdquo;<br \/> \t\u00a0<br \/> \tDebate<br \/> \t\u00a0<br \/> \t\u00a0<br \/> \t<strong>Data: 11 \/07\/08<\/strong><br \/> \t\u00a0<br \/> \tManh\u00e3<br \/> \t\u00a0<br \/> \t09:30- 12:00 &ndash; Avalia\u00e7\u00e3o do cuidado na assist\u00eancia a mulher e ao rec\u00e9m-nascido: abordagens interdisciplinares de pesquisa.<br \/> \t\u00a0<br \/> \tDra. Roseni Ros\u00e2ngela de Sena<br \/> \t\u00a0<br \/> \tProfa. Em\u00e9rita da Escola de Enfermagem da UFMG, Doutora em Enfermagem da USP<br \/> \t\u00a0<br \/> \t\u00a0<br \/> \tAspectos subjetivos do cuidado e os indicadores propostos pela PNH<br \/> \t\u00a0<br \/> \tSerafim Barbosa Santos-Filho<br \/> \t\u00a0<br \/> \tM\u00e9dico Sanitarista, Consultor da Pol\u00edtica Nacional de Humaniza\u00e7\u00e3o<br \/> \t\u00a0\u00a0<br \/> \t14:00- 16:00\u00a0<br \/> \t\u00a0<br \/> \tDilemas da \u00e9tica na pesquisa em servi\u00e7os de sa\u00fade<br \/> \t\u00a0<br \/> \tDra. Iara Guerriero<br \/> \t\u00a0<br \/> \tDoutora em Sa\u00fade P\u00fabica\/USP, Coordenadora do CEP\/ Secretaria Municipal de S\u00e3o Paulo<br \/> \t\u00a0<br \/> \t\u00a0<br \/> \tIntegralidade, Responsabilidade e Solidariedade na produ\u00e7\u00e3o e consumo do conhecimento<br \/> \t\u00a0<br \/> \tDr. Ruben Mattos<br \/> \t\u00a0<br \/> \tProf. Titular do IMS\/UERJ, Coordenador do LAPPIS<br \/> \t\u00a0<br \/> \t16:30 &#8211; Encerramento<br \/> \t\u00a0<br \/> \t\u00a0<br \/> \t\u00a0<br \/> \t\u00a0<br \/> \t\u00a0<br \/> \t\u00a0<br \/> \t\u00a0<\/p>\n","protected":false},"excerpt":{"rendered":"<div class=\"mh-excerpt\"><p style=\"text-align: justify;\"> \t<img decoding=\"async\" class=\" alignright size-full wp-image-2537\" alt=\"alt\" src=\"http:\/\/lappis.org.br\/site\/wp-content\/uploads\/2008\/06\/hosp_sofia_feldman.jpg\" style=\"float: right; margin: 5px;\" width=\"340\" height=\"226\" srcset=\"https:\/\/lappis.org.br\/site\/wp-content\/uploads\/2008\/06\/hosp_sofia_feldman.jpg 340w, https:\/\/lappis.org.br\/site\/wp-content\/uploads\/2008\/06\/hosp_sofia_feldman-300x199.jpg 300w\" sizes=\"(max-width: 340px) 100vw, 340px\" \/>Refer\u00eancia em Belo Horizonte (MG) pela assist\u00eancia materno-infantil e parceiro do LAPPIS, o Hospital Sofia Feldman lan\u00e7ar\u00e1 o programa &ldquo;Incubadora da Integralidade&rdquo; em julho. Para a inaugura\u00e7\u00e3o deste projeto, ser\u00e1 realizado um semin\u00e1rio, nos dias 10 e 11 de julho, sobre a produ\u00e7\u00e3o do conhecimento e as pr\u00e1ticas cuidadoras na sa\u00fade da mulher e do rec\u00e9m-nascido no HSF.<\/p>\n<p style=\"text-align: justify;\"> \t\u00a0<\/p>\n<p>  <a class=\"mh-excerpt-more\" href=\"https:\/\/lappis.org.br\/site\/hospital-sofia-feldman-inaugura-programa-incubadora-da-integralidade-com-seminario-em-julho\/2538\" title=\"Hospital Sofia Feldman inaugura programa Incubadora da Integralidade com semin\u00e1rio em julho\">[&#8230;]<\/a><\/p>\n<\/div>","protected":false},"author":1,"featured_media":2536,"comment_status":"open","ping_status":"open","sticky":false,"template":"","format":"standard","meta":{"_acf_changed":false,"_exactmetrics_skip_tracking":false,"_exactmetrics_sitenote_active":false,"_exactmetrics_sitenote_note":"","_exactmetrics_sitenote_category":0,"jetpack_post_was_ever_published":false,"_jetpack_newsletter_access":"","_jetpack_dont_email_post_to_subs":false,"_jetpack_newsletter_tier_id":0,"_jetpack_memberships_contains_paywalled_content":false,"_jetpack_memberships_contains_paid_content":false,"footnotes":"","jetpack_publicize_message":"","jetpack_publicize_feature_enabled":true,"jetpack_social_post_already_shared":false,"jetpack_social_options":{"image_generator_settings":{"template":"highway","enabled":false},"version":2}},"categories":[8],"tags":[],"class_list":{"0":"post-2538","1":"post","2":"type-post","3":"status-publish","4":"format-standard","5":"has-post-thumbnail","7":"category-noticia"},"jetpack_publicize_connections":[],"acf":[],"yoast_head":"<!-- This site is optimized with the Yoast SEO plugin v25.2 - https:\/\/yoast.com\/wordpress\/plugins\/seo\/ -->\n<title>Hospital Sofia Feldman inaugura programa Incubadora da Integralidade com semin\u00e1rio em julho - Lappis 25 anos<\/title>\n<meta name=\"robots\" content=\"index, follow, max-snippet:-1, max-image-preview:large, max-video-preview:-1\" \/>\n<link rel=\"canonical\" href=\"https:\/\/lappis.org.br\/site\/hospital-sofia-feldman-inaugura-programa-incubadora-da-integralidade-com-seminario-em-julho\/2538\" \/>\n<meta property=\"og:locale\" content=\"pt_BR\" \/>\n<meta property=\"og:type\" content=\"article\" \/>\n<meta property=\"og:title\" content=\"Hospital Sofia Feldman inaugura programa Incubadora da Integralidade com semin\u00e1rio em julho - Lappis 25 anos\" \/>\n<meta property=\"og:description\" content=\"Refer\u00eancia em Belo Horizonte (MG) pela assist\u00eancia materno-infantil e parceiro do LAPPIS, o Hospital Sofia Feldman lan\u00e7ar\u00e1 o programa &ldquo;Incubadora da Integralidade&rdquo; em julho. Para a inaugura\u00e7\u00e3o deste projeto, ser\u00e1 realizado um semin\u00e1rio, nos dias 10 e 11 de julho, sobre a produ\u00e7\u00e3o do conhecimento e as pr\u00e1ticas cuidadoras na sa\u00fade da mulher e do rec\u00e9m-nascido no HSF.  \u00a0 [...]\" \/>\n<meta property=\"og:url\" content=\"https:\/\/lappis.org.br\/site\/hospital-sofia-feldman-inaugura-programa-incubadora-da-integralidade-com-seminario-em-julho\/2538\" \/>\n<meta property=\"og:site_name\" content=\"Lappis 25 anos\" \/>\n<meta property=\"article:published_time\" content=\"2008-06-06T06:00:00+00:00\" \/>\n<meta property=\"og:image\" content=\"https:\/\/lappis.org.br\/site\/wp-content\/uploads\/2008\/06\/hosp_sofia_feldman.jpg\" \/>\n\t<meta property=\"og:image:width\" content=\"340\" \/>\n\t<meta property=\"og:image:height\" content=\"226\" \/>\n\t<meta property=\"og:image:type\" content=\"image\/jpeg\" \/>\n<meta name=\"author\" content=\"fw2\" \/>\n<meta name=\"twitter:card\" content=\"summary_large_image\" \/>\n<meta name=\"twitter:label1\" content=\"Escrito por\" \/>\n\t<meta name=\"twitter:data1\" content=\"fw2\" \/>\n\t<meta name=\"twitter:label2\" content=\"Est. tempo de leitura\" \/>\n\t<meta name=\"twitter:data2\" content=\"3 minutos\" \/>\n<script type=\"application\/ld+json\" class=\"yoast-schema-graph\">{\"@context\":\"https:\/\/schema.org\",\"@graph\":[{\"@type\":\"Article\",\"@id\":\"https:\/\/lappis.org.br\/site\/hospital-sofia-feldman-inaugura-programa-incubadora-da-integralidade-com-seminario-em-julho\/2538#article\",\"isPartOf\":{\"@id\":\"https:\/\/lappis.org.br\/site\/hospital-sofia-feldman-inaugura-programa-incubadora-da-integralidade-com-seminario-em-julho\/2538\"},\"author\":{\"name\":\"fw2\",\"@id\":\"https:\/\/lappis.org.br\/site\/#\/schema\/person\/3852381d08284b5e2716b20bd89bdbcf\"},\"headline\":\"Hospital Sofia Feldman inaugura programa Incubadora da Integralidade com semin\u00e1rio em julho\",\"datePublished\":\"2008-06-06T06:00:00+00:00\",\"mainEntityOfPage\":{\"@id\":\"https:\/\/lappis.org.br\/site\/hospital-sofia-feldman-inaugura-programa-incubadora-da-integralidade-com-seminario-em-julho\/2538\"},\"wordCount\":600,\"commentCount\":0,\"publisher\":{\"@id\":\"https:\/\/lappis.org.br\/site\/#organization\"},\"image\":{\"@id\":\"https:\/\/lappis.org.br\/site\/hospital-sofia-feldman-inaugura-programa-incubadora-da-integralidade-com-seminario-em-julho\/2538#primaryimage\"},\"thumbnailUrl\":\"https:\/\/lappis.org.br\/site\/wp-content\/uploads\/2008\/06\/hosp_sofia_feldman.jpg\",\"articleSection\":[\"Not\u00edcia\"],\"inLanguage\":\"pt-BR\",\"potentialAction\":[{\"@type\":\"CommentAction\",\"name\":\"Comment\",\"target\":[\"https:\/\/lappis.org.br\/site\/hospital-sofia-feldman-inaugura-programa-incubadora-da-integralidade-com-seminario-em-julho\/2538#respond\"]}]},{\"@type\":\"WebPage\",\"@id\":\"https:\/\/lappis.org.br\/site\/hospital-sofia-feldman-inaugura-programa-incubadora-da-integralidade-com-seminario-em-julho\/2538\",\"url\":\"https:\/\/lappis.org.br\/site\/hospital-sofia-feldman-inaugura-programa-incubadora-da-integralidade-com-seminario-em-julho\/2538\",\"name\":\"Hospital Sofia Feldman inaugura programa Incubadora da Integralidade com semin\u00e1rio em julho - Lappis 25 anos\",\"isPartOf\":{\"@id\":\"https:\/\/lappis.org.br\/site\/#website\"},\"primaryImageOfPage\":{\"@id\":\"https:\/\/lappis.org.br\/site\/hospital-sofia-feldman-inaugura-programa-incubadora-da-integralidade-com-seminario-em-julho\/2538#primaryimage\"},\"image\":{\"@id\":\"https:\/\/lappis.org.br\/site\/hospital-sofia-feldman-inaugura-programa-incubadora-da-integralidade-com-seminario-em-julho\/2538#primaryimage\"},\"thumbnailUrl\":\"https:\/\/lappis.org.br\/site\/wp-content\/uploads\/2008\/06\/hosp_sofia_feldman.jpg\",\"datePublished\":\"2008-06-06T06:00:00+00:00\",\"breadcrumb\":{\"@id\":\"https:\/\/lappis.org.br\/site\/hospital-sofia-feldman-inaugura-programa-incubadora-da-integralidade-com-seminario-em-julho\/2538#breadcrumb\"},\"inLanguage\":\"pt-BR\",\"potentialAction\":[{\"@type\":\"ReadAction\",\"target\":[\"https:\/\/lappis.org.br\/site\/hospital-sofia-feldman-inaugura-programa-incubadora-da-integralidade-com-seminario-em-julho\/2538\"]}]},{\"@type\":\"ImageObject\",\"inLanguage\":\"pt-BR\",\"@id\":\"https:\/\/lappis.org.br\/site\/hospital-sofia-feldman-inaugura-programa-incubadora-da-integralidade-com-seminario-em-julho\/2538#primaryimage\",\"url\":\"https:\/\/lappis.org.br\/site\/wp-content\/uploads\/2008\/06\/hosp_sofia_feldman.jpg\",\"contentUrl\":\"https:\/\/lappis.org.br\/site\/wp-content\/uploads\/2008\/06\/hosp_sofia_feldman.jpg\",\"width\":340,\"height\":226,\"caption\":\"alt\"},{\"@type\":\"BreadcrumbList\",\"@id\":\"https:\/\/lappis.org.br\/site\/hospital-sofia-feldman-inaugura-programa-incubadora-da-integralidade-com-seminario-em-julho\/2538#breadcrumb\",\"itemListElement\":[{\"@type\":\"ListItem\",\"position\":1,\"name\":\"In\u00edcio\",\"item\":\"https:\/\/lappis.org.br\/site\/\"},{\"@type\":\"ListItem\",\"position\":2,\"name\":\"Hospital Sofia Feldman inaugura programa Incubadora da Integralidade com semin\u00e1rio em julho\"}]},{\"@type\":\"WebSite\",\"@id\":\"https:\/\/lappis.org.br\/site\/#website\",\"url\":\"https:\/\/lappis.org.br\/site\/\",\"name\":\"Lappis 25 anos\",\"description\":\"Labotat\u00f3rio de Pesquisas sobre Pr\u00e1ticas de Integralidade em Sa\u00fade\",\"publisher\":{\"@id\":\"https:\/\/lappis.org.br\/site\/#organization\"},\"potentialAction\":[{\"@type\":\"SearchAction\",\"target\":{\"@type\":\"EntryPoint\",\"urlTemplate\":\"https:\/\/lappis.org.br\/site\/?s={search_term_string}\"},\"query-input\":{\"@type\":\"PropertyValueSpecification\",\"valueRequired\":true,\"valueName\":\"search_term_string\"}}],\"inLanguage\":\"pt-BR\"},{\"@type\":\"Organization\",\"@id\":\"https:\/\/lappis.org.br\/site\/#organization\",\"name\":\"Lappis 25 anos\",\"url\":\"https:\/\/lappis.org.br\/site\/\",\"logo\":{\"@type\":\"ImageObject\",\"inLanguage\":\"pt-BR\",\"@id\":\"https:\/\/lappis.org.br\/site\/#\/schema\/logo\/image\/\",\"url\":\"https:\/\/lappis.org.br\/site\/wp-content\/uploads\/2025\/03\/logo-lappis25anos.png\",\"contentUrl\":\"https:\/\/lappis.org.br\/site\/wp-content\/uploads\/2025\/03\/logo-lappis25anos.png\",\"width\":388,\"height\":146,\"caption\":\"Lappis 25 anos\"},\"image\":{\"@id\":\"https:\/\/lappis.org.br\/site\/#\/schema\/logo\/image\/\"}},{\"@type\":\"Person\",\"@id\":\"https:\/\/lappis.org.br\/site\/#\/schema\/person\/3852381d08284b5e2716b20bd89bdbcf\",\"name\":\"fw2\",\"image\":{\"@type\":\"ImageObject\",\"inLanguage\":\"pt-BR\",\"@id\":\"https:\/\/lappis.org.br\/site\/#\/schema\/person\/image\/\",\"url\":\"https:\/\/secure.gravatar.com\/avatar\/c38472c0cdbde82d9b6fcc26adb3779d?s=96&d=mm&r=g\",\"contentUrl\":\"https:\/\/secure.gravatar.com\/avatar\/c38472c0cdbde82d9b6fcc26adb3779d?s=96&d=mm&r=g\",\"caption\":\"fw2\"},\"url\":\"https:\/\/lappis.org.br\/site\/author\/fw2\"}]}<\/script>\n<!-- \/ Yoast SEO plugin. -->","yoast_head_json":{"title":"Hospital Sofia Feldman inaugura programa Incubadora da Integralidade com semin\u00e1rio em julho - Lappis 25 anos","robots":{"index":"index","follow":"follow","max-snippet":"max-snippet:-1","max-image-preview":"max-image-preview:large","max-video-preview":"max-video-preview:-1"},"canonical":"https:\/\/lappis.org.br\/site\/hospital-sofia-feldman-inaugura-programa-incubadora-da-integralidade-com-seminario-em-julho\/2538","og_locale":"pt_BR","og_type":"article","og_title":"Hospital Sofia Feldman inaugura programa Incubadora da Integralidade com semin\u00e1rio em julho - Lappis 25 anos","og_description":"Refer\u00eancia em Belo Horizonte (MG) pela assist\u00eancia materno-infantil e parceiro do LAPPIS, o Hospital Sofia Feldman lan\u00e7ar\u00e1 o programa &ldquo;Incubadora da Integralidade&rdquo; em julho. Para a inaugura\u00e7\u00e3o deste projeto, ser\u00e1 realizado um semin\u00e1rio, nos dias 10 e 11 de julho, sobre a produ\u00e7\u00e3o do conhecimento e as pr\u00e1ticas cuidadoras na sa\u00fade da mulher e do rec\u00e9m-nascido no HSF.  \u00a0 [...]","og_url":"https:\/\/lappis.org.br\/site\/hospital-sofia-feldman-inaugura-programa-incubadora-da-integralidade-com-seminario-em-julho\/2538","og_site_name":"Lappis 25 anos","article_published_time":"2008-06-06T06:00:00+00:00","og_image":[{"width":340,"height":226,"url":"https:\/\/lappis.org.br\/site\/wp-content\/uploads\/2008\/06\/hosp_sofia_feldman.jpg","type":"image\/jpeg"}],"author":"fw2","twitter_card":"summary_large_image","twitter_misc":{"Escrito por":"fw2","Est. tempo de leitura":"3 minutos"},"schema":{"@context":"https:\/\/schema.org","@graph":[{"@type":"Article","@id":"https:\/\/lappis.org.br\/site\/hospital-sofia-feldman-inaugura-programa-incubadora-da-integralidade-com-seminario-em-julho\/2538#article","isPartOf":{"@id":"https:\/\/lappis.org.br\/site\/hospital-sofia-feldman-inaugura-programa-incubadora-da-integralidade-com-seminario-em-julho\/2538"},"author":{"name":"fw2","@id":"https:\/\/lappis.org.br\/site\/#\/schema\/person\/3852381d08284b5e2716b20bd89bdbcf"},"headline":"Hospital Sofia Feldman inaugura programa Incubadora da Integralidade com semin\u00e1rio em julho","datePublished":"2008-06-06T06:00:00+00:00","mainEntityOfPage":{"@id":"https:\/\/lappis.org.br\/site\/hospital-sofia-feldman-inaugura-programa-incubadora-da-integralidade-com-seminario-em-julho\/2538"},"wordCount":600,"commentCount":0,"publisher":{"@id":"https:\/\/lappis.org.br\/site\/#organization"},"image":{"@id":"https:\/\/lappis.org.br\/site\/hospital-sofia-feldman-inaugura-programa-incubadora-da-integralidade-com-seminario-em-julho\/2538#primaryimage"},"thumbnailUrl":"https:\/\/lappis.org.br\/site\/wp-content\/uploads\/2008\/06\/hosp_sofia_feldman.jpg","articleSection":["Not\u00edcia"],"inLanguage":"pt-BR","potentialAction":[{"@type":"CommentAction","name":"Comment","target":["https:\/\/lappis.org.br\/site\/hospital-sofia-feldman-inaugura-programa-incubadora-da-integralidade-com-seminario-em-julho\/2538#respond"]}]},{"@type":"WebPage","@id":"https:\/\/lappis.org.br\/site\/hospital-sofia-feldman-inaugura-programa-incubadora-da-integralidade-com-seminario-em-julho\/2538","url":"https:\/\/lappis.org.br\/site\/hospital-sofia-feldman-inaugura-programa-incubadora-da-integralidade-com-seminario-em-julho\/2538","name":"Hospital Sofia Feldman inaugura programa Incubadora da Integralidade com semin\u00e1rio em julho - Lappis 25 anos","isPartOf":{"@id":"https:\/\/lappis.org.br\/site\/#website"},"primaryImageOfPage":{"@id":"https:\/\/lappis.org.br\/site\/hospital-sofia-feldman-inaugura-programa-incubadora-da-integralidade-com-seminario-em-julho\/2538#primaryimage"},"image":{"@id":"https:\/\/lappis.org.br\/site\/hospital-sofia-feldman-inaugura-programa-incubadora-da-integralidade-com-seminario-em-julho\/2538#primaryimage"},"thumbnailUrl":"https:\/\/lappis.org.br\/site\/wp-content\/uploads\/2008\/06\/hosp_sofia_feldman.jpg","datePublished":"2008-06-06T06:00:00+00:00","breadcrumb":{"@id":"https:\/\/lappis.org.br\/site\/hospital-sofia-feldman-inaugura-programa-incubadora-da-integralidade-com-seminario-em-julho\/2538#breadcrumb"},"inLanguage":"pt-BR","potentialAction":[{"@type":"ReadAction","target":["https:\/\/lappis.org.br\/site\/hospital-sofia-feldman-inaugura-programa-incubadora-da-integralidade-com-seminario-em-julho\/2538"]}]},{"@type":"ImageObject","inLanguage":"pt-BR","@id":"https:\/\/lappis.org.br\/site\/hospital-sofia-feldman-inaugura-programa-incubadora-da-integralidade-com-seminario-em-julho\/2538#primaryimage","url":"https:\/\/lappis.org.br\/site\/wp-content\/uploads\/2008\/06\/hosp_sofia_feldman.jpg","contentUrl":"https:\/\/lappis.org.br\/site\/wp-content\/uploads\/2008\/06\/hosp_sofia_feldman.jpg","width":340,"height":226,"caption":"alt"},{"@type":"BreadcrumbList","@id":"https:\/\/lappis.org.br\/site\/hospital-sofia-feldman-inaugura-programa-incubadora-da-integralidade-com-seminario-em-julho\/2538#breadcrumb","itemListElement":[{"@type":"ListItem","position":1,"name":"In\u00edcio","item":"https:\/\/lappis.org.br\/site\/"},{"@type":"ListItem","position":2,"name":"Hospital Sofia Feldman inaugura programa Incubadora da Integralidade com semin\u00e1rio em julho"}]},{"@type":"WebSite","@id":"https:\/\/lappis.org.br\/site\/#website","url":"https:\/\/lappis.org.br\/site\/","name":"Lappis 25 anos","description":"Labotat\u00f3rio de Pesquisas sobre Pr\u00e1ticas de Integralidade em Sa\u00fade","publisher":{"@id":"https:\/\/lappis.org.br\/site\/#organization"},"potentialAction":[{"@type":"SearchAction","target":{"@type":"EntryPoint","urlTemplate":"https:\/\/lappis.org.br\/site\/?s={search_term_string}"},"query-input":{"@type":"PropertyValueSpecification","valueRequired":true,"valueName":"search_term_string"}}],"inLanguage":"pt-BR"},{"@type":"Organization","@id":"https:\/\/lappis.org.br\/site\/#organization","name":"Lappis 25 anos","url":"https:\/\/lappis.org.br\/site\/","logo":{"@type":"ImageObject","inLanguage":"pt-BR","@id":"https:\/\/lappis.org.br\/site\/#\/schema\/logo\/image\/","url":"https:\/\/lappis.org.br\/site\/wp-content\/uploads\/2025\/03\/logo-lappis25anos.png","contentUrl":"https:\/\/lappis.org.br\/site\/wp-content\/uploads\/2025\/03\/logo-lappis25anos.png","width":388,"height":146,"caption":"Lappis 25 anos"},"image":{"@id":"https:\/\/lappis.org.br\/site\/#\/schema\/logo\/image\/"}},{"@type":"Person","@id":"https:\/\/lappis.org.br\/site\/#\/schema\/person\/3852381d08284b5e2716b20bd89bdbcf","name":"fw2","image":{"@type":"ImageObject","inLanguage":"pt-BR","@id":"https:\/\/lappis.org.br\/site\/#\/schema\/person\/image\/","url":"https:\/\/secure.gravatar.com\/avatar\/c38472c0cdbde82d9b6fcc26adb3779d?s=96&d=mm&r=g","contentUrl":"https:\/\/secure.gravatar.com\/avatar\/c38472c0cdbde82d9b6fcc26adb3779d?s=96&d=mm&r=g","caption":"fw2"},"url":"https:\/\/lappis.org.br\/site\/author\/fw2"}]}},"jetpack_featured_media_url":"https:\/\/lappis.org.br\/site\/wp-content\/uploads\/2008\/06\/hosp_sofia_feldman.jpg","jetpack_shortlink":"https:\/\/wp.me\/p954Nh-EW","jetpack_sharing_enabled":true,"_links":{"self":[{"href":"https:\/\/lappis.org.br\/site\/wp-json\/wp\/v2\/posts\/2538"}],"collection":[{"href":"https:\/\/lappis.org.br\/site\/wp-json\/wp\/v2\/posts"}],"about":[{"href":"https:\/\/lappis.org.br\/site\/wp-json\/wp\/v2\/types\/post"}],"author":[{"embeddable":true,"href":"https:\/\/lappis.org.br\/site\/wp-json\/wp\/v2\/users\/1"}],"replies":[{"embeddable":true,"href":"https:\/\/lappis.org.br\/site\/wp-json\/wp\/v2\/comments?post=2538"}],"version-history":[{"count":0,"href":"https:\/\/lappis.org.br\/site\/wp-json\/wp\/v2\/posts\/2538\/revisions"}],"wp:featuredmedia":[{"embeddable":true,"href":"https:\/\/lappis.org.br\/site\/wp-json\/wp\/v2\/media\/2536"}],"wp:attachment":[{"href":"https:\/\/lappis.org.br\/site\/wp-json\/wp\/v2\/media?parent=2538"}],"wp:term":[{"taxonomy":"category","embeddable":true,"href":"https:\/\/lappis.org.br\/site\/wp-json\/wp\/v2\/categories?post=2538"},{"taxonomy":"post_tag","embeddable":true,"href":"https:\/\/lappis.org.br\/site\/wp-json\/wp\/v2\/tags?post=2538"}],"curies":[{"name":"wp","href":"https:\/\/api.w.org\/{rel}","templated":true}]}}