{"id":2533,"date":"2008-06-06T03:00:00","date_gmt":"2008-06-06T06:00:00","guid":{"rendered":"http:\/\/lappis.org.br\/site\/2008\/06\/06\/series-parcerias-lappis-aluisio-gomes-jr\/"},"modified":"2008-06-06T03:00:00","modified_gmt":"2008-06-06T06:00:00","slug":"series-parcerias-lappis-aluisio-gomes-jr","status":"publish","type":"post","link":"https:\/\/lappis.org.br\/site\/series-parcerias-lappis-aluisio-gomes-jr\/2533","title":{"rendered":"S\u00e9rie Parcerias LAPPIS &#8211; Aluisio Gomes Jr."},"content":{"rendered":"<p style=\"text-align: justify;\"> \t<em><strong>Alu\u00edsio Gomes Silva JR<\/strong>\u00e9 M\u00e9dico, Professor Adjunto do Instituto de\u00a0Sa\u00fade da Comunidade da UFF (Niter\u00f3i &#8211; RJ), coordenador do Lupa-Sa\u00fade (Laborat\u00f3rio Universit\u00e1rio de Planejamento e Administra\u00e7\u00e3o em Sa\u00fade), ex-coordenador da Instala\u00e7\u00e3o do P\u00f3lo de Capacita\u00e7\u00e3o, Forma\u00e7\u00e3o e Educa\u00e7\u00e3o Permanente de Pessoal para Sa\u00fade da Fam\u00edlia no Estado do Rio de Janeiro, N\u00facleo UFF. Aqui ele conta um pouco sobre sua experi\u00eancia com as atividades do laborat\u00f3rio, a import\u00e2ncia deste trabalho e um novo projeto.<\/em><\/p>\n<p style=\"text-align: justify;\"> \t<img decoding=\"async\" data-attachment-id=\"2532\" data-permalink=\"https:\/\/lappis.org.br\/site\/series-parcerias-lappis-aluisio-gomes-jr\/2533\/attachment-alt-407\" data-orig-file=\"https:\/\/lappis.org.br\/site\/wp-content\/uploads\/2008\/06\/aluiso.jpg\" data-orig-size=\"151,200\" data-comments-opened=\"1\" data-image-meta=\"{&quot;aperture&quot;:&quot;0&quot;,&quot;credit&quot;:&quot;&quot;,&quot;camera&quot;:&quot;&quot;,&quot;caption&quot;:&quot;&quot;,&quot;created_timestamp&quot;:&quot;0&quot;,&quot;copyright&quot;:&quot;&quot;,&quot;focal_length&quot;:&quot;0&quot;,&quot;iso&quot;:&quot;0&quot;,&quot;shutter_speed&quot;:&quot;0&quot;,&quot;title&quot;:&quot;&quot;,&quot;orientation&quot;:&quot;0&quot;}\" data-image-title=\"alt\" data-image-description=\"\" data-image-caption=\"\" data-medium-file=\"https:\/\/lappis.org.br\/site\/wp-content\/uploads\/2008\/06\/aluiso.jpg\" data-large-file=\"https:\/\/lappis.org.br\/site\/wp-content\/uploads\/2008\/06\/aluiso.jpg\" class=\" alignright size-full wp-image-2532\" alt=\"alt\" src=\"http:\/\/lappis.org.br\/site\/wp-content\/uploads\/2008\/06\/aluiso.jpg\" style=\"float: right; margin: 5px;\" width=\"151\" height=\"200\" \/><strong>BoletIN -Esse ano o projeto integralidade completa 8 anos de exist\u00eancia e 5 anosdo Grupo de Pesquisa LAPPIS, o que vc gostaria de destacar nesse percurso? E quanto as atividades de pesquisa\/trabalho\/publica\u00e7\u00e3o?<\/strong><\/p>\n<p style=\"text-align: justify;\">\n<p> \t<strong>Alu\u00edsio<\/strong>-O LAPPIS tem sido um grande ponto de encontro de pesquisadores , profissionais de sa\u00fade, discentes e movimentos sociais interessados em Pol\u00edtica de Sa\u00fade.<br \/> \tSua produ\u00e7\u00e3o traz inova\u00e7\u00f5es te\u00f3ricas quanto ao conceito de integralidade e procura divulgar pr\u00e1ticas comprometidas com aquela diretriz do SUS. Procura-se tamb\u00e9m dar voz aos diversos atores que atuam no setor sa\u00fade, em especial os trabalhadores e a sociedade organizada.<\/p>\n<p> \t<strong>BoletIN &#8211;\u00a0Na sua opini\u00e3o, qual a import\u00e2ncia da pesquisa em integralidade para a Sa\u00fade Coletiva?<\/strong><\/p>\n<p> \t<strong>Alu\u00edsio<\/strong>-A import\u00e2ncia da pesquisa em Integralidade reside na capacidade deste conte\u00fado em evidenciar problemas e lacunas no exerc\u00edcio do Direito \u00e0 Sa\u00fade e em propor estrat\u00e9gias e pr\u00e1ticas para supera\u00e7\u00e3o destes problemas. Incorporando novos olhares, novos pontos de vista\u00a0 e novos modos de construir a responsabilidade pela Sa\u00fade.<\/p>\n<p> \t<strong>BoletIN &#8211;\u00a0Fale um pouco sobre a parceria LAPPIS-UFF. Como a parceria funciona, quais os benef\u00edcios para ambas as partes?<\/strong><\/p>\n<p> \t<strong>Alu\u00edsio<\/strong>-O Instituto de Sa\u00fade da Comunidade da UFF, por meio dos pesquisadores do Grupo de Estudos de Gest\u00e3o e Educa\u00e7\u00e3o em Sa\u00fade &ndash; GEGES ( grupo de pesquisa do CNPq desde 1999 ) \u00a0e do LUPA &ndash;Sa\u00fade\u00a0\u00a0 ( Projeto de Extens\u00e3o) vem desenvolvendo pesquisas e atividades em parceria com o projeto integralidade e o LAPPIS desde 2001 .<br \/> \tOs temas de maior envolvimento de nossas institui\u00e7\u00f5es s\u00e3o o Ensino das Profiss\u00f5es de Sa\u00fade tendo como eixo a Integralidade; Sa\u00fade Suplementar e Integralidade\u00a0 e \u00a0a Avalia\u00e7\u00e3o em Sa\u00fade sob a \u00f3tica da Integralidade.<\/p>\n<p> \tV\u00e1rios projetos de pesquisa foram e est\u00e3o sendo desenvolvidos e sua produ\u00e7\u00e3o cient\u00edfica tem sido divulgada por meio de artigos e livros de grande repercuss\u00e3o como as Colet\u00e2neas CONSTRU\u00c7\u00c3O DA INTEGRALIDADE(2003); EDUCA\u00c7\u00c3O M\u00c9DICA EM TRANSFORMA\u00c7\u00c3O( ABEM,2004); ENSINAR SA\u00daDE(2005); CONSTRU\u00c7\u00c3O SOCIAL DA DEMANDA(2005); GEST\u00c3O EM REDES(2006) ; INTEGRALIDADE E SA\u00daDE SUPLEMENTAR (2007) e outros.<\/p>\n<p> \t<strong>BoletIN &#8211; H\u00e1 planos para o futuro nesta parceria? Quais? Projetos, mais parcerias?<\/strong><\/p>\n<p> \t<strong>Alu\u00edsio<\/strong>-Estamos desenvolvendo o eixo AVALIA\u00c7\u00c3O SOB \u00d3TICA DA INTEGRALIDADE com projetos no campo da Aten\u00e7\u00e3o B\u00e1sica e da Sa\u00fade Mental.<br \/> \tO livro \u00a0DESINSTITUCIONALIZA\u00c7\u00c3O DA SA\u00daDE MENTAL: CONTRIBUI\u00c7\u00d5ES PARA ESTUDOS AVALIATIVOS \u00e9 um recente produto desta parceria que pretendemos que dure muito!<br \/> \t\u00a0<br \/> \t\u00a0<br \/> \t\u00a0<\/p>\n","protected":false},"excerpt":{"rendered":"<div class=\"mh-excerpt\"><p style=\"text-align: justify;\"> \t<em><strong>Alu\u00edsio Gomes Silva JR<\/strong>\u00e9 M\u00e9dico, Professor Adjunto do Instituto de\u00a0Sa\u00fade da Comunidade da UFF (Niter\u00f3i &#8211; RJ), coordenador do Lupa-Sa\u00fade (Laborat\u00f3rio Universit\u00e1rio de Planejamento e Administra\u00e7\u00e3o em Sa\u00fade), ex-coordenador da Instala\u00e7\u00e3o do P\u00f3lo de Capacita\u00e7\u00e3o, Forma\u00e7\u00e3o e Educa\u00e7\u00e3o Permanente de Pessoal para Sa\u00fade da Fam\u00edlia no Estado do Rio de Janeiro, N\u00facleo UFF. Aqui ele conta um pouco sobre sua experi\u00eancia com as atividades do laborat\u00f3rio, a import\u00e2ncia deste trabalho e um novo projeto.<\/em><\/p>\n<p>  <a class=\"mh-excerpt-more\" href=\"https:\/\/lappis.org.br\/site\/series-parcerias-lappis-aluisio-gomes-jr\/2533\" title=\"S\u00e9rie Parcerias LAPPIS &#8211; Aluisio Gomes Jr.\">[&#8230;]<\/a><\/p>\n<\/div>","protected":false},"author":1,"featured_media":2531,"comment_status":"open","ping_status":"open","sticky":false,"template":"","format":"standard","meta":{"_acf_changed":false,"_exactmetrics_skip_tracking":false,"_exactmetrics_sitenote_active":false,"_exactmetrics_sitenote_note":"","_exactmetrics_sitenote_category":0,"jetpack_post_was_ever_published":false,"_jetpack_newsletter_access":"","_jetpack_dont_email_post_to_subs":false,"_jetpack_newsletter_tier_id":0,"_jetpack_memberships_contains_paywalled_content":false,"_jetpack_memberships_contains_paid_content":false,"footnotes":"","jetpack_publicize_message":"","jetpack_publicize_feature_enabled":true,"jetpack_social_post_already_shared":false,"jetpack_social_options":{"image_generator_settings":{"template":"highway","enabled":false},"version":2}},"categories":[8],"tags":[],"class_list":{"0":"post-2533","1":"post","2":"type-post","3":"status-publish","4":"format-standard","5":"has-post-thumbnail","7":"category-noticia"},"jetpack_publicize_connections":[],"acf":[],"yoast_head":"<!-- This site is optimized with the Yoast SEO plugin v25.2 - https:\/\/yoast.com\/wordpress\/plugins\/seo\/ -->\n<title>S\u00e9rie Parcerias LAPPIS - Aluisio Gomes Jr. - Lappis 25 anos<\/title>\n<meta name=\"robots\" content=\"index, follow, max-snippet:-1, max-image-preview:large, max-video-preview:-1\" \/>\n<link rel=\"canonical\" href=\"https:\/\/lappis.org.br\/site\/series-parcerias-lappis-aluisio-gomes-jr\/2533\" \/>\n<meta property=\"og:locale\" content=\"pt_BR\" \/>\n<meta property=\"og:type\" content=\"article\" \/>\n<meta property=\"og:title\" content=\"S\u00e9rie Parcerias LAPPIS - Aluisio Gomes Jr. - Lappis 25 anos\" \/>\n<meta property=\"og:description\" content=\"Alu\u00edsio Gomes Silva JR\u00e9 M\u00e9dico, Professor Adjunto do Instituto de\u00a0Sa\u00fade da Comunidade da UFF (Niter\u00f3i - RJ), coordenador do Lupa-Sa\u00fade (Laborat\u00f3rio Universit\u00e1rio de Planejamento e Administra\u00e7\u00e3o em Sa\u00fade), ex-coordenador da Instala\u00e7\u00e3o do P\u00f3lo de Capacita\u00e7\u00e3o, Forma\u00e7\u00e3o e Educa\u00e7\u00e3o Permanente de Pessoal para Sa\u00fade da Fam\u00edlia no Estado do Rio de Janeiro, N\u00facleo UFF. Aqui ele conta um pouco sobre sua experi\u00eancia com as atividades do laborat\u00f3rio, a import\u00e2ncia deste trabalho e um novo projeto. [...]\" \/>\n<meta property=\"og:url\" content=\"https:\/\/lappis.org.br\/site\/series-parcerias-lappis-aluisio-gomes-jr\/2533\" \/>\n<meta property=\"og:site_name\" content=\"Lappis 25 anos\" \/>\n<meta property=\"article:published_time\" content=\"2008-06-06T06:00:00+00:00\" \/>\n<meta property=\"og:image\" content=\"https:\/\/lappis.org.br\/site\/wp-content\/uploads\/2008\/06\/aluiso.jpg\" \/>\n\t<meta property=\"og:image:width\" content=\"151\" \/>\n\t<meta property=\"og:image:height\" content=\"200\" \/>\n\t<meta property=\"og:image:type\" content=\"image\/jpeg\" \/>\n<meta name=\"author\" content=\"fw2\" \/>\n<meta name=\"twitter:card\" content=\"summary_large_image\" \/>\n<meta name=\"twitter:label1\" content=\"Escrito por\" \/>\n\t<meta name=\"twitter:data1\" content=\"fw2\" \/>\n\t<meta name=\"twitter:label2\" content=\"Est. tempo de leitura\" \/>\n\t<meta name=\"twitter:data2\" content=\"3 minutos\" \/>\n<script type=\"application\/ld+json\" class=\"yoast-schema-graph\">{\"@context\":\"https:\/\/schema.org\",\"@graph\":[{\"@type\":\"Article\",\"@id\":\"https:\/\/lappis.org.br\/site\/series-parcerias-lappis-aluisio-gomes-jr\/2533#article\",\"isPartOf\":{\"@id\":\"https:\/\/lappis.org.br\/site\/series-parcerias-lappis-aluisio-gomes-jr\/2533\"},\"author\":{\"name\":\"fw2\",\"@id\":\"https:\/\/lappis.org.br\/site\/#\/schema\/person\/3852381d08284b5e2716b20bd89bdbcf\"},\"headline\":\"S\u00e9rie Parcerias LAPPIS &#8211; Aluisio Gomes Jr.\",\"datePublished\":\"2008-06-06T06:00:00+00:00\",\"mainEntityOfPage\":{\"@id\":\"https:\/\/lappis.org.br\/site\/series-parcerias-lappis-aluisio-gomes-jr\/2533\"},\"wordCount\":533,\"commentCount\":0,\"publisher\":{\"@id\":\"https:\/\/lappis.org.br\/site\/#organization\"},\"image\":{\"@id\":\"https:\/\/lappis.org.br\/site\/series-parcerias-lappis-aluisio-gomes-jr\/2533#primaryimage\"},\"thumbnailUrl\":\"https:\/\/lappis.org.br\/site\/wp-content\/uploads\/2008\/06\/aluiso.jpg\",\"articleSection\":[\"Not\u00edcia\"],\"inLanguage\":\"pt-BR\",\"potentialAction\":[{\"@type\":\"CommentAction\",\"name\":\"Comment\",\"target\":[\"https:\/\/lappis.org.br\/site\/series-parcerias-lappis-aluisio-gomes-jr\/2533#respond\"]}]},{\"@type\":\"WebPage\",\"@id\":\"https:\/\/lappis.org.br\/site\/series-parcerias-lappis-aluisio-gomes-jr\/2533\",\"url\":\"https:\/\/lappis.org.br\/site\/series-parcerias-lappis-aluisio-gomes-jr\/2533\",\"name\":\"S\u00e9rie Parcerias LAPPIS - Aluisio Gomes Jr. - Lappis 25 anos\",\"isPartOf\":{\"@id\":\"https:\/\/lappis.org.br\/site\/#website\"},\"primaryImageOfPage\":{\"@id\":\"https:\/\/lappis.org.br\/site\/series-parcerias-lappis-aluisio-gomes-jr\/2533#primaryimage\"},\"image\":{\"@id\":\"https:\/\/lappis.org.br\/site\/series-parcerias-lappis-aluisio-gomes-jr\/2533#primaryimage\"},\"thumbnailUrl\":\"https:\/\/lappis.org.br\/site\/wp-content\/uploads\/2008\/06\/aluiso.jpg\",\"datePublished\":\"2008-06-06T06:00:00+00:00\",\"breadcrumb\":{\"@id\":\"https:\/\/lappis.org.br\/site\/series-parcerias-lappis-aluisio-gomes-jr\/2533#breadcrumb\"},\"inLanguage\":\"pt-BR\",\"potentialAction\":[{\"@type\":\"ReadAction\",\"target\":[\"https:\/\/lappis.org.br\/site\/series-parcerias-lappis-aluisio-gomes-jr\/2533\"]}]},{\"@type\":\"ImageObject\",\"inLanguage\":\"pt-BR\",\"@id\":\"https:\/\/lappis.org.br\/site\/series-parcerias-lappis-aluisio-gomes-jr\/2533#primaryimage\",\"url\":\"https:\/\/lappis.org.br\/site\/wp-content\/uploads\/2008\/06\/aluiso.jpg\",\"contentUrl\":\"https:\/\/lappis.org.br\/site\/wp-content\/uploads\/2008\/06\/aluiso.jpg\",\"width\":151,\"height\":200,\"caption\":\"alt\"},{\"@type\":\"BreadcrumbList\",\"@id\":\"https:\/\/lappis.org.br\/site\/series-parcerias-lappis-aluisio-gomes-jr\/2533#breadcrumb\",\"itemListElement\":[{\"@type\":\"ListItem\",\"position\":1,\"name\":\"In\u00edcio\",\"item\":\"https:\/\/lappis.org.br\/site\/\"},{\"@type\":\"ListItem\",\"position\":2,\"name\":\"S\u00e9rie Parcerias LAPPIS &#8211; Aluisio Gomes Jr.\"}]},{\"@type\":\"WebSite\",\"@id\":\"https:\/\/lappis.org.br\/site\/#website\",\"url\":\"https:\/\/lappis.org.br\/site\/\",\"name\":\"Lappis 25 anos\",\"description\":\"Labotat\u00f3rio de Pesquisas sobre Pr\u00e1ticas de Integralidade em Sa\u00fade\",\"publisher\":{\"@id\":\"https:\/\/lappis.org.br\/site\/#organization\"},\"potentialAction\":[{\"@type\":\"SearchAction\",\"target\":{\"@type\":\"EntryPoint\",\"urlTemplate\":\"https:\/\/lappis.org.br\/site\/?s={search_term_string}\"},\"query-input\":{\"@type\":\"PropertyValueSpecification\",\"valueRequired\":true,\"valueName\":\"search_term_string\"}}],\"inLanguage\":\"pt-BR\"},{\"@type\":\"Organization\",\"@id\":\"https:\/\/lappis.org.br\/site\/#organization\",\"name\":\"Lappis 25 anos\",\"url\":\"https:\/\/lappis.org.br\/site\/\",\"logo\":{\"@type\":\"ImageObject\",\"inLanguage\":\"pt-BR\",\"@id\":\"https:\/\/lappis.org.br\/site\/#\/schema\/logo\/image\/\",\"url\":\"https:\/\/lappis.org.br\/site\/wp-content\/uploads\/2025\/03\/logo-lappis25anos.png\",\"contentUrl\":\"https:\/\/lappis.org.br\/site\/wp-content\/uploads\/2025\/03\/logo-lappis25anos.png\",\"width\":388,\"height\":146,\"caption\":\"Lappis 25 anos\"},\"image\":{\"@id\":\"https:\/\/lappis.org.br\/site\/#\/schema\/logo\/image\/\"}},{\"@type\":\"Person\",\"@id\":\"https:\/\/lappis.org.br\/site\/#\/schema\/person\/3852381d08284b5e2716b20bd89bdbcf\",\"name\":\"fw2\",\"image\":{\"@type\":\"ImageObject\",\"inLanguage\":\"pt-BR\",\"@id\":\"https:\/\/lappis.org.br\/site\/#\/schema\/person\/image\/\",\"url\":\"https:\/\/secure.gravatar.com\/avatar\/c38472c0cdbde82d9b6fcc26adb3779d?s=96&d=mm&r=g\",\"contentUrl\":\"https:\/\/secure.gravatar.com\/avatar\/c38472c0cdbde82d9b6fcc26adb3779d?s=96&d=mm&r=g\",\"caption\":\"fw2\"},\"url\":\"https:\/\/lappis.org.br\/site\/author\/fw2\"}]}<\/script>\n<!-- \/ Yoast SEO plugin. -->","yoast_head_json":{"title":"S\u00e9rie Parcerias LAPPIS - Aluisio Gomes Jr. - Lappis 25 anos","robots":{"index":"index","follow":"follow","max-snippet":"max-snippet:-1","max-image-preview":"max-image-preview:large","max-video-preview":"max-video-preview:-1"},"canonical":"https:\/\/lappis.org.br\/site\/series-parcerias-lappis-aluisio-gomes-jr\/2533","og_locale":"pt_BR","og_type":"article","og_title":"S\u00e9rie Parcerias LAPPIS - Aluisio Gomes Jr. - Lappis 25 anos","og_description":"Alu\u00edsio Gomes Silva JR\u00e9 M\u00e9dico, Professor Adjunto do Instituto de\u00a0Sa\u00fade da Comunidade da UFF (Niter\u00f3i - RJ), coordenador do Lupa-Sa\u00fade (Laborat\u00f3rio Universit\u00e1rio de Planejamento e Administra\u00e7\u00e3o em Sa\u00fade), ex-coordenador da Instala\u00e7\u00e3o do P\u00f3lo de Capacita\u00e7\u00e3o, Forma\u00e7\u00e3o e Educa\u00e7\u00e3o Permanente de Pessoal para Sa\u00fade da Fam\u00edlia no Estado do Rio de Janeiro, N\u00facleo UFF. Aqui ele conta um pouco sobre sua experi\u00eancia com as atividades do laborat\u00f3rio, a import\u00e2ncia deste trabalho e um novo projeto. [...]","og_url":"https:\/\/lappis.org.br\/site\/series-parcerias-lappis-aluisio-gomes-jr\/2533","og_site_name":"Lappis 25 anos","article_published_time":"2008-06-06T06:00:00+00:00","og_image":[{"width":151,"height":200,"url":"https:\/\/lappis.org.br\/site\/wp-content\/uploads\/2008\/06\/aluiso.jpg","type":"image\/jpeg"}],"author":"fw2","twitter_card":"summary_large_image","twitter_misc":{"Escrito por":"fw2","Est. tempo de leitura":"3 minutos"},"schema":{"@context":"https:\/\/schema.org","@graph":[{"@type":"Article","@id":"https:\/\/lappis.org.br\/site\/series-parcerias-lappis-aluisio-gomes-jr\/2533#article","isPartOf":{"@id":"https:\/\/lappis.org.br\/site\/series-parcerias-lappis-aluisio-gomes-jr\/2533"},"author":{"name":"fw2","@id":"https:\/\/lappis.org.br\/site\/#\/schema\/person\/3852381d08284b5e2716b20bd89bdbcf"},"headline":"S\u00e9rie Parcerias LAPPIS &#8211; Aluisio Gomes Jr.","datePublished":"2008-06-06T06:00:00+00:00","mainEntityOfPage":{"@id":"https:\/\/lappis.org.br\/site\/series-parcerias-lappis-aluisio-gomes-jr\/2533"},"wordCount":533,"commentCount":0,"publisher":{"@id":"https:\/\/lappis.org.br\/site\/#organization"},"image":{"@id":"https:\/\/lappis.org.br\/site\/series-parcerias-lappis-aluisio-gomes-jr\/2533#primaryimage"},"thumbnailUrl":"https:\/\/lappis.org.br\/site\/wp-content\/uploads\/2008\/06\/aluiso.jpg","articleSection":["Not\u00edcia"],"inLanguage":"pt-BR","potentialAction":[{"@type":"CommentAction","name":"Comment","target":["https:\/\/lappis.org.br\/site\/series-parcerias-lappis-aluisio-gomes-jr\/2533#respond"]}]},{"@type":"WebPage","@id":"https:\/\/lappis.org.br\/site\/series-parcerias-lappis-aluisio-gomes-jr\/2533","url":"https:\/\/lappis.org.br\/site\/series-parcerias-lappis-aluisio-gomes-jr\/2533","name":"S\u00e9rie Parcerias LAPPIS - Aluisio Gomes Jr. - Lappis 25 anos","isPartOf":{"@id":"https:\/\/lappis.org.br\/site\/#website"},"primaryImageOfPage":{"@id":"https:\/\/lappis.org.br\/site\/series-parcerias-lappis-aluisio-gomes-jr\/2533#primaryimage"},"image":{"@id":"https:\/\/lappis.org.br\/site\/series-parcerias-lappis-aluisio-gomes-jr\/2533#primaryimage"},"thumbnailUrl":"https:\/\/lappis.org.br\/site\/wp-content\/uploads\/2008\/06\/aluiso.jpg","datePublished":"2008-06-06T06:00:00+00:00","breadcrumb":{"@id":"https:\/\/lappis.org.br\/site\/series-parcerias-lappis-aluisio-gomes-jr\/2533#breadcrumb"},"inLanguage":"pt-BR","potentialAction":[{"@type":"ReadAction","target":["https:\/\/lappis.org.br\/site\/series-parcerias-lappis-aluisio-gomes-jr\/2533"]}]},{"@type":"ImageObject","inLanguage":"pt-BR","@id":"https:\/\/lappis.org.br\/site\/series-parcerias-lappis-aluisio-gomes-jr\/2533#primaryimage","url":"https:\/\/lappis.org.br\/site\/wp-content\/uploads\/2008\/06\/aluiso.jpg","contentUrl":"https:\/\/lappis.org.br\/site\/wp-content\/uploads\/2008\/06\/aluiso.jpg","width":151,"height":200,"caption":"alt"},{"@type":"BreadcrumbList","@id":"https:\/\/lappis.org.br\/site\/series-parcerias-lappis-aluisio-gomes-jr\/2533#breadcrumb","itemListElement":[{"@type":"ListItem","position":1,"name":"In\u00edcio","item":"https:\/\/lappis.org.br\/site\/"},{"@type":"ListItem","position":2,"name":"S\u00e9rie Parcerias LAPPIS &#8211; Aluisio Gomes Jr."}]},{"@type":"WebSite","@id":"https:\/\/lappis.org.br\/site\/#website","url":"https:\/\/lappis.org.br\/site\/","name":"Lappis 25 anos","description":"Labotat\u00f3rio de Pesquisas sobre Pr\u00e1ticas de Integralidade em Sa\u00fade","publisher":{"@id":"https:\/\/lappis.org.br\/site\/#organization"},"potentialAction":[{"@type":"SearchAction","target":{"@type":"EntryPoint","urlTemplate":"https:\/\/lappis.org.br\/site\/?s={search_term_string}"},"query-input":{"@type":"PropertyValueSpecification","valueRequired":true,"valueName":"search_term_string"}}],"inLanguage":"pt-BR"},{"@type":"Organization","@id":"https:\/\/lappis.org.br\/site\/#organization","name":"Lappis 25 anos","url":"https:\/\/lappis.org.br\/site\/","logo":{"@type":"ImageObject","inLanguage":"pt-BR","@id":"https:\/\/lappis.org.br\/site\/#\/schema\/logo\/image\/","url":"https:\/\/lappis.org.br\/site\/wp-content\/uploads\/2025\/03\/logo-lappis25anos.png","contentUrl":"https:\/\/lappis.org.br\/site\/wp-content\/uploads\/2025\/03\/logo-lappis25anos.png","width":388,"height":146,"caption":"Lappis 25 anos"},"image":{"@id":"https:\/\/lappis.org.br\/site\/#\/schema\/logo\/image\/"}},{"@type":"Person","@id":"https:\/\/lappis.org.br\/site\/#\/schema\/person\/3852381d08284b5e2716b20bd89bdbcf","name":"fw2","image":{"@type":"ImageObject","inLanguage":"pt-BR","@id":"https:\/\/lappis.org.br\/site\/#\/schema\/person\/image\/","url":"https:\/\/secure.gravatar.com\/avatar\/c38472c0cdbde82d9b6fcc26adb3779d?s=96&d=mm&r=g","contentUrl":"https:\/\/secure.gravatar.com\/avatar\/c38472c0cdbde82d9b6fcc26adb3779d?s=96&d=mm&r=g","caption":"fw2"},"url":"https:\/\/lappis.org.br\/site\/author\/fw2"}]}},"jetpack_featured_media_url":"https:\/\/lappis.org.br\/site\/wp-content\/uploads\/2008\/06\/aluiso.jpg","jetpack_shortlink":"https:\/\/wp.me\/p954Nh-ER","jetpack_sharing_enabled":true,"_links":{"self":[{"href":"https:\/\/lappis.org.br\/site\/wp-json\/wp\/v2\/posts\/2533"}],"collection":[{"href":"https:\/\/lappis.org.br\/site\/wp-json\/wp\/v2\/posts"}],"about":[{"href":"https:\/\/lappis.org.br\/site\/wp-json\/wp\/v2\/types\/post"}],"author":[{"embeddable":true,"href":"https:\/\/lappis.org.br\/site\/wp-json\/wp\/v2\/users\/1"}],"replies":[{"embeddable":true,"href":"https:\/\/lappis.org.br\/site\/wp-json\/wp\/v2\/comments?post=2533"}],"version-history":[{"count":0,"href":"https:\/\/lappis.org.br\/site\/wp-json\/wp\/v2\/posts\/2533\/revisions"}],"wp:featuredmedia":[{"embeddable":true,"href":"https:\/\/lappis.org.br\/site\/wp-json\/wp\/v2\/media\/2531"}],"wp:attachment":[{"href":"https:\/\/lappis.org.br\/site\/wp-json\/wp\/v2\/media?parent=2533"}],"wp:term":[{"taxonomy":"category","embeddable":true,"href":"https:\/\/lappis.org.br\/site\/wp-json\/wp\/v2\/categories?post=2533"},{"taxonomy":"post_tag","embeddable":true,"href":"https:\/\/lappis.org.br\/site\/wp-json\/wp\/v2\/tags?post=2533"}],"curies":[{"name":"wp","href":"https:\/\/api.w.org\/{rel}","templated":true}]}}