{"id":2530,"date":"2008-06-06T03:00:00","date_gmt":"2008-06-06T06:00:00","guid":{"rendered":"http:\/\/lappis.org.br\/site\/2008\/06\/06\/um-pouco-de-historia-saude-mental-ja-foi-o-sustento-do-municipio-de-paracambi\/"},"modified":"2008-06-06T03:00:00","modified_gmt":"2008-06-06T06:00:00","slug":"um-pouco-de-historia-saude-mental-ja-foi-o-sustento-do-municipio-de-paracambi","status":"publish","type":"post","link":"https:\/\/lappis.org.br\/site\/um-pouco-de-historia-saude-mental-ja-foi-o-sustento-do-municipio-de-paracambi\/2530","title":{"rendered":"Um pouco de hist\u00f3ria: Sa\u00fade mental j\u00e1 foi o \u201csustento\u201d do Munic\u00edpio de Paracambi"},"content":{"rendered":"<p style=\"text-align: justify;\"> \t<em>Conhe\u00e7a a hist\u00f3ria da Casa de Sa\u00fade Dr. Eiras do munic\u00edpio de Paracambi. O hospital psiqui\u00e1trico chegou a receber 2.550 internos no per\u00edodo de sua cria\u00e7\u00e3o, no in\u00edcio da d\u00e9cada de 1960.<\/em><\/p>\n<p style=\"text-align: justify;\"> \tA Casa de Sa\u00fade Dr Eiras Paracambi foi fundada em 1963,\u00a0 como\u00a0 filial da Casa de Sa\u00fade Dr. Eiras Botafogo\u00a0 instalada no bairro de Botafogo, regi\u00e3o nobre do munic\u00edpio do Rio de Janeiro. A unidade Paracambi,\u00a0 exclusivamente psiqui\u00e1trica, recebia pacientes com problemas cr\u00f4nicos, chamados &ldquo;sem possibilidades terap\u00eauticas&rdquo;. &ldquo;Os pacientes internados em Paracambi,\u00a0 ali permaneciam pelo resto de suas vidas&rdquo;, conta Fabiana Castelo Valadares, psic\u00f3loga e coordenadora da Unidade S\u00e3o Carlos II\u00a0 na Interven\u00e7\u00e3o na Dr Eiras Paracambi.<\/p>\n<p> \tNo per\u00edodo de sua cria\u00e7\u00e3o, pr\u00e9-ditadura, a Casa de Sa\u00fade Dr Eiras Paracambi tinha capacidade de receber 2.550 internos. O hospital se localiza em uma zona rural do munic\u00edpio a 90 Km do munic\u00edpio do Rio de Janeiro. O acesso mais simples pode ser feito de trem chegando na antepen\u00faltima esta\u00e7\u00e3o.\u00a0 O hospital foi fundado como uma entidade privada e prestava assist\u00eancia a pacientes conveniados ao antigo sistema de previd\u00eancia social.<\/p>\n<p> \tEm\u00a0 1991, trabalhadores do Hospital de Paracambi\u00a0 se organizaram\u00a0 em torno da realiza\u00e7\u00e3o de uma den\u00fancia p\u00fablica em conjunto a ALERJ (Assembl\u00e9ia Legislativa do Rio de Janeiro) relatando os maus tratos e as p\u00e9ssimas condi\u00e7\u00f5es de assist\u00eancia\u00a0 em que os pacientes se encontravam na institui\u00e7\u00e3o. Esta den\u00fancia deu origem a uma grande mobiliza\u00e7\u00e3o e a estrutura\u00e7\u00e3o de uma estrutura de &ldquo;triagem&rdquo; que se configurou em uma porta de entrada municipal que respons\u00e1vel pelas autoriza\u00e7\u00f5es de interna\u00e7\u00e3o hospitalar.\u00a0<\/p>\n<p> \tComo um dos efeitos da den\u00fancia de 1991 o munic\u00edpio de Paracambi iniciou a reformula\u00e7\u00e3o da assist\u00eancia a sa\u00fade mental. Assim\u00a0 com o intuito de minimizar as interna\u00e7\u00f5es no munic\u00edpio e em busca de uma melhor assist\u00eancia aos pacientes psiqui\u00e1tricos, em 1992 foi criado o P\u00f3lo de Sa\u00fade Mental,\u00a0 com leitos psiqui\u00e1tricos no Hospital Geral da cidade. As a\u00e7\u00f5es do P\u00f3lo de acolhimento a crise, interna\u00e7\u00f5es de curt\u00edssima perman\u00eancia e triagem da clientela reduziu 80% das interna\u00e7\u00f5es psiqui\u00e1tricas no munic\u00edpio em seu primeiro ano de funcionamento, reduzindo assim tamb\u00e9m o n\u00famero de interna\u00e7\u00f5es na Dr Eiras. De 1992 em diante, a rede de Sa\u00fade Mental do Munic\u00edpio foi ampliada, com a constru\u00e7\u00e3o do CAPS II e do CAPS ad, visando estrat\u00e9gias de aten\u00e7\u00e3o a popula\u00e7\u00e3o interna e externa ao hospital.<\/p>\n<p> \tAs a\u00e7\u00f5es adotadas passaram a estabelecer uma regula\u00e7\u00e3o mas as condi\u00e7\u00f5es de cuidado na CSDE-Pbi n\u00e3o se transformaram e em 1999 a Comiss\u00e3o de Direitos Humanos da C\u00e2mara dos Deputados instalou uma auditoria no local cujo desdobramento foi uma a\u00e7\u00e3o civil p\u00fablica pelo Minist\u00e9rio P\u00fablico Federal (ainda em curso) que contribuiu para o processo de interven\u00e7\u00e3o no hospital em 2004, quando l\u00e1 estavam 954 internos. A interven\u00e7\u00e3o se deu por um decreto municipal com articula\u00e7\u00e3o entre as tr\u00eas esferas de governo (federal\/MS, Estadual\/ASM-SES, Municipal\/SMS).A partir do ano de 2000,\u00a0 as interna\u00e7\u00f5es tornam-se proibidas por decreto da SES\/RJ. A institui\u00e7\u00e3o posteriormente foi descredenciada do SUS\u00a0 ap\u00f3s a reprova\u00e7\u00e3o (n\u00e3o atingiu os requisitos m\u00ednimos para a assist\u00eancia psiqui\u00e1trica) pelo PNASH\/Psiquiatria &ndash; Programa de Avalia\u00e7\u00e3o das Institui\u00e7\u00f5es Hospitalares.\u00a0<\/p>\n<p> \tEm 2001 o Munic\u00edpio construiu, sua primeira resid\u00eancia terap\u00eautica totalizando hoje 21 resid\u00eancias, sendo10 em forma de\u00a0 vila, constru\u00edda numa regi\u00e3o pr\u00f3xima ao hospital, as chamadas Casas de Passagem. Cada resid\u00eancia tem capacidade para abrigar at\u00e9 8 moradores que vivem na cidade e mant\u00e9m seu tratamento na rede de sa\u00fade do munic\u00edpio.<\/p>\n<p> \tEm 2004, ap\u00f3s a recusa dos propriet\u00e1rios do hospital em efetivar o ajustamento de conduta, exig\u00eancia do Minist\u00e9rio P\u00fablico Federal, que visava a melhoria da assist\u00eancia aos internos e a redu\u00e7\u00e3o do grande n\u00famero de \u00f3bitos, ocorre a interven\u00e7\u00e3o pelo poder p\u00fablico na Dr Eiras Paracambi. Desde ent\u00e3o o munic\u00edpio de Paracambi passa gerenciar em parceria com v\u00e1rios munic\u00edpios do estado do RJ, o processo de desinstitucionaliza\u00e7\u00e3o daquele que j\u00e1 chegou a ser conhecido como o maior hosp\u00edcio privado conveniado a rede p\u00fablica de sa\u00fade da Am\u00e9rica Latina.<\/p>\n<p> \t<em><strong>\u00a0A Lei Paulo Delgado entra em vigor<\/strong><\/em><\/p>\n<p> \tNo Brasil,\u00a0 a constru\u00e7\u00e3o de uma pol\u00edtica de sa\u00fade mental\u00a0 vem se consolidando desde a aprova\u00e7\u00e3o\u00a0 do SUS. A primeira lei nacional referente \u00e0 sa\u00fade mental \u00e9 a LEI 10216, de 2001, lei esta que foi aprovada ap\u00f3s a mobiliza\u00e7\u00e3o da sociedade durante seu per\u00edodo de tramita\u00e7\u00e3o\u00a0 no congresso, a partir do projeto de lei proposto por Paulo Delgado em 1989.<\/p>\n<p> \t<strong><em>Movimentos sociais d\u00e3o abertura a Luta Antimanicomial\u00a0\u00a0\u00a0\u00a0\u00a0\u00a0\u00a0\u00a0\u00a0\u00a0\u00a0<br \/> \t\u00a0\u00a0\u00a0\u00a0\u00a0\u00a0\u00a0\u00a0\u00a0\u00a0\u00a0\u00a0\u00a0\u00a0\u00a0\u00a0\u00a0 <\/em><\/strong><br \/> \tFabiana recorda que as den\u00fancias de maus tratos continuaram surgindo mesmo ap\u00f3s da lei Paulo Delgado, e o surgimento destas den\u00fancias constitui das fun\u00e7\u00f5es da lei, tornar vis\u00edvel e intoler\u00e1vel as atrocidades que ocorriam com freq\u00fc\u00eancia nas institui\u00e7\u00f5es psiqui\u00e1tricas.\u00a0 A mudan\u00e7a de paradigma na assist\u00eancia a sa\u00fade mental no Brasil foi fruto de movimentos sociais, tamb\u00e9m presentes em outros paises, de recusa a exclus\u00e3o social da loucura.<\/p>\n<p> \tNo Brasil a partir da organiza\u00e7\u00e3o dos trabalhadores da sa\u00fade mental chegando a abrang\u00eancia nacional, foi criado o Movimento dos Trabalhadores da Sa\u00fade Mental. Em 1987, o este movimento torna-se mais abrangente com a alian\u00e7a de familiares, partidos pol\u00edticos, entidades sindicais, ONG&rsquo;s e entidades civis. \u00c9 formado ent\u00e3o o Movimento da Luta Antimanicomial, com o lema &ldquo;por uma sociedade sem manic\u00f4mios&rdquo;.<\/p>\n<p> \tA primeira experi\u00eancia de interven\u00e7\u00e3o em um hospital psiqui\u00e1trico no Brasil acontece em Santos-SP, na Casa de Sa\u00fade de Santos, em fun\u00e7\u00e3o de den\u00fancias de maus tratos. Tal experi\u00eancia \u00e9 conduzida pela Prefeitura de Santos, que efetiva o fechamento do hospital ap\u00f3s um processo se estende por cerca de oito anos.<\/p>\n<p> \tDurante esse per\u00edodo foram criadas outras formas de assist\u00eancia psiqui\u00e1trica como os Centros de Aten\u00e7\u00e3o Psicossocial &ndash; CAPS e os N\u00facleos de Aten\u00e7\u00e3o Psicossocial &ndash; NAPS, que s\u00e3o servi\u00e7os de sa\u00fade mental diferenciados, que tem como objetivo substituir os hospitais psiqui\u00e1tricos e garantir outras formas operar o cuidado. \u00c9 um servi\u00e7o aberto, situado na cidade, territorializado e integrado a rede de sa\u00fade do munic\u00edpio.<\/p>\n<p> \tEstas mudan\u00e7as se consolidam no cen\u00e1rio nacional. A Lei Paulo Delgado d\u00e1 um respaldo jur\u00eddico, uma consist\u00eancia aos servi\u00e7os no Brasil, al\u00e9m de outras legisla\u00e7\u00f5es que foram surgindo e fortalecendo tais mudan\u00e7as. Dentre os Programas que visam a reformula\u00e7\u00e3o da assist\u00eancia a portadores de transtorno mental, o Minist\u00e9rio da Sa\u00fade criou o Programa de Volta pra Casa &ndash; PVC que consiste num aux\u00edlio mensal de R$ 240,00 (duzentos e quarenta reais). Os pacientes que n\u00e3o tem renda pr\u00f3pria podem ser inscritos no Benef\u00edcio de Presta\u00e7\u00e3o Continuada &ndash; BPC, que conta com um sal\u00e1rio m\u00ednimo dando uma sustenta\u00e7\u00e3o regular para que possa dar continuidade ao tratamento no CAPS. Os benef\u00edcios s\u00e3o avaliados anualmente.<\/p>\n<p> \tQuando o problema n\u00e3o \u00e9 financeiro, mas sim de conv\u00edvio familiar, s\u00e3o realizados encontros e visitas. O acompanhamento \u00e9 feito por profissionais da \u00e1rea de sa\u00fade juntamente com os familiares do usu\u00e1rio.<br \/> \t\u00a0<\/p>\n","protected":false},"excerpt":{"rendered":"<div class=\"mh-excerpt\"><p style=\"text-align: justify;\"> \t<em>Conhe\u00e7a a hist\u00f3ria da Casa de Sa\u00fade Dr. Eiras do munic\u00edpio de Paracambi. O hospital psiqui\u00e1trico chegou a receber 2.550 internos no per\u00edodo de sua cria\u00e7\u00e3o, no in\u00edcio da d\u00e9cada de 1960.<\/em><\/p>\n<p>  <a class=\"mh-excerpt-more\" href=\"https:\/\/lappis.org.br\/site\/um-pouco-de-historia-saude-mental-ja-foi-o-sustento-do-municipio-de-paracambi\/2530\" title=\"Um pouco de hist\u00f3ria: Sa\u00fade mental j\u00e1 foi o \u201csustento\u201d do Munic\u00edpio de Paracambi\">[&#8230;]<\/a><\/p>\n<\/div>","protected":false},"author":1,"featured_media":0,"comment_status":"open","ping_status":"open","sticky":false,"template":"","format":"standard","meta":{"_acf_changed":false,"_exactmetrics_skip_tracking":false,"_exactmetrics_sitenote_active":false,"_exactmetrics_sitenote_note":"","_exactmetrics_sitenote_category":0,"jetpack_post_was_ever_published":false,"_jetpack_newsletter_access":"","_jetpack_dont_email_post_to_subs":false,"_jetpack_newsletter_tier_id":0,"_jetpack_memberships_contains_paywalled_content":false,"_jetpack_memberships_contains_paid_content":false,"footnotes":"","jetpack_publicize_message":"","jetpack_publicize_feature_enabled":true,"jetpack_social_post_already_shared":false,"jetpack_social_options":{"image_generator_settings":{"template":"highway","enabled":false},"version":2}},"categories":[8],"tags":[],"class_list":{"0":"post-2530","1":"post","2":"type-post","3":"status-publish","4":"format-standard","6":"category-noticia"},"jetpack_publicize_connections":[],"acf":[],"yoast_head":"<!-- This site is optimized with the Yoast SEO plugin v25.2 - https:\/\/yoast.com\/wordpress\/plugins\/seo\/ -->\n<title>Um pouco de hist\u00f3ria: Sa\u00fade mental j\u00e1 foi o \u201csustento\u201d do Munic\u00edpio de Paracambi - Lappis 25 anos<\/title>\n<meta name=\"robots\" content=\"index, follow, max-snippet:-1, max-image-preview:large, max-video-preview:-1\" \/>\n<link rel=\"canonical\" href=\"https:\/\/lappis.org.br\/site\/um-pouco-de-historia-saude-mental-ja-foi-o-sustento-do-municipio-de-paracambi\/2530\" \/>\n<meta property=\"og:locale\" content=\"pt_BR\" \/>\n<meta property=\"og:type\" content=\"article\" \/>\n<meta property=\"og:title\" content=\"Um pouco de hist\u00f3ria: Sa\u00fade mental j\u00e1 foi o \u201csustento\u201d do Munic\u00edpio de Paracambi - Lappis 25 anos\" \/>\n<meta property=\"og:description\" content=\"Conhe\u00e7a a hist\u00f3ria da Casa de Sa\u00fade Dr. Eiras do munic\u00edpio de Paracambi. O hospital psiqui\u00e1trico chegou a receber 2.550 internos no per\u00edodo de sua cria\u00e7\u00e3o, no in\u00edcio da d\u00e9cada de 1960. [...]\" \/>\n<meta property=\"og:url\" content=\"https:\/\/lappis.org.br\/site\/um-pouco-de-historia-saude-mental-ja-foi-o-sustento-do-municipio-de-paracambi\/2530\" \/>\n<meta property=\"og:site_name\" content=\"Lappis 25 anos\" \/>\n<meta property=\"article:published_time\" content=\"2008-06-06T06:00:00+00:00\" \/>\n<meta name=\"author\" content=\"fw2\" \/>\n<meta name=\"twitter:card\" content=\"summary_large_image\" \/>\n<meta name=\"twitter:label1\" content=\"Escrito por\" \/>\n\t<meta name=\"twitter:data1\" content=\"fw2\" \/>\n\t<meta name=\"twitter:label2\" content=\"Est. tempo de leitura\" \/>\n\t<meta name=\"twitter:data2\" content=\"7 minutos\" \/>\n<script type=\"application\/ld+json\" class=\"yoast-schema-graph\">{\"@context\":\"https:\/\/schema.org\",\"@graph\":[{\"@type\":\"Article\",\"@id\":\"https:\/\/lappis.org.br\/site\/um-pouco-de-historia-saude-mental-ja-foi-o-sustento-do-municipio-de-paracambi\/2530#article\",\"isPartOf\":{\"@id\":\"https:\/\/lappis.org.br\/site\/um-pouco-de-historia-saude-mental-ja-foi-o-sustento-do-municipio-de-paracambi\/2530\"},\"author\":{\"name\":\"fw2\",\"@id\":\"https:\/\/lappis.org.br\/site\/#\/schema\/person\/3852381d08284b5e2716b20bd89bdbcf\"},\"headline\":\"Um pouco de hist\u00f3ria: Sa\u00fade mental j\u00e1 foi o \u201csustento\u201d do Munic\u00edpio de Paracambi\",\"datePublished\":\"2008-06-06T06:00:00+00:00\",\"mainEntityOfPage\":{\"@id\":\"https:\/\/lappis.org.br\/site\/um-pouco-de-historia-saude-mental-ja-foi-o-sustento-do-municipio-de-paracambi\/2530\"},\"wordCount\":1323,\"commentCount\":25,\"publisher\":{\"@id\":\"https:\/\/lappis.org.br\/site\/#organization\"},\"articleSection\":[\"Not\u00edcia\"],\"inLanguage\":\"pt-BR\",\"potentialAction\":[{\"@type\":\"CommentAction\",\"name\":\"Comment\",\"target\":[\"https:\/\/lappis.org.br\/site\/um-pouco-de-historia-saude-mental-ja-foi-o-sustento-do-municipio-de-paracambi\/2530#respond\"]}]},{\"@type\":\"WebPage\",\"@id\":\"https:\/\/lappis.org.br\/site\/um-pouco-de-historia-saude-mental-ja-foi-o-sustento-do-municipio-de-paracambi\/2530\",\"url\":\"https:\/\/lappis.org.br\/site\/um-pouco-de-historia-saude-mental-ja-foi-o-sustento-do-municipio-de-paracambi\/2530\",\"name\":\"Um pouco de hist\u00f3ria: Sa\u00fade mental j\u00e1 foi o \u201csustento\u201d do Munic\u00edpio de Paracambi - Lappis 25 anos\",\"isPartOf\":{\"@id\":\"https:\/\/lappis.org.br\/site\/#website\"},\"datePublished\":\"2008-06-06T06:00:00+00:00\",\"breadcrumb\":{\"@id\":\"https:\/\/lappis.org.br\/site\/um-pouco-de-historia-saude-mental-ja-foi-o-sustento-do-municipio-de-paracambi\/2530#breadcrumb\"},\"inLanguage\":\"pt-BR\",\"potentialAction\":[{\"@type\":\"ReadAction\",\"target\":[\"https:\/\/lappis.org.br\/site\/um-pouco-de-historia-saude-mental-ja-foi-o-sustento-do-municipio-de-paracambi\/2530\"]}]},{\"@type\":\"BreadcrumbList\",\"@id\":\"https:\/\/lappis.org.br\/site\/um-pouco-de-historia-saude-mental-ja-foi-o-sustento-do-municipio-de-paracambi\/2530#breadcrumb\",\"itemListElement\":[{\"@type\":\"ListItem\",\"position\":1,\"name\":\"In\u00edcio\",\"item\":\"https:\/\/lappis.org.br\/site\/\"},{\"@type\":\"ListItem\",\"position\":2,\"name\":\"Um pouco de hist\u00f3ria: Sa\u00fade mental j\u00e1 foi o \u201csustento\u201d do Munic\u00edpio de Paracambi\"}]},{\"@type\":\"WebSite\",\"@id\":\"https:\/\/lappis.org.br\/site\/#website\",\"url\":\"https:\/\/lappis.org.br\/site\/\",\"name\":\"Lappis 25 anos\",\"description\":\"Labotat\u00f3rio de Pesquisas sobre Pr\u00e1ticas de Integralidade em Sa\u00fade\",\"publisher\":{\"@id\":\"https:\/\/lappis.org.br\/site\/#organization\"},\"potentialAction\":[{\"@type\":\"SearchAction\",\"target\":{\"@type\":\"EntryPoint\",\"urlTemplate\":\"https:\/\/lappis.org.br\/site\/?s={search_term_string}\"},\"query-input\":{\"@type\":\"PropertyValueSpecification\",\"valueRequired\":true,\"valueName\":\"search_term_string\"}}],\"inLanguage\":\"pt-BR\"},{\"@type\":\"Organization\",\"@id\":\"https:\/\/lappis.org.br\/site\/#organization\",\"name\":\"Lappis 25 anos\",\"url\":\"https:\/\/lappis.org.br\/site\/\",\"logo\":{\"@type\":\"ImageObject\",\"inLanguage\":\"pt-BR\",\"@id\":\"https:\/\/lappis.org.br\/site\/#\/schema\/logo\/image\/\",\"url\":\"https:\/\/lappis.org.br\/site\/wp-content\/uploads\/2025\/03\/logo-lappis25anos.png\",\"contentUrl\":\"https:\/\/lappis.org.br\/site\/wp-content\/uploads\/2025\/03\/logo-lappis25anos.png\",\"width\":388,\"height\":146,\"caption\":\"Lappis 25 anos\"},\"image\":{\"@id\":\"https:\/\/lappis.org.br\/site\/#\/schema\/logo\/image\/\"}},{\"@type\":\"Person\",\"@id\":\"https:\/\/lappis.org.br\/site\/#\/schema\/person\/3852381d08284b5e2716b20bd89bdbcf\",\"name\":\"fw2\",\"image\":{\"@type\":\"ImageObject\",\"inLanguage\":\"pt-BR\",\"@id\":\"https:\/\/lappis.org.br\/site\/#\/schema\/person\/image\/\",\"url\":\"https:\/\/secure.gravatar.com\/avatar\/c38472c0cdbde82d9b6fcc26adb3779d?s=96&d=mm&r=g\",\"contentUrl\":\"https:\/\/secure.gravatar.com\/avatar\/c38472c0cdbde82d9b6fcc26adb3779d?s=96&d=mm&r=g\",\"caption\":\"fw2\"},\"url\":\"https:\/\/lappis.org.br\/site\/author\/fw2\"}]}<\/script>\n<!-- \/ Yoast SEO plugin. -->","yoast_head_json":{"title":"Um pouco de hist\u00f3ria: Sa\u00fade mental j\u00e1 foi o \u201csustento\u201d do Munic\u00edpio de Paracambi - Lappis 25 anos","robots":{"index":"index","follow":"follow","max-snippet":"max-snippet:-1","max-image-preview":"max-image-preview:large","max-video-preview":"max-video-preview:-1"},"canonical":"https:\/\/lappis.org.br\/site\/um-pouco-de-historia-saude-mental-ja-foi-o-sustento-do-municipio-de-paracambi\/2530","og_locale":"pt_BR","og_type":"article","og_title":"Um pouco de hist\u00f3ria: Sa\u00fade mental j\u00e1 foi o \u201csustento\u201d do Munic\u00edpio de Paracambi - Lappis 25 anos","og_description":"Conhe\u00e7a a hist\u00f3ria da Casa de Sa\u00fade Dr. Eiras do munic\u00edpio de Paracambi. O hospital psiqui\u00e1trico chegou a receber 2.550 internos no per\u00edodo de sua cria\u00e7\u00e3o, no in\u00edcio da d\u00e9cada de 1960. [...]","og_url":"https:\/\/lappis.org.br\/site\/um-pouco-de-historia-saude-mental-ja-foi-o-sustento-do-municipio-de-paracambi\/2530","og_site_name":"Lappis 25 anos","article_published_time":"2008-06-06T06:00:00+00:00","author":"fw2","twitter_card":"summary_large_image","twitter_misc":{"Escrito por":"fw2","Est. tempo de leitura":"7 minutos"},"schema":{"@context":"https:\/\/schema.org","@graph":[{"@type":"Article","@id":"https:\/\/lappis.org.br\/site\/um-pouco-de-historia-saude-mental-ja-foi-o-sustento-do-municipio-de-paracambi\/2530#article","isPartOf":{"@id":"https:\/\/lappis.org.br\/site\/um-pouco-de-historia-saude-mental-ja-foi-o-sustento-do-municipio-de-paracambi\/2530"},"author":{"name":"fw2","@id":"https:\/\/lappis.org.br\/site\/#\/schema\/person\/3852381d08284b5e2716b20bd89bdbcf"},"headline":"Um pouco de hist\u00f3ria: Sa\u00fade mental j\u00e1 foi o \u201csustento\u201d do Munic\u00edpio de Paracambi","datePublished":"2008-06-06T06:00:00+00:00","mainEntityOfPage":{"@id":"https:\/\/lappis.org.br\/site\/um-pouco-de-historia-saude-mental-ja-foi-o-sustento-do-municipio-de-paracambi\/2530"},"wordCount":1323,"commentCount":25,"publisher":{"@id":"https:\/\/lappis.org.br\/site\/#organization"},"articleSection":["Not\u00edcia"],"inLanguage":"pt-BR","potentialAction":[{"@type":"CommentAction","name":"Comment","target":["https:\/\/lappis.org.br\/site\/um-pouco-de-historia-saude-mental-ja-foi-o-sustento-do-municipio-de-paracambi\/2530#respond"]}]},{"@type":"WebPage","@id":"https:\/\/lappis.org.br\/site\/um-pouco-de-historia-saude-mental-ja-foi-o-sustento-do-municipio-de-paracambi\/2530","url":"https:\/\/lappis.org.br\/site\/um-pouco-de-historia-saude-mental-ja-foi-o-sustento-do-municipio-de-paracambi\/2530","name":"Um pouco de hist\u00f3ria: Sa\u00fade mental j\u00e1 foi o \u201csustento\u201d do Munic\u00edpio de Paracambi - Lappis 25 anos","isPartOf":{"@id":"https:\/\/lappis.org.br\/site\/#website"},"datePublished":"2008-06-06T06:00:00+00:00","breadcrumb":{"@id":"https:\/\/lappis.org.br\/site\/um-pouco-de-historia-saude-mental-ja-foi-o-sustento-do-municipio-de-paracambi\/2530#breadcrumb"},"inLanguage":"pt-BR","potentialAction":[{"@type":"ReadAction","target":["https:\/\/lappis.org.br\/site\/um-pouco-de-historia-saude-mental-ja-foi-o-sustento-do-municipio-de-paracambi\/2530"]}]},{"@type":"BreadcrumbList","@id":"https:\/\/lappis.org.br\/site\/um-pouco-de-historia-saude-mental-ja-foi-o-sustento-do-municipio-de-paracambi\/2530#breadcrumb","itemListElement":[{"@type":"ListItem","position":1,"name":"In\u00edcio","item":"https:\/\/lappis.org.br\/site\/"},{"@type":"ListItem","position":2,"name":"Um pouco de hist\u00f3ria: Sa\u00fade mental j\u00e1 foi o \u201csustento\u201d do Munic\u00edpio de Paracambi"}]},{"@type":"WebSite","@id":"https:\/\/lappis.org.br\/site\/#website","url":"https:\/\/lappis.org.br\/site\/","name":"Lappis 25 anos","description":"Labotat\u00f3rio de Pesquisas sobre Pr\u00e1ticas de Integralidade em Sa\u00fade","publisher":{"@id":"https:\/\/lappis.org.br\/site\/#organization"},"potentialAction":[{"@type":"SearchAction","target":{"@type":"EntryPoint","urlTemplate":"https:\/\/lappis.org.br\/site\/?s={search_term_string}"},"query-input":{"@type":"PropertyValueSpecification","valueRequired":true,"valueName":"search_term_string"}}],"inLanguage":"pt-BR"},{"@type":"Organization","@id":"https:\/\/lappis.org.br\/site\/#organization","name":"Lappis 25 anos","url":"https:\/\/lappis.org.br\/site\/","logo":{"@type":"ImageObject","inLanguage":"pt-BR","@id":"https:\/\/lappis.org.br\/site\/#\/schema\/logo\/image\/","url":"https:\/\/lappis.org.br\/site\/wp-content\/uploads\/2025\/03\/logo-lappis25anos.png","contentUrl":"https:\/\/lappis.org.br\/site\/wp-content\/uploads\/2025\/03\/logo-lappis25anos.png","width":388,"height":146,"caption":"Lappis 25 anos"},"image":{"@id":"https:\/\/lappis.org.br\/site\/#\/schema\/logo\/image\/"}},{"@type":"Person","@id":"https:\/\/lappis.org.br\/site\/#\/schema\/person\/3852381d08284b5e2716b20bd89bdbcf","name":"fw2","image":{"@type":"ImageObject","inLanguage":"pt-BR","@id":"https:\/\/lappis.org.br\/site\/#\/schema\/person\/image\/","url":"https:\/\/secure.gravatar.com\/avatar\/c38472c0cdbde82d9b6fcc26adb3779d?s=96&d=mm&r=g","contentUrl":"https:\/\/secure.gravatar.com\/avatar\/c38472c0cdbde82d9b6fcc26adb3779d?s=96&d=mm&r=g","caption":"fw2"},"url":"https:\/\/lappis.org.br\/site\/author\/fw2"}]}},"jetpack_featured_media_url":"","jetpack_shortlink":"https:\/\/wp.me\/p954Nh-EO","jetpack_sharing_enabled":true,"_links":{"self":[{"href":"https:\/\/lappis.org.br\/site\/wp-json\/wp\/v2\/posts\/2530"}],"collection":[{"href":"https:\/\/lappis.org.br\/site\/wp-json\/wp\/v2\/posts"}],"about":[{"href":"https:\/\/lappis.org.br\/site\/wp-json\/wp\/v2\/types\/post"}],"author":[{"embeddable":true,"href":"https:\/\/lappis.org.br\/site\/wp-json\/wp\/v2\/users\/1"}],"replies":[{"embeddable":true,"href":"https:\/\/lappis.org.br\/site\/wp-json\/wp\/v2\/comments?post=2530"}],"version-history":[{"count":0,"href":"https:\/\/lappis.org.br\/site\/wp-json\/wp\/v2\/posts\/2530\/revisions"}],"wp:attachment":[{"href":"https:\/\/lappis.org.br\/site\/wp-json\/wp\/v2\/media?parent=2530"}],"wp:term":[{"taxonomy":"category","embeddable":true,"href":"https:\/\/lappis.org.br\/site\/wp-json\/wp\/v2\/categories?post=2530"},{"taxonomy":"post_tag","embeddable":true,"href":"https:\/\/lappis.org.br\/site\/wp-json\/wp\/v2\/tags?post=2530"}],"curies":[{"name":"wp","href":"https:\/\/api.w.org\/{rel}","templated":true}]}}