{"id":2519,"date":"2008-05-12T03:00:00","date_gmt":"2008-05-12T06:00:00","guid":{"rendered":"http:\/\/lappis.org.br\/site\/2008\/05\/12\/lappis-viii-seminario-pesquisas-responsabilidade-e-reflexao\/"},"modified":"2008-05-12T03:00:00","modified_gmt":"2008-05-12T06:00:00","slug":"lappis-viii-seminario-pesquisas-responsabilidade-e-reflexao","status":"publish","type":"post","link":"https:\/\/lappis.org.br\/site\/lappis-viii-seminario-pesquisas-responsabilidade-e-reflexao\/2519","title":{"rendered":"LAPPIS VIII Semin\u00e1rio: pesquisas, responsabilidade e reflex\u00e3o."},"content":{"rendered":"<p style=\"text-align: justify;\"> \t<em>Roseni Pinheiro inicia as atividades do Laborat\u00f3rio e antecipa novidades para o ano de 2008. Uma delas \u00e9 a data do VIII Semin\u00e1rio do Projeto Integralidade, nos dias 10, 11 e 12 de setembro.\u00a0 A coordenadora do LAPPIS ainda ressalta a import\u00e2ncia da responsabilidade e convida para uma reflex\u00e3o sobre os 20 anos de SUS Constitucional no \u00e2mbito da integralidade.<\/em><\/p>\n<p style=\"text-align: justify;\"> \t\u00a0Ap\u00f3s o sucesso absoluto do VII Semin\u00e1rio do Projeto Integralidade, o LAPPIS pretende retomar as atividades com iniciativas importantes. Finaliza\u00e7\u00f5es de projetos e a organiza\u00e7\u00e3o da oitava edi\u00e7\u00e3o do evento, a ser realizada nos dias 10, 11 e 12 de setembro, s\u00e3o algumas das pautas prometidas por Roseni Pinheiro, coordenadora do Laborat\u00f3rio. &ldquo;O tema central deste ano ser\u00e1 a responsabilidade. O entendimento sobre a no\u00e7\u00e3o desse conceito e o que ele impacta, seja na forma\u00e7\u00e3o, na avalia\u00e7\u00e3o, na gest\u00e3o, enfim, todos os campos que organizam a pr\u00f3pria constitui\u00e7\u00e3o do semin\u00e1rio. Nessa perspectiva, vamos acoplar essa id\u00e9ia da responsabilidade junto com os 20 anos de SUS Constitucional. A Sa\u00fade P\u00fablica e Coletiva deve se mobilizar para fazer balan\u00e7os em torno dessas quest\u00f5es&rdquo;.<br \/> \t\u00a0<br \/> \tSegundo Roseni, o ponto principal da quest\u00e3o \u00e9 pensar como a id\u00e9ia de integralidade deve ser tratada nesse contexto de &ldquo;Sistema \u00danico de Sa\u00fade atingindo a maioridade&rdquo;. &ldquo;Percebemos que h\u00e1 uma tend\u00eancia a discutir o tema em uma perspectiva de possibilidades e limites de se garantir o direito \u00e0 sa\u00fade de forma integral. Sem d\u00favidas, a redu\u00e7\u00e3o de recursos financeiros \u00e9 uma quest\u00e3o importante e de discuss\u00e3o inadi\u00e1vel. Contudo, outra quest\u00e3o crucial que temos que tratar para garantir a integralidade \u00e9 o exerc\u00edcio efetivo e respons\u00e1vel de nossas a\u00e7\u00f5es&rdquo;. A coordenadora acredita ainda que esse \u00e9 um momento oportuno e auspicioso para &ldquo;repensar e aumentar a criatividade, de que modo que n\u00f3s, que sempre lutamos contra a mar\u00e9 tanto na quest\u00e3o de financiamento e recursos, devemos nos organizar para avan\u00e7ar no sentido de implementar um Sistema \u00danico de Sa\u00fade da forma mais plena poss\u00edvel pra cada cidad\u00e3o. N\u00e3o mais recercear direitos por conta de uma vis\u00e3o, muitas vezes m\u00edope, de que temos que nos adequar aos recursos escassos que possu\u00edmos. Devemos lutar por mais recursos e fazer a melhor utiliza\u00e7\u00e3o dos que foram conseguidos. Pensar o tema no cotidiano das pessoas e o que significa pra vida delas. Afinal, em que medida os servi\u00e7os de sa\u00fade s\u00e3o perme\u00e1veis ao di\u00e1logo e, assim como no ensino, as institui\u00e7\u00f5es efetivamente se responsabilizam pelos profissionais que formam perante a sociedade que os mant\u00e9m&rdquo;.<br \/> \t\u00a0<br \/> \tO VIII Semin\u00e1rio d\u00e1 continuidade \u00e0s discuss\u00f5es do anterior, apresentando como tema central o &ldquo;Cuidar do Cuidado: responsabilidade com a integralidade das a\u00e7\u00f5es&rdquo;. Nesse evento, quest\u00f5es concernentes aos eixos do ensino, pesquisa e servi\u00e7os ser\u00e3o amplamente discutidas, a fim de constituir um solo epistemol\u00f3gico para pesquisas sobre integralidade na aten\u00e7\u00e3o e no cuidado em sa\u00fade. A vers\u00e3o do Ateli\u00ea do Cuidado de 2008 ser\u00e1 aberta a todos os participantes, de acordo com os locais a serem realizados. Ser\u00e1 lan\u00e7ada a edi\u00e7\u00e3o dos trabalhos aprovados do semin\u00e1rio anterior, j\u00e1 submetidos e revisados pelo conselho editorial. Para o pr\u00f3ximo, ser\u00e1 feito o mesmo. &ldquo;Todos est\u00e3o convidados. Espero contar com a participa\u00e7\u00e3o dos que j\u00e1 vieram nas edi\u00e7\u00f5es anteriores, e aqueles que desejam conhecer o Semin\u00e1rio do Projeto Integralidade. Fiquem atentos ao <strong>BoletIN<\/strong>, pois iniciaremos nessa semana a <strong>S\u00e9rie Semin\u00e1rio,<\/strong> oferecendo um pouco das id\u00e9ias dos palestrantes que v\u00e3o participar do evento&rdquo;.<br \/> \t\u00a0<\/p>\n","protected":false},"excerpt":{"rendered":"<div class=\"mh-excerpt\"><p style=\"text-align: justify;\"> \t<em>Roseni Pinheiro inicia as atividades do Laborat\u00f3rio e antecipa novidades para o ano de 2008. Uma delas \u00e9 a data do VIII Semin\u00e1rio do Projeto Integralidade, nos dias 10, 11 e 12 de setembro.\u00a0 A coordenadora do LAPPIS ainda ressalta a import\u00e2ncia da responsabilidade e convida para uma reflex\u00e3o sobre os 20 anos de SUS Constitucional no \u00e2mbito da integralidade.<\/em><\/p>\n<p>  <a class=\"mh-excerpt-more\" href=\"https:\/\/lappis.org.br\/site\/lappis-viii-seminario-pesquisas-responsabilidade-e-reflexao\/2519\" title=\"LAPPIS VIII Semin\u00e1rio: pesquisas, responsabilidade e reflex\u00e3o.\">[&#8230;]<\/a><\/p>\n<\/div>","protected":false},"author":1,"featured_media":0,"comment_status":"open","ping_status":"open","sticky":false,"template":"","format":"standard","meta":{"_acf_changed":false,"_exactmetrics_skip_tracking":false,"_exactmetrics_sitenote_active":false,"_exactmetrics_sitenote_note":"","_exactmetrics_sitenote_category":0,"jetpack_post_was_ever_published":false,"_jetpack_newsletter_access":"","_jetpack_dont_email_post_to_subs":false,"_jetpack_newsletter_tier_id":0,"_jetpack_memberships_contains_paywalled_content":false,"_jetpack_memberships_contains_paid_content":false,"footnotes":"","jetpack_publicize_message":"","jetpack_publicize_feature_enabled":true,"jetpack_social_post_already_shared":false,"jetpack_social_options":{"image_generator_settings":{"template":"highway","enabled":false},"version":2}},"categories":[8],"tags":[],"class_list":{"0":"post-2519","1":"post","2":"type-post","3":"status-publish","4":"format-standard","6":"category-noticia"},"jetpack_publicize_connections":[],"acf":[],"yoast_head":"<!-- This site is optimized with the Yoast SEO plugin v25.2 - https:\/\/yoast.com\/wordpress\/plugins\/seo\/ -->\n<title>LAPPIS VIII Semin\u00e1rio: pesquisas, responsabilidade e reflex\u00e3o. - Lappis 25 anos<\/title>\n<meta name=\"robots\" content=\"index, follow, max-snippet:-1, max-image-preview:large, max-video-preview:-1\" \/>\n<link rel=\"canonical\" href=\"https:\/\/lappis.org.br\/site\/lappis-viii-seminario-pesquisas-responsabilidade-e-reflexao\/2519\" \/>\n<meta property=\"og:locale\" content=\"pt_BR\" \/>\n<meta property=\"og:type\" content=\"article\" \/>\n<meta property=\"og:title\" content=\"LAPPIS VIII Semin\u00e1rio: pesquisas, responsabilidade e reflex\u00e3o. - Lappis 25 anos\" \/>\n<meta property=\"og:description\" content=\"Roseni Pinheiro inicia as atividades do Laborat\u00f3rio e antecipa novidades para o ano de 2008. Uma delas \u00e9 a data do VIII Semin\u00e1rio do Projeto Integralidade, nos dias 10, 11 e 12 de setembro.\u00a0 A coordenadora do LAPPIS ainda ressalta a import\u00e2ncia da responsabilidade e convida para uma reflex\u00e3o sobre os 20 anos de SUS Constitucional no \u00e2mbito da integralidade. [...]\" \/>\n<meta property=\"og:url\" content=\"https:\/\/lappis.org.br\/site\/lappis-viii-seminario-pesquisas-responsabilidade-e-reflexao\/2519\" \/>\n<meta property=\"og:site_name\" content=\"Lappis 25 anos\" \/>\n<meta property=\"article:published_time\" content=\"2008-05-12T06:00:00+00:00\" \/>\n<meta name=\"author\" content=\"fw2\" \/>\n<meta name=\"twitter:card\" content=\"summary_large_image\" \/>\n<meta name=\"twitter:label1\" content=\"Escrito por\" \/>\n\t<meta name=\"twitter:data1\" content=\"fw2\" \/>\n\t<meta name=\"twitter:label2\" content=\"Est. tempo de leitura\" \/>\n\t<meta name=\"twitter:data2\" content=\"3 minutos\" \/>\n<script type=\"application\/ld+json\" class=\"yoast-schema-graph\">{\"@context\":\"https:\/\/schema.org\",\"@graph\":[{\"@type\":\"Article\",\"@id\":\"https:\/\/lappis.org.br\/site\/lappis-viii-seminario-pesquisas-responsabilidade-e-reflexao\/2519#article\",\"isPartOf\":{\"@id\":\"https:\/\/lappis.org.br\/site\/lappis-viii-seminario-pesquisas-responsabilidade-e-reflexao\/2519\"},\"author\":{\"name\":\"fw2\",\"@id\":\"https:\/\/lappis.org.br\/site\/#\/schema\/person\/3852381d08284b5e2716b20bd89bdbcf\"},\"headline\":\"LAPPIS VIII Semin\u00e1rio: pesquisas, responsabilidade e reflex\u00e3o.\",\"datePublished\":\"2008-05-12T06:00:00+00:00\",\"mainEntityOfPage\":{\"@id\":\"https:\/\/lappis.org.br\/site\/lappis-viii-seminario-pesquisas-responsabilidade-e-reflexao\/2519\"},\"wordCount\":642,\"commentCount\":0,\"publisher\":{\"@id\":\"https:\/\/lappis.org.br\/site\/#organization\"},\"articleSection\":[\"Not\u00edcia\"],\"inLanguage\":\"pt-BR\",\"potentialAction\":[{\"@type\":\"CommentAction\",\"name\":\"Comment\",\"target\":[\"https:\/\/lappis.org.br\/site\/lappis-viii-seminario-pesquisas-responsabilidade-e-reflexao\/2519#respond\"]}]},{\"@type\":\"WebPage\",\"@id\":\"https:\/\/lappis.org.br\/site\/lappis-viii-seminario-pesquisas-responsabilidade-e-reflexao\/2519\",\"url\":\"https:\/\/lappis.org.br\/site\/lappis-viii-seminario-pesquisas-responsabilidade-e-reflexao\/2519\",\"name\":\"LAPPIS VIII Semin\u00e1rio: pesquisas, responsabilidade e reflex\u00e3o. - Lappis 25 anos\",\"isPartOf\":{\"@id\":\"https:\/\/lappis.org.br\/site\/#website\"},\"datePublished\":\"2008-05-12T06:00:00+00:00\",\"breadcrumb\":{\"@id\":\"https:\/\/lappis.org.br\/site\/lappis-viii-seminario-pesquisas-responsabilidade-e-reflexao\/2519#breadcrumb\"},\"inLanguage\":\"pt-BR\",\"potentialAction\":[{\"@type\":\"ReadAction\",\"target\":[\"https:\/\/lappis.org.br\/site\/lappis-viii-seminario-pesquisas-responsabilidade-e-reflexao\/2519\"]}]},{\"@type\":\"BreadcrumbList\",\"@id\":\"https:\/\/lappis.org.br\/site\/lappis-viii-seminario-pesquisas-responsabilidade-e-reflexao\/2519#breadcrumb\",\"itemListElement\":[{\"@type\":\"ListItem\",\"position\":1,\"name\":\"In\u00edcio\",\"item\":\"https:\/\/lappis.org.br\/site\/\"},{\"@type\":\"ListItem\",\"position\":2,\"name\":\"LAPPIS VIII Semin\u00e1rio: pesquisas, responsabilidade e reflex\u00e3o.\"}]},{\"@type\":\"WebSite\",\"@id\":\"https:\/\/lappis.org.br\/site\/#website\",\"url\":\"https:\/\/lappis.org.br\/site\/\",\"name\":\"Lappis 25 anos\",\"description\":\"Labotat\u00f3rio de Pesquisas sobre Pr\u00e1ticas de Integralidade em Sa\u00fade\",\"publisher\":{\"@id\":\"https:\/\/lappis.org.br\/site\/#organization\"},\"potentialAction\":[{\"@type\":\"SearchAction\",\"target\":{\"@type\":\"EntryPoint\",\"urlTemplate\":\"https:\/\/lappis.org.br\/site\/?s={search_term_string}\"},\"query-input\":{\"@type\":\"PropertyValueSpecification\",\"valueRequired\":true,\"valueName\":\"search_term_string\"}}],\"inLanguage\":\"pt-BR\"},{\"@type\":\"Organization\",\"@id\":\"https:\/\/lappis.org.br\/site\/#organization\",\"name\":\"Lappis 25 anos\",\"url\":\"https:\/\/lappis.org.br\/site\/\",\"logo\":{\"@type\":\"ImageObject\",\"inLanguage\":\"pt-BR\",\"@id\":\"https:\/\/lappis.org.br\/site\/#\/schema\/logo\/image\/\",\"url\":\"https:\/\/lappis.org.br\/site\/wp-content\/uploads\/2025\/03\/logo-lappis25anos.png\",\"contentUrl\":\"https:\/\/lappis.org.br\/site\/wp-content\/uploads\/2025\/03\/logo-lappis25anos.png\",\"width\":388,\"height\":146,\"caption\":\"Lappis 25 anos\"},\"image\":{\"@id\":\"https:\/\/lappis.org.br\/site\/#\/schema\/logo\/image\/\"}},{\"@type\":\"Person\",\"@id\":\"https:\/\/lappis.org.br\/site\/#\/schema\/person\/3852381d08284b5e2716b20bd89bdbcf\",\"name\":\"fw2\",\"image\":{\"@type\":\"ImageObject\",\"inLanguage\":\"pt-BR\",\"@id\":\"https:\/\/lappis.org.br\/site\/#\/schema\/person\/image\/\",\"url\":\"https:\/\/secure.gravatar.com\/avatar\/c38472c0cdbde82d9b6fcc26adb3779d?s=96&d=mm&r=g\",\"contentUrl\":\"https:\/\/secure.gravatar.com\/avatar\/c38472c0cdbde82d9b6fcc26adb3779d?s=96&d=mm&r=g\",\"caption\":\"fw2\"},\"url\":\"https:\/\/lappis.org.br\/site\/author\/fw2\"}]}<\/script>\n<!-- \/ Yoast SEO plugin. -->","yoast_head_json":{"title":"LAPPIS VIII Semin\u00e1rio: pesquisas, responsabilidade e reflex\u00e3o. - Lappis 25 anos","robots":{"index":"index","follow":"follow","max-snippet":"max-snippet:-1","max-image-preview":"max-image-preview:large","max-video-preview":"max-video-preview:-1"},"canonical":"https:\/\/lappis.org.br\/site\/lappis-viii-seminario-pesquisas-responsabilidade-e-reflexao\/2519","og_locale":"pt_BR","og_type":"article","og_title":"LAPPIS VIII Semin\u00e1rio: pesquisas, responsabilidade e reflex\u00e3o. - Lappis 25 anos","og_description":"Roseni Pinheiro inicia as atividades do Laborat\u00f3rio e antecipa novidades para o ano de 2008. Uma delas \u00e9 a data do VIII Semin\u00e1rio do Projeto Integralidade, nos dias 10, 11 e 12 de setembro.\u00a0 A coordenadora do LAPPIS ainda ressalta a import\u00e2ncia da responsabilidade e convida para uma reflex\u00e3o sobre os 20 anos de SUS Constitucional no \u00e2mbito da integralidade. [...]","og_url":"https:\/\/lappis.org.br\/site\/lappis-viii-seminario-pesquisas-responsabilidade-e-reflexao\/2519","og_site_name":"Lappis 25 anos","article_published_time":"2008-05-12T06:00:00+00:00","author":"fw2","twitter_card":"summary_large_image","twitter_misc":{"Escrito por":"fw2","Est. tempo de leitura":"3 minutos"},"schema":{"@context":"https:\/\/schema.org","@graph":[{"@type":"Article","@id":"https:\/\/lappis.org.br\/site\/lappis-viii-seminario-pesquisas-responsabilidade-e-reflexao\/2519#article","isPartOf":{"@id":"https:\/\/lappis.org.br\/site\/lappis-viii-seminario-pesquisas-responsabilidade-e-reflexao\/2519"},"author":{"name":"fw2","@id":"https:\/\/lappis.org.br\/site\/#\/schema\/person\/3852381d08284b5e2716b20bd89bdbcf"},"headline":"LAPPIS VIII Semin\u00e1rio: pesquisas, responsabilidade e reflex\u00e3o.","datePublished":"2008-05-12T06:00:00+00:00","mainEntityOfPage":{"@id":"https:\/\/lappis.org.br\/site\/lappis-viii-seminario-pesquisas-responsabilidade-e-reflexao\/2519"},"wordCount":642,"commentCount":0,"publisher":{"@id":"https:\/\/lappis.org.br\/site\/#organization"},"articleSection":["Not\u00edcia"],"inLanguage":"pt-BR","potentialAction":[{"@type":"CommentAction","name":"Comment","target":["https:\/\/lappis.org.br\/site\/lappis-viii-seminario-pesquisas-responsabilidade-e-reflexao\/2519#respond"]}]},{"@type":"WebPage","@id":"https:\/\/lappis.org.br\/site\/lappis-viii-seminario-pesquisas-responsabilidade-e-reflexao\/2519","url":"https:\/\/lappis.org.br\/site\/lappis-viii-seminario-pesquisas-responsabilidade-e-reflexao\/2519","name":"LAPPIS VIII Semin\u00e1rio: pesquisas, responsabilidade e reflex\u00e3o. - Lappis 25 anos","isPartOf":{"@id":"https:\/\/lappis.org.br\/site\/#website"},"datePublished":"2008-05-12T06:00:00+00:00","breadcrumb":{"@id":"https:\/\/lappis.org.br\/site\/lappis-viii-seminario-pesquisas-responsabilidade-e-reflexao\/2519#breadcrumb"},"inLanguage":"pt-BR","potentialAction":[{"@type":"ReadAction","target":["https:\/\/lappis.org.br\/site\/lappis-viii-seminario-pesquisas-responsabilidade-e-reflexao\/2519"]}]},{"@type":"BreadcrumbList","@id":"https:\/\/lappis.org.br\/site\/lappis-viii-seminario-pesquisas-responsabilidade-e-reflexao\/2519#breadcrumb","itemListElement":[{"@type":"ListItem","position":1,"name":"In\u00edcio","item":"https:\/\/lappis.org.br\/site\/"},{"@type":"ListItem","position":2,"name":"LAPPIS VIII Semin\u00e1rio: pesquisas, responsabilidade e reflex\u00e3o."}]},{"@type":"WebSite","@id":"https:\/\/lappis.org.br\/site\/#website","url":"https:\/\/lappis.org.br\/site\/","name":"Lappis 25 anos","description":"Labotat\u00f3rio de Pesquisas sobre Pr\u00e1ticas de Integralidade em Sa\u00fade","publisher":{"@id":"https:\/\/lappis.org.br\/site\/#organization"},"potentialAction":[{"@type":"SearchAction","target":{"@type":"EntryPoint","urlTemplate":"https:\/\/lappis.org.br\/site\/?s={search_term_string}"},"query-input":{"@type":"PropertyValueSpecification","valueRequired":true,"valueName":"search_term_string"}}],"inLanguage":"pt-BR"},{"@type":"Organization","@id":"https:\/\/lappis.org.br\/site\/#organization","name":"Lappis 25 anos","url":"https:\/\/lappis.org.br\/site\/","logo":{"@type":"ImageObject","inLanguage":"pt-BR","@id":"https:\/\/lappis.org.br\/site\/#\/schema\/logo\/image\/","url":"https:\/\/lappis.org.br\/site\/wp-content\/uploads\/2025\/03\/logo-lappis25anos.png","contentUrl":"https:\/\/lappis.org.br\/site\/wp-content\/uploads\/2025\/03\/logo-lappis25anos.png","width":388,"height":146,"caption":"Lappis 25 anos"},"image":{"@id":"https:\/\/lappis.org.br\/site\/#\/schema\/logo\/image\/"}},{"@type":"Person","@id":"https:\/\/lappis.org.br\/site\/#\/schema\/person\/3852381d08284b5e2716b20bd89bdbcf","name":"fw2","image":{"@type":"ImageObject","inLanguage":"pt-BR","@id":"https:\/\/lappis.org.br\/site\/#\/schema\/person\/image\/","url":"https:\/\/secure.gravatar.com\/avatar\/c38472c0cdbde82d9b6fcc26adb3779d?s=96&d=mm&r=g","contentUrl":"https:\/\/secure.gravatar.com\/avatar\/c38472c0cdbde82d9b6fcc26adb3779d?s=96&d=mm&r=g","caption":"fw2"},"url":"https:\/\/lappis.org.br\/site\/author\/fw2"}]}},"jetpack_featured_media_url":"","jetpack_shortlink":"https:\/\/wp.me\/p954Nh-ED","jetpack_sharing_enabled":true,"_links":{"self":[{"href":"https:\/\/lappis.org.br\/site\/wp-json\/wp\/v2\/posts\/2519"}],"collection":[{"href":"https:\/\/lappis.org.br\/site\/wp-json\/wp\/v2\/posts"}],"about":[{"href":"https:\/\/lappis.org.br\/site\/wp-json\/wp\/v2\/types\/post"}],"author":[{"embeddable":true,"href":"https:\/\/lappis.org.br\/site\/wp-json\/wp\/v2\/users\/1"}],"replies":[{"embeddable":true,"href":"https:\/\/lappis.org.br\/site\/wp-json\/wp\/v2\/comments?post=2519"}],"version-history":[{"count":0,"href":"https:\/\/lappis.org.br\/site\/wp-json\/wp\/v2\/posts\/2519\/revisions"}],"wp:attachment":[{"href":"https:\/\/lappis.org.br\/site\/wp-json\/wp\/v2\/media?parent=2519"}],"wp:term":[{"taxonomy":"category","embeddable":true,"href":"https:\/\/lappis.org.br\/site\/wp-json\/wp\/v2\/categories?post=2519"},{"taxonomy":"post_tag","embeddable":true,"href":"https:\/\/lappis.org.br\/site\/wp-json\/wp\/v2\/tags?post=2519"}],"curies":[{"name":"wp","href":"https:\/\/api.w.org\/{rel}","templated":true}]}}