{"id":2517,"date":"2008-04-24T03:00:00","date_gmt":"2008-04-24T06:00:00","guid":{"rendered":"http:\/\/lappis.org.br\/site\/2008\/04\/24\/20-anos-de-sus-esperancas-para-a-saude\/"},"modified":"2017-08-23T10:25:15","modified_gmt":"2017-08-23T13:25:15","slug":"20-anos-de-sus-esperancas-para-a-saude","status":"publish","type":"post","link":"https:\/\/lappis.org.br\/site\/20-anos-de-sus-esperancas-para-a-saude\/2517","title":{"rendered":"20 anos de SUS: Esperan\u00e7as para a Sa\u00fade"},"content":{"rendered":"<p style=\"text-align: center;\"> \t<em>Criado na Constitui\u00e7\u00e3o de 1988, o sistema p\u00fablico democratizou o acesso e tirou o Brasil dos \u00edndices africanos em algumas doen\u00e7as. Para o ex-ministro Adib Jatene e o atual, Jos\u00e9 Gomes Tempor\u00e3o, o que falta \u00e9 dinheiro. Reportagem baseada na mat\u00e9ria publicada na revista Carta Capital (16\/04\/08)\u00a0<\/em><\/p>\n<p style=\"text-align: justify;\"> \t<img fetchpriority=\"high\" decoding=\"async\" data-attachment-id=\"2516\" data-permalink=\"https:\/\/lappis.org.br\/site\/20-anos-de-sus-esperancas-para-a-saude\/2517\/attachment-alt-398\" data-orig-file=\"https:\/\/lappis.org.br\/site\/wp-content\/uploads\/2008\/04\/20_anos_de_SUS_aprova____o_const._1988.jpg\" data-orig-size=\"450,289\" data-comments-opened=\"1\" data-image-meta=\"{&quot;aperture&quot;:&quot;0&quot;,&quot;credit&quot;:&quot;&quot;,&quot;camera&quot;:&quot;&quot;,&quot;caption&quot;:&quot;&quot;,&quot;created_timestamp&quot;:&quot;0&quot;,&quot;copyright&quot;:&quot;&quot;,&quot;focal_length&quot;:&quot;0&quot;,&quot;iso&quot;:&quot;0&quot;,&quot;shutter_speed&quot;:&quot;0&quot;,&quot;title&quot;:&quot;&quot;,&quot;orientation&quot;:&quot;0&quot;}\" data-image-title=\"alt\" data-image-description=\"\" data-image-caption=\"\" data-medium-file=\"https:\/\/lappis.org.br\/site\/wp-content\/uploads\/2008\/04\/20_anos_de_SUS_aprova____o_const._1988-300x193.jpg\" data-large-file=\"https:\/\/lappis.org.br\/site\/wp-content\/uploads\/2008\/04\/20_anos_de_SUS_aprova____o_const._1988.jpg\" class=\" alignright size-full wp-image-2516\" alt=\"alt\" src=\"http:\/\/lappis.org.br\/site\/wp-content\/uploads\/2008\/04\/20_anos_de_SUS_aprova____o_const._1988.jpg\" style=\"margin: 5px; float: right;\" width=\"450\" height=\"289\" srcset=\"https:\/\/lappis.org.br\/site\/wp-content\/uploads\/2008\/04\/20_anos_de_SUS_aprova____o_const._1988.jpg 450w, https:\/\/lappis.org.br\/site\/wp-content\/uploads\/2008\/04\/20_anos_de_SUS_aprova____o_const._1988-300x193.jpg 300w\" sizes=\"(max-width: 450px) 100vw, 450px\" \/>Criado pela Constitui\u00e7\u00e3o de 1988, o Sistema \u00danico de Sa\u00fade completa 20 anos como um exemplo ambicioso de programa social destinado a atacar a hist\u00f3rica desigualdade nacional. Ao estabelecer a sa\u00fade como um direito do cidad\u00e3o e um dever do Estado, garantiu a todos o acesso ao atendimento m\u00e9dico, antes restrito aos trabalhadores que contribu\u00edam para a Previd\u00eancia e a quem podia pagar.<\/p>\n<p style=\"text-align: justify;\"> \t\u00a0<br \/> \tCom programas de m\u00e9rito inquestion\u00e1vel, como no caso da AIDS, no tratamento de algumas doen\u00e7as cr\u00f4nicas e transplantes de \u00f3rg\u00e3os, o Estado conseguiu inverter a roda da hist\u00f3ria, cujo movimento, no caso da sa\u00fade brasileira, costumeiramente foi contr\u00e1rio \u00e0 maioria da popula\u00e7\u00e3o. Ao ampliar a atua\u00e7\u00e3o p\u00fablica em a\u00e7\u00f5es de vigil\u00e2ncia sanit\u00e1ria e epidemiol\u00f3gica, a taxa de mortalidade infantil caiu pela metade, doen\u00e7as antes end\u00eamicas, como a de Chagas, sumiram do mapa e a vacina\u00e7\u00e3o em massa ampliou-se. Mesmo no caso da dengue, exce\u00e7\u00e3o para o Rio de Janeiro, a situa\u00e7\u00e3o, de modo geral, \u00e9 bastante melhor. Na linha de frente dessas a\u00e7\u00f5es, os agentes comunit\u00e1rios de sa\u00fade. Hoje 216 mil profissionais, respons\u00e1veis pelo atendimento preventivo, terap\u00eautico e educacional com uma cobertura de mais de 100 milh\u00f5es de brasileiros.<br \/> \t\u00a0<br \/> \tO ex-ministro da Sa\u00fade, o cardiologista Adib Jatene considera que o pa\u00eds avan\u00e7ou consideravelmente com a cria\u00e7\u00e3o do SUS. &ldquo;A cobertura para a popula\u00e7\u00e3o de baixa renda aumentou muito. Antes, s\u00f3 os que estavam em um emprego formal se beneficiavam com a Previd\u00eancia e assist\u00eancia m\u00e9dica&rdquo;.<br \/> \t\u00a0<br \/> \tProblemas de gest\u00e3o ou de mau uso dos recursos tamb\u00e9m t\u00eam diminu\u00eddo, ainda que os percentuais continuem a ser inaceit\u00e1veis. N\u00e3o h\u00e1 um raio-X oficial ou confi\u00e1vel de quanto se perde por m\u00e1 gest\u00e3o ou simplesmente roubalheira. A Controladoria-Geral da Uni\u00e3o (CGU) fez um levantamento das \u00faltimas a\u00e7\u00f5es da aplica\u00e7\u00e3o de repasses em 1.341 dos mais de 5,5 mil munic\u00edpios brasileiros. Do 1,5 bilh\u00e3o de reais repassados pelo Minist\u00e9rio da Sa\u00fade, 568 milh\u00f5es foram desviados ou mal aplicados. Em suma, um ter\u00e7o do dinheiro n\u00e3o foi utilizado em benef\u00edcio dos cidad\u00e3os. &ldquo;Fraudes na sa\u00fade deveriam ser tipificadas como crime hediondo&rdquo;, defendeu Jovita Jos\u00e9 Rosa, presidente da Uni\u00e3o dos Auditores do SUS (Unasus).<br \/> \t\u00a0<br \/> \tO reconhecimento do avan\u00e7o no sentido da universaliza\u00e7\u00e3o n\u00e3o significa dizer que o sistema \u00e9 perfeito. M\u00e9dicos, usu\u00e1rios e especialistas em sa\u00fade p\u00fablica apontam dificuldades e pontos cr\u00edticos de v\u00e1rias esp\u00e9cies. Do valor elevado das mensalidades dos planos particulares (e procedimentos n\u00e3o cobertos pelos contratos) no setor privado \u00e0s filas intermin\u00e1veis, baixa remunera\u00e7\u00e3o e capacita\u00e7\u00e3o inadequada dos m\u00e9dicos no sistema p\u00fablico. Apenas 6% dos m\u00e9dicos se dedicam ao atendimento b\u00e1sico na rede. &ldquo;O problema tamb\u00e9m \u00e9 a demora no atendimento, a demora para marcar um exame, uma cirurgia&rdquo;, conclui Adib Jatene, que considera fundamental que o governo aumente o financiamento ao SUS, e defensor veemente do sistema.\u00a0<br \/> \t\u00a0<br \/> \tEm entrevista exclusiva \u00e0 revista &ldquo;Carta Capital&rdquo; de 16 de abril, o ministro da Sa\u00fade Jos\u00e9 Gomes Tempor\u00e3o reconhece no SUS um elemento civilizat\u00f3rio da sociedade brasileira e prev\u00ea a expans\u00e3o ainda maior do sistema. Leia<strong> <a href=\"http:\/\/lappis.org.br\/site\/pobre-mas-eficiente-temporao-fala-sobre-o-sus\/2514\">aqui<\/a><\/strong>.<br \/> \t\u00a0<br \/> \t\u00a0<\/p>\n","protected":false},"excerpt":{"rendered":"<div class=\"mh-excerpt\"><p style=\"text-align: center;\"> \t<em>Criado na Constitui\u00e7\u00e3o de 1988, o sistema p\u00fablico democratizou o acesso e tirou o Brasil dos \u00edndices africanos em algumas doen\u00e7as. Para o ex-ministro Adib Jatene e o atual, Jos\u00e9 Gomes Tempor\u00e3o, o que falta \u00e9 dinheiro. Reportagem baseada na mat\u00e9ria publicada na revista Carta Capital (16\/04\/08)\u00a0<\/em><\/p>\n<p>  <a class=\"mh-excerpt-more\" href=\"https:\/\/lappis.org.br\/site\/20-anos-de-sus-esperancas-para-a-saude\/2517\" title=\"20 anos de SUS: Esperan\u00e7as para a Sa\u00fade\">[&#8230;]<\/a><\/p>\n<\/div>","protected":false},"author":1,"featured_media":2515,"comment_status":"open","ping_status":"open","sticky":false,"template":"","format":"standard","meta":{"_acf_changed":false,"_exactmetrics_skip_tracking":false,"_exactmetrics_sitenote_active":false,"_exactmetrics_sitenote_note":"","_exactmetrics_sitenote_category":0,"jetpack_post_was_ever_published":false,"_jetpack_newsletter_access":"","_jetpack_dont_email_post_to_subs":false,"_jetpack_newsletter_tier_id":0,"_jetpack_memberships_contains_paywalled_content":false,"_jetpack_memberships_contains_paid_content":false,"footnotes":"","jetpack_publicize_message":"","jetpack_publicize_feature_enabled":true,"jetpack_social_post_already_shared":false,"jetpack_social_options":{"image_generator_settings":{"template":"highway","enabled":false},"version":2}},"categories":[8],"tags":[],"class_list":{"0":"post-2517","1":"post","2":"type-post","3":"status-publish","4":"format-standard","5":"has-post-thumbnail","7":"category-noticia"},"jetpack_publicize_connections":[],"acf":[],"yoast_head":"<!-- This site is optimized with the Yoast SEO plugin v25.2 - https:\/\/yoast.com\/wordpress\/plugins\/seo\/ -->\n<title>20 anos de SUS: Esperan\u00e7as para a Sa\u00fade - Lappis 25 anos<\/title>\n<meta name=\"robots\" content=\"index, follow, max-snippet:-1, max-image-preview:large, max-video-preview:-1\" \/>\n<link rel=\"canonical\" href=\"https:\/\/lappis.org.br\/site\/20-anos-de-sus-esperancas-para-a-saude\/2517\" \/>\n<meta property=\"og:locale\" content=\"pt_BR\" \/>\n<meta property=\"og:type\" content=\"article\" \/>\n<meta property=\"og:title\" content=\"20 anos de SUS: Esperan\u00e7as para a Sa\u00fade - Lappis 25 anos\" \/>\n<meta property=\"og:description\" content=\"Criado na Constitui\u00e7\u00e3o de 1988, o sistema p\u00fablico democratizou o acesso e tirou o Brasil dos \u00edndices africanos em algumas doen\u00e7as. Para o ex-ministro Adib Jatene e o atual, Jos\u00e9 Gomes Tempor\u00e3o, o que falta \u00e9 dinheiro. Reportagem baseada na mat\u00e9ria publicada na revista Carta Capital (16\/04\/08)\u00a0 [...]\" \/>\n<meta property=\"og:url\" content=\"https:\/\/lappis.org.br\/site\/20-anos-de-sus-esperancas-para-a-saude\/2517\" \/>\n<meta property=\"og:site_name\" content=\"Lappis 25 anos\" \/>\n<meta property=\"article:published_time\" content=\"2008-04-24T06:00:00+00:00\" \/>\n<meta property=\"article:modified_time\" content=\"2017-08-23T13:25:15+00:00\" \/>\n<meta property=\"og:image\" content=\"https:\/\/lappis.org.br\/site\/wp-content\/uploads\/2008\/04\/20_anos_de_SUS_aprova____o_const._1988.jpg\" \/>\n\t<meta property=\"og:image:width\" content=\"450\" \/>\n\t<meta property=\"og:image:height\" content=\"289\" \/>\n\t<meta property=\"og:image:type\" content=\"image\/jpeg\" \/>\n<meta name=\"author\" content=\"fw2\" \/>\n<meta name=\"twitter:card\" content=\"summary_large_image\" \/>\n<meta name=\"twitter:label1\" content=\"Escrito por\" \/>\n\t<meta name=\"twitter:data1\" content=\"fw2\" \/>\n\t<meta name=\"twitter:label2\" content=\"Est. tempo de leitura\" \/>\n\t<meta name=\"twitter:data2\" content=\"3 minutos\" \/>\n<script type=\"application\/ld+json\" class=\"yoast-schema-graph\">{\"@context\":\"https:\/\/schema.org\",\"@graph\":[{\"@type\":\"Article\",\"@id\":\"https:\/\/lappis.org.br\/site\/20-anos-de-sus-esperancas-para-a-saude\/2517#article\",\"isPartOf\":{\"@id\":\"https:\/\/lappis.org.br\/site\/20-anos-de-sus-esperancas-para-a-saude\/2517\"},\"author\":{\"name\":\"fw2\",\"@id\":\"https:\/\/lappis.org.br\/site\/#\/schema\/person\/3852381d08284b5e2716b20bd89bdbcf\"},\"headline\":\"20 anos de SUS: Esperan\u00e7as para a Sa\u00fade\",\"datePublished\":\"2008-04-24T06:00:00+00:00\",\"dateModified\":\"2017-08-23T13:25:15+00:00\",\"mainEntityOfPage\":{\"@id\":\"https:\/\/lappis.org.br\/site\/20-anos-de-sus-esperancas-para-a-saude\/2517\"},\"wordCount\":632,\"commentCount\":0,\"publisher\":{\"@id\":\"https:\/\/lappis.org.br\/site\/#organization\"},\"image\":{\"@id\":\"https:\/\/lappis.org.br\/site\/20-anos-de-sus-esperancas-para-a-saude\/2517#primaryimage\"},\"thumbnailUrl\":\"https:\/\/lappis.org.br\/site\/wp-content\/uploads\/2008\/04\/20_anos_de_SUS_aprova____o_const._1988.jpg\",\"articleSection\":[\"Not\u00edcia\"],\"inLanguage\":\"pt-BR\",\"potentialAction\":[{\"@type\":\"CommentAction\",\"name\":\"Comment\",\"target\":[\"https:\/\/lappis.org.br\/site\/20-anos-de-sus-esperancas-para-a-saude\/2517#respond\"]}]},{\"@type\":\"WebPage\",\"@id\":\"https:\/\/lappis.org.br\/site\/20-anos-de-sus-esperancas-para-a-saude\/2517\",\"url\":\"https:\/\/lappis.org.br\/site\/20-anos-de-sus-esperancas-para-a-saude\/2517\",\"name\":\"20 anos de SUS: Esperan\u00e7as para a Sa\u00fade - Lappis 25 anos\",\"isPartOf\":{\"@id\":\"https:\/\/lappis.org.br\/site\/#website\"},\"primaryImageOfPage\":{\"@id\":\"https:\/\/lappis.org.br\/site\/20-anos-de-sus-esperancas-para-a-saude\/2517#primaryimage\"},\"image\":{\"@id\":\"https:\/\/lappis.org.br\/site\/20-anos-de-sus-esperancas-para-a-saude\/2517#primaryimage\"},\"thumbnailUrl\":\"https:\/\/lappis.org.br\/site\/wp-content\/uploads\/2008\/04\/20_anos_de_SUS_aprova____o_const._1988.jpg\",\"datePublished\":\"2008-04-24T06:00:00+00:00\",\"dateModified\":\"2017-08-23T13:25:15+00:00\",\"breadcrumb\":{\"@id\":\"https:\/\/lappis.org.br\/site\/20-anos-de-sus-esperancas-para-a-saude\/2517#breadcrumb\"},\"inLanguage\":\"pt-BR\",\"potentialAction\":[{\"@type\":\"ReadAction\",\"target\":[\"https:\/\/lappis.org.br\/site\/20-anos-de-sus-esperancas-para-a-saude\/2517\"]}]},{\"@type\":\"ImageObject\",\"inLanguage\":\"pt-BR\",\"@id\":\"https:\/\/lappis.org.br\/site\/20-anos-de-sus-esperancas-para-a-saude\/2517#primaryimage\",\"url\":\"https:\/\/lappis.org.br\/site\/wp-content\/uploads\/2008\/04\/20_anos_de_SUS_aprova____o_const._1988.jpg\",\"contentUrl\":\"https:\/\/lappis.org.br\/site\/wp-content\/uploads\/2008\/04\/20_anos_de_SUS_aprova____o_const._1988.jpg\",\"width\":450,\"height\":289,\"caption\":\"alt\"},{\"@type\":\"BreadcrumbList\",\"@id\":\"https:\/\/lappis.org.br\/site\/20-anos-de-sus-esperancas-para-a-saude\/2517#breadcrumb\",\"itemListElement\":[{\"@type\":\"ListItem\",\"position\":1,\"name\":\"In\u00edcio\",\"item\":\"https:\/\/lappis.org.br\/site\/\"},{\"@type\":\"ListItem\",\"position\":2,\"name\":\"20 anos de SUS: Esperan\u00e7as para a Sa\u00fade\"}]},{\"@type\":\"WebSite\",\"@id\":\"https:\/\/lappis.org.br\/site\/#website\",\"url\":\"https:\/\/lappis.org.br\/site\/\",\"name\":\"Lappis 25 anos\",\"description\":\"Labotat\u00f3rio de Pesquisas sobre Pr\u00e1ticas de Integralidade em Sa\u00fade\",\"publisher\":{\"@id\":\"https:\/\/lappis.org.br\/site\/#organization\"},\"potentialAction\":[{\"@type\":\"SearchAction\",\"target\":{\"@type\":\"EntryPoint\",\"urlTemplate\":\"https:\/\/lappis.org.br\/site\/?s={search_term_string}\"},\"query-input\":{\"@type\":\"PropertyValueSpecification\",\"valueRequired\":true,\"valueName\":\"search_term_string\"}}],\"inLanguage\":\"pt-BR\"},{\"@type\":\"Organization\",\"@id\":\"https:\/\/lappis.org.br\/site\/#organization\",\"name\":\"Lappis 25 anos\",\"url\":\"https:\/\/lappis.org.br\/site\/\",\"logo\":{\"@type\":\"ImageObject\",\"inLanguage\":\"pt-BR\",\"@id\":\"https:\/\/lappis.org.br\/site\/#\/schema\/logo\/image\/\",\"url\":\"https:\/\/lappis.org.br\/site\/wp-content\/uploads\/2025\/03\/logo-lappis25anos.png\",\"contentUrl\":\"https:\/\/lappis.org.br\/site\/wp-content\/uploads\/2025\/03\/logo-lappis25anos.png\",\"width\":388,\"height\":146,\"caption\":\"Lappis 25 anos\"},\"image\":{\"@id\":\"https:\/\/lappis.org.br\/site\/#\/schema\/logo\/image\/\"}},{\"@type\":\"Person\",\"@id\":\"https:\/\/lappis.org.br\/site\/#\/schema\/person\/3852381d08284b5e2716b20bd89bdbcf\",\"name\":\"fw2\",\"image\":{\"@type\":\"ImageObject\",\"inLanguage\":\"pt-BR\",\"@id\":\"https:\/\/lappis.org.br\/site\/#\/schema\/person\/image\/\",\"url\":\"https:\/\/secure.gravatar.com\/avatar\/c38472c0cdbde82d9b6fcc26adb3779d?s=96&d=mm&r=g\",\"contentUrl\":\"https:\/\/secure.gravatar.com\/avatar\/c38472c0cdbde82d9b6fcc26adb3779d?s=96&d=mm&r=g\",\"caption\":\"fw2\"},\"url\":\"https:\/\/lappis.org.br\/site\/author\/fw2\"}]}<\/script>\n<!-- \/ Yoast SEO plugin. -->","yoast_head_json":{"title":"20 anos de SUS: Esperan\u00e7as para a Sa\u00fade - Lappis 25 anos","robots":{"index":"index","follow":"follow","max-snippet":"max-snippet:-1","max-image-preview":"max-image-preview:large","max-video-preview":"max-video-preview:-1"},"canonical":"https:\/\/lappis.org.br\/site\/20-anos-de-sus-esperancas-para-a-saude\/2517","og_locale":"pt_BR","og_type":"article","og_title":"20 anos de SUS: Esperan\u00e7as para a Sa\u00fade - Lappis 25 anos","og_description":"Criado na Constitui\u00e7\u00e3o de 1988, o sistema p\u00fablico democratizou o acesso e tirou o Brasil dos \u00edndices africanos em algumas doen\u00e7as. Para o ex-ministro Adib Jatene e o atual, Jos\u00e9 Gomes Tempor\u00e3o, o que falta \u00e9 dinheiro. Reportagem baseada na mat\u00e9ria publicada na revista Carta Capital (16\/04\/08)\u00a0 [...]","og_url":"https:\/\/lappis.org.br\/site\/20-anos-de-sus-esperancas-para-a-saude\/2517","og_site_name":"Lappis 25 anos","article_published_time":"2008-04-24T06:00:00+00:00","article_modified_time":"2017-08-23T13:25:15+00:00","og_image":[{"width":450,"height":289,"url":"https:\/\/lappis.org.br\/site\/wp-content\/uploads\/2008\/04\/20_anos_de_SUS_aprova____o_const._1988.jpg","type":"image\/jpeg"}],"author":"fw2","twitter_card":"summary_large_image","twitter_misc":{"Escrito por":"fw2","Est. tempo de leitura":"3 minutos"},"schema":{"@context":"https:\/\/schema.org","@graph":[{"@type":"Article","@id":"https:\/\/lappis.org.br\/site\/20-anos-de-sus-esperancas-para-a-saude\/2517#article","isPartOf":{"@id":"https:\/\/lappis.org.br\/site\/20-anos-de-sus-esperancas-para-a-saude\/2517"},"author":{"name":"fw2","@id":"https:\/\/lappis.org.br\/site\/#\/schema\/person\/3852381d08284b5e2716b20bd89bdbcf"},"headline":"20 anos de SUS: Esperan\u00e7as para a Sa\u00fade","datePublished":"2008-04-24T06:00:00+00:00","dateModified":"2017-08-23T13:25:15+00:00","mainEntityOfPage":{"@id":"https:\/\/lappis.org.br\/site\/20-anos-de-sus-esperancas-para-a-saude\/2517"},"wordCount":632,"commentCount":0,"publisher":{"@id":"https:\/\/lappis.org.br\/site\/#organization"},"image":{"@id":"https:\/\/lappis.org.br\/site\/20-anos-de-sus-esperancas-para-a-saude\/2517#primaryimage"},"thumbnailUrl":"https:\/\/lappis.org.br\/site\/wp-content\/uploads\/2008\/04\/20_anos_de_SUS_aprova____o_const._1988.jpg","articleSection":["Not\u00edcia"],"inLanguage":"pt-BR","potentialAction":[{"@type":"CommentAction","name":"Comment","target":["https:\/\/lappis.org.br\/site\/20-anos-de-sus-esperancas-para-a-saude\/2517#respond"]}]},{"@type":"WebPage","@id":"https:\/\/lappis.org.br\/site\/20-anos-de-sus-esperancas-para-a-saude\/2517","url":"https:\/\/lappis.org.br\/site\/20-anos-de-sus-esperancas-para-a-saude\/2517","name":"20 anos de SUS: Esperan\u00e7as para a Sa\u00fade - Lappis 25 anos","isPartOf":{"@id":"https:\/\/lappis.org.br\/site\/#website"},"primaryImageOfPage":{"@id":"https:\/\/lappis.org.br\/site\/20-anos-de-sus-esperancas-para-a-saude\/2517#primaryimage"},"image":{"@id":"https:\/\/lappis.org.br\/site\/20-anos-de-sus-esperancas-para-a-saude\/2517#primaryimage"},"thumbnailUrl":"https:\/\/lappis.org.br\/site\/wp-content\/uploads\/2008\/04\/20_anos_de_SUS_aprova____o_const._1988.jpg","datePublished":"2008-04-24T06:00:00+00:00","dateModified":"2017-08-23T13:25:15+00:00","breadcrumb":{"@id":"https:\/\/lappis.org.br\/site\/20-anos-de-sus-esperancas-para-a-saude\/2517#breadcrumb"},"inLanguage":"pt-BR","potentialAction":[{"@type":"ReadAction","target":["https:\/\/lappis.org.br\/site\/20-anos-de-sus-esperancas-para-a-saude\/2517"]}]},{"@type":"ImageObject","inLanguage":"pt-BR","@id":"https:\/\/lappis.org.br\/site\/20-anos-de-sus-esperancas-para-a-saude\/2517#primaryimage","url":"https:\/\/lappis.org.br\/site\/wp-content\/uploads\/2008\/04\/20_anos_de_SUS_aprova____o_const._1988.jpg","contentUrl":"https:\/\/lappis.org.br\/site\/wp-content\/uploads\/2008\/04\/20_anos_de_SUS_aprova____o_const._1988.jpg","width":450,"height":289,"caption":"alt"},{"@type":"BreadcrumbList","@id":"https:\/\/lappis.org.br\/site\/20-anos-de-sus-esperancas-para-a-saude\/2517#breadcrumb","itemListElement":[{"@type":"ListItem","position":1,"name":"In\u00edcio","item":"https:\/\/lappis.org.br\/site\/"},{"@type":"ListItem","position":2,"name":"20 anos de SUS: Esperan\u00e7as para a Sa\u00fade"}]},{"@type":"WebSite","@id":"https:\/\/lappis.org.br\/site\/#website","url":"https:\/\/lappis.org.br\/site\/","name":"Lappis 25 anos","description":"Labotat\u00f3rio de Pesquisas sobre Pr\u00e1ticas de Integralidade em Sa\u00fade","publisher":{"@id":"https:\/\/lappis.org.br\/site\/#organization"},"potentialAction":[{"@type":"SearchAction","target":{"@type":"EntryPoint","urlTemplate":"https:\/\/lappis.org.br\/site\/?s={search_term_string}"},"query-input":{"@type":"PropertyValueSpecification","valueRequired":true,"valueName":"search_term_string"}}],"inLanguage":"pt-BR"},{"@type":"Organization","@id":"https:\/\/lappis.org.br\/site\/#organization","name":"Lappis 25 anos","url":"https:\/\/lappis.org.br\/site\/","logo":{"@type":"ImageObject","inLanguage":"pt-BR","@id":"https:\/\/lappis.org.br\/site\/#\/schema\/logo\/image\/","url":"https:\/\/lappis.org.br\/site\/wp-content\/uploads\/2025\/03\/logo-lappis25anos.png","contentUrl":"https:\/\/lappis.org.br\/site\/wp-content\/uploads\/2025\/03\/logo-lappis25anos.png","width":388,"height":146,"caption":"Lappis 25 anos"},"image":{"@id":"https:\/\/lappis.org.br\/site\/#\/schema\/logo\/image\/"}},{"@type":"Person","@id":"https:\/\/lappis.org.br\/site\/#\/schema\/person\/3852381d08284b5e2716b20bd89bdbcf","name":"fw2","image":{"@type":"ImageObject","inLanguage":"pt-BR","@id":"https:\/\/lappis.org.br\/site\/#\/schema\/person\/image\/","url":"https:\/\/secure.gravatar.com\/avatar\/c38472c0cdbde82d9b6fcc26adb3779d?s=96&d=mm&r=g","contentUrl":"https:\/\/secure.gravatar.com\/avatar\/c38472c0cdbde82d9b6fcc26adb3779d?s=96&d=mm&r=g","caption":"fw2"},"url":"https:\/\/lappis.org.br\/site\/author\/fw2"}]}},"jetpack_featured_media_url":"https:\/\/lappis.org.br\/site\/wp-content\/uploads\/2008\/04\/20_anos_de_SUS_aprova____o_const._1988.jpg","jetpack_shortlink":"https:\/\/wp.me\/p954Nh-EB","jetpack_sharing_enabled":true,"_links":{"self":[{"href":"https:\/\/lappis.org.br\/site\/wp-json\/wp\/v2\/posts\/2517"}],"collection":[{"href":"https:\/\/lappis.org.br\/site\/wp-json\/wp\/v2\/posts"}],"about":[{"href":"https:\/\/lappis.org.br\/site\/wp-json\/wp\/v2\/types\/post"}],"author":[{"embeddable":true,"href":"https:\/\/lappis.org.br\/site\/wp-json\/wp\/v2\/users\/1"}],"replies":[{"embeddable":true,"href":"https:\/\/lappis.org.br\/site\/wp-json\/wp\/v2\/comments?post=2517"}],"version-history":[{"count":1,"href":"https:\/\/lappis.org.br\/site\/wp-json\/wp\/v2\/posts\/2517\/revisions"}],"predecessor-version":[{"id":3710,"href":"https:\/\/lappis.org.br\/site\/wp-json\/wp\/v2\/posts\/2517\/revisions\/3710"}],"wp:featuredmedia":[{"embeddable":true,"href":"https:\/\/lappis.org.br\/site\/wp-json\/wp\/v2\/media\/2515"}],"wp:attachment":[{"href":"https:\/\/lappis.org.br\/site\/wp-json\/wp\/v2\/media?parent=2517"}],"wp:term":[{"taxonomy":"category","embeddable":true,"href":"https:\/\/lappis.org.br\/site\/wp-json\/wp\/v2\/categories?post=2517"},{"taxonomy":"post_tag","embeddable":true,"href":"https:\/\/lappis.org.br\/site\/wp-json\/wp\/v2\/tags?post=2517"}],"curies":[{"name":"wp","href":"https:\/\/api.w.org\/{rel}","templated":true}]}}