{"id":2513,"date":"2008-04-24T03:00:00","date_gmt":"2008-04-24T06:00:00","guid":{"rendered":"http:\/\/lappis.org.br\/site\/2008\/04\/24\/especialistas-debatem-epidemia-da-dengue\/"},"modified":"2008-04-24T03:00:00","modified_gmt":"2008-04-24T06:00:00","slug":"especialistas-debatem-epidemia-da-dengue","status":"publish","type":"post","link":"https:\/\/lappis.org.br\/site\/especialistas-debatem-epidemia-da-dengue\/2513","title":{"rendered":"Especialistas debatem epidemia da dengue"},"content":{"rendered":"<p style=\"text-align: justify;\"> \t<em>Em reportagem exclusiva, o jornal &ldquo;Folha de S\u00e3o Paulo&rdquo; compilou depoimentos de especialistas na \u00e1rea de Sa\u00fade e Social para discutir a epidemia da dengue que assola o Estado do Rio de Janeiro. Confira. <\/em><\/p>\n<p>   <img decoding=\"async\" data-attachment-id=\"2511\" data-permalink=\"https:\/\/lappis.org.br\/site\/especialistas-debatem-epidemia-da-dengue\/2513\/attachment-alt-395\" data-orig-file=\"https:\/\/lappis.org.br\/site\/wp-content\/uploads\/2008\/04\/claudiacostin.jpg\" data-orig-size=\"154,200\" data-comments-opened=\"1\" data-image-meta=\"{&quot;aperture&quot;:&quot;0&quot;,&quot;credit&quot;:&quot;&quot;,&quot;camera&quot;:&quot;&quot;,&quot;caption&quot;:&quot;&quot;,&quot;created_timestamp&quot;:&quot;0&quot;,&quot;copyright&quot;:&quot;&quot;,&quot;focal_length&quot;:&quot;0&quot;,&quot;iso&quot;:&quot;0&quot;,&quot;shutter_speed&quot;:&quot;0&quot;,&quot;title&quot;:&quot;&quot;,&quot;orientation&quot;:&quot;0&quot;}\" data-image-title=\"alt\" data-image-description=\"\" data-image-caption=\"\" data-medium-file=\"https:\/\/lappis.org.br\/site\/wp-content\/uploads\/2008\/04\/claudiacostin.jpg\" data-large-file=\"https:\/\/lappis.org.br\/site\/wp-content\/uploads\/2008\/04\/claudiacostin.jpg\" class=\" alignright size-full wp-image-2511\" alt=\"alt\" src=\"http:\/\/lappis.org.br\/site\/wp-content\/uploads\/2008\/04\/claudiacostin.jpg\" style=\"margin: 5px; float: right;\" width=\"154\" height=\"200\" \/>Os 65 mortos no Estado do Rio v\u00edtimas de uma epidemia de dengue e, destes, os 44 que sucumbiram ao mosquito <em>aedes aegypti<\/em> na sua capital s\u00e3o cad\u00e1veres municipais, estaduais ou federais? Embora a quest\u00e3o possa parecer agressiva, ela encerra, infelizmente, a mais nova disputa entre a prefeitura do Rio, comandada pelo prefeito C\u00e9sar Maia (DEM), e os governos federal e estadual. \u00c9 quase uma repeti\u00e7\u00e3o de 2005, quando o colapso do sistema de sa\u00fade da capital fluminense rendeu acusa\u00e7\u00f5es de todos os lados, enquanto doentes morriam nas filas dos hospitais p\u00fablicos. <\/p>\n<p style=\"text-align: justify;\"> \t\u00a0<br \/> \tO surto de dengue no Rio n\u00e3o devia ter surpreendido as autoridades envolvidas nesse jogo de empurra. Segundo a Organiza\u00e7\u00e3o Mundial de Sa\u00fade (OMS), os casos de dengue no Brasil v\u00eam aumentando desde 2004. Naquele ano, foram 112 mil os casos notificados. Em 2007, eles chegaram a 560 mil. No ano passado, o pa\u00eds respondeu por quase dois ter\u00e7os dos casos de dengue das Am\u00e9ricas. O Rio tem enorme contribui\u00e7\u00e3o nesses n\u00fameros. Tomadas as primeiras cinco semanas do ano, em compara\u00e7\u00e3o com o mesmo per\u00edodo do ano passado, os casos de dengue no pa\u00eds ca\u00edram 39,7%. O Estado do Rio, no entanto, teve um aumento de 117,4% nas notifica\u00e7\u00f5es da doen\u00e7a. A capital fluminense respondeu por 67% delas.<br \/> \t\u00a0<br \/> \t<strong>&ldquo;N\u00e3o \u00e9 o mosquito que mata, mas a pol\u00edtica&rdquo;<\/strong><br \/> \t\u00a0<br \/> \tEm depoimento exclusivo \u00e0 &ldquo;Folha de S\u00e3o Paulo&rdquo; (07\/04), o doutor em Sa\u00fade P\u00fablica e professor da USP Paulo Carpel Narvai disse acreditar que &ldquo;n\u00e3o \u00e9 o mosquito que mata, mas a pol\u00edtica&rdquo;. &ldquo;No cen\u00e1rio carioca, a pol\u00edtica de sa\u00fade \u00e9 v\u00edtima da incompet\u00eancia e da demagogia. Ing\u00eanuos ou mal-informados est\u00e3o aceitando a tese da perda de controle sanit\u00e1rio da dengue por incompet\u00eancia de &#8220;todos os governos&#8221;. A tese pode ser simp\u00e1tica, parecer justa, razo\u00e1vel, mas \u00e9 equivocada. E injusta, sobretudo com o ministro da Sa\u00fade&rdquo;, afirmou.<br \/> \t\u00a0<br \/> \tNavrai critica tamb\u00e9m a segrega\u00e7\u00e3o dos hospitais municipais e federais no Estado do Rio. &ldquo;Com a cabe\u00e7a na institucionalidade sanit\u00e1ria do s\u00e9culo passado, Cesar Maia ignora completamente o SUS como uma pol\u00edtica de Estado, que requer a\u00e7\u00f5es articuladas das tr\u00eas esferas de governo, e n\u00e3o deste ou daquele governo, deste ou daquele partido. Sua vis\u00e3o parece n\u00e3o alcan\u00e7ar al\u00e9m &#8220;dos hospitais municipais&#8221;. Quem analisa o discurso sobre sa\u00fade do alcaide do Rio percebe que ele nada diz sobre o SUS e seus desafios na cidade. Ocupa-se, em geral lamuriento, dos &#8220;hospitais municipais&#8221;, que distingue e separa dos &#8220;hospitais federais&#8221;.<br \/> \t\u00a0<br \/> \t<img fetchpriority=\"high\" decoding=\"async\" data-attachment-id=\"2512\" data-permalink=\"https:\/\/lappis.org.br\/site\/especialistas-debatem-epidemia-da-dengue\/2513\/attachment-alt-396\" data-orig-file=\"https:\/\/lappis.org.br\/site\/wp-content\/uploads\/2008\/04\/luizhildebrando.jpg\" data-orig-size=\"362,268\" data-comments-opened=\"1\" data-image-meta=\"{&quot;aperture&quot;:&quot;0&quot;,&quot;credit&quot;:&quot;&quot;,&quot;camera&quot;:&quot;&quot;,&quot;caption&quot;:&quot;&quot;,&quot;created_timestamp&quot;:&quot;0&quot;,&quot;copyright&quot;:&quot;&quot;,&quot;focal_length&quot;:&quot;0&quot;,&quot;iso&quot;:&quot;0&quot;,&quot;shutter_speed&quot;:&quot;0&quot;,&quot;title&quot;:&quot;&quot;,&quot;orientation&quot;:&quot;0&quot;}\" data-image-title=\"alt\" data-image-description=\"\" data-image-caption=\"\" data-medium-file=\"https:\/\/lappis.org.br\/site\/wp-content\/uploads\/2008\/04\/luizhildebrando-300x222.jpg\" data-large-file=\"https:\/\/lappis.org.br\/site\/wp-content\/uploads\/2008\/04\/luizhildebrando.jpg\" class=\" alignright size-full wp-image-2512\" alt=\"alt\" src=\"http:\/\/lappis.org.br\/site\/wp-content\/uploads\/2008\/04\/luizhildebrando.jpg\" style=\"margin: 5px; float: right;\" width=\"362\" height=\"268\" srcset=\"https:\/\/lappis.org.br\/site\/wp-content\/uploads\/2008\/04\/luizhildebrando.jpg 362w, https:\/\/lappis.org.br\/site\/wp-content\/uploads\/2008\/04\/luizhildebrando-300x222.jpg 300w\" sizes=\"(max-width: 362px) 100vw, 362px\" \/><em>Luiz Hildebrando Pereira da Silva, por sua vez, aponta <\/em>as primeiras causas da situa\u00e7\u00e3o de descontrole da epidemia de dengue no Rio de Janeiro: a acentuada precariedade da rede de atendimento de sa\u00fade prim\u00e1ria. &ldquo;Que cen\u00e1rio seria de esperar no caso de amea\u00e7a de epidemia, mesmo com uma implanta\u00e7\u00e3o prec\u00e1ria da rede de aten\u00e7\u00e3o prim\u00e1ria \u00e0 sa\u00fade no Rio e na Baixada Fluminense? Algumas das equipes do PSF teriam alertado a Secretaria da Sa\u00fade sobre aumento de casos febris de crian\u00e7as e adultos, com quadros cl\u00ednicos suspeitos de dengue. A Secretaria de Sa\u00fade do Munic\u00edpio alertaria a cong\u00eanere do Estado e ambas conduziriam um inqu\u00e9rito para verificar a etiologia das infec\u00e7\u00f5es com confirma\u00e7\u00e3o da dengue e identifica\u00e7\u00e3o do sorotipo viral correspondente&rdquo;, explica o parasitologista.<\/p>\n<p style=\"text-align: justify;\"> \t\u00a0<br \/> \tConfirmado o in\u00edcio de epidemia, segundo Hildebrando, as secretarias conjugadas desenvolveriam uma ativa\u00e7\u00e3o das interven\u00e7\u00f5es de controle vetorial e um refor\u00e7o das unidades de aten\u00e7\u00e3o b\u00e1sica e de equipes do PSF, com a cria\u00e7\u00e3o de novas unidades em \u00e1reas carentes. &ldquo;Uma c\u00e9lula de comando das a\u00e7\u00f5es seria organizada &#8211; com participa\u00e7\u00e3o de especialistas da Fiocruz e das universidades &#8211; e , de posse das informa\u00e7\u00f5es acumuladas, tra\u00e7aria um plano de campanha, refor\u00e7ando as estruturas de diagn\u00f3stico e atendimento dos centros de sa\u00fade (aten\u00e7\u00e3o secund\u00e1ria) e, se necess\u00e1rio, convocando volunt\u00e1rios entre estudantes de medicina e de enfermagem, agentes de sa\u00fade, aposentados, etc. Ao mesmo tempo, a c\u00e9lula de comando organizaria pela televis\u00e3o e pela m\u00eddia uma campanha de informa\u00e7\u00e3o e de alerta \u00e0 popula\u00e7\u00e3o&rdquo;.<br \/> \t\u00a0<br \/> \t&ldquo;A agora reconhecida epidemia de dengue no Rio de Janeiro tem, certamente, culpados. Algu\u00e9m n\u00e3o trabalhou de forma adequada, utilizando os instrumentos para isso necess\u00e1rios: vigil\u00e2ncia epidemiol\u00f3gica, a\u00e7\u00f5es de combate aos focos do mosquito, informa\u00e7\u00e3o \u00e0 popula\u00e7\u00e3o e tratamento dos doentes. A quem cabe a responsabilidade?&rdquo;, questionou Claudia Costin.<br \/> \t\u00a0<br \/> \tA professora do <em>Ibmec-SP e da Universidade de Quebec relembra a <\/em>Norma Operacional B\u00e1sica 1, institu\u00edda em 1996, que avan\u00e7a na municipaliza\u00e7\u00e3o (&ldquo;e a vida concreta ocorre no munic\u00edpio&rdquo;), ao dotar a autoridade p\u00fablica municipal de poder para mobilizar diferentes servi\u00e7os presentes no munic\u00edpio, e at\u00e9 fora dele, para o atendimento \u00e0s necessidades de sa\u00fade de sua popula\u00e7\u00e3o. &ldquo;O ator principal, a partir dessa norma, torna-se o prefeito, sempre com o apoio das esferas estadual e federal. Com ele, a palavra&rdquo;, conclui Costin.<br \/> \t\u00a0<\/p>\n","protected":false},"excerpt":{"rendered":"<div class=\"mh-excerpt\"><p style=\"text-align: justify;\"> \t<em>Em reportagem exclusiva, o jornal &ldquo;Folha de S\u00e3o Paulo&rdquo; compilou depoimentos de especialistas na \u00e1rea de Sa\u00fade e Social para discutir a epidemia da dengue que assola o Estado do Rio de Janeiro. Confira. <\/em><\/p>\n<p>  <a class=\"mh-excerpt-more\" href=\"https:\/\/lappis.org.br\/site\/especialistas-debatem-epidemia-da-dengue\/2513\" title=\"Especialistas debatem epidemia da dengue\">[&#8230;]<\/a><\/p>\n<\/div>","protected":false},"author":1,"featured_media":2510,"comment_status":"open","ping_status":"open","sticky":false,"template":"","format":"standard","meta":{"_acf_changed":false,"_exactmetrics_skip_tracking":false,"_exactmetrics_sitenote_active":false,"_exactmetrics_sitenote_note":"","_exactmetrics_sitenote_category":0,"jetpack_post_was_ever_published":false,"_jetpack_newsletter_access":"","_jetpack_dont_email_post_to_subs":false,"_jetpack_newsletter_tier_id":0,"_jetpack_memberships_contains_paywalled_content":false,"_jetpack_memberships_contains_paid_content":false,"footnotes":"","jetpack_publicize_message":"","jetpack_publicize_feature_enabled":true,"jetpack_social_post_already_shared":false,"jetpack_social_options":{"image_generator_settings":{"template":"highway","enabled":false},"version":2}},"categories":[8],"tags":[],"class_list":{"0":"post-2513","1":"post","2":"type-post","3":"status-publish","4":"format-standard","5":"has-post-thumbnail","7":"category-noticia"},"jetpack_publicize_connections":[],"acf":[],"yoast_head":"<!-- This site is optimized with the Yoast SEO plugin v25.2 - https:\/\/yoast.com\/wordpress\/plugins\/seo\/ -->\n<title>Especialistas debatem epidemia da dengue - Lappis 25 anos<\/title>\n<meta name=\"robots\" content=\"index, follow, max-snippet:-1, max-image-preview:large, max-video-preview:-1\" \/>\n<link rel=\"canonical\" href=\"https:\/\/lappis.org.br\/site\/especialistas-debatem-epidemia-da-dengue\/2513\" \/>\n<meta property=\"og:locale\" content=\"pt_BR\" \/>\n<meta property=\"og:type\" content=\"article\" \/>\n<meta property=\"og:title\" content=\"Especialistas debatem epidemia da dengue - Lappis 25 anos\" \/>\n<meta property=\"og:description\" content=\"Em reportagem exclusiva, o jornal &ldquo;Folha de S\u00e3o Paulo&rdquo; compilou depoimentos de especialistas na \u00e1rea de Sa\u00fade e Social para discutir a epidemia da dengue que assola o Estado do Rio de Janeiro. Confira.  [...]\" \/>\n<meta property=\"og:url\" content=\"https:\/\/lappis.org.br\/site\/especialistas-debatem-epidemia-da-dengue\/2513\" \/>\n<meta property=\"og:site_name\" content=\"Lappis 25 anos\" \/>\n<meta property=\"article:published_time\" content=\"2008-04-24T06:00:00+00:00\" \/>\n<meta property=\"og:image\" content=\"https:\/\/lappis.org.br\/site\/wp-content\/uploads\/2008\/04\/claudiacostin.jpg\" \/>\n\t<meta property=\"og:image:width\" content=\"154\" \/>\n\t<meta property=\"og:image:height\" content=\"200\" \/>\n\t<meta property=\"og:image:type\" content=\"image\/jpeg\" \/>\n<meta name=\"author\" content=\"fw2\" \/>\n<meta name=\"twitter:card\" content=\"summary_large_image\" \/>\n<meta name=\"twitter:label1\" content=\"Escrito por\" \/>\n\t<meta name=\"twitter:data1\" content=\"fw2\" \/>\n\t<meta name=\"twitter:label2\" content=\"Est. tempo de leitura\" \/>\n\t<meta name=\"twitter:data2\" content=\"5 minutos\" \/>\n<script type=\"application\/ld+json\" class=\"yoast-schema-graph\">{\"@context\":\"https:\/\/schema.org\",\"@graph\":[{\"@type\":\"Article\",\"@id\":\"https:\/\/lappis.org.br\/site\/especialistas-debatem-epidemia-da-dengue\/2513#article\",\"isPartOf\":{\"@id\":\"https:\/\/lappis.org.br\/site\/especialistas-debatem-epidemia-da-dengue\/2513\"},\"author\":{\"name\":\"fw2\",\"@id\":\"https:\/\/lappis.org.br\/site\/#\/schema\/person\/3852381d08284b5e2716b20bd89bdbcf\"},\"headline\":\"Especialistas debatem epidemia da dengue\",\"datePublished\":\"2008-04-24T06:00:00+00:00\",\"mainEntityOfPage\":{\"@id\":\"https:\/\/lappis.org.br\/site\/especialistas-debatem-epidemia-da-dengue\/2513\"},\"wordCount\":943,\"commentCount\":0,\"publisher\":{\"@id\":\"https:\/\/lappis.org.br\/site\/#organization\"},\"image\":{\"@id\":\"https:\/\/lappis.org.br\/site\/especialistas-debatem-epidemia-da-dengue\/2513#primaryimage\"},\"thumbnailUrl\":\"https:\/\/lappis.org.br\/site\/wp-content\/uploads\/2008\/04\/claudiacostin.jpg\",\"articleSection\":[\"Not\u00edcia\"],\"inLanguage\":\"pt-BR\",\"potentialAction\":[{\"@type\":\"CommentAction\",\"name\":\"Comment\",\"target\":[\"https:\/\/lappis.org.br\/site\/especialistas-debatem-epidemia-da-dengue\/2513#respond\"]}]},{\"@type\":\"WebPage\",\"@id\":\"https:\/\/lappis.org.br\/site\/especialistas-debatem-epidemia-da-dengue\/2513\",\"url\":\"https:\/\/lappis.org.br\/site\/especialistas-debatem-epidemia-da-dengue\/2513\",\"name\":\"Especialistas debatem epidemia da dengue - Lappis 25 anos\",\"isPartOf\":{\"@id\":\"https:\/\/lappis.org.br\/site\/#website\"},\"primaryImageOfPage\":{\"@id\":\"https:\/\/lappis.org.br\/site\/especialistas-debatem-epidemia-da-dengue\/2513#primaryimage\"},\"image\":{\"@id\":\"https:\/\/lappis.org.br\/site\/especialistas-debatem-epidemia-da-dengue\/2513#primaryimage\"},\"thumbnailUrl\":\"https:\/\/lappis.org.br\/site\/wp-content\/uploads\/2008\/04\/claudiacostin.jpg\",\"datePublished\":\"2008-04-24T06:00:00+00:00\",\"breadcrumb\":{\"@id\":\"https:\/\/lappis.org.br\/site\/especialistas-debatem-epidemia-da-dengue\/2513#breadcrumb\"},\"inLanguage\":\"pt-BR\",\"potentialAction\":[{\"@type\":\"ReadAction\",\"target\":[\"https:\/\/lappis.org.br\/site\/especialistas-debatem-epidemia-da-dengue\/2513\"]}]},{\"@type\":\"ImageObject\",\"inLanguage\":\"pt-BR\",\"@id\":\"https:\/\/lappis.org.br\/site\/especialistas-debatem-epidemia-da-dengue\/2513#primaryimage\",\"url\":\"https:\/\/lappis.org.br\/site\/wp-content\/uploads\/2008\/04\/claudiacostin.jpg\",\"contentUrl\":\"https:\/\/lappis.org.br\/site\/wp-content\/uploads\/2008\/04\/claudiacostin.jpg\",\"width\":154,\"height\":200,\"caption\":\"alt\"},{\"@type\":\"BreadcrumbList\",\"@id\":\"https:\/\/lappis.org.br\/site\/especialistas-debatem-epidemia-da-dengue\/2513#breadcrumb\",\"itemListElement\":[{\"@type\":\"ListItem\",\"position\":1,\"name\":\"In\u00edcio\",\"item\":\"https:\/\/lappis.org.br\/site\/\"},{\"@type\":\"ListItem\",\"position\":2,\"name\":\"Especialistas debatem epidemia da dengue\"}]},{\"@type\":\"WebSite\",\"@id\":\"https:\/\/lappis.org.br\/site\/#website\",\"url\":\"https:\/\/lappis.org.br\/site\/\",\"name\":\"Lappis 25 anos\",\"description\":\"Labotat\u00f3rio de Pesquisas sobre Pr\u00e1ticas de Integralidade em Sa\u00fade\",\"publisher\":{\"@id\":\"https:\/\/lappis.org.br\/site\/#organization\"},\"potentialAction\":[{\"@type\":\"SearchAction\",\"target\":{\"@type\":\"EntryPoint\",\"urlTemplate\":\"https:\/\/lappis.org.br\/site\/?s={search_term_string}\"},\"query-input\":{\"@type\":\"PropertyValueSpecification\",\"valueRequired\":true,\"valueName\":\"search_term_string\"}}],\"inLanguage\":\"pt-BR\"},{\"@type\":\"Organization\",\"@id\":\"https:\/\/lappis.org.br\/site\/#organization\",\"name\":\"Lappis 25 anos\",\"url\":\"https:\/\/lappis.org.br\/site\/\",\"logo\":{\"@type\":\"ImageObject\",\"inLanguage\":\"pt-BR\",\"@id\":\"https:\/\/lappis.org.br\/site\/#\/schema\/logo\/image\/\",\"url\":\"https:\/\/lappis.org.br\/site\/wp-content\/uploads\/2025\/03\/logo-lappis25anos.png\",\"contentUrl\":\"https:\/\/lappis.org.br\/site\/wp-content\/uploads\/2025\/03\/logo-lappis25anos.png\",\"width\":388,\"height\":146,\"caption\":\"Lappis 25 anos\"},\"image\":{\"@id\":\"https:\/\/lappis.org.br\/site\/#\/schema\/logo\/image\/\"}},{\"@type\":\"Person\",\"@id\":\"https:\/\/lappis.org.br\/site\/#\/schema\/person\/3852381d08284b5e2716b20bd89bdbcf\",\"name\":\"fw2\",\"image\":{\"@type\":\"ImageObject\",\"inLanguage\":\"pt-BR\",\"@id\":\"https:\/\/lappis.org.br\/site\/#\/schema\/person\/image\/\",\"url\":\"https:\/\/secure.gravatar.com\/avatar\/c38472c0cdbde82d9b6fcc26adb3779d?s=96&d=mm&r=g\",\"contentUrl\":\"https:\/\/secure.gravatar.com\/avatar\/c38472c0cdbde82d9b6fcc26adb3779d?s=96&d=mm&r=g\",\"caption\":\"fw2\"},\"url\":\"https:\/\/lappis.org.br\/site\/author\/fw2\"}]}<\/script>\n<!-- \/ Yoast SEO plugin. -->","yoast_head_json":{"title":"Especialistas debatem epidemia da dengue - Lappis 25 anos","robots":{"index":"index","follow":"follow","max-snippet":"max-snippet:-1","max-image-preview":"max-image-preview:large","max-video-preview":"max-video-preview:-1"},"canonical":"https:\/\/lappis.org.br\/site\/especialistas-debatem-epidemia-da-dengue\/2513","og_locale":"pt_BR","og_type":"article","og_title":"Especialistas debatem epidemia da dengue - Lappis 25 anos","og_description":"Em reportagem exclusiva, o jornal &ldquo;Folha de S\u00e3o Paulo&rdquo; compilou depoimentos de especialistas na \u00e1rea de Sa\u00fade e Social para discutir a epidemia da dengue que assola o Estado do Rio de Janeiro. Confira.  [...]","og_url":"https:\/\/lappis.org.br\/site\/especialistas-debatem-epidemia-da-dengue\/2513","og_site_name":"Lappis 25 anos","article_published_time":"2008-04-24T06:00:00+00:00","og_image":[{"width":154,"height":200,"url":"https:\/\/lappis.org.br\/site\/wp-content\/uploads\/2008\/04\/claudiacostin.jpg","type":"image\/jpeg"}],"author":"fw2","twitter_card":"summary_large_image","twitter_misc":{"Escrito por":"fw2","Est. tempo de leitura":"5 minutos"},"schema":{"@context":"https:\/\/schema.org","@graph":[{"@type":"Article","@id":"https:\/\/lappis.org.br\/site\/especialistas-debatem-epidemia-da-dengue\/2513#article","isPartOf":{"@id":"https:\/\/lappis.org.br\/site\/especialistas-debatem-epidemia-da-dengue\/2513"},"author":{"name":"fw2","@id":"https:\/\/lappis.org.br\/site\/#\/schema\/person\/3852381d08284b5e2716b20bd89bdbcf"},"headline":"Especialistas debatem epidemia da dengue","datePublished":"2008-04-24T06:00:00+00:00","mainEntityOfPage":{"@id":"https:\/\/lappis.org.br\/site\/especialistas-debatem-epidemia-da-dengue\/2513"},"wordCount":943,"commentCount":0,"publisher":{"@id":"https:\/\/lappis.org.br\/site\/#organization"},"image":{"@id":"https:\/\/lappis.org.br\/site\/especialistas-debatem-epidemia-da-dengue\/2513#primaryimage"},"thumbnailUrl":"https:\/\/lappis.org.br\/site\/wp-content\/uploads\/2008\/04\/claudiacostin.jpg","articleSection":["Not\u00edcia"],"inLanguage":"pt-BR","potentialAction":[{"@type":"CommentAction","name":"Comment","target":["https:\/\/lappis.org.br\/site\/especialistas-debatem-epidemia-da-dengue\/2513#respond"]}]},{"@type":"WebPage","@id":"https:\/\/lappis.org.br\/site\/especialistas-debatem-epidemia-da-dengue\/2513","url":"https:\/\/lappis.org.br\/site\/especialistas-debatem-epidemia-da-dengue\/2513","name":"Especialistas debatem epidemia da dengue - Lappis 25 anos","isPartOf":{"@id":"https:\/\/lappis.org.br\/site\/#website"},"primaryImageOfPage":{"@id":"https:\/\/lappis.org.br\/site\/especialistas-debatem-epidemia-da-dengue\/2513#primaryimage"},"image":{"@id":"https:\/\/lappis.org.br\/site\/especialistas-debatem-epidemia-da-dengue\/2513#primaryimage"},"thumbnailUrl":"https:\/\/lappis.org.br\/site\/wp-content\/uploads\/2008\/04\/claudiacostin.jpg","datePublished":"2008-04-24T06:00:00+00:00","breadcrumb":{"@id":"https:\/\/lappis.org.br\/site\/especialistas-debatem-epidemia-da-dengue\/2513#breadcrumb"},"inLanguage":"pt-BR","potentialAction":[{"@type":"ReadAction","target":["https:\/\/lappis.org.br\/site\/especialistas-debatem-epidemia-da-dengue\/2513"]}]},{"@type":"ImageObject","inLanguage":"pt-BR","@id":"https:\/\/lappis.org.br\/site\/especialistas-debatem-epidemia-da-dengue\/2513#primaryimage","url":"https:\/\/lappis.org.br\/site\/wp-content\/uploads\/2008\/04\/claudiacostin.jpg","contentUrl":"https:\/\/lappis.org.br\/site\/wp-content\/uploads\/2008\/04\/claudiacostin.jpg","width":154,"height":200,"caption":"alt"},{"@type":"BreadcrumbList","@id":"https:\/\/lappis.org.br\/site\/especialistas-debatem-epidemia-da-dengue\/2513#breadcrumb","itemListElement":[{"@type":"ListItem","position":1,"name":"In\u00edcio","item":"https:\/\/lappis.org.br\/site\/"},{"@type":"ListItem","position":2,"name":"Especialistas debatem epidemia da dengue"}]},{"@type":"WebSite","@id":"https:\/\/lappis.org.br\/site\/#website","url":"https:\/\/lappis.org.br\/site\/","name":"Lappis 25 anos","description":"Labotat\u00f3rio de Pesquisas sobre Pr\u00e1ticas de Integralidade em Sa\u00fade","publisher":{"@id":"https:\/\/lappis.org.br\/site\/#organization"},"potentialAction":[{"@type":"SearchAction","target":{"@type":"EntryPoint","urlTemplate":"https:\/\/lappis.org.br\/site\/?s={search_term_string}"},"query-input":{"@type":"PropertyValueSpecification","valueRequired":true,"valueName":"search_term_string"}}],"inLanguage":"pt-BR"},{"@type":"Organization","@id":"https:\/\/lappis.org.br\/site\/#organization","name":"Lappis 25 anos","url":"https:\/\/lappis.org.br\/site\/","logo":{"@type":"ImageObject","inLanguage":"pt-BR","@id":"https:\/\/lappis.org.br\/site\/#\/schema\/logo\/image\/","url":"https:\/\/lappis.org.br\/site\/wp-content\/uploads\/2025\/03\/logo-lappis25anos.png","contentUrl":"https:\/\/lappis.org.br\/site\/wp-content\/uploads\/2025\/03\/logo-lappis25anos.png","width":388,"height":146,"caption":"Lappis 25 anos"},"image":{"@id":"https:\/\/lappis.org.br\/site\/#\/schema\/logo\/image\/"}},{"@type":"Person","@id":"https:\/\/lappis.org.br\/site\/#\/schema\/person\/3852381d08284b5e2716b20bd89bdbcf","name":"fw2","image":{"@type":"ImageObject","inLanguage":"pt-BR","@id":"https:\/\/lappis.org.br\/site\/#\/schema\/person\/image\/","url":"https:\/\/secure.gravatar.com\/avatar\/c38472c0cdbde82d9b6fcc26adb3779d?s=96&d=mm&r=g","contentUrl":"https:\/\/secure.gravatar.com\/avatar\/c38472c0cdbde82d9b6fcc26adb3779d?s=96&d=mm&r=g","caption":"fw2"},"url":"https:\/\/lappis.org.br\/site\/author\/fw2"}]}},"jetpack_featured_media_url":"https:\/\/lappis.org.br\/site\/wp-content\/uploads\/2008\/04\/claudiacostin.jpg","jetpack_shortlink":"https:\/\/wp.me\/p954Nh-Ex","jetpack_sharing_enabled":true,"_links":{"self":[{"href":"https:\/\/lappis.org.br\/site\/wp-json\/wp\/v2\/posts\/2513"}],"collection":[{"href":"https:\/\/lappis.org.br\/site\/wp-json\/wp\/v2\/posts"}],"about":[{"href":"https:\/\/lappis.org.br\/site\/wp-json\/wp\/v2\/types\/post"}],"author":[{"embeddable":true,"href":"https:\/\/lappis.org.br\/site\/wp-json\/wp\/v2\/users\/1"}],"replies":[{"embeddable":true,"href":"https:\/\/lappis.org.br\/site\/wp-json\/wp\/v2\/comments?post=2513"}],"version-history":[{"count":0,"href":"https:\/\/lappis.org.br\/site\/wp-json\/wp\/v2\/posts\/2513\/revisions"}],"wp:featuredmedia":[{"embeddable":true,"href":"https:\/\/lappis.org.br\/site\/wp-json\/wp\/v2\/media\/2510"}],"wp:attachment":[{"href":"https:\/\/lappis.org.br\/site\/wp-json\/wp\/v2\/media?parent=2513"}],"wp:term":[{"taxonomy":"category","embeddable":true,"href":"https:\/\/lappis.org.br\/site\/wp-json\/wp\/v2\/categories?post=2513"},{"taxonomy":"post_tag","embeddable":true,"href":"https:\/\/lappis.org.br\/site\/wp-json\/wp\/v2\/tags?post=2513"}],"curies":[{"name":"wp","href":"https:\/\/api.w.org\/{rel}","templated":true}]}}