{"id":2509,"date":"2008-04-24T03:00:00","date_gmt":"2008-04-24T06:00:00","guid":{"rendered":"http:\/\/lappis.org.br\/site\/2008\/04\/24\/sonia-acioly-a-integralidade-e-um-tema-fundamental-a-ser-pesquisado\/"},"modified":"2008-04-24T03:00:00","modified_gmt":"2008-04-24T06:00:00","slug":"sonia-acioly-a-integralidade-e-um-tema-fundamental-a-ser-pesquisado","status":"publish","type":"post","link":"https:\/\/lappis.org.br\/site\/sonia-acioly-a-integralidade-e-um-tema-fundamental-a-ser-pesquisado\/2509","title":{"rendered":"S\u00f4nia Acioly: \u201cA integralidade \u00e9 um tema fundamental a ser pesquisado\u201d"},"content":{"rendered":"<p style=\"text-align: justify;\"> \t<em><strong>S\u00e9rie Parcerias LAPPIS<\/strong><\/em><\/p>\n<p> \t<img fetchpriority=\"high\" decoding=\"async\" data-attachment-id=\"2508\" data-permalink=\"https:\/\/lappis.org.br\/site\/sonia-acioly-a-integralidade-e-um-tema-fundamental-a-ser-pesquisado\/2509\/attachment-alt-393\" data-orig-file=\"https:\/\/lappis.org.br\/site\/wp-content\/uploads\/2008\/04\/Sonia_Acioli.jpg\" data-orig-size=\"467,350\" data-comments-opened=\"1\" data-image-meta=\"{&quot;aperture&quot;:&quot;0&quot;,&quot;credit&quot;:&quot;&quot;,&quot;camera&quot;:&quot;&quot;,&quot;caption&quot;:&quot;&quot;,&quot;created_timestamp&quot;:&quot;0&quot;,&quot;copyright&quot;:&quot;&quot;,&quot;focal_length&quot;:&quot;0&quot;,&quot;iso&quot;:&quot;0&quot;,&quot;shutter_speed&quot;:&quot;0&quot;,&quot;title&quot;:&quot;&quot;,&quot;orientation&quot;:&quot;0&quot;}\" data-image-title=\"alt\" data-image-description=\"\" data-image-caption=\"\" data-medium-file=\"https:\/\/lappis.org.br\/site\/wp-content\/uploads\/2008\/04\/Sonia_Acioli-300x225.jpg\" data-large-file=\"https:\/\/lappis.org.br\/site\/wp-content\/uploads\/2008\/04\/Sonia_Acioli.jpg\" class=\" alignright size-full wp-image-2508\" alt=\"alt\" src=\"http:\/\/lappis.org.br\/site\/wp-content\/uploads\/2008\/04\/Sonia_Acioli.jpg\" style=\"margin: 5px; float: right;\" width=\"467\" height=\"350\" srcset=\"https:\/\/lappis.org.br\/site\/wp-content\/uploads\/2008\/04\/Sonia_Acioli.jpg 467w, https:\/\/lappis.org.br\/site\/wp-content\/uploads\/2008\/04\/Sonia_Acioli-300x225.jpg 300w\" sizes=\"(max-width: 467px) 100vw, 467px\" \/>Enfermeira, professora adjunta do Depto de Sa\u00fade P\u00fablica e do Programa de P\u00f3s-Gradua\u00e7\u00e3o em Enfermagem da FENF\/UERJ, Diretora da FENF\/UERJ. Estes s\u00e3o os cargos ocupados por Sonia Acioly que, em entrevista exclusiva, inaugura uma nova s\u00e9rie de reportagens especiais do <strong>BoletIN<\/strong>. &ldquo;Acredito que a produ\u00e7\u00e3o do LAPPIS expressa a possibilidade de articula\u00e7\u00e3o entre profissionais de sa\u00fade, grupos de pesquisadores e estudantes de v\u00e1rias \u00e1reas de conhecimento, o que \u00e9 muito raro no mundo acad\u00eamico&rdquo;, comenta Acioly. &ldquo;Al\u00e9m disso, demonstra uma amplitude grande, j\u00e1 que discute desde aspectos que envolvem o cotidiano dos servi\u00e7os de sa\u00fade, o trabalho em equipe, at\u00e9 aspectos conceituais voltados ao cuidado, o direito \u00e0 sa\u00fade e tantos outros, tendo \u00e9 claro com pano de fundo a perspectiva da integralidade&rdquo;. A seguir, a professora disserta sobre a import\u00e2ncia da pesquisa em integralidade e da parceria LAPPIS &ndash; Faculdade de Enfermagem (FENF).<\/p>\n<p style=\"text-align: justify;\"> \t<strong>BoletIN<\/strong>&#8211; <strong>Na sua opini\u00e3o, qual a import\u00e2ncia da pesquisa em integralidade para a Sa\u00fade Coletiva?<\/strong><br \/> \t\u00a0<br \/> \t<strong>Sonia Acioly<\/strong>: Considerando o campo da Sa\u00fade Coletiva como um campo absolutamente h\u00edbrido, interdisciplinar e, por natureza um campo que articula saberes e pr\u00e1ticas, entendo que a integralidade como princ\u00edpio \u00e9tico-pol\u00edtico e como eixo de pr\u00e1ticas de sa\u00fade \u00e9 um tema fundamental a ser pesquisado. Isso pode ser confirmado pela grande receptividade que a tem\u00e1tica teve ao ter tido maior visibilidade na \u00e1rea com a cria\u00e7\u00e3o do LAPPIS. Ou seja, a tem\u00e1tica j\u00e1 existia, mas parecia &ldquo;escondida&rdquo;, j\u00e1 que n\u00e3o vinha sendo identificada como um <em>campo de pesquisa<\/em>. Essa foi, para mim, a grande descoberta do LAPPIS, trazendo \u00e0 tona um tema que estava l\u00e1 e ningu\u00e9m percebia.<br \/> \t\u00a0<br \/> \t<strong>BoletIN<\/strong>&#8211; <strong>Gostaria de destacar alguma pesquisa\/trabalho\/publica\u00e7\u00e3o espec\u00edfica, desenvolvida pelo LAPPIS?<\/strong><br \/> \t\u00a0<br \/> \t<strong>Sonia Acioly<\/strong>: Cada um dos trabalhos desenvolvido pelo LAPPIS tem sua import\u00e2ncia, mas gostaria de destacar a Pesquisa do ENSINASUS, j\u00e1 que possibilitou dar visibilidade a experi\u00eancias de ensino na gradua\u00e7\u00e3o na \u00e1rea da sa\u00fade &#8211; que estavam de modo mais intenso, articulando os sujeitos do ensino e do servi\u00e7o &#8211; sejam profissionais, ou usu\u00e1rios, e ainda buscando construir processos integrais de ensino-aprendizagem. Ou seja, considerando a necessidade de integra\u00e7\u00e3o entre \u00e1reas de conhecimento, valorizando os cen\u00e1rios de pr\u00e1tica e, a escuta e a\u00e7\u00e3o coletiva dos sujeitos envolvidos nas v\u00e1rias pr\u00e1ticas profissionais do campo da sa\u00fade.<br \/> \t\u00a0<br \/> \t<strong>\u00a0BoletIN<\/strong><strong>&ndash; Fale um pouco sobre a parceria LAPPIS &#8211; Faculdade de Enfermagem. Como a parceria funciona, quais os benef\u00edcios para ambas partes?<\/strong><br \/> \t\u00a0<br \/> \t<strong>Sonia Acioly<\/strong>: A parceria entre o LAPPIS e a Faculdade de Enfermagem da UERJ nasceu por conta da nossa experi\u00eancia de constru\u00e7\u00e3o de um curr\u00edculo integrado, a qual motivou a Prof. Roseni Pinheiro a convidar alguns professores que participaram ativamente da implanta\u00e7\u00e3o do nosso curr\u00edculo a participar da linha de pesquisa do grupo voltada para o ensino de gradua\u00e7\u00e3o na \u00e1rea da sa\u00fade.<br \/> \t\u00a0<br \/> \tO curr\u00edculo da Faculdade de Enfermagem baseia-se na teoria cr\u00edtica da Educa\u00e7\u00e3o cuja pr\u00e1xis \u00e9 considerada uma proposta pedag\u00f3gica inovadora, visto enfatizar a realidade e as experi\u00eancias dos sujeitos envolvidos no processo ensino-aprendizagem. Isto significa construir uma proposta de educa\u00e7\u00e3o profissional voltada para o desenvolvimento de uma consci\u00eancia cr\u00edtica relativa aos problemas de sa\u00fade da popula\u00e7\u00e3o brasileira, como tamb\u00e9m \u00e0 constru\u00e7\u00e3o de uma atua\u00e7\u00e3o voltada para a transforma\u00e7\u00e3o desta realidade em conson\u00e2ncia com o Sistema \u00danico de Sa\u00fade.<br \/> \t\u00a0<br \/> \tA meu ver, os processos de transforma\u00e7\u00e3o de pr\u00e1ticas de sa\u00fade devem buscar contextualizar as dimens\u00f5es hist\u00f3rica, social, econ\u00f4mica, cultural, e, tamb\u00e9m a redefini\u00e7\u00e3o de pol\u00edticas e reorganiza\u00e7\u00e3o dos processos de trabalho. Essas s\u00e3o a\u00e7\u00f5es que articulam ensino, pesquisa e os nossos cen\u00e1rios de pr\u00e1tica e v\u00e3o al\u00e9m dos curr\u00edculos. Entendo que a parceria entre a Faculdade de Enfermagem e o LAPPIS pode ainda gerar muitos frutos se pensarmos que a experi\u00eancia produz conhecimento e que o conhecimento produzido pode se transformar novamente em a\u00e7\u00e3o refletida.<br \/> \t\u00a0<br \/> \tHoje, al\u00e9m de uma gradua\u00e7\u00e3o consolidada, que precisa de avalia\u00e7\u00e3o e realimenta\u00e7\u00e3o constantes, temos uma p\u00f3s-gradua\u00e7\u00e3o em crescimento o que pode criar muitas trocas entre professores, mas tamb\u00e9m entre os grupos de pesquisa existentes na Faculdade, e o LAPPIS.\u00a0<br \/> \t\u00a0<\/p>\n","protected":false},"excerpt":{"rendered":"<div class=\"mh-excerpt\"><p style=\"text-align: justify;\"> \t<em><strong>S\u00e9rie Parcerias LAPPIS<\/strong><\/em><\/p>\n<p> \t<img decoding=\"async\" class=\" alignright size-full wp-image-2508\" alt=\"alt\" src=\"http:\/\/lappis.org.br\/site\/wp-content\/uploads\/2008\/04\/Sonia_Acioli.jpg\" style=\"margin: 5px; float: right;\" width=\"467\" height=\"350\" srcset=\"https:\/\/lappis.org.br\/site\/wp-content\/uploads\/2008\/04\/Sonia_Acioli.jpg 467w, https:\/\/lappis.org.br\/site\/wp-content\/uploads\/2008\/04\/Sonia_Acioli-300x225.jpg 300w\" sizes=\"(max-width: 467px) 100vw, 467px\" \/>Enfermeira, professora adjunta do Depto de Sa\u00fade P\u00fablica e do Programa de P\u00f3s-Gradua\u00e7\u00e3o em Enfermagem da FENF\/UERJ, Diretora da FENF\/UERJ. Estes s\u00e3o os cargos ocupados por Sonia Acioly que, em entrevista exclusiva, inaugura uma nova s\u00e9rie de reportagens especiais do <strong>BoletIN<\/strong>. &ldquo;Acredito que a produ\u00e7\u00e3o do LAPPIS expressa a possibilidade de articula\u00e7\u00e3o entre profissionais de sa\u00fade, grupos de pesquisadores e estudantes de v\u00e1rias \u00e1reas de conhecimento, o que \u00e9 muito raro no mundo acad\u00eamico&rdquo;, comenta Acioly. &ldquo;Al\u00e9m disso, demonstra uma amplitude grande, j\u00e1 que discute desde aspectos que envolvem o cotidiano dos servi\u00e7os de sa\u00fade, o trabalho em equipe, at\u00e9 aspectos conceituais voltados ao cuidado, o direito \u00e0 sa\u00fade e tantos outros, tendo \u00e9 claro com pano de fundo a perspectiva da integralidade&rdquo;. A seguir, a professora disserta sobre a import\u00e2ncia da pesquisa em integralidade e da parceria LAPPIS &ndash; Faculdade de Enfermagem (FENF).<\/p>\n<p>  <a class=\"mh-excerpt-more\" href=\"https:\/\/lappis.org.br\/site\/sonia-acioly-a-integralidade-e-um-tema-fundamental-a-ser-pesquisado\/2509\" title=\"S\u00f4nia Acioly: \u201cA integralidade \u00e9 um tema fundamental a ser pesquisado\u201d\">[&#8230;]<\/a><\/p>\n<\/div>","protected":false},"author":1,"featured_media":2507,"comment_status":"open","ping_status":"open","sticky":false,"template":"","format":"standard","meta":{"_acf_changed":false,"_exactmetrics_skip_tracking":false,"_exactmetrics_sitenote_active":false,"_exactmetrics_sitenote_note":"","_exactmetrics_sitenote_category":0,"jetpack_post_was_ever_published":false,"_jetpack_newsletter_access":"","_jetpack_dont_email_post_to_subs":false,"_jetpack_newsletter_tier_id":0,"_jetpack_memberships_contains_paywalled_content":false,"_jetpack_memberships_contains_paid_content":false,"footnotes":"","jetpack_publicize_message":"","jetpack_publicize_feature_enabled":true,"jetpack_social_post_already_shared":false,"jetpack_social_options":{"image_generator_settings":{"template":"highway","enabled":false},"version":2}},"categories":[8],"tags":[],"class_list":{"0":"post-2509","1":"post","2":"type-post","3":"status-publish","4":"format-standard","5":"has-post-thumbnail","7":"category-noticia"},"jetpack_publicize_connections":[],"acf":[],"yoast_head":"<!-- This site is optimized with the Yoast SEO plugin v25.2 - https:\/\/yoast.com\/wordpress\/plugins\/seo\/ -->\n<title>S\u00f4nia Acioly: \u201cA integralidade \u00e9 um tema fundamental a ser pesquisado\u201d - Lappis 25 anos<\/title>\n<meta name=\"robots\" content=\"index, follow, max-snippet:-1, max-image-preview:large, max-video-preview:-1\" \/>\n<link rel=\"canonical\" href=\"https:\/\/lappis.org.br\/site\/sonia-acioly-a-integralidade-e-um-tema-fundamental-a-ser-pesquisado\/2509\" \/>\n<meta property=\"og:locale\" content=\"pt_BR\" \/>\n<meta property=\"og:type\" content=\"article\" \/>\n<meta property=\"og:title\" content=\"S\u00f4nia Acioly: \u201cA integralidade \u00e9 um tema fundamental a ser pesquisado\u201d - Lappis 25 anos\" \/>\n<meta property=\"og:description\" content=\"S\u00e9rie Parcerias LAPPIS  Enfermeira, professora adjunta do Depto de Sa\u00fade P\u00fablica e do Programa de P\u00f3s-Gradua\u00e7\u00e3o em Enfermagem da FENF\/UERJ, Diretora da FENF\/UERJ. Estes s\u00e3o os cargos ocupados por Sonia Acioly que, em entrevista exclusiva, inaugura uma nova s\u00e9rie de reportagens especiais do BoletIN. &ldquo;Acredito que a produ\u00e7\u00e3o do LAPPIS expressa a possibilidade de articula\u00e7\u00e3o entre profissionais de sa\u00fade, grupos de pesquisadores e estudantes de v\u00e1rias \u00e1reas de conhecimento, o que \u00e9 muito raro no mundo acad\u00eamico&rdquo;, comenta Acioly. &ldquo;Al\u00e9m disso, demonstra uma amplitude grande, j\u00e1 que discute desde aspectos que envolvem o cotidiano dos servi\u00e7os de sa\u00fade, o trabalho em equipe, at\u00e9 aspectos conceituais voltados ao cuidado, o direito \u00e0 sa\u00fade e tantos outros, tendo \u00e9 claro com pano de fundo a perspectiva da integralidade&rdquo;. A seguir, a professora disserta sobre a import\u00e2ncia da pesquisa em integralidade e da parceria LAPPIS &ndash; Faculdade de Enfermagem (FENF). [...]\" \/>\n<meta property=\"og:url\" content=\"https:\/\/lappis.org.br\/site\/sonia-acioly-a-integralidade-e-um-tema-fundamental-a-ser-pesquisado\/2509\" \/>\n<meta property=\"og:site_name\" content=\"Lappis 25 anos\" \/>\n<meta property=\"article:published_time\" content=\"2008-04-24T06:00:00+00:00\" \/>\n<meta property=\"og:image\" content=\"https:\/\/lappis.org.br\/site\/wp-content\/uploads\/2008\/04\/Sonia_Acioli.jpg\" \/>\n\t<meta property=\"og:image:width\" content=\"467\" \/>\n\t<meta property=\"og:image:height\" content=\"350\" \/>\n\t<meta property=\"og:image:type\" content=\"image\/jpeg\" \/>\n<meta name=\"author\" content=\"fw2\" \/>\n<meta name=\"twitter:card\" content=\"summary_large_image\" \/>\n<meta name=\"twitter:label1\" content=\"Escrito por\" \/>\n\t<meta name=\"twitter:data1\" content=\"fw2\" \/>\n\t<meta name=\"twitter:label2\" content=\"Est. tempo de leitura\" \/>\n\t<meta name=\"twitter:data2\" content=\"4 minutos\" \/>\n<script type=\"application\/ld+json\" class=\"yoast-schema-graph\">{\"@context\":\"https:\/\/schema.org\",\"@graph\":[{\"@type\":\"Article\",\"@id\":\"https:\/\/lappis.org.br\/site\/sonia-acioly-a-integralidade-e-um-tema-fundamental-a-ser-pesquisado\/2509#article\",\"isPartOf\":{\"@id\":\"https:\/\/lappis.org.br\/site\/sonia-acioly-a-integralidade-e-um-tema-fundamental-a-ser-pesquisado\/2509\"},\"author\":{\"name\":\"fw2\",\"@id\":\"https:\/\/lappis.org.br\/site\/#\/schema\/person\/3852381d08284b5e2716b20bd89bdbcf\"},\"headline\":\"S\u00f4nia Acioly: \u201cA integralidade \u00e9 um tema fundamental a ser pesquisado\u201d\",\"datePublished\":\"2008-04-24T06:00:00+00:00\",\"mainEntityOfPage\":{\"@id\":\"https:\/\/lappis.org.br\/site\/sonia-acioly-a-integralidade-e-um-tema-fundamental-a-ser-pesquisado\/2509\"},\"wordCount\":777,\"commentCount\":0,\"publisher\":{\"@id\":\"https:\/\/lappis.org.br\/site\/#organization\"},\"image\":{\"@id\":\"https:\/\/lappis.org.br\/site\/sonia-acioly-a-integralidade-e-um-tema-fundamental-a-ser-pesquisado\/2509#primaryimage\"},\"thumbnailUrl\":\"https:\/\/lappis.org.br\/site\/wp-content\/uploads\/2008\/04\/Sonia_Acioli.jpg\",\"articleSection\":[\"Not\u00edcia\"],\"inLanguage\":\"pt-BR\",\"potentialAction\":[{\"@type\":\"CommentAction\",\"name\":\"Comment\",\"target\":[\"https:\/\/lappis.org.br\/site\/sonia-acioly-a-integralidade-e-um-tema-fundamental-a-ser-pesquisado\/2509#respond\"]}]},{\"@type\":\"WebPage\",\"@id\":\"https:\/\/lappis.org.br\/site\/sonia-acioly-a-integralidade-e-um-tema-fundamental-a-ser-pesquisado\/2509\",\"url\":\"https:\/\/lappis.org.br\/site\/sonia-acioly-a-integralidade-e-um-tema-fundamental-a-ser-pesquisado\/2509\",\"name\":\"S\u00f4nia Acioly: \u201cA integralidade \u00e9 um tema fundamental a ser pesquisado\u201d - Lappis 25 anos\",\"isPartOf\":{\"@id\":\"https:\/\/lappis.org.br\/site\/#website\"},\"primaryImageOfPage\":{\"@id\":\"https:\/\/lappis.org.br\/site\/sonia-acioly-a-integralidade-e-um-tema-fundamental-a-ser-pesquisado\/2509#primaryimage\"},\"image\":{\"@id\":\"https:\/\/lappis.org.br\/site\/sonia-acioly-a-integralidade-e-um-tema-fundamental-a-ser-pesquisado\/2509#primaryimage\"},\"thumbnailUrl\":\"https:\/\/lappis.org.br\/site\/wp-content\/uploads\/2008\/04\/Sonia_Acioli.jpg\",\"datePublished\":\"2008-04-24T06:00:00+00:00\",\"breadcrumb\":{\"@id\":\"https:\/\/lappis.org.br\/site\/sonia-acioly-a-integralidade-e-um-tema-fundamental-a-ser-pesquisado\/2509#breadcrumb\"},\"inLanguage\":\"pt-BR\",\"potentialAction\":[{\"@type\":\"ReadAction\",\"target\":[\"https:\/\/lappis.org.br\/site\/sonia-acioly-a-integralidade-e-um-tema-fundamental-a-ser-pesquisado\/2509\"]}]},{\"@type\":\"ImageObject\",\"inLanguage\":\"pt-BR\",\"@id\":\"https:\/\/lappis.org.br\/site\/sonia-acioly-a-integralidade-e-um-tema-fundamental-a-ser-pesquisado\/2509#primaryimage\",\"url\":\"https:\/\/lappis.org.br\/site\/wp-content\/uploads\/2008\/04\/Sonia_Acioli.jpg\",\"contentUrl\":\"https:\/\/lappis.org.br\/site\/wp-content\/uploads\/2008\/04\/Sonia_Acioli.jpg\",\"width\":467,\"height\":350,\"caption\":\"alt\"},{\"@type\":\"BreadcrumbList\",\"@id\":\"https:\/\/lappis.org.br\/site\/sonia-acioly-a-integralidade-e-um-tema-fundamental-a-ser-pesquisado\/2509#breadcrumb\",\"itemListElement\":[{\"@type\":\"ListItem\",\"position\":1,\"name\":\"In\u00edcio\",\"item\":\"https:\/\/lappis.org.br\/site\/\"},{\"@type\":\"ListItem\",\"position\":2,\"name\":\"S\u00f4nia Acioly: \u201cA integralidade \u00e9 um tema fundamental a ser pesquisado\u201d\"}]},{\"@type\":\"WebSite\",\"@id\":\"https:\/\/lappis.org.br\/site\/#website\",\"url\":\"https:\/\/lappis.org.br\/site\/\",\"name\":\"Lappis 25 anos\",\"description\":\"Labotat\u00f3rio de Pesquisas sobre Pr\u00e1ticas de Integralidade em Sa\u00fade\",\"publisher\":{\"@id\":\"https:\/\/lappis.org.br\/site\/#organization\"},\"potentialAction\":[{\"@type\":\"SearchAction\",\"target\":{\"@type\":\"EntryPoint\",\"urlTemplate\":\"https:\/\/lappis.org.br\/site\/?s={search_term_string}\"},\"query-input\":{\"@type\":\"PropertyValueSpecification\",\"valueRequired\":true,\"valueName\":\"search_term_string\"}}],\"inLanguage\":\"pt-BR\"},{\"@type\":\"Organization\",\"@id\":\"https:\/\/lappis.org.br\/site\/#organization\",\"name\":\"Lappis 25 anos\",\"url\":\"https:\/\/lappis.org.br\/site\/\",\"logo\":{\"@type\":\"ImageObject\",\"inLanguage\":\"pt-BR\",\"@id\":\"https:\/\/lappis.org.br\/site\/#\/schema\/logo\/image\/\",\"url\":\"https:\/\/lappis.org.br\/site\/wp-content\/uploads\/2025\/03\/logo-lappis25anos.png\",\"contentUrl\":\"https:\/\/lappis.org.br\/site\/wp-content\/uploads\/2025\/03\/logo-lappis25anos.png\",\"width\":388,\"height\":146,\"caption\":\"Lappis 25 anos\"},\"image\":{\"@id\":\"https:\/\/lappis.org.br\/site\/#\/schema\/logo\/image\/\"}},{\"@type\":\"Person\",\"@id\":\"https:\/\/lappis.org.br\/site\/#\/schema\/person\/3852381d08284b5e2716b20bd89bdbcf\",\"name\":\"fw2\",\"image\":{\"@type\":\"ImageObject\",\"inLanguage\":\"pt-BR\",\"@id\":\"https:\/\/lappis.org.br\/site\/#\/schema\/person\/image\/\",\"url\":\"https:\/\/secure.gravatar.com\/avatar\/c38472c0cdbde82d9b6fcc26adb3779d?s=96&d=mm&r=g\",\"contentUrl\":\"https:\/\/secure.gravatar.com\/avatar\/c38472c0cdbde82d9b6fcc26adb3779d?s=96&d=mm&r=g\",\"caption\":\"fw2\"},\"url\":\"https:\/\/lappis.org.br\/site\/author\/fw2\"}]}<\/script>\n<!-- \/ Yoast SEO plugin. -->","yoast_head_json":{"title":"S\u00f4nia Acioly: \u201cA integralidade \u00e9 um tema fundamental a ser pesquisado\u201d - Lappis 25 anos","robots":{"index":"index","follow":"follow","max-snippet":"max-snippet:-1","max-image-preview":"max-image-preview:large","max-video-preview":"max-video-preview:-1"},"canonical":"https:\/\/lappis.org.br\/site\/sonia-acioly-a-integralidade-e-um-tema-fundamental-a-ser-pesquisado\/2509","og_locale":"pt_BR","og_type":"article","og_title":"S\u00f4nia Acioly: \u201cA integralidade \u00e9 um tema fundamental a ser pesquisado\u201d - Lappis 25 anos","og_description":"S\u00e9rie Parcerias LAPPIS  Enfermeira, professora adjunta do Depto de Sa\u00fade P\u00fablica e do Programa de P\u00f3s-Gradua\u00e7\u00e3o em Enfermagem da FENF\/UERJ, Diretora da FENF\/UERJ. Estes s\u00e3o os cargos ocupados por Sonia Acioly que, em entrevista exclusiva, inaugura uma nova s\u00e9rie de reportagens especiais do BoletIN. &ldquo;Acredito que a produ\u00e7\u00e3o do LAPPIS expressa a possibilidade de articula\u00e7\u00e3o entre profissionais de sa\u00fade, grupos de pesquisadores e estudantes de v\u00e1rias \u00e1reas de conhecimento, o que \u00e9 muito raro no mundo acad\u00eamico&rdquo;, comenta Acioly. &ldquo;Al\u00e9m disso, demonstra uma amplitude grande, j\u00e1 que discute desde aspectos que envolvem o cotidiano dos servi\u00e7os de sa\u00fade, o trabalho em equipe, at\u00e9 aspectos conceituais voltados ao cuidado, o direito \u00e0 sa\u00fade e tantos outros, tendo \u00e9 claro com pano de fundo a perspectiva da integralidade&rdquo;. A seguir, a professora disserta sobre a import\u00e2ncia da pesquisa em integralidade e da parceria LAPPIS &ndash; Faculdade de Enfermagem (FENF). [...]","og_url":"https:\/\/lappis.org.br\/site\/sonia-acioly-a-integralidade-e-um-tema-fundamental-a-ser-pesquisado\/2509","og_site_name":"Lappis 25 anos","article_published_time":"2008-04-24T06:00:00+00:00","og_image":[{"width":467,"height":350,"url":"https:\/\/lappis.org.br\/site\/wp-content\/uploads\/2008\/04\/Sonia_Acioli.jpg","type":"image\/jpeg"}],"author":"fw2","twitter_card":"summary_large_image","twitter_misc":{"Escrito por":"fw2","Est. tempo de leitura":"4 minutos"},"schema":{"@context":"https:\/\/schema.org","@graph":[{"@type":"Article","@id":"https:\/\/lappis.org.br\/site\/sonia-acioly-a-integralidade-e-um-tema-fundamental-a-ser-pesquisado\/2509#article","isPartOf":{"@id":"https:\/\/lappis.org.br\/site\/sonia-acioly-a-integralidade-e-um-tema-fundamental-a-ser-pesquisado\/2509"},"author":{"name":"fw2","@id":"https:\/\/lappis.org.br\/site\/#\/schema\/person\/3852381d08284b5e2716b20bd89bdbcf"},"headline":"S\u00f4nia Acioly: \u201cA integralidade \u00e9 um tema fundamental a ser pesquisado\u201d","datePublished":"2008-04-24T06:00:00+00:00","mainEntityOfPage":{"@id":"https:\/\/lappis.org.br\/site\/sonia-acioly-a-integralidade-e-um-tema-fundamental-a-ser-pesquisado\/2509"},"wordCount":777,"commentCount":0,"publisher":{"@id":"https:\/\/lappis.org.br\/site\/#organization"},"image":{"@id":"https:\/\/lappis.org.br\/site\/sonia-acioly-a-integralidade-e-um-tema-fundamental-a-ser-pesquisado\/2509#primaryimage"},"thumbnailUrl":"https:\/\/lappis.org.br\/site\/wp-content\/uploads\/2008\/04\/Sonia_Acioli.jpg","articleSection":["Not\u00edcia"],"inLanguage":"pt-BR","potentialAction":[{"@type":"CommentAction","name":"Comment","target":["https:\/\/lappis.org.br\/site\/sonia-acioly-a-integralidade-e-um-tema-fundamental-a-ser-pesquisado\/2509#respond"]}]},{"@type":"WebPage","@id":"https:\/\/lappis.org.br\/site\/sonia-acioly-a-integralidade-e-um-tema-fundamental-a-ser-pesquisado\/2509","url":"https:\/\/lappis.org.br\/site\/sonia-acioly-a-integralidade-e-um-tema-fundamental-a-ser-pesquisado\/2509","name":"S\u00f4nia Acioly: \u201cA integralidade \u00e9 um tema fundamental a ser pesquisado\u201d - Lappis 25 anos","isPartOf":{"@id":"https:\/\/lappis.org.br\/site\/#website"},"primaryImageOfPage":{"@id":"https:\/\/lappis.org.br\/site\/sonia-acioly-a-integralidade-e-um-tema-fundamental-a-ser-pesquisado\/2509#primaryimage"},"image":{"@id":"https:\/\/lappis.org.br\/site\/sonia-acioly-a-integralidade-e-um-tema-fundamental-a-ser-pesquisado\/2509#primaryimage"},"thumbnailUrl":"https:\/\/lappis.org.br\/site\/wp-content\/uploads\/2008\/04\/Sonia_Acioli.jpg","datePublished":"2008-04-24T06:00:00+00:00","breadcrumb":{"@id":"https:\/\/lappis.org.br\/site\/sonia-acioly-a-integralidade-e-um-tema-fundamental-a-ser-pesquisado\/2509#breadcrumb"},"inLanguage":"pt-BR","potentialAction":[{"@type":"ReadAction","target":["https:\/\/lappis.org.br\/site\/sonia-acioly-a-integralidade-e-um-tema-fundamental-a-ser-pesquisado\/2509"]}]},{"@type":"ImageObject","inLanguage":"pt-BR","@id":"https:\/\/lappis.org.br\/site\/sonia-acioly-a-integralidade-e-um-tema-fundamental-a-ser-pesquisado\/2509#primaryimage","url":"https:\/\/lappis.org.br\/site\/wp-content\/uploads\/2008\/04\/Sonia_Acioli.jpg","contentUrl":"https:\/\/lappis.org.br\/site\/wp-content\/uploads\/2008\/04\/Sonia_Acioli.jpg","width":467,"height":350,"caption":"alt"},{"@type":"BreadcrumbList","@id":"https:\/\/lappis.org.br\/site\/sonia-acioly-a-integralidade-e-um-tema-fundamental-a-ser-pesquisado\/2509#breadcrumb","itemListElement":[{"@type":"ListItem","position":1,"name":"In\u00edcio","item":"https:\/\/lappis.org.br\/site\/"},{"@type":"ListItem","position":2,"name":"S\u00f4nia Acioly: \u201cA integralidade \u00e9 um tema fundamental a ser pesquisado\u201d"}]},{"@type":"WebSite","@id":"https:\/\/lappis.org.br\/site\/#website","url":"https:\/\/lappis.org.br\/site\/","name":"Lappis 25 anos","description":"Labotat\u00f3rio de Pesquisas sobre Pr\u00e1ticas de Integralidade em Sa\u00fade","publisher":{"@id":"https:\/\/lappis.org.br\/site\/#organization"},"potentialAction":[{"@type":"SearchAction","target":{"@type":"EntryPoint","urlTemplate":"https:\/\/lappis.org.br\/site\/?s={search_term_string}"},"query-input":{"@type":"PropertyValueSpecification","valueRequired":true,"valueName":"search_term_string"}}],"inLanguage":"pt-BR"},{"@type":"Organization","@id":"https:\/\/lappis.org.br\/site\/#organization","name":"Lappis 25 anos","url":"https:\/\/lappis.org.br\/site\/","logo":{"@type":"ImageObject","inLanguage":"pt-BR","@id":"https:\/\/lappis.org.br\/site\/#\/schema\/logo\/image\/","url":"https:\/\/lappis.org.br\/site\/wp-content\/uploads\/2025\/03\/logo-lappis25anos.png","contentUrl":"https:\/\/lappis.org.br\/site\/wp-content\/uploads\/2025\/03\/logo-lappis25anos.png","width":388,"height":146,"caption":"Lappis 25 anos"},"image":{"@id":"https:\/\/lappis.org.br\/site\/#\/schema\/logo\/image\/"}},{"@type":"Person","@id":"https:\/\/lappis.org.br\/site\/#\/schema\/person\/3852381d08284b5e2716b20bd89bdbcf","name":"fw2","image":{"@type":"ImageObject","inLanguage":"pt-BR","@id":"https:\/\/lappis.org.br\/site\/#\/schema\/person\/image\/","url":"https:\/\/secure.gravatar.com\/avatar\/c38472c0cdbde82d9b6fcc26adb3779d?s=96&d=mm&r=g","contentUrl":"https:\/\/secure.gravatar.com\/avatar\/c38472c0cdbde82d9b6fcc26adb3779d?s=96&d=mm&r=g","caption":"fw2"},"url":"https:\/\/lappis.org.br\/site\/author\/fw2"}]}},"jetpack_featured_media_url":"https:\/\/lappis.org.br\/site\/wp-content\/uploads\/2008\/04\/Sonia_Acioli.jpg","jetpack_shortlink":"https:\/\/wp.me\/p954Nh-Et","jetpack_sharing_enabled":true,"_links":{"self":[{"href":"https:\/\/lappis.org.br\/site\/wp-json\/wp\/v2\/posts\/2509"}],"collection":[{"href":"https:\/\/lappis.org.br\/site\/wp-json\/wp\/v2\/posts"}],"about":[{"href":"https:\/\/lappis.org.br\/site\/wp-json\/wp\/v2\/types\/post"}],"author":[{"embeddable":true,"href":"https:\/\/lappis.org.br\/site\/wp-json\/wp\/v2\/users\/1"}],"replies":[{"embeddable":true,"href":"https:\/\/lappis.org.br\/site\/wp-json\/wp\/v2\/comments?post=2509"}],"version-history":[{"count":0,"href":"https:\/\/lappis.org.br\/site\/wp-json\/wp\/v2\/posts\/2509\/revisions"}],"wp:featuredmedia":[{"embeddable":true,"href":"https:\/\/lappis.org.br\/site\/wp-json\/wp\/v2\/media\/2507"}],"wp:attachment":[{"href":"https:\/\/lappis.org.br\/site\/wp-json\/wp\/v2\/media?parent=2509"}],"wp:term":[{"taxonomy":"category","embeddable":true,"href":"https:\/\/lappis.org.br\/site\/wp-json\/wp\/v2\/categories?post=2509"},{"taxonomy":"post_tag","embeddable":true,"href":"https:\/\/lappis.org.br\/site\/wp-json\/wp\/v2\/tags?post=2509"}],"curies":[{"name":"wp","href":"https:\/\/api.w.org\/{rel}","templated":true}]}}