{"id":2506,"date":"2008-04-24T03:00:00","date_gmt":"2008-04-24T06:00:00","guid":{"rendered":"http:\/\/lappis.org.br\/site\/2008\/04\/24\/epidemia-da-dengue-no-rio-de-janeiro-uma-dolorosa-licao-de-des-integralidade\/"},"modified":"2008-04-24T03:00:00","modified_gmt":"2008-04-24T06:00:00","slug":"epidemia-da-dengue-no-rio-de-janeiro-uma-dolorosa-licao-de-des-integralidade","status":"publish","type":"post","link":"https:\/\/lappis.org.br\/site\/epidemia-da-dengue-no-rio-de-janeiro-uma-dolorosa-licao-de-des-integralidade\/2506","title":{"rendered":"Epidemia da Dengue no Rio de Janeiro: \u201cUma dolorosa li\u00e7\u00e3o de (des) integralidade!!!"},"content":{"rendered":"<p style=\"text-align: right;\"> \t<strong>\u00a0 \u00a0 \u00a0Por Roseni Pinheiro<\/strong><br \/> \t\u00a0<\/p>\n<p style=\"text-align: justify;\"> \t&ldquo;Acredito que finalmente observamos na m\u00eddia um importante debate cr\u00edtico sobre as pol\u00edticas p\u00fablicas de sa\u00fade no Rio de Janeiro, e fico contente com este fato. Nos \u00faltimos anos, por conta de in\u00fameros convites para participar de confer\u00eancias e debates\u00a0sobre integralidade, sempre fui questionada: &lsquo;o que \u00e9 essa tal de integralidade?&rsquo; ou &lsquo;afinal, o que s\u00e3o pr\u00e1ticas de integralidade no ensino, pesquisa e servi\u00e7os?&rsquo;. Respondia, com muita indigna\u00e7\u00e3o: &lsquo;<em>essa tal de integralidade<\/em> \u00e9\u00a0o efetivo exerc\u00edcio da responsabilidade sanit\u00e1ria. Na pr\u00e1tica, significa fazer o inverso do que se faz no munic\u00edpio do Rio de Janeiro&rsquo;&rdquo;.<\/p>\n<p style=\"text-align: justify;\"> \t<img fetchpriority=\"high\" decoding=\"async\" data-attachment-id=\"2505\" data-permalink=\"https:\/\/lappis.org.br\/site\/epidemia-da-dengue-no-rio-de-janeiro-uma-dolorosa-licao-de-des-integralidade\/2506\/attachment-alt-391\" data-orig-file=\"https:\/\/lappis.org.br\/site\/wp-content\/uploads\/2008\/04\/aedes.jpg\" data-orig-size=\"335,249\" data-comments-opened=\"1\" data-image-meta=\"{&quot;aperture&quot;:&quot;0&quot;,&quot;credit&quot;:&quot;&quot;,&quot;camera&quot;:&quot;&quot;,&quot;caption&quot;:&quot;&quot;,&quot;created_timestamp&quot;:&quot;0&quot;,&quot;copyright&quot;:&quot;&quot;,&quot;focal_length&quot;:&quot;0&quot;,&quot;iso&quot;:&quot;0&quot;,&quot;shutter_speed&quot;:&quot;0&quot;,&quot;title&quot;:&quot;&quot;,&quot;orientation&quot;:&quot;0&quot;}\" data-image-title=\"alt\" data-image-description=\"\" data-image-caption=\"\" data-medium-file=\"https:\/\/lappis.org.br\/site\/wp-content\/uploads\/2008\/04\/aedes-300x223.jpg\" data-large-file=\"https:\/\/lappis.org.br\/site\/wp-content\/uploads\/2008\/04\/aedes.jpg\" class=\" alignright size-full wp-image-2505\" alt=\"alt\" src=\"http:\/\/lappis.org.br\/site\/wp-content\/uploads\/2008\/04\/aedes.jpg\" style=\"float: right; margin: 5px;\" width=\"335\" height=\"249\" srcset=\"https:\/\/lappis.org.br\/site\/wp-content\/uploads\/2008\/04\/aedes.jpg 335w, https:\/\/lappis.org.br\/site\/wp-content\/uploads\/2008\/04\/aedes-300x223.jpg 300w\" sizes=\"(max-width: 335px) 100vw, 335px\" \/>A prop\u00f3sito, se um gestor quiser\u00a0praticar a (des) integralidade,\u00a0que se\u00a0ap\u00f3ie no exemplo da epidemia da dengue. A desintegra\u00e7\u00e3o entre as esferas de gest\u00e3o da sa\u00fade dos governos federal, estadual e municipal \u00e9 impressionante. A gest\u00e3o municipal parece ignorar todos os avisos, comunicados e acordos feitos. O SUS se faz por uma gest\u00e3o respons\u00e1vel e solid\u00e1ria. Temos um quadro grave de descaso no Rio e pior que n\u00e3o acontece apenas no campo da sa\u00fade; o descaso pode vir de outras\u00a0\u00e1reas tamb\u00e9m. Vejamos: o turismo no Rio de Janeiro \u00e9 supostamente valorizado, mas n\u00e3o se articula com a sa\u00fade, saneamento e\u00a0educa\u00e7\u00e3o.\u00a0Pensa-se\u00a0em esportes, mas\u00a0n\u00e3o o\u00a0articula com educa\u00e7\u00e3o e sa\u00fade. Pensa-se em educa\u00e7\u00e3o, mas\u00a0n\u00e3o se articula com sa\u00fade, saneamento, transportes, esporte e a\u00e7\u00e3o social. A resili\u00eancia da popula\u00e7\u00e3o carioca \u00e9 impressionante, afinal, j\u00e1 vimos esse filme antes em 2005 com a crise da sa\u00fade do Rio. \u00c0s vezes, me pergunto se sa\u00edmos dela alguma vez.<\/p>\n<p style=\"text-align: justify;\"> \t\u00a0<br \/> \tEm suma: Insisto que para efetivar a integralidade\u00a0das a\u00e7\u00f5es de sa\u00fade\u00a0significa\u00a0pensar praticandouma gest\u00e3o democr\u00e1tica n\u00e3o a favor de interesses particulares, eleitoreiros, mas por raz\u00f5es p\u00fablicas em defesa da afirma\u00e7\u00e3o da vida de todos os cidad\u00e3os, e n\u00e3o apenas de alguns. Como no Rio de Janeiro, h\u00e1 muito tempo n\u00e3o vivemos a integralidade das a\u00e7\u00f5es, fica dif\u00edcil de reconhec\u00ea-la, pelo menos at\u00e9 a pr\u00f3xima epidemia.\u00a0<\/p>\n","protected":false},"excerpt":{"rendered":"<div class=\"mh-excerpt\"><p style=\"text-align: right;\"> \t<strong>\u00a0 \u00a0 \u00a0Por Roseni Pinheiro<\/strong><br \/> \t\u00a0<\/p>\n<p style=\"text-align: justify;\"> \t&ldquo;Acredito que finalmente observamos na m\u00eddia um importante debate cr\u00edtico sobre as pol\u00edticas p\u00fablicas de sa\u00fade no Rio de Janeiro, e fico contente com este fato. Nos \u00faltimos anos, por conta de in\u00fameros convites para participar de confer\u00eancias e debates\u00a0sobre integralidade, sempre fui questionada: &lsquo;o que \u00e9 essa tal de integralidade?&rsquo; ou &lsquo;afinal, o que s\u00e3o pr\u00e1ticas de integralidade no ensino, pesquisa e servi\u00e7os?&rsquo;. Respondia, com muita indigna\u00e7\u00e3o: &lsquo;<em>essa tal de integralidade<\/em> \u00e9\u00a0o efetivo exerc\u00edcio da responsabilidade sanit\u00e1ria. Na pr\u00e1tica, significa fazer o inverso do que se faz no munic\u00edpio do Rio de Janeiro&rsquo;&rdquo;.<\/p>\n<p>  <a class=\"mh-excerpt-more\" href=\"https:\/\/lappis.org.br\/site\/epidemia-da-dengue-no-rio-de-janeiro-uma-dolorosa-licao-de-des-integralidade\/2506\" title=\"Epidemia da Dengue no Rio de Janeiro: \u201cUma dolorosa li\u00e7\u00e3o de (des) integralidade!!!\">[&#8230;]<\/a><\/p>\n<\/div>","protected":false},"author":1,"featured_media":2504,"comment_status":"open","ping_status":"open","sticky":false,"template":"","format":"standard","meta":{"_acf_changed":false,"_exactmetrics_skip_tracking":false,"_exactmetrics_sitenote_active":false,"_exactmetrics_sitenote_note":"","_exactmetrics_sitenote_category":0,"jetpack_post_was_ever_published":false,"_jetpack_newsletter_access":"","_jetpack_dont_email_post_to_subs":false,"_jetpack_newsletter_tier_id":0,"_jetpack_memberships_contains_paywalled_content":false,"_jetpack_memberships_contains_paid_content":false,"footnotes":"","jetpack_publicize_message":"","jetpack_publicize_feature_enabled":true,"jetpack_social_post_already_shared":false,"jetpack_social_options":{"image_generator_settings":{"template":"highway","enabled":false},"version":2}},"categories":[8],"tags":[],"class_list":{"0":"post-2506","1":"post","2":"type-post","3":"status-publish","4":"format-standard","5":"has-post-thumbnail","7":"category-noticia"},"jetpack_publicize_connections":[],"acf":[],"yoast_head":"<!-- This site is optimized with the Yoast SEO plugin v25.2 - https:\/\/yoast.com\/wordpress\/plugins\/seo\/ -->\n<title>Epidemia da Dengue no Rio de Janeiro: \u201cUma dolorosa li\u00e7\u00e3o de (des) integralidade!!! - Lappis 25 anos<\/title>\n<meta name=\"robots\" content=\"index, follow, max-snippet:-1, max-image-preview:large, max-video-preview:-1\" \/>\n<link rel=\"canonical\" href=\"https:\/\/lappis.org.br\/site\/epidemia-da-dengue-no-rio-de-janeiro-uma-dolorosa-licao-de-des-integralidade\/2506\" \/>\n<meta property=\"og:locale\" content=\"pt_BR\" \/>\n<meta property=\"og:type\" content=\"article\" \/>\n<meta property=\"og:title\" content=\"Epidemia da Dengue no Rio de Janeiro: \u201cUma dolorosa li\u00e7\u00e3o de (des) integralidade!!! - Lappis 25 anos\" \/>\n<meta property=\"og:description\" content=\"\u00a0 \u00a0 \u00a0Por Roseni Pinheiro \u00a0  &ldquo;Acredito que finalmente observamos na m\u00eddia um importante debate cr\u00edtico sobre as pol\u00edticas p\u00fablicas de sa\u00fade no Rio de Janeiro, e fico contente com este fato. Nos \u00faltimos anos, por conta de in\u00fameros convites para participar de confer\u00eancias e debates\u00a0sobre integralidade, sempre fui questionada: &lsquo;o que \u00e9 essa tal de integralidade?&rsquo; ou &lsquo;afinal, o que s\u00e3o pr\u00e1ticas de integralidade no ensino, pesquisa e servi\u00e7os?&rsquo;. Respondia, com muita indigna\u00e7\u00e3o: &lsquo;essa tal de integralidade \u00e9\u00a0o efetivo exerc\u00edcio da responsabilidade sanit\u00e1ria. Na pr\u00e1tica, significa fazer o inverso do que se faz no munic\u00edpio do Rio de Janeiro&rsquo;&rdquo;. [...]\" \/>\n<meta property=\"og:url\" content=\"https:\/\/lappis.org.br\/site\/epidemia-da-dengue-no-rio-de-janeiro-uma-dolorosa-licao-de-des-integralidade\/2506\" \/>\n<meta property=\"og:site_name\" content=\"Lappis 25 anos\" \/>\n<meta property=\"article:published_time\" content=\"2008-04-24T06:00:00+00:00\" \/>\n<meta property=\"og:image\" content=\"https:\/\/lappis.org.br\/site\/wp-content\/uploads\/2008\/04\/aedes.jpg\" \/>\n\t<meta property=\"og:image:width\" content=\"335\" \/>\n\t<meta property=\"og:image:height\" content=\"249\" \/>\n\t<meta property=\"og:image:type\" content=\"image\/jpeg\" \/>\n<meta name=\"author\" content=\"fw2\" \/>\n<meta name=\"twitter:card\" content=\"summary_large_image\" \/>\n<meta name=\"twitter:label1\" content=\"Escrito por\" \/>\n\t<meta name=\"twitter:data1\" content=\"fw2\" \/>\n\t<meta name=\"twitter:label2\" content=\"Est. tempo de leitura\" \/>\n\t<meta name=\"twitter:data2\" content=\"2 minutos\" \/>\n<script type=\"application\/ld+json\" class=\"yoast-schema-graph\">{\"@context\":\"https:\/\/schema.org\",\"@graph\":[{\"@type\":\"Article\",\"@id\":\"https:\/\/lappis.org.br\/site\/epidemia-da-dengue-no-rio-de-janeiro-uma-dolorosa-licao-de-des-integralidade\/2506#article\",\"isPartOf\":{\"@id\":\"https:\/\/lappis.org.br\/site\/epidemia-da-dengue-no-rio-de-janeiro-uma-dolorosa-licao-de-des-integralidade\/2506\"},\"author\":{\"name\":\"fw2\",\"@id\":\"https:\/\/lappis.org.br\/site\/#\/schema\/person\/3852381d08284b5e2716b20bd89bdbcf\"},\"headline\":\"Epidemia da Dengue no Rio de Janeiro: \u201cUma dolorosa li\u00e7\u00e3o de (des) integralidade!!!\",\"datePublished\":\"2008-04-24T06:00:00+00:00\",\"mainEntityOfPage\":{\"@id\":\"https:\/\/lappis.org.br\/site\/epidemia-da-dengue-no-rio-de-janeiro-uma-dolorosa-licao-de-des-integralidade\/2506\"},\"wordCount\":399,\"commentCount\":0,\"publisher\":{\"@id\":\"https:\/\/lappis.org.br\/site\/#organization\"},\"image\":{\"@id\":\"https:\/\/lappis.org.br\/site\/epidemia-da-dengue-no-rio-de-janeiro-uma-dolorosa-licao-de-des-integralidade\/2506#primaryimage\"},\"thumbnailUrl\":\"https:\/\/lappis.org.br\/site\/wp-content\/uploads\/2008\/04\/aedes.jpg\",\"articleSection\":[\"Not\u00edcia\"],\"inLanguage\":\"pt-BR\",\"potentialAction\":[{\"@type\":\"CommentAction\",\"name\":\"Comment\",\"target\":[\"https:\/\/lappis.org.br\/site\/epidemia-da-dengue-no-rio-de-janeiro-uma-dolorosa-licao-de-des-integralidade\/2506#respond\"]}]},{\"@type\":\"WebPage\",\"@id\":\"https:\/\/lappis.org.br\/site\/epidemia-da-dengue-no-rio-de-janeiro-uma-dolorosa-licao-de-des-integralidade\/2506\",\"url\":\"https:\/\/lappis.org.br\/site\/epidemia-da-dengue-no-rio-de-janeiro-uma-dolorosa-licao-de-des-integralidade\/2506\",\"name\":\"Epidemia da Dengue no Rio de Janeiro: \u201cUma dolorosa li\u00e7\u00e3o de (des) integralidade!!! - Lappis 25 anos\",\"isPartOf\":{\"@id\":\"https:\/\/lappis.org.br\/site\/#website\"},\"primaryImageOfPage\":{\"@id\":\"https:\/\/lappis.org.br\/site\/epidemia-da-dengue-no-rio-de-janeiro-uma-dolorosa-licao-de-des-integralidade\/2506#primaryimage\"},\"image\":{\"@id\":\"https:\/\/lappis.org.br\/site\/epidemia-da-dengue-no-rio-de-janeiro-uma-dolorosa-licao-de-des-integralidade\/2506#primaryimage\"},\"thumbnailUrl\":\"https:\/\/lappis.org.br\/site\/wp-content\/uploads\/2008\/04\/aedes.jpg\",\"datePublished\":\"2008-04-24T06:00:00+00:00\",\"breadcrumb\":{\"@id\":\"https:\/\/lappis.org.br\/site\/epidemia-da-dengue-no-rio-de-janeiro-uma-dolorosa-licao-de-des-integralidade\/2506#breadcrumb\"},\"inLanguage\":\"pt-BR\",\"potentialAction\":[{\"@type\":\"ReadAction\",\"target\":[\"https:\/\/lappis.org.br\/site\/epidemia-da-dengue-no-rio-de-janeiro-uma-dolorosa-licao-de-des-integralidade\/2506\"]}]},{\"@type\":\"ImageObject\",\"inLanguage\":\"pt-BR\",\"@id\":\"https:\/\/lappis.org.br\/site\/epidemia-da-dengue-no-rio-de-janeiro-uma-dolorosa-licao-de-des-integralidade\/2506#primaryimage\",\"url\":\"https:\/\/lappis.org.br\/site\/wp-content\/uploads\/2008\/04\/aedes.jpg\",\"contentUrl\":\"https:\/\/lappis.org.br\/site\/wp-content\/uploads\/2008\/04\/aedes.jpg\",\"width\":335,\"height\":249,\"caption\":\"alt\"},{\"@type\":\"BreadcrumbList\",\"@id\":\"https:\/\/lappis.org.br\/site\/epidemia-da-dengue-no-rio-de-janeiro-uma-dolorosa-licao-de-des-integralidade\/2506#breadcrumb\",\"itemListElement\":[{\"@type\":\"ListItem\",\"position\":1,\"name\":\"In\u00edcio\",\"item\":\"https:\/\/lappis.org.br\/site\/\"},{\"@type\":\"ListItem\",\"position\":2,\"name\":\"Epidemia da Dengue no Rio de Janeiro: \u201cUma dolorosa li\u00e7\u00e3o de (des) integralidade!!!\"}]},{\"@type\":\"WebSite\",\"@id\":\"https:\/\/lappis.org.br\/site\/#website\",\"url\":\"https:\/\/lappis.org.br\/site\/\",\"name\":\"Lappis 25 anos\",\"description\":\"Labotat\u00f3rio de Pesquisas sobre Pr\u00e1ticas de Integralidade em Sa\u00fade\",\"publisher\":{\"@id\":\"https:\/\/lappis.org.br\/site\/#organization\"},\"potentialAction\":[{\"@type\":\"SearchAction\",\"target\":{\"@type\":\"EntryPoint\",\"urlTemplate\":\"https:\/\/lappis.org.br\/site\/?s={search_term_string}\"},\"query-input\":{\"@type\":\"PropertyValueSpecification\",\"valueRequired\":true,\"valueName\":\"search_term_string\"}}],\"inLanguage\":\"pt-BR\"},{\"@type\":\"Organization\",\"@id\":\"https:\/\/lappis.org.br\/site\/#organization\",\"name\":\"Lappis 25 anos\",\"url\":\"https:\/\/lappis.org.br\/site\/\",\"logo\":{\"@type\":\"ImageObject\",\"inLanguage\":\"pt-BR\",\"@id\":\"https:\/\/lappis.org.br\/site\/#\/schema\/logo\/image\/\",\"url\":\"https:\/\/lappis.org.br\/site\/wp-content\/uploads\/2025\/03\/logo-lappis25anos.png\",\"contentUrl\":\"https:\/\/lappis.org.br\/site\/wp-content\/uploads\/2025\/03\/logo-lappis25anos.png\",\"width\":388,\"height\":146,\"caption\":\"Lappis 25 anos\"},\"image\":{\"@id\":\"https:\/\/lappis.org.br\/site\/#\/schema\/logo\/image\/\"}},{\"@type\":\"Person\",\"@id\":\"https:\/\/lappis.org.br\/site\/#\/schema\/person\/3852381d08284b5e2716b20bd89bdbcf\",\"name\":\"fw2\",\"image\":{\"@type\":\"ImageObject\",\"inLanguage\":\"pt-BR\",\"@id\":\"https:\/\/lappis.org.br\/site\/#\/schema\/person\/image\/\",\"url\":\"https:\/\/secure.gravatar.com\/avatar\/c38472c0cdbde82d9b6fcc26adb3779d?s=96&d=mm&r=g\",\"contentUrl\":\"https:\/\/secure.gravatar.com\/avatar\/c38472c0cdbde82d9b6fcc26adb3779d?s=96&d=mm&r=g\",\"caption\":\"fw2\"},\"url\":\"https:\/\/lappis.org.br\/site\/author\/fw2\"}]}<\/script>\n<!-- \/ Yoast SEO plugin. -->","yoast_head_json":{"title":"Epidemia da Dengue no Rio de Janeiro: \u201cUma dolorosa li\u00e7\u00e3o de (des) integralidade!!! - Lappis 25 anos","robots":{"index":"index","follow":"follow","max-snippet":"max-snippet:-1","max-image-preview":"max-image-preview:large","max-video-preview":"max-video-preview:-1"},"canonical":"https:\/\/lappis.org.br\/site\/epidemia-da-dengue-no-rio-de-janeiro-uma-dolorosa-licao-de-des-integralidade\/2506","og_locale":"pt_BR","og_type":"article","og_title":"Epidemia da Dengue no Rio de Janeiro: \u201cUma dolorosa li\u00e7\u00e3o de (des) integralidade!!! - Lappis 25 anos","og_description":"\u00a0 \u00a0 \u00a0Por Roseni Pinheiro \u00a0  &ldquo;Acredito que finalmente observamos na m\u00eddia um importante debate cr\u00edtico sobre as pol\u00edticas p\u00fablicas de sa\u00fade no Rio de Janeiro, e fico contente com este fato. Nos \u00faltimos anos, por conta de in\u00fameros convites para participar de confer\u00eancias e debates\u00a0sobre integralidade, sempre fui questionada: &lsquo;o que \u00e9 essa tal de integralidade?&rsquo; ou &lsquo;afinal, o que s\u00e3o pr\u00e1ticas de integralidade no ensino, pesquisa e servi\u00e7os?&rsquo;. Respondia, com muita indigna\u00e7\u00e3o: &lsquo;essa tal de integralidade \u00e9\u00a0o efetivo exerc\u00edcio da responsabilidade sanit\u00e1ria. Na pr\u00e1tica, significa fazer o inverso do que se faz no munic\u00edpio do Rio de Janeiro&rsquo;&rdquo;. [...]","og_url":"https:\/\/lappis.org.br\/site\/epidemia-da-dengue-no-rio-de-janeiro-uma-dolorosa-licao-de-des-integralidade\/2506","og_site_name":"Lappis 25 anos","article_published_time":"2008-04-24T06:00:00+00:00","og_image":[{"width":335,"height":249,"url":"https:\/\/lappis.org.br\/site\/wp-content\/uploads\/2008\/04\/aedes.jpg","type":"image\/jpeg"}],"author":"fw2","twitter_card":"summary_large_image","twitter_misc":{"Escrito por":"fw2","Est. tempo de leitura":"2 minutos"},"schema":{"@context":"https:\/\/schema.org","@graph":[{"@type":"Article","@id":"https:\/\/lappis.org.br\/site\/epidemia-da-dengue-no-rio-de-janeiro-uma-dolorosa-licao-de-des-integralidade\/2506#article","isPartOf":{"@id":"https:\/\/lappis.org.br\/site\/epidemia-da-dengue-no-rio-de-janeiro-uma-dolorosa-licao-de-des-integralidade\/2506"},"author":{"name":"fw2","@id":"https:\/\/lappis.org.br\/site\/#\/schema\/person\/3852381d08284b5e2716b20bd89bdbcf"},"headline":"Epidemia da Dengue no Rio de Janeiro: \u201cUma dolorosa li\u00e7\u00e3o de (des) integralidade!!!","datePublished":"2008-04-24T06:00:00+00:00","mainEntityOfPage":{"@id":"https:\/\/lappis.org.br\/site\/epidemia-da-dengue-no-rio-de-janeiro-uma-dolorosa-licao-de-des-integralidade\/2506"},"wordCount":399,"commentCount":0,"publisher":{"@id":"https:\/\/lappis.org.br\/site\/#organization"},"image":{"@id":"https:\/\/lappis.org.br\/site\/epidemia-da-dengue-no-rio-de-janeiro-uma-dolorosa-licao-de-des-integralidade\/2506#primaryimage"},"thumbnailUrl":"https:\/\/lappis.org.br\/site\/wp-content\/uploads\/2008\/04\/aedes.jpg","articleSection":["Not\u00edcia"],"inLanguage":"pt-BR","potentialAction":[{"@type":"CommentAction","name":"Comment","target":["https:\/\/lappis.org.br\/site\/epidemia-da-dengue-no-rio-de-janeiro-uma-dolorosa-licao-de-des-integralidade\/2506#respond"]}]},{"@type":"WebPage","@id":"https:\/\/lappis.org.br\/site\/epidemia-da-dengue-no-rio-de-janeiro-uma-dolorosa-licao-de-des-integralidade\/2506","url":"https:\/\/lappis.org.br\/site\/epidemia-da-dengue-no-rio-de-janeiro-uma-dolorosa-licao-de-des-integralidade\/2506","name":"Epidemia da Dengue no Rio de Janeiro: \u201cUma dolorosa li\u00e7\u00e3o de (des) integralidade!!! - Lappis 25 anos","isPartOf":{"@id":"https:\/\/lappis.org.br\/site\/#website"},"primaryImageOfPage":{"@id":"https:\/\/lappis.org.br\/site\/epidemia-da-dengue-no-rio-de-janeiro-uma-dolorosa-licao-de-des-integralidade\/2506#primaryimage"},"image":{"@id":"https:\/\/lappis.org.br\/site\/epidemia-da-dengue-no-rio-de-janeiro-uma-dolorosa-licao-de-des-integralidade\/2506#primaryimage"},"thumbnailUrl":"https:\/\/lappis.org.br\/site\/wp-content\/uploads\/2008\/04\/aedes.jpg","datePublished":"2008-04-24T06:00:00+00:00","breadcrumb":{"@id":"https:\/\/lappis.org.br\/site\/epidemia-da-dengue-no-rio-de-janeiro-uma-dolorosa-licao-de-des-integralidade\/2506#breadcrumb"},"inLanguage":"pt-BR","potentialAction":[{"@type":"ReadAction","target":["https:\/\/lappis.org.br\/site\/epidemia-da-dengue-no-rio-de-janeiro-uma-dolorosa-licao-de-des-integralidade\/2506"]}]},{"@type":"ImageObject","inLanguage":"pt-BR","@id":"https:\/\/lappis.org.br\/site\/epidemia-da-dengue-no-rio-de-janeiro-uma-dolorosa-licao-de-des-integralidade\/2506#primaryimage","url":"https:\/\/lappis.org.br\/site\/wp-content\/uploads\/2008\/04\/aedes.jpg","contentUrl":"https:\/\/lappis.org.br\/site\/wp-content\/uploads\/2008\/04\/aedes.jpg","width":335,"height":249,"caption":"alt"},{"@type":"BreadcrumbList","@id":"https:\/\/lappis.org.br\/site\/epidemia-da-dengue-no-rio-de-janeiro-uma-dolorosa-licao-de-des-integralidade\/2506#breadcrumb","itemListElement":[{"@type":"ListItem","position":1,"name":"In\u00edcio","item":"https:\/\/lappis.org.br\/site\/"},{"@type":"ListItem","position":2,"name":"Epidemia da Dengue no Rio de Janeiro: \u201cUma dolorosa li\u00e7\u00e3o de (des) integralidade!!!"}]},{"@type":"WebSite","@id":"https:\/\/lappis.org.br\/site\/#website","url":"https:\/\/lappis.org.br\/site\/","name":"Lappis 25 anos","description":"Labotat\u00f3rio de Pesquisas sobre Pr\u00e1ticas de Integralidade em Sa\u00fade","publisher":{"@id":"https:\/\/lappis.org.br\/site\/#organization"},"potentialAction":[{"@type":"SearchAction","target":{"@type":"EntryPoint","urlTemplate":"https:\/\/lappis.org.br\/site\/?s={search_term_string}"},"query-input":{"@type":"PropertyValueSpecification","valueRequired":true,"valueName":"search_term_string"}}],"inLanguage":"pt-BR"},{"@type":"Organization","@id":"https:\/\/lappis.org.br\/site\/#organization","name":"Lappis 25 anos","url":"https:\/\/lappis.org.br\/site\/","logo":{"@type":"ImageObject","inLanguage":"pt-BR","@id":"https:\/\/lappis.org.br\/site\/#\/schema\/logo\/image\/","url":"https:\/\/lappis.org.br\/site\/wp-content\/uploads\/2025\/03\/logo-lappis25anos.png","contentUrl":"https:\/\/lappis.org.br\/site\/wp-content\/uploads\/2025\/03\/logo-lappis25anos.png","width":388,"height":146,"caption":"Lappis 25 anos"},"image":{"@id":"https:\/\/lappis.org.br\/site\/#\/schema\/logo\/image\/"}},{"@type":"Person","@id":"https:\/\/lappis.org.br\/site\/#\/schema\/person\/3852381d08284b5e2716b20bd89bdbcf","name":"fw2","image":{"@type":"ImageObject","inLanguage":"pt-BR","@id":"https:\/\/lappis.org.br\/site\/#\/schema\/person\/image\/","url":"https:\/\/secure.gravatar.com\/avatar\/c38472c0cdbde82d9b6fcc26adb3779d?s=96&d=mm&r=g","contentUrl":"https:\/\/secure.gravatar.com\/avatar\/c38472c0cdbde82d9b6fcc26adb3779d?s=96&d=mm&r=g","caption":"fw2"},"url":"https:\/\/lappis.org.br\/site\/author\/fw2"}]}},"jetpack_featured_media_url":"https:\/\/lappis.org.br\/site\/wp-content\/uploads\/2008\/04\/aedes.jpg","jetpack_shortlink":"https:\/\/wp.me\/p954Nh-Eq","jetpack_sharing_enabled":true,"_links":{"self":[{"href":"https:\/\/lappis.org.br\/site\/wp-json\/wp\/v2\/posts\/2506"}],"collection":[{"href":"https:\/\/lappis.org.br\/site\/wp-json\/wp\/v2\/posts"}],"about":[{"href":"https:\/\/lappis.org.br\/site\/wp-json\/wp\/v2\/types\/post"}],"author":[{"embeddable":true,"href":"https:\/\/lappis.org.br\/site\/wp-json\/wp\/v2\/users\/1"}],"replies":[{"embeddable":true,"href":"https:\/\/lappis.org.br\/site\/wp-json\/wp\/v2\/comments?post=2506"}],"version-history":[{"count":0,"href":"https:\/\/lappis.org.br\/site\/wp-json\/wp\/v2\/posts\/2506\/revisions"}],"wp:featuredmedia":[{"embeddable":true,"href":"https:\/\/lappis.org.br\/site\/wp-json\/wp\/v2\/media\/2504"}],"wp:attachment":[{"href":"https:\/\/lappis.org.br\/site\/wp-json\/wp\/v2\/media?parent=2506"}],"wp:term":[{"taxonomy":"category","embeddable":true,"href":"https:\/\/lappis.org.br\/site\/wp-json\/wp\/v2\/categories?post=2506"},{"taxonomy":"post_tag","embeddable":true,"href":"https:\/\/lappis.org.br\/site\/wp-json\/wp\/v2\/tags?post=2506"}],"curies":[{"name":"wp","href":"https:\/\/api.w.org\/{rel}","templated":true}]}}