{"id":2500,"date":"2008-04-07T03:00:00","date_gmt":"2008-04-07T06:00:00","guid":{"rendered":"http:\/\/lappis.org.br\/site\/2008\/04\/07\/parceria-nucem-lappis-fundamental-para-as-praticas-avaliativas-da-integralidade\/"},"modified":"2008-04-07T03:00:00","modified_gmt":"2008-04-07T06:00:00","slug":"parceria-nucem-lappis-fundamental-para-as-praticas-avaliativas-da-integralidade","status":"publish","type":"post","link":"https:\/\/lappis.org.br\/site\/parceria-nucem-lappis-fundamental-para-as-praticas-avaliativas-da-integralidade\/2500","title":{"rendered":"Parceria NUCEM-LAPPIS: Fundamental para as pr\u00e1ticas avaliativas da Integralidade"},"content":{"rendered":"<p style=\"text-align: center;\"> \t<em>O N\u00facleo de Cidadania da Universidade Federal de Pernambuco (UFPE-NUCEM) reiterou a parceria com o LAPPIS em reuni\u00e3o na \u00faltima semana de mar\u00e7o. Encontro foi realizado ap\u00f3s palestra de Roseni Pinheiro sobre Pr\u00e1ticas Avaliativas na Integralidade.<\/em><\/p>\n<p style=\"text-align: justify;\"> \t&ldquo;Uma parceria auspiciosa e prof\u00edcua&rdquo;. \u00c9 assim que Roseni Pinheiro define a rela\u00e7\u00e3o entre o N\u00facleo de Cidadania da Universidade Federal de Pernambuco (UFPE-NUCEM) e o LAPPIS. A reuni\u00e3o de pesquisa comparada e complementar, com vistas a se repensar a avalia\u00e7\u00e3o dos programas de sa\u00fade da fam\u00edlia integrando os usu\u00e1rios como part\u00edcipes ativos no desenvolvimento das a\u00e7\u00f5es, foi realizada no \u00faltimo dia 26 de mar\u00e7o com o intuito de reafirmar a integra\u00e7\u00e3o de ambas institui\u00e7\u00f5es.<br \/> \t\u00a0<br \/> \tSegundo a coordenadora do LAPPIS, a raz\u00e3o da parceria com o NUCEM \u00e9 proveniente de afinidades te\u00f3ricas e metodol\u00f3gicas no que concerne o desenvolvimento de metodologias avaliativas centradas nos usu\u00e1rios. Roseni destaca tamb\u00e9m a participa\u00e7\u00e3o do professor Paulo Henrique Martins no processo. &ldquo;Martins \u00e9 um grande mestre e pesquisador, estou muito contente com\u00a0suas contribui\u00e7\u00f5es, e entendo que a rec\u00edproca \u00e9 verdadeira.\u00a0Ele\u00a0trouxe\u00a0a discuss\u00e3o de redes sociais para o Brasil, o que\u00a0nos oferece possibilidades te\u00f3ricas interessantes e fundamentais para o campo da sa\u00fade coletiva contar com sua participa\u00e7\u00e3o como pesquisador associado do LAPPIS&rdquo;.<br \/> \t\u00a0<br \/> \t<img fetchpriority=\"high\" decoding=\"async\" data-attachment-id=\"2499\" data-permalink=\"https:\/\/lappis.org.br\/site\/parceria-nucem-lappis-fundamental-para-as-praticas-avaliativas-da-integralidade\/2500\/attachment-alt-387\" data-orig-file=\"https:\/\/lappis.org.br\/site\/wp-content\/uploads\/2008\/04\/paulo_henrique_martins___nucem1.JPG\" data-orig-size=\"203,350\" data-comments-opened=\"1\" data-image-meta=\"{&quot;aperture&quot;:&quot;0&quot;,&quot;credit&quot;:&quot;&quot;,&quot;camera&quot;:&quot;&quot;,&quot;caption&quot;:&quot;&quot;,&quot;created_timestamp&quot;:&quot;0&quot;,&quot;copyright&quot;:&quot;&quot;,&quot;focal_length&quot;:&quot;0&quot;,&quot;iso&quot;:&quot;0&quot;,&quot;shutter_speed&quot;:&quot;0&quot;,&quot;title&quot;:&quot;&quot;,&quot;orientation&quot;:&quot;0&quot;}\" data-image-title=\"alt\" data-image-description=\"\" data-image-caption=\"\" data-medium-file=\"https:\/\/lappis.org.br\/site\/wp-content\/uploads\/2008\/04\/paulo_henrique_martins___nucem1-174x300.jpg\" data-large-file=\"https:\/\/lappis.org.br\/site\/wp-content\/uploads\/2008\/04\/paulo_henrique_martins___nucem1.JPG\" class=\" alignright size-full wp-image-2499\" alt=\"alt\" src=\"http:\/\/lappis.org.br\/site\/wp-content\/uploads\/2008\/04\/paulo_henrique_martins___nucem1.JPG\" style=\"margin: 5px; float: right;\" width=\"203\" height=\"350\" srcset=\"https:\/\/lappis.org.br\/site\/wp-content\/uploads\/2008\/04\/paulo_henrique_martins___nucem1.JPG 203w, https:\/\/lappis.org.br\/site\/wp-content\/uploads\/2008\/04\/paulo_henrique_martins___nucem1-174x300.jpg 174w\" sizes=\"(max-width: 203px) 100vw, 203px\" \/>Fruto do encontro na oficina t\u00e9cnica de aten\u00e7\u00e3o b\u00e1sica e pr\u00e1ticas avaliativas da aten\u00e7\u00e3o b\u00e1sica, realizado em fevereiro no Rio, a coordenadora do LAPPIS destacou a import\u00e2ncia do itiner\u00e1rio terap\u00eautico como pr\u00e1ticas avaliativas de integralidade na aten\u00e7\u00e3o b\u00e1sica em sa\u00fade.Para Paulo Henrique Martins, professor da Universidade Federal de Pernambuco (UFPE) e coordenador do NUCEM, as pesquisas de redes no itiner\u00e1rio terap\u00eautico s\u00e3o necess\u00e1rias para repensar a avalia\u00e7\u00e3o, que deve ser realizada tamb\u00e9m com a participa\u00e7\u00e3o efetiva do usu\u00e1rio. &ldquo;Precisamos aproximar as pesquisas, trabalhar com grupos focais e considerar a reflexibilidade do usu\u00e1rio. A avalia\u00e7\u00e3o da Aten\u00e7\u00e3o B\u00e1sica pode ser repensada a partir da valoriza\u00e7\u00e3o de quem usa o sistema de sa\u00fade&rdquo;, afirma. Martins divulgou ainda o semin\u00e1rio &ldquo;Sa\u00fade, Redes e Determinantes Sociais&rdquo;, que ser\u00e1 realizado na UFPE em 19 de junho de 2008, como uma &ldquo;apresenta\u00e7\u00e3o da parceria NUCEM-LAPPIS&rdquo;. A coordenadora do Laborat\u00f3rio concorda com o professor: &ldquo;A parceria com o NUCEM \u00e9 fundamental para aprofundar nossas discuss\u00f5es sobre as praticas avaliativas de integralidade em sa\u00fade&rdquo;.<\/p>\n<p style=\"text-align: justify;\"> \t\u00a0<br \/> \tO semin\u00e1rio Sa\u00fade, Redes e Determinantes Sociais ser\u00e1 precedido pelo Semin\u00e1rio de Sensibiliza\u00e7\u00e3o, a ser realizado no dia 20 de junho. Ambos fazem parte de uma s\u00e9rie de eventos que ser\u00e3o apresentados durante os anos de 2008 e 2009, com o apoio do NUCEM e LAPPIS.<br \/> \t\u00a0<\/p>\n","protected":false},"excerpt":{"rendered":"<div class=\"mh-excerpt\"><p style=\"text-align: center;\"> \t<em>O N\u00facleo de Cidadania da Universidade Federal de Pernambuco (UFPE-NUCEM) reiterou a parceria com o LAPPIS em reuni\u00e3o na \u00faltima semana de mar\u00e7o. Encontro foi realizado ap\u00f3s palestra de Roseni Pinheiro sobre Pr\u00e1ticas Avaliativas na Integralidade.<\/em><\/p>\n<p>  <a class=\"mh-excerpt-more\" href=\"https:\/\/lappis.org.br\/site\/parceria-nucem-lappis-fundamental-para-as-praticas-avaliativas-da-integralidade\/2500\" title=\"Parceria NUCEM-LAPPIS: Fundamental para as pr\u00e1ticas avaliativas da Integralidade\">[&#8230;]<\/a><\/p>\n<\/div>","protected":false},"author":1,"featured_media":2498,"comment_status":"open","ping_status":"open","sticky":false,"template":"","format":"standard","meta":{"_acf_changed":false,"_exactmetrics_skip_tracking":false,"_exactmetrics_sitenote_active":false,"_exactmetrics_sitenote_note":"","_exactmetrics_sitenote_category":0,"jetpack_post_was_ever_published":false,"_jetpack_newsletter_access":"","_jetpack_dont_email_post_to_subs":false,"_jetpack_newsletter_tier_id":0,"_jetpack_memberships_contains_paywalled_content":false,"_jetpack_memberships_contains_paid_content":false,"footnotes":"","jetpack_publicize_message":"","jetpack_publicize_feature_enabled":true,"jetpack_social_post_already_shared":false,"jetpack_social_options":{"image_generator_settings":{"template":"highway","enabled":false},"version":2}},"categories":[8],"tags":[],"class_list":{"0":"post-2500","1":"post","2":"type-post","3":"status-publish","4":"format-standard","5":"has-post-thumbnail","7":"category-noticia"},"jetpack_publicize_connections":[],"acf":[],"yoast_head":"<!-- This site is optimized with the Yoast SEO plugin v25.2 - https:\/\/yoast.com\/wordpress\/plugins\/seo\/ -->\n<title>Parceria NUCEM-LAPPIS: Fundamental para as pr\u00e1ticas avaliativas da Integralidade - Lappis 25 anos<\/title>\n<meta name=\"robots\" content=\"index, follow, max-snippet:-1, max-image-preview:large, max-video-preview:-1\" \/>\n<link rel=\"canonical\" href=\"https:\/\/lappis.org.br\/site\/parceria-nucem-lappis-fundamental-para-as-praticas-avaliativas-da-integralidade\/2500\" \/>\n<meta property=\"og:locale\" content=\"pt_BR\" \/>\n<meta property=\"og:type\" content=\"article\" \/>\n<meta property=\"og:title\" content=\"Parceria NUCEM-LAPPIS: Fundamental para as pr\u00e1ticas avaliativas da Integralidade - Lappis 25 anos\" \/>\n<meta property=\"og:description\" content=\"O N\u00facleo de Cidadania da Universidade Federal de Pernambuco (UFPE-NUCEM) reiterou a parceria com o LAPPIS em reuni\u00e3o na \u00faltima semana de mar\u00e7o. Encontro foi realizado ap\u00f3s palestra de Roseni Pinheiro sobre Pr\u00e1ticas Avaliativas na Integralidade. [...]\" \/>\n<meta property=\"og:url\" content=\"https:\/\/lappis.org.br\/site\/parceria-nucem-lappis-fundamental-para-as-praticas-avaliativas-da-integralidade\/2500\" \/>\n<meta property=\"og:site_name\" content=\"Lappis 25 anos\" \/>\n<meta property=\"article:published_time\" content=\"2008-04-07T06:00:00+00:00\" \/>\n<meta property=\"og:image\" content=\"https:\/\/lappis.org.br\/site\/wp-content\/uploads\/2008\/04\/paulo_henrique_martins___nucem1.JPG\" \/>\n\t<meta property=\"og:image:width\" content=\"203\" \/>\n\t<meta property=\"og:image:height\" content=\"350\" \/>\n\t<meta property=\"og:image:type\" content=\"image\/jpeg\" \/>\n<meta name=\"author\" content=\"fw2\" \/>\n<meta name=\"twitter:card\" content=\"summary_large_image\" \/>\n<meta name=\"twitter:label1\" content=\"Escrito por\" \/>\n\t<meta name=\"twitter:data1\" content=\"fw2\" \/>\n\t<meta name=\"twitter:label2\" content=\"Est. tempo de leitura\" \/>\n\t<meta name=\"twitter:data2\" content=\"2 minutos\" \/>\n<script type=\"application\/ld+json\" class=\"yoast-schema-graph\">{\"@context\":\"https:\/\/schema.org\",\"@graph\":[{\"@type\":\"Article\",\"@id\":\"https:\/\/lappis.org.br\/site\/parceria-nucem-lappis-fundamental-para-as-praticas-avaliativas-da-integralidade\/2500#article\",\"isPartOf\":{\"@id\":\"https:\/\/lappis.org.br\/site\/parceria-nucem-lappis-fundamental-para-as-praticas-avaliativas-da-integralidade\/2500\"},\"author\":{\"name\":\"fw2\",\"@id\":\"https:\/\/lappis.org.br\/site\/#\/schema\/person\/3852381d08284b5e2716b20bd89bdbcf\"},\"headline\":\"Parceria NUCEM-LAPPIS: Fundamental para as pr\u00e1ticas avaliativas da Integralidade\",\"datePublished\":\"2008-04-07T06:00:00+00:00\",\"mainEntityOfPage\":{\"@id\":\"https:\/\/lappis.org.br\/site\/parceria-nucem-lappis-fundamental-para-as-praticas-avaliativas-da-integralidade\/2500\"},\"wordCount\":500,\"commentCount\":0,\"publisher\":{\"@id\":\"https:\/\/lappis.org.br\/site\/#organization\"},\"image\":{\"@id\":\"https:\/\/lappis.org.br\/site\/parceria-nucem-lappis-fundamental-para-as-praticas-avaliativas-da-integralidade\/2500#primaryimage\"},\"thumbnailUrl\":\"https:\/\/lappis.org.br\/site\/wp-content\/uploads\/2008\/04\/paulo_henrique_martins___nucem1.JPG\",\"articleSection\":[\"Not\u00edcia\"],\"inLanguage\":\"pt-BR\",\"potentialAction\":[{\"@type\":\"CommentAction\",\"name\":\"Comment\",\"target\":[\"https:\/\/lappis.org.br\/site\/parceria-nucem-lappis-fundamental-para-as-praticas-avaliativas-da-integralidade\/2500#respond\"]}]},{\"@type\":\"WebPage\",\"@id\":\"https:\/\/lappis.org.br\/site\/parceria-nucem-lappis-fundamental-para-as-praticas-avaliativas-da-integralidade\/2500\",\"url\":\"https:\/\/lappis.org.br\/site\/parceria-nucem-lappis-fundamental-para-as-praticas-avaliativas-da-integralidade\/2500\",\"name\":\"Parceria NUCEM-LAPPIS: Fundamental para as pr\u00e1ticas avaliativas da Integralidade - Lappis 25 anos\",\"isPartOf\":{\"@id\":\"https:\/\/lappis.org.br\/site\/#website\"},\"primaryImageOfPage\":{\"@id\":\"https:\/\/lappis.org.br\/site\/parceria-nucem-lappis-fundamental-para-as-praticas-avaliativas-da-integralidade\/2500#primaryimage\"},\"image\":{\"@id\":\"https:\/\/lappis.org.br\/site\/parceria-nucem-lappis-fundamental-para-as-praticas-avaliativas-da-integralidade\/2500#primaryimage\"},\"thumbnailUrl\":\"https:\/\/lappis.org.br\/site\/wp-content\/uploads\/2008\/04\/paulo_henrique_martins___nucem1.JPG\",\"datePublished\":\"2008-04-07T06:00:00+00:00\",\"breadcrumb\":{\"@id\":\"https:\/\/lappis.org.br\/site\/parceria-nucem-lappis-fundamental-para-as-praticas-avaliativas-da-integralidade\/2500#breadcrumb\"},\"inLanguage\":\"pt-BR\",\"potentialAction\":[{\"@type\":\"ReadAction\",\"target\":[\"https:\/\/lappis.org.br\/site\/parceria-nucem-lappis-fundamental-para-as-praticas-avaliativas-da-integralidade\/2500\"]}]},{\"@type\":\"ImageObject\",\"inLanguage\":\"pt-BR\",\"@id\":\"https:\/\/lappis.org.br\/site\/parceria-nucem-lappis-fundamental-para-as-praticas-avaliativas-da-integralidade\/2500#primaryimage\",\"url\":\"https:\/\/lappis.org.br\/site\/wp-content\/uploads\/2008\/04\/paulo_henrique_martins___nucem1.JPG\",\"contentUrl\":\"https:\/\/lappis.org.br\/site\/wp-content\/uploads\/2008\/04\/paulo_henrique_martins___nucem1.JPG\",\"width\":203,\"height\":350,\"caption\":\"alt\"},{\"@type\":\"BreadcrumbList\",\"@id\":\"https:\/\/lappis.org.br\/site\/parceria-nucem-lappis-fundamental-para-as-praticas-avaliativas-da-integralidade\/2500#breadcrumb\",\"itemListElement\":[{\"@type\":\"ListItem\",\"position\":1,\"name\":\"In\u00edcio\",\"item\":\"https:\/\/lappis.org.br\/site\/\"},{\"@type\":\"ListItem\",\"position\":2,\"name\":\"Parceria NUCEM-LAPPIS: Fundamental para as pr\u00e1ticas avaliativas da Integralidade\"}]},{\"@type\":\"WebSite\",\"@id\":\"https:\/\/lappis.org.br\/site\/#website\",\"url\":\"https:\/\/lappis.org.br\/site\/\",\"name\":\"Lappis 25 anos\",\"description\":\"Labotat\u00f3rio de Pesquisas sobre Pr\u00e1ticas de Integralidade em Sa\u00fade\",\"publisher\":{\"@id\":\"https:\/\/lappis.org.br\/site\/#organization\"},\"potentialAction\":[{\"@type\":\"SearchAction\",\"target\":{\"@type\":\"EntryPoint\",\"urlTemplate\":\"https:\/\/lappis.org.br\/site\/?s={search_term_string}\"},\"query-input\":{\"@type\":\"PropertyValueSpecification\",\"valueRequired\":true,\"valueName\":\"search_term_string\"}}],\"inLanguage\":\"pt-BR\"},{\"@type\":\"Organization\",\"@id\":\"https:\/\/lappis.org.br\/site\/#organization\",\"name\":\"Lappis 25 anos\",\"url\":\"https:\/\/lappis.org.br\/site\/\",\"logo\":{\"@type\":\"ImageObject\",\"inLanguage\":\"pt-BR\",\"@id\":\"https:\/\/lappis.org.br\/site\/#\/schema\/logo\/image\/\",\"url\":\"https:\/\/lappis.org.br\/site\/wp-content\/uploads\/2025\/03\/logo-lappis25anos.png\",\"contentUrl\":\"https:\/\/lappis.org.br\/site\/wp-content\/uploads\/2025\/03\/logo-lappis25anos.png\",\"width\":388,\"height\":146,\"caption\":\"Lappis 25 anos\"},\"image\":{\"@id\":\"https:\/\/lappis.org.br\/site\/#\/schema\/logo\/image\/\"}},{\"@type\":\"Person\",\"@id\":\"https:\/\/lappis.org.br\/site\/#\/schema\/person\/3852381d08284b5e2716b20bd89bdbcf\",\"name\":\"fw2\",\"image\":{\"@type\":\"ImageObject\",\"inLanguage\":\"pt-BR\",\"@id\":\"https:\/\/lappis.org.br\/site\/#\/schema\/person\/image\/\",\"url\":\"https:\/\/secure.gravatar.com\/avatar\/c38472c0cdbde82d9b6fcc26adb3779d?s=96&d=mm&r=g\",\"contentUrl\":\"https:\/\/secure.gravatar.com\/avatar\/c38472c0cdbde82d9b6fcc26adb3779d?s=96&d=mm&r=g\",\"caption\":\"fw2\"},\"url\":\"https:\/\/lappis.org.br\/site\/author\/fw2\"}]}<\/script>\n<!-- \/ Yoast SEO plugin. -->","yoast_head_json":{"title":"Parceria NUCEM-LAPPIS: Fundamental para as pr\u00e1ticas avaliativas da Integralidade - Lappis 25 anos","robots":{"index":"index","follow":"follow","max-snippet":"max-snippet:-1","max-image-preview":"max-image-preview:large","max-video-preview":"max-video-preview:-1"},"canonical":"https:\/\/lappis.org.br\/site\/parceria-nucem-lappis-fundamental-para-as-praticas-avaliativas-da-integralidade\/2500","og_locale":"pt_BR","og_type":"article","og_title":"Parceria NUCEM-LAPPIS: Fundamental para as pr\u00e1ticas avaliativas da Integralidade - Lappis 25 anos","og_description":"O N\u00facleo de Cidadania da Universidade Federal de Pernambuco (UFPE-NUCEM) reiterou a parceria com o LAPPIS em reuni\u00e3o na \u00faltima semana de mar\u00e7o. Encontro foi realizado ap\u00f3s palestra de Roseni Pinheiro sobre Pr\u00e1ticas Avaliativas na Integralidade. [...]","og_url":"https:\/\/lappis.org.br\/site\/parceria-nucem-lappis-fundamental-para-as-praticas-avaliativas-da-integralidade\/2500","og_site_name":"Lappis 25 anos","article_published_time":"2008-04-07T06:00:00+00:00","og_image":[{"width":203,"height":350,"url":"https:\/\/lappis.org.br\/site\/wp-content\/uploads\/2008\/04\/paulo_henrique_martins___nucem1.JPG","type":"image\/jpeg"}],"author":"fw2","twitter_card":"summary_large_image","twitter_misc":{"Escrito por":"fw2","Est. tempo de leitura":"2 minutos"},"schema":{"@context":"https:\/\/schema.org","@graph":[{"@type":"Article","@id":"https:\/\/lappis.org.br\/site\/parceria-nucem-lappis-fundamental-para-as-praticas-avaliativas-da-integralidade\/2500#article","isPartOf":{"@id":"https:\/\/lappis.org.br\/site\/parceria-nucem-lappis-fundamental-para-as-praticas-avaliativas-da-integralidade\/2500"},"author":{"name":"fw2","@id":"https:\/\/lappis.org.br\/site\/#\/schema\/person\/3852381d08284b5e2716b20bd89bdbcf"},"headline":"Parceria NUCEM-LAPPIS: Fundamental para as pr\u00e1ticas avaliativas da Integralidade","datePublished":"2008-04-07T06:00:00+00:00","mainEntityOfPage":{"@id":"https:\/\/lappis.org.br\/site\/parceria-nucem-lappis-fundamental-para-as-praticas-avaliativas-da-integralidade\/2500"},"wordCount":500,"commentCount":0,"publisher":{"@id":"https:\/\/lappis.org.br\/site\/#organization"},"image":{"@id":"https:\/\/lappis.org.br\/site\/parceria-nucem-lappis-fundamental-para-as-praticas-avaliativas-da-integralidade\/2500#primaryimage"},"thumbnailUrl":"https:\/\/lappis.org.br\/site\/wp-content\/uploads\/2008\/04\/paulo_henrique_martins___nucem1.JPG","articleSection":["Not\u00edcia"],"inLanguage":"pt-BR","potentialAction":[{"@type":"CommentAction","name":"Comment","target":["https:\/\/lappis.org.br\/site\/parceria-nucem-lappis-fundamental-para-as-praticas-avaliativas-da-integralidade\/2500#respond"]}]},{"@type":"WebPage","@id":"https:\/\/lappis.org.br\/site\/parceria-nucem-lappis-fundamental-para-as-praticas-avaliativas-da-integralidade\/2500","url":"https:\/\/lappis.org.br\/site\/parceria-nucem-lappis-fundamental-para-as-praticas-avaliativas-da-integralidade\/2500","name":"Parceria NUCEM-LAPPIS: Fundamental para as pr\u00e1ticas avaliativas da Integralidade - Lappis 25 anos","isPartOf":{"@id":"https:\/\/lappis.org.br\/site\/#website"},"primaryImageOfPage":{"@id":"https:\/\/lappis.org.br\/site\/parceria-nucem-lappis-fundamental-para-as-praticas-avaliativas-da-integralidade\/2500#primaryimage"},"image":{"@id":"https:\/\/lappis.org.br\/site\/parceria-nucem-lappis-fundamental-para-as-praticas-avaliativas-da-integralidade\/2500#primaryimage"},"thumbnailUrl":"https:\/\/lappis.org.br\/site\/wp-content\/uploads\/2008\/04\/paulo_henrique_martins___nucem1.JPG","datePublished":"2008-04-07T06:00:00+00:00","breadcrumb":{"@id":"https:\/\/lappis.org.br\/site\/parceria-nucem-lappis-fundamental-para-as-praticas-avaliativas-da-integralidade\/2500#breadcrumb"},"inLanguage":"pt-BR","potentialAction":[{"@type":"ReadAction","target":["https:\/\/lappis.org.br\/site\/parceria-nucem-lappis-fundamental-para-as-praticas-avaliativas-da-integralidade\/2500"]}]},{"@type":"ImageObject","inLanguage":"pt-BR","@id":"https:\/\/lappis.org.br\/site\/parceria-nucem-lappis-fundamental-para-as-praticas-avaliativas-da-integralidade\/2500#primaryimage","url":"https:\/\/lappis.org.br\/site\/wp-content\/uploads\/2008\/04\/paulo_henrique_martins___nucem1.JPG","contentUrl":"https:\/\/lappis.org.br\/site\/wp-content\/uploads\/2008\/04\/paulo_henrique_martins___nucem1.JPG","width":203,"height":350,"caption":"alt"},{"@type":"BreadcrumbList","@id":"https:\/\/lappis.org.br\/site\/parceria-nucem-lappis-fundamental-para-as-praticas-avaliativas-da-integralidade\/2500#breadcrumb","itemListElement":[{"@type":"ListItem","position":1,"name":"In\u00edcio","item":"https:\/\/lappis.org.br\/site\/"},{"@type":"ListItem","position":2,"name":"Parceria NUCEM-LAPPIS: Fundamental para as pr\u00e1ticas avaliativas da Integralidade"}]},{"@type":"WebSite","@id":"https:\/\/lappis.org.br\/site\/#website","url":"https:\/\/lappis.org.br\/site\/","name":"Lappis 25 anos","description":"Labotat\u00f3rio de Pesquisas sobre Pr\u00e1ticas de Integralidade em Sa\u00fade","publisher":{"@id":"https:\/\/lappis.org.br\/site\/#organization"},"potentialAction":[{"@type":"SearchAction","target":{"@type":"EntryPoint","urlTemplate":"https:\/\/lappis.org.br\/site\/?s={search_term_string}"},"query-input":{"@type":"PropertyValueSpecification","valueRequired":true,"valueName":"search_term_string"}}],"inLanguage":"pt-BR"},{"@type":"Organization","@id":"https:\/\/lappis.org.br\/site\/#organization","name":"Lappis 25 anos","url":"https:\/\/lappis.org.br\/site\/","logo":{"@type":"ImageObject","inLanguage":"pt-BR","@id":"https:\/\/lappis.org.br\/site\/#\/schema\/logo\/image\/","url":"https:\/\/lappis.org.br\/site\/wp-content\/uploads\/2025\/03\/logo-lappis25anos.png","contentUrl":"https:\/\/lappis.org.br\/site\/wp-content\/uploads\/2025\/03\/logo-lappis25anos.png","width":388,"height":146,"caption":"Lappis 25 anos"},"image":{"@id":"https:\/\/lappis.org.br\/site\/#\/schema\/logo\/image\/"}},{"@type":"Person","@id":"https:\/\/lappis.org.br\/site\/#\/schema\/person\/3852381d08284b5e2716b20bd89bdbcf","name":"fw2","image":{"@type":"ImageObject","inLanguage":"pt-BR","@id":"https:\/\/lappis.org.br\/site\/#\/schema\/person\/image\/","url":"https:\/\/secure.gravatar.com\/avatar\/c38472c0cdbde82d9b6fcc26adb3779d?s=96&d=mm&r=g","contentUrl":"https:\/\/secure.gravatar.com\/avatar\/c38472c0cdbde82d9b6fcc26adb3779d?s=96&d=mm&r=g","caption":"fw2"},"url":"https:\/\/lappis.org.br\/site\/author\/fw2"}]}},"jetpack_featured_media_url":"https:\/\/lappis.org.br\/site\/wp-content\/uploads\/2008\/04\/paulo_henrique_martins___nucem1.JPG","jetpack_shortlink":"https:\/\/wp.me\/p954Nh-Ek","jetpack_sharing_enabled":true,"_links":{"self":[{"href":"https:\/\/lappis.org.br\/site\/wp-json\/wp\/v2\/posts\/2500"}],"collection":[{"href":"https:\/\/lappis.org.br\/site\/wp-json\/wp\/v2\/posts"}],"about":[{"href":"https:\/\/lappis.org.br\/site\/wp-json\/wp\/v2\/types\/post"}],"author":[{"embeddable":true,"href":"https:\/\/lappis.org.br\/site\/wp-json\/wp\/v2\/users\/1"}],"replies":[{"embeddable":true,"href":"https:\/\/lappis.org.br\/site\/wp-json\/wp\/v2\/comments?post=2500"}],"version-history":[{"count":0,"href":"https:\/\/lappis.org.br\/site\/wp-json\/wp\/v2\/posts\/2500\/revisions"}],"wp:featuredmedia":[{"embeddable":true,"href":"https:\/\/lappis.org.br\/site\/wp-json\/wp\/v2\/media\/2498"}],"wp:attachment":[{"href":"https:\/\/lappis.org.br\/site\/wp-json\/wp\/v2\/media?parent=2500"}],"wp:term":[{"taxonomy":"category","embeddable":true,"href":"https:\/\/lappis.org.br\/site\/wp-json\/wp\/v2\/categories?post=2500"},{"taxonomy":"post_tag","embeddable":true,"href":"https:\/\/lappis.org.br\/site\/wp-json\/wp\/v2\/tags?post=2500"}],"curies":[{"name":"wp","href":"https:\/\/api.w.org\/{rel}","templated":true}]}}