{"id":2497,"date":"2008-04-07T03:00:00","date_gmt":"2008-04-07T06:00:00","guid":{"rendered":"http:\/\/lappis.org.br\/site\/2008\/04\/07\/i-seminario-de-saude-urbana-realiza-debate-integralidade-gestao-e-humanizacao\/"},"modified":"2008-04-07T03:00:00","modified_gmt":"2008-04-07T06:00:00","slug":"i-seminario-de-saude-urbana-realiza-debate-integralidade-gestao-e-humanizacao","status":"publish","type":"post","link":"https:\/\/lappis.org.br\/site\/i-seminario-de-saude-urbana-realiza-debate-integralidade-gestao-e-humanizacao\/2497","title":{"rendered":"I Semin\u00e1rio de Sa\u00fade Urbana realiza debate integralidade, gest\u00e3o e humaniza\u00e7\u00e3o"},"content":{"rendered":"<p><img fetchpriority=\"high\" decoding=\"async\" data-attachment-id=\"2495\" data-permalink=\"https:\/\/lappis.org.br\/site\/i-seminario-de-saude-urbana-realiza-debate-integralidade-gestao-e-humanizacao\/2497\/attachment-alt-384\" data-orig-file=\"https:\/\/lappis.org.br\/site\/wp-content\/uploads\/2008\/04\/mesa_Semin__rio_Sa__de_Urbana1.jpg\" data-orig-size=\"550,335\" data-comments-opened=\"1\" data-image-meta=\"{&quot;aperture&quot;:&quot;0&quot;,&quot;credit&quot;:&quot;&quot;,&quot;camera&quot;:&quot;&quot;,&quot;caption&quot;:&quot;&quot;,&quot;created_timestamp&quot;:&quot;0&quot;,&quot;copyright&quot;:&quot;&quot;,&quot;focal_length&quot;:&quot;0&quot;,&quot;iso&quot;:&quot;0&quot;,&quot;shutter_speed&quot;:&quot;0&quot;,&quot;title&quot;:&quot;&quot;,&quot;orientation&quot;:&quot;0&quot;}\" data-image-title=\"alt\" data-image-description=\"\" data-image-caption=\"\" data-medium-file=\"https:\/\/lappis.org.br\/site\/wp-content\/uploads\/2008\/04\/mesa_Semin__rio_Sa__de_Urbana1-300x183.jpg\" data-large-file=\"https:\/\/lappis.org.br\/site\/wp-content\/uploads\/2008\/04\/mesa_Semin__rio_Sa__de_Urbana1.jpg\" class=\" alignleft size-full wp-image-2495\" alt=\"alt\" src=\"http:\/\/lappis.org.br\/site\/wp-content\/uploads\/2008\/04\/mesa_Semin__rio_Sa__de_Urbana1.jpg\" style=\"text-align: justify; margin: 5px; float: left;\" width=\"550\" height=\"335\" srcset=\"https:\/\/lappis.org.br\/site\/wp-content\/uploads\/2008\/04\/mesa_Semin__rio_Sa__de_Urbana1.jpg 550w, https:\/\/lappis.org.br\/site\/wp-content\/uploads\/2008\/04\/mesa_Semin__rio_Sa__de_Urbana1-300x183.jpg 300w\" sizes=\"(max-width: 550px) 100vw, 550px\" \/> <\/p>\n<div> \t<em style=\"text-align: justify;\">A coordenadora do LAPPIS participou do I Semin\u00e1rio de Sa\u00fade Urbana no dia 25 de mar\u00e7o, em Recife (PE). O evento, promovido pelo Instituto Materno-Infantil Professor Fernando Figueira (IMIP), teve como os temas de debate as pr\u00e1ticas de gest\u00e3o e a humaniza\u00e7\u00e3o do cuidado em sa\u00fade. Paulo Henrique Martins, professor da UFPE e pesquisador do LAPPIS, tamb\u00e9m esteve presente no evento.<\/em><\/div>\n<div> \t<span style=\"text-align: justify;\">O I Semin\u00e1rio IMIP de Sa\u00fade Urbana, realizado no dia 25 de mar\u00e7o de 2008, possibilitou um espa\u00e7o para debater sobre a geografia das cidades, o espa\u00e7o urbano, a rela\u00e7\u00e3o entre a cultura de um povo e a a\u00e7\u00e3o p\u00fablica, a din\u00e2mica social e as pr\u00e1ticas de gest\u00e3o, o pensamento complexo, a multidisciplinaridade e a forma\u00e7\u00e3o de gestores p\u00fablicos com vistas ao planejamento do cuidado com a sa\u00fade do cidad\u00e3o. O evento contou com a participa\u00e7\u00e3o de dois representantes do LAPPIS: a coordenadora Roseni Pinheiro e o pesquisador e professor da Universidade Federal de Pernambuco (UFPE) Paulo Henrique Martins.\u00a0<\/span><\/div>\n<div style=\"text-align: justify;\"> \t\u00a0<\/div>\n<div style=\"text-align: justify;\"> \tA participa\u00e7\u00e3o de Roseni Pinheiro apresentou um di\u00e1logo sobre as possibilidades e implica\u00e7\u00f5es da integralidade. Partindo de uma perspectiva construcionista, a professora prop\u00f4s uma concilia\u00e7\u00e3o entre planejamento, ci\u00eancias sociais e humanas e entre filosofia e pol\u00edtica para repensar sa\u00fade e sociedade considerando a id\u00e9ia do Estado ampliado de Grasmci.<br \/> \t\u00a0<\/div>\n<div style=\"text-align: justify;\"> \t<img decoding=\"async\" data-attachment-id=\"2496\" data-permalink=\"https:\/\/lappis.org.br\/site\/i-seminario-de-saude-urbana-realiza-debate-integralidade-gestao-e-humanizacao\/2497\/attachment-alt-385\" data-orig-file=\"https:\/\/lappis.org.br\/site\/wp-content\/uploads\/2008\/04\/roseni___semin__rio_de_sa__de_urbana1.jpg\" data-orig-size=\"212,350\" data-comments-opened=\"1\" data-image-meta=\"{&quot;aperture&quot;:&quot;0&quot;,&quot;credit&quot;:&quot;&quot;,&quot;camera&quot;:&quot;&quot;,&quot;caption&quot;:&quot;&quot;,&quot;created_timestamp&quot;:&quot;0&quot;,&quot;copyright&quot;:&quot;&quot;,&quot;focal_length&quot;:&quot;0&quot;,&quot;iso&quot;:&quot;0&quot;,&quot;shutter_speed&quot;:&quot;0&quot;,&quot;title&quot;:&quot;&quot;,&quot;orientation&quot;:&quot;0&quot;}\" data-image-title=\"alt\" data-image-description=\"\" data-image-caption=\"\" data-medium-file=\"https:\/\/lappis.org.br\/site\/wp-content\/uploads\/2008\/04\/roseni___semin__rio_de_sa__de_urbana1-182x300.jpg\" data-large-file=\"https:\/\/lappis.org.br\/site\/wp-content\/uploads\/2008\/04\/roseni___semin__rio_de_sa__de_urbana1.jpg\" class=\" alignright size-full wp-image-2496\" alt=\"alt\" src=\"http:\/\/lappis.org.br\/site\/wp-content\/uploads\/2008\/04\/roseni___semin__rio_de_sa__de_urbana1.jpg\" style=\"margin: 5px; float: right;\" width=\"212\" height=\"350\" srcset=\"https:\/\/lappis.org.br\/site\/wp-content\/uploads\/2008\/04\/roseni___semin__rio_de_sa__de_urbana1.jpg 212w, https:\/\/lappis.org.br\/site\/wp-content\/uploads\/2008\/04\/roseni___semin__rio_de_sa__de_urbana1-182x300.jpg 182w\" sizes=\"(max-width: 212px) 100vw, 212px\" \/>Para a coordenadora, a integralidade, como princ\u00edpio constitucional, tenta superar a busca da dicotomia &ndash; Estado versus sociedade, sa\u00fade versus doen\u00e7a, individual versus coletivo, preventivo versus curativo, teria versus pr\u00e1tica &#8211; que contribui para \u00eanfase na externalidade. Nessa perspectiva, para repensar a integralidade a mesma prop\u00f5e duas no\u00e7\u00f5es fundantes: Estado ampliado e a Inova\u00e7\u00e3o. Tomando a trajet\u00f3ria dos 20 anos do SUS, identifica dois movimentos que contribuem para a pr\u00e1tica da integralidade: a &ldquo;expans\u00e3o com organiza\u00e7\u00e3o e qualifica\u00e7\u00e3o da aten\u00e7\u00e3o b\u00e1sica&rdquo; que implicou em uma mudan\u00e7a na organiza\u00e7\u00e3o institucional figurando como um movimento concreto de deslocamento da centralidade da aten\u00e7\u00e3o e cuidado hospitalar e o &ldquo;fortalecimento da capacidade de gest\u00e3o&rdquo;. Este \u00faltimo abriga o maior desafio, que \u00e9 a responsabilidade sanit\u00e1ria, gest\u00e3o em redes, participa\u00e7\u00e3o e controle social, interface sa\u00fade, educa\u00e7\u00e3o e inova\u00e7\u00e3o no trabalho.\u00a0<\/div>\n<div style=\"text-align: justify;\"> \t\u00a0<\/div>\n<div style=\"text-align: justify;\"> \tRoseni citou como exemplos de movimentos com atitudes que buscam a integralidade a Sa\u00fade da Mulher e da Crian\u00e7a, a sa\u00fade mental e a Pol\u00edtica de AIDS. &ldquo;S\u00e3o movimentos reflexivos importantes de car\u00e1ter dial\u00e9tico e processual, cujos conflitos de interesses, contextos, atores em suas pr\u00e1ticas no cotidiano possibilitam a constru\u00e7\u00e3o e o reconhecimento de arranjos institucionais no sentido de cria\u00e7\u00f5es e inova\u00e7\u00f5es. Entendo que o enfoque para sa\u00fade urbana traz a necessidade de se pensar no &#8220;lugar&#8221; como ponto de partida para o planejamento da organiza\u00e7\u00e3o de servi\u00e7os, o que possibilitaria a refletir e superar as dicotomias: individual e coletivo, preventivo e promo\u00e7\u00e3o da sa\u00fade&#8221;, diz.<\/div>\n<div style=\"text-align: justify;\"> \tDentre as poss\u00edveis solu\u00e7\u00f5es que a professora prop\u00f4s, est\u00e3o as tr\u00eas dimens\u00f5es de integra\u00e7\u00e3o no plano individual e sist\u00eamico: organiza\u00e7\u00e3o dos servi\u00e7os de sa\u00fade &ndash; envolvendo a constru\u00e7\u00e3o coletiva de ferramentas e tecnologias integradoras, repensar pol\u00edticas e criar novas possibilidades; conhecimentos e pr\u00e1ticas dos trabalhadores &#8211; processo de trabalho como constru\u00e7\u00e3o social &ndash; horizontal; participa\u00e7\u00e3o popular &#8211; gest\u00e3o compartilhada em redes &ndash; amplia\u00e7\u00e3o e garantia dos espa\u00e7os para as pr\u00e1ticas avaliativas.<br \/> \t\u00a0<\/div>\n<div style=\"text-align: justify;\"> \tPaulo Henrique Martins, por sua vez, apresentou o tema &ldquo;Cultura, Sociedade e A\u00e7\u00e3o P\u00fablica: o cuidado com a sa\u00fade das pessoas&#8221;. Discursou sobre o conceito de humaniza\u00e7\u00e3o e a preocupa\u00e7\u00e3o do cuidado com o outro, que deve ser genu\u00edno. &ldquo;O cuidado com o pr\u00f3ximo n\u00e3o pode ser mera obriga\u00e7\u00e3o. Cuidar, nesse caso, deve ser realizado como se fosse para si mesmo&rdquo;, disse. O professor da UFPE alertou tamb\u00e9m para o conceito de humaniza\u00e7\u00e3o. &ldquo;Podemos, desde j\u00e1, perguntar sobre o que n\u00e3o \u00e9 da ordem do humano que precisa ser humanizado. Pois se estamos falando do desafio de humanizar isto significa que existem \u00e1reas que ainda n\u00e3o foram humanizadas, que n\u00e3o s\u00e3o humanas ou suficientemente humanas. Seria por acaso os ambientes de trabalho ou as enfermarias dos hospitais que n\u00e3o s\u00e3o suficientemente humanos? Ou as tecnologias adotadas no campo da sa\u00fade que n\u00e3o sendo as de \u00faltima gera\u00e7\u00e3o n\u00e3o seriam humanas?&rdquo;, questionou.\u00a0<br \/> \t\u00a0<\/div>\n<div style=\"text-align: justify;\"> \tO tamb\u00e9m coordenador do N\u00facleo de Cidadania (NUCEM) afirma que a sua apresenta\u00e7\u00e3o prop\u00f4s uma outra reflex\u00e3o sobre o seu uso nas ci\u00eancias sociais em sa\u00fade que resgate a humaniza\u00e7\u00e3o como fator de mobiliza\u00e7\u00e3o pol\u00edtica e \u00e9tica, &ldquo;leitura que serviu claramente para que o movimento sanitarista assegurasse sua luta em favor da medicina social e p\u00fablica&rdquo;.<\/p>\n<div style=\"text-align: center;\"> \t\t<strong>Parceria IMIP &ndash; LAPPIS<\/strong><\/div>\n<div style=\"text-align: center;\"> \t\tCoordenadora considera parceira com IMIP fundamental para a integralidade<br \/> \t\t\u00a0<\/div>\n<div> \t\tParceiro de pesquisas e semin\u00e1rios realizados pelo LAPPIS, o Instituto Materno-Infantil Professor Fernando Figueira (IMIP) \u00e9 um centro colaborador na avalia\u00e7\u00e3o da aten\u00e7\u00e3o b\u00e1sica de alta import\u00e2ncia no cen\u00e1rio brasileiro. O IMIP vem avan\u00e7ando na discuss\u00e3o da aten\u00e7\u00e3o sa\u00fade materno-infantil, no aleitamento materno e no desenvolvimento de novas tecnologias de aten\u00e7\u00e3o e cuidado. &ldquo;Esse instituto \u00e9 um parceiro importante para o LAPPIS, com iniciativas na produ\u00e7\u00e3o, difus\u00e3o e dissemina\u00e7\u00e3o do conhecimento. Al\u00e9m disso, atua tamb\u00e9m como representante no conselho consultivo da BVS Integralidade, que coordenamos junto a BIREME (Centro Especializado da OPAS). Parceria \u00e9 constru\u00e7\u00e3o, responsabilidade e reciprocidade de institui\u00e7\u00f5es. Para a integralidade \u00e9 fundamental&rdquo;, afirma Roseni Pinheiro.\u00a0<\/div>\n<div> \t\t\u00a0<\/div>\n<\/p><\/div>\n<div> \t\u00a0<\/div>\n","protected":false},"excerpt":{"rendered":"<div class=\"mh-excerpt\"><p><img decoding=\"async\" class=\" alignleft size-full wp-image-2495\" alt=\"alt\" src=\"http:\/\/lappis.org.br\/site\/wp-content\/uploads\/2008\/04\/mesa_Semin__rio_Sa__de_Urbana1.jpg\" style=\"text-align: justify; margin: 5px; float: left;\" width=\"550\" height=\"335\" srcset=\"https:\/\/lappis.org.br\/site\/wp-content\/uploads\/2008\/04\/mesa_Semin__rio_Sa__de_Urbana1.jpg 550w, https:\/\/lappis.org.br\/site\/wp-content\/uploads\/2008\/04\/mesa_Semin__rio_Sa__de_Urbana1-300x183.jpg 300w\" sizes=\"(max-width: 550px) 100vw, 550px\" \/> <\/p>\n<div> \t<em style=\"text-align: justify;\">A coordenadora do LAPPIS participou do I Semin\u00e1rio de Sa\u00fade Urbana no dia 25 de mar\u00e7o, em Recife (PE). O evento, promovido pelo Instituto Materno-Infantil Professor Fernando Figueira (IMIP), teve como os temas de debate as pr\u00e1ticas de gest\u00e3o e a humaniza\u00e7\u00e3o do cuidado em sa\u00fade. Paulo Henrique Martins, professor da UFPE e pesquisador do LAPPIS, tamb\u00e9m esteve presente no evento.<\/em><\/div>\n<p>  <a class=\"mh-excerpt-more\" href=\"https:\/\/lappis.org.br\/site\/i-seminario-de-saude-urbana-realiza-debate-integralidade-gestao-e-humanizacao\/2497\" title=\"I Semin\u00e1rio de Sa\u00fade Urbana realiza debate integralidade, gest\u00e3o e humaniza\u00e7\u00e3o\">[&#8230;]<\/a><\/p>\n<\/div>","protected":false},"author":1,"featured_media":2494,"comment_status":"open","ping_status":"open","sticky":false,"template":"","format":"standard","meta":{"_acf_changed":false,"_exactmetrics_skip_tracking":false,"_exactmetrics_sitenote_active":false,"_exactmetrics_sitenote_note":"","_exactmetrics_sitenote_category":0,"jetpack_post_was_ever_published":false,"_jetpack_newsletter_access":"","_jetpack_dont_email_post_to_subs":false,"_jetpack_newsletter_tier_id":0,"_jetpack_memberships_contains_paywalled_content":false,"_jetpack_memberships_contains_paid_content":false,"footnotes":"","jetpack_publicize_message":"","jetpack_publicize_feature_enabled":true,"jetpack_social_post_already_shared":false,"jetpack_social_options":{"image_generator_settings":{"template":"highway","enabled":false},"version":2}},"categories":[8],"tags":[],"class_list":{"0":"post-2497","1":"post","2":"type-post","3":"status-publish","4":"format-standard","5":"has-post-thumbnail","7":"category-noticia"},"jetpack_publicize_connections":[],"acf":[],"yoast_head":"<!-- This site is optimized with the Yoast SEO plugin v25.2 - https:\/\/yoast.com\/wordpress\/plugins\/seo\/ -->\n<title>I Semin\u00e1rio de Sa\u00fade Urbana realiza debate integralidade, gest\u00e3o e humaniza\u00e7\u00e3o - Lappis 25 anos<\/title>\n<meta name=\"robots\" content=\"index, follow, max-snippet:-1, max-image-preview:large, max-video-preview:-1\" \/>\n<link rel=\"canonical\" href=\"https:\/\/lappis.org.br\/site\/i-seminario-de-saude-urbana-realiza-debate-integralidade-gestao-e-humanizacao\/2497\" \/>\n<meta property=\"og:locale\" content=\"pt_BR\" \/>\n<meta property=\"og:type\" content=\"article\" \/>\n<meta property=\"og:title\" content=\"I Semin\u00e1rio de Sa\u00fade Urbana realiza debate integralidade, gest\u00e3o e humaniza\u00e7\u00e3o - Lappis 25 anos\" \/>\n<meta property=\"og:description\" content=\"A coordenadora do LAPPIS participou do I Semin\u00e1rio de Sa\u00fade Urbana no dia 25 de mar\u00e7o, em Recife (PE). O evento, promovido pelo Instituto Materno-Infantil Professor Fernando Figueira (IMIP), teve como os temas de debate as pr\u00e1ticas de gest\u00e3o e a humaniza\u00e7\u00e3o do cuidado em sa\u00fade. Paulo Henrique Martins, professor da UFPE e pesquisador do LAPPIS, tamb\u00e9m esteve presente no evento. [...]\" \/>\n<meta property=\"og:url\" content=\"https:\/\/lappis.org.br\/site\/i-seminario-de-saude-urbana-realiza-debate-integralidade-gestao-e-humanizacao\/2497\" \/>\n<meta property=\"og:site_name\" content=\"Lappis 25 anos\" \/>\n<meta property=\"article:published_time\" content=\"2008-04-07T06:00:00+00:00\" \/>\n<meta property=\"og:image\" content=\"https:\/\/lappis.org.br\/site\/wp-content\/uploads\/2008\/04\/mesa_Semin__rio_Sa__de_Urbana1.jpg\" \/>\n\t<meta property=\"og:image:width\" content=\"550\" \/>\n\t<meta property=\"og:image:height\" content=\"335\" \/>\n\t<meta property=\"og:image:type\" content=\"image\/jpeg\" \/>\n<meta name=\"author\" content=\"fw2\" \/>\n<meta name=\"twitter:card\" content=\"summary_large_image\" \/>\n<meta name=\"twitter:label1\" content=\"Escrito por\" \/>\n\t<meta name=\"twitter:data1\" content=\"fw2\" \/>\n\t<meta name=\"twitter:label2\" content=\"Est. tempo de leitura\" \/>\n\t<meta name=\"twitter:data2\" content=\"5 minutos\" \/>\n<script type=\"application\/ld+json\" class=\"yoast-schema-graph\">{\"@context\":\"https:\/\/schema.org\",\"@graph\":[{\"@type\":\"Article\",\"@id\":\"https:\/\/lappis.org.br\/site\/i-seminario-de-saude-urbana-realiza-debate-integralidade-gestao-e-humanizacao\/2497#article\",\"isPartOf\":{\"@id\":\"https:\/\/lappis.org.br\/site\/i-seminario-de-saude-urbana-realiza-debate-integralidade-gestao-e-humanizacao\/2497\"},\"author\":{\"name\":\"fw2\",\"@id\":\"https:\/\/lappis.org.br\/site\/#\/schema\/person\/3852381d08284b5e2716b20bd89bdbcf\"},\"headline\":\"I Semin\u00e1rio de Sa\u00fade Urbana realiza debate integralidade, gest\u00e3o e humaniza\u00e7\u00e3o\",\"datePublished\":\"2008-04-07T06:00:00+00:00\",\"mainEntityOfPage\":{\"@id\":\"https:\/\/lappis.org.br\/site\/i-seminario-de-saude-urbana-realiza-debate-integralidade-gestao-e-humanizacao\/2497\"},\"wordCount\":1011,\"commentCount\":0,\"publisher\":{\"@id\":\"https:\/\/lappis.org.br\/site\/#organization\"},\"image\":{\"@id\":\"https:\/\/lappis.org.br\/site\/i-seminario-de-saude-urbana-realiza-debate-integralidade-gestao-e-humanizacao\/2497#primaryimage\"},\"thumbnailUrl\":\"https:\/\/lappis.org.br\/site\/wp-content\/uploads\/2008\/04\/mesa_Semin__rio_Sa__de_Urbana1.jpg\",\"articleSection\":[\"Not\u00edcia\"],\"inLanguage\":\"pt-BR\",\"potentialAction\":[{\"@type\":\"CommentAction\",\"name\":\"Comment\",\"target\":[\"https:\/\/lappis.org.br\/site\/i-seminario-de-saude-urbana-realiza-debate-integralidade-gestao-e-humanizacao\/2497#respond\"]}]},{\"@type\":\"WebPage\",\"@id\":\"https:\/\/lappis.org.br\/site\/i-seminario-de-saude-urbana-realiza-debate-integralidade-gestao-e-humanizacao\/2497\",\"url\":\"https:\/\/lappis.org.br\/site\/i-seminario-de-saude-urbana-realiza-debate-integralidade-gestao-e-humanizacao\/2497\",\"name\":\"I Semin\u00e1rio de Sa\u00fade Urbana realiza debate integralidade, gest\u00e3o e humaniza\u00e7\u00e3o - Lappis 25 anos\",\"isPartOf\":{\"@id\":\"https:\/\/lappis.org.br\/site\/#website\"},\"primaryImageOfPage\":{\"@id\":\"https:\/\/lappis.org.br\/site\/i-seminario-de-saude-urbana-realiza-debate-integralidade-gestao-e-humanizacao\/2497#primaryimage\"},\"image\":{\"@id\":\"https:\/\/lappis.org.br\/site\/i-seminario-de-saude-urbana-realiza-debate-integralidade-gestao-e-humanizacao\/2497#primaryimage\"},\"thumbnailUrl\":\"https:\/\/lappis.org.br\/site\/wp-content\/uploads\/2008\/04\/mesa_Semin__rio_Sa__de_Urbana1.jpg\",\"datePublished\":\"2008-04-07T06:00:00+00:00\",\"breadcrumb\":{\"@id\":\"https:\/\/lappis.org.br\/site\/i-seminario-de-saude-urbana-realiza-debate-integralidade-gestao-e-humanizacao\/2497#breadcrumb\"},\"inLanguage\":\"pt-BR\",\"potentialAction\":[{\"@type\":\"ReadAction\",\"target\":[\"https:\/\/lappis.org.br\/site\/i-seminario-de-saude-urbana-realiza-debate-integralidade-gestao-e-humanizacao\/2497\"]}]},{\"@type\":\"ImageObject\",\"inLanguage\":\"pt-BR\",\"@id\":\"https:\/\/lappis.org.br\/site\/i-seminario-de-saude-urbana-realiza-debate-integralidade-gestao-e-humanizacao\/2497#primaryimage\",\"url\":\"https:\/\/lappis.org.br\/site\/wp-content\/uploads\/2008\/04\/mesa_Semin__rio_Sa__de_Urbana1.jpg\",\"contentUrl\":\"https:\/\/lappis.org.br\/site\/wp-content\/uploads\/2008\/04\/mesa_Semin__rio_Sa__de_Urbana1.jpg\",\"width\":550,\"height\":335,\"caption\":\"alt\"},{\"@type\":\"BreadcrumbList\",\"@id\":\"https:\/\/lappis.org.br\/site\/i-seminario-de-saude-urbana-realiza-debate-integralidade-gestao-e-humanizacao\/2497#breadcrumb\",\"itemListElement\":[{\"@type\":\"ListItem\",\"position\":1,\"name\":\"In\u00edcio\",\"item\":\"https:\/\/lappis.org.br\/site\/\"},{\"@type\":\"ListItem\",\"position\":2,\"name\":\"I Semin\u00e1rio de Sa\u00fade Urbana realiza debate integralidade, gest\u00e3o e humaniza\u00e7\u00e3o\"}]},{\"@type\":\"WebSite\",\"@id\":\"https:\/\/lappis.org.br\/site\/#website\",\"url\":\"https:\/\/lappis.org.br\/site\/\",\"name\":\"Lappis 25 anos\",\"description\":\"Labotat\u00f3rio de Pesquisas sobre Pr\u00e1ticas de Integralidade em Sa\u00fade\",\"publisher\":{\"@id\":\"https:\/\/lappis.org.br\/site\/#organization\"},\"potentialAction\":[{\"@type\":\"SearchAction\",\"target\":{\"@type\":\"EntryPoint\",\"urlTemplate\":\"https:\/\/lappis.org.br\/site\/?s={search_term_string}\"},\"query-input\":{\"@type\":\"PropertyValueSpecification\",\"valueRequired\":true,\"valueName\":\"search_term_string\"}}],\"inLanguage\":\"pt-BR\"},{\"@type\":\"Organization\",\"@id\":\"https:\/\/lappis.org.br\/site\/#organization\",\"name\":\"Lappis 25 anos\",\"url\":\"https:\/\/lappis.org.br\/site\/\",\"logo\":{\"@type\":\"ImageObject\",\"inLanguage\":\"pt-BR\",\"@id\":\"https:\/\/lappis.org.br\/site\/#\/schema\/logo\/image\/\",\"url\":\"https:\/\/lappis.org.br\/site\/wp-content\/uploads\/2025\/03\/logo-lappis25anos.png\",\"contentUrl\":\"https:\/\/lappis.org.br\/site\/wp-content\/uploads\/2025\/03\/logo-lappis25anos.png\",\"width\":388,\"height\":146,\"caption\":\"Lappis 25 anos\"},\"image\":{\"@id\":\"https:\/\/lappis.org.br\/site\/#\/schema\/logo\/image\/\"}},{\"@type\":\"Person\",\"@id\":\"https:\/\/lappis.org.br\/site\/#\/schema\/person\/3852381d08284b5e2716b20bd89bdbcf\",\"name\":\"fw2\",\"image\":{\"@type\":\"ImageObject\",\"inLanguage\":\"pt-BR\",\"@id\":\"https:\/\/lappis.org.br\/site\/#\/schema\/person\/image\/\",\"url\":\"https:\/\/secure.gravatar.com\/avatar\/c38472c0cdbde82d9b6fcc26adb3779d?s=96&d=mm&r=g\",\"contentUrl\":\"https:\/\/secure.gravatar.com\/avatar\/c38472c0cdbde82d9b6fcc26adb3779d?s=96&d=mm&r=g\",\"caption\":\"fw2\"},\"url\":\"https:\/\/lappis.org.br\/site\/author\/fw2\"}]}<\/script>\n<!-- \/ Yoast SEO plugin. -->","yoast_head_json":{"title":"I Semin\u00e1rio de Sa\u00fade Urbana realiza debate integralidade, gest\u00e3o e humaniza\u00e7\u00e3o - Lappis 25 anos","robots":{"index":"index","follow":"follow","max-snippet":"max-snippet:-1","max-image-preview":"max-image-preview:large","max-video-preview":"max-video-preview:-1"},"canonical":"https:\/\/lappis.org.br\/site\/i-seminario-de-saude-urbana-realiza-debate-integralidade-gestao-e-humanizacao\/2497","og_locale":"pt_BR","og_type":"article","og_title":"I Semin\u00e1rio de Sa\u00fade Urbana realiza debate integralidade, gest\u00e3o e humaniza\u00e7\u00e3o - Lappis 25 anos","og_description":"A coordenadora do LAPPIS participou do I Semin\u00e1rio de Sa\u00fade Urbana no dia 25 de mar\u00e7o, em Recife (PE). O evento, promovido pelo Instituto Materno-Infantil Professor Fernando Figueira (IMIP), teve como os temas de debate as pr\u00e1ticas de gest\u00e3o e a humaniza\u00e7\u00e3o do cuidado em sa\u00fade. Paulo Henrique Martins, professor da UFPE e pesquisador do LAPPIS, tamb\u00e9m esteve presente no evento. [...]","og_url":"https:\/\/lappis.org.br\/site\/i-seminario-de-saude-urbana-realiza-debate-integralidade-gestao-e-humanizacao\/2497","og_site_name":"Lappis 25 anos","article_published_time":"2008-04-07T06:00:00+00:00","og_image":[{"width":550,"height":335,"url":"https:\/\/lappis.org.br\/site\/wp-content\/uploads\/2008\/04\/mesa_Semin__rio_Sa__de_Urbana1.jpg","type":"image\/jpeg"}],"author":"fw2","twitter_card":"summary_large_image","twitter_misc":{"Escrito por":"fw2","Est. tempo de leitura":"5 minutos"},"schema":{"@context":"https:\/\/schema.org","@graph":[{"@type":"Article","@id":"https:\/\/lappis.org.br\/site\/i-seminario-de-saude-urbana-realiza-debate-integralidade-gestao-e-humanizacao\/2497#article","isPartOf":{"@id":"https:\/\/lappis.org.br\/site\/i-seminario-de-saude-urbana-realiza-debate-integralidade-gestao-e-humanizacao\/2497"},"author":{"name":"fw2","@id":"https:\/\/lappis.org.br\/site\/#\/schema\/person\/3852381d08284b5e2716b20bd89bdbcf"},"headline":"I Semin\u00e1rio de Sa\u00fade Urbana realiza debate integralidade, gest\u00e3o e humaniza\u00e7\u00e3o","datePublished":"2008-04-07T06:00:00+00:00","mainEntityOfPage":{"@id":"https:\/\/lappis.org.br\/site\/i-seminario-de-saude-urbana-realiza-debate-integralidade-gestao-e-humanizacao\/2497"},"wordCount":1011,"commentCount":0,"publisher":{"@id":"https:\/\/lappis.org.br\/site\/#organization"},"image":{"@id":"https:\/\/lappis.org.br\/site\/i-seminario-de-saude-urbana-realiza-debate-integralidade-gestao-e-humanizacao\/2497#primaryimage"},"thumbnailUrl":"https:\/\/lappis.org.br\/site\/wp-content\/uploads\/2008\/04\/mesa_Semin__rio_Sa__de_Urbana1.jpg","articleSection":["Not\u00edcia"],"inLanguage":"pt-BR","potentialAction":[{"@type":"CommentAction","name":"Comment","target":["https:\/\/lappis.org.br\/site\/i-seminario-de-saude-urbana-realiza-debate-integralidade-gestao-e-humanizacao\/2497#respond"]}]},{"@type":"WebPage","@id":"https:\/\/lappis.org.br\/site\/i-seminario-de-saude-urbana-realiza-debate-integralidade-gestao-e-humanizacao\/2497","url":"https:\/\/lappis.org.br\/site\/i-seminario-de-saude-urbana-realiza-debate-integralidade-gestao-e-humanizacao\/2497","name":"I Semin\u00e1rio de Sa\u00fade Urbana realiza debate integralidade, gest\u00e3o e humaniza\u00e7\u00e3o - Lappis 25 anos","isPartOf":{"@id":"https:\/\/lappis.org.br\/site\/#website"},"primaryImageOfPage":{"@id":"https:\/\/lappis.org.br\/site\/i-seminario-de-saude-urbana-realiza-debate-integralidade-gestao-e-humanizacao\/2497#primaryimage"},"image":{"@id":"https:\/\/lappis.org.br\/site\/i-seminario-de-saude-urbana-realiza-debate-integralidade-gestao-e-humanizacao\/2497#primaryimage"},"thumbnailUrl":"https:\/\/lappis.org.br\/site\/wp-content\/uploads\/2008\/04\/mesa_Semin__rio_Sa__de_Urbana1.jpg","datePublished":"2008-04-07T06:00:00+00:00","breadcrumb":{"@id":"https:\/\/lappis.org.br\/site\/i-seminario-de-saude-urbana-realiza-debate-integralidade-gestao-e-humanizacao\/2497#breadcrumb"},"inLanguage":"pt-BR","potentialAction":[{"@type":"ReadAction","target":["https:\/\/lappis.org.br\/site\/i-seminario-de-saude-urbana-realiza-debate-integralidade-gestao-e-humanizacao\/2497"]}]},{"@type":"ImageObject","inLanguage":"pt-BR","@id":"https:\/\/lappis.org.br\/site\/i-seminario-de-saude-urbana-realiza-debate-integralidade-gestao-e-humanizacao\/2497#primaryimage","url":"https:\/\/lappis.org.br\/site\/wp-content\/uploads\/2008\/04\/mesa_Semin__rio_Sa__de_Urbana1.jpg","contentUrl":"https:\/\/lappis.org.br\/site\/wp-content\/uploads\/2008\/04\/mesa_Semin__rio_Sa__de_Urbana1.jpg","width":550,"height":335,"caption":"alt"},{"@type":"BreadcrumbList","@id":"https:\/\/lappis.org.br\/site\/i-seminario-de-saude-urbana-realiza-debate-integralidade-gestao-e-humanizacao\/2497#breadcrumb","itemListElement":[{"@type":"ListItem","position":1,"name":"In\u00edcio","item":"https:\/\/lappis.org.br\/site\/"},{"@type":"ListItem","position":2,"name":"I Semin\u00e1rio de Sa\u00fade Urbana realiza debate integralidade, gest\u00e3o e humaniza\u00e7\u00e3o"}]},{"@type":"WebSite","@id":"https:\/\/lappis.org.br\/site\/#website","url":"https:\/\/lappis.org.br\/site\/","name":"Lappis 25 anos","description":"Labotat\u00f3rio de Pesquisas sobre Pr\u00e1ticas de Integralidade em Sa\u00fade","publisher":{"@id":"https:\/\/lappis.org.br\/site\/#organization"},"potentialAction":[{"@type":"SearchAction","target":{"@type":"EntryPoint","urlTemplate":"https:\/\/lappis.org.br\/site\/?s={search_term_string}"},"query-input":{"@type":"PropertyValueSpecification","valueRequired":true,"valueName":"search_term_string"}}],"inLanguage":"pt-BR"},{"@type":"Organization","@id":"https:\/\/lappis.org.br\/site\/#organization","name":"Lappis 25 anos","url":"https:\/\/lappis.org.br\/site\/","logo":{"@type":"ImageObject","inLanguage":"pt-BR","@id":"https:\/\/lappis.org.br\/site\/#\/schema\/logo\/image\/","url":"https:\/\/lappis.org.br\/site\/wp-content\/uploads\/2025\/03\/logo-lappis25anos.png","contentUrl":"https:\/\/lappis.org.br\/site\/wp-content\/uploads\/2025\/03\/logo-lappis25anos.png","width":388,"height":146,"caption":"Lappis 25 anos"},"image":{"@id":"https:\/\/lappis.org.br\/site\/#\/schema\/logo\/image\/"}},{"@type":"Person","@id":"https:\/\/lappis.org.br\/site\/#\/schema\/person\/3852381d08284b5e2716b20bd89bdbcf","name":"fw2","image":{"@type":"ImageObject","inLanguage":"pt-BR","@id":"https:\/\/lappis.org.br\/site\/#\/schema\/person\/image\/","url":"https:\/\/secure.gravatar.com\/avatar\/c38472c0cdbde82d9b6fcc26adb3779d?s=96&d=mm&r=g","contentUrl":"https:\/\/secure.gravatar.com\/avatar\/c38472c0cdbde82d9b6fcc26adb3779d?s=96&d=mm&r=g","caption":"fw2"},"url":"https:\/\/lappis.org.br\/site\/author\/fw2"}]}},"jetpack_featured_media_url":"https:\/\/lappis.org.br\/site\/wp-content\/uploads\/2008\/04\/mesa_Semin__rio_Sa__de_Urbana1.jpg","jetpack_shortlink":"https:\/\/wp.me\/p954Nh-Eh","jetpack_sharing_enabled":true,"_links":{"self":[{"href":"https:\/\/lappis.org.br\/site\/wp-json\/wp\/v2\/posts\/2497"}],"collection":[{"href":"https:\/\/lappis.org.br\/site\/wp-json\/wp\/v2\/posts"}],"about":[{"href":"https:\/\/lappis.org.br\/site\/wp-json\/wp\/v2\/types\/post"}],"author":[{"embeddable":true,"href":"https:\/\/lappis.org.br\/site\/wp-json\/wp\/v2\/users\/1"}],"replies":[{"embeddable":true,"href":"https:\/\/lappis.org.br\/site\/wp-json\/wp\/v2\/comments?post=2497"}],"version-history":[{"count":0,"href":"https:\/\/lappis.org.br\/site\/wp-json\/wp\/v2\/posts\/2497\/revisions"}],"wp:featuredmedia":[{"embeddable":true,"href":"https:\/\/lappis.org.br\/site\/wp-json\/wp\/v2\/media\/2494"}],"wp:attachment":[{"href":"https:\/\/lappis.org.br\/site\/wp-json\/wp\/v2\/media?parent=2497"}],"wp:term":[{"taxonomy":"category","embeddable":true,"href":"https:\/\/lappis.org.br\/site\/wp-json\/wp\/v2\/categories?post=2497"},{"taxonomy":"post_tag","embeddable":true,"href":"https:\/\/lappis.org.br\/site\/wp-json\/wp\/v2\/tags?post=2497"}],"curies":[{"name":"wp","href":"https:\/\/api.w.org\/{rel}","templated":true}]}}