{"id":2490,"date":"2008-03-24T03:00:00","date_gmt":"2008-03-24T06:00:00","guid":{"rendered":"http:\/\/lappis.org.br\/site\/2008\/03\/24\/ultimas-semanas-para-inscricoes-no-ii-forum-internacional-de-saude-coletiva-saude-mental-e-direitos-humanos\/"},"modified":"2008-03-24T03:00:00","modified_gmt":"2008-03-24T06:00:00","slug":"ultimas-semanas-para-inscricoes-no-ii-forum-internacional-de-saude-coletiva-saude-mental-e-direitos-humanos","status":"publish","type":"post","link":"https:\/\/lappis.org.br\/site\/ultimas-semanas-para-inscricoes-no-ii-forum-internacional-de-saude-coletiva-saude-mental-e-direitos-humanos\/2490","title":{"rendered":"\u00daltimas semanas para inscri\u00e7\u00f5es no II F\u00f3rum Internacional de Sa\u00fade Coletiva, Sa\u00fade Mental e Direitos Humanos"},"content":{"rendered":"<p>Est\u00e1 no ar o site do II F\u00f3rum Internacional de Sa\u00fade Coletiva, Sa\u00fade Mental e Direitos Humanos, evento que ser\u00e1 realizado de 22 a 25 de maio de 2008, na Universidade Estadual do Rio de Janeiro (UERJ). O evento prop\u00f5e a participa\u00e7\u00e3o de variados movimentos sociais dedicados \u00e0 quest\u00e3o dos direitos humanos, (especialmente dos usu\u00e1rios e familiares), profissionais da \u00e1rea de sa\u00fade, comunica\u00e7\u00e3o social, ci\u00eancias pol\u00edticas e sociais, sa\u00fade coletiva, entre outros, com o objetivo de promover a reflex\u00e3o cr\u00edtica dos diferentes saberes nos campos da Sa\u00fade Mental e dos Direitos Humanos, rediscutindo pr\u00e1ticas e lan\u00e7ando novas possibilidades de atua\u00e7\u00e3o. As inscri\u00e7\u00f5es est\u00e3o abertas e resumos de trabalhos podem ser submetidos at\u00e9 o pr\u00f3ximo dia <strong>15 de abril<\/strong>.   A proposta \u00e9 que o F\u00f3rum seja itinerante e que possa circular por v\u00e1rios pa\u00edses e envolver v\u00e1rios atores e experi\u00eancias a favor da solidariedade e inclus\u00e3o social das pessoas em sofrimento mental e de luta contra as mais variadas formas de opress\u00e3o e injusti\u00e7a.O \u00a0primeiro encontro ocorreu durante o <em>V Congresso Internacional de Sa\u00fade Mental e Direitos Humanos<\/em> promovido pela Universidad Popular Madres de Plaza de Mayo em novembro de 2006, na cidade de Buenos Aires. O Brasil foi escolhido para ser sede da segunda edi\u00e7\u00e3o do F\u00f3rum por sua tradi\u00e7\u00e3o em lutas desta natureza e por ter movimentos sociais fortes e atuantes &#8211; como o Movimento Nacional de L! uta Antimanicomial -, al\u00e9m de todo um processo constitucional e efetivo de participa\u00e7\u00e3o e controle social no \u00e2mbito do Sistema \u00danico de Sa\u00fade (SUS).<br \/> \u00a0<\/p>\n","protected":false},"excerpt":{"rendered":"<div class=\"mh-excerpt\"><p>Est\u00e1 no ar o site do II F\u00f3rum Internacional de Sa\u00fade Coletiva, Sa\u00fade Mental e Direitos Humanos, evento que ser\u00e1 realizado de 22 a 25 de maio de 2008, na Universidade Estadual do Rio de Janeiro (UERJ). O evento prop\u00f5e a participa\u00e7\u00e3o de variados movimentos sociais dedicados \u00e0 quest\u00e3o dos direitos humanos, (especialmente dos usu\u00e1rios e familiares), profissionais da \u00e1rea de sa\u00fade, comunica\u00e7\u00e3o social, ci\u00eancias pol\u00edticas e sociais, sa\u00fade coletiva, entre outros, com o objetivo de promover a reflex\u00e3o cr\u00edtica dos diferentes saberes nos campos da Sa\u00fade Mental e dos Direitos Humanos, rediscutindo pr\u00e1ticas e lan\u00e7ando novas possibilidades de atua\u00e7\u00e3o. As inscri\u00e7\u00f5es est\u00e3o abertas e resumos de trabalhos podem ser submetidos at\u00e9 o pr\u00f3ximo dia <strong>15 de abril<\/strong>.  <a class=\"mh-excerpt-more\" href=\"https:\/\/lappis.org.br\/site\/ultimas-semanas-para-inscricoes-no-ii-forum-internacional-de-saude-coletiva-saude-mental-e-direitos-humanos\/2490\" title=\"\u00daltimas semanas para inscri\u00e7\u00f5es no II F\u00f3rum Internacional de Sa\u00fade Coletiva, Sa\u00fade Mental e Direitos Humanos\">[&#8230;]<\/a><\/p>\n<\/div>","protected":false},"author":1,"featured_media":0,"comment_status":"open","ping_status":"open","sticky":false,"template":"","format":"standard","meta":{"_acf_changed":false,"_exactmetrics_skip_tracking":false,"_exactmetrics_sitenote_active":false,"_exactmetrics_sitenote_note":"","_exactmetrics_sitenote_category":0,"jetpack_post_was_ever_published":false,"_jetpack_newsletter_access":"","_jetpack_dont_email_post_to_subs":false,"_jetpack_newsletter_tier_id":0,"_jetpack_memberships_contains_paywalled_content":false,"_jetpack_memberships_contains_paid_content":false,"footnotes":"","jetpack_publicize_message":"","jetpack_publicize_feature_enabled":true,"jetpack_social_post_already_shared":false,"jetpack_social_options":{"image_generator_settings":{"template":"highway","enabled":false},"version":2}},"categories":[8],"tags":[],"class_list":{"0":"post-2490","1":"post","2":"type-post","3":"status-publish","4":"format-standard","6":"category-noticia"},"jetpack_publicize_connections":[],"acf":[],"yoast_head":"<!-- This site is optimized with the Yoast SEO plugin v25.2 - https:\/\/yoast.com\/wordpress\/plugins\/seo\/ -->\n<title>\u00daltimas semanas para inscri\u00e7\u00f5es no II F\u00f3rum Internacional de Sa\u00fade Coletiva, Sa\u00fade Mental e Direitos Humanos - Lappis 25 anos<\/title>\n<meta name=\"robots\" content=\"index, follow, max-snippet:-1, max-image-preview:large, max-video-preview:-1\" \/>\n<link rel=\"canonical\" href=\"https:\/\/lappis.org.br\/site\/ultimas-semanas-para-inscricoes-no-ii-forum-internacional-de-saude-coletiva-saude-mental-e-direitos-humanos\/2490\" \/>\n<meta property=\"og:locale\" content=\"pt_BR\" \/>\n<meta property=\"og:type\" content=\"article\" \/>\n<meta property=\"og:title\" content=\"\u00daltimas semanas para inscri\u00e7\u00f5es no II F\u00f3rum Internacional de Sa\u00fade Coletiva, Sa\u00fade Mental e Direitos Humanos - Lappis 25 anos\" \/>\n<meta property=\"og:description\" content=\"Est\u00e1 no ar o site do II F\u00f3rum Internacional de Sa\u00fade Coletiva, Sa\u00fade Mental e Direitos Humanos, evento que ser\u00e1 realizado de 22 a 25 de maio de 2008, na Universidade Estadual do Rio de Janeiro (UERJ). O evento prop\u00f5e a participa\u00e7\u00e3o de variados movimentos sociais dedicados \u00e0 quest\u00e3o dos direitos humanos, (especialmente dos usu\u00e1rios e familiares), profissionais da \u00e1rea de sa\u00fade, comunica\u00e7\u00e3o social, ci\u00eancias pol\u00edticas e sociais, sa\u00fade coletiva, entre outros, com o objetivo de promover a reflex\u00e3o cr\u00edtica dos diferentes saberes nos campos da Sa\u00fade Mental e dos Direitos Humanos, rediscutindo pr\u00e1ticas e lan\u00e7ando novas possibilidades de atua\u00e7\u00e3o. As inscri\u00e7\u00f5es est\u00e3o abertas e resumos de trabalhos podem ser submetidos at\u00e9 o pr\u00f3ximo dia 15 de abril. [...]\" \/>\n<meta property=\"og:url\" content=\"https:\/\/lappis.org.br\/site\/ultimas-semanas-para-inscricoes-no-ii-forum-internacional-de-saude-coletiva-saude-mental-e-direitos-humanos\/2490\" \/>\n<meta property=\"og:site_name\" content=\"Lappis 25 anos\" \/>\n<meta property=\"article:published_time\" content=\"2008-03-24T06:00:00+00:00\" \/>\n<meta name=\"author\" content=\"fw2\" \/>\n<meta name=\"twitter:card\" content=\"summary_large_image\" \/>\n<meta name=\"twitter:label1\" content=\"Escrito por\" \/>\n\t<meta name=\"twitter:data1\" content=\"fw2\" \/>\n\t<meta name=\"twitter:label2\" content=\"Est. tempo de leitura\" \/>\n\t<meta name=\"twitter:data2\" content=\"1 minuto\" \/>\n<script type=\"application\/ld+json\" class=\"yoast-schema-graph\">{\"@context\":\"https:\/\/schema.org\",\"@graph\":[{\"@type\":\"Article\",\"@id\":\"https:\/\/lappis.org.br\/site\/ultimas-semanas-para-inscricoes-no-ii-forum-internacional-de-saude-coletiva-saude-mental-e-direitos-humanos\/2490#article\",\"isPartOf\":{\"@id\":\"https:\/\/lappis.org.br\/site\/ultimas-semanas-para-inscricoes-no-ii-forum-internacional-de-saude-coletiva-saude-mental-e-direitos-humanos\/2490\"},\"author\":{\"name\":\"fw2\",\"@id\":\"https:\/\/lappis.org.br\/site\/#\/schema\/person\/3852381d08284b5e2716b20bd89bdbcf\"},\"headline\":\"\u00daltimas semanas para inscri\u00e7\u00f5es no II F\u00f3rum Internacional de Sa\u00fade Coletiva, Sa\u00fade Mental e Direitos Humanos\",\"datePublished\":\"2008-03-24T06:00:00+00:00\",\"mainEntityOfPage\":{\"@id\":\"https:\/\/lappis.org.br\/site\/ultimas-semanas-para-inscricoes-no-ii-forum-internacional-de-saude-coletiva-saude-mental-e-direitos-humanos\/2490\"},\"wordCount\":303,\"commentCount\":0,\"publisher\":{\"@id\":\"https:\/\/lappis.org.br\/site\/#organization\"},\"articleSection\":[\"Not\u00edcia\"],\"inLanguage\":\"pt-BR\",\"potentialAction\":[{\"@type\":\"CommentAction\",\"name\":\"Comment\",\"target\":[\"https:\/\/lappis.org.br\/site\/ultimas-semanas-para-inscricoes-no-ii-forum-internacional-de-saude-coletiva-saude-mental-e-direitos-humanos\/2490#respond\"]}]},{\"@type\":\"WebPage\",\"@id\":\"https:\/\/lappis.org.br\/site\/ultimas-semanas-para-inscricoes-no-ii-forum-internacional-de-saude-coletiva-saude-mental-e-direitos-humanos\/2490\",\"url\":\"https:\/\/lappis.org.br\/site\/ultimas-semanas-para-inscricoes-no-ii-forum-internacional-de-saude-coletiva-saude-mental-e-direitos-humanos\/2490\",\"name\":\"\u00daltimas semanas para inscri\u00e7\u00f5es no II F\u00f3rum Internacional de Sa\u00fade Coletiva, Sa\u00fade Mental e Direitos Humanos - Lappis 25 anos\",\"isPartOf\":{\"@id\":\"https:\/\/lappis.org.br\/site\/#website\"},\"datePublished\":\"2008-03-24T06:00:00+00:00\",\"breadcrumb\":{\"@id\":\"https:\/\/lappis.org.br\/site\/ultimas-semanas-para-inscricoes-no-ii-forum-internacional-de-saude-coletiva-saude-mental-e-direitos-humanos\/2490#breadcrumb\"},\"inLanguage\":\"pt-BR\",\"potentialAction\":[{\"@type\":\"ReadAction\",\"target\":[\"https:\/\/lappis.org.br\/site\/ultimas-semanas-para-inscricoes-no-ii-forum-internacional-de-saude-coletiva-saude-mental-e-direitos-humanos\/2490\"]}]},{\"@type\":\"BreadcrumbList\",\"@id\":\"https:\/\/lappis.org.br\/site\/ultimas-semanas-para-inscricoes-no-ii-forum-internacional-de-saude-coletiva-saude-mental-e-direitos-humanos\/2490#breadcrumb\",\"itemListElement\":[{\"@type\":\"ListItem\",\"position\":1,\"name\":\"In\u00edcio\",\"item\":\"https:\/\/lappis.org.br\/site\/\"},{\"@type\":\"ListItem\",\"position\":2,\"name\":\"\u00daltimas semanas para inscri\u00e7\u00f5es no II F\u00f3rum Internacional de Sa\u00fade Coletiva, Sa\u00fade Mental e Direitos Humanos\"}]},{\"@type\":\"WebSite\",\"@id\":\"https:\/\/lappis.org.br\/site\/#website\",\"url\":\"https:\/\/lappis.org.br\/site\/\",\"name\":\"Lappis 25 anos\",\"description\":\"Labotat\u00f3rio de Pesquisas sobre Pr\u00e1ticas de Integralidade em Sa\u00fade\",\"publisher\":{\"@id\":\"https:\/\/lappis.org.br\/site\/#organization\"},\"potentialAction\":[{\"@type\":\"SearchAction\",\"target\":{\"@type\":\"EntryPoint\",\"urlTemplate\":\"https:\/\/lappis.org.br\/site\/?s={search_term_string}\"},\"query-input\":{\"@type\":\"PropertyValueSpecification\",\"valueRequired\":true,\"valueName\":\"search_term_string\"}}],\"inLanguage\":\"pt-BR\"},{\"@type\":\"Organization\",\"@id\":\"https:\/\/lappis.org.br\/site\/#organization\",\"name\":\"Lappis 25 anos\",\"url\":\"https:\/\/lappis.org.br\/site\/\",\"logo\":{\"@type\":\"ImageObject\",\"inLanguage\":\"pt-BR\",\"@id\":\"https:\/\/lappis.org.br\/site\/#\/schema\/logo\/image\/\",\"url\":\"https:\/\/lappis.org.br\/site\/wp-content\/uploads\/2025\/03\/logo-lappis25anos.png\",\"contentUrl\":\"https:\/\/lappis.org.br\/site\/wp-content\/uploads\/2025\/03\/logo-lappis25anos.png\",\"width\":388,\"height\":146,\"caption\":\"Lappis 25 anos\"},\"image\":{\"@id\":\"https:\/\/lappis.org.br\/site\/#\/schema\/logo\/image\/\"}},{\"@type\":\"Person\",\"@id\":\"https:\/\/lappis.org.br\/site\/#\/schema\/person\/3852381d08284b5e2716b20bd89bdbcf\",\"name\":\"fw2\",\"image\":{\"@type\":\"ImageObject\",\"inLanguage\":\"pt-BR\",\"@id\":\"https:\/\/lappis.org.br\/site\/#\/schema\/person\/image\/\",\"url\":\"https:\/\/secure.gravatar.com\/avatar\/c38472c0cdbde82d9b6fcc26adb3779d?s=96&d=mm&r=g\",\"contentUrl\":\"https:\/\/secure.gravatar.com\/avatar\/c38472c0cdbde82d9b6fcc26adb3779d?s=96&d=mm&r=g\",\"caption\":\"fw2\"},\"url\":\"https:\/\/lappis.org.br\/site\/author\/fw2\"}]}<\/script>\n<!-- \/ Yoast SEO plugin. -->","yoast_head_json":{"title":"\u00daltimas semanas para inscri\u00e7\u00f5es no II F\u00f3rum Internacional de Sa\u00fade Coletiva, Sa\u00fade Mental e Direitos Humanos - Lappis 25 anos","robots":{"index":"index","follow":"follow","max-snippet":"max-snippet:-1","max-image-preview":"max-image-preview:large","max-video-preview":"max-video-preview:-1"},"canonical":"https:\/\/lappis.org.br\/site\/ultimas-semanas-para-inscricoes-no-ii-forum-internacional-de-saude-coletiva-saude-mental-e-direitos-humanos\/2490","og_locale":"pt_BR","og_type":"article","og_title":"\u00daltimas semanas para inscri\u00e7\u00f5es no II F\u00f3rum Internacional de Sa\u00fade Coletiva, Sa\u00fade Mental e Direitos Humanos - Lappis 25 anos","og_description":"Est\u00e1 no ar o site do II F\u00f3rum Internacional de Sa\u00fade Coletiva, Sa\u00fade Mental e Direitos Humanos, evento que ser\u00e1 realizado de 22 a 25 de maio de 2008, na Universidade Estadual do Rio de Janeiro (UERJ). O evento prop\u00f5e a participa\u00e7\u00e3o de variados movimentos sociais dedicados \u00e0 quest\u00e3o dos direitos humanos, (especialmente dos usu\u00e1rios e familiares), profissionais da \u00e1rea de sa\u00fade, comunica\u00e7\u00e3o social, ci\u00eancias pol\u00edticas e sociais, sa\u00fade coletiva, entre outros, com o objetivo de promover a reflex\u00e3o cr\u00edtica dos diferentes saberes nos campos da Sa\u00fade Mental e dos Direitos Humanos, rediscutindo pr\u00e1ticas e lan\u00e7ando novas possibilidades de atua\u00e7\u00e3o. As inscri\u00e7\u00f5es est\u00e3o abertas e resumos de trabalhos podem ser submetidos at\u00e9 o pr\u00f3ximo dia 15 de abril. [...]","og_url":"https:\/\/lappis.org.br\/site\/ultimas-semanas-para-inscricoes-no-ii-forum-internacional-de-saude-coletiva-saude-mental-e-direitos-humanos\/2490","og_site_name":"Lappis 25 anos","article_published_time":"2008-03-24T06:00:00+00:00","author":"fw2","twitter_card":"summary_large_image","twitter_misc":{"Escrito por":"fw2","Est. tempo de leitura":"1 minuto"},"schema":{"@context":"https:\/\/schema.org","@graph":[{"@type":"Article","@id":"https:\/\/lappis.org.br\/site\/ultimas-semanas-para-inscricoes-no-ii-forum-internacional-de-saude-coletiva-saude-mental-e-direitos-humanos\/2490#article","isPartOf":{"@id":"https:\/\/lappis.org.br\/site\/ultimas-semanas-para-inscricoes-no-ii-forum-internacional-de-saude-coletiva-saude-mental-e-direitos-humanos\/2490"},"author":{"name":"fw2","@id":"https:\/\/lappis.org.br\/site\/#\/schema\/person\/3852381d08284b5e2716b20bd89bdbcf"},"headline":"\u00daltimas semanas para inscri\u00e7\u00f5es no II F\u00f3rum Internacional de Sa\u00fade Coletiva, Sa\u00fade Mental e Direitos Humanos","datePublished":"2008-03-24T06:00:00+00:00","mainEntityOfPage":{"@id":"https:\/\/lappis.org.br\/site\/ultimas-semanas-para-inscricoes-no-ii-forum-internacional-de-saude-coletiva-saude-mental-e-direitos-humanos\/2490"},"wordCount":303,"commentCount":0,"publisher":{"@id":"https:\/\/lappis.org.br\/site\/#organization"},"articleSection":["Not\u00edcia"],"inLanguage":"pt-BR","potentialAction":[{"@type":"CommentAction","name":"Comment","target":["https:\/\/lappis.org.br\/site\/ultimas-semanas-para-inscricoes-no-ii-forum-internacional-de-saude-coletiva-saude-mental-e-direitos-humanos\/2490#respond"]}]},{"@type":"WebPage","@id":"https:\/\/lappis.org.br\/site\/ultimas-semanas-para-inscricoes-no-ii-forum-internacional-de-saude-coletiva-saude-mental-e-direitos-humanos\/2490","url":"https:\/\/lappis.org.br\/site\/ultimas-semanas-para-inscricoes-no-ii-forum-internacional-de-saude-coletiva-saude-mental-e-direitos-humanos\/2490","name":"\u00daltimas semanas para inscri\u00e7\u00f5es no II F\u00f3rum Internacional de Sa\u00fade Coletiva, Sa\u00fade Mental e Direitos Humanos - Lappis 25 anos","isPartOf":{"@id":"https:\/\/lappis.org.br\/site\/#website"},"datePublished":"2008-03-24T06:00:00+00:00","breadcrumb":{"@id":"https:\/\/lappis.org.br\/site\/ultimas-semanas-para-inscricoes-no-ii-forum-internacional-de-saude-coletiva-saude-mental-e-direitos-humanos\/2490#breadcrumb"},"inLanguage":"pt-BR","potentialAction":[{"@type":"ReadAction","target":["https:\/\/lappis.org.br\/site\/ultimas-semanas-para-inscricoes-no-ii-forum-internacional-de-saude-coletiva-saude-mental-e-direitos-humanos\/2490"]}]},{"@type":"BreadcrumbList","@id":"https:\/\/lappis.org.br\/site\/ultimas-semanas-para-inscricoes-no-ii-forum-internacional-de-saude-coletiva-saude-mental-e-direitos-humanos\/2490#breadcrumb","itemListElement":[{"@type":"ListItem","position":1,"name":"In\u00edcio","item":"https:\/\/lappis.org.br\/site\/"},{"@type":"ListItem","position":2,"name":"\u00daltimas semanas para inscri\u00e7\u00f5es no II F\u00f3rum Internacional de Sa\u00fade Coletiva, Sa\u00fade Mental e Direitos Humanos"}]},{"@type":"WebSite","@id":"https:\/\/lappis.org.br\/site\/#website","url":"https:\/\/lappis.org.br\/site\/","name":"Lappis 25 anos","description":"Labotat\u00f3rio de Pesquisas sobre Pr\u00e1ticas de Integralidade em Sa\u00fade","publisher":{"@id":"https:\/\/lappis.org.br\/site\/#organization"},"potentialAction":[{"@type":"SearchAction","target":{"@type":"EntryPoint","urlTemplate":"https:\/\/lappis.org.br\/site\/?s={search_term_string}"},"query-input":{"@type":"PropertyValueSpecification","valueRequired":true,"valueName":"search_term_string"}}],"inLanguage":"pt-BR"},{"@type":"Organization","@id":"https:\/\/lappis.org.br\/site\/#organization","name":"Lappis 25 anos","url":"https:\/\/lappis.org.br\/site\/","logo":{"@type":"ImageObject","inLanguage":"pt-BR","@id":"https:\/\/lappis.org.br\/site\/#\/schema\/logo\/image\/","url":"https:\/\/lappis.org.br\/site\/wp-content\/uploads\/2025\/03\/logo-lappis25anos.png","contentUrl":"https:\/\/lappis.org.br\/site\/wp-content\/uploads\/2025\/03\/logo-lappis25anos.png","width":388,"height":146,"caption":"Lappis 25 anos"},"image":{"@id":"https:\/\/lappis.org.br\/site\/#\/schema\/logo\/image\/"}},{"@type":"Person","@id":"https:\/\/lappis.org.br\/site\/#\/schema\/person\/3852381d08284b5e2716b20bd89bdbcf","name":"fw2","image":{"@type":"ImageObject","inLanguage":"pt-BR","@id":"https:\/\/lappis.org.br\/site\/#\/schema\/person\/image\/","url":"https:\/\/secure.gravatar.com\/avatar\/c38472c0cdbde82d9b6fcc26adb3779d?s=96&d=mm&r=g","contentUrl":"https:\/\/secure.gravatar.com\/avatar\/c38472c0cdbde82d9b6fcc26adb3779d?s=96&d=mm&r=g","caption":"fw2"},"url":"https:\/\/lappis.org.br\/site\/author\/fw2"}]}},"jetpack_featured_media_url":"","jetpack_shortlink":"https:\/\/wp.me\/p954Nh-Ea","jetpack_sharing_enabled":true,"_links":{"self":[{"href":"https:\/\/lappis.org.br\/site\/wp-json\/wp\/v2\/posts\/2490"}],"collection":[{"href":"https:\/\/lappis.org.br\/site\/wp-json\/wp\/v2\/posts"}],"about":[{"href":"https:\/\/lappis.org.br\/site\/wp-json\/wp\/v2\/types\/post"}],"author":[{"embeddable":true,"href":"https:\/\/lappis.org.br\/site\/wp-json\/wp\/v2\/users\/1"}],"replies":[{"embeddable":true,"href":"https:\/\/lappis.org.br\/site\/wp-json\/wp\/v2\/comments?post=2490"}],"version-history":[{"count":0,"href":"https:\/\/lappis.org.br\/site\/wp-json\/wp\/v2\/posts\/2490\/revisions"}],"wp:attachment":[{"href":"https:\/\/lappis.org.br\/site\/wp-json\/wp\/v2\/media?parent=2490"}],"wp:term":[{"taxonomy":"category","embeddable":true,"href":"https:\/\/lappis.org.br\/site\/wp-json\/wp\/v2\/categories?post=2490"},{"taxonomy":"post_tag","embeddable":true,"href":"https:\/\/lappis.org.br\/site\/wp-json\/wp\/v2\/tags?post=2490"}],"curies":[{"name":"wp","href":"https:\/\/api.w.org\/{rel}","templated":true}]}}