{"id":2488,"date":"2008-03-24T03:00:00","date_gmt":"2008-03-24T06:00:00","guid":{"rendered":"http:\/\/lappis.org.br\/site\/2008\/03\/24\/projeto-de-avaliacao-da-pos-graduacao-em-saude-coletiva-perspectivas-da-primeira-reuniao-e-a-importancia-da-pesquisa-por-maria-cecilia-minayo\/"},"modified":"2008-03-24T03:00:00","modified_gmt":"2008-03-24T06:00:00","slug":"projeto-de-avaliacao-da-pos-graduacao-em-saude-coletiva-perspectivas-da-primeira-reuniao-e-a-importancia-da-pesquisa-por-maria-cecilia-minayo","status":"publish","type":"post","link":"https:\/\/lappis.org.br\/site\/projeto-de-avaliacao-da-pos-graduacao-em-saude-coletiva-perspectivas-da-primeira-reuniao-e-a-importancia-da-pesquisa-por-maria-cecilia-minayo\/2488","title":{"rendered":"Projeto de Avalia\u00e7\u00e3o da P\u00f3s-Gradua\u00e7\u00e3o em Sa\u00fade Coletiva: perspectivas da primeira reuni\u00e3o e a import\u00e2ncia da pesquisa, por Maria Cec\u00edlia Minayo"},"content":{"rendered":"<p><em>Projeto de Avalia\u00e7\u00e3o da P\u00f3s-Gradua\u00e7\u00e3o em Sa\u00fade Coletiva: perspectivas da primeira reuni\u00e3o e a import\u00e2ncia da pesquisa, por Maria Cec\u00edlia Minayo<\/em>   \u00a0\u00a0 <\/p>\n<p style=\"text-align: justify;\"> \t<img fetchpriority=\"high\" decoding=\"async\" data-attachment-id=\"2486\" data-permalink=\"https:\/\/lappis.org.br\/site\/projeto-de-avaliacao-da-pos-graduacao-em-saude-coletiva-perspectivas-da-primeira-reuniao-e-a-importancia-da-pesquisa-por-maria-cecilia-minayo\/2488\/attachment-alt-381\" data-orig-file=\"https:\/\/lappis.org.br\/site\/wp-content\/uploads\/2008\/03\/projeto_sa__de_coletiva___reuni__o.jpg\" data-orig-size=\"467,350\" data-comments-opened=\"1\" data-image-meta=\"{&quot;aperture&quot;:&quot;0&quot;,&quot;credit&quot;:&quot;&quot;,&quot;camera&quot;:&quot;&quot;,&quot;caption&quot;:&quot;&quot;,&quot;created_timestamp&quot;:&quot;0&quot;,&quot;copyright&quot;:&quot;&quot;,&quot;focal_length&quot;:&quot;0&quot;,&quot;iso&quot;:&quot;0&quot;,&quot;shutter_speed&quot;:&quot;0&quot;,&quot;title&quot;:&quot;&quot;,&quot;orientation&quot;:&quot;0&quot;}\" data-image-title=\"alt\" data-image-description=\"\" data-image-caption=\"\" data-medium-file=\"https:\/\/lappis.org.br\/site\/wp-content\/uploads\/2008\/03\/projeto_sa__de_coletiva___reuni__o-300x225.jpg\" data-large-file=\"https:\/\/lappis.org.br\/site\/wp-content\/uploads\/2008\/03\/projeto_sa__de_coletiva___reuni__o.jpg\" class=\" alignleft size-full wp-image-2486\" alt=\"alt\" src=\"http:\/\/lappis.org.br\/site\/wp-content\/uploads\/2008\/03\/projeto_sa__de_coletiva___reuni__o.jpg\" style=\"margin: 5px; float: left;\" width=\"467\" height=\"350\" srcset=\"https:\/\/lappis.org.br\/site\/wp-content\/uploads\/2008\/03\/projeto_sa__de_coletiva___reuni__o.jpg 467w, https:\/\/lappis.org.br\/site\/wp-content\/uploads\/2008\/03\/projeto_sa__de_coletiva___reuni__o-300x225.jpg 300w\" sizes=\"(max-width: 467px) 100vw, 467px\" \/><em>Nos dias 11 e 12 de mar\u00e7o, foi realizada a primeira reuni\u00e3o do projeto <\/em><em>&ldquo;Avalia\u00e7\u00e3o da P\u00f3s-gradua\u00e7\u00e3o na \u00e1rea de Sa\u00fade Coletiva sob a perspectiva dos atores, da cultura, das tend\u00eancias e das v\u00e1rias formas de express\u00e3o acad\u00eamica&rdquo;, na Resid\u00eancia Oficial da Funda\u00e7\u00e3o Oswaldo Cruz (Fiocruz). O estudo \u00e9 coordenado pela Dra. Maria Cec\u00edlia Minayo, que explicou detalhes do projeto com exclusividade para o BoletIN. <\/em><br \/> \t\u00a0<br \/> \tA\u00a0primeira reuni\u00e3o do projeto &ldquo;Avalia\u00e7\u00e3o da P\u00f3s-gradua\u00e7\u00e3o na \u00e1rea de Sa\u00fade Coletiva sob a perspectiva dos atores, da cultura, das tend\u00eancias e das v\u00e1rias formas de express\u00e3o acad\u00eamica&rdquo; foi realizada nos dias 11 e 12 de mar\u00e7o, na Resid\u00eancia Oficial da Funda\u00e7\u00e3o Oswaldo Cruz (Fiocruz). Al\u00e9m da coordenadora do Projeto, Dra. Maria Cec\u00edlia Minayo, e da equipe de pesquisa, estiveram presentes no encontro o Presidente da <strong>ABRASCO<\/strong>, Jos\u00e9 da Rocha Carvalheiro, os vice-presidentes da associa\u00e7\u00e3o, Madel T. Luz, Paulo Gadelha e Luis Augusto Facchini, o secret\u00e1rio executivo da entidade, Alvaro Matida, o representante adjunto da \u00e1rea de Sa\u00fade Coletiva da Capes, Ricardo Ventura Santos, as coordenadoras do F\u00f3rum de Coordenadores de P\u00f3s-gradua\u00e7\u00e3o da \u00e1rea de Sa\u00fade Coletiva, Malu Bosi e Maria Novaes\u00a0e representantes de 28 programas.\u00a0<br \/> \t<img decoding=\"async\" data-attachment-id=\"2487\" data-permalink=\"https:\/\/lappis.org.br\/site\/projeto-de-avaliacao-da-pos-graduacao-em-saude-coletiva-perspectivas-da-primeira-reuniao-e-a-importancia-da-pesquisa-por-maria-cecilia-minayo\/2488\/attachment-alt-382\" data-orig-file=\"https:\/\/lappis.org.br\/site\/wp-content\/uploads\/2008\/03\/madel___jose_da_rocha_carvalheiro_e_maria_ceciliaminayo.jpg\" data-orig-size=\"454,298\" data-comments-opened=\"1\" data-image-meta=\"{&quot;aperture&quot;:&quot;0&quot;,&quot;credit&quot;:&quot;&quot;,&quot;camera&quot;:&quot;&quot;,&quot;caption&quot;:&quot;&quot;,&quot;created_timestamp&quot;:&quot;0&quot;,&quot;copyright&quot;:&quot;&quot;,&quot;focal_length&quot;:&quot;0&quot;,&quot;iso&quot;:&quot;0&quot;,&quot;shutter_speed&quot;:&quot;0&quot;,&quot;title&quot;:&quot;&quot;,&quot;orientation&quot;:&quot;0&quot;}\" data-image-title=\"alt\" data-image-description=\"\" data-image-caption=\"\" data-medium-file=\"https:\/\/lappis.org.br\/site\/wp-content\/uploads\/2008\/03\/madel___jose_da_rocha_carvalheiro_e_maria_ceciliaminayo-300x197.jpg\" data-large-file=\"https:\/\/lappis.org.br\/site\/wp-content\/uploads\/2008\/03\/madel___jose_da_rocha_carvalheiro_e_maria_ceciliaminayo.jpg\" class=\" alignright size-full wp-image-2487\" alt=\"alt\" src=\"http:\/\/lappis.org.br\/site\/wp-content\/uploads\/2008\/03\/madel___jose_da_rocha_carvalheiro_e_maria_ceciliaminayo.jpg\" style=\"margin: 5px; float: right;\" width=\"454\" height=\"298\" srcset=\"https:\/\/lappis.org.br\/site\/wp-content\/uploads\/2008\/03\/madel___jose_da_rocha_carvalheiro_e_maria_ceciliaminayo.jpg 454w, https:\/\/lappis.org.br\/site\/wp-content\/uploads\/2008\/03\/madel___jose_da_rocha_carvalheiro_e_maria_ceciliaminayo-300x197.jpg 300w\" sizes=\"(max-width: 454px) 100vw, 454px\" \/><\/p>\n<div style=\"text-align: justify;\"> \t\u00a0<\/div>\n<p style=\"text-align: justify;\"> \tAprovado no final do ano passado pelo Conselho Nacional de Desenvolvimento Cient\u00edfico e Tecnol\u00f3gico (CNPq), o projeto tem como objetivo promover uma avalia\u00e7\u00e3o da p\u00f3s-gradua\u00e7\u00e3o na \u00e1rea no per\u00edodo de 1997-2007, que seja complementar \u00e0 avalia\u00e7\u00e3o da Coordena\u00e7\u00e3o de Aperfei\u00e7oamento de Pessoal de N\u00edvel Superior (CAPES), e a abordagem de aspectos n\u00e3o-tratados por essa institui\u00e7\u00e3o, como a constitui\u00e7\u00e3o do campo e seu desenvolvimento pelos Cursos; origem da demanda; conte\u00fados espec\u00edficos; localiza\u00e7\u00e3o e atua\u00e7\u00e3o de egressos; qualifica\u00e7\u00e3o da produ\u00e7\u00e3o cient\u00edfica em suas v\u00e1rias formas de express\u00e3o e relev\u00e2ncia dos programas para o Sistema \u00danico de Sa\u00fade (SUS).\u00a0A pesquisa tem uma proposta colaborativa entre v\u00e1rios pesquisadores renomados da \u00e1rea, que mant\u00e9m o F\u00f3rum de Coordenadores de P\u00f3s-gradua\u00e7\u00e3o da \u00e1rea de Sa\u00fade Coletiva (ver Box). Idealizadora da id\u00e9ia e coordenadora da Avalia\u00e7\u00e3o, a Dra. Maria Cec\u00edlia Minayo, explicou o projeto com exclusividade ao <strong>BoletIN<\/strong>.<br \/> \t\u00a0<br \/> \t<strong>BoletIN<\/strong>: O tema do projeto \u00e9 &#8220;Avalia\u00e7\u00e3o da p\u00f3s-gradua\u00e7\u00e3o na \u00e1rea de Sa\u00fade Coletiva sob a perspectiva dos atores, da cultura, das tend\u00eancias e das v\u00e1rias formas de express\u00e3o acad\u00eamica&#8221;. De que forma se pretende conjugar todos os itens citados?\u00a0<\/p>\n<p> \t<strong>Maria Cec\u00edlia Minayo<\/strong>: Este projeto visa promover uma avalia\u00e7\u00e3o da P\u00f3s-Gradua\u00e7\u00e3o em Sa\u00fade Coletiva no per\u00edodo que compreende 1997 a 2007. Uma avalia\u00e7\u00e3o deste porte temporal e com tal n\u00edvel de abrang\u00eancia demanda o envolvimento de diferentes pesquisadores, de acordo com os objetos e suas especificidades. Neste sentido, o projeto original, debatido em um semin\u00e1rio realizado com pesquisadores s\u00eanior da \u00e1rea, ainda em outubro de 2007, definiu sete componentes fundamentais, com caracter\u00edsticas complementares \u00e0s avalia\u00e7\u00f5es feitas pela Capes. Tais aspectos constituem o escopo da ABRASCO enquanto\u00a0associa\u00e7\u00e3o que monitora, acompanha e promove o crescimento da p\u00f3s-gradua\u00e7\u00e3o da\u00a0\u00e1rea, do ponto de vista epistemol\u00f3gico, dos conte\u00fados da forma\u00e7\u00e3o e dos processos\u00a0de inova\u00e7\u00e3o para a implementa\u00e7\u00e3o do SUS.\u00a0 Nesse sentido, trabalharemos com sete subprojetos, cada qual com seu respectivo coordenador e equipe de pesquisa. S\u00e3o eles:\u00a01.\u00a0A Estrutura dos Programas e a Delimita\u00e7\u00e3o da \u00c1rea;\u00a02.\u00a0Perfil do Corpo Docente;\u00a03.\u00a0Perfil do Corpo Discente;\u00a04.\u00a0Perfil dos Egressos;\u00a05.\u00a0Produ\u00e7\u00e3o (Cient\u00edfica, Tecnol\u00f3gica e Inova\u00e7\u00e3o): dimens\u00f5es quantitativas;\u00a06.\u00a0Produ\u00e7\u00e3o (Cient\u00edfica, Tecnol\u00f3gica e Inova\u00e7\u00e3o): dimens\u00f5es qualitativas;\u00a07.\u00a0\u00a0Relev\u00e2ncia Social &ndash; Impacto N\u00e3o Bibliom\u00e9trico.\u00a0<br \/> \tOs temas escolhidos\u00a0foram exaustivamente discutidos e permitir\u00e3o\u00a0produzir um quadro comparativo com a avalia\u00e7\u00e3o ocorrida h\u00e1 dez anos. No entanto,\u00a0trar\u00e3o elementos novos a partir de algumas quest\u00f5es filos\u00f3ficas e de pol\u00edtica\u00a0t\u00e9cnico-cient\u00edfica que ser\u00e3o refer\u00eancias para as investiga\u00e7\u00f5es espec\u00edficas nos sub-temas. O impacto da P\u00f3s-Gradua\u00e7\u00e3o na constru\u00e7\u00e3o do SUS, a transforma\u00e7\u00e3o do\u00a0conhecimento em pr\u00e1ticas do Sistema, os desafios da forma\u00e7\u00e3o inter e\u00a0transdisciplinar, a apropria\u00e7\u00e3o dos avan\u00e7os do conhecimento biom\u00e9dico e\u00a0de novas linguagens metodol\u00f3gicas, a coopera\u00e7\u00e3o nacional e internacional e a\u00a0internacionaliza\u00e7\u00e3o da forma\u00e7\u00e3o e da produ\u00e7\u00e3o cient\u00edfica s\u00e3o\u00a0quest\u00f5es atuais que constituir\u00e3o balizas transversais para a an\u00e1lise.\u00a0<\/p>\n<p> \t<strong>BoletIN<\/strong>: Por que da escolha do per\u00edodo de 1997 a 2007? Houve alguma mudan\u00e7a espec\u00edfica entre esses anos?\u00a0<\/p>\n<p> \t<strong>Maria Cec\u00edlia Minayo<\/strong>: Tal delimita\u00e7\u00e3o temporal busca cobrir o per\u00edodo posterior \u00e0 primeira avalia\u00e7\u00e3o, dando seguimento \u00e0 mesma. Na verdade, esse \u00e9 um limite temporal que cada subprojeto cumprir\u00e1 levando em conta sua metodologia espec\u00edfica.\u00a0<\/p>\n<p> \t<strong>BoletIN<\/strong>: Qual a import\u00e2ncia da p\u00f3s-gradua\u00e7\u00e3o em Sa\u00fade Coletiva no Brasil atualmente?\u00a0<\/p>\n<p> \t<strong>Maria Cec\u00edlia Minayo<\/strong>: Muito poderia ser dito sobre essa contribui\u00e7\u00e3o. Mas podemos resumi-la\u00a0 em tr\u00eas aspectos sin\u00e9rgicos. Para a Ci\u00eancia e\u00a0a Tecnologia do Pa\u00eds, por exemplo, somos uma \u00e1rea dentro do amplo campo da medicina, com produ\u00e7\u00e3o espec\u00edfica, com gera\u00e7\u00e3o de tecnologias para o SUS; com v\u00e1rias revistas de circula\u00e7\u00e3o internacional; com programas de forma\u00e7\u00e3o de recursos humanos em alto n\u00edvel para o pa\u00eds, para alguns pa\u00edses da Am\u00e9rica Latina e da \u00c1frica; com inser\u00e7\u00e3o internacional por meio de nossas publica\u00e7\u00f5es, parcerias em pesquisa e\u00a0dos Congressos que realizamos. Hoje a \u00e1rea acad\u00eamica em Sa\u00fade Coletiva\u00a0 \u00e9 totalmente din\u00e2mica e bastante internacionalizada. Segundo Dr. Jos\u00e9 da Rocha Carvalheiro, Presidente da Abrasco, &ldquo;a pesquisa em nossa Grande \u00c1rea est\u00e1 definitivamente marcada na atualidade pela chamada &ldquo;transla\u00e7\u00e3o do conhecimento&rdquo; ou KT\u00a0(do ingl\u00eas Knowledge Translation). Simplificando, estamos sob a \u00e9gide da &ldquo;medicina translacional&rdquo;, tanto no \u00e2mbito da rela\u00e7\u00e3o de pesquisa biom\u00e9dica com a cl\u00ednica, quanto no da defini\u00e7\u00e3o de pol\u00edticas e do funcionamento dos servi\u00e7os. Nesse dom\u00ednio, a modernidade est\u00e1 impregnada da chamada &ldquo;medicina (ou sa\u00fade p\u00fablica) baseada em evid\u00eancias&rdquo; e, ent\u00e3o, a Sa\u00fade Coletiva assume sua fun\u00e7\u00e3o de maior relevo cient\u00edfico.<\/p>\n<p> \tO segundo aspecto \u00e9 para a Pol\u00edtica de Sa\u00fade &#8211;\u00a0n\u00e3o \u00e9 uma totalidade, mas boa\u00a0parte de\u00a0 todas as produ\u00e7\u00f5es da \u00e1rea apresentam subs\u00eddios para a formula\u00e7\u00e3o, a gest\u00e3o e a avalia\u00e7\u00e3o das Pol\u00edticas de Sa\u00fade. Nisso se incluem artigos, teses, produ\u00e7\u00f5es t\u00e9cnicas, consultorias e presen\u00e7a de pessoas da \u00e1rea em pontos chaves da gest\u00e3o do SUS.\u00a0<\/p>\n<p> \tFinalmente, para os servi\u00e7os de Sa\u00fade, o terceiro e \u00faltimo ponto.\u00a0Geralmente os estudos, tanto de contexto, como os epidemiol\u00f3gicos e os planejamentos realizados\u00a0na \u00e1rea tem viabilidade na pr\u00e1tica dos servi\u00e7os. Mas o papel mais importante dos Cursos de PG est\u00e1 na forma\u00e7\u00e3o de pessoal altamente qualificado que hoje est\u00e1 presente tanto nos postos de mando como na pr\u00e1tica local de gest\u00e3o e de atendimento do SUS. Devemos dizer que\u00a0a produ\u00e7\u00e3o de\u00a0dados concretos sobre o que foi discorrido aqui \u00e9 tarefa para nosso projeto de Avalia\u00e7\u00e3o.\u00a0<\/p>\n<p> \t<strong>BoletIN<\/strong>: Na sua opini\u00e3o, a quantas anda a qualidade dos cursos de p\u00f3s em Sa\u00fade Coletiva?\u00a0<\/p>\n<p> \t<strong>Maria Cec\u00edlia Minayo<\/strong>: A qualidade dos cursos \u00e9 atestada por um processo rigoros\u00edssimo de avalia\u00e7\u00e3o da CAPES que hoje tem credenciais\u00a0\u00a0de n\u00edvel internacional nessa \u00e1rea\u00a0de avalia\u00e7\u00e3o\u00a0cient\u00edfica.\u00a0Todos os\u00a0programas que est\u00e3o em funcionamento tiveram sua qualidade atestada.\u00a0<\/p>\n<p> \t<strong>BoletIN<\/strong>: Como avalia a primeira reuni\u00e3o do projeto, que aconteceu nos dias 11 e 12 de mar\u00e7o?\u00a0<\/p>\n<p> \t<strong>Maria Cec\u00edlia Minayo<\/strong>: Essa reuni\u00e3o teve dois objetivos cumpridos integralmente. O primeiro\u00a0era socializar\u00a0a proposta de avalia\u00e7\u00e3o com os coordenadores de p\u00f3s-gradua\u00e7\u00e3o e com o f\u00f3rum do qual fazem parte, legitimando assim a pesquisa de acordo com os interesses do grupo. O segundo, era discutir a metodologia do todo e das partes com a colabora\u00e7\u00e3o dos coordenadores que est\u00e3o na pr\u00e1tica e sabem onde as quest\u00f5es pegam. A reuni\u00e3o teve o comparecimento de 42 participantes e pode ser considerada muita bem sucedida. Como sempre ocorre com eventos desse porte, a tend\u00eancia dos presentes \u00e9 sempre pedir mais, propor novas quest\u00f5es e amplia\u00e7\u00f5es. N\u00f3s temos limites de tempo, de formula\u00e7\u00e3o e de financiamento para atender a todos as propostas. Combinamos com os coordenadores que, na medida do poss\u00edvel nos ajudem, propondo temas de disserta\u00e7\u00f5es e teses que complementem o j\u00e1 tra\u00e7ado e aprovado como projeto pelo CNPq e pela CAPES. Nosso interesse \u00e9 de n\u00e3o tolher as contribui\u00e7\u00f5es. Ao contr\u00e1rio, trabalhar com os v\u00e1rios atores e com as diversas possibilidades de aprofundar o campo em suas\u00a0rela\u00e7\u00f5es com o SUS.<\/p>\n<div style=\"text-align: justify;\"> \t<strong>Sobre o F\u00f3rum dos Coordenadores<\/strong><\/div>\n<div style=\"text-align: justify;\"> \t\u00a0<\/div>\n<div style=\"text-align: justify;\"> \tO F\u00f3rum dos Coordenadores de P\u00f3s-gradua\u00e7\u00e3o da \u00e1rea de Sa\u00fade Coletiva, institu\u00eddo pela ABRASCO em car\u00e1ter permanente no ano de 1997, re\u00fane coordenadores e adjuntos dos programas ligados \u00e0 \u00e1rea de sa\u00fade coletiva\/sa\u00fade p\u00fablica\/medicina preventiva. Face \u00e0 miss\u00e3o de apoiar e desenvolver a p\u00f3s-gradua\u00e7\u00e3o em Sa\u00fade Coletiva no Brasil, a ABRASCO liderou uma pesquisa avaliativa da \u00e1rea nos anos de 1995 e 1996, impulsionada pela necessidade, premente \u00e0 \u00e9poca, de reagir ao processo de organiza\u00e7\u00e3o do Comit\u00ea Assessor da \u00c1rea (CA) pelo CNPq no bi\u00eanio 1993-1994. Existia, nesse tempo, uma significativa predomin\u00e2ncia de cientistas das \u00e1reas b\u00e1sicas com doutores que possu\u00edam muito pouca ades\u00e3o e compreens\u00e3o do campo da Sa\u00fade Coletiva. Al\u00e9m disso, havia a necessidade de fazer um esfor\u00e7o de delimita\u00e7\u00e3o da \u00e1rea a fim de estabelecer os crit\u00e9rios de identifica\u00e7\u00e3o do campo, na busca de evitar a cria\u00e7\u00e3o de programas auto-intitulados de &#8220;Sa\u00fade Coletiva&#8221; que tinham na verdade pouca ou nenhuma rela\u00e7\u00e3o com a \u00e1rea.\u00a0<\/div>\n<div style=\"text-align: justify;\"> \t\u00a0<\/div>\n<div style=\"text-align: justify;\"> \tNesse sentido, decidiu-se partir para uma atua\u00e7\u00e3o diferenciada que marcasse sua posi\u00e7\u00e3o e lhe permitisse afirmar e reafirmar a identidade e a qualidade da produ\u00e7\u00e3o em Sa\u00fade Coletiva. Foi ent\u00e3o decidido fazer uma avalia\u00e7\u00e3o dos PPG, a partir das relev\u00e2ncias estabelecidas pela pr\u00f3pria Associa\u00e7\u00e3o, mas dentro dos par\u00e2metros cient\u00edficos do campo da avalia\u00e7\u00e3o de ci\u00eancia e tecnologia e levando em conta os crit\u00e9rios estabelecidos pela CAPES para avalia\u00e7\u00e3o de qualidade dos programas. A Associa\u00e7\u00e3o tentava vocalizar suas reivindica\u00e7\u00f5es, apoiada em dados e informa\u00e7\u00f5es valiosas, desmontando uma raz\u00e3o apenas instrumental e reducionista do campo de conhecimento em Sa\u00fade Coletiva.\u00a0<\/div>\n<div style=\"text-align: justify;\"> \t\u00a0<\/div>\n<div style=\"text-align: justify;\"> \tOs resultados dessa pesquisa foram objeto de um semin\u00e1rio amplo em que participaram todos os coordenadores dos programas, v\u00e1rios pesquisadores s\u00eaniors da \u00e1rea, representantes da Opas\/Washington e Opas\/Brasil, representantes das diretorias de Avalia\u00e7\u00e3o do CNPq e da Capes e consultores internacionais. Esse semin\u00e1rio focalizou os problemas assinalados pela investiga\u00e7\u00e3o, buscando encaminhar as quest\u00f5es mapeadas como sendo as mais cruciais: &#8220;ter ou n\u00e3o ter um n\u00facleo comum de disciplinas&#8221;; &#8220;qualidade dos cursos&#8221;; &#8220;pol\u00edtica de produ\u00e7\u00e3o e de divulga\u00e7\u00e3o cient\u00edfica&#8221;. (ver Ci\u00eancia &#038; Sa\u00fade Coletiva, II(1\/2), 1997)<\/div>\n<div style=\"text-align: justify;\"> \t\u00a0<\/div>\n<div style=\"text-align: justify;\"> \tUm dos mais importantes resultados do semin\u00e1rio, realizado em 1996, foi a decis\u00e3o da diretoria da ABRASCO de instituir, em car\u00e1ter permanente, o F\u00f3rum dos Coordenadores de Programas de P\u00f3s-Gradua\u00e7\u00e3o da \u00e1rea de Sa\u00fade Coletiva\/Sa\u00fade P\u00fablica\/Medicina Preventiva &ndash; o atual F\u00f3rum de Coordenadores de P\u00f3s-Gradua\u00e7\u00e3o em Sa\u00fade Coletiva. Esse coletivo come\u00e7ou a funcionar desde ent\u00e3o, constituindo-se num espa\u00e7o de socializa\u00e7\u00e3o, vocaliza\u00e7\u00e3o, tomada de decis\u00f5es coletivas e de di\u00e1logo com os representantes da \u00e1rea na Capes e no CNPq.<\/div>\n<div style=\"text-align: justify;\"> \t\u00a0<\/div>\n<div style=\"text-align: justify;\"> \tO coletivo dos Coordenadores de P\u00f3s-Gradua\u00e7\u00e3o tem cumprido a sua miss\u00e3o, permitindo a todos expressarem suas id\u00e9ias e reivindica\u00e7\u00f5es aos representantes na Capes e CNPq e se constitui, sobretudo, num l\u00f3cus de vocaliza\u00e7\u00e3o dos cursos mais novos e menos experientes.<\/div>\n<div style=\"text-align: justify;\"> \t\u00a0<\/div>\n<div> \t\u00a0<\/div>\n","protected":false},"excerpt":{"rendered":"<div class=\"mh-excerpt\"><p><em>Projeto de Avalia\u00e7\u00e3o da P\u00f3s-Gradua\u00e7\u00e3o em Sa\u00fade Coletiva: perspectivas da primeira reuni\u00e3o e a import\u00e2ncia da pesquisa, por Maria Cec\u00edlia Minayo<\/em>  <a class=\"mh-excerpt-more\" href=\"https:\/\/lappis.org.br\/site\/projeto-de-avaliacao-da-pos-graduacao-em-saude-coletiva-perspectivas-da-primeira-reuniao-e-a-importancia-da-pesquisa-por-maria-cecilia-minayo\/2488\" title=\"Projeto de Avalia\u00e7\u00e3o da P\u00f3s-Gradua\u00e7\u00e3o em Sa\u00fade Coletiva: perspectivas da primeira reuni\u00e3o e a import\u00e2ncia da pesquisa, por Maria Cec\u00edlia Minayo\">[&#8230;]<\/a><\/p>\n<\/div>","protected":false},"author":1,"featured_media":2485,"comment_status":"open","ping_status":"open","sticky":false,"template":"","format":"standard","meta":{"_acf_changed":false,"_exactmetrics_skip_tracking":false,"_exactmetrics_sitenote_active":false,"_exactmetrics_sitenote_note":"","_exactmetrics_sitenote_category":0,"jetpack_post_was_ever_published":false,"_jetpack_newsletter_access":"","_jetpack_dont_email_post_to_subs":false,"_jetpack_newsletter_tier_id":0,"_jetpack_memberships_contains_paywalled_content":false,"_jetpack_memberships_contains_paid_content":false,"footnotes":"","jetpack_publicize_message":"","jetpack_publicize_feature_enabled":true,"jetpack_social_post_already_shared":false,"jetpack_social_options":{"image_generator_settings":{"template":"highway","enabled":false},"version":2}},"categories":[8],"tags":[],"class_list":{"0":"post-2488","1":"post","2":"type-post","3":"status-publish","4":"format-standard","5":"has-post-thumbnail","7":"category-noticia"},"jetpack_publicize_connections":[],"acf":[],"yoast_head":"<!-- This site is optimized with the Yoast SEO plugin v25.2 - https:\/\/yoast.com\/wordpress\/plugins\/seo\/ -->\n<title>Projeto de Avalia\u00e7\u00e3o da P\u00f3s-Gradua\u00e7\u00e3o em Sa\u00fade Coletiva: perspectivas da primeira reuni\u00e3o e a import\u00e2ncia da pesquisa, por Maria Cec\u00edlia Minayo - Lappis 25 anos<\/title>\n<meta name=\"robots\" content=\"index, follow, max-snippet:-1, max-image-preview:large, max-video-preview:-1\" \/>\n<link rel=\"canonical\" href=\"https:\/\/lappis.org.br\/site\/projeto-de-avaliacao-da-pos-graduacao-em-saude-coletiva-perspectivas-da-primeira-reuniao-e-a-importancia-da-pesquisa-por-maria-cecilia-minayo\/2488\" \/>\n<meta property=\"og:locale\" content=\"pt_BR\" \/>\n<meta property=\"og:type\" content=\"article\" \/>\n<meta property=\"og:title\" content=\"Projeto de Avalia\u00e7\u00e3o da P\u00f3s-Gradua\u00e7\u00e3o em Sa\u00fade Coletiva: perspectivas da primeira reuni\u00e3o e a import\u00e2ncia da pesquisa, por Maria Cec\u00edlia Minayo - Lappis 25 anos\" \/>\n<meta property=\"og:description\" content=\"Projeto de Avalia\u00e7\u00e3o da P\u00f3s-Gradua\u00e7\u00e3o em Sa\u00fade Coletiva: perspectivas da primeira reuni\u00e3o e a import\u00e2ncia da pesquisa, por Maria Cec\u00edlia Minayo [...]\" \/>\n<meta property=\"og:url\" content=\"https:\/\/lappis.org.br\/site\/projeto-de-avaliacao-da-pos-graduacao-em-saude-coletiva-perspectivas-da-primeira-reuniao-e-a-importancia-da-pesquisa-por-maria-cecilia-minayo\/2488\" \/>\n<meta property=\"og:site_name\" content=\"Lappis 25 anos\" \/>\n<meta property=\"article:published_time\" content=\"2008-03-24T06:00:00+00:00\" \/>\n<meta property=\"og:image\" content=\"https:\/\/lappis.org.br\/site\/wp-content\/uploads\/2008\/03\/projeto_sa__de_coletiva___reuni__o.jpg\" \/>\n\t<meta property=\"og:image:width\" content=\"467\" \/>\n\t<meta property=\"og:image:height\" content=\"350\" \/>\n\t<meta property=\"og:image:type\" content=\"image\/jpeg\" \/>\n<meta name=\"author\" content=\"fw2\" \/>\n<meta name=\"twitter:card\" content=\"summary_large_image\" \/>\n<meta name=\"twitter:label1\" content=\"Escrito por\" \/>\n\t<meta name=\"twitter:data1\" content=\"fw2\" \/>\n\t<meta name=\"twitter:label2\" content=\"Est. tempo de leitura\" \/>\n\t<meta name=\"twitter:data2\" content=\"11 minutos\" \/>\n<script type=\"application\/ld+json\" class=\"yoast-schema-graph\">{\"@context\":\"https:\/\/schema.org\",\"@graph\":[{\"@type\":\"Article\",\"@id\":\"https:\/\/lappis.org.br\/site\/projeto-de-avaliacao-da-pos-graduacao-em-saude-coletiva-perspectivas-da-primeira-reuniao-e-a-importancia-da-pesquisa-por-maria-cecilia-minayo\/2488#article\",\"isPartOf\":{\"@id\":\"https:\/\/lappis.org.br\/site\/projeto-de-avaliacao-da-pos-graduacao-em-saude-coletiva-perspectivas-da-primeira-reuniao-e-a-importancia-da-pesquisa-por-maria-cecilia-minayo\/2488\"},\"author\":{\"name\":\"fw2\",\"@id\":\"https:\/\/lappis.org.br\/site\/#\/schema\/person\/3852381d08284b5e2716b20bd89bdbcf\"},\"headline\":\"Projeto de Avalia\u00e7\u00e3o da P\u00f3s-Gradua\u00e7\u00e3o em Sa\u00fade Coletiva: perspectivas da primeira reuni\u00e3o e a import\u00e2ncia da pesquisa, por Maria Cec\u00edlia Minayo\",\"datePublished\":\"2008-03-24T06:00:00+00:00\",\"mainEntityOfPage\":{\"@id\":\"https:\/\/lappis.org.br\/site\/projeto-de-avaliacao-da-pos-graduacao-em-saude-coletiva-perspectivas-da-primeira-reuniao-e-a-importancia-da-pesquisa-por-maria-cecilia-minayo\/2488\"},\"wordCount\":2153,\"commentCount\":0,\"publisher\":{\"@id\":\"https:\/\/lappis.org.br\/site\/#organization\"},\"image\":{\"@id\":\"https:\/\/lappis.org.br\/site\/projeto-de-avaliacao-da-pos-graduacao-em-saude-coletiva-perspectivas-da-primeira-reuniao-e-a-importancia-da-pesquisa-por-maria-cecilia-minayo\/2488#primaryimage\"},\"thumbnailUrl\":\"https:\/\/lappis.org.br\/site\/wp-content\/uploads\/2008\/03\/projeto_sa__de_coletiva___reuni__o.jpg\",\"articleSection\":[\"Not\u00edcia\"],\"inLanguage\":\"pt-BR\",\"potentialAction\":[{\"@type\":\"CommentAction\",\"name\":\"Comment\",\"target\":[\"https:\/\/lappis.org.br\/site\/projeto-de-avaliacao-da-pos-graduacao-em-saude-coletiva-perspectivas-da-primeira-reuniao-e-a-importancia-da-pesquisa-por-maria-cecilia-minayo\/2488#respond\"]}]},{\"@type\":\"WebPage\",\"@id\":\"https:\/\/lappis.org.br\/site\/projeto-de-avaliacao-da-pos-graduacao-em-saude-coletiva-perspectivas-da-primeira-reuniao-e-a-importancia-da-pesquisa-por-maria-cecilia-minayo\/2488\",\"url\":\"https:\/\/lappis.org.br\/site\/projeto-de-avaliacao-da-pos-graduacao-em-saude-coletiva-perspectivas-da-primeira-reuniao-e-a-importancia-da-pesquisa-por-maria-cecilia-minayo\/2488\",\"name\":\"Projeto de Avalia\u00e7\u00e3o da P\u00f3s-Gradua\u00e7\u00e3o em Sa\u00fade Coletiva: perspectivas da primeira reuni\u00e3o e a import\u00e2ncia da pesquisa, por Maria Cec\u00edlia Minayo - Lappis 25 anos\",\"isPartOf\":{\"@id\":\"https:\/\/lappis.org.br\/site\/#website\"},\"primaryImageOfPage\":{\"@id\":\"https:\/\/lappis.org.br\/site\/projeto-de-avaliacao-da-pos-graduacao-em-saude-coletiva-perspectivas-da-primeira-reuniao-e-a-importancia-da-pesquisa-por-maria-cecilia-minayo\/2488#primaryimage\"},\"image\":{\"@id\":\"https:\/\/lappis.org.br\/site\/projeto-de-avaliacao-da-pos-graduacao-em-saude-coletiva-perspectivas-da-primeira-reuniao-e-a-importancia-da-pesquisa-por-maria-cecilia-minayo\/2488#primaryimage\"},\"thumbnailUrl\":\"https:\/\/lappis.org.br\/site\/wp-content\/uploads\/2008\/03\/projeto_sa__de_coletiva___reuni__o.jpg\",\"datePublished\":\"2008-03-24T06:00:00+00:00\",\"breadcrumb\":{\"@id\":\"https:\/\/lappis.org.br\/site\/projeto-de-avaliacao-da-pos-graduacao-em-saude-coletiva-perspectivas-da-primeira-reuniao-e-a-importancia-da-pesquisa-por-maria-cecilia-minayo\/2488#breadcrumb\"},\"inLanguage\":\"pt-BR\",\"potentialAction\":[{\"@type\":\"ReadAction\",\"target\":[\"https:\/\/lappis.org.br\/site\/projeto-de-avaliacao-da-pos-graduacao-em-saude-coletiva-perspectivas-da-primeira-reuniao-e-a-importancia-da-pesquisa-por-maria-cecilia-minayo\/2488\"]}]},{\"@type\":\"ImageObject\",\"inLanguage\":\"pt-BR\",\"@id\":\"https:\/\/lappis.org.br\/site\/projeto-de-avaliacao-da-pos-graduacao-em-saude-coletiva-perspectivas-da-primeira-reuniao-e-a-importancia-da-pesquisa-por-maria-cecilia-minayo\/2488#primaryimage\",\"url\":\"https:\/\/lappis.org.br\/site\/wp-content\/uploads\/2008\/03\/projeto_sa__de_coletiva___reuni__o.jpg\",\"contentUrl\":\"https:\/\/lappis.org.br\/site\/wp-content\/uploads\/2008\/03\/projeto_sa__de_coletiva___reuni__o.jpg\",\"width\":467,\"height\":350,\"caption\":\"alt\"},{\"@type\":\"BreadcrumbList\",\"@id\":\"https:\/\/lappis.org.br\/site\/projeto-de-avaliacao-da-pos-graduacao-em-saude-coletiva-perspectivas-da-primeira-reuniao-e-a-importancia-da-pesquisa-por-maria-cecilia-minayo\/2488#breadcrumb\",\"itemListElement\":[{\"@type\":\"ListItem\",\"position\":1,\"name\":\"In\u00edcio\",\"item\":\"https:\/\/lappis.org.br\/site\/\"},{\"@type\":\"ListItem\",\"position\":2,\"name\":\"Projeto de Avalia\u00e7\u00e3o da P\u00f3s-Gradua\u00e7\u00e3o em Sa\u00fade Coletiva: perspectivas da primeira reuni\u00e3o e a import\u00e2ncia da pesquisa, por Maria Cec\u00edlia Minayo\"}]},{\"@type\":\"WebSite\",\"@id\":\"https:\/\/lappis.org.br\/site\/#website\",\"url\":\"https:\/\/lappis.org.br\/site\/\",\"name\":\"Lappis 25 anos\",\"description\":\"Labotat\u00f3rio de Pesquisas sobre Pr\u00e1ticas de Integralidade em Sa\u00fade\",\"publisher\":{\"@id\":\"https:\/\/lappis.org.br\/site\/#organization\"},\"potentialAction\":[{\"@type\":\"SearchAction\",\"target\":{\"@type\":\"EntryPoint\",\"urlTemplate\":\"https:\/\/lappis.org.br\/site\/?s={search_term_string}\"},\"query-input\":{\"@type\":\"PropertyValueSpecification\",\"valueRequired\":true,\"valueName\":\"search_term_string\"}}],\"inLanguage\":\"pt-BR\"},{\"@type\":\"Organization\",\"@id\":\"https:\/\/lappis.org.br\/site\/#organization\",\"name\":\"Lappis 25 anos\",\"url\":\"https:\/\/lappis.org.br\/site\/\",\"logo\":{\"@type\":\"ImageObject\",\"inLanguage\":\"pt-BR\",\"@id\":\"https:\/\/lappis.org.br\/site\/#\/schema\/logo\/image\/\",\"url\":\"https:\/\/lappis.org.br\/site\/wp-content\/uploads\/2025\/03\/logo-lappis25anos.png\",\"contentUrl\":\"https:\/\/lappis.org.br\/site\/wp-content\/uploads\/2025\/03\/logo-lappis25anos.png\",\"width\":388,\"height\":146,\"caption\":\"Lappis 25 anos\"},\"image\":{\"@id\":\"https:\/\/lappis.org.br\/site\/#\/schema\/logo\/image\/\"}},{\"@type\":\"Person\",\"@id\":\"https:\/\/lappis.org.br\/site\/#\/schema\/person\/3852381d08284b5e2716b20bd89bdbcf\",\"name\":\"fw2\",\"image\":{\"@type\":\"ImageObject\",\"inLanguage\":\"pt-BR\",\"@id\":\"https:\/\/lappis.org.br\/site\/#\/schema\/person\/image\/\",\"url\":\"https:\/\/secure.gravatar.com\/avatar\/c38472c0cdbde82d9b6fcc26adb3779d?s=96&d=mm&r=g\",\"contentUrl\":\"https:\/\/secure.gravatar.com\/avatar\/c38472c0cdbde82d9b6fcc26adb3779d?s=96&d=mm&r=g\",\"caption\":\"fw2\"},\"url\":\"https:\/\/lappis.org.br\/site\/author\/fw2\"}]}<\/script>\n<!-- \/ Yoast SEO plugin. -->","yoast_head_json":{"title":"Projeto de Avalia\u00e7\u00e3o da P\u00f3s-Gradua\u00e7\u00e3o em Sa\u00fade Coletiva: perspectivas da primeira reuni\u00e3o e a import\u00e2ncia da pesquisa, por Maria Cec\u00edlia Minayo - Lappis 25 anos","robots":{"index":"index","follow":"follow","max-snippet":"max-snippet:-1","max-image-preview":"max-image-preview:large","max-video-preview":"max-video-preview:-1"},"canonical":"https:\/\/lappis.org.br\/site\/projeto-de-avaliacao-da-pos-graduacao-em-saude-coletiva-perspectivas-da-primeira-reuniao-e-a-importancia-da-pesquisa-por-maria-cecilia-minayo\/2488","og_locale":"pt_BR","og_type":"article","og_title":"Projeto de Avalia\u00e7\u00e3o da P\u00f3s-Gradua\u00e7\u00e3o em Sa\u00fade Coletiva: perspectivas da primeira reuni\u00e3o e a import\u00e2ncia da pesquisa, por Maria Cec\u00edlia Minayo - Lappis 25 anos","og_description":"Projeto de Avalia\u00e7\u00e3o da P\u00f3s-Gradua\u00e7\u00e3o em Sa\u00fade Coletiva: perspectivas da primeira reuni\u00e3o e a import\u00e2ncia da pesquisa, por Maria Cec\u00edlia Minayo [...]","og_url":"https:\/\/lappis.org.br\/site\/projeto-de-avaliacao-da-pos-graduacao-em-saude-coletiva-perspectivas-da-primeira-reuniao-e-a-importancia-da-pesquisa-por-maria-cecilia-minayo\/2488","og_site_name":"Lappis 25 anos","article_published_time":"2008-03-24T06:00:00+00:00","og_image":[{"width":467,"height":350,"url":"https:\/\/lappis.org.br\/site\/wp-content\/uploads\/2008\/03\/projeto_sa__de_coletiva___reuni__o.jpg","type":"image\/jpeg"}],"author":"fw2","twitter_card":"summary_large_image","twitter_misc":{"Escrito por":"fw2","Est. tempo de leitura":"11 minutos"},"schema":{"@context":"https:\/\/schema.org","@graph":[{"@type":"Article","@id":"https:\/\/lappis.org.br\/site\/projeto-de-avaliacao-da-pos-graduacao-em-saude-coletiva-perspectivas-da-primeira-reuniao-e-a-importancia-da-pesquisa-por-maria-cecilia-minayo\/2488#article","isPartOf":{"@id":"https:\/\/lappis.org.br\/site\/projeto-de-avaliacao-da-pos-graduacao-em-saude-coletiva-perspectivas-da-primeira-reuniao-e-a-importancia-da-pesquisa-por-maria-cecilia-minayo\/2488"},"author":{"name":"fw2","@id":"https:\/\/lappis.org.br\/site\/#\/schema\/person\/3852381d08284b5e2716b20bd89bdbcf"},"headline":"Projeto de Avalia\u00e7\u00e3o da P\u00f3s-Gradua\u00e7\u00e3o em Sa\u00fade Coletiva: perspectivas da primeira reuni\u00e3o e a import\u00e2ncia da pesquisa, por Maria Cec\u00edlia Minayo","datePublished":"2008-03-24T06:00:00+00:00","mainEntityOfPage":{"@id":"https:\/\/lappis.org.br\/site\/projeto-de-avaliacao-da-pos-graduacao-em-saude-coletiva-perspectivas-da-primeira-reuniao-e-a-importancia-da-pesquisa-por-maria-cecilia-minayo\/2488"},"wordCount":2153,"commentCount":0,"publisher":{"@id":"https:\/\/lappis.org.br\/site\/#organization"},"image":{"@id":"https:\/\/lappis.org.br\/site\/projeto-de-avaliacao-da-pos-graduacao-em-saude-coletiva-perspectivas-da-primeira-reuniao-e-a-importancia-da-pesquisa-por-maria-cecilia-minayo\/2488#primaryimage"},"thumbnailUrl":"https:\/\/lappis.org.br\/site\/wp-content\/uploads\/2008\/03\/projeto_sa__de_coletiva___reuni__o.jpg","articleSection":["Not\u00edcia"],"inLanguage":"pt-BR","potentialAction":[{"@type":"CommentAction","name":"Comment","target":["https:\/\/lappis.org.br\/site\/projeto-de-avaliacao-da-pos-graduacao-em-saude-coletiva-perspectivas-da-primeira-reuniao-e-a-importancia-da-pesquisa-por-maria-cecilia-minayo\/2488#respond"]}]},{"@type":"WebPage","@id":"https:\/\/lappis.org.br\/site\/projeto-de-avaliacao-da-pos-graduacao-em-saude-coletiva-perspectivas-da-primeira-reuniao-e-a-importancia-da-pesquisa-por-maria-cecilia-minayo\/2488","url":"https:\/\/lappis.org.br\/site\/projeto-de-avaliacao-da-pos-graduacao-em-saude-coletiva-perspectivas-da-primeira-reuniao-e-a-importancia-da-pesquisa-por-maria-cecilia-minayo\/2488","name":"Projeto de Avalia\u00e7\u00e3o da P\u00f3s-Gradua\u00e7\u00e3o em Sa\u00fade Coletiva: perspectivas da primeira reuni\u00e3o e a import\u00e2ncia da pesquisa, por Maria Cec\u00edlia Minayo - Lappis 25 anos","isPartOf":{"@id":"https:\/\/lappis.org.br\/site\/#website"},"primaryImageOfPage":{"@id":"https:\/\/lappis.org.br\/site\/projeto-de-avaliacao-da-pos-graduacao-em-saude-coletiva-perspectivas-da-primeira-reuniao-e-a-importancia-da-pesquisa-por-maria-cecilia-minayo\/2488#primaryimage"},"image":{"@id":"https:\/\/lappis.org.br\/site\/projeto-de-avaliacao-da-pos-graduacao-em-saude-coletiva-perspectivas-da-primeira-reuniao-e-a-importancia-da-pesquisa-por-maria-cecilia-minayo\/2488#primaryimage"},"thumbnailUrl":"https:\/\/lappis.org.br\/site\/wp-content\/uploads\/2008\/03\/projeto_sa__de_coletiva___reuni__o.jpg","datePublished":"2008-03-24T06:00:00+00:00","breadcrumb":{"@id":"https:\/\/lappis.org.br\/site\/projeto-de-avaliacao-da-pos-graduacao-em-saude-coletiva-perspectivas-da-primeira-reuniao-e-a-importancia-da-pesquisa-por-maria-cecilia-minayo\/2488#breadcrumb"},"inLanguage":"pt-BR","potentialAction":[{"@type":"ReadAction","target":["https:\/\/lappis.org.br\/site\/projeto-de-avaliacao-da-pos-graduacao-em-saude-coletiva-perspectivas-da-primeira-reuniao-e-a-importancia-da-pesquisa-por-maria-cecilia-minayo\/2488"]}]},{"@type":"ImageObject","inLanguage":"pt-BR","@id":"https:\/\/lappis.org.br\/site\/projeto-de-avaliacao-da-pos-graduacao-em-saude-coletiva-perspectivas-da-primeira-reuniao-e-a-importancia-da-pesquisa-por-maria-cecilia-minayo\/2488#primaryimage","url":"https:\/\/lappis.org.br\/site\/wp-content\/uploads\/2008\/03\/projeto_sa__de_coletiva___reuni__o.jpg","contentUrl":"https:\/\/lappis.org.br\/site\/wp-content\/uploads\/2008\/03\/projeto_sa__de_coletiva___reuni__o.jpg","width":467,"height":350,"caption":"alt"},{"@type":"BreadcrumbList","@id":"https:\/\/lappis.org.br\/site\/projeto-de-avaliacao-da-pos-graduacao-em-saude-coletiva-perspectivas-da-primeira-reuniao-e-a-importancia-da-pesquisa-por-maria-cecilia-minayo\/2488#breadcrumb","itemListElement":[{"@type":"ListItem","position":1,"name":"In\u00edcio","item":"https:\/\/lappis.org.br\/site\/"},{"@type":"ListItem","position":2,"name":"Projeto de Avalia\u00e7\u00e3o da P\u00f3s-Gradua\u00e7\u00e3o em Sa\u00fade Coletiva: perspectivas da primeira reuni\u00e3o e a import\u00e2ncia da pesquisa, por Maria Cec\u00edlia Minayo"}]},{"@type":"WebSite","@id":"https:\/\/lappis.org.br\/site\/#website","url":"https:\/\/lappis.org.br\/site\/","name":"Lappis 25 anos","description":"Labotat\u00f3rio de Pesquisas sobre Pr\u00e1ticas de Integralidade em Sa\u00fade","publisher":{"@id":"https:\/\/lappis.org.br\/site\/#organization"},"potentialAction":[{"@type":"SearchAction","target":{"@type":"EntryPoint","urlTemplate":"https:\/\/lappis.org.br\/site\/?s={search_term_string}"},"query-input":{"@type":"PropertyValueSpecification","valueRequired":true,"valueName":"search_term_string"}}],"inLanguage":"pt-BR"},{"@type":"Organization","@id":"https:\/\/lappis.org.br\/site\/#organization","name":"Lappis 25 anos","url":"https:\/\/lappis.org.br\/site\/","logo":{"@type":"ImageObject","inLanguage":"pt-BR","@id":"https:\/\/lappis.org.br\/site\/#\/schema\/logo\/image\/","url":"https:\/\/lappis.org.br\/site\/wp-content\/uploads\/2025\/03\/logo-lappis25anos.png","contentUrl":"https:\/\/lappis.org.br\/site\/wp-content\/uploads\/2025\/03\/logo-lappis25anos.png","width":388,"height":146,"caption":"Lappis 25 anos"},"image":{"@id":"https:\/\/lappis.org.br\/site\/#\/schema\/logo\/image\/"}},{"@type":"Person","@id":"https:\/\/lappis.org.br\/site\/#\/schema\/person\/3852381d08284b5e2716b20bd89bdbcf","name":"fw2","image":{"@type":"ImageObject","inLanguage":"pt-BR","@id":"https:\/\/lappis.org.br\/site\/#\/schema\/person\/image\/","url":"https:\/\/secure.gravatar.com\/avatar\/c38472c0cdbde82d9b6fcc26adb3779d?s=96&d=mm&r=g","contentUrl":"https:\/\/secure.gravatar.com\/avatar\/c38472c0cdbde82d9b6fcc26adb3779d?s=96&d=mm&r=g","caption":"fw2"},"url":"https:\/\/lappis.org.br\/site\/author\/fw2"}]}},"jetpack_featured_media_url":"https:\/\/lappis.org.br\/site\/wp-content\/uploads\/2008\/03\/projeto_sa__de_coletiva___reuni__o.jpg","jetpack_shortlink":"https:\/\/wp.me\/p954Nh-E8","jetpack_sharing_enabled":true,"_links":{"self":[{"href":"https:\/\/lappis.org.br\/site\/wp-json\/wp\/v2\/posts\/2488"}],"collection":[{"href":"https:\/\/lappis.org.br\/site\/wp-json\/wp\/v2\/posts"}],"about":[{"href":"https:\/\/lappis.org.br\/site\/wp-json\/wp\/v2\/types\/post"}],"author":[{"embeddable":true,"href":"https:\/\/lappis.org.br\/site\/wp-json\/wp\/v2\/users\/1"}],"replies":[{"embeddable":true,"href":"https:\/\/lappis.org.br\/site\/wp-json\/wp\/v2\/comments?post=2488"}],"version-history":[{"count":0,"href":"https:\/\/lappis.org.br\/site\/wp-json\/wp\/v2\/posts\/2488\/revisions"}],"wp:featuredmedia":[{"embeddable":true,"href":"https:\/\/lappis.org.br\/site\/wp-json\/wp\/v2\/media\/2485"}],"wp:attachment":[{"href":"https:\/\/lappis.org.br\/site\/wp-json\/wp\/v2\/media?parent=2488"}],"wp:term":[{"taxonomy":"category","embeddable":true,"href":"https:\/\/lappis.org.br\/site\/wp-json\/wp\/v2\/categories?post=2488"},{"taxonomy":"post_tag","embeddable":true,"href":"https:\/\/lappis.org.br\/site\/wp-json\/wp\/v2\/tags?post=2488"}],"curies":[{"name":"wp","href":"https:\/\/api.w.org\/{rel}","templated":true}]}}