{"id":2484,"date":"2008-03-24T03:00:00","date_gmt":"2008-03-24T06:00:00","guid":{"rendered":"http:\/\/lappis.org.br\/site\/2008\/03\/24\/o-pac-saude-favorece-a-integralidade\/"},"modified":"2008-03-24T03:00:00","modified_gmt":"2008-03-24T06:00:00","slug":"o-pac-saude-favorece-a-integralidade","status":"publish","type":"post","link":"https:\/\/lappis.org.br\/site\/o-pac-saude-favorece-a-integralidade\/2484","title":{"rendered":"O PAC Sa\u00fade favorece a integralidade"},"content":{"rendered":"<p style=\"text-align: center;\"> \t<em>Em entrevista exclusiva ao <strong>BoletIN<\/strong>, o professor Ruben Mattos comenta a implementa\u00e7\u00e3o do PAC Sa\u00fade, iniciativa que considera fundamental para a garantia do Direito \u00e0 Sa\u00fade e \u00e0 Integralidade.<\/em><\/p>\n<p style=\"text-align: justify;\"> \tO Programa Mais Sa\u00fade, uma iniciativa com metas fundamentais para melhorar a gest\u00e3o, reduzir filas em hospitais, criar uma rede de prote\u00e7\u00e3o \u00e0 fam\u00edlia, crian\u00e7as, homens e idosos, foi lan\u00e7ado pelo governo federal no \u00faltimo dia 5 de mar\u00e7o. Conhecido tamb\u00e9m como PAC da Sa\u00fade, a estrat\u00e9gia prev\u00ea investimentos de R$ 88,6 bilh\u00f5es em quatro anos.<br \/> \t\u00a0<br \/> \tTamanho investimento \u00e9 visto com otimismo pelo professor do Instituto de Medicina Social (IMS\/UERJ) Ruben Mattos. Para ele, o PAC Sa\u00fade n\u00e3o beneficia apenas os usu\u00e1rios: o crescimento econ\u00f4mico do setor aumenta a gera\u00e7\u00e3o de empregos. &ldquo;A id\u00e9ia do PAC est\u00e1 centrada em uma vis\u00e3o geral do setor sa\u00fade, que \u00e9 muito importante. \u00c9 uma id\u00e9ia de atividade econ\u00f4mica de grande relev\u00e2ncia. Em primeiro lugar, porque \u00e9 um setor intensivo em m\u00e3o de obra e, sendo assim, \u00e9 um meio cujo crescimento se coloca numa perspectiva de produ\u00e7\u00e3o de empregos&rdquo;, afirma. &ldquo;Depois, porque esses empregos se colocam predominantemente em profissionais com remunera\u00e7\u00f5es n\u00e3o muito altas. Basta ver, por exemplo, o significado dos agentes comunit\u00e1rios, e que o PAC vai gerar um processo de crescimento do setor que implica uma melhoria de condi\u00e7\u00e3o de vida de muitas pessoas&rdquo;.<br \/> \t\u00a0<br \/> \tDisseminar a quest\u00e3o para al\u00e9m do conceito literal de sa\u00fade torna-se uma an\u00e1lise fundamental. &ldquo;Nesse sentido, o PAC \u00e9 ainda mais v\u00e1lido, porque tamb\u00e9m lida com insumos que, se produzidos no Brasil, geram empregos. Chamar esse aspecto da dimens\u00e3o econ\u00f4mica no setor e de um padr\u00e3o de crescimento \u00e9 muito favor\u00e1vel na redu\u00e7\u00e3o da desigualdade, diferente de outros setores da economia que s\u00e3o intensivos, utilizam m\u00e3o-de-obra escassa e t\u00eam um crescimento que n\u00e3o repercute no conjunto da sociedade&rdquo;, afirma o tamb\u00e9m coordenador adjunto do LAPPIS. &ldquo;Pensar o desenvolvimento das a\u00e7\u00f5es de sa\u00fade e a amplia\u00e7\u00e3o do setor, inclusive na quest\u00e3o financeira, deixa de ser visto como gasto e passa a ser visto numa perspectiva de investimento no processo de crescimento econ\u00f4mico e desenvolvimento no Brasil&rdquo;.<br \/> \t\u00a0<br \/> \tMattos acredita que o setor precisa crescer para a garantia do direito \u00e0 Sa\u00fade. &ldquo;Essa \u00e9 uma marca importante na id\u00e9ia de trabalhar o PAC: tematizar pol\u00edticas sociais que produzam mudan\u00e7as na vida de comunidades carentes, por exemplo&rdquo;, disse. Do ponto de vista conceitual, significa que o PAC Sa\u00fade se coloca como um conjunto de propostas de interven\u00e7\u00e3o sobre um complexo m\u00e9dico-assistencial, o que \u00e9 na verdade um termo designado (no passado) para dar conta dessas rela\u00e7\u00f5es econ\u00f4micas entre o servi\u00e7o de sa\u00fade &#8211; insumos &#8211; atua\u00e7\u00e3o do Estado. &ldquo;Antes, isso era visto como um elemento cr\u00edtico porque os rumos que se dava \u00e0 pol\u00edtica estatal desse complexo era para favorecer o setor privado e n\u00e3o garantir o Direito. A perspectiva inovadora que tem no PAC \u00e9 da utiliza\u00e7\u00e3o de interven\u00e7\u00f5es nesse complexo no sentido de garantir o Direito, o que \u00e9 um dado novo e muito positivo para o desenvolvimento do projeto&rdquo;.<br \/> \t\u00a0<br \/> \tO desenho do PAC est\u00e1 tematizando uma s\u00e9rie de pol\u00edticas, n\u00e3o apenas sociais, que j\u00e1 vinham sendo tratadas e que s\u00e3o intensificadas e redimensionadas no sentido de um projeto mais abrangente para o desenvolvimento no setor sa\u00fade. Para Ruben Mattos, essa premissa amplia as possibilidades. &ldquo;Tenho uma leitura bastante otimista do PAC, mas o projeto precisa estar ligado tamb\u00e9m ao potencial do desenvolvimento maior das a\u00e7\u00f5es de humaniza\u00e7\u00f5es e da produ\u00e7\u00e3o de integralidade na sa\u00fade. \u00c9 claro que essas a\u00e7\u00f5es colocadas no PAC precisam ser acompanhadas de uma especial aten\u00e7\u00e3o sobre as rela\u00e7\u00f5es dos profissionais com os usu\u00e1rios do servi\u00e7o de sa\u00fade. Mas, de qualquer forma, existe a abertura um potencial de acelera\u00e7\u00e3o dessas transforma\u00e7\u00f5es&rdquo;, comenta Ruben, que acredita que a iniciativa &ldquo;desenha um cen\u00e1rio favor\u00e1vel para o aprimoramento da integralidade&rdquo;. &ldquo;Se o setor for mais trabalhado e possuir mais recursos, permitir\u00e1 se coloque \u00e0 disposi\u00e7\u00e3o pr\u00e1ticas que respondam de uma maneira ampla \u00e0s necessidades das pessoas&rdquo;.<br \/> \t\u00a0<br \/> \t<strong>Entenda o Programa &#8211; <\/strong>O Mais Sa\u00fade foi desenhado de forma a abranger a complexidade do setor. S\u00e3o quatro pilares estrat\u00e9gicos:<\/p>\n<p> \t1) Promo\u00e7\u00e3o e aten\u00e7\u00e3o &#8211; envolve a\u00e7\u00f5es de sa\u00fade para toda a fam\u00edlia, desde a gesta\u00e7\u00e3o at\u00e9 os idosos;<\/p>\n<p> \t2) Gest\u00e3o, trabalho e controle social &#8211; qualifica os profissionais e gestores, forma recursos humanos para o Sistema \u00danico de Sa\u00fade (SUS) e garante instrumentos para o controle social e fiscaliza\u00e7\u00e3o dos recursos.<\/p>\n<p> \t3) Amplia\u00e7\u00e3o do acesso com qualidade &#8211; reestrutura a rede, cria novos servi\u00e7os, amplia e integra a cobertura no SUS;<\/p>\n<p> \t4) Desenvolvimento e Inova\u00e7\u00e3o em Sa\u00fade &#8211; trata a sa\u00fade como um importante setor de desenvolvimento nacional, na produ\u00e7\u00e3o, renda e emprego.<br \/> \t\u00a0<br \/> \tSaiba mais sobre o programa <a href=\"http:\/\/bvsms.saude.gov.br\/bvs\/pacsaude\/\">http:\/\/bvsms.saude.gov.br\/bvs\/pacsaude\/<\/a><\/p>\n","protected":false},"excerpt":{"rendered":"<div class=\"mh-excerpt\"><p style=\"text-align: center;\"> \t<em>Em entrevista exclusiva ao <strong>BoletIN<\/strong>, o professor Ruben Mattos comenta a implementa\u00e7\u00e3o do PAC Sa\u00fade, iniciativa que considera fundamental para a garantia do Direito \u00e0 Sa\u00fade e \u00e0 Integralidade.<\/em><\/p>\n<p>  <a class=\"mh-excerpt-more\" href=\"https:\/\/lappis.org.br\/site\/o-pac-saude-favorece-a-integralidade\/2484\" title=\"O PAC Sa\u00fade favorece a integralidade\">[&#8230;]<\/a><\/p>\n<\/div>","protected":false},"author":1,"featured_media":0,"comment_status":"open","ping_status":"open","sticky":false,"template":"","format":"standard","meta":{"_acf_changed":false,"_exactmetrics_skip_tracking":false,"_exactmetrics_sitenote_active":false,"_exactmetrics_sitenote_note":"","_exactmetrics_sitenote_category":0,"jetpack_post_was_ever_published":false,"_jetpack_newsletter_access":"","_jetpack_dont_email_post_to_subs":false,"_jetpack_newsletter_tier_id":0,"_jetpack_memberships_contains_paywalled_content":false,"_jetpack_memberships_contains_paid_content":false,"footnotes":"","jetpack_publicize_message":"","jetpack_publicize_feature_enabled":true,"jetpack_social_post_already_shared":false,"jetpack_social_options":{"image_generator_settings":{"template":"highway","enabled":false},"version":2}},"categories":[8],"tags":[],"class_list":{"0":"post-2484","1":"post","2":"type-post","3":"status-publish","4":"format-standard","6":"category-noticia"},"jetpack_publicize_connections":[],"acf":[],"yoast_head":"<!-- This site is optimized with the Yoast SEO plugin v25.2 - https:\/\/yoast.com\/wordpress\/plugins\/seo\/ -->\n<title>O PAC Sa\u00fade favorece a integralidade - Lappis 25 anos<\/title>\n<meta name=\"robots\" content=\"index, follow, max-snippet:-1, max-image-preview:large, max-video-preview:-1\" \/>\n<link rel=\"canonical\" href=\"https:\/\/lappis.org.br\/site\/o-pac-saude-favorece-a-integralidade\/2484\" \/>\n<meta property=\"og:locale\" content=\"pt_BR\" \/>\n<meta property=\"og:type\" content=\"article\" \/>\n<meta property=\"og:title\" content=\"O PAC Sa\u00fade favorece a integralidade - Lappis 25 anos\" \/>\n<meta property=\"og:description\" content=\"Em entrevista exclusiva ao BoletIN, o professor Ruben Mattos comenta a implementa\u00e7\u00e3o do PAC Sa\u00fade, iniciativa que considera fundamental para a garantia do Direito \u00e0 Sa\u00fade e \u00e0 Integralidade. [...]\" \/>\n<meta property=\"og:url\" content=\"https:\/\/lappis.org.br\/site\/o-pac-saude-favorece-a-integralidade\/2484\" \/>\n<meta property=\"og:site_name\" content=\"Lappis 25 anos\" \/>\n<meta property=\"article:published_time\" content=\"2008-03-24T06:00:00+00:00\" \/>\n<meta name=\"author\" content=\"fw2\" \/>\n<meta name=\"twitter:card\" content=\"summary_large_image\" \/>\n<meta name=\"twitter:label1\" content=\"Escrito por\" \/>\n\t<meta name=\"twitter:data1\" content=\"fw2\" \/>\n\t<meta name=\"twitter:label2\" content=\"Est. tempo de leitura\" \/>\n\t<meta name=\"twitter:data2\" content=\"4 minutos\" \/>\n<script type=\"application\/ld+json\" class=\"yoast-schema-graph\">{\"@context\":\"https:\/\/schema.org\",\"@graph\":[{\"@type\":\"Article\",\"@id\":\"https:\/\/lappis.org.br\/site\/o-pac-saude-favorece-a-integralidade\/2484#article\",\"isPartOf\":{\"@id\":\"https:\/\/lappis.org.br\/site\/o-pac-saude-favorece-a-integralidade\/2484\"},\"author\":{\"name\":\"fw2\",\"@id\":\"https:\/\/lappis.org.br\/site\/#\/schema\/person\/3852381d08284b5e2716b20bd89bdbcf\"},\"headline\":\"O PAC Sa\u00fade favorece a integralidade\",\"datePublished\":\"2008-03-24T06:00:00+00:00\",\"mainEntityOfPage\":{\"@id\":\"https:\/\/lappis.org.br\/site\/o-pac-saude-favorece-a-integralidade\/2484\"},\"wordCount\":895,\"commentCount\":0,\"publisher\":{\"@id\":\"https:\/\/lappis.org.br\/site\/#organization\"},\"articleSection\":[\"Not\u00edcia\"],\"inLanguage\":\"pt-BR\",\"potentialAction\":[{\"@type\":\"CommentAction\",\"name\":\"Comment\",\"target\":[\"https:\/\/lappis.org.br\/site\/o-pac-saude-favorece-a-integralidade\/2484#respond\"]}]},{\"@type\":\"WebPage\",\"@id\":\"https:\/\/lappis.org.br\/site\/o-pac-saude-favorece-a-integralidade\/2484\",\"url\":\"https:\/\/lappis.org.br\/site\/o-pac-saude-favorece-a-integralidade\/2484\",\"name\":\"O PAC Sa\u00fade favorece a integralidade - Lappis 25 anos\",\"isPartOf\":{\"@id\":\"https:\/\/lappis.org.br\/site\/#website\"},\"datePublished\":\"2008-03-24T06:00:00+00:00\",\"breadcrumb\":{\"@id\":\"https:\/\/lappis.org.br\/site\/o-pac-saude-favorece-a-integralidade\/2484#breadcrumb\"},\"inLanguage\":\"pt-BR\",\"potentialAction\":[{\"@type\":\"ReadAction\",\"target\":[\"https:\/\/lappis.org.br\/site\/o-pac-saude-favorece-a-integralidade\/2484\"]}]},{\"@type\":\"BreadcrumbList\",\"@id\":\"https:\/\/lappis.org.br\/site\/o-pac-saude-favorece-a-integralidade\/2484#breadcrumb\",\"itemListElement\":[{\"@type\":\"ListItem\",\"position\":1,\"name\":\"In\u00edcio\",\"item\":\"https:\/\/lappis.org.br\/site\/\"},{\"@type\":\"ListItem\",\"position\":2,\"name\":\"O PAC Sa\u00fade favorece a integralidade\"}]},{\"@type\":\"WebSite\",\"@id\":\"https:\/\/lappis.org.br\/site\/#website\",\"url\":\"https:\/\/lappis.org.br\/site\/\",\"name\":\"Lappis 25 anos\",\"description\":\"Labotat\u00f3rio de Pesquisas sobre Pr\u00e1ticas de Integralidade em Sa\u00fade\",\"publisher\":{\"@id\":\"https:\/\/lappis.org.br\/site\/#organization\"},\"potentialAction\":[{\"@type\":\"SearchAction\",\"target\":{\"@type\":\"EntryPoint\",\"urlTemplate\":\"https:\/\/lappis.org.br\/site\/?s={search_term_string}\"},\"query-input\":{\"@type\":\"PropertyValueSpecification\",\"valueRequired\":true,\"valueName\":\"search_term_string\"}}],\"inLanguage\":\"pt-BR\"},{\"@type\":\"Organization\",\"@id\":\"https:\/\/lappis.org.br\/site\/#organization\",\"name\":\"Lappis 25 anos\",\"url\":\"https:\/\/lappis.org.br\/site\/\",\"logo\":{\"@type\":\"ImageObject\",\"inLanguage\":\"pt-BR\",\"@id\":\"https:\/\/lappis.org.br\/site\/#\/schema\/logo\/image\/\",\"url\":\"https:\/\/lappis.org.br\/site\/wp-content\/uploads\/2025\/03\/logo-lappis25anos.png\",\"contentUrl\":\"https:\/\/lappis.org.br\/site\/wp-content\/uploads\/2025\/03\/logo-lappis25anos.png\",\"width\":388,\"height\":146,\"caption\":\"Lappis 25 anos\"},\"image\":{\"@id\":\"https:\/\/lappis.org.br\/site\/#\/schema\/logo\/image\/\"}},{\"@type\":\"Person\",\"@id\":\"https:\/\/lappis.org.br\/site\/#\/schema\/person\/3852381d08284b5e2716b20bd89bdbcf\",\"name\":\"fw2\",\"image\":{\"@type\":\"ImageObject\",\"inLanguage\":\"pt-BR\",\"@id\":\"https:\/\/lappis.org.br\/site\/#\/schema\/person\/image\/\",\"url\":\"https:\/\/secure.gravatar.com\/avatar\/c38472c0cdbde82d9b6fcc26adb3779d?s=96&d=mm&r=g\",\"contentUrl\":\"https:\/\/secure.gravatar.com\/avatar\/c38472c0cdbde82d9b6fcc26adb3779d?s=96&d=mm&r=g\",\"caption\":\"fw2\"},\"url\":\"https:\/\/lappis.org.br\/site\/author\/fw2\"}]}<\/script>\n<!-- \/ Yoast SEO plugin. -->","yoast_head_json":{"title":"O PAC Sa\u00fade favorece a integralidade - Lappis 25 anos","robots":{"index":"index","follow":"follow","max-snippet":"max-snippet:-1","max-image-preview":"max-image-preview:large","max-video-preview":"max-video-preview:-1"},"canonical":"https:\/\/lappis.org.br\/site\/o-pac-saude-favorece-a-integralidade\/2484","og_locale":"pt_BR","og_type":"article","og_title":"O PAC Sa\u00fade favorece a integralidade - Lappis 25 anos","og_description":"Em entrevista exclusiva ao BoletIN, o professor Ruben Mattos comenta a implementa\u00e7\u00e3o do PAC Sa\u00fade, iniciativa que considera fundamental para a garantia do Direito \u00e0 Sa\u00fade e \u00e0 Integralidade. [...]","og_url":"https:\/\/lappis.org.br\/site\/o-pac-saude-favorece-a-integralidade\/2484","og_site_name":"Lappis 25 anos","article_published_time":"2008-03-24T06:00:00+00:00","author":"fw2","twitter_card":"summary_large_image","twitter_misc":{"Escrito por":"fw2","Est. tempo de leitura":"4 minutos"},"schema":{"@context":"https:\/\/schema.org","@graph":[{"@type":"Article","@id":"https:\/\/lappis.org.br\/site\/o-pac-saude-favorece-a-integralidade\/2484#article","isPartOf":{"@id":"https:\/\/lappis.org.br\/site\/o-pac-saude-favorece-a-integralidade\/2484"},"author":{"name":"fw2","@id":"https:\/\/lappis.org.br\/site\/#\/schema\/person\/3852381d08284b5e2716b20bd89bdbcf"},"headline":"O PAC Sa\u00fade favorece a integralidade","datePublished":"2008-03-24T06:00:00+00:00","mainEntityOfPage":{"@id":"https:\/\/lappis.org.br\/site\/o-pac-saude-favorece-a-integralidade\/2484"},"wordCount":895,"commentCount":0,"publisher":{"@id":"https:\/\/lappis.org.br\/site\/#organization"},"articleSection":["Not\u00edcia"],"inLanguage":"pt-BR","potentialAction":[{"@type":"CommentAction","name":"Comment","target":["https:\/\/lappis.org.br\/site\/o-pac-saude-favorece-a-integralidade\/2484#respond"]}]},{"@type":"WebPage","@id":"https:\/\/lappis.org.br\/site\/o-pac-saude-favorece-a-integralidade\/2484","url":"https:\/\/lappis.org.br\/site\/o-pac-saude-favorece-a-integralidade\/2484","name":"O PAC Sa\u00fade favorece a integralidade - Lappis 25 anos","isPartOf":{"@id":"https:\/\/lappis.org.br\/site\/#website"},"datePublished":"2008-03-24T06:00:00+00:00","breadcrumb":{"@id":"https:\/\/lappis.org.br\/site\/o-pac-saude-favorece-a-integralidade\/2484#breadcrumb"},"inLanguage":"pt-BR","potentialAction":[{"@type":"ReadAction","target":["https:\/\/lappis.org.br\/site\/o-pac-saude-favorece-a-integralidade\/2484"]}]},{"@type":"BreadcrumbList","@id":"https:\/\/lappis.org.br\/site\/o-pac-saude-favorece-a-integralidade\/2484#breadcrumb","itemListElement":[{"@type":"ListItem","position":1,"name":"In\u00edcio","item":"https:\/\/lappis.org.br\/site\/"},{"@type":"ListItem","position":2,"name":"O PAC Sa\u00fade favorece a integralidade"}]},{"@type":"WebSite","@id":"https:\/\/lappis.org.br\/site\/#website","url":"https:\/\/lappis.org.br\/site\/","name":"Lappis 25 anos","description":"Labotat\u00f3rio de Pesquisas sobre Pr\u00e1ticas de Integralidade em Sa\u00fade","publisher":{"@id":"https:\/\/lappis.org.br\/site\/#organization"},"potentialAction":[{"@type":"SearchAction","target":{"@type":"EntryPoint","urlTemplate":"https:\/\/lappis.org.br\/site\/?s={search_term_string}"},"query-input":{"@type":"PropertyValueSpecification","valueRequired":true,"valueName":"search_term_string"}}],"inLanguage":"pt-BR"},{"@type":"Organization","@id":"https:\/\/lappis.org.br\/site\/#organization","name":"Lappis 25 anos","url":"https:\/\/lappis.org.br\/site\/","logo":{"@type":"ImageObject","inLanguage":"pt-BR","@id":"https:\/\/lappis.org.br\/site\/#\/schema\/logo\/image\/","url":"https:\/\/lappis.org.br\/site\/wp-content\/uploads\/2025\/03\/logo-lappis25anos.png","contentUrl":"https:\/\/lappis.org.br\/site\/wp-content\/uploads\/2025\/03\/logo-lappis25anos.png","width":388,"height":146,"caption":"Lappis 25 anos"},"image":{"@id":"https:\/\/lappis.org.br\/site\/#\/schema\/logo\/image\/"}},{"@type":"Person","@id":"https:\/\/lappis.org.br\/site\/#\/schema\/person\/3852381d08284b5e2716b20bd89bdbcf","name":"fw2","image":{"@type":"ImageObject","inLanguage":"pt-BR","@id":"https:\/\/lappis.org.br\/site\/#\/schema\/person\/image\/","url":"https:\/\/secure.gravatar.com\/avatar\/c38472c0cdbde82d9b6fcc26adb3779d?s=96&d=mm&r=g","contentUrl":"https:\/\/secure.gravatar.com\/avatar\/c38472c0cdbde82d9b6fcc26adb3779d?s=96&d=mm&r=g","caption":"fw2"},"url":"https:\/\/lappis.org.br\/site\/author\/fw2"}]}},"jetpack_featured_media_url":"","jetpack_shortlink":"https:\/\/wp.me\/p954Nh-E4","jetpack_sharing_enabled":true,"_links":{"self":[{"href":"https:\/\/lappis.org.br\/site\/wp-json\/wp\/v2\/posts\/2484"}],"collection":[{"href":"https:\/\/lappis.org.br\/site\/wp-json\/wp\/v2\/posts"}],"about":[{"href":"https:\/\/lappis.org.br\/site\/wp-json\/wp\/v2\/types\/post"}],"author":[{"embeddable":true,"href":"https:\/\/lappis.org.br\/site\/wp-json\/wp\/v2\/users\/1"}],"replies":[{"embeddable":true,"href":"https:\/\/lappis.org.br\/site\/wp-json\/wp\/v2\/comments?post=2484"}],"version-history":[{"count":0,"href":"https:\/\/lappis.org.br\/site\/wp-json\/wp\/v2\/posts\/2484\/revisions"}],"wp:attachment":[{"href":"https:\/\/lappis.org.br\/site\/wp-json\/wp\/v2\/media?parent=2484"}],"wp:term":[{"taxonomy":"category","embeddable":true,"href":"https:\/\/lappis.org.br\/site\/wp-json\/wp\/v2\/categories?post=2484"},{"taxonomy":"post_tag","embeddable":true,"href":"https:\/\/lappis.org.br\/site\/wp-json\/wp\/v2\/tags?post=2484"}],"curies":[{"name":"wp","href":"https:\/\/api.w.org\/{rel}","templated":true}]}}