{"id":2483,"date":"2008-03-10T03:00:00","date_gmt":"2008-03-10T06:00:00","guid":{"rendered":"http:\/\/lappis.org.br\/site\/2008\/03\/10\/epsvj-lanca-colecao-de-livros-sobre-educacao-profissional-e-docencia-em-saude\/"},"modified":"2008-03-10T03:00:00","modified_gmt":"2008-03-10T06:00:00","slug":"epsvj-lanca-colecao-de-livros-sobre-educacao-profissional-e-docencia-em-saude","status":"publish","type":"post","link":"https:\/\/lappis.org.br\/site\/epsvj-lanca-colecao-de-livros-sobre-educacao-profissional-e-docencia-em-saude\/2483","title":{"rendered":"EPSVJ lan\u00e7a cole\u00e7\u00e3o de livros sobre Educa\u00e7\u00e3o Profissional e Doc\u00eancia em Sa\u00fade"},"content":{"rendered":"<p style=\"text-align: justify;\"> \tA Escola Polit\u00e9cnica de Sa\u00fade Joaquim Ven\u00e2ncio (EPSJV\/Fiocruz) lan\u00e7a, no dia 14 de mar\u00e7o, \u00e0s 16h30, a Cole\u00e7\u00e3o &ldquo;Educa\u00e7\u00e3o Profissional e Doc\u00eancia em Sa\u00fade: a forma\u00e7\u00e3o e o trabalho do agente comunit\u00e1rio de sa\u00fade&rdquo;, composta por seis livros.<\/p>\n<p style=\"text-align: justify;\"> \tAs publica\u00e7\u00f5es s\u00e3o voltadas para os docentes do Curso T\u00e9cnico de Agentes Comunit\u00e1rios de Sa\u00fade (ACS), com textos de refer\u00eancia para aqueles que se dedicam \u00e0 educa\u00e7\u00e3o desses trabalhadores. O projeto foi desenvolvido pela Escola Polit\u00e9cnica de Sa\u00fade Joaquim Ven\u00e2ncio da Funda\u00e7\u00e3o Oswaldo Cruz (EPSJV\/Fiocruz) e realizado com a participa\u00e7\u00e3o de Escolas T\u00e9cnicas do Sistema \u00danico de Sa\u00fade (Etsus) das tr\u00eas macrorregi\u00f5es geoecon\u00f4micas do pa\u00eds (Nordeste, Amaz\u00f4nia e Centro-Sul), tendo contado com o apoio do PDTSP\/Fiocruz.<\/p>\n<p> \tOs t\u00edtulos selecionados foram&ldquo;<strong>O Territ\u00f3rio e o Processo Sa\u00fade-Doen\u00e7a<\/strong>&rdquo; (org: Ang\u00e9licaFonseca e Anamaria Corbo);&ldquo;<strong>Sociedade, Estado e Direito \u00e0 Sa\u00fade<\/strong>&rdquo; (org: M\u00e1rcia Val\u00e9ria Morosini e Jos\u00e9 Roberto Reis);&ldquo;<strong>Pol\u00edticas de Sa\u00fade: a organiza\u00e7\u00e3o e a operacionaliza\u00e7\u00e3o do Sistema \u00danico de Sa\u00fade&rdquo;<\/strong>(org: Gustavo Matta e Ana L\u00facia Pontes);&ldquo;<strong>Modelos de Aten\u00e7\u00e3o e a Sa\u00fade da Fam\u00edlia&rdquo;<\/strong>(org: M\u00e1rcia Val\u00e9ria Morosini e Anamaria Corbo);&ldquo;<strong>O Processo Hist\u00f3rico do Trabalho em Sa\u00fade&rdquo;<\/strong>(org: Ang\u00e9lica Fonseca e Anakeila Stauffer)e&ldquo;<strong>Educa\u00e7\u00e3o e Sa\u00fade&rdquo;<\/strong>(org: Carla Martins e Anakeila Stauffer).<\/p>\n<p> \tO texto completo dos seis volumes podem ser acessados\u00a0pelo site da EPSJV: <a href=\"http:\/\/www.epsjv.fiocruz.br\/\">www.epsjv.fiocruz.br<\/a><\/p>\n<p> \tServi\u00e7o: Lan\u00e7amento da Cole\u00e7\u00e3o &ldquo;Educa\u00e7\u00e3o Profissional e Doc\u00eancia em Sa\u00fade&rdquo;<\/p>\n<p> \t14 de mar\u00e7o de 2008, \u00e0s 16h30, no Audit\u00f3rio Joaquim Alberto Cardoso Melo<\/p>\n<p> \tEscola Polit\u00e9cnica de Sa\u00fade Joaquim Ven\u00e2ncio \/ Fiocruz<br \/> \t\u00a0<\/p>\n","protected":false},"excerpt":{"rendered":"<div class=\"mh-excerpt\"><p style=\"text-align: justify;\"> \tA Escola Polit\u00e9cnica de Sa\u00fade Joaquim Ven\u00e2ncio (EPSJV\/Fiocruz) lan\u00e7a, no dia 14 de mar\u00e7o, \u00e0s 16h30, a Cole\u00e7\u00e3o &ldquo;Educa\u00e7\u00e3o Profissional e Doc\u00eancia em Sa\u00fade: a forma\u00e7\u00e3o e o trabalho do agente comunit\u00e1rio de sa\u00fade&rdquo;, composta por seis livros.<\/p>\n<p>  <a class=\"mh-excerpt-more\" href=\"https:\/\/lappis.org.br\/site\/epsvj-lanca-colecao-de-livros-sobre-educacao-profissional-e-docencia-em-saude\/2483\" title=\"EPSVJ lan\u00e7a cole\u00e7\u00e3o de livros sobre Educa\u00e7\u00e3o Profissional e Doc\u00eancia em Sa\u00fade\">[&#8230;]<\/a><\/p>\n<\/div>","protected":false},"author":1,"featured_media":0,"comment_status":"open","ping_status":"open","sticky":false,"template":"","format":"standard","meta":{"_acf_changed":false,"_exactmetrics_skip_tracking":false,"_exactmetrics_sitenote_active":false,"_exactmetrics_sitenote_note":"","_exactmetrics_sitenote_category":0,"jetpack_post_was_ever_published":false,"_jetpack_newsletter_access":"","_jetpack_dont_email_post_to_subs":false,"_jetpack_newsletter_tier_id":0,"_jetpack_memberships_contains_paywalled_content":false,"_jetpack_memberships_contains_paid_content":false,"footnotes":"","jetpack_publicize_message":"","jetpack_publicize_feature_enabled":true,"jetpack_social_post_already_shared":false,"jetpack_social_options":{"image_generator_settings":{"template":"highway","enabled":false},"version":2}},"categories":[8],"tags":[],"class_list":{"0":"post-2483","1":"post","2":"type-post","3":"status-publish","4":"format-standard","6":"category-noticia"},"jetpack_publicize_connections":[],"acf":[],"yoast_head":"<!-- This site is optimized with the Yoast SEO plugin v25.2 - https:\/\/yoast.com\/wordpress\/plugins\/seo\/ -->\n<title>EPSVJ lan\u00e7a cole\u00e7\u00e3o de livros sobre Educa\u00e7\u00e3o Profissional e Doc\u00eancia em Sa\u00fade - Lappis 25 anos<\/title>\n<meta name=\"robots\" content=\"index, follow, max-snippet:-1, max-image-preview:large, max-video-preview:-1\" \/>\n<link rel=\"canonical\" href=\"https:\/\/lappis.org.br\/site\/epsvj-lanca-colecao-de-livros-sobre-educacao-profissional-e-docencia-em-saude\/2483\" \/>\n<meta property=\"og:locale\" content=\"pt_BR\" \/>\n<meta property=\"og:type\" content=\"article\" \/>\n<meta property=\"og:title\" content=\"EPSVJ lan\u00e7a cole\u00e7\u00e3o de livros sobre Educa\u00e7\u00e3o Profissional e Doc\u00eancia em Sa\u00fade - Lappis 25 anos\" \/>\n<meta property=\"og:description\" content=\"A Escola Polit\u00e9cnica de Sa\u00fade Joaquim Ven\u00e2ncio (EPSJV\/Fiocruz) lan\u00e7a, no dia 14 de mar\u00e7o, \u00e0s 16h30, a Cole\u00e7\u00e3o &ldquo;Educa\u00e7\u00e3o Profissional e Doc\u00eancia em Sa\u00fade: a forma\u00e7\u00e3o e o trabalho do agente comunit\u00e1rio de sa\u00fade&rdquo;, composta por seis livros. [...]\" \/>\n<meta property=\"og:url\" content=\"https:\/\/lappis.org.br\/site\/epsvj-lanca-colecao-de-livros-sobre-educacao-profissional-e-docencia-em-saude\/2483\" \/>\n<meta property=\"og:site_name\" content=\"Lappis 25 anos\" \/>\n<meta property=\"article:published_time\" content=\"2008-03-10T06:00:00+00:00\" \/>\n<meta name=\"author\" content=\"fw2\" \/>\n<meta name=\"twitter:card\" content=\"summary_large_image\" \/>\n<meta name=\"twitter:label1\" content=\"Escrito por\" \/>\n\t<meta name=\"twitter:data1\" content=\"fw2\" \/>\n\t<meta name=\"twitter:label2\" content=\"Est. tempo de leitura\" \/>\n\t<meta name=\"twitter:data2\" content=\"2 minutos\" \/>\n<script type=\"application\/ld+json\" class=\"yoast-schema-graph\">{\"@context\":\"https:\/\/schema.org\",\"@graph\":[{\"@type\":\"Article\",\"@id\":\"https:\/\/lappis.org.br\/site\/epsvj-lanca-colecao-de-livros-sobre-educacao-profissional-e-docencia-em-saude\/2483#article\",\"isPartOf\":{\"@id\":\"https:\/\/lappis.org.br\/site\/epsvj-lanca-colecao-de-livros-sobre-educacao-profissional-e-docencia-em-saude\/2483\"},\"author\":{\"name\":\"fw2\",\"@id\":\"https:\/\/lappis.org.br\/site\/#\/schema\/person\/3852381d08284b5e2716b20bd89bdbcf\"},\"headline\":\"EPSVJ lan\u00e7a cole\u00e7\u00e3o de livros sobre Educa\u00e7\u00e3o Profissional e Doc\u00eancia em Sa\u00fade\",\"datePublished\":\"2008-03-10T06:00:00+00:00\",\"mainEntityOfPage\":{\"@id\":\"https:\/\/lappis.org.br\/site\/epsvj-lanca-colecao-de-livros-sobre-educacao-profissional-e-docencia-em-saude\/2483\"},\"wordCount\":345,\"commentCount\":0,\"publisher\":{\"@id\":\"https:\/\/lappis.org.br\/site\/#organization\"},\"articleSection\":[\"Not\u00edcia\"],\"inLanguage\":\"pt-BR\",\"potentialAction\":[{\"@type\":\"CommentAction\",\"name\":\"Comment\",\"target\":[\"https:\/\/lappis.org.br\/site\/epsvj-lanca-colecao-de-livros-sobre-educacao-profissional-e-docencia-em-saude\/2483#respond\"]}]},{\"@type\":\"WebPage\",\"@id\":\"https:\/\/lappis.org.br\/site\/epsvj-lanca-colecao-de-livros-sobre-educacao-profissional-e-docencia-em-saude\/2483\",\"url\":\"https:\/\/lappis.org.br\/site\/epsvj-lanca-colecao-de-livros-sobre-educacao-profissional-e-docencia-em-saude\/2483\",\"name\":\"EPSVJ lan\u00e7a cole\u00e7\u00e3o de livros sobre Educa\u00e7\u00e3o Profissional e Doc\u00eancia em Sa\u00fade - Lappis 25 anos\",\"isPartOf\":{\"@id\":\"https:\/\/lappis.org.br\/site\/#website\"},\"datePublished\":\"2008-03-10T06:00:00+00:00\",\"breadcrumb\":{\"@id\":\"https:\/\/lappis.org.br\/site\/epsvj-lanca-colecao-de-livros-sobre-educacao-profissional-e-docencia-em-saude\/2483#breadcrumb\"},\"inLanguage\":\"pt-BR\",\"potentialAction\":[{\"@type\":\"ReadAction\",\"target\":[\"https:\/\/lappis.org.br\/site\/epsvj-lanca-colecao-de-livros-sobre-educacao-profissional-e-docencia-em-saude\/2483\"]}]},{\"@type\":\"BreadcrumbList\",\"@id\":\"https:\/\/lappis.org.br\/site\/epsvj-lanca-colecao-de-livros-sobre-educacao-profissional-e-docencia-em-saude\/2483#breadcrumb\",\"itemListElement\":[{\"@type\":\"ListItem\",\"position\":1,\"name\":\"In\u00edcio\",\"item\":\"https:\/\/lappis.org.br\/site\/\"},{\"@type\":\"ListItem\",\"position\":2,\"name\":\"EPSVJ lan\u00e7a cole\u00e7\u00e3o de livros sobre Educa\u00e7\u00e3o Profissional e Doc\u00eancia em Sa\u00fade\"}]},{\"@type\":\"WebSite\",\"@id\":\"https:\/\/lappis.org.br\/site\/#website\",\"url\":\"https:\/\/lappis.org.br\/site\/\",\"name\":\"Lappis 25 anos\",\"description\":\"Labotat\u00f3rio de Pesquisas sobre Pr\u00e1ticas de Integralidade em Sa\u00fade\",\"publisher\":{\"@id\":\"https:\/\/lappis.org.br\/site\/#organization\"},\"potentialAction\":[{\"@type\":\"SearchAction\",\"target\":{\"@type\":\"EntryPoint\",\"urlTemplate\":\"https:\/\/lappis.org.br\/site\/?s={search_term_string}\"},\"query-input\":{\"@type\":\"PropertyValueSpecification\",\"valueRequired\":true,\"valueName\":\"search_term_string\"}}],\"inLanguage\":\"pt-BR\"},{\"@type\":\"Organization\",\"@id\":\"https:\/\/lappis.org.br\/site\/#organization\",\"name\":\"Lappis 25 anos\",\"url\":\"https:\/\/lappis.org.br\/site\/\",\"logo\":{\"@type\":\"ImageObject\",\"inLanguage\":\"pt-BR\",\"@id\":\"https:\/\/lappis.org.br\/site\/#\/schema\/logo\/image\/\",\"url\":\"https:\/\/lappis.org.br\/site\/wp-content\/uploads\/2025\/03\/logo-lappis25anos.png\",\"contentUrl\":\"https:\/\/lappis.org.br\/site\/wp-content\/uploads\/2025\/03\/logo-lappis25anos.png\",\"width\":388,\"height\":146,\"caption\":\"Lappis 25 anos\"},\"image\":{\"@id\":\"https:\/\/lappis.org.br\/site\/#\/schema\/logo\/image\/\"}},{\"@type\":\"Person\",\"@id\":\"https:\/\/lappis.org.br\/site\/#\/schema\/person\/3852381d08284b5e2716b20bd89bdbcf\",\"name\":\"fw2\",\"image\":{\"@type\":\"ImageObject\",\"inLanguage\":\"pt-BR\",\"@id\":\"https:\/\/lappis.org.br\/site\/#\/schema\/person\/image\/\",\"url\":\"https:\/\/secure.gravatar.com\/avatar\/c38472c0cdbde82d9b6fcc26adb3779d?s=96&d=mm&r=g\",\"contentUrl\":\"https:\/\/secure.gravatar.com\/avatar\/c38472c0cdbde82d9b6fcc26adb3779d?s=96&d=mm&r=g\",\"caption\":\"fw2\"},\"url\":\"https:\/\/lappis.org.br\/site\/author\/fw2\"}]}<\/script>\n<!-- \/ Yoast SEO plugin. -->","yoast_head_json":{"title":"EPSVJ lan\u00e7a cole\u00e7\u00e3o de livros sobre Educa\u00e7\u00e3o Profissional e Doc\u00eancia em Sa\u00fade - Lappis 25 anos","robots":{"index":"index","follow":"follow","max-snippet":"max-snippet:-1","max-image-preview":"max-image-preview:large","max-video-preview":"max-video-preview:-1"},"canonical":"https:\/\/lappis.org.br\/site\/epsvj-lanca-colecao-de-livros-sobre-educacao-profissional-e-docencia-em-saude\/2483","og_locale":"pt_BR","og_type":"article","og_title":"EPSVJ lan\u00e7a cole\u00e7\u00e3o de livros sobre Educa\u00e7\u00e3o Profissional e Doc\u00eancia em Sa\u00fade - Lappis 25 anos","og_description":"A Escola Polit\u00e9cnica de Sa\u00fade Joaquim Ven\u00e2ncio (EPSJV\/Fiocruz) lan\u00e7a, no dia 14 de mar\u00e7o, \u00e0s 16h30, a Cole\u00e7\u00e3o &ldquo;Educa\u00e7\u00e3o Profissional e Doc\u00eancia em Sa\u00fade: a forma\u00e7\u00e3o e o trabalho do agente comunit\u00e1rio de sa\u00fade&rdquo;, composta por seis livros. [...]","og_url":"https:\/\/lappis.org.br\/site\/epsvj-lanca-colecao-de-livros-sobre-educacao-profissional-e-docencia-em-saude\/2483","og_site_name":"Lappis 25 anos","article_published_time":"2008-03-10T06:00:00+00:00","author":"fw2","twitter_card":"summary_large_image","twitter_misc":{"Escrito por":"fw2","Est. tempo de leitura":"2 minutos"},"schema":{"@context":"https:\/\/schema.org","@graph":[{"@type":"Article","@id":"https:\/\/lappis.org.br\/site\/epsvj-lanca-colecao-de-livros-sobre-educacao-profissional-e-docencia-em-saude\/2483#article","isPartOf":{"@id":"https:\/\/lappis.org.br\/site\/epsvj-lanca-colecao-de-livros-sobre-educacao-profissional-e-docencia-em-saude\/2483"},"author":{"name":"fw2","@id":"https:\/\/lappis.org.br\/site\/#\/schema\/person\/3852381d08284b5e2716b20bd89bdbcf"},"headline":"EPSVJ lan\u00e7a cole\u00e7\u00e3o de livros sobre Educa\u00e7\u00e3o Profissional e Doc\u00eancia em Sa\u00fade","datePublished":"2008-03-10T06:00:00+00:00","mainEntityOfPage":{"@id":"https:\/\/lappis.org.br\/site\/epsvj-lanca-colecao-de-livros-sobre-educacao-profissional-e-docencia-em-saude\/2483"},"wordCount":345,"commentCount":0,"publisher":{"@id":"https:\/\/lappis.org.br\/site\/#organization"},"articleSection":["Not\u00edcia"],"inLanguage":"pt-BR","potentialAction":[{"@type":"CommentAction","name":"Comment","target":["https:\/\/lappis.org.br\/site\/epsvj-lanca-colecao-de-livros-sobre-educacao-profissional-e-docencia-em-saude\/2483#respond"]}]},{"@type":"WebPage","@id":"https:\/\/lappis.org.br\/site\/epsvj-lanca-colecao-de-livros-sobre-educacao-profissional-e-docencia-em-saude\/2483","url":"https:\/\/lappis.org.br\/site\/epsvj-lanca-colecao-de-livros-sobre-educacao-profissional-e-docencia-em-saude\/2483","name":"EPSVJ lan\u00e7a cole\u00e7\u00e3o de livros sobre Educa\u00e7\u00e3o Profissional e Doc\u00eancia em Sa\u00fade - Lappis 25 anos","isPartOf":{"@id":"https:\/\/lappis.org.br\/site\/#website"},"datePublished":"2008-03-10T06:00:00+00:00","breadcrumb":{"@id":"https:\/\/lappis.org.br\/site\/epsvj-lanca-colecao-de-livros-sobre-educacao-profissional-e-docencia-em-saude\/2483#breadcrumb"},"inLanguage":"pt-BR","potentialAction":[{"@type":"ReadAction","target":["https:\/\/lappis.org.br\/site\/epsvj-lanca-colecao-de-livros-sobre-educacao-profissional-e-docencia-em-saude\/2483"]}]},{"@type":"BreadcrumbList","@id":"https:\/\/lappis.org.br\/site\/epsvj-lanca-colecao-de-livros-sobre-educacao-profissional-e-docencia-em-saude\/2483#breadcrumb","itemListElement":[{"@type":"ListItem","position":1,"name":"In\u00edcio","item":"https:\/\/lappis.org.br\/site\/"},{"@type":"ListItem","position":2,"name":"EPSVJ lan\u00e7a cole\u00e7\u00e3o de livros sobre Educa\u00e7\u00e3o Profissional e Doc\u00eancia em Sa\u00fade"}]},{"@type":"WebSite","@id":"https:\/\/lappis.org.br\/site\/#website","url":"https:\/\/lappis.org.br\/site\/","name":"Lappis 25 anos","description":"Labotat\u00f3rio de Pesquisas sobre Pr\u00e1ticas de Integralidade em Sa\u00fade","publisher":{"@id":"https:\/\/lappis.org.br\/site\/#organization"},"potentialAction":[{"@type":"SearchAction","target":{"@type":"EntryPoint","urlTemplate":"https:\/\/lappis.org.br\/site\/?s={search_term_string}"},"query-input":{"@type":"PropertyValueSpecification","valueRequired":true,"valueName":"search_term_string"}}],"inLanguage":"pt-BR"},{"@type":"Organization","@id":"https:\/\/lappis.org.br\/site\/#organization","name":"Lappis 25 anos","url":"https:\/\/lappis.org.br\/site\/","logo":{"@type":"ImageObject","inLanguage":"pt-BR","@id":"https:\/\/lappis.org.br\/site\/#\/schema\/logo\/image\/","url":"https:\/\/lappis.org.br\/site\/wp-content\/uploads\/2025\/03\/logo-lappis25anos.png","contentUrl":"https:\/\/lappis.org.br\/site\/wp-content\/uploads\/2025\/03\/logo-lappis25anos.png","width":388,"height":146,"caption":"Lappis 25 anos"},"image":{"@id":"https:\/\/lappis.org.br\/site\/#\/schema\/logo\/image\/"}},{"@type":"Person","@id":"https:\/\/lappis.org.br\/site\/#\/schema\/person\/3852381d08284b5e2716b20bd89bdbcf","name":"fw2","image":{"@type":"ImageObject","inLanguage":"pt-BR","@id":"https:\/\/lappis.org.br\/site\/#\/schema\/person\/image\/","url":"https:\/\/secure.gravatar.com\/avatar\/c38472c0cdbde82d9b6fcc26adb3779d?s=96&d=mm&r=g","contentUrl":"https:\/\/secure.gravatar.com\/avatar\/c38472c0cdbde82d9b6fcc26adb3779d?s=96&d=mm&r=g","caption":"fw2"},"url":"https:\/\/lappis.org.br\/site\/author\/fw2"}]}},"jetpack_featured_media_url":"","jetpack_shortlink":"https:\/\/wp.me\/p954Nh-E3","jetpack_sharing_enabled":true,"_links":{"self":[{"href":"https:\/\/lappis.org.br\/site\/wp-json\/wp\/v2\/posts\/2483"}],"collection":[{"href":"https:\/\/lappis.org.br\/site\/wp-json\/wp\/v2\/posts"}],"about":[{"href":"https:\/\/lappis.org.br\/site\/wp-json\/wp\/v2\/types\/post"}],"author":[{"embeddable":true,"href":"https:\/\/lappis.org.br\/site\/wp-json\/wp\/v2\/users\/1"}],"replies":[{"embeddable":true,"href":"https:\/\/lappis.org.br\/site\/wp-json\/wp\/v2\/comments?post=2483"}],"version-history":[{"count":0,"href":"https:\/\/lappis.org.br\/site\/wp-json\/wp\/v2\/posts\/2483\/revisions"}],"wp:attachment":[{"href":"https:\/\/lappis.org.br\/site\/wp-json\/wp\/v2\/media?parent=2483"}],"wp:term":[{"taxonomy":"category","embeddable":true,"href":"https:\/\/lappis.org.br\/site\/wp-json\/wp\/v2\/categories?post=2483"},{"taxonomy":"post_tag","embeddable":true,"href":"https:\/\/lappis.org.br\/site\/wp-json\/wp\/v2\/tags?post=2483"}],"curies":[{"name":"wp","href":"https:\/\/api.w.org\/{rel}","templated":true}]}}