{"id":2469,"date":"2008-02-25T03:00:00","date_gmt":"2008-02-25T06:00:00","guid":{"rendered":"http:\/\/lappis.org.br\/site\/2008\/02\/25\/forum-internacional-discutira-saude-mental-e-direitos-humanos-em-maio\/"},"modified":"2008-02-25T03:00:00","modified_gmt":"2008-02-25T06:00:00","slug":"forum-internacional-discutira-saude-mental-e-direitos-humanos-em-maio","status":"publish","type":"post","link":"https:\/\/lappis.org.br\/site\/forum-internacional-discutira-saude-mental-e-direitos-humanos-em-maio\/2469","title":{"rendered":"F\u00f3rum internacional discutir\u00e1 sa\u00fade mental e direitos humanos em maio"},"content":{"rendered":"<p style=\"text-align: justify;\"> \tEntre os dias 22 e 25 de maio, ser\u00e1 realizado o II F\u00f3rum Internacional de Sa\u00fade Mental e Direitos Humanos, na Universidade Estadual do Rio de Janeiro (UERJ), no Rio de Janeiro. Como principal objetivo, o evento pretende envolver v\u00e1rios atores a favor da solidariedade e inclus\u00e3o social das pessoas com sofrimento mental e de luta contra as mais variadas formas de opress\u00e3o e injusti\u00e7a, que ferem os direitos humanos.<\/p>\n<p style=\"text-align: justify;\"> \tEm 2006, o I F\u00f3rum ocorreu em Buenos Aires, durante o V Congresso Internacional de Direitos Humanos. Este ano, ele \u00e9 coordenado pelo Movimento Nacional de Luta Antimanicomial, Associaci\u00f3n Madres da Plaza de Mayo (AMPM), Movimento Nacional de Direitos Humanos, GT de Sa\u00fade Mental da Abrasco. O Cebes tamb\u00e9m participa e ap\u00f3ia a iniciativa.<br \/> \t\u00a0<br \/> \tO envio de trabalhos para apresenta\u00e7\u00e3o pode ser realizado at\u00e9 o dia 31 de mar\u00e7o, exclusivamente pelo e-mail smdh@fiocruz.br. As \u00e1reas tem\u00e1ticas compreendem Psicologia; Psicologia Social; Psican\u00e1lise; Coletivos; Artes; Trabalho Social; Psicopedagogia; Comunica\u00e7\u00e3o Social; Ci\u00eancias Pol\u00edticas e Sociais; Sa\u00fade P\u00fablica e Coletiva; Novos Dispositivos Cl\u00ednicos; Filosofia; Antropologia; Terapia Ocupacional; Economia; Jornalismo; Medicina (Homeopatia, Psiquiatria etc.); Enfermagem; e Servi\u00e7o Social.<br \/> \t\u00a0<br \/> \tAl\u00e9m disso, foram estabelecidos eixos com os temas g\u00eanero, sa\u00fade, trabalho, sexualidade, amor, educa\u00e7\u00e3o, liberdade, etnias, viol\u00eancia, paz e cidadania.<br \/> \t\u00a0<br \/> \tOutras informa\u00e7\u00f5es podem ser obtidas atrav\u00e9s do telefone (21) 2260-5999 ou pelo e-mail da organiza\u00e7\u00e3o do evento. Veja na Agenda do Cebes, as orienta\u00e7\u00f5es para os trabalhos e inscri\u00e7\u00e3o no II F\u00f3rum de Sa\u00fade Mental e Direitos Humanos.\u00a0<\/p>\n","protected":false},"excerpt":{"rendered":"<div class=\"mh-excerpt\"><p style=\"text-align: justify;\"> \tEntre os dias 22 e 25 de maio, ser\u00e1 realizado o II F\u00f3rum Internacional de Sa\u00fade Mental e Direitos Humanos, na Universidade Estadual do Rio de Janeiro (UERJ), no Rio de Janeiro. Como principal objetivo, o evento pretende envolver v\u00e1rios atores a favor da solidariedade e inclus\u00e3o social das pessoas com sofrimento mental e de luta contra as mais variadas formas de opress\u00e3o e injusti\u00e7a, que ferem os direitos humanos.<\/p>\n<p>  <a class=\"mh-excerpt-more\" href=\"https:\/\/lappis.org.br\/site\/forum-internacional-discutira-saude-mental-e-direitos-humanos-em-maio\/2469\" title=\"F\u00f3rum internacional discutir\u00e1 sa\u00fade mental e direitos humanos em maio\">[&#8230;]<\/a><\/p>\n<\/div>","protected":false},"author":1,"featured_media":0,"comment_status":"open","ping_status":"open","sticky":false,"template":"","format":"standard","meta":{"_acf_changed":false,"_exactmetrics_skip_tracking":false,"_exactmetrics_sitenote_active":false,"_exactmetrics_sitenote_note":"","_exactmetrics_sitenote_category":0,"jetpack_post_was_ever_published":false,"_jetpack_newsletter_access":"","_jetpack_dont_email_post_to_subs":false,"_jetpack_newsletter_tier_id":0,"_jetpack_memberships_contains_paywalled_content":false,"_jetpack_memberships_contains_paid_content":false,"footnotes":"","jetpack_publicize_message":"","jetpack_publicize_feature_enabled":true,"jetpack_social_post_already_shared":false,"jetpack_social_options":{"image_generator_settings":{"template":"highway","enabled":false},"version":2}},"categories":[8],"tags":[],"class_list":{"0":"post-2469","1":"post","2":"type-post","3":"status-publish","4":"format-standard","6":"category-noticia"},"jetpack_publicize_connections":[],"acf":[],"yoast_head":"<!-- This site is optimized with the Yoast SEO plugin v25.2 - https:\/\/yoast.com\/wordpress\/plugins\/seo\/ -->\n<title>F\u00f3rum internacional discutir\u00e1 sa\u00fade mental e direitos humanos em maio - Lappis 25 anos<\/title>\n<meta name=\"robots\" content=\"index, follow, max-snippet:-1, max-image-preview:large, max-video-preview:-1\" \/>\n<link rel=\"canonical\" href=\"https:\/\/lappis.org.br\/site\/forum-internacional-discutira-saude-mental-e-direitos-humanos-em-maio\/2469\" \/>\n<meta property=\"og:locale\" content=\"pt_BR\" \/>\n<meta property=\"og:type\" content=\"article\" \/>\n<meta property=\"og:title\" content=\"F\u00f3rum internacional discutir\u00e1 sa\u00fade mental e direitos humanos em maio - Lappis 25 anos\" \/>\n<meta property=\"og:description\" content=\"Entre os dias 22 e 25 de maio, ser\u00e1 realizado o II F\u00f3rum Internacional de Sa\u00fade Mental e Direitos Humanos, na Universidade Estadual do Rio de Janeiro (UERJ), no Rio de Janeiro. Como principal objetivo, o evento pretende envolver v\u00e1rios atores a favor da solidariedade e inclus\u00e3o social das pessoas com sofrimento mental e de luta contra as mais variadas formas de opress\u00e3o e injusti\u00e7a, que ferem os direitos humanos. [...]\" \/>\n<meta property=\"og:url\" content=\"https:\/\/lappis.org.br\/site\/forum-internacional-discutira-saude-mental-e-direitos-humanos-em-maio\/2469\" \/>\n<meta property=\"og:site_name\" content=\"Lappis 25 anos\" \/>\n<meta property=\"article:published_time\" content=\"2008-02-25T06:00:00+00:00\" \/>\n<meta name=\"author\" content=\"fw2\" \/>\n<meta name=\"twitter:card\" content=\"summary_large_image\" \/>\n<meta name=\"twitter:label1\" content=\"Escrito por\" \/>\n\t<meta name=\"twitter:data1\" content=\"fw2\" \/>\n\t<meta name=\"twitter:label2\" content=\"Est. tempo de leitura\" \/>\n\t<meta name=\"twitter:data2\" content=\"1 minuto\" \/>\n<script type=\"application\/ld+json\" class=\"yoast-schema-graph\">{\"@context\":\"https:\/\/schema.org\",\"@graph\":[{\"@type\":\"Article\",\"@id\":\"https:\/\/lappis.org.br\/site\/forum-internacional-discutira-saude-mental-e-direitos-humanos-em-maio\/2469#article\",\"isPartOf\":{\"@id\":\"https:\/\/lappis.org.br\/site\/forum-internacional-discutira-saude-mental-e-direitos-humanos-em-maio\/2469\"},\"author\":{\"name\":\"fw2\",\"@id\":\"https:\/\/lappis.org.br\/site\/#\/schema\/person\/3852381d08284b5e2716b20bd89bdbcf\"},\"headline\":\"F\u00f3rum internacional discutir\u00e1 sa\u00fade mental e direitos humanos em maio\",\"datePublished\":\"2008-02-25T06:00:00+00:00\",\"mainEntityOfPage\":{\"@id\":\"https:\/\/lappis.org.br\/site\/forum-internacional-discutira-saude-mental-e-direitos-humanos-em-maio\/2469\"},\"wordCount\":283,\"commentCount\":0,\"publisher\":{\"@id\":\"https:\/\/lappis.org.br\/site\/#organization\"},\"articleSection\":[\"Not\u00edcia\"],\"inLanguage\":\"pt-BR\",\"potentialAction\":[{\"@type\":\"CommentAction\",\"name\":\"Comment\",\"target\":[\"https:\/\/lappis.org.br\/site\/forum-internacional-discutira-saude-mental-e-direitos-humanos-em-maio\/2469#respond\"]}]},{\"@type\":\"WebPage\",\"@id\":\"https:\/\/lappis.org.br\/site\/forum-internacional-discutira-saude-mental-e-direitos-humanos-em-maio\/2469\",\"url\":\"https:\/\/lappis.org.br\/site\/forum-internacional-discutira-saude-mental-e-direitos-humanos-em-maio\/2469\",\"name\":\"F\u00f3rum internacional discutir\u00e1 sa\u00fade mental e direitos humanos em maio - Lappis 25 anos\",\"isPartOf\":{\"@id\":\"https:\/\/lappis.org.br\/site\/#website\"},\"datePublished\":\"2008-02-25T06:00:00+00:00\",\"breadcrumb\":{\"@id\":\"https:\/\/lappis.org.br\/site\/forum-internacional-discutira-saude-mental-e-direitos-humanos-em-maio\/2469#breadcrumb\"},\"inLanguage\":\"pt-BR\",\"potentialAction\":[{\"@type\":\"ReadAction\",\"target\":[\"https:\/\/lappis.org.br\/site\/forum-internacional-discutira-saude-mental-e-direitos-humanos-em-maio\/2469\"]}]},{\"@type\":\"BreadcrumbList\",\"@id\":\"https:\/\/lappis.org.br\/site\/forum-internacional-discutira-saude-mental-e-direitos-humanos-em-maio\/2469#breadcrumb\",\"itemListElement\":[{\"@type\":\"ListItem\",\"position\":1,\"name\":\"In\u00edcio\",\"item\":\"https:\/\/lappis.org.br\/site\/\"},{\"@type\":\"ListItem\",\"position\":2,\"name\":\"F\u00f3rum internacional discutir\u00e1 sa\u00fade mental e direitos humanos em maio\"}]},{\"@type\":\"WebSite\",\"@id\":\"https:\/\/lappis.org.br\/site\/#website\",\"url\":\"https:\/\/lappis.org.br\/site\/\",\"name\":\"Lappis 25 anos\",\"description\":\"Labotat\u00f3rio de Pesquisas sobre Pr\u00e1ticas de Integralidade em Sa\u00fade\",\"publisher\":{\"@id\":\"https:\/\/lappis.org.br\/site\/#organization\"},\"potentialAction\":[{\"@type\":\"SearchAction\",\"target\":{\"@type\":\"EntryPoint\",\"urlTemplate\":\"https:\/\/lappis.org.br\/site\/?s={search_term_string}\"},\"query-input\":{\"@type\":\"PropertyValueSpecification\",\"valueRequired\":true,\"valueName\":\"search_term_string\"}}],\"inLanguage\":\"pt-BR\"},{\"@type\":\"Organization\",\"@id\":\"https:\/\/lappis.org.br\/site\/#organization\",\"name\":\"Lappis 25 anos\",\"url\":\"https:\/\/lappis.org.br\/site\/\",\"logo\":{\"@type\":\"ImageObject\",\"inLanguage\":\"pt-BR\",\"@id\":\"https:\/\/lappis.org.br\/site\/#\/schema\/logo\/image\/\",\"url\":\"https:\/\/lappis.org.br\/site\/wp-content\/uploads\/2025\/03\/logo-lappis25anos.png\",\"contentUrl\":\"https:\/\/lappis.org.br\/site\/wp-content\/uploads\/2025\/03\/logo-lappis25anos.png\",\"width\":388,\"height\":146,\"caption\":\"Lappis 25 anos\"},\"image\":{\"@id\":\"https:\/\/lappis.org.br\/site\/#\/schema\/logo\/image\/\"}},{\"@type\":\"Person\",\"@id\":\"https:\/\/lappis.org.br\/site\/#\/schema\/person\/3852381d08284b5e2716b20bd89bdbcf\",\"name\":\"fw2\",\"image\":{\"@type\":\"ImageObject\",\"inLanguage\":\"pt-BR\",\"@id\":\"https:\/\/lappis.org.br\/site\/#\/schema\/person\/image\/\",\"url\":\"https:\/\/secure.gravatar.com\/avatar\/c38472c0cdbde82d9b6fcc26adb3779d?s=96&d=mm&r=g\",\"contentUrl\":\"https:\/\/secure.gravatar.com\/avatar\/c38472c0cdbde82d9b6fcc26adb3779d?s=96&d=mm&r=g\",\"caption\":\"fw2\"},\"url\":\"https:\/\/lappis.org.br\/site\/author\/fw2\"}]}<\/script>\n<!-- \/ Yoast SEO plugin. -->","yoast_head_json":{"title":"F\u00f3rum internacional discutir\u00e1 sa\u00fade mental e direitos humanos em maio - Lappis 25 anos","robots":{"index":"index","follow":"follow","max-snippet":"max-snippet:-1","max-image-preview":"max-image-preview:large","max-video-preview":"max-video-preview:-1"},"canonical":"https:\/\/lappis.org.br\/site\/forum-internacional-discutira-saude-mental-e-direitos-humanos-em-maio\/2469","og_locale":"pt_BR","og_type":"article","og_title":"F\u00f3rum internacional discutir\u00e1 sa\u00fade mental e direitos humanos em maio - Lappis 25 anos","og_description":"Entre os dias 22 e 25 de maio, ser\u00e1 realizado o II F\u00f3rum Internacional de Sa\u00fade Mental e Direitos Humanos, na Universidade Estadual do Rio de Janeiro (UERJ), no Rio de Janeiro. Como principal objetivo, o evento pretende envolver v\u00e1rios atores a favor da solidariedade e inclus\u00e3o social das pessoas com sofrimento mental e de luta contra as mais variadas formas de opress\u00e3o e injusti\u00e7a, que ferem os direitos humanos. [...]","og_url":"https:\/\/lappis.org.br\/site\/forum-internacional-discutira-saude-mental-e-direitos-humanos-em-maio\/2469","og_site_name":"Lappis 25 anos","article_published_time":"2008-02-25T06:00:00+00:00","author":"fw2","twitter_card":"summary_large_image","twitter_misc":{"Escrito por":"fw2","Est. tempo de leitura":"1 minuto"},"schema":{"@context":"https:\/\/schema.org","@graph":[{"@type":"Article","@id":"https:\/\/lappis.org.br\/site\/forum-internacional-discutira-saude-mental-e-direitos-humanos-em-maio\/2469#article","isPartOf":{"@id":"https:\/\/lappis.org.br\/site\/forum-internacional-discutira-saude-mental-e-direitos-humanos-em-maio\/2469"},"author":{"name":"fw2","@id":"https:\/\/lappis.org.br\/site\/#\/schema\/person\/3852381d08284b5e2716b20bd89bdbcf"},"headline":"F\u00f3rum internacional discutir\u00e1 sa\u00fade mental e direitos humanos em maio","datePublished":"2008-02-25T06:00:00+00:00","mainEntityOfPage":{"@id":"https:\/\/lappis.org.br\/site\/forum-internacional-discutira-saude-mental-e-direitos-humanos-em-maio\/2469"},"wordCount":283,"commentCount":0,"publisher":{"@id":"https:\/\/lappis.org.br\/site\/#organization"},"articleSection":["Not\u00edcia"],"inLanguage":"pt-BR","potentialAction":[{"@type":"CommentAction","name":"Comment","target":["https:\/\/lappis.org.br\/site\/forum-internacional-discutira-saude-mental-e-direitos-humanos-em-maio\/2469#respond"]}]},{"@type":"WebPage","@id":"https:\/\/lappis.org.br\/site\/forum-internacional-discutira-saude-mental-e-direitos-humanos-em-maio\/2469","url":"https:\/\/lappis.org.br\/site\/forum-internacional-discutira-saude-mental-e-direitos-humanos-em-maio\/2469","name":"F\u00f3rum internacional discutir\u00e1 sa\u00fade mental e direitos humanos em maio - Lappis 25 anos","isPartOf":{"@id":"https:\/\/lappis.org.br\/site\/#website"},"datePublished":"2008-02-25T06:00:00+00:00","breadcrumb":{"@id":"https:\/\/lappis.org.br\/site\/forum-internacional-discutira-saude-mental-e-direitos-humanos-em-maio\/2469#breadcrumb"},"inLanguage":"pt-BR","potentialAction":[{"@type":"ReadAction","target":["https:\/\/lappis.org.br\/site\/forum-internacional-discutira-saude-mental-e-direitos-humanos-em-maio\/2469"]}]},{"@type":"BreadcrumbList","@id":"https:\/\/lappis.org.br\/site\/forum-internacional-discutira-saude-mental-e-direitos-humanos-em-maio\/2469#breadcrumb","itemListElement":[{"@type":"ListItem","position":1,"name":"In\u00edcio","item":"https:\/\/lappis.org.br\/site\/"},{"@type":"ListItem","position":2,"name":"F\u00f3rum internacional discutir\u00e1 sa\u00fade mental e direitos humanos em maio"}]},{"@type":"WebSite","@id":"https:\/\/lappis.org.br\/site\/#website","url":"https:\/\/lappis.org.br\/site\/","name":"Lappis 25 anos","description":"Labotat\u00f3rio de Pesquisas sobre Pr\u00e1ticas de Integralidade em Sa\u00fade","publisher":{"@id":"https:\/\/lappis.org.br\/site\/#organization"},"potentialAction":[{"@type":"SearchAction","target":{"@type":"EntryPoint","urlTemplate":"https:\/\/lappis.org.br\/site\/?s={search_term_string}"},"query-input":{"@type":"PropertyValueSpecification","valueRequired":true,"valueName":"search_term_string"}}],"inLanguage":"pt-BR"},{"@type":"Organization","@id":"https:\/\/lappis.org.br\/site\/#organization","name":"Lappis 25 anos","url":"https:\/\/lappis.org.br\/site\/","logo":{"@type":"ImageObject","inLanguage":"pt-BR","@id":"https:\/\/lappis.org.br\/site\/#\/schema\/logo\/image\/","url":"https:\/\/lappis.org.br\/site\/wp-content\/uploads\/2025\/03\/logo-lappis25anos.png","contentUrl":"https:\/\/lappis.org.br\/site\/wp-content\/uploads\/2025\/03\/logo-lappis25anos.png","width":388,"height":146,"caption":"Lappis 25 anos"},"image":{"@id":"https:\/\/lappis.org.br\/site\/#\/schema\/logo\/image\/"}},{"@type":"Person","@id":"https:\/\/lappis.org.br\/site\/#\/schema\/person\/3852381d08284b5e2716b20bd89bdbcf","name":"fw2","image":{"@type":"ImageObject","inLanguage":"pt-BR","@id":"https:\/\/lappis.org.br\/site\/#\/schema\/person\/image\/","url":"https:\/\/secure.gravatar.com\/avatar\/c38472c0cdbde82d9b6fcc26adb3779d?s=96&d=mm&r=g","contentUrl":"https:\/\/secure.gravatar.com\/avatar\/c38472c0cdbde82d9b6fcc26adb3779d?s=96&d=mm&r=g","caption":"fw2"},"url":"https:\/\/lappis.org.br\/site\/author\/fw2"}]}},"jetpack_featured_media_url":"","jetpack_shortlink":"https:\/\/wp.me\/p954Nh-DP","jetpack_sharing_enabled":true,"_links":{"self":[{"href":"https:\/\/lappis.org.br\/site\/wp-json\/wp\/v2\/posts\/2469"}],"collection":[{"href":"https:\/\/lappis.org.br\/site\/wp-json\/wp\/v2\/posts"}],"about":[{"href":"https:\/\/lappis.org.br\/site\/wp-json\/wp\/v2\/types\/post"}],"author":[{"embeddable":true,"href":"https:\/\/lappis.org.br\/site\/wp-json\/wp\/v2\/users\/1"}],"replies":[{"embeddable":true,"href":"https:\/\/lappis.org.br\/site\/wp-json\/wp\/v2\/comments?post=2469"}],"version-history":[{"count":0,"href":"https:\/\/lappis.org.br\/site\/wp-json\/wp\/v2\/posts\/2469\/revisions"}],"wp:attachment":[{"href":"https:\/\/lappis.org.br\/site\/wp-json\/wp\/v2\/media?parent=2469"}],"wp:term":[{"taxonomy":"category","embeddable":true,"href":"https:\/\/lappis.org.br\/site\/wp-json\/wp\/v2\/categories?post=2469"},{"taxonomy":"post_tag","embeddable":true,"href":"https:\/\/lappis.org.br\/site\/wp-json\/wp\/v2\/tags?post=2469"}],"curies":[{"name":"wp","href":"https:\/\/api.w.org\/{rel}","templated":true}]}}