{"id":2468,"date":"2008-02-25T03:00:00","date_gmt":"2008-02-25T06:00:00","guid":{"rendered":"http:\/\/lappis.org.br\/site\/2008\/02\/25\/ministerio-da-saude-lanca-chamada-publica-de-apoio-a-eventos-cientificos-em-saude\/"},"modified":"2008-02-25T03:00:00","modified_gmt":"2008-02-25T06:00:00","slug":"ministerio-da-saude-lanca-chamada-publica-de-apoio-a-eventos-cientificos-em-saude","status":"publish","type":"post","link":"https:\/\/lappis.org.br\/site\/ministerio-da-saude-lanca-chamada-publica-de-apoio-a-eventos-cientificos-em-saude\/2468","title":{"rendered":"Minist\u00e9rio da Sa\u00fade lan\u00e7a chamada p\u00fablica de apoio a eventos cient\u00edficos em Sa\u00fade"},"content":{"rendered":"<p style=\"text-align: justify;\"> \tO Minist\u00e9rio da Sa\u00fade recebe, entre 28 de janeiro e 11 de mar\u00e7o, inscri\u00e7\u00f5es para a 1\u00aa Chamada P\u00fablica de Apoio a Eventos Cient\u00edficos em Sa\u00fade &ndash; 2008, via interm\u00e9dio do Departamento de Ci\u00eancia e Tecnologia (Decit) da Secretaria de Ci\u00eancia e Tecnologia e Insumos Estrat\u00e9gicos (SCTIE).<\/p>\n<p style=\"text-align: justify;\"> \tSer\u00e1 destinado um milh\u00e3o de reais ao apoio de, no m\u00ednimo, 20 eventos de m\u00e9dio e grande porte, a serem realizados no per\u00edodo de abril a setembro de 2008. \u00c9 indispens\u00e1vel que eles tenham relev\u00e2ncia para o Sistema \u00danico de Sa\u00fade (SUS) e conson\u00e2ncia com Agenda Nacional de Prioridades de Pesquisa em Sa\u00fade.<br \/> \t\u00a0<br \/> \tOs itens de despesas eleg\u00edveis poder\u00e3o incluir passagens a\u00e9reas e terrestres, nacionais e internacionais, e di\u00e1rias para conferencistas e participantes com apresenta\u00e7\u00e3o oral de trabalhos; material para divulga\u00e7\u00e3o do evento (programa, cartaz, folder, banner, anais, desenvolvimento e manuten\u00e7\u00e3o de websites, entre outros); e aluguel de instala\u00e7\u00f5es e de equipamentos. As propostas ser\u00e3o selecionadas por comiss\u00e3o julgadora convidada pelo Decit e os resultados divulgados no dia 20 de mar\u00e7o no site do Minist\u00e9rio da Sa\u00fade (<a href=\"http:\/\/www.saude.gov.br\/\">www.saude.gov.br<\/a> ).<br \/> \t\u00a0<br \/> \tEsta ser\u00e1 a d\u00e9cima edi\u00e7\u00e3o da chamada p\u00fablica, que acontece a cada semestre e conta com a parceria da Organiza\u00e7\u00e3o Pan-americana da Sa\u00fade (Opas). O objetivo \u00e9 incentivar a dissemina\u00e7\u00e3o de novos conhecimentos e tecnologias que apresentem alto impacto nas solu\u00e7\u00f5es de sa\u00fade, al\u00e9m de proporcionar maior interc\u00e2mbio cient\u00edfico entre pesquisadores e gestores da \u00e1rea. O edital completo j\u00e1 se encontra site do Minist\u00e9rio, com informa\u00e7\u00f5es sobre forma de inscri\u00e7\u00e3o e documenta\u00e7\u00e3o exigida.<br \/> \t\u00a0<br \/> \t<strong><em>Servi\u00e7o:<\/em><\/strong><br \/> \t\u00a0<br \/> \t1\u00aa Chamada P\u00fablica de Apoio a Eventos Cient\u00edficos em Sa\u00fade &#8211; 2008, que contempla eventos a serem realizados entre abril e setembro. Inscri\u00e7\u00f5es: de 28\/01 a 11\/03, no endere\u00e7o www.saude.gov.br\/eventos . Valor do apoio: at\u00e9 R$ 50 mil por evento. Resultados: 20\/03. Informa\u00e7\u00f5es pelo telefone (61) 3315-3778 ou pelo e-mail deciteventos@saude.gov.br (falar com Ivone ou Raquel).\u00a0<\/p>\n","protected":false},"excerpt":{"rendered":"<div class=\"mh-excerpt\"><p style=\"text-align: justify;\"> \tO Minist\u00e9rio da Sa\u00fade recebe, entre 28 de janeiro e 11 de mar\u00e7o, inscri\u00e7\u00f5es para a 1\u00aa Chamada P\u00fablica de Apoio a Eventos Cient\u00edficos em Sa\u00fade &ndash; 2008, via interm\u00e9dio do Departamento de Ci\u00eancia e Tecnologia (Decit) da Secretaria de Ci\u00eancia e Tecnologia e Insumos Estrat\u00e9gicos (SCTIE).<\/p>\n<p>  <a class=\"mh-excerpt-more\" href=\"https:\/\/lappis.org.br\/site\/ministerio-da-saude-lanca-chamada-publica-de-apoio-a-eventos-cientificos-em-saude\/2468\" title=\"Minist\u00e9rio da Sa\u00fade lan\u00e7a chamada p\u00fablica de apoio a eventos cient\u00edficos em Sa\u00fade\">[&#8230;]<\/a><\/p>\n<\/div>","protected":false},"author":1,"featured_media":0,"comment_status":"open","ping_status":"open","sticky":false,"template":"","format":"standard","meta":{"_acf_changed":false,"_exactmetrics_skip_tracking":false,"_exactmetrics_sitenote_active":false,"_exactmetrics_sitenote_note":"","_exactmetrics_sitenote_category":0,"jetpack_post_was_ever_published":false,"_jetpack_newsletter_access":"","_jetpack_dont_email_post_to_subs":false,"_jetpack_newsletter_tier_id":0,"_jetpack_memberships_contains_paywalled_content":false,"_jetpack_memberships_contains_paid_content":false,"footnotes":"","jetpack_publicize_message":"","jetpack_publicize_feature_enabled":true,"jetpack_social_post_already_shared":false,"jetpack_social_options":{"image_generator_settings":{"template":"highway","enabled":false},"version":2}},"categories":[8],"tags":[],"class_list":{"0":"post-2468","1":"post","2":"type-post","3":"status-publish","4":"format-standard","6":"category-noticia"},"jetpack_publicize_connections":[],"acf":[],"yoast_head":"<!-- This site is optimized with the Yoast SEO plugin v25.2 - https:\/\/yoast.com\/wordpress\/plugins\/seo\/ -->\n<title>Minist\u00e9rio da Sa\u00fade lan\u00e7a chamada p\u00fablica de apoio a eventos cient\u00edficos em Sa\u00fade - Lappis 25 anos<\/title>\n<meta name=\"robots\" content=\"index, follow, max-snippet:-1, max-image-preview:large, max-video-preview:-1\" \/>\n<link rel=\"canonical\" href=\"https:\/\/lappis.org.br\/site\/ministerio-da-saude-lanca-chamada-publica-de-apoio-a-eventos-cientificos-em-saude\/2468\" \/>\n<meta property=\"og:locale\" content=\"pt_BR\" \/>\n<meta property=\"og:type\" content=\"article\" \/>\n<meta property=\"og:title\" content=\"Minist\u00e9rio da Sa\u00fade lan\u00e7a chamada p\u00fablica de apoio a eventos cient\u00edficos em Sa\u00fade - Lappis 25 anos\" \/>\n<meta property=\"og:description\" content=\"O Minist\u00e9rio da Sa\u00fade recebe, entre 28 de janeiro e 11 de mar\u00e7o, inscri\u00e7\u00f5es para a 1\u00aa Chamada P\u00fablica de Apoio a Eventos Cient\u00edficos em Sa\u00fade &ndash; 2008, via interm\u00e9dio do Departamento de Ci\u00eancia e Tecnologia (Decit) da Secretaria de Ci\u00eancia e Tecnologia e Insumos Estrat\u00e9gicos (SCTIE). [...]\" \/>\n<meta property=\"og:url\" content=\"https:\/\/lappis.org.br\/site\/ministerio-da-saude-lanca-chamada-publica-de-apoio-a-eventos-cientificos-em-saude\/2468\" \/>\n<meta property=\"og:site_name\" content=\"Lappis 25 anos\" \/>\n<meta property=\"article:published_time\" content=\"2008-02-25T06:00:00+00:00\" \/>\n<meta name=\"author\" content=\"fw2\" \/>\n<meta name=\"twitter:card\" content=\"summary_large_image\" \/>\n<meta name=\"twitter:label1\" content=\"Escrito por\" \/>\n\t<meta name=\"twitter:data1\" content=\"fw2\" \/>\n\t<meta name=\"twitter:label2\" content=\"Est. tempo de leitura\" \/>\n\t<meta name=\"twitter:data2\" content=\"2 minutos\" \/>\n<script type=\"application\/ld+json\" class=\"yoast-schema-graph\">{\"@context\":\"https:\/\/schema.org\",\"@graph\":[{\"@type\":\"Article\",\"@id\":\"https:\/\/lappis.org.br\/site\/ministerio-da-saude-lanca-chamada-publica-de-apoio-a-eventos-cientificos-em-saude\/2468#article\",\"isPartOf\":{\"@id\":\"https:\/\/lappis.org.br\/site\/ministerio-da-saude-lanca-chamada-publica-de-apoio-a-eventos-cientificos-em-saude\/2468\"},\"author\":{\"name\":\"fw2\",\"@id\":\"https:\/\/lappis.org.br\/site\/#\/schema\/person\/3852381d08284b5e2716b20bd89bdbcf\"},\"headline\":\"Minist\u00e9rio da Sa\u00fade lan\u00e7a chamada p\u00fablica de apoio a eventos cient\u00edficos em Sa\u00fade\",\"datePublished\":\"2008-02-25T06:00:00+00:00\",\"mainEntityOfPage\":{\"@id\":\"https:\/\/lappis.org.br\/site\/ministerio-da-saude-lanca-chamada-publica-de-apoio-a-eventos-cientificos-em-saude\/2468\"},\"wordCount\":372,\"commentCount\":0,\"publisher\":{\"@id\":\"https:\/\/lappis.org.br\/site\/#organization\"},\"articleSection\":[\"Not\u00edcia\"],\"inLanguage\":\"pt-BR\",\"potentialAction\":[{\"@type\":\"CommentAction\",\"name\":\"Comment\",\"target\":[\"https:\/\/lappis.org.br\/site\/ministerio-da-saude-lanca-chamada-publica-de-apoio-a-eventos-cientificos-em-saude\/2468#respond\"]}]},{\"@type\":\"WebPage\",\"@id\":\"https:\/\/lappis.org.br\/site\/ministerio-da-saude-lanca-chamada-publica-de-apoio-a-eventos-cientificos-em-saude\/2468\",\"url\":\"https:\/\/lappis.org.br\/site\/ministerio-da-saude-lanca-chamada-publica-de-apoio-a-eventos-cientificos-em-saude\/2468\",\"name\":\"Minist\u00e9rio da Sa\u00fade lan\u00e7a chamada p\u00fablica de apoio a eventos cient\u00edficos em Sa\u00fade - Lappis 25 anos\",\"isPartOf\":{\"@id\":\"https:\/\/lappis.org.br\/site\/#website\"},\"datePublished\":\"2008-02-25T06:00:00+00:00\",\"breadcrumb\":{\"@id\":\"https:\/\/lappis.org.br\/site\/ministerio-da-saude-lanca-chamada-publica-de-apoio-a-eventos-cientificos-em-saude\/2468#breadcrumb\"},\"inLanguage\":\"pt-BR\",\"potentialAction\":[{\"@type\":\"ReadAction\",\"target\":[\"https:\/\/lappis.org.br\/site\/ministerio-da-saude-lanca-chamada-publica-de-apoio-a-eventos-cientificos-em-saude\/2468\"]}]},{\"@type\":\"BreadcrumbList\",\"@id\":\"https:\/\/lappis.org.br\/site\/ministerio-da-saude-lanca-chamada-publica-de-apoio-a-eventos-cientificos-em-saude\/2468#breadcrumb\",\"itemListElement\":[{\"@type\":\"ListItem\",\"position\":1,\"name\":\"In\u00edcio\",\"item\":\"https:\/\/lappis.org.br\/site\/\"},{\"@type\":\"ListItem\",\"position\":2,\"name\":\"Minist\u00e9rio da Sa\u00fade lan\u00e7a chamada p\u00fablica de apoio a eventos cient\u00edficos em Sa\u00fade\"}]},{\"@type\":\"WebSite\",\"@id\":\"https:\/\/lappis.org.br\/site\/#website\",\"url\":\"https:\/\/lappis.org.br\/site\/\",\"name\":\"Lappis 25 anos\",\"description\":\"Labotat\u00f3rio de Pesquisas sobre Pr\u00e1ticas de Integralidade em Sa\u00fade\",\"publisher\":{\"@id\":\"https:\/\/lappis.org.br\/site\/#organization\"},\"potentialAction\":[{\"@type\":\"SearchAction\",\"target\":{\"@type\":\"EntryPoint\",\"urlTemplate\":\"https:\/\/lappis.org.br\/site\/?s={search_term_string}\"},\"query-input\":{\"@type\":\"PropertyValueSpecification\",\"valueRequired\":true,\"valueName\":\"search_term_string\"}}],\"inLanguage\":\"pt-BR\"},{\"@type\":\"Organization\",\"@id\":\"https:\/\/lappis.org.br\/site\/#organization\",\"name\":\"Lappis 25 anos\",\"url\":\"https:\/\/lappis.org.br\/site\/\",\"logo\":{\"@type\":\"ImageObject\",\"inLanguage\":\"pt-BR\",\"@id\":\"https:\/\/lappis.org.br\/site\/#\/schema\/logo\/image\/\",\"url\":\"https:\/\/lappis.org.br\/site\/wp-content\/uploads\/2025\/03\/logo-lappis25anos.png\",\"contentUrl\":\"https:\/\/lappis.org.br\/site\/wp-content\/uploads\/2025\/03\/logo-lappis25anos.png\",\"width\":388,\"height\":146,\"caption\":\"Lappis 25 anos\"},\"image\":{\"@id\":\"https:\/\/lappis.org.br\/site\/#\/schema\/logo\/image\/\"}},{\"@type\":\"Person\",\"@id\":\"https:\/\/lappis.org.br\/site\/#\/schema\/person\/3852381d08284b5e2716b20bd89bdbcf\",\"name\":\"fw2\",\"image\":{\"@type\":\"ImageObject\",\"inLanguage\":\"pt-BR\",\"@id\":\"https:\/\/lappis.org.br\/site\/#\/schema\/person\/image\/\",\"url\":\"https:\/\/secure.gravatar.com\/avatar\/c38472c0cdbde82d9b6fcc26adb3779d?s=96&d=mm&r=g\",\"contentUrl\":\"https:\/\/secure.gravatar.com\/avatar\/c38472c0cdbde82d9b6fcc26adb3779d?s=96&d=mm&r=g\",\"caption\":\"fw2\"},\"url\":\"https:\/\/lappis.org.br\/site\/author\/fw2\"}]}<\/script>\n<!-- \/ Yoast SEO plugin. -->","yoast_head_json":{"title":"Minist\u00e9rio da Sa\u00fade lan\u00e7a chamada p\u00fablica de apoio a eventos cient\u00edficos em Sa\u00fade - Lappis 25 anos","robots":{"index":"index","follow":"follow","max-snippet":"max-snippet:-1","max-image-preview":"max-image-preview:large","max-video-preview":"max-video-preview:-1"},"canonical":"https:\/\/lappis.org.br\/site\/ministerio-da-saude-lanca-chamada-publica-de-apoio-a-eventos-cientificos-em-saude\/2468","og_locale":"pt_BR","og_type":"article","og_title":"Minist\u00e9rio da Sa\u00fade lan\u00e7a chamada p\u00fablica de apoio a eventos cient\u00edficos em Sa\u00fade - Lappis 25 anos","og_description":"O Minist\u00e9rio da Sa\u00fade recebe, entre 28 de janeiro e 11 de mar\u00e7o, inscri\u00e7\u00f5es para a 1\u00aa Chamada P\u00fablica de Apoio a Eventos Cient\u00edficos em Sa\u00fade &ndash; 2008, via interm\u00e9dio do Departamento de Ci\u00eancia e Tecnologia (Decit) da Secretaria de Ci\u00eancia e Tecnologia e Insumos Estrat\u00e9gicos (SCTIE). [...]","og_url":"https:\/\/lappis.org.br\/site\/ministerio-da-saude-lanca-chamada-publica-de-apoio-a-eventos-cientificos-em-saude\/2468","og_site_name":"Lappis 25 anos","article_published_time":"2008-02-25T06:00:00+00:00","author":"fw2","twitter_card":"summary_large_image","twitter_misc":{"Escrito por":"fw2","Est. tempo de leitura":"2 minutos"},"schema":{"@context":"https:\/\/schema.org","@graph":[{"@type":"Article","@id":"https:\/\/lappis.org.br\/site\/ministerio-da-saude-lanca-chamada-publica-de-apoio-a-eventos-cientificos-em-saude\/2468#article","isPartOf":{"@id":"https:\/\/lappis.org.br\/site\/ministerio-da-saude-lanca-chamada-publica-de-apoio-a-eventos-cientificos-em-saude\/2468"},"author":{"name":"fw2","@id":"https:\/\/lappis.org.br\/site\/#\/schema\/person\/3852381d08284b5e2716b20bd89bdbcf"},"headline":"Minist\u00e9rio da Sa\u00fade lan\u00e7a chamada p\u00fablica de apoio a eventos cient\u00edficos em Sa\u00fade","datePublished":"2008-02-25T06:00:00+00:00","mainEntityOfPage":{"@id":"https:\/\/lappis.org.br\/site\/ministerio-da-saude-lanca-chamada-publica-de-apoio-a-eventos-cientificos-em-saude\/2468"},"wordCount":372,"commentCount":0,"publisher":{"@id":"https:\/\/lappis.org.br\/site\/#organization"},"articleSection":["Not\u00edcia"],"inLanguage":"pt-BR","potentialAction":[{"@type":"CommentAction","name":"Comment","target":["https:\/\/lappis.org.br\/site\/ministerio-da-saude-lanca-chamada-publica-de-apoio-a-eventos-cientificos-em-saude\/2468#respond"]}]},{"@type":"WebPage","@id":"https:\/\/lappis.org.br\/site\/ministerio-da-saude-lanca-chamada-publica-de-apoio-a-eventos-cientificos-em-saude\/2468","url":"https:\/\/lappis.org.br\/site\/ministerio-da-saude-lanca-chamada-publica-de-apoio-a-eventos-cientificos-em-saude\/2468","name":"Minist\u00e9rio da Sa\u00fade lan\u00e7a chamada p\u00fablica de apoio a eventos cient\u00edficos em Sa\u00fade - Lappis 25 anos","isPartOf":{"@id":"https:\/\/lappis.org.br\/site\/#website"},"datePublished":"2008-02-25T06:00:00+00:00","breadcrumb":{"@id":"https:\/\/lappis.org.br\/site\/ministerio-da-saude-lanca-chamada-publica-de-apoio-a-eventos-cientificos-em-saude\/2468#breadcrumb"},"inLanguage":"pt-BR","potentialAction":[{"@type":"ReadAction","target":["https:\/\/lappis.org.br\/site\/ministerio-da-saude-lanca-chamada-publica-de-apoio-a-eventos-cientificos-em-saude\/2468"]}]},{"@type":"BreadcrumbList","@id":"https:\/\/lappis.org.br\/site\/ministerio-da-saude-lanca-chamada-publica-de-apoio-a-eventos-cientificos-em-saude\/2468#breadcrumb","itemListElement":[{"@type":"ListItem","position":1,"name":"In\u00edcio","item":"https:\/\/lappis.org.br\/site\/"},{"@type":"ListItem","position":2,"name":"Minist\u00e9rio da Sa\u00fade lan\u00e7a chamada p\u00fablica de apoio a eventos cient\u00edficos em Sa\u00fade"}]},{"@type":"WebSite","@id":"https:\/\/lappis.org.br\/site\/#website","url":"https:\/\/lappis.org.br\/site\/","name":"Lappis 25 anos","description":"Labotat\u00f3rio de Pesquisas sobre Pr\u00e1ticas de Integralidade em Sa\u00fade","publisher":{"@id":"https:\/\/lappis.org.br\/site\/#organization"},"potentialAction":[{"@type":"SearchAction","target":{"@type":"EntryPoint","urlTemplate":"https:\/\/lappis.org.br\/site\/?s={search_term_string}"},"query-input":{"@type":"PropertyValueSpecification","valueRequired":true,"valueName":"search_term_string"}}],"inLanguage":"pt-BR"},{"@type":"Organization","@id":"https:\/\/lappis.org.br\/site\/#organization","name":"Lappis 25 anos","url":"https:\/\/lappis.org.br\/site\/","logo":{"@type":"ImageObject","inLanguage":"pt-BR","@id":"https:\/\/lappis.org.br\/site\/#\/schema\/logo\/image\/","url":"https:\/\/lappis.org.br\/site\/wp-content\/uploads\/2025\/03\/logo-lappis25anos.png","contentUrl":"https:\/\/lappis.org.br\/site\/wp-content\/uploads\/2025\/03\/logo-lappis25anos.png","width":388,"height":146,"caption":"Lappis 25 anos"},"image":{"@id":"https:\/\/lappis.org.br\/site\/#\/schema\/logo\/image\/"}},{"@type":"Person","@id":"https:\/\/lappis.org.br\/site\/#\/schema\/person\/3852381d08284b5e2716b20bd89bdbcf","name":"fw2","image":{"@type":"ImageObject","inLanguage":"pt-BR","@id":"https:\/\/lappis.org.br\/site\/#\/schema\/person\/image\/","url":"https:\/\/secure.gravatar.com\/avatar\/c38472c0cdbde82d9b6fcc26adb3779d?s=96&d=mm&r=g","contentUrl":"https:\/\/secure.gravatar.com\/avatar\/c38472c0cdbde82d9b6fcc26adb3779d?s=96&d=mm&r=g","caption":"fw2"},"url":"https:\/\/lappis.org.br\/site\/author\/fw2"}]}},"jetpack_featured_media_url":"","jetpack_shortlink":"https:\/\/wp.me\/p954Nh-DO","jetpack_sharing_enabled":true,"_links":{"self":[{"href":"https:\/\/lappis.org.br\/site\/wp-json\/wp\/v2\/posts\/2468"}],"collection":[{"href":"https:\/\/lappis.org.br\/site\/wp-json\/wp\/v2\/posts"}],"about":[{"href":"https:\/\/lappis.org.br\/site\/wp-json\/wp\/v2\/types\/post"}],"author":[{"embeddable":true,"href":"https:\/\/lappis.org.br\/site\/wp-json\/wp\/v2\/users\/1"}],"replies":[{"embeddable":true,"href":"https:\/\/lappis.org.br\/site\/wp-json\/wp\/v2\/comments?post=2468"}],"version-history":[{"count":0,"href":"https:\/\/lappis.org.br\/site\/wp-json\/wp\/v2\/posts\/2468\/revisions"}],"wp:attachment":[{"href":"https:\/\/lappis.org.br\/site\/wp-json\/wp\/v2\/media?parent=2468"}],"wp:term":[{"taxonomy":"category","embeddable":true,"href":"https:\/\/lappis.org.br\/site\/wp-json\/wp\/v2\/categories?post=2468"},{"taxonomy":"post_tag","embeddable":true,"href":"https:\/\/lappis.org.br\/site\/wp-json\/wp\/v2\/tags?post=2468"}],"curies":[{"name":"wp","href":"https:\/\/api.w.org\/{rel}","templated":true}]}}