{"id":2466,"date":"2008-02-25T03:00:00","date_gmt":"2008-02-25T06:00:00","guid":{"rendered":"http:\/\/lappis.org.br\/site\/2008\/02\/25\/publicacoes-do-lappis-lideram-lista-dos-10-livros-mais-vendidos-de-2007-da-abrasco\/"},"modified":"2008-02-25T03:00:00","modified_gmt":"2008-02-25T06:00:00","slug":"publicacoes-do-lappis-lideram-lista-dos-10-livros-mais-vendidos-de-2007-da-abrasco","status":"publish","type":"post","link":"https:\/\/lappis.org.br\/site\/publicacoes-do-lappis-lideram-lista-dos-10-livros-mais-vendidos-de-2007-da-abrasco\/2466","title":{"rendered":"Publica\u00e7\u00f5es do LAPPIS lideram lista dos 10 livros mais vendidos de 2007 da ABRASCO"},"content":{"rendered":"<p style=\"text-align: justify;\"> \t<img decoding=\"async\" data-attachment-id=\"2465\" data-permalink=\"https:\/\/lappis.org.br\/site\/publicacoes-do-lappis-lideram-lista-dos-10-livros-mais-vendidos-de-2007-da-abrasco\/2466\/attachment-capas2007-jpg\" data-orig-file=\"https:\/\/lappis.org.br\/site\/wp-content\/uploads\/2008\/02\/capas2007.jpg\" data-orig-size=\"426,116\" data-comments-opened=\"1\" data-image-meta=\"{&quot;aperture&quot;:&quot;0&quot;,&quot;credit&quot;:&quot;&quot;,&quot;camera&quot;:&quot;&quot;,&quot;caption&quot;:&quot;&quot;,&quot;created_timestamp&quot;:&quot;0&quot;,&quot;copyright&quot;:&quot;&quot;,&quot;focal_length&quot;:&quot;0&quot;,&quot;iso&quot;:&quot;0&quot;,&quot;shutter_speed&quot;:&quot;0&quot;,&quot;title&quot;:&quot;&quot;,&quot;orientation&quot;:&quot;0&quot;}\" data-image-title=\"capas2007.jpg\" data-image-description=\"\" data-image-caption=\"\" data-medium-file=\"https:\/\/lappis.org.br\/site\/wp-content\/uploads\/2008\/02\/capas2007-300x82.jpg\" data-large-file=\"https:\/\/lappis.org.br\/site\/wp-content\/uploads\/2008\/02\/capas2007.jpg\" class=\" alignleft size-full wp-image-2465\" align=\"baseline\" alt=\"capas2007.jpg\" src=\"http:\/\/lappis.org.br\/site\/wp-content\/uploads\/2008\/02\/capas2007.jpg\" style=\"width: 426px; height: 116px; margin: 5px; float: left;\" width=\"426\" height=\"116\" srcset=\"https:\/\/lappis.org.br\/site\/wp-content\/uploads\/2008\/02\/capas2007.jpg 426w, https:\/\/lappis.org.br\/site\/wp-content\/uploads\/2008\/02\/capas2007-300x82.jpg 300w\" sizes=\"(max-width: 426px) 100vw, 426px\" \/>Seis publica\u00e7\u00f5es do LAPPIS lideraram a lista dos 10 livros mais adquiridos em 2007. S\u00e3o elas: &ldquo;Trabalho em Equipe sob o Eixo da Integralidade: Valores, Saberes e Pr\u00e1ticas&rdquo; (Roseni Pinheiro, Maria Elizabeth Barros de Barros e Ruben Ara\u00fajo Mattos), alcan\u00e7ou o segundo lugar; &ldquo;Gest\u00e3o em Redes &ndash; Pr\u00e1ticas de Avalia\u00e7\u00e3o, Forma\u00e7\u00e3o e Participa\u00e7\u00e3o na Sa\u00fade&rdquo;; &ldquo;Os Sentidos da Integralidade na Aten\u00e7\u00e3o e no Cuidado \u00e0 Sa\u00fade&rdquo;; &ldquo;Constru\u00e7\u00e3o Social da Demanda&rdquo;; &ldquo;Cuidado: As fronteiras da Integralidade&rdquo; (Roseni Pinheiro e Ruben Ara\u00fajo Mattos, organizadores) ficaram, respectivamente, em 4\u00ba, 6\u00ba, 7\u00ba, 8\u00ba e 9\u00ba lugar.<\/p>\n<p style=\"text-align: justify;\"> \tRoseni Pinheiro faz um balan\u00e7o destacando a consolida\u00e7\u00e3o de uma linha de trabalho interdisciplinar e interinstitucional. &ldquo;A aceita\u00e7\u00e3o das nossas publica\u00e7\u00f5es em posi\u00e7\u00f5es de destaque nesses \u00faltimos cinco anos \u00e9 fruto de um trabalho muito s\u00e9rio, de amadurecimento. Muitos dos textos publicados s\u00e3o oriundos de disserta\u00e7\u00f5es de mestrado, de teses de doutorado, ensaios com resultados de pesquisas. Durante esses anos, nossos textos foram indicados como refer\u00eancia em concursos p\u00fablicos para secretarias municipais e estaduais, disciplinas e concursos de programas de p\u00f3s-gradua\u00e7\u00e3o. Isso nos proporciona uma id\u00e9ia da receptividade no campo da Sa\u00fade Coletiva&rdquo;, analisa. Por fim, a coordenadora ressalta que al\u00e9m de buscar garantir um produto qualificado, uma socializa\u00e7\u00e3o do conhecimento se faz necess\u00e1ria: &ldquo;a nossa pol\u00edtica editorial \u00e9 visceralmente imbu\u00edda de raz\u00e3o p\u00fablica e n\u00e3o comercial. N\u00e3o estamos interessados no &lsquo;marketing comercial&rsquo; ou virar &lsquo;best seller&rsquo;, pois n\u00e3o \u00e9 essa nossa miss\u00e3o \u00e9tico-pol\u00edtica&rdquo;. Cerca de 15 a 20% das edi\u00e7\u00f5es novas s\u00e3o doadas para todas as bibliotecas de programas de sa\u00fade coletiva no pa\u00eds.<br \/> \t\u00a0<br \/> \tAs produ\u00e7\u00f5es do LAPPIS, no que concerne a livros, v\u00eam sendo editadas na Cole\u00e7\u00e3o &ldquo;Integralidade &#038; Sa\u00fade&rdquo; da Editora \u00a0CEPESC do IMS-UERJ, que \u00e9 filiada ao Sindicato Nacional de Editores de Livros (SNEL).<\/p>\n","protected":false},"excerpt":{"rendered":"<div class=\"mh-excerpt\"><p style=\"text-align: justify;\"> \t<img decoding=\"async\" class=\" alignleft size-full wp-image-2465\" align=\"baseline\" alt=\"capas2007.jpg\" src=\"http:\/\/lappis.org.br\/site\/wp-content\/uploads\/2008\/02\/capas2007.jpg\" style=\"width: 426px; height: 116px; margin: 5px; float: left;\" width=\"426\" height=\"116\" srcset=\"https:\/\/lappis.org.br\/site\/wp-content\/uploads\/2008\/02\/capas2007.jpg 426w, https:\/\/lappis.org.br\/site\/wp-content\/uploads\/2008\/02\/capas2007-300x82.jpg 300w\" sizes=\"(max-width: 426px) 100vw, 426px\" \/>Seis publica\u00e7\u00f5es do LAPPIS lideraram a lista dos 10 livros mais adquiridos em 2007. S\u00e3o elas: &ldquo;Trabalho em Equipe sob o Eixo da Integralidade: Valores, Saberes e Pr\u00e1ticas&rdquo; (Roseni Pinheiro, Maria Elizabeth Barros de Barros e Ruben Ara\u00fajo Mattos), alcan\u00e7ou o segundo lugar; &ldquo;Gest\u00e3o em Redes &ndash; Pr\u00e1ticas de Avalia\u00e7\u00e3o, Forma\u00e7\u00e3o e Participa\u00e7\u00e3o na Sa\u00fade&rdquo;; &ldquo;Os Sentidos da Integralidade na Aten\u00e7\u00e3o e no Cuidado \u00e0 Sa\u00fade&rdquo;; &ldquo;Constru\u00e7\u00e3o Social da Demanda&rdquo;; &ldquo;Cuidado: As fronteiras da Integralidade&rdquo; (Roseni Pinheiro e Ruben Ara\u00fajo Mattos, organizadores) ficaram, respectivamente, em 4\u00ba, 6\u00ba, 7\u00ba, 8\u00ba e 9\u00ba lugar.<\/p>\n<p>  <a class=\"mh-excerpt-more\" href=\"https:\/\/lappis.org.br\/site\/publicacoes-do-lappis-lideram-lista-dos-10-livros-mais-vendidos-de-2007-da-abrasco\/2466\" title=\"Publica\u00e7\u00f5es do LAPPIS lideram lista dos 10 livros mais vendidos de 2007 da ABRASCO\">[&#8230;]<\/a><\/p>\n<\/div>","protected":false},"author":1,"featured_media":2465,"comment_status":"open","ping_status":"open","sticky":false,"template":"","format":"standard","meta":{"_acf_changed":false,"_exactmetrics_skip_tracking":false,"_exactmetrics_sitenote_active":false,"_exactmetrics_sitenote_note":"","_exactmetrics_sitenote_category":0,"jetpack_post_was_ever_published":false,"_jetpack_newsletter_access":"","_jetpack_dont_email_post_to_subs":false,"_jetpack_newsletter_tier_id":0,"_jetpack_memberships_contains_paywalled_content":false,"_jetpack_memberships_contains_paid_content":false,"footnotes":"","jetpack_publicize_message":"","jetpack_publicize_feature_enabled":true,"jetpack_social_post_already_shared":false,"jetpack_social_options":{"image_generator_settings":{"template":"highway","enabled":false},"version":2}},"categories":[8],"tags":[],"class_list":{"0":"post-2466","1":"post","2":"type-post","3":"status-publish","4":"format-standard","5":"has-post-thumbnail","7":"category-noticia"},"jetpack_publicize_connections":[],"acf":[],"yoast_head":"<!-- This site is optimized with the Yoast SEO plugin v25.2 - https:\/\/yoast.com\/wordpress\/plugins\/seo\/ -->\n<title>Publica\u00e7\u00f5es do LAPPIS lideram lista dos 10 livros mais vendidos de 2007 da ABRASCO - Lappis 25 anos<\/title>\n<meta name=\"robots\" content=\"index, follow, max-snippet:-1, max-image-preview:large, max-video-preview:-1\" \/>\n<link rel=\"canonical\" href=\"https:\/\/lappis.org.br\/site\/publicacoes-do-lappis-lideram-lista-dos-10-livros-mais-vendidos-de-2007-da-abrasco\/2466\" \/>\n<meta property=\"og:locale\" content=\"pt_BR\" \/>\n<meta property=\"og:type\" content=\"article\" \/>\n<meta property=\"og:title\" content=\"Publica\u00e7\u00f5es do LAPPIS lideram lista dos 10 livros mais vendidos de 2007 da ABRASCO - Lappis 25 anos\" \/>\n<meta property=\"og:description\" content=\"Seis publica\u00e7\u00f5es do LAPPIS lideraram a lista dos 10 livros mais adquiridos em 2007. S\u00e3o elas: &ldquo;Trabalho em Equipe sob o Eixo da Integralidade: Valores, Saberes e Pr\u00e1ticas&rdquo; (Roseni Pinheiro, Maria Elizabeth Barros de Barros e Ruben Ara\u00fajo Mattos), alcan\u00e7ou o segundo lugar; &ldquo;Gest\u00e3o em Redes &ndash; Pr\u00e1ticas de Avalia\u00e7\u00e3o, Forma\u00e7\u00e3o e Participa\u00e7\u00e3o na Sa\u00fade&rdquo;; &ldquo;Os Sentidos da Integralidade na Aten\u00e7\u00e3o e no Cuidado \u00e0 Sa\u00fade&rdquo;; &ldquo;Constru\u00e7\u00e3o Social da Demanda&rdquo;; &ldquo;Cuidado: As fronteiras da Integralidade&rdquo; (Roseni Pinheiro e Ruben Ara\u00fajo Mattos, organizadores) ficaram, respectivamente, em 4\u00ba, 6\u00ba, 7\u00ba, 8\u00ba e 9\u00ba lugar. [...]\" \/>\n<meta property=\"og:url\" content=\"https:\/\/lappis.org.br\/site\/publicacoes-do-lappis-lideram-lista-dos-10-livros-mais-vendidos-de-2007-da-abrasco\/2466\" \/>\n<meta property=\"og:site_name\" content=\"Lappis 25 anos\" \/>\n<meta property=\"article:published_time\" content=\"2008-02-25T06:00:00+00:00\" \/>\n<meta property=\"og:image\" content=\"https:\/\/lappis.org.br\/site\/wp-content\/uploads\/2008\/02\/capas2007.jpg\" \/>\n\t<meta property=\"og:image:width\" content=\"426\" \/>\n\t<meta property=\"og:image:height\" content=\"116\" \/>\n\t<meta property=\"og:image:type\" content=\"image\/jpeg\" \/>\n<meta name=\"author\" content=\"fw2\" \/>\n<meta name=\"twitter:card\" content=\"summary_large_image\" \/>\n<meta name=\"twitter:label1\" content=\"Escrito por\" \/>\n\t<meta name=\"twitter:data1\" content=\"fw2\" \/>\n\t<meta name=\"twitter:label2\" content=\"Est. tempo de leitura\" \/>\n\t<meta name=\"twitter:data2\" content=\"2 minutos\" \/>\n<script type=\"application\/ld+json\" class=\"yoast-schema-graph\">{\"@context\":\"https:\/\/schema.org\",\"@graph\":[{\"@type\":\"Article\",\"@id\":\"https:\/\/lappis.org.br\/site\/publicacoes-do-lappis-lideram-lista-dos-10-livros-mais-vendidos-de-2007-da-abrasco\/2466#article\",\"isPartOf\":{\"@id\":\"https:\/\/lappis.org.br\/site\/publicacoes-do-lappis-lideram-lista-dos-10-livros-mais-vendidos-de-2007-da-abrasco\/2466\"},\"author\":{\"name\":\"fw2\",\"@id\":\"https:\/\/lappis.org.br\/site\/#\/schema\/person\/3852381d08284b5e2716b20bd89bdbcf\"},\"headline\":\"Publica\u00e7\u00f5es do LAPPIS lideram lista dos 10 livros mais vendidos de 2007 da ABRASCO\",\"datePublished\":\"2008-02-25T06:00:00+00:00\",\"mainEntityOfPage\":{\"@id\":\"https:\/\/lappis.org.br\/site\/publicacoes-do-lappis-lideram-lista-dos-10-livros-mais-vendidos-de-2007-da-abrasco\/2466\"},\"wordCount\":357,\"commentCount\":0,\"publisher\":{\"@id\":\"https:\/\/lappis.org.br\/site\/#organization\"},\"image\":{\"@id\":\"https:\/\/lappis.org.br\/site\/publicacoes-do-lappis-lideram-lista-dos-10-livros-mais-vendidos-de-2007-da-abrasco\/2466#primaryimage\"},\"thumbnailUrl\":\"https:\/\/lappis.org.br\/site\/wp-content\/uploads\/2008\/02\/capas2007.jpg\",\"articleSection\":[\"Not\u00edcia\"],\"inLanguage\":\"pt-BR\",\"potentialAction\":[{\"@type\":\"CommentAction\",\"name\":\"Comment\",\"target\":[\"https:\/\/lappis.org.br\/site\/publicacoes-do-lappis-lideram-lista-dos-10-livros-mais-vendidos-de-2007-da-abrasco\/2466#respond\"]}]},{\"@type\":\"WebPage\",\"@id\":\"https:\/\/lappis.org.br\/site\/publicacoes-do-lappis-lideram-lista-dos-10-livros-mais-vendidos-de-2007-da-abrasco\/2466\",\"url\":\"https:\/\/lappis.org.br\/site\/publicacoes-do-lappis-lideram-lista-dos-10-livros-mais-vendidos-de-2007-da-abrasco\/2466\",\"name\":\"Publica\u00e7\u00f5es do LAPPIS lideram lista dos 10 livros mais vendidos de 2007 da ABRASCO - Lappis 25 anos\",\"isPartOf\":{\"@id\":\"https:\/\/lappis.org.br\/site\/#website\"},\"primaryImageOfPage\":{\"@id\":\"https:\/\/lappis.org.br\/site\/publicacoes-do-lappis-lideram-lista-dos-10-livros-mais-vendidos-de-2007-da-abrasco\/2466#primaryimage\"},\"image\":{\"@id\":\"https:\/\/lappis.org.br\/site\/publicacoes-do-lappis-lideram-lista-dos-10-livros-mais-vendidos-de-2007-da-abrasco\/2466#primaryimage\"},\"thumbnailUrl\":\"https:\/\/lappis.org.br\/site\/wp-content\/uploads\/2008\/02\/capas2007.jpg\",\"datePublished\":\"2008-02-25T06:00:00+00:00\",\"breadcrumb\":{\"@id\":\"https:\/\/lappis.org.br\/site\/publicacoes-do-lappis-lideram-lista-dos-10-livros-mais-vendidos-de-2007-da-abrasco\/2466#breadcrumb\"},\"inLanguage\":\"pt-BR\",\"potentialAction\":[{\"@type\":\"ReadAction\",\"target\":[\"https:\/\/lappis.org.br\/site\/publicacoes-do-lappis-lideram-lista-dos-10-livros-mais-vendidos-de-2007-da-abrasco\/2466\"]}]},{\"@type\":\"ImageObject\",\"inLanguage\":\"pt-BR\",\"@id\":\"https:\/\/lappis.org.br\/site\/publicacoes-do-lappis-lideram-lista-dos-10-livros-mais-vendidos-de-2007-da-abrasco\/2466#primaryimage\",\"url\":\"https:\/\/lappis.org.br\/site\/wp-content\/uploads\/2008\/02\/capas2007.jpg\",\"contentUrl\":\"https:\/\/lappis.org.br\/site\/wp-content\/uploads\/2008\/02\/capas2007.jpg\",\"width\":426,\"height\":116,\"caption\":\"capas2007.jpg\"},{\"@type\":\"BreadcrumbList\",\"@id\":\"https:\/\/lappis.org.br\/site\/publicacoes-do-lappis-lideram-lista-dos-10-livros-mais-vendidos-de-2007-da-abrasco\/2466#breadcrumb\",\"itemListElement\":[{\"@type\":\"ListItem\",\"position\":1,\"name\":\"In\u00edcio\",\"item\":\"https:\/\/lappis.org.br\/site\/\"},{\"@type\":\"ListItem\",\"position\":2,\"name\":\"Publica\u00e7\u00f5es do LAPPIS lideram lista dos 10 livros mais vendidos de 2007 da ABRASCO\"}]},{\"@type\":\"WebSite\",\"@id\":\"https:\/\/lappis.org.br\/site\/#website\",\"url\":\"https:\/\/lappis.org.br\/site\/\",\"name\":\"Lappis 25 anos\",\"description\":\"Labotat\u00f3rio de Pesquisas sobre Pr\u00e1ticas de Integralidade em Sa\u00fade\",\"publisher\":{\"@id\":\"https:\/\/lappis.org.br\/site\/#organization\"},\"potentialAction\":[{\"@type\":\"SearchAction\",\"target\":{\"@type\":\"EntryPoint\",\"urlTemplate\":\"https:\/\/lappis.org.br\/site\/?s={search_term_string}\"},\"query-input\":{\"@type\":\"PropertyValueSpecification\",\"valueRequired\":true,\"valueName\":\"search_term_string\"}}],\"inLanguage\":\"pt-BR\"},{\"@type\":\"Organization\",\"@id\":\"https:\/\/lappis.org.br\/site\/#organization\",\"name\":\"Lappis 25 anos\",\"url\":\"https:\/\/lappis.org.br\/site\/\",\"logo\":{\"@type\":\"ImageObject\",\"inLanguage\":\"pt-BR\",\"@id\":\"https:\/\/lappis.org.br\/site\/#\/schema\/logo\/image\/\",\"url\":\"https:\/\/lappis.org.br\/site\/wp-content\/uploads\/2025\/03\/logo-lappis25anos.png\",\"contentUrl\":\"https:\/\/lappis.org.br\/site\/wp-content\/uploads\/2025\/03\/logo-lappis25anos.png\",\"width\":388,\"height\":146,\"caption\":\"Lappis 25 anos\"},\"image\":{\"@id\":\"https:\/\/lappis.org.br\/site\/#\/schema\/logo\/image\/\"}},{\"@type\":\"Person\",\"@id\":\"https:\/\/lappis.org.br\/site\/#\/schema\/person\/3852381d08284b5e2716b20bd89bdbcf\",\"name\":\"fw2\",\"image\":{\"@type\":\"ImageObject\",\"inLanguage\":\"pt-BR\",\"@id\":\"https:\/\/lappis.org.br\/site\/#\/schema\/person\/image\/\",\"url\":\"https:\/\/secure.gravatar.com\/avatar\/c38472c0cdbde82d9b6fcc26adb3779d?s=96&d=mm&r=g\",\"contentUrl\":\"https:\/\/secure.gravatar.com\/avatar\/c38472c0cdbde82d9b6fcc26adb3779d?s=96&d=mm&r=g\",\"caption\":\"fw2\"},\"url\":\"https:\/\/lappis.org.br\/site\/author\/fw2\"}]}<\/script>\n<!-- \/ Yoast SEO plugin. -->","yoast_head_json":{"title":"Publica\u00e7\u00f5es do LAPPIS lideram lista dos 10 livros mais vendidos de 2007 da ABRASCO - Lappis 25 anos","robots":{"index":"index","follow":"follow","max-snippet":"max-snippet:-1","max-image-preview":"max-image-preview:large","max-video-preview":"max-video-preview:-1"},"canonical":"https:\/\/lappis.org.br\/site\/publicacoes-do-lappis-lideram-lista-dos-10-livros-mais-vendidos-de-2007-da-abrasco\/2466","og_locale":"pt_BR","og_type":"article","og_title":"Publica\u00e7\u00f5es do LAPPIS lideram lista dos 10 livros mais vendidos de 2007 da ABRASCO - Lappis 25 anos","og_description":"Seis publica\u00e7\u00f5es do LAPPIS lideraram a lista dos 10 livros mais adquiridos em 2007. S\u00e3o elas: &ldquo;Trabalho em Equipe sob o Eixo da Integralidade: Valores, Saberes e Pr\u00e1ticas&rdquo; (Roseni Pinheiro, Maria Elizabeth Barros de Barros e Ruben Ara\u00fajo Mattos), alcan\u00e7ou o segundo lugar; &ldquo;Gest\u00e3o em Redes &ndash; Pr\u00e1ticas de Avalia\u00e7\u00e3o, Forma\u00e7\u00e3o e Participa\u00e7\u00e3o na Sa\u00fade&rdquo;; &ldquo;Os Sentidos da Integralidade na Aten\u00e7\u00e3o e no Cuidado \u00e0 Sa\u00fade&rdquo;; &ldquo;Constru\u00e7\u00e3o Social da Demanda&rdquo;; &ldquo;Cuidado: As fronteiras da Integralidade&rdquo; (Roseni Pinheiro e Ruben Ara\u00fajo Mattos, organizadores) ficaram, respectivamente, em 4\u00ba, 6\u00ba, 7\u00ba, 8\u00ba e 9\u00ba lugar. [...]","og_url":"https:\/\/lappis.org.br\/site\/publicacoes-do-lappis-lideram-lista-dos-10-livros-mais-vendidos-de-2007-da-abrasco\/2466","og_site_name":"Lappis 25 anos","article_published_time":"2008-02-25T06:00:00+00:00","og_image":[{"width":426,"height":116,"url":"https:\/\/lappis.org.br\/site\/wp-content\/uploads\/2008\/02\/capas2007.jpg","type":"image\/jpeg"}],"author":"fw2","twitter_card":"summary_large_image","twitter_misc":{"Escrito por":"fw2","Est. tempo de leitura":"2 minutos"},"schema":{"@context":"https:\/\/schema.org","@graph":[{"@type":"Article","@id":"https:\/\/lappis.org.br\/site\/publicacoes-do-lappis-lideram-lista-dos-10-livros-mais-vendidos-de-2007-da-abrasco\/2466#article","isPartOf":{"@id":"https:\/\/lappis.org.br\/site\/publicacoes-do-lappis-lideram-lista-dos-10-livros-mais-vendidos-de-2007-da-abrasco\/2466"},"author":{"name":"fw2","@id":"https:\/\/lappis.org.br\/site\/#\/schema\/person\/3852381d08284b5e2716b20bd89bdbcf"},"headline":"Publica\u00e7\u00f5es do LAPPIS lideram lista dos 10 livros mais vendidos de 2007 da ABRASCO","datePublished":"2008-02-25T06:00:00+00:00","mainEntityOfPage":{"@id":"https:\/\/lappis.org.br\/site\/publicacoes-do-lappis-lideram-lista-dos-10-livros-mais-vendidos-de-2007-da-abrasco\/2466"},"wordCount":357,"commentCount":0,"publisher":{"@id":"https:\/\/lappis.org.br\/site\/#organization"},"image":{"@id":"https:\/\/lappis.org.br\/site\/publicacoes-do-lappis-lideram-lista-dos-10-livros-mais-vendidos-de-2007-da-abrasco\/2466#primaryimage"},"thumbnailUrl":"https:\/\/lappis.org.br\/site\/wp-content\/uploads\/2008\/02\/capas2007.jpg","articleSection":["Not\u00edcia"],"inLanguage":"pt-BR","potentialAction":[{"@type":"CommentAction","name":"Comment","target":["https:\/\/lappis.org.br\/site\/publicacoes-do-lappis-lideram-lista-dos-10-livros-mais-vendidos-de-2007-da-abrasco\/2466#respond"]}]},{"@type":"WebPage","@id":"https:\/\/lappis.org.br\/site\/publicacoes-do-lappis-lideram-lista-dos-10-livros-mais-vendidos-de-2007-da-abrasco\/2466","url":"https:\/\/lappis.org.br\/site\/publicacoes-do-lappis-lideram-lista-dos-10-livros-mais-vendidos-de-2007-da-abrasco\/2466","name":"Publica\u00e7\u00f5es do LAPPIS lideram lista dos 10 livros mais vendidos de 2007 da ABRASCO - Lappis 25 anos","isPartOf":{"@id":"https:\/\/lappis.org.br\/site\/#website"},"primaryImageOfPage":{"@id":"https:\/\/lappis.org.br\/site\/publicacoes-do-lappis-lideram-lista-dos-10-livros-mais-vendidos-de-2007-da-abrasco\/2466#primaryimage"},"image":{"@id":"https:\/\/lappis.org.br\/site\/publicacoes-do-lappis-lideram-lista-dos-10-livros-mais-vendidos-de-2007-da-abrasco\/2466#primaryimage"},"thumbnailUrl":"https:\/\/lappis.org.br\/site\/wp-content\/uploads\/2008\/02\/capas2007.jpg","datePublished":"2008-02-25T06:00:00+00:00","breadcrumb":{"@id":"https:\/\/lappis.org.br\/site\/publicacoes-do-lappis-lideram-lista-dos-10-livros-mais-vendidos-de-2007-da-abrasco\/2466#breadcrumb"},"inLanguage":"pt-BR","potentialAction":[{"@type":"ReadAction","target":["https:\/\/lappis.org.br\/site\/publicacoes-do-lappis-lideram-lista-dos-10-livros-mais-vendidos-de-2007-da-abrasco\/2466"]}]},{"@type":"ImageObject","inLanguage":"pt-BR","@id":"https:\/\/lappis.org.br\/site\/publicacoes-do-lappis-lideram-lista-dos-10-livros-mais-vendidos-de-2007-da-abrasco\/2466#primaryimage","url":"https:\/\/lappis.org.br\/site\/wp-content\/uploads\/2008\/02\/capas2007.jpg","contentUrl":"https:\/\/lappis.org.br\/site\/wp-content\/uploads\/2008\/02\/capas2007.jpg","width":426,"height":116,"caption":"capas2007.jpg"},{"@type":"BreadcrumbList","@id":"https:\/\/lappis.org.br\/site\/publicacoes-do-lappis-lideram-lista-dos-10-livros-mais-vendidos-de-2007-da-abrasco\/2466#breadcrumb","itemListElement":[{"@type":"ListItem","position":1,"name":"In\u00edcio","item":"https:\/\/lappis.org.br\/site\/"},{"@type":"ListItem","position":2,"name":"Publica\u00e7\u00f5es do LAPPIS lideram lista dos 10 livros mais vendidos de 2007 da ABRASCO"}]},{"@type":"WebSite","@id":"https:\/\/lappis.org.br\/site\/#website","url":"https:\/\/lappis.org.br\/site\/","name":"Lappis 25 anos","description":"Labotat\u00f3rio de Pesquisas sobre Pr\u00e1ticas de Integralidade em Sa\u00fade","publisher":{"@id":"https:\/\/lappis.org.br\/site\/#organization"},"potentialAction":[{"@type":"SearchAction","target":{"@type":"EntryPoint","urlTemplate":"https:\/\/lappis.org.br\/site\/?s={search_term_string}"},"query-input":{"@type":"PropertyValueSpecification","valueRequired":true,"valueName":"search_term_string"}}],"inLanguage":"pt-BR"},{"@type":"Organization","@id":"https:\/\/lappis.org.br\/site\/#organization","name":"Lappis 25 anos","url":"https:\/\/lappis.org.br\/site\/","logo":{"@type":"ImageObject","inLanguage":"pt-BR","@id":"https:\/\/lappis.org.br\/site\/#\/schema\/logo\/image\/","url":"https:\/\/lappis.org.br\/site\/wp-content\/uploads\/2025\/03\/logo-lappis25anos.png","contentUrl":"https:\/\/lappis.org.br\/site\/wp-content\/uploads\/2025\/03\/logo-lappis25anos.png","width":388,"height":146,"caption":"Lappis 25 anos"},"image":{"@id":"https:\/\/lappis.org.br\/site\/#\/schema\/logo\/image\/"}},{"@type":"Person","@id":"https:\/\/lappis.org.br\/site\/#\/schema\/person\/3852381d08284b5e2716b20bd89bdbcf","name":"fw2","image":{"@type":"ImageObject","inLanguage":"pt-BR","@id":"https:\/\/lappis.org.br\/site\/#\/schema\/person\/image\/","url":"https:\/\/secure.gravatar.com\/avatar\/c38472c0cdbde82d9b6fcc26adb3779d?s=96&d=mm&r=g","contentUrl":"https:\/\/secure.gravatar.com\/avatar\/c38472c0cdbde82d9b6fcc26adb3779d?s=96&d=mm&r=g","caption":"fw2"},"url":"https:\/\/lappis.org.br\/site\/author\/fw2"}]}},"jetpack_featured_media_url":"https:\/\/lappis.org.br\/site\/wp-content\/uploads\/2008\/02\/capas2007.jpg","jetpack_shortlink":"https:\/\/wp.me\/p954Nh-DM","jetpack_sharing_enabled":true,"_links":{"self":[{"href":"https:\/\/lappis.org.br\/site\/wp-json\/wp\/v2\/posts\/2466"}],"collection":[{"href":"https:\/\/lappis.org.br\/site\/wp-json\/wp\/v2\/posts"}],"about":[{"href":"https:\/\/lappis.org.br\/site\/wp-json\/wp\/v2\/types\/post"}],"author":[{"embeddable":true,"href":"https:\/\/lappis.org.br\/site\/wp-json\/wp\/v2\/users\/1"}],"replies":[{"embeddable":true,"href":"https:\/\/lappis.org.br\/site\/wp-json\/wp\/v2\/comments?post=2466"}],"version-history":[{"count":0,"href":"https:\/\/lappis.org.br\/site\/wp-json\/wp\/v2\/posts\/2466\/revisions"}],"wp:featuredmedia":[{"embeddable":true,"href":"https:\/\/lappis.org.br\/site\/wp-json\/wp\/v2\/media\/2465"}],"wp:attachment":[{"href":"https:\/\/lappis.org.br\/site\/wp-json\/wp\/v2\/media?parent=2466"}],"wp:term":[{"taxonomy":"category","embeddable":true,"href":"https:\/\/lappis.org.br\/site\/wp-json\/wp\/v2\/categories?post=2466"},{"taxonomy":"post_tag","embeddable":true,"href":"https:\/\/lappis.org.br\/site\/wp-json\/wp\/v2\/tags?post=2466"}],"curies":[{"name":"wp","href":"https:\/\/api.w.org\/{rel}","templated":true}]}}