{"id":2464,"date":"2008-02-25T03:00:00","date_gmt":"2008-02-25T06:00:00","guid":{"rendered":"http:\/\/lappis.org.br\/site\/2008\/02\/25\/ministerio-da-saude-abre-inscricoes-de-trabalhos-para-3o-mostra-nacional-de-producao-em-saude-da-familia-e-do-3o-concurso-nacional-de-experiencias-em-saude-da-familia\/"},"modified":"2008-02-25T03:00:00","modified_gmt":"2008-02-25T06:00:00","slug":"ministerio-da-saude-abre-inscricoes-de-trabalhos-para-3o-mostra-nacional-de-producao-em-saude-da-familia-e-do-3o-concurso-nacional-de-experiencias-em-saude-da-familia","status":"publish","type":"post","link":"https:\/\/lappis.org.br\/site\/ministerio-da-saude-abre-inscricoes-de-trabalhos-para-3o-mostra-nacional-de-producao-em-saude-da-familia-e-do-3o-concurso-nacional-de-experiencias-em-saude-da-familia\/2464","title":{"rendered":"Minist\u00e9rio da Sa\u00fade abre inscri\u00e7\u00f5es de trabalhos para 3\u00aa Mostra Nacional de Produ\u00e7\u00e3o em Sa\u00fade da Fam\u00edlia e do 3\u00ba Concurso Nacional de Experi\u00eancias em Sa\u00fade da Fam\u00edlia."},"content":{"rendered":"<p style=\"text-align: justify;\"> \tAs inscri\u00e7\u00f5es de trabalhos para a 3\u00aa Mostra Nacional de Produ\u00e7\u00e3o em Sa\u00fade da Fam\u00edlia e do 3\u00ba Concurso Nacional de Experi\u00eancias em Sa\u00fade da Fam\u00edlia foram abertas em janeiro pelo Minist\u00e9rio da Sa\u00fade, atrav\u00e9s do site<\/p>\n<p style=\"text-align: justify;\"> \t\u00a0<a href=\"http:\/\/www.saude.gov.br\/dab\" target=\"_blank\">www.saude.gov.br\/dab<\/a>. O evento tem por objetivo incentivar, divulgar e valorizar o trabalho das mais de 28 mil Equipes da Sa\u00fade da Fam\u00edlia, que atendem mais de 88 milh\u00f5es de brasileiros, na Aten\u00e7\u00e3o B\u00e1sica \u00e0 Sa\u00fade.<br \/> \tA estrat\u00e9gia Sa\u00fade da Fam\u00edlia, presente em praticamente todo o territ\u00f3rio nacional, \u00e9 uma das pol\u00edticas p\u00fablicas sociais que tem ampliado o acesso ao Sistema \u00danico de Sa\u00fade a milh\u00f5es de brasileiros, por meio das pr\u00e1ticas preventivas, de promo\u00e7\u00e3o, de tratamento e reabilita\u00e7\u00e3o, de maneira resolutiva.<\/p>\n<p> \tA 3\u00aa Mostra Nacional de Produ\u00e7\u00e3o em Sa\u00fade da Fam\u00edlia integra as comemora\u00e7\u00f5es dos 15 anos de implanta\u00e7\u00e3o da estrat\u00e9gia Sa\u00fade da Fam\u00edlia no pa\u00eds. Das 345 equipes iniciais, em 1993, hoje a Sa\u00fade da Fam\u00edlia representa um contingente de profissionais. Os Agentes Comunit\u00e1rios de Sa\u00fade j\u00e1 somam mais de 220 mil profissionais qualificados. Frente a todo este universo de trabalhadores &#8211; cada um deles atuando numa realidade pr\u00f3pria e, conseq\u00fcentemente, chegando a solu\u00e7\u00f5es diferentes e criativas &ndash; o Minist\u00e9rio da Sa\u00fade quer possibilitar o compartilhamento do conhecimento e experi\u00eancias que acontecem nas diferentes regi\u00f5es do pa\u00eds, onde, por meio de sua sistematiza\u00e7\u00e3o, amplie-se os elementos que subsidiem a qualifica\u00e7\u00e3o da Aten\u00e7\u00e3o B\u00e1sica no Brasil.<\/p>\n<p> \tPropiciar espa\u00e7os de aperfei\u00e7oamento das pr\u00e1ticas profissionais em Aten\u00e7\u00e3o B\u00e1sica\/Sa\u00fade da Fam\u00edlia, por meio do interc\u00e2mbio de experi\u00eancias; contribuir para a sustenta\u00e7\u00e3o da AB\/SF como pol\u00edtica de organiza\u00e7\u00e3o das Redes de Aten\u00e7\u00e3o do SUS; ampliar o debate sobre Aten\u00e7\u00e3o Primaria \u00e0 Sa\u00fade por meio da troca de experi\u00eancias nacionais e internacionais; integrar ensino\/servi\u00e7o na capacita\u00e7\u00e3o, forma\u00e7\u00e3o, educa\u00e7\u00e3o permanente para AB\/SF; promover atualiza\u00e7\u00e3o sobre temas relevantes para as praticas em Aten\u00e7\u00e3o B\u00e1sica; identificar, divulgar e premiar experi\u00eancias exitosas que contribuam para o fortalecimento da Sa\u00fade da Fam\u00edlia no Brasil s\u00e3o alguns dos objetivos propostos pela mostra.<\/p>\n<p> \tO p\u00fablico-alvo do evento \u00e9 composto por gestores, Equipes de Sa\u00fade da Fam\u00edlia, coordena\u00e7\u00f5es municipais e estaduais, institui\u00e7\u00f5es de ensino, pesquisa e entidades afins de todo o Brasil, al\u00e9m de institui\u00e7\u00f5es internacionais.<br \/> \tAs inscri\u00e7\u00f5es dos trabalhos est\u00e3o abertas, no site <a href=\"http:\/\/www.saude.gov.br\/dab\" target=\"_blank\">www.saude.gov.br\/dab<\/a>, at\u00e9 o dia 30 de Mar\u00e7o. A Mostra ocorrer\u00e1 entre os dias 05 e 08 de agosto de 2008, em Bras\u00edlia, quando ser\u00e3o conhecidos os trabalhos vencedores.<\/p>\n","protected":false},"excerpt":{"rendered":"<div class=\"mh-excerpt\"><p style=\"text-align: justify;\"> \tAs inscri\u00e7\u00f5es de trabalhos para a 3\u00aa Mostra Nacional de Produ\u00e7\u00e3o em Sa\u00fade da Fam\u00edlia e do 3\u00ba Concurso Nacional de Experi\u00eancias em Sa\u00fade da Fam\u00edlia foram abertas em janeiro pelo Minist\u00e9rio da Sa\u00fade, atrav\u00e9s do site<\/p>\n<p>  <a class=\"mh-excerpt-more\" href=\"https:\/\/lappis.org.br\/site\/ministerio-da-saude-abre-inscricoes-de-trabalhos-para-3o-mostra-nacional-de-producao-em-saude-da-familia-e-do-3o-concurso-nacional-de-experiencias-em-saude-da-familia\/2464\" title=\"Minist\u00e9rio da Sa\u00fade abre inscri\u00e7\u00f5es de trabalhos para 3\u00aa Mostra Nacional de Produ\u00e7\u00e3o em Sa\u00fade da Fam\u00edlia e do 3\u00ba Concurso Nacional de Experi\u00eancias em Sa\u00fade da Fam\u00edlia.\">[&#8230;]<\/a><\/p>\n<\/div>","protected":false},"author":1,"featured_media":0,"comment_status":"open","ping_status":"open","sticky":false,"template":"","format":"standard","meta":{"_acf_changed":false,"_exactmetrics_skip_tracking":false,"_exactmetrics_sitenote_active":false,"_exactmetrics_sitenote_note":"","_exactmetrics_sitenote_category":0,"jetpack_post_was_ever_published":false,"_jetpack_newsletter_access":"","_jetpack_dont_email_post_to_subs":false,"_jetpack_newsletter_tier_id":0,"_jetpack_memberships_contains_paywalled_content":false,"_jetpack_memberships_contains_paid_content":false,"footnotes":"","jetpack_publicize_message":"","jetpack_publicize_feature_enabled":true,"jetpack_social_post_already_shared":false,"jetpack_social_options":{"image_generator_settings":{"template":"highway","enabled":false},"version":2}},"categories":[8],"tags":[],"class_list":{"0":"post-2464","1":"post","2":"type-post","3":"status-publish","4":"format-standard","6":"category-noticia"},"jetpack_publicize_connections":[],"acf":[],"yoast_head":"<!-- This site is optimized with the Yoast SEO plugin v25.2 - https:\/\/yoast.com\/wordpress\/plugins\/seo\/ -->\n<title>Minist\u00e9rio da Sa\u00fade abre inscri\u00e7\u00f5es de trabalhos para 3\u00aa Mostra Nacional de Produ\u00e7\u00e3o em Sa\u00fade da Fam\u00edlia e do 3\u00ba Concurso Nacional de Experi\u00eancias em Sa\u00fade da Fam\u00edlia. - Lappis 25 anos<\/title>\n<meta name=\"robots\" content=\"index, follow, max-snippet:-1, max-image-preview:large, max-video-preview:-1\" \/>\n<link rel=\"canonical\" href=\"https:\/\/lappis.org.br\/site\/ministerio-da-saude-abre-inscricoes-de-trabalhos-para-3o-mostra-nacional-de-producao-em-saude-da-familia-e-do-3o-concurso-nacional-de-experiencias-em-saude-da-familia\/2464\" \/>\n<meta property=\"og:locale\" content=\"pt_BR\" \/>\n<meta property=\"og:type\" content=\"article\" \/>\n<meta property=\"og:title\" content=\"Minist\u00e9rio da Sa\u00fade abre inscri\u00e7\u00f5es de trabalhos para 3\u00aa Mostra Nacional de Produ\u00e7\u00e3o em Sa\u00fade da Fam\u00edlia e do 3\u00ba Concurso Nacional de Experi\u00eancias em Sa\u00fade da Fam\u00edlia. - Lappis 25 anos\" \/>\n<meta property=\"og:description\" content=\"As inscri\u00e7\u00f5es de trabalhos para a 3\u00aa Mostra Nacional de Produ\u00e7\u00e3o em Sa\u00fade da Fam\u00edlia e do 3\u00ba Concurso Nacional de Experi\u00eancias em Sa\u00fade da Fam\u00edlia foram abertas em janeiro pelo Minist\u00e9rio da Sa\u00fade, atrav\u00e9s do site [...]\" \/>\n<meta property=\"og:url\" content=\"https:\/\/lappis.org.br\/site\/ministerio-da-saude-abre-inscricoes-de-trabalhos-para-3o-mostra-nacional-de-producao-em-saude-da-familia-e-do-3o-concurso-nacional-de-experiencias-em-saude-da-familia\/2464\" \/>\n<meta property=\"og:site_name\" content=\"Lappis 25 anos\" \/>\n<meta property=\"article:published_time\" content=\"2008-02-25T06:00:00+00:00\" \/>\n<meta name=\"author\" content=\"fw2\" \/>\n<meta name=\"twitter:card\" content=\"summary_large_image\" \/>\n<meta name=\"twitter:label1\" content=\"Escrito por\" \/>\n\t<meta name=\"twitter:data1\" content=\"fw2\" \/>\n\t<meta name=\"twitter:label2\" content=\"Est. tempo de leitura\" \/>\n\t<meta name=\"twitter:data2\" content=\"2 minutos\" \/>\n<script type=\"application\/ld+json\" class=\"yoast-schema-graph\">{\"@context\":\"https:\/\/schema.org\",\"@graph\":[{\"@type\":\"Article\",\"@id\":\"https:\/\/lappis.org.br\/site\/ministerio-da-saude-abre-inscricoes-de-trabalhos-para-3o-mostra-nacional-de-producao-em-saude-da-familia-e-do-3o-concurso-nacional-de-experiencias-em-saude-da-familia\/2464#article\",\"isPartOf\":{\"@id\":\"https:\/\/lappis.org.br\/site\/ministerio-da-saude-abre-inscricoes-de-trabalhos-para-3o-mostra-nacional-de-producao-em-saude-da-familia-e-do-3o-concurso-nacional-de-experiencias-em-saude-da-familia\/2464\"},\"author\":{\"name\":\"fw2\",\"@id\":\"https:\/\/lappis.org.br\/site\/#\/schema\/person\/3852381d08284b5e2716b20bd89bdbcf\"},\"headline\":\"Minist\u00e9rio da Sa\u00fade abre inscri\u00e7\u00f5es de trabalhos para 3\u00aa Mostra Nacional de Produ\u00e7\u00e3o em Sa\u00fade da Fam\u00edlia e do 3\u00ba Concurso Nacional de Experi\u00eancias em Sa\u00fade da Fam\u00edlia.\",\"datePublished\":\"2008-02-25T06:00:00+00:00\",\"mainEntityOfPage\":{\"@id\":\"https:\/\/lappis.org.br\/site\/ministerio-da-saude-abre-inscricoes-de-trabalhos-para-3o-mostra-nacional-de-producao-em-saude-da-familia-e-do-3o-concurso-nacional-de-experiencias-em-saude-da-familia\/2464\"},\"wordCount\":517,\"commentCount\":0,\"publisher\":{\"@id\":\"https:\/\/lappis.org.br\/site\/#organization\"},\"articleSection\":[\"Not\u00edcia\"],\"inLanguage\":\"pt-BR\",\"potentialAction\":[{\"@type\":\"CommentAction\",\"name\":\"Comment\",\"target\":[\"https:\/\/lappis.org.br\/site\/ministerio-da-saude-abre-inscricoes-de-trabalhos-para-3o-mostra-nacional-de-producao-em-saude-da-familia-e-do-3o-concurso-nacional-de-experiencias-em-saude-da-familia\/2464#respond\"]}]},{\"@type\":\"WebPage\",\"@id\":\"https:\/\/lappis.org.br\/site\/ministerio-da-saude-abre-inscricoes-de-trabalhos-para-3o-mostra-nacional-de-producao-em-saude-da-familia-e-do-3o-concurso-nacional-de-experiencias-em-saude-da-familia\/2464\",\"url\":\"https:\/\/lappis.org.br\/site\/ministerio-da-saude-abre-inscricoes-de-trabalhos-para-3o-mostra-nacional-de-producao-em-saude-da-familia-e-do-3o-concurso-nacional-de-experiencias-em-saude-da-familia\/2464\",\"name\":\"Minist\u00e9rio da Sa\u00fade abre inscri\u00e7\u00f5es de trabalhos para 3\u00aa Mostra Nacional de Produ\u00e7\u00e3o em Sa\u00fade da Fam\u00edlia e do 3\u00ba Concurso Nacional de Experi\u00eancias em Sa\u00fade da Fam\u00edlia. - Lappis 25 anos\",\"isPartOf\":{\"@id\":\"https:\/\/lappis.org.br\/site\/#website\"},\"datePublished\":\"2008-02-25T06:00:00+00:00\",\"breadcrumb\":{\"@id\":\"https:\/\/lappis.org.br\/site\/ministerio-da-saude-abre-inscricoes-de-trabalhos-para-3o-mostra-nacional-de-producao-em-saude-da-familia-e-do-3o-concurso-nacional-de-experiencias-em-saude-da-familia\/2464#breadcrumb\"},\"inLanguage\":\"pt-BR\",\"potentialAction\":[{\"@type\":\"ReadAction\",\"target\":[\"https:\/\/lappis.org.br\/site\/ministerio-da-saude-abre-inscricoes-de-trabalhos-para-3o-mostra-nacional-de-producao-em-saude-da-familia-e-do-3o-concurso-nacional-de-experiencias-em-saude-da-familia\/2464\"]}]},{\"@type\":\"BreadcrumbList\",\"@id\":\"https:\/\/lappis.org.br\/site\/ministerio-da-saude-abre-inscricoes-de-trabalhos-para-3o-mostra-nacional-de-producao-em-saude-da-familia-e-do-3o-concurso-nacional-de-experiencias-em-saude-da-familia\/2464#breadcrumb\",\"itemListElement\":[{\"@type\":\"ListItem\",\"position\":1,\"name\":\"In\u00edcio\",\"item\":\"https:\/\/lappis.org.br\/site\/\"},{\"@type\":\"ListItem\",\"position\":2,\"name\":\"Minist\u00e9rio da Sa\u00fade abre inscri\u00e7\u00f5es de trabalhos para 3\u00aa Mostra Nacional de Produ\u00e7\u00e3o em Sa\u00fade da Fam\u00edlia e do 3\u00ba Concurso Nacional de Experi\u00eancias em Sa\u00fade da Fam\u00edlia.\"}]},{\"@type\":\"WebSite\",\"@id\":\"https:\/\/lappis.org.br\/site\/#website\",\"url\":\"https:\/\/lappis.org.br\/site\/\",\"name\":\"Lappis 25 anos\",\"description\":\"Labotat\u00f3rio de Pesquisas sobre Pr\u00e1ticas de Integralidade em Sa\u00fade\",\"publisher\":{\"@id\":\"https:\/\/lappis.org.br\/site\/#organization\"},\"potentialAction\":[{\"@type\":\"SearchAction\",\"target\":{\"@type\":\"EntryPoint\",\"urlTemplate\":\"https:\/\/lappis.org.br\/site\/?s={search_term_string}\"},\"query-input\":{\"@type\":\"PropertyValueSpecification\",\"valueRequired\":true,\"valueName\":\"search_term_string\"}}],\"inLanguage\":\"pt-BR\"},{\"@type\":\"Organization\",\"@id\":\"https:\/\/lappis.org.br\/site\/#organization\",\"name\":\"Lappis 25 anos\",\"url\":\"https:\/\/lappis.org.br\/site\/\",\"logo\":{\"@type\":\"ImageObject\",\"inLanguage\":\"pt-BR\",\"@id\":\"https:\/\/lappis.org.br\/site\/#\/schema\/logo\/image\/\",\"url\":\"https:\/\/lappis.org.br\/site\/wp-content\/uploads\/2025\/03\/logo-lappis25anos.png\",\"contentUrl\":\"https:\/\/lappis.org.br\/site\/wp-content\/uploads\/2025\/03\/logo-lappis25anos.png\",\"width\":388,\"height\":146,\"caption\":\"Lappis 25 anos\"},\"image\":{\"@id\":\"https:\/\/lappis.org.br\/site\/#\/schema\/logo\/image\/\"}},{\"@type\":\"Person\",\"@id\":\"https:\/\/lappis.org.br\/site\/#\/schema\/person\/3852381d08284b5e2716b20bd89bdbcf\",\"name\":\"fw2\",\"image\":{\"@type\":\"ImageObject\",\"inLanguage\":\"pt-BR\",\"@id\":\"https:\/\/lappis.org.br\/site\/#\/schema\/person\/image\/\",\"url\":\"https:\/\/secure.gravatar.com\/avatar\/c38472c0cdbde82d9b6fcc26adb3779d?s=96&d=mm&r=g\",\"contentUrl\":\"https:\/\/secure.gravatar.com\/avatar\/c38472c0cdbde82d9b6fcc26adb3779d?s=96&d=mm&r=g\",\"caption\":\"fw2\"},\"url\":\"https:\/\/lappis.org.br\/site\/author\/fw2\"}]}<\/script>\n<!-- \/ Yoast SEO plugin. -->","yoast_head_json":{"title":"Minist\u00e9rio da Sa\u00fade abre inscri\u00e7\u00f5es de trabalhos para 3\u00aa Mostra Nacional de Produ\u00e7\u00e3o em Sa\u00fade da Fam\u00edlia e do 3\u00ba Concurso Nacional de Experi\u00eancias em Sa\u00fade da Fam\u00edlia. - Lappis 25 anos","robots":{"index":"index","follow":"follow","max-snippet":"max-snippet:-1","max-image-preview":"max-image-preview:large","max-video-preview":"max-video-preview:-1"},"canonical":"https:\/\/lappis.org.br\/site\/ministerio-da-saude-abre-inscricoes-de-trabalhos-para-3o-mostra-nacional-de-producao-em-saude-da-familia-e-do-3o-concurso-nacional-de-experiencias-em-saude-da-familia\/2464","og_locale":"pt_BR","og_type":"article","og_title":"Minist\u00e9rio da Sa\u00fade abre inscri\u00e7\u00f5es de trabalhos para 3\u00aa Mostra Nacional de Produ\u00e7\u00e3o em Sa\u00fade da Fam\u00edlia e do 3\u00ba Concurso Nacional de Experi\u00eancias em Sa\u00fade da Fam\u00edlia. - Lappis 25 anos","og_description":"As inscri\u00e7\u00f5es de trabalhos para a 3\u00aa Mostra Nacional de Produ\u00e7\u00e3o em Sa\u00fade da Fam\u00edlia e do 3\u00ba Concurso Nacional de Experi\u00eancias em Sa\u00fade da Fam\u00edlia foram abertas em janeiro pelo Minist\u00e9rio da Sa\u00fade, atrav\u00e9s do site [...]","og_url":"https:\/\/lappis.org.br\/site\/ministerio-da-saude-abre-inscricoes-de-trabalhos-para-3o-mostra-nacional-de-producao-em-saude-da-familia-e-do-3o-concurso-nacional-de-experiencias-em-saude-da-familia\/2464","og_site_name":"Lappis 25 anos","article_published_time":"2008-02-25T06:00:00+00:00","author":"fw2","twitter_card":"summary_large_image","twitter_misc":{"Escrito por":"fw2","Est. tempo de leitura":"2 minutos"},"schema":{"@context":"https:\/\/schema.org","@graph":[{"@type":"Article","@id":"https:\/\/lappis.org.br\/site\/ministerio-da-saude-abre-inscricoes-de-trabalhos-para-3o-mostra-nacional-de-producao-em-saude-da-familia-e-do-3o-concurso-nacional-de-experiencias-em-saude-da-familia\/2464#article","isPartOf":{"@id":"https:\/\/lappis.org.br\/site\/ministerio-da-saude-abre-inscricoes-de-trabalhos-para-3o-mostra-nacional-de-producao-em-saude-da-familia-e-do-3o-concurso-nacional-de-experiencias-em-saude-da-familia\/2464"},"author":{"name":"fw2","@id":"https:\/\/lappis.org.br\/site\/#\/schema\/person\/3852381d08284b5e2716b20bd89bdbcf"},"headline":"Minist\u00e9rio da Sa\u00fade abre inscri\u00e7\u00f5es de trabalhos para 3\u00aa Mostra Nacional de Produ\u00e7\u00e3o em Sa\u00fade da Fam\u00edlia e do 3\u00ba Concurso Nacional de Experi\u00eancias em Sa\u00fade da Fam\u00edlia.","datePublished":"2008-02-25T06:00:00+00:00","mainEntityOfPage":{"@id":"https:\/\/lappis.org.br\/site\/ministerio-da-saude-abre-inscricoes-de-trabalhos-para-3o-mostra-nacional-de-producao-em-saude-da-familia-e-do-3o-concurso-nacional-de-experiencias-em-saude-da-familia\/2464"},"wordCount":517,"commentCount":0,"publisher":{"@id":"https:\/\/lappis.org.br\/site\/#organization"},"articleSection":["Not\u00edcia"],"inLanguage":"pt-BR","potentialAction":[{"@type":"CommentAction","name":"Comment","target":["https:\/\/lappis.org.br\/site\/ministerio-da-saude-abre-inscricoes-de-trabalhos-para-3o-mostra-nacional-de-producao-em-saude-da-familia-e-do-3o-concurso-nacional-de-experiencias-em-saude-da-familia\/2464#respond"]}]},{"@type":"WebPage","@id":"https:\/\/lappis.org.br\/site\/ministerio-da-saude-abre-inscricoes-de-trabalhos-para-3o-mostra-nacional-de-producao-em-saude-da-familia-e-do-3o-concurso-nacional-de-experiencias-em-saude-da-familia\/2464","url":"https:\/\/lappis.org.br\/site\/ministerio-da-saude-abre-inscricoes-de-trabalhos-para-3o-mostra-nacional-de-producao-em-saude-da-familia-e-do-3o-concurso-nacional-de-experiencias-em-saude-da-familia\/2464","name":"Minist\u00e9rio da Sa\u00fade abre inscri\u00e7\u00f5es de trabalhos para 3\u00aa Mostra Nacional de Produ\u00e7\u00e3o em Sa\u00fade da Fam\u00edlia e do 3\u00ba Concurso Nacional de Experi\u00eancias em Sa\u00fade da Fam\u00edlia. - Lappis 25 anos","isPartOf":{"@id":"https:\/\/lappis.org.br\/site\/#website"},"datePublished":"2008-02-25T06:00:00+00:00","breadcrumb":{"@id":"https:\/\/lappis.org.br\/site\/ministerio-da-saude-abre-inscricoes-de-trabalhos-para-3o-mostra-nacional-de-producao-em-saude-da-familia-e-do-3o-concurso-nacional-de-experiencias-em-saude-da-familia\/2464#breadcrumb"},"inLanguage":"pt-BR","potentialAction":[{"@type":"ReadAction","target":["https:\/\/lappis.org.br\/site\/ministerio-da-saude-abre-inscricoes-de-trabalhos-para-3o-mostra-nacional-de-producao-em-saude-da-familia-e-do-3o-concurso-nacional-de-experiencias-em-saude-da-familia\/2464"]}]},{"@type":"BreadcrumbList","@id":"https:\/\/lappis.org.br\/site\/ministerio-da-saude-abre-inscricoes-de-trabalhos-para-3o-mostra-nacional-de-producao-em-saude-da-familia-e-do-3o-concurso-nacional-de-experiencias-em-saude-da-familia\/2464#breadcrumb","itemListElement":[{"@type":"ListItem","position":1,"name":"In\u00edcio","item":"https:\/\/lappis.org.br\/site\/"},{"@type":"ListItem","position":2,"name":"Minist\u00e9rio da Sa\u00fade abre inscri\u00e7\u00f5es de trabalhos para 3\u00aa Mostra Nacional de Produ\u00e7\u00e3o em Sa\u00fade da Fam\u00edlia e do 3\u00ba Concurso Nacional de Experi\u00eancias em Sa\u00fade da Fam\u00edlia."}]},{"@type":"WebSite","@id":"https:\/\/lappis.org.br\/site\/#website","url":"https:\/\/lappis.org.br\/site\/","name":"Lappis 25 anos","description":"Labotat\u00f3rio de Pesquisas sobre Pr\u00e1ticas de Integralidade em Sa\u00fade","publisher":{"@id":"https:\/\/lappis.org.br\/site\/#organization"},"potentialAction":[{"@type":"SearchAction","target":{"@type":"EntryPoint","urlTemplate":"https:\/\/lappis.org.br\/site\/?s={search_term_string}"},"query-input":{"@type":"PropertyValueSpecification","valueRequired":true,"valueName":"search_term_string"}}],"inLanguage":"pt-BR"},{"@type":"Organization","@id":"https:\/\/lappis.org.br\/site\/#organization","name":"Lappis 25 anos","url":"https:\/\/lappis.org.br\/site\/","logo":{"@type":"ImageObject","inLanguage":"pt-BR","@id":"https:\/\/lappis.org.br\/site\/#\/schema\/logo\/image\/","url":"https:\/\/lappis.org.br\/site\/wp-content\/uploads\/2025\/03\/logo-lappis25anos.png","contentUrl":"https:\/\/lappis.org.br\/site\/wp-content\/uploads\/2025\/03\/logo-lappis25anos.png","width":388,"height":146,"caption":"Lappis 25 anos"},"image":{"@id":"https:\/\/lappis.org.br\/site\/#\/schema\/logo\/image\/"}},{"@type":"Person","@id":"https:\/\/lappis.org.br\/site\/#\/schema\/person\/3852381d08284b5e2716b20bd89bdbcf","name":"fw2","image":{"@type":"ImageObject","inLanguage":"pt-BR","@id":"https:\/\/lappis.org.br\/site\/#\/schema\/person\/image\/","url":"https:\/\/secure.gravatar.com\/avatar\/c38472c0cdbde82d9b6fcc26adb3779d?s=96&d=mm&r=g","contentUrl":"https:\/\/secure.gravatar.com\/avatar\/c38472c0cdbde82d9b6fcc26adb3779d?s=96&d=mm&r=g","caption":"fw2"},"url":"https:\/\/lappis.org.br\/site\/author\/fw2"}]}},"jetpack_featured_media_url":"","jetpack_shortlink":"https:\/\/wp.me\/p954Nh-DK","jetpack_sharing_enabled":true,"_links":{"self":[{"href":"https:\/\/lappis.org.br\/site\/wp-json\/wp\/v2\/posts\/2464"}],"collection":[{"href":"https:\/\/lappis.org.br\/site\/wp-json\/wp\/v2\/posts"}],"about":[{"href":"https:\/\/lappis.org.br\/site\/wp-json\/wp\/v2\/types\/post"}],"author":[{"embeddable":true,"href":"https:\/\/lappis.org.br\/site\/wp-json\/wp\/v2\/users\/1"}],"replies":[{"embeddable":true,"href":"https:\/\/lappis.org.br\/site\/wp-json\/wp\/v2\/comments?post=2464"}],"version-history":[{"count":0,"href":"https:\/\/lappis.org.br\/site\/wp-json\/wp\/v2\/posts\/2464\/revisions"}],"wp:attachment":[{"href":"https:\/\/lappis.org.br\/site\/wp-json\/wp\/v2\/media?parent=2464"}],"wp:term":[{"taxonomy":"category","embeddable":true,"href":"https:\/\/lappis.org.br\/site\/wp-json\/wp\/v2\/categories?post=2464"},{"taxonomy":"post_tag","embeddable":true,"href":"https:\/\/lappis.org.br\/site\/wp-json\/wp\/v2\/tags?post=2464"}],"curies":[{"name":"wp","href":"https:\/\/api.w.org\/{rel}","templated":true}]}}