{"id":2463,"date":"2008-02-25T03:00:00","date_gmt":"2008-02-25T06:00:00","guid":{"rendered":"http:\/\/lappis.org.br\/site\/2008\/02\/25\/participantes-avaliam-vii-seminario-indice-de-aprovacao-e-alto\/"},"modified":"2008-02-25T03:00:00","modified_gmt":"2008-02-25T06:00:00","slug":"participantes-avaliam-vii-seminario-indice-de-aprovacao-e-alto","status":"publish","type":"post","link":"https:\/\/lappis.org.br\/site\/participantes-avaliam-vii-seminario-indice-de-aprovacao-e-alto\/2463","title":{"rendered":"Participantes avaliam VII Semin\u00e1rio: \u00edndice de aprova\u00e7\u00e3o \u00e9 alto"},"content":{"rendered":"<p style=\"text-align: center;\"> \tPesquisa realizada pelo BoletIN apontou alto \u00edndice de satisfa\u00e7\u00e3o do p\u00fablico participante com o VII Semin\u00e1rio do Projeto Integralidade, realizado em novembro passado. Mesas e debates superam expectativas<\/p>\n<p style=\"text-align: justify;\"> \tO VII Semin\u00e1rio do Projeto Integralidade foi um sucesso absoluto tamb\u00e9m para os participantes. O evento, realizado em novembro passado, foi avaliado pelos internautas atrav\u00e9s de um formul\u00e1rio presente no BoletIN entre os meses de dezembro e janeiro de 2008. Pesquisadores, alunos e profissionais da Sa\u00fade consideraram que as mesas e debates do evento superaram as expectativas.<br \/> \t\u00a0<br \/> \tOs temas abordados pelas mesas supriram as demandas de 52,5% do p\u00fablico. As experi\u00eancias apresentadas durante as palestras e debates surpreenderam para 65% dos espectadores: o conte\u00fado dos assuntos propostos superou as expectativas. &ldquo;As discuss\u00f5es foram atuais e relevantes&rdquo;, comentou a professora do Centro Universit\u00e1rio Metodista do Sul (UFRGS) Silvia Regina Ferreira. &ldquo;Cada palestrante nos fez retomar a reflex\u00e3o sobre o cuidado e a escuta&rdquo;, completou Fl\u00e1via Firmino, docente da Escola de Enfermagem Alfredo Pinto (EEAP), UNIRIO. Eleide Farhat (UNIVALI &#8211; Universidade do Vale do Itaja\u00ed, de Santa Catarina) apontou a capacidade de &ldquo;demonstrar a possibilidade de interc\u00e2mbio de experi\u00eancias inovadoras vindas de diferentes localidades, relacionadas \u00e0 integralidade, compreendendo os eixos pesquisa-ensino-servi\u00e7os&rdquo; como um dos pontos altos do VII Semin\u00e1rio.<br \/> \t\u00a0<br \/> \tA interatividade teve um papel importante do come\u00e7o ao fim do evento. &ldquo;As inscri\u00e7\u00f5es via internet e a confirma\u00e7\u00e3o imediata foram bastante eficientes. F\u00e1cil acesso e r\u00e1pida de fazer&rdquo;, afirmou a psic\u00f3loga Gabriela Guerra. Leiliana dos Santos, estudante de Enfermagem da Universidade Federal Fluminense (UFF), destacou a &ldquo;preocupa\u00e7\u00e3o de nos mantermos informados sobre o evento via BoletIN, com mat\u00e9rias publicadas logo ap\u00f3s as mesas-redondas&rdquo;. Para Elysangela Dittz, enfermeira do Hospital Sofia Feldman (MG), a transmiss\u00e3o <em>online<\/em> em tempo real possibilitou quem n\u00e3o p\u00f4de vir ao Rio de Janeiro acompanhar o VII Semin\u00e1rio do Projeto Integralidade in loco. &ldquo;N\u00e3o deixem de oferecer essa possibilidade. Assim, tem-se conseguido favorecer o acesso a v\u00e1rias pessoas que n\u00e3o puderam comparecer&rdquo;. A transmiss\u00e3o ainda pode ser conferida nos endere\u00e7os <a href=\"http:\/\/www.redefiocruz.fiocruz.br\/janelademanda.php?rpm=20071128.rpm\">http:\/\/www.redefiocruz.fiocruz.br\/janelademanda.php?rpm=20071128.rpm<\/a> (Primeiro dia), <a href=\"http:\/\/www.redefiocruz.fiocruz.br\/janelademanda.php?rpm=20071129.rpm\">http:\/\/www.redefiocruz.fiocruz.br\/janelademanda.php?rpm=20071129.rpm<\/a> (Segundo dia) e <a href=\"http:\/\/www.redefiocruz.fiocruz.br\/janelademanda.php?rpm=20071130.rpm\">http:\/\/www.redefiocruz.fiocruz.br\/janelademanda.php?rpm=20071130.rpm<\/a> (\u00daltimo dia).\u00a0<br \/> \t\u00a0<br \/> \tNa pesquisa de opini\u00e3o, alguns internautas solicitaram a abertura do Ateli\u00ea do Cuidado ao p\u00fablico. &ldquo;S\u00e3o experi\u00eancias que devem ser compartilhadas. Deixo a sugest\u00e3o de fazer esta atividade aberta&rdquo;, diz Cinthia Caetano Fujii, enfermeira do Hospital das Cl\u00ednicas de Porto Alegre (RS). A coordenadora do LAPPIS Roseni Pinheiro estuda mudan\u00e7as para o formato do Ateli\u00ea do Cuidado, que em 2008 promover\u00e1 ciclos por meio de disciplina e mesas redondas, com debates sobre temas que d\u00e3o continuidade aos desdobramentos do Semin\u00e1rio e das pesquisas. &ldquo;O Ateli\u00ea do Cuidado vai retomar como uma atividade acad\u00eamica do grupo de pesquisa. Mensalmente, vamos trazer um pesquisador convidado para mediar um ciclo de debates, que vai permear discuss\u00f5es que relacionem ensino-pesquisa-servi\u00e7o. Ser\u00e1 aberto ao p\u00fablico&rdquo;, diz a coordenadora. &ldquo;No ano passado, o fechamento do Ateli\u00ea se deu devido a uma solicita\u00e7\u00e3o dos participantes para apresentar integralmente os trabalhos em um grupo menor, visando discutir sobre a an\u00e1lise com vistas \u00e0 publica\u00e7\u00e3o na \u00edntegra, sei que muitas pessoas n\u00e3o gostaram, mas devo dizer que os autores dos trabalhos selecionados, adoraram a possibilidade de um debate em cima dos textos de forma integral&rdquo; completou Roseni.<br \/> \t\u00a0<br \/> \tNoventa por cento dos participantes sugeriram manter a periodicidade anual do evento. &ldquo;O fato de o Semin\u00e1rio ser gratuito possibilita um acesso universal entre profissionais, professores e estudantes, principalmente para aqueles que s\u00e3o de outras localidades. Parabenizo o LAPPIS por esta iniciativa!&rdquo;, comemora a enfermeira Fernanda Codorva, da Universidade Federal do Rio Grande do Sul (UFRGS). &ldquo;O evento foi apresentado com n\u00edvel democr\u00e1tico, sem \u00f4nus, valorizando atores j\u00e1 consagrados e novos expoentes&rdquo;, afirma novamente Eleide Farhat (UNIVALI). O balan\u00e7o final \u00e9 positivo, no qual 97% do p\u00fablico pretendem participar do pr\u00f3ximo Semin\u00e1rio do Projeto Integralidade.<\/p>\n<p> \u00a0<br \/> \u00a0<\/p>\n","protected":false},"excerpt":{"rendered":"<div class=\"mh-excerpt\"><p style=\"text-align: center;\"> \tPesquisa realizada pelo BoletIN apontou alto \u00edndice de satisfa\u00e7\u00e3o do p\u00fablico participante com o VII Semin\u00e1rio do Projeto Integralidade, realizado em novembro passado. Mesas e debates superam expectativas<\/p>\n<p>  <a class=\"mh-excerpt-more\" href=\"https:\/\/lappis.org.br\/site\/participantes-avaliam-vii-seminario-indice-de-aprovacao-e-alto\/2463\" title=\"Participantes avaliam VII Semin\u00e1rio: \u00edndice de aprova\u00e7\u00e3o \u00e9 alto\">[&#8230;]<\/a><\/p>\n<\/div>","protected":false},"author":1,"featured_media":0,"comment_status":"open","ping_status":"open","sticky":false,"template":"","format":"standard","meta":{"_acf_changed":false,"_exactmetrics_skip_tracking":false,"_exactmetrics_sitenote_active":false,"_exactmetrics_sitenote_note":"","_exactmetrics_sitenote_category":0,"jetpack_post_was_ever_published":false,"_jetpack_newsletter_access":"","_jetpack_dont_email_post_to_subs":false,"_jetpack_newsletter_tier_id":0,"_jetpack_memberships_contains_paywalled_content":false,"_jetpack_memberships_contains_paid_content":false,"footnotes":"","jetpack_publicize_message":"","jetpack_publicize_feature_enabled":true,"jetpack_social_post_already_shared":false,"jetpack_social_options":{"image_generator_settings":{"template":"highway","enabled":false},"version":2}},"categories":[8],"tags":[],"class_list":{"0":"post-2463","1":"post","2":"type-post","3":"status-publish","4":"format-standard","6":"category-noticia"},"jetpack_publicize_connections":[],"acf":[],"yoast_head":"<!-- This site is optimized with the Yoast SEO plugin v25.2 - https:\/\/yoast.com\/wordpress\/plugins\/seo\/ -->\n<title>Participantes avaliam VII Semin\u00e1rio: \u00edndice de aprova\u00e7\u00e3o \u00e9 alto - Lappis 25 anos<\/title>\n<meta name=\"robots\" content=\"index, follow, max-snippet:-1, max-image-preview:large, max-video-preview:-1\" \/>\n<link rel=\"canonical\" href=\"https:\/\/lappis.org.br\/site\/participantes-avaliam-vii-seminario-indice-de-aprovacao-e-alto\/2463\" \/>\n<meta property=\"og:locale\" content=\"pt_BR\" \/>\n<meta property=\"og:type\" content=\"article\" \/>\n<meta property=\"og:title\" content=\"Participantes avaliam VII Semin\u00e1rio: \u00edndice de aprova\u00e7\u00e3o \u00e9 alto - Lappis 25 anos\" \/>\n<meta property=\"og:description\" content=\"Pesquisa realizada pelo BoletIN apontou alto \u00edndice de satisfa\u00e7\u00e3o do p\u00fablico participante com o VII Semin\u00e1rio do Projeto Integralidade, realizado em novembro passado. Mesas e debates superam expectativas [...]\" \/>\n<meta property=\"og:url\" content=\"https:\/\/lappis.org.br\/site\/participantes-avaliam-vii-seminario-indice-de-aprovacao-e-alto\/2463\" \/>\n<meta property=\"og:site_name\" content=\"Lappis 25 anos\" \/>\n<meta property=\"article:published_time\" content=\"2008-02-25T06:00:00+00:00\" \/>\n<meta name=\"author\" content=\"fw2\" \/>\n<meta name=\"twitter:card\" content=\"summary_large_image\" \/>\n<meta name=\"twitter:label1\" content=\"Escrito por\" \/>\n\t<meta name=\"twitter:data1\" content=\"fw2\" \/>\n\t<meta name=\"twitter:label2\" content=\"Est. tempo de leitura\" \/>\n\t<meta name=\"twitter:data2\" content=\"4 minutos\" \/>\n<script type=\"application\/ld+json\" class=\"yoast-schema-graph\">{\"@context\":\"https:\/\/schema.org\",\"@graph\":[{\"@type\":\"Article\",\"@id\":\"https:\/\/lappis.org.br\/site\/participantes-avaliam-vii-seminario-indice-de-aprovacao-e-alto\/2463#article\",\"isPartOf\":{\"@id\":\"https:\/\/lappis.org.br\/site\/participantes-avaliam-vii-seminario-indice-de-aprovacao-e-alto\/2463\"},\"author\":{\"name\":\"fw2\",\"@id\":\"https:\/\/lappis.org.br\/site\/#\/schema\/person\/3852381d08284b5e2716b20bd89bdbcf\"},\"headline\":\"Participantes avaliam VII Semin\u00e1rio: \u00edndice de aprova\u00e7\u00e3o \u00e9 alto\",\"datePublished\":\"2008-02-25T06:00:00+00:00\",\"mainEntityOfPage\":{\"@id\":\"https:\/\/lappis.org.br\/site\/participantes-avaliam-vii-seminario-indice-de-aprovacao-e-alto\/2463\"},\"wordCount\":732,\"commentCount\":0,\"publisher\":{\"@id\":\"https:\/\/lappis.org.br\/site\/#organization\"},\"articleSection\":[\"Not\u00edcia\"],\"inLanguage\":\"pt-BR\",\"potentialAction\":[{\"@type\":\"CommentAction\",\"name\":\"Comment\",\"target\":[\"https:\/\/lappis.org.br\/site\/participantes-avaliam-vii-seminario-indice-de-aprovacao-e-alto\/2463#respond\"]}]},{\"@type\":\"WebPage\",\"@id\":\"https:\/\/lappis.org.br\/site\/participantes-avaliam-vii-seminario-indice-de-aprovacao-e-alto\/2463\",\"url\":\"https:\/\/lappis.org.br\/site\/participantes-avaliam-vii-seminario-indice-de-aprovacao-e-alto\/2463\",\"name\":\"Participantes avaliam VII Semin\u00e1rio: \u00edndice de aprova\u00e7\u00e3o \u00e9 alto - Lappis 25 anos\",\"isPartOf\":{\"@id\":\"https:\/\/lappis.org.br\/site\/#website\"},\"datePublished\":\"2008-02-25T06:00:00+00:00\",\"breadcrumb\":{\"@id\":\"https:\/\/lappis.org.br\/site\/participantes-avaliam-vii-seminario-indice-de-aprovacao-e-alto\/2463#breadcrumb\"},\"inLanguage\":\"pt-BR\",\"potentialAction\":[{\"@type\":\"ReadAction\",\"target\":[\"https:\/\/lappis.org.br\/site\/participantes-avaliam-vii-seminario-indice-de-aprovacao-e-alto\/2463\"]}]},{\"@type\":\"BreadcrumbList\",\"@id\":\"https:\/\/lappis.org.br\/site\/participantes-avaliam-vii-seminario-indice-de-aprovacao-e-alto\/2463#breadcrumb\",\"itemListElement\":[{\"@type\":\"ListItem\",\"position\":1,\"name\":\"In\u00edcio\",\"item\":\"https:\/\/lappis.org.br\/site\/\"},{\"@type\":\"ListItem\",\"position\":2,\"name\":\"Participantes avaliam VII Semin\u00e1rio: \u00edndice de aprova\u00e7\u00e3o \u00e9 alto\"}]},{\"@type\":\"WebSite\",\"@id\":\"https:\/\/lappis.org.br\/site\/#website\",\"url\":\"https:\/\/lappis.org.br\/site\/\",\"name\":\"Lappis 25 anos\",\"description\":\"Labotat\u00f3rio de Pesquisas sobre Pr\u00e1ticas de Integralidade em Sa\u00fade\",\"publisher\":{\"@id\":\"https:\/\/lappis.org.br\/site\/#organization\"},\"potentialAction\":[{\"@type\":\"SearchAction\",\"target\":{\"@type\":\"EntryPoint\",\"urlTemplate\":\"https:\/\/lappis.org.br\/site\/?s={search_term_string}\"},\"query-input\":{\"@type\":\"PropertyValueSpecification\",\"valueRequired\":true,\"valueName\":\"search_term_string\"}}],\"inLanguage\":\"pt-BR\"},{\"@type\":\"Organization\",\"@id\":\"https:\/\/lappis.org.br\/site\/#organization\",\"name\":\"Lappis 25 anos\",\"url\":\"https:\/\/lappis.org.br\/site\/\",\"logo\":{\"@type\":\"ImageObject\",\"inLanguage\":\"pt-BR\",\"@id\":\"https:\/\/lappis.org.br\/site\/#\/schema\/logo\/image\/\",\"url\":\"https:\/\/lappis.org.br\/site\/wp-content\/uploads\/2025\/03\/logo-lappis25anos.png\",\"contentUrl\":\"https:\/\/lappis.org.br\/site\/wp-content\/uploads\/2025\/03\/logo-lappis25anos.png\",\"width\":388,\"height\":146,\"caption\":\"Lappis 25 anos\"},\"image\":{\"@id\":\"https:\/\/lappis.org.br\/site\/#\/schema\/logo\/image\/\"}},{\"@type\":\"Person\",\"@id\":\"https:\/\/lappis.org.br\/site\/#\/schema\/person\/3852381d08284b5e2716b20bd89bdbcf\",\"name\":\"fw2\",\"image\":{\"@type\":\"ImageObject\",\"inLanguage\":\"pt-BR\",\"@id\":\"https:\/\/lappis.org.br\/site\/#\/schema\/person\/image\/\",\"url\":\"https:\/\/secure.gravatar.com\/avatar\/c38472c0cdbde82d9b6fcc26adb3779d?s=96&d=mm&r=g\",\"contentUrl\":\"https:\/\/secure.gravatar.com\/avatar\/c38472c0cdbde82d9b6fcc26adb3779d?s=96&d=mm&r=g\",\"caption\":\"fw2\"},\"url\":\"https:\/\/lappis.org.br\/site\/author\/fw2\"}]}<\/script>\n<!-- \/ Yoast SEO plugin. -->","yoast_head_json":{"title":"Participantes avaliam VII Semin\u00e1rio: \u00edndice de aprova\u00e7\u00e3o \u00e9 alto - Lappis 25 anos","robots":{"index":"index","follow":"follow","max-snippet":"max-snippet:-1","max-image-preview":"max-image-preview:large","max-video-preview":"max-video-preview:-1"},"canonical":"https:\/\/lappis.org.br\/site\/participantes-avaliam-vii-seminario-indice-de-aprovacao-e-alto\/2463","og_locale":"pt_BR","og_type":"article","og_title":"Participantes avaliam VII Semin\u00e1rio: \u00edndice de aprova\u00e7\u00e3o \u00e9 alto - Lappis 25 anos","og_description":"Pesquisa realizada pelo BoletIN apontou alto \u00edndice de satisfa\u00e7\u00e3o do p\u00fablico participante com o VII Semin\u00e1rio do Projeto Integralidade, realizado em novembro passado. Mesas e debates superam expectativas [...]","og_url":"https:\/\/lappis.org.br\/site\/participantes-avaliam-vii-seminario-indice-de-aprovacao-e-alto\/2463","og_site_name":"Lappis 25 anos","article_published_time":"2008-02-25T06:00:00+00:00","author":"fw2","twitter_card":"summary_large_image","twitter_misc":{"Escrito por":"fw2","Est. tempo de leitura":"4 minutos"},"schema":{"@context":"https:\/\/schema.org","@graph":[{"@type":"Article","@id":"https:\/\/lappis.org.br\/site\/participantes-avaliam-vii-seminario-indice-de-aprovacao-e-alto\/2463#article","isPartOf":{"@id":"https:\/\/lappis.org.br\/site\/participantes-avaliam-vii-seminario-indice-de-aprovacao-e-alto\/2463"},"author":{"name":"fw2","@id":"https:\/\/lappis.org.br\/site\/#\/schema\/person\/3852381d08284b5e2716b20bd89bdbcf"},"headline":"Participantes avaliam VII Semin\u00e1rio: \u00edndice de aprova\u00e7\u00e3o \u00e9 alto","datePublished":"2008-02-25T06:00:00+00:00","mainEntityOfPage":{"@id":"https:\/\/lappis.org.br\/site\/participantes-avaliam-vii-seminario-indice-de-aprovacao-e-alto\/2463"},"wordCount":732,"commentCount":0,"publisher":{"@id":"https:\/\/lappis.org.br\/site\/#organization"},"articleSection":["Not\u00edcia"],"inLanguage":"pt-BR","potentialAction":[{"@type":"CommentAction","name":"Comment","target":["https:\/\/lappis.org.br\/site\/participantes-avaliam-vii-seminario-indice-de-aprovacao-e-alto\/2463#respond"]}]},{"@type":"WebPage","@id":"https:\/\/lappis.org.br\/site\/participantes-avaliam-vii-seminario-indice-de-aprovacao-e-alto\/2463","url":"https:\/\/lappis.org.br\/site\/participantes-avaliam-vii-seminario-indice-de-aprovacao-e-alto\/2463","name":"Participantes avaliam VII Semin\u00e1rio: \u00edndice de aprova\u00e7\u00e3o \u00e9 alto - Lappis 25 anos","isPartOf":{"@id":"https:\/\/lappis.org.br\/site\/#website"},"datePublished":"2008-02-25T06:00:00+00:00","breadcrumb":{"@id":"https:\/\/lappis.org.br\/site\/participantes-avaliam-vii-seminario-indice-de-aprovacao-e-alto\/2463#breadcrumb"},"inLanguage":"pt-BR","potentialAction":[{"@type":"ReadAction","target":["https:\/\/lappis.org.br\/site\/participantes-avaliam-vii-seminario-indice-de-aprovacao-e-alto\/2463"]}]},{"@type":"BreadcrumbList","@id":"https:\/\/lappis.org.br\/site\/participantes-avaliam-vii-seminario-indice-de-aprovacao-e-alto\/2463#breadcrumb","itemListElement":[{"@type":"ListItem","position":1,"name":"In\u00edcio","item":"https:\/\/lappis.org.br\/site\/"},{"@type":"ListItem","position":2,"name":"Participantes avaliam VII Semin\u00e1rio: \u00edndice de aprova\u00e7\u00e3o \u00e9 alto"}]},{"@type":"WebSite","@id":"https:\/\/lappis.org.br\/site\/#website","url":"https:\/\/lappis.org.br\/site\/","name":"Lappis 25 anos","description":"Labotat\u00f3rio de Pesquisas sobre Pr\u00e1ticas de Integralidade em Sa\u00fade","publisher":{"@id":"https:\/\/lappis.org.br\/site\/#organization"},"potentialAction":[{"@type":"SearchAction","target":{"@type":"EntryPoint","urlTemplate":"https:\/\/lappis.org.br\/site\/?s={search_term_string}"},"query-input":{"@type":"PropertyValueSpecification","valueRequired":true,"valueName":"search_term_string"}}],"inLanguage":"pt-BR"},{"@type":"Organization","@id":"https:\/\/lappis.org.br\/site\/#organization","name":"Lappis 25 anos","url":"https:\/\/lappis.org.br\/site\/","logo":{"@type":"ImageObject","inLanguage":"pt-BR","@id":"https:\/\/lappis.org.br\/site\/#\/schema\/logo\/image\/","url":"https:\/\/lappis.org.br\/site\/wp-content\/uploads\/2025\/03\/logo-lappis25anos.png","contentUrl":"https:\/\/lappis.org.br\/site\/wp-content\/uploads\/2025\/03\/logo-lappis25anos.png","width":388,"height":146,"caption":"Lappis 25 anos"},"image":{"@id":"https:\/\/lappis.org.br\/site\/#\/schema\/logo\/image\/"}},{"@type":"Person","@id":"https:\/\/lappis.org.br\/site\/#\/schema\/person\/3852381d08284b5e2716b20bd89bdbcf","name":"fw2","image":{"@type":"ImageObject","inLanguage":"pt-BR","@id":"https:\/\/lappis.org.br\/site\/#\/schema\/person\/image\/","url":"https:\/\/secure.gravatar.com\/avatar\/c38472c0cdbde82d9b6fcc26adb3779d?s=96&d=mm&r=g","contentUrl":"https:\/\/secure.gravatar.com\/avatar\/c38472c0cdbde82d9b6fcc26adb3779d?s=96&d=mm&r=g","caption":"fw2"},"url":"https:\/\/lappis.org.br\/site\/author\/fw2"}]}},"jetpack_featured_media_url":"","jetpack_shortlink":"https:\/\/wp.me\/p954Nh-DJ","jetpack_sharing_enabled":true,"_links":{"self":[{"href":"https:\/\/lappis.org.br\/site\/wp-json\/wp\/v2\/posts\/2463"}],"collection":[{"href":"https:\/\/lappis.org.br\/site\/wp-json\/wp\/v2\/posts"}],"about":[{"href":"https:\/\/lappis.org.br\/site\/wp-json\/wp\/v2\/types\/post"}],"author":[{"embeddable":true,"href":"https:\/\/lappis.org.br\/site\/wp-json\/wp\/v2\/users\/1"}],"replies":[{"embeddable":true,"href":"https:\/\/lappis.org.br\/site\/wp-json\/wp\/v2\/comments?post=2463"}],"version-history":[{"count":0,"href":"https:\/\/lappis.org.br\/site\/wp-json\/wp\/v2\/posts\/2463\/revisions"}],"wp:attachment":[{"href":"https:\/\/lappis.org.br\/site\/wp-json\/wp\/v2\/media?parent=2463"}],"wp:term":[{"taxonomy":"category","embeddable":true,"href":"https:\/\/lappis.org.br\/site\/wp-json\/wp\/v2\/categories?post=2463"},{"taxonomy":"post_tag","embeddable":true,"href":"https:\/\/lappis.org.br\/site\/wp-json\/wp\/v2\/tags?post=2463"}],"curies":[{"name":"wp","href":"https:\/\/api.w.org\/{rel}","templated":true}]}}