{"id":2421,"date":"2013-12-13T22:36:30","date_gmt":"2013-12-14T00:36:30","guid":{"rendered":"http:\/\/lappis.org.br\/site\/2013\/12\/13\/pesquisadoresas-relatam-experiencias-de-apoio\/"},"modified":"2013-12-13T22:36:30","modified_gmt":"2013-12-14T00:36:30","slug":"pesquisadoresas-relatam-experiencias-de-apoio","status":"publish","type":"post","link":"https:\/\/lappis.org.br\/site\/pesquisadoresas-relatam-experiencias-de-apoio\/2421","title":{"rendered":"Pesquisadores\/as relatam experi\u00eancias de Apoio"},"content":{"rendered":"<p style=\"text-align: justify;\"> \t<img fetchpriority=\"high\" decoding=\"async\" data-attachment-id=\"2415\" data-permalink=\"https:\/\/lappis.org.br\/site\/pesquisadoresas-relatam-experiencias-de-apoio\/2421\/attachment-alt-348\" data-orig-file=\"https:\/\/lappis.org.br\/site\/wp-content\/uploads\/2013\/12\/13_12_13_foto6.jpg\" data-orig-size=\"420,226\" data-comments-opened=\"1\" data-image-meta=\"{&quot;aperture&quot;:&quot;0&quot;,&quot;credit&quot;:&quot;&quot;,&quot;camera&quot;:&quot;&quot;,&quot;caption&quot;:&quot;&quot;,&quot;created_timestamp&quot;:&quot;0&quot;,&quot;copyright&quot;:&quot;&quot;,&quot;focal_length&quot;:&quot;0&quot;,&quot;iso&quot;:&quot;0&quot;,&quot;shutter_speed&quot;:&quot;0&quot;,&quot;title&quot;:&quot;&quot;,&quot;orientation&quot;:&quot;0&quot;}\" data-image-title=\"alt\" data-image-description=\"\" data-image-caption=\"\" data-medium-file=\"https:\/\/lappis.org.br\/site\/wp-content\/uploads\/2013\/12\/13_12_13_foto6-300x161.jpg\" data-large-file=\"https:\/\/lappis.org.br\/site\/wp-content\/uploads\/2013\/12\/13_12_13_foto6.jpg\" class=\" alignright size-full wp-image-2415\" alt=\"alt\" src=\"http:\/\/lappis.org.br\/site\/wp-content\/uploads\/2013\/12\/13_12_13_foto6.jpg\" style=\"margin: 5px; float: right;\" width=\"420\" height=\"226\" srcset=\"https:\/\/lappis.org.br\/site\/wp-content\/uploads\/2013\/12\/13_12_13_foto6.jpg 420w, https:\/\/lappis.org.br\/site\/wp-content\/uploads\/2013\/12\/13_12_13_foto6-300x161.jpg 300w\" sizes=\"(max-width: 420px) 100vw, 420px\" \/>Os pesquisadores\/as do Lappis, envolvidos na pesquisa &ldquo;\u00c1reas Program\u00e1ticas e direito \u00e0 sa\u00fade: constru\u00e7\u00e3o da integralidade no contexto do apoio institucional&rdquo;, estiveram reunidos, no dia 13 de dezembro, no Rio de Janeiro, para relatarem as impress\u00f5es de campo realizadas no \u00faltimo bimestre de 2013, para atualizar os cronogramas das pr\u00f3ximas atividades e para debaterem sobre a produ\u00e7\u00e3o textual.<\/p>\n<p style=\"text-align: justify;\"> \t\u00a0<\/p>\n<p style=\"text-align: justify;\"> \tNa parte da manh\u00e3 foram apresentadas as visitas de campo das experi\u00eancias de Palmeira das Miss\u00f5es\/RS, da Rede HumanizaSUS, de Natal\/RN, de Fortaleza\/CE, Cariacica\/CE, Santa Maria\/RS e do Rio de Janeiro\/RJ. Nesse momento, os pesquisadores tamb\u00e9m debateram sobre as pr\u00e1ticas de apoio.<\/p>\n<p> \t<img decoding=\"async\" data-attachment-id=\"2416\" data-permalink=\"https:\/\/lappis.org.br\/site\/pesquisadoresas-relatam-experiencias-de-apoio\/2421\/attachment-alt-349\" data-orig-file=\"https:\/\/lappis.org.br\/site\/wp-content\/uploads\/2013\/12\/13_12_13_foto2.jpg\" data-orig-size=\"420,226\" data-comments-opened=\"1\" data-image-meta=\"{&quot;aperture&quot;:&quot;0&quot;,&quot;credit&quot;:&quot;&quot;,&quot;camera&quot;:&quot;&quot;,&quot;caption&quot;:&quot;&quot;,&quot;created_timestamp&quot;:&quot;0&quot;,&quot;copyright&quot;:&quot;&quot;,&quot;focal_length&quot;:&quot;0&quot;,&quot;iso&quot;:&quot;0&quot;,&quot;shutter_speed&quot;:&quot;0&quot;,&quot;title&quot;:&quot;&quot;,&quot;orientation&quot;:&quot;0&quot;}\" data-image-title=\"alt\" data-image-description=\"\" data-image-caption=\"\" data-medium-file=\"https:\/\/lappis.org.br\/site\/wp-content\/uploads\/2013\/12\/13_12_13_foto2-300x161.jpg\" data-large-file=\"https:\/\/lappis.org.br\/site\/wp-content\/uploads\/2013\/12\/13_12_13_foto2.jpg\" class=\" alignleft size-full wp-image-2416\" alt=\"alt\" src=\"http:\/\/lappis.org.br\/site\/wp-content\/uploads\/2013\/12\/13_12_13_foto2.jpg\" style=\"margin: 5px; float: left;\" width=\"420\" height=\"226\" srcset=\"https:\/\/lappis.org.br\/site\/wp-content\/uploads\/2013\/12\/13_12_13_foto2.jpg 420w, https:\/\/lappis.org.br\/site\/wp-content\/uploads\/2013\/12\/13_12_13_foto2-300x161.jpg 300w\" sizes=\"(max-width: 420px) 100vw, 420px\" \/><strong>Agenda e Produ\u00e7\u00e3o textual<\/strong><\/p>\n<p style=\"text-align: justify;\"> \tNa segunda etapa do encontro, foi revista a agenda de atividades a serem executadas em 2014. Em seguida, o grupo definiu o Sum\u00e1rio da pesquisa Apoio e os itens que cada pesquisador ser\u00e1 respons\u00e1vel por escrever e revisar. A publica\u00e7\u00e3o final da pesquisa ser\u00e1 composta por cap\u00edtulos sobre os pressupostos te\u00f3rico-metodol\u00f3gicos, os discursos sobre as pr\u00e1ticas de apoio, o mapeamento dos apoiadores e as narrativas das pr\u00e1ticas de apoio.<\/p>\n<p> \t<strong>Resultados parciais do cadastro dos apoiadores<\/strong><\/p>\n<p> \tJaqueline Robaina apresentou os resultados parciais do cadastro de apoiadores realizados at\u00e9 o in\u00edcio de dezembro de 2013. Os dados foram coletados atrav\u00e9s do mapeamento dos apoiadores desenvolvido pela pesquisa de &ldquo;\u00c1reas Program\u00e1ticas e direito \u00e0 sa\u00fade: constru\u00e7\u00e3o da integralidade no contexto do apoio institucional&rdquo;.\u00a0<\/p>\n<p style=\"text-align: center;\"> \t<img decoding=\"async\" data-attachment-id=\"2417\" data-permalink=\"https:\/\/lappis.org.br\/site\/pesquisadoresas-relatam-experiencias-de-apoio\/2421\/attachment-alt-350\" data-orig-file=\"https:\/\/lappis.org.br\/site\/wp-content\/uploads\/2013\/12\/13_12_13_foto1.jpg\" data-orig-size=\"420,226\" data-comments-opened=\"1\" data-image-meta=\"{&quot;aperture&quot;:&quot;0&quot;,&quot;credit&quot;:&quot;&quot;,&quot;camera&quot;:&quot;&quot;,&quot;caption&quot;:&quot;&quot;,&quot;created_timestamp&quot;:&quot;0&quot;,&quot;copyright&quot;:&quot;&quot;,&quot;focal_length&quot;:&quot;0&quot;,&quot;iso&quot;:&quot;0&quot;,&quot;shutter_speed&quot;:&quot;0&quot;,&quot;title&quot;:&quot;&quot;,&quot;orientation&quot;:&quot;0&quot;}\" data-image-title=\"alt\" data-image-description=\"\" data-image-caption=\"\" data-medium-file=\"https:\/\/lappis.org.br\/site\/wp-content\/uploads\/2013\/12\/13_12_13_foto1-300x161.jpg\" data-large-file=\"https:\/\/lappis.org.br\/site\/wp-content\/uploads\/2013\/12\/13_12_13_foto1.jpg\" class=\" size-full wp-image-2417\" alt=\"alt\" src=\"http:\/\/lappis.org.br\/site\/wp-content\/uploads\/2013\/12\/13_12_13_foto1.jpg\" style=\"margin: 5px;\" width=\"420\" height=\"226\" srcset=\"https:\/\/lappis.org.br\/site\/wp-content\/uploads\/2013\/12\/13_12_13_foto1.jpg 420w, https:\/\/lappis.org.br\/site\/wp-content\/uploads\/2013\/12\/13_12_13_foto1-300x161.jpg 300w\" sizes=\"(max-width: 420px) 100vw, 420px\" \/><\/p>\n<p style=\"text-align: justify;\"> \t\u00a0<\/p>\n<p style=\"text-align: center;\"> \t<img loading=\"lazy\" decoding=\"async\" data-attachment-id=\"2418\" data-permalink=\"https:\/\/lappis.org.br\/site\/pesquisadoresas-relatam-experiencias-de-apoio\/2421\/attachment-alt-351\" data-orig-file=\"https:\/\/lappis.org.br\/site\/wp-content\/uploads\/2013\/12\/13_12_13_foto3.jpg\" data-orig-size=\"420,226\" data-comments-opened=\"1\" data-image-meta=\"{&quot;aperture&quot;:&quot;0&quot;,&quot;credit&quot;:&quot;&quot;,&quot;camera&quot;:&quot;&quot;,&quot;caption&quot;:&quot;&quot;,&quot;created_timestamp&quot;:&quot;0&quot;,&quot;copyright&quot;:&quot;&quot;,&quot;focal_length&quot;:&quot;0&quot;,&quot;iso&quot;:&quot;0&quot;,&quot;shutter_speed&quot;:&quot;0&quot;,&quot;title&quot;:&quot;&quot;,&quot;orientation&quot;:&quot;0&quot;}\" data-image-title=\"alt\" data-image-description=\"\" data-image-caption=\"\" data-medium-file=\"https:\/\/lappis.org.br\/site\/wp-content\/uploads\/2013\/12\/13_12_13_foto3-300x161.jpg\" data-large-file=\"https:\/\/lappis.org.br\/site\/wp-content\/uploads\/2013\/12\/13_12_13_foto3.jpg\" class=\" size-full wp-image-2418\" alt=\"alt\" src=\"http:\/\/lappis.org.br\/site\/wp-content\/uploads\/2013\/12\/13_12_13_foto3.jpg\" width=\"420\" height=\"226\" srcset=\"https:\/\/lappis.org.br\/site\/wp-content\/uploads\/2013\/12\/13_12_13_foto3.jpg 420w, https:\/\/lappis.org.br\/site\/wp-content\/uploads\/2013\/12\/13_12_13_foto3-300x161.jpg 300w\" sizes=\"(max-width: 420px) 100vw, 420px\" \/><\/p>\n<p> \t<img loading=\"lazy\" decoding=\"async\" data-attachment-id=\"2419\" data-permalink=\"https:\/\/lappis.org.br\/site\/pesquisadoresas-relatam-experiencias-de-apoio\/2421\/attachment-alt-352\" data-orig-file=\"https:\/\/lappis.org.br\/site\/wp-content\/uploads\/2013\/12\/13_12_13_foto4.jpg\" data-orig-size=\"420,226\" data-comments-opened=\"1\" data-image-meta=\"{&quot;aperture&quot;:&quot;0&quot;,&quot;credit&quot;:&quot;&quot;,&quot;camera&quot;:&quot;&quot;,&quot;caption&quot;:&quot;&quot;,&quot;created_timestamp&quot;:&quot;0&quot;,&quot;copyright&quot;:&quot;&quot;,&quot;focal_length&quot;:&quot;0&quot;,&quot;iso&quot;:&quot;0&quot;,&quot;shutter_speed&quot;:&quot;0&quot;,&quot;title&quot;:&quot;&quot;,&quot;orientation&quot;:&quot;0&quot;}\" data-image-title=\"alt\" data-image-description=\"\" data-image-caption=\"\" data-medium-file=\"https:\/\/lappis.org.br\/site\/wp-content\/uploads\/2013\/12\/13_12_13_foto4-300x161.jpg\" data-large-file=\"https:\/\/lappis.org.br\/site\/wp-content\/uploads\/2013\/12\/13_12_13_foto4.jpg\" class=\" size-full wp-image-2419\" alt=\"alt\" src=\"http:\/\/lappis.org.br\/site\/wp-content\/uploads\/2013\/12\/13_12_13_foto4.jpg\" width=\"420\" height=\"226\" srcset=\"https:\/\/lappis.org.br\/site\/wp-content\/uploads\/2013\/12\/13_12_13_foto4.jpg 420w, https:\/\/lappis.org.br\/site\/wp-content\/uploads\/2013\/12\/13_12_13_foto4-300x161.jpg 300w\" sizes=\"(max-width: 420px) 100vw, 420px\" \/><\/p>\n<p> \t<img loading=\"lazy\" decoding=\"async\" data-attachment-id=\"2420\" data-permalink=\"https:\/\/lappis.org.br\/site\/pesquisadoresas-relatam-experiencias-de-apoio\/2421\/attachment-alt-353\" data-orig-file=\"https:\/\/lappis.org.br\/site\/wp-content\/uploads\/2013\/12\/13_12_13_foto5.jpg\" data-orig-size=\"420,226\" data-comments-opened=\"1\" data-image-meta=\"{&quot;aperture&quot;:&quot;0&quot;,&quot;credit&quot;:&quot;&quot;,&quot;camera&quot;:&quot;&quot;,&quot;caption&quot;:&quot;&quot;,&quot;created_timestamp&quot;:&quot;0&quot;,&quot;copyright&quot;:&quot;&quot;,&quot;focal_length&quot;:&quot;0&quot;,&quot;iso&quot;:&quot;0&quot;,&quot;shutter_speed&quot;:&quot;0&quot;,&quot;title&quot;:&quot;&quot;,&quot;orientation&quot;:&quot;0&quot;}\" data-image-title=\"alt\" data-image-description=\"\" data-image-caption=\"\" data-medium-file=\"https:\/\/lappis.org.br\/site\/wp-content\/uploads\/2013\/12\/13_12_13_foto5-300x161.jpg\" data-large-file=\"https:\/\/lappis.org.br\/site\/wp-content\/uploads\/2013\/12\/13_12_13_foto5.jpg\" class=\" size-full wp-image-2420\" alt=\"alt\" src=\"http:\/\/lappis.org.br\/site\/wp-content\/uploads\/2013\/12\/13_12_13_foto5.jpg\" width=\"420\" height=\"226\" srcset=\"https:\/\/lappis.org.br\/site\/wp-content\/uploads\/2013\/12\/13_12_13_foto5.jpg 420w, https:\/\/lappis.org.br\/site\/wp-content\/uploads\/2013\/12\/13_12_13_foto5-300x161.jpg 300w\" sizes=\"(max-width: 420px) 100vw, 420px\" \/><\/p>\n<p style=\"text-align: justify;\"> \t\u00a0<\/p>\n","protected":false},"excerpt":{"rendered":"<div class=\"mh-excerpt\"><p style=\"text-align: justify;\"> \t<img loading=\"lazy\" decoding=\"async\" class=\" alignright size-full wp-image-2415\" alt=\"alt\" src=\"http:\/\/lappis.org.br\/site\/wp-content\/uploads\/2013\/12\/13_12_13_foto6.jpg\" style=\"margin: 5px; float: right;\" width=\"420\" height=\"226\" srcset=\"https:\/\/lappis.org.br\/site\/wp-content\/uploads\/2013\/12\/13_12_13_foto6.jpg 420w, https:\/\/lappis.org.br\/site\/wp-content\/uploads\/2013\/12\/13_12_13_foto6-300x161.jpg 300w\" sizes=\"(max-width: 420px) 100vw, 420px\" \/>Os pesquisadores\/as do Lappis, envolvidos na pesquisa &ldquo;\u00c1reas Program\u00e1ticas e direito \u00e0 sa\u00fade: constru\u00e7\u00e3o da integralidade no contexto do apoio institucional&rdquo;, estiveram reunidos, no dia 13 de dezembro, no Rio de Janeiro, para relatarem as impress\u00f5es de campo realizadas no \u00faltimo bimestre de 2013, para atualizar os cronogramas das pr\u00f3ximas atividades e para debaterem sobre a produ\u00e7\u00e3o textual.<\/p>\n<p>  <a class=\"mh-excerpt-more\" href=\"https:\/\/lappis.org.br\/site\/pesquisadoresas-relatam-experiencias-de-apoio\/2421\" title=\"Pesquisadores\/as relatam experi\u00eancias de Apoio\">[&#8230;]<\/a><\/p>\n<\/div>","protected":false},"author":1,"featured_media":2414,"comment_status":"open","ping_status":"open","sticky":false,"template":"","format":"standard","meta":{"_acf_changed":false,"_exactmetrics_skip_tracking":false,"_exactmetrics_sitenote_active":false,"_exactmetrics_sitenote_note":"","_exactmetrics_sitenote_category":0,"jetpack_post_was_ever_published":false,"_jetpack_newsletter_access":"","_jetpack_dont_email_post_to_subs":false,"_jetpack_newsletter_tier_id":0,"_jetpack_memberships_contains_paywalled_content":false,"_jetpack_memberships_contains_paid_content":false,"footnotes":"","jetpack_publicize_message":"","jetpack_publicize_feature_enabled":true,"jetpack_social_post_already_shared":false,"jetpack_social_options":{"image_generator_settings":{"template":"highway","enabled":false},"version":2}},"categories":[8],"tags":[],"class_list":{"0":"post-2421","1":"post","2":"type-post","3":"status-publish","4":"format-standard","5":"has-post-thumbnail","7":"category-noticia"},"jetpack_publicize_connections":[],"acf":[],"yoast_head":"<!-- This site is optimized with the Yoast SEO plugin v25.2 - https:\/\/yoast.com\/wordpress\/plugins\/seo\/ -->\n<title>Pesquisadores\/as relatam experi\u00eancias de Apoio - Lappis 25 anos<\/title>\n<meta name=\"robots\" content=\"index, follow, max-snippet:-1, max-image-preview:large, max-video-preview:-1\" \/>\n<link rel=\"canonical\" href=\"https:\/\/lappis.org.br\/site\/pesquisadoresas-relatam-experiencias-de-apoio\/2421\" \/>\n<meta property=\"og:locale\" content=\"pt_BR\" \/>\n<meta property=\"og:type\" content=\"article\" \/>\n<meta property=\"og:title\" content=\"Pesquisadores\/as relatam experi\u00eancias de Apoio - Lappis 25 anos\" \/>\n<meta property=\"og:description\" content=\"Os pesquisadores\/as do Lappis, envolvidos na pesquisa &ldquo;\u00c1reas Program\u00e1ticas e direito \u00e0 sa\u00fade: constru\u00e7\u00e3o da integralidade no contexto do apoio institucional&rdquo;, estiveram reunidos, no dia 13 de dezembro, no Rio de Janeiro, para relatarem as impress\u00f5es de campo realizadas no \u00faltimo bimestre de 2013, para atualizar os cronogramas das pr\u00f3ximas atividades e para debaterem sobre a produ\u00e7\u00e3o textual. [...]\" \/>\n<meta property=\"og:url\" content=\"https:\/\/lappis.org.br\/site\/pesquisadoresas-relatam-experiencias-de-apoio\/2421\" \/>\n<meta property=\"og:site_name\" content=\"Lappis 25 anos\" \/>\n<meta property=\"article:published_time\" content=\"2013-12-14T00:36:30+00:00\" \/>\n<meta property=\"og:image\" content=\"https:\/\/lappis.org.br\/site\/wp-content\/uploads\/2013\/12\/13_12_13_foto6.jpg\" \/>\n\t<meta property=\"og:image:width\" content=\"420\" \/>\n\t<meta property=\"og:image:height\" content=\"226\" \/>\n\t<meta property=\"og:image:type\" content=\"image\/jpeg\" \/>\n<meta name=\"author\" content=\"fw2\" \/>\n<meta name=\"twitter:card\" content=\"summary_large_image\" \/>\n<meta name=\"twitter:label1\" content=\"Escrito por\" \/>\n\t<meta name=\"twitter:data1\" content=\"fw2\" \/>\n\t<meta name=\"twitter:label2\" content=\"Est. tempo de leitura\" \/>\n\t<meta name=\"twitter:data2\" content=\"1 minuto\" \/>\n<script type=\"application\/ld+json\" class=\"yoast-schema-graph\">{\"@context\":\"https:\/\/schema.org\",\"@graph\":[{\"@type\":\"Article\",\"@id\":\"https:\/\/lappis.org.br\/site\/pesquisadoresas-relatam-experiencias-de-apoio\/2421#article\",\"isPartOf\":{\"@id\":\"https:\/\/lappis.org.br\/site\/pesquisadoresas-relatam-experiencias-de-apoio\/2421\"},\"author\":{\"name\":\"fw2\",\"@id\":\"https:\/\/lappis.org.br\/site\/#\/schema\/person\/3852381d08284b5e2716b20bd89bdbcf\"},\"headline\":\"Pesquisadores\/as relatam experi\u00eancias de Apoio\",\"datePublished\":\"2013-12-14T00:36:30+00:00\",\"mainEntityOfPage\":{\"@id\":\"https:\/\/lappis.org.br\/site\/pesquisadoresas-relatam-experiencias-de-apoio\/2421\"},\"wordCount\":260,\"commentCount\":0,\"publisher\":{\"@id\":\"https:\/\/lappis.org.br\/site\/#organization\"},\"image\":{\"@id\":\"https:\/\/lappis.org.br\/site\/pesquisadoresas-relatam-experiencias-de-apoio\/2421#primaryimage\"},\"thumbnailUrl\":\"https:\/\/lappis.org.br\/site\/wp-content\/uploads\/2013\/12\/13_12_13_foto6.jpg\",\"articleSection\":[\"Not\u00edcia\"],\"inLanguage\":\"pt-BR\",\"potentialAction\":[{\"@type\":\"CommentAction\",\"name\":\"Comment\",\"target\":[\"https:\/\/lappis.org.br\/site\/pesquisadoresas-relatam-experiencias-de-apoio\/2421#respond\"]}]},{\"@type\":\"WebPage\",\"@id\":\"https:\/\/lappis.org.br\/site\/pesquisadoresas-relatam-experiencias-de-apoio\/2421\",\"url\":\"https:\/\/lappis.org.br\/site\/pesquisadoresas-relatam-experiencias-de-apoio\/2421\",\"name\":\"Pesquisadores\/as relatam experi\u00eancias de Apoio - Lappis 25 anos\",\"isPartOf\":{\"@id\":\"https:\/\/lappis.org.br\/site\/#website\"},\"primaryImageOfPage\":{\"@id\":\"https:\/\/lappis.org.br\/site\/pesquisadoresas-relatam-experiencias-de-apoio\/2421#primaryimage\"},\"image\":{\"@id\":\"https:\/\/lappis.org.br\/site\/pesquisadoresas-relatam-experiencias-de-apoio\/2421#primaryimage\"},\"thumbnailUrl\":\"https:\/\/lappis.org.br\/site\/wp-content\/uploads\/2013\/12\/13_12_13_foto6.jpg\",\"datePublished\":\"2013-12-14T00:36:30+00:00\",\"breadcrumb\":{\"@id\":\"https:\/\/lappis.org.br\/site\/pesquisadoresas-relatam-experiencias-de-apoio\/2421#breadcrumb\"},\"inLanguage\":\"pt-BR\",\"potentialAction\":[{\"@type\":\"ReadAction\",\"target\":[\"https:\/\/lappis.org.br\/site\/pesquisadoresas-relatam-experiencias-de-apoio\/2421\"]}]},{\"@type\":\"ImageObject\",\"inLanguage\":\"pt-BR\",\"@id\":\"https:\/\/lappis.org.br\/site\/pesquisadoresas-relatam-experiencias-de-apoio\/2421#primaryimage\",\"url\":\"https:\/\/lappis.org.br\/site\/wp-content\/uploads\/2013\/12\/13_12_13_foto6.jpg\",\"contentUrl\":\"https:\/\/lappis.org.br\/site\/wp-content\/uploads\/2013\/12\/13_12_13_foto6.jpg\",\"width\":420,\"height\":226,\"caption\":\"alt\"},{\"@type\":\"BreadcrumbList\",\"@id\":\"https:\/\/lappis.org.br\/site\/pesquisadoresas-relatam-experiencias-de-apoio\/2421#breadcrumb\",\"itemListElement\":[{\"@type\":\"ListItem\",\"position\":1,\"name\":\"In\u00edcio\",\"item\":\"https:\/\/lappis.org.br\/site\/\"},{\"@type\":\"ListItem\",\"position\":2,\"name\":\"Pesquisadores\/as relatam experi\u00eancias de Apoio\"}]},{\"@type\":\"WebSite\",\"@id\":\"https:\/\/lappis.org.br\/site\/#website\",\"url\":\"https:\/\/lappis.org.br\/site\/\",\"name\":\"Lappis 25 anos\",\"description\":\"Labotat\u00f3rio de Pesquisas sobre Pr\u00e1ticas de Integralidade em Sa\u00fade\",\"publisher\":{\"@id\":\"https:\/\/lappis.org.br\/site\/#organization\"},\"potentialAction\":[{\"@type\":\"SearchAction\",\"target\":{\"@type\":\"EntryPoint\",\"urlTemplate\":\"https:\/\/lappis.org.br\/site\/?s={search_term_string}\"},\"query-input\":{\"@type\":\"PropertyValueSpecification\",\"valueRequired\":true,\"valueName\":\"search_term_string\"}}],\"inLanguage\":\"pt-BR\"},{\"@type\":\"Organization\",\"@id\":\"https:\/\/lappis.org.br\/site\/#organization\",\"name\":\"Lappis 25 anos\",\"url\":\"https:\/\/lappis.org.br\/site\/\",\"logo\":{\"@type\":\"ImageObject\",\"inLanguage\":\"pt-BR\",\"@id\":\"https:\/\/lappis.org.br\/site\/#\/schema\/logo\/image\/\",\"url\":\"https:\/\/lappis.org.br\/site\/wp-content\/uploads\/2025\/03\/logo-lappis25anos.png\",\"contentUrl\":\"https:\/\/lappis.org.br\/site\/wp-content\/uploads\/2025\/03\/logo-lappis25anos.png\",\"width\":388,\"height\":146,\"caption\":\"Lappis 25 anos\"},\"image\":{\"@id\":\"https:\/\/lappis.org.br\/site\/#\/schema\/logo\/image\/\"}},{\"@type\":\"Person\",\"@id\":\"https:\/\/lappis.org.br\/site\/#\/schema\/person\/3852381d08284b5e2716b20bd89bdbcf\",\"name\":\"fw2\",\"image\":{\"@type\":\"ImageObject\",\"inLanguage\":\"pt-BR\",\"@id\":\"https:\/\/lappis.org.br\/site\/#\/schema\/person\/image\/\",\"url\":\"https:\/\/secure.gravatar.com\/avatar\/c38472c0cdbde82d9b6fcc26adb3779d?s=96&d=mm&r=g\",\"contentUrl\":\"https:\/\/secure.gravatar.com\/avatar\/c38472c0cdbde82d9b6fcc26adb3779d?s=96&d=mm&r=g\",\"caption\":\"fw2\"},\"url\":\"https:\/\/lappis.org.br\/site\/author\/fw2\"}]}<\/script>\n<!-- \/ Yoast SEO plugin. -->","yoast_head_json":{"title":"Pesquisadores\/as relatam experi\u00eancias de Apoio - Lappis 25 anos","robots":{"index":"index","follow":"follow","max-snippet":"max-snippet:-1","max-image-preview":"max-image-preview:large","max-video-preview":"max-video-preview:-1"},"canonical":"https:\/\/lappis.org.br\/site\/pesquisadoresas-relatam-experiencias-de-apoio\/2421","og_locale":"pt_BR","og_type":"article","og_title":"Pesquisadores\/as relatam experi\u00eancias de Apoio - Lappis 25 anos","og_description":"Os pesquisadores\/as do Lappis, envolvidos na pesquisa &ldquo;\u00c1reas Program\u00e1ticas e direito \u00e0 sa\u00fade: constru\u00e7\u00e3o da integralidade no contexto do apoio institucional&rdquo;, estiveram reunidos, no dia 13 de dezembro, no Rio de Janeiro, para relatarem as impress\u00f5es de campo realizadas no \u00faltimo bimestre de 2013, para atualizar os cronogramas das pr\u00f3ximas atividades e para debaterem sobre a produ\u00e7\u00e3o textual. [...]","og_url":"https:\/\/lappis.org.br\/site\/pesquisadoresas-relatam-experiencias-de-apoio\/2421","og_site_name":"Lappis 25 anos","article_published_time":"2013-12-14T00:36:30+00:00","og_image":[{"width":420,"height":226,"url":"https:\/\/lappis.org.br\/site\/wp-content\/uploads\/2013\/12\/13_12_13_foto6.jpg","type":"image\/jpeg"}],"author":"fw2","twitter_card":"summary_large_image","twitter_misc":{"Escrito por":"fw2","Est. tempo de leitura":"1 minuto"},"schema":{"@context":"https:\/\/schema.org","@graph":[{"@type":"Article","@id":"https:\/\/lappis.org.br\/site\/pesquisadoresas-relatam-experiencias-de-apoio\/2421#article","isPartOf":{"@id":"https:\/\/lappis.org.br\/site\/pesquisadoresas-relatam-experiencias-de-apoio\/2421"},"author":{"name":"fw2","@id":"https:\/\/lappis.org.br\/site\/#\/schema\/person\/3852381d08284b5e2716b20bd89bdbcf"},"headline":"Pesquisadores\/as relatam experi\u00eancias de Apoio","datePublished":"2013-12-14T00:36:30+00:00","mainEntityOfPage":{"@id":"https:\/\/lappis.org.br\/site\/pesquisadoresas-relatam-experiencias-de-apoio\/2421"},"wordCount":260,"commentCount":0,"publisher":{"@id":"https:\/\/lappis.org.br\/site\/#organization"},"image":{"@id":"https:\/\/lappis.org.br\/site\/pesquisadoresas-relatam-experiencias-de-apoio\/2421#primaryimage"},"thumbnailUrl":"https:\/\/lappis.org.br\/site\/wp-content\/uploads\/2013\/12\/13_12_13_foto6.jpg","articleSection":["Not\u00edcia"],"inLanguage":"pt-BR","potentialAction":[{"@type":"CommentAction","name":"Comment","target":["https:\/\/lappis.org.br\/site\/pesquisadoresas-relatam-experiencias-de-apoio\/2421#respond"]}]},{"@type":"WebPage","@id":"https:\/\/lappis.org.br\/site\/pesquisadoresas-relatam-experiencias-de-apoio\/2421","url":"https:\/\/lappis.org.br\/site\/pesquisadoresas-relatam-experiencias-de-apoio\/2421","name":"Pesquisadores\/as relatam experi\u00eancias de Apoio - Lappis 25 anos","isPartOf":{"@id":"https:\/\/lappis.org.br\/site\/#website"},"primaryImageOfPage":{"@id":"https:\/\/lappis.org.br\/site\/pesquisadoresas-relatam-experiencias-de-apoio\/2421#primaryimage"},"image":{"@id":"https:\/\/lappis.org.br\/site\/pesquisadoresas-relatam-experiencias-de-apoio\/2421#primaryimage"},"thumbnailUrl":"https:\/\/lappis.org.br\/site\/wp-content\/uploads\/2013\/12\/13_12_13_foto6.jpg","datePublished":"2013-12-14T00:36:30+00:00","breadcrumb":{"@id":"https:\/\/lappis.org.br\/site\/pesquisadoresas-relatam-experiencias-de-apoio\/2421#breadcrumb"},"inLanguage":"pt-BR","potentialAction":[{"@type":"ReadAction","target":["https:\/\/lappis.org.br\/site\/pesquisadoresas-relatam-experiencias-de-apoio\/2421"]}]},{"@type":"ImageObject","inLanguage":"pt-BR","@id":"https:\/\/lappis.org.br\/site\/pesquisadoresas-relatam-experiencias-de-apoio\/2421#primaryimage","url":"https:\/\/lappis.org.br\/site\/wp-content\/uploads\/2013\/12\/13_12_13_foto6.jpg","contentUrl":"https:\/\/lappis.org.br\/site\/wp-content\/uploads\/2013\/12\/13_12_13_foto6.jpg","width":420,"height":226,"caption":"alt"},{"@type":"BreadcrumbList","@id":"https:\/\/lappis.org.br\/site\/pesquisadoresas-relatam-experiencias-de-apoio\/2421#breadcrumb","itemListElement":[{"@type":"ListItem","position":1,"name":"In\u00edcio","item":"https:\/\/lappis.org.br\/site\/"},{"@type":"ListItem","position":2,"name":"Pesquisadores\/as relatam experi\u00eancias de Apoio"}]},{"@type":"WebSite","@id":"https:\/\/lappis.org.br\/site\/#website","url":"https:\/\/lappis.org.br\/site\/","name":"Lappis 25 anos","description":"Labotat\u00f3rio de Pesquisas sobre Pr\u00e1ticas de Integralidade em Sa\u00fade","publisher":{"@id":"https:\/\/lappis.org.br\/site\/#organization"},"potentialAction":[{"@type":"SearchAction","target":{"@type":"EntryPoint","urlTemplate":"https:\/\/lappis.org.br\/site\/?s={search_term_string}"},"query-input":{"@type":"PropertyValueSpecification","valueRequired":true,"valueName":"search_term_string"}}],"inLanguage":"pt-BR"},{"@type":"Organization","@id":"https:\/\/lappis.org.br\/site\/#organization","name":"Lappis 25 anos","url":"https:\/\/lappis.org.br\/site\/","logo":{"@type":"ImageObject","inLanguage":"pt-BR","@id":"https:\/\/lappis.org.br\/site\/#\/schema\/logo\/image\/","url":"https:\/\/lappis.org.br\/site\/wp-content\/uploads\/2025\/03\/logo-lappis25anos.png","contentUrl":"https:\/\/lappis.org.br\/site\/wp-content\/uploads\/2025\/03\/logo-lappis25anos.png","width":388,"height":146,"caption":"Lappis 25 anos"},"image":{"@id":"https:\/\/lappis.org.br\/site\/#\/schema\/logo\/image\/"}},{"@type":"Person","@id":"https:\/\/lappis.org.br\/site\/#\/schema\/person\/3852381d08284b5e2716b20bd89bdbcf","name":"fw2","image":{"@type":"ImageObject","inLanguage":"pt-BR","@id":"https:\/\/lappis.org.br\/site\/#\/schema\/person\/image\/","url":"https:\/\/secure.gravatar.com\/avatar\/c38472c0cdbde82d9b6fcc26adb3779d?s=96&d=mm&r=g","contentUrl":"https:\/\/secure.gravatar.com\/avatar\/c38472c0cdbde82d9b6fcc26adb3779d?s=96&d=mm&r=g","caption":"fw2"},"url":"https:\/\/lappis.org.br\/site\/author\/fw2"}]}},"jetpack_featured_media_url":"https:\/\/lappis.org.br\/site\/wp-content\/uploads\/2013\/12\/13_12_13_foto6.jpg","jetpack_shortlink":"https:\/\/wp.me\/p954Nh-D3","jetpack_sharing_enabled":true,"_links":{"self":[{"href":"https:\/\/lappis.org.br\/site\/wp-json\/wp\/v2\/posts\/2421"}],"collection":[{"href":"https:\/\/lappis.org.br\/site\/wp-json\/wp\/v2\/posts"}],"about":[{"href":"https:\/\/lappis.org.br\/site\/wp-json\/wp\/v2\/types\/post"}],"author":[{"embeddable":true,"href":"https:\/\/lappis.org.br\/site\/wp-json\/wp\/v2\/users\/1"}],"replies":[{"embeddable":true,"href":"https:\/\/lappis.org.br\/site\/wp-json\/wp\/v2\/comments?post=2421"}],"version-history":[{"count":0,"href":"https:\/\/lappis.org.br\/site\/wp-json\/wp\/v2\/posts\/2421\/revisions"}],"wp:featuredmedia":[{"embeddable":true,"href":"https:\/\/lappis.org.br\/site\/wp-json\/wp\/v2\/media\/2414"}],"wp:attachment":[{"href":"https:\/\/lappis.org.br\/site\/wp-json\/wp\/v2\/media?parent=2421"}],"wp:term":[{"taxonomy":"category","embeddable":true,"href":"https:\/\/lappis.org.br\/site\/wp-json\/wp\/v2\/categories?post=2421"},{"taxonomy":"post_tag","embeddable":true,"href":"https:\/\/lappis.org.br\/site\/wp-json\/wp\/v2\/tags?post=2421"}],"curies":[{"name":"wp","href":"https:\/\/api.w.org\/{rel}","templated":true}]}}