{"id":2360,"date":"2013-11-29T17:26:08","date_gmt":"2013-11-29T19:26:08","guid":{"rendered":"http:\/\/lappis.org.br\/site\/2013\/11\/29\/portaria-institui-a-politica-nacional-de-educacao-popular-em-saude\/"},"modified":"2013-11-29T17:26:08","modified_gmt":"2013-11-29T19:26:08","slug":"portaria-institui-a-politica-nacional-de-educacao-popular-em-saude","status":"publish","type":"post","link":"https:\/\/lappis.org.br\/site\/portaria-institui-a-politica-nacional-de-educacao-popular-em-saude\/2360","title":{"rendered":"Portaria institui a Pol\u00edtica Nacional de Educa\u00e7\u00e3o Popular em Sa\u00fade"},"content":{"rendered":"<p style=\"text-align: justify;\"> \t<img fetchpriority=\"high\" decoding=\"async\" data-attachment-id=\"2359\" data-permalink=\"https:\/\/lappis.org.br\/site\/portaria-institui-a-politica-nacional-de-educacao-popular-em-saude\/2360\/attachment-portaria-jpg\" data-orig-file=\"https:\/\/lappis.org.br\/site\/wp-content\/uploads\/2013\/11\/portaria.jpg\" data-orig-size=\"420,226\" data-comments-opened=\"1\" data-image-meta=\"{&quot;aperture&quot;:&quot;0&quot;,&quot;credit&quot;:&quot;&quot;,&quot;camera&quot;:&quot;&quot;,&quot;caption&quot;:&quot;&quot;,&quot;created_timestamp&quot;:&quot;0&quot;,&quot;copyright&quot;:&quot;&quot;,&quot;focal_length&quot;:&quot;0&quot;,&quot;iso&quot;:&quot;0&quot;,&quot;shutter_speed&quot;:&quot;0&quot;,&quot;title&quot;:&quot;&quot;,&quot;orientation&quot;:&quot;0&quot;}\" data-image-title=\"portaria.jpg\" data-image-description=\"\" data-image-caption=\"\" data-medium-file=\"https:\/\/lappis.org.br\/site\/wp-content\/uploads\/2013\/11\/portaria-300x161.jpg\" data-large-file=\"https:\/\/lappis.org.br\/site\/wp-content\/uploads\/2013\/11\/portaria.jpg\" class=\" alignright size-full wp-image-2359\" align=\"baseline\" alt=\"portaria.jpg\" src=\"http:\/\/lappis.org.br\/site\/wp-content\/uploads\/2013\/11\/portaria.jpg\" style=\"width: 420px; height: 226px; margin: 5px; float: right;\" width=\"420\" height=\"226\" srcset=\"https:\/\/lappis.org.br\/site\/wp-content\/uploads\/2013\/11\/portaria.jpg 420w, https:\/\/lappis.org.br\/site\/wp-content\/uploads\/2013\/11\/portaria-300x161.jpg 300w\" sizes=\"(max-width: 420px) 100vw, 420px\" \/>Di\u00e1logo, amorosidade, problematiza\u00e7\u00e3o, constru\u00e7\u00e3o compartilhada do conhecimento; emancipa\u00e7\u00e3o e compromisso com a constru\u00e7\u00e3o do projeto democr\u00e1tico e popular. Estes s\u00e3o os princ\u00edpios orientadores da Pol\u00edtica Nacional de Educa\u00e7\u00e3o Popular em Sa\u00fade no \u00e2mbito do Sistema \u00danico de Sa\u00fade\/PNEPS-SUS institu\u00edda pelo Minist\u00e9rio da Sa\u00fade, no dia 19 de novembro de 2013, atrav\u00e9s da Portaria N\u00ba 2.761.<\/p>\n<p style=\"text-align: justify;\"> \tA PNEPSSUS tem como intuito implementar a Educa\u00e7\u00e3o Popular em Sa\u00fade no \u00e2mbito do SUS, contribuindo com a participa\u00e7\u00e3o popular, com a gest\u00e3o participativa, com o controle social, o cuidado, a forma\u00e7\u00e3o e as pr\u00e1ticas educativas em sa\u00fade. Desta forma, pretende-se promover o di\u00e1logo e a troca de pr\u00e1ticas e saberes populares e t\u00e9cnico-cient\u00edfico, aproximando os sujeitos da gest\u00e3o, dos servi\u00e7os de sa\u00fade, dos movimentos sociais populares, das pr\u00e1ticas populares de cuidado e das institui\u00e7\u00f5es formadoras.<\/p>\n<p> \tDe acordo com mat\u00e9ria publicada pela Associa\u00e7\u00e3o Brasileira de Sa\u00fade Coletiva\/Abrasco, a Pol\u00edtica Nacional de Educa\u00e7\u00e3o Popular em Sa\u00fade no \u00e2mbito do Sistema \u00danico de Sa\u00fade, uma reivindica\u00e7\u00e3o de dez anos, avan\u00e7a no processo de democratiza\u00e7\u00e3o e condu\u00e7\u00e3o participativa dos movimentos sociais e de demais setores da sociedade na constru\u00e7\u00e3o do Sistema \u00danico de Sa\u00fade (SUS). Para\u00a0Julio Wong, coordenador do GT Educa\u00e7\u00e3o Popular em Sa\u00fade da Abrasco, a publica\u00e7\u00e3o da PNEP-SUS \u00e9 um marco por ser a primeira pol\u00edtica reconhecida pela Uni\u00e3o que traz as formula\u00e7\u00f5es do educador Paulo Freire, anterior inclusive \u00e0 \u00e1rea da Educa\u00e7\u00e3o.<\/p>\n<p> \tOs estados e munic\u00edpios que aderirem \u00e0 PNEPS-SUS ter\u00e3o que criar comit\u00eas locais para controle das a\u00e7\u00f5es que ser\u00e3o criadas e dos recursos a serem repassados. Os membros do Comit\u00ea Nacional de Educa\u00e7\u00e3o Popular em Sa\u00fade\/CNEPS se reunir\u00e3o para discutir o planooperativo de implementa\u00e7\u00e3o da PNEPS, nos dias 03 e 04 de dezembro, em Bras\u00edlia.<br \/> \t\u00a0<\/p>\n<p style=\"text-align: right;\"> \tCom informa\u00e7\u00f5es da <a href=\"http:\/\/www.abrasco.org.br\/noticias\/noticia_int.php?id_noticia=1713\">Abrasco.<\/a><\/p>\n","protected":false},"excerpt":{"rendered":"<div class=\"mh-excerpt\"><p style=\"text-align: justify;\"> \t<img decoding=\"async\" class=\" alignright size-full wp-image-2359\" align=\"baseline\" alt=\"portaria.jpg\" src=\"http:\/\/lappis.org.br\/site\/wp-content\/uploads\/2013\/11\/portaria.jpg\" style=\"width: 420px; height: 226px; margin: 5px; float: right;\" width=\"420\" height=\"226\" srcset=\"https:\/\/lappis.org.br\/site\/wp-content\/uploads\/2013\/11\/portaria.jpg 420w, https:\/\/lappis.org.br\/site\/wp-content\/uploads\/2013\/11\/portaria-300x161.jpg 300w\" sizes=\"(max-width: 420px) 100vw, 420px\" \/>Di\u00e1logo, amorosidade, problematiza\u00e7\u00e3o, constru\u00e7\u00e3o compartilhada do conhecimento; emancipa\u00e7\u00e3o e compromisso com a constru\u00e7\u00e3o do projeto democr\u00e1tico e popular. Estes s\u00e3o os princ\u00edpios orientadores da Pol\u00edtica Nacional de Educa\u00e7\u00e3o Popular em Sa\u00fade no \u00e2mbito do Sistema \u00danico de Sa\u00fade\/PNEPS-SUS institu\u00edda pelo Minist\u00e9rio da Sa\u00fade, no dia 19 de novembro de 2013, atrav\u00e9s da Portaria N\u00ba 2.761.<\/p>\n<p>  <a class=\"mh-excerpt-more\" href=\"https:\/\/lappis.org.br\/site\/portaria-institui-a-politica-nacional-de-educacao-popular-em-saude\/2360\" title=\"Portaria institui a Pol\u00edtica Nacional de Educa\u00e7\u00e3o Popular em Sa\u00fade\">[&#8230;]<\/a><\/p>\n<\/div>","protected":false},"author":1,"featured_media":2359,"comment_status":"open","ping_status":"open","sticky":false,"template":"","format":"standard","meta":{"_acf_changed":false,"_exactmetrics_skip_tracking":false,"_exactmetrics_sitenote_active":false,"_exactmetrics_sitenote_note":"","_exactmetrics_sitenote_category":0,"jetpack_post_was_ever_published":false,"_jetpack_newsletter_access":"","_jetpack_dont_email_post_to_subs":false,"_jetpack_newsletter_tier_id":0,"_jetpack_memberships_contains_paywalled_content":false,"_jetpack_memberships_contains_paid_content":false,"footnotes":"","jetpack_publicize_message":"","jetpack_publicize_feature_enabled":true,"jetpack_social_post_already_shared":false,"jetpack_social_options":{"image_generator_settings":{"template":"highway","enabled":false},"version":2}},"categories":[8],"tags":[],"class_list":{"0":"post-2360","1":"post","2":"type-post","3":"status-publish","4":"format-standard","5":"has-post-thumbnail","7":"category-noticia"},"jetpack_publicize_connections":[],"acf":[],"yoast_head":"<!-- This site is optimized with the Yoast SEO plugin v25.2 - https:\/\/yoast.com\/wordpress\/plugins\/seo\/ -->\n<title>Portaria institui a Pol\u00edtica Nacional de Educa\u00e7\u00e3o Popular em Sa\u00fade - Lappis 25 anos<\/title>\n<meta name=\"robots\" content=\"index, follow, max-snippet:-1, max-image-preview:large, max-video-preview:-1\" \/>\n<link rel=\"canonical\" href=\"https:\/\/lappis.org.br\/site\/portaria-institui-a-politica-nacional-de-educacao-popular-em-saude\/2360\" \/>\n<meta property=\"og:locale\" content=\"pt_BR\" \/>\n<meta property=\"og:type\" content=\"article\" \/>\n<meta property=\"og:title\" content=\"Portaria institui a Pol\u00edtica Nacional de Educa\u00e7\u00e3o Popular em Sa\u00fade - Lappis 25 anos\" \/>\n<meta property=\"og:description\" content=\"Di\u00e1logo, amorosidade, problematiza\u00e7\u00e3o, constru\u00e7\u00e3o compartilhada do conhecimento; emancipa\u00e7\u00e3o e compromisso com a constru\u00e7\u00e3o do projeto democr\u00e1tico e popular. Estes s\u00e3o os princ\u00edpios orientadores da Pol\u00edtica Nacional de Educa\u00e7\u00e3o Popular em Sa\u00fade no \u00e2mbito do Sistema \u00danico de Sa\u00fade\/PNEPS-SUS institu\u00edda pelo Minist\u00e9rio da Sa\u00fade, no dia 19 de novembro de 2013, atrav\u00e9s da Portaria N\u00ba 2.761. [...]\" \/>\n<meta property=\"og:url\" content=\"https:\/\/lappis.org.br\/site\/portaria-institui-a-politica-nacional-de-educacao-popular-em-saude\/2360\" \/>\n<meta property=\"og:site_name\" content=\"Lappis 25 anos\" \/>\n<meta property=\"article:published_time\" content=\"2013-11-29T19:26:08+00:00\" \/>\n<meta property=\"og:image\" content=\"https:\/\/lappis.org.br\/site\/wp-content\/uploads\/2013\/11\/portaria.jpg\" \/>\n\t<meta property=\"og:image:width\" content=\"420\" \/>\n\t<meta property=\"og:image:height\" content=\"226\" \/>\n\t<meta property=\"og:image:type\" content=\"image\/jpeg\" \/>\n<meta name=\"author\" content=\"fw2\" \/>\n<meta name=\"twitter:card\" content=\"summary_large_image\" \/>\n<meta name=\"twitter:label1\" content=\"Escrito por\" \/>\n\t<meta name=\"twitter:data1\" content=\"fw2\" \/>\n\t<meta name=\"twitter:label2\" content=\"Est. tempo de leitura\" \/>\n\t<meta name=\"twitter:data2\" content=\"2 minutos\" \/>\n<script type=\"application\/ld+json\" class=\"yoast-schema-graph\">{\"@context\":\"https:\/\/schema.org\",\"@graph\":[{\"@type\":\"Article\",\"@id\":\"https:\/\/lappis.org.br\/site\/portaria-institui-a-politica-nacional-de-educacao-popular-em-saude\/2360#article\",\"isPartOf\":{\"@id\":\"https:\/\/lappis.org.br\/site\/portaria-institui-a-politica-nacional-de-educacao-popular-em-saude\/2360\"},\"author\":{\"name\":\"fw2\",\"@id\":\"https:\/\/lappis.org.br\/site\/#\/schema\/person\/3852381d08284b5e2716b20bd89bdbcf\"},\"headline\":\"Portaria institui a Pol\u00edtica Nacional de Educa\u00e7\u00e3o Popular em Sa\u00fade\",\"datePublished\":\"2013-11-29T19:26:08+00:00\",\"mainEntityOfPage\":{\"@id\":\"https:\/\/lappis.org.br\/site\/portaria-institui-a-politica-nacional-de-educacao-popular-em-saude\/2360\"},\"wordCount\":358,\"commentCount\":0,\"publisher\":{\"@id\":\"https:\/\/lappis.org.br\/site\/#organization\"},\"image\":{\"@id\":\"https:\/\/lappis.org.br\/site\/portaria-institui-a-politica-nacional-de-educacao-popular-em-saude\/2360#primaryimage\"},\"thumbnailUrl\":\"https:\/\/lappis.org.br\/site\/wp-content\/uploads\/2013\/11\/portaria.jpg\",\"articleSection\":[\"Not\u00edcia\"],\"inLanguage\":\"pt-BR\",\"potentialAction\":[{\"@type\":\"CommentAction\",\"name\":\"Comment\",\"target\":[\"https:\/\/lappis.org.br\/site\/portaria-institui-a-politica-nacional-de-educacao-popular-em-saude\/2360#respond\"]}]},{\"@type\":\"WebPage\",\"@id\":\"https:\/\/lappis.org.br\/site\/portaria-institui-a-politica-nacional-de-educacao-popular-em-saude\/2360\",\"url\":\"https:\/\/lappis.org.br\/site\/portaria-institui-a-politica-nacional-de-educacao-popular-em-saude\/2360\",\"name\":\"Portaria institui a Pol\u00edtica Nacional de Educa\u00e7\u00e3o Popular em Sa\u00fade - Lappis 25 anos\",\"isPartOf\":{\"@id\":\"https:\/\/lappis.org.br\/site\/#website\"},\"primaryImageOfPage\":{\"@id\":\"https:\/\/lappis.org.br\/site\/portaria-institui-a-politica-nacional-de-educacao-popular-em-saude\/2360#primaryimage\"},\"image\":{\"@id\":\"https:\/\/lappis.org.br\/site\/portaria-institui-a-politica-nacional-de-educacao-popular-em-saude\/2360#primaryimage\"},\"thumbnailUrl\":\"https:\/\/lappis.org.br\/site\/wp-content\/uploads\/2013\/11\/portaria.jpg\",\"datePublished\":\"2013-11-29T19:26:08+00:00\",\"breadcrumb\":{\"@id\":\"https:\/\/lappis.org.br\/site\/portaria-institui-a-politica-nacional-de-educacao-popular-em-saude\/2360#breadcrumb\"},\"inLanguage\":\"pt-BR\",\"potentialAction\":[{\"@type\":\"ReadAction\",\"target\":[\"https:\/\/lappis.org.br\/site\/portaria-institui-a-politica-nacional-de-educacao-popular-em-saude\/2360\"]}]},{\"@type\":\"ImageObject\",\"inLanguage\":\"pt-BR\",\"@id\":\"https:\/\/lappis.org.br\/site\/portaria-institui-a-politica-nacional-de-educacao-popular-em-saude\/2360#primaryimage\",\"url\":\"https:\/\/lappis.org.br\/site\/wp-content\/uploads\/2013\/11\/portaria.jpg\",\"contentUrl\":\"https:\/\/lappis.org.br\/site\/wp-content\/uploads\/2013\/11\/portaria.jpg\",\"width\":420,\"height\":226,\"caption\":\"portaria.jpg\"},{\"@type\":\"BreadcrumbList\",\"@id\":\"https:\/\/lappis.org.br\/site\/portaria-institui-a-politica-nacional-de-educacao-popular-em-saude\/2360#breadcrumb\",\"itemListElement\":[{\"@type\":\"ListItem\",\"position\":1,\"name\":\"In\u00edcio\",\"item\":\"https:\/\/lappis.org.br\/site\/\"},{\"@type\":\"ListItem\",\"position\":2,\"name\":\"Portaria institui a Pol\u00edtica Nacional de Educa\u00e7\u00e3o Popular em Sa\u00fade\"}]},{\"@type\":\"WebSite\",\"@id\":\"https:\/\/lappis.org.br\/site\/#website\",\"url\":\"https:\/\/lappis.org.br\/site\/\",\"name\":\"Lappis 25 anos\",\"description\":\"Labotat\u00f3rio de Pesquisas sobre Pr\u00e1ticas de Integralidade em Sa\u00fade\",\"publisher\":{\"@id\":\"https:\/\/lappis.org.br\/site\/#organization\"},\"potentialAction\":[{\"@type\":\"SearchAction\",\"target\":{\"@type\":\"EntryPoint\",\"urlTemplate\":\"https:\/\/lappis.org.br\/site\/?s={search_term_string}\"},\"query-input\":{\"@type\":\"PropertyValueSpecification\",\"valueRequired\":true,\"valueName\":\"search_term_string\"}}],\"inLanguage\":\"pt-BR\"},{\"@type\":\"Organization\",\"@id\":\"https:\/\/lappis.org.br\/site\/#organization\",\"name\":\"Lappis 25 anos\",\"url\":\"https:\/\/lappis.org.br\/site\/\",\"logo\":{\"@type\":\"ImageObject\",\"inLanguage\":\"pt-BR\",\"@id\":\"https:\/\/lappis.org.br\/site\/#\/schema\/logo\/image\/\",\"url\":\"https:\/\/lappis.org.br\/site\/wp-content\/uploads\/2025\/03\/logo-lappis25anos.png\",\"contentUrl\":\"https:\/\/lappis.org.br\/site\/wp-content\/uploads\/2025\/03\/logo-lappis25anos.png\",\"width\":388,\"height\":146,\"caption\":\"Lappis 25 anos\"},\"image\":{\"@id\":\"https:\/\/lappis.org.br\/site\/#\/schema\/logo\/image\/\"}},{\"@type\":\"Person\",\"@id\":\"https:\/\/lappis.org.br\/site\/#\/schema\/person\/3852381d08284b5e2716b20bd89bdbcf\",\"name\":\"fw2\",\"image\":{\"@type\":\"ImageObject\",\"inLanguage\":\"pt-BR\",\"@id\":\"https:\/\/lappis.org.br\/site\/#\/schema\/person\/image\/\",\"url\":\"https:\/\/secure.gravatar.com\/avatar\/c38472c0cdbde82d9b6fcc26adb3779d?s=96&d=mm&r=g\",\"contentUrl\":\"https:\/\/secure.gravatar.com\/avatar\/c38472c0cdbde82d9b6fcc26adb3779d?s=96&d=mm&r=g\",\"caption\":\"fw2\"},\"url\":\"https:\/\/lappis.org.br\/site\/author\/fw2\"}]}<\/script>\n<!-- \/ Yoast SEO plugin. -->","yoast_head_json":{"title":"Portaria institui a Pol\u00edtica Nacional de Educa\u00e7\u00e3o Popular em Sa\u00fade - Lappis 25 anos","robots":{"index":"index","follow":"follow","max-snippet":"max-snippet:-1","max-image-preview":"max-image-preview:large","max-video-preview":"max-video-preview:-1"},"canonical":"https:\/\/lappis.org.br\/site\/portaria-institui-a-politica-nacional-de-educacao-popular-em-saude\/2360","og_locale":"pt_BR","og_type":"article","og_title":"Portaria institui a Pol\u00edtica Nacional de Educa\u00e7\u00e3o Popular em Sa\u00fade - Lappis 25 anos","og_description":"Di\u00e1logo, amorosidade, problematiza\u00e7\u00e3o, constru\u00e7\u00e3o compartilhada do conhecimento; emancipa\u00e7\u00e3o e compromisso com a constru\u00e7\u00e3o do projeto democr\u00e1tico e popular. Estes s\u00e3o os princ\u00edpios orientadores da Pol\u00edtica Nacional de Educa\u00e7\u00e3o Popular em Sa\u00fade no \u00e2mbito do Sistema \u00danico de Sa\u00fade\/PNEPS-SUS institu\u00edda pelo Minist\u00e9rio da Sa\u00fade, no dia 19 de novembro de 2013, atrav\u00e9s da Portaria N\u00ba 2.761. [...]","og_url":"https:\/\/lappis.org.br\/site\/portaria-institui-a-politica-nacional-de-educacao-popular-em-saude\/2360","og_site_name":"Lappis 25 anos","article_published_time":"2013-11-29T19:26:08+00:00","og_image":[{"width":420,"height":226,"url":"https:\/\/lappis.org.br\/site\/wp-content\/uploads\/2013\/11\/portaria.jpg","type":"image\/jpeg"}],"author":"fw2","twitter_card":"summary_large_image","twitter_misc":{"Escrito por":"fw2","Est. tempo de leitura":"2 minutos"},"schema":{"@context":"https:\/\/schema.org","@graph":[{"@type":"Article","@id":"https:\/\/lappis.org.br\/site\/portaria-institui-a-politica-nacional-de-educacao-popular-em-saude\/2360#article","isPartOf":{"@id":"https:\/\/lappis.org.br\/site\/portaria-institui-a-politica-nacional-de-educacao-popular-em-saude\/2360"},"author":{"name":"fw2","@id":"https:\/\/lappis.org.br\/site\/#\/schema\/person\/3852381d08284b5e2716b20bd89bdbcf"},"headline":"Portaria institui a Pol\u00edtica Nacional de Educa\u00e7\u00e3o Popular em Sa\u00fade","datePublished":"2013-11-29T19:26:08+00:00","mainEntityOfPage":{"@id":"https:\/\/lappis.org.br\/site\/portaria-institui-a-politica-nacional-de-educacao-popular-em-saude\/2360"},"wordCount":358,"commentCount":0,"publisher":{"@id":"https:\/\/lappis.org.br\/site\/#organization"},"image":{"@id":"https:\/\/lappis.org.br\/site\/portaria-institui-a-politica-nacional-de-educacao-popular-em-saude\/2360#primaryimage"},"thumbnailUrl":"https:\/\/lappis.org.br\/site\/wp-content\/uploads\/2013\/11\/portaria.jpg","articleSection":["Not\u00edcia"],"inLanguage":"pt-BR","potentialAction":[{"@type":"CommentAction","name":"Comment","target":["https:\/\/lappis.org.br\/site\/portaria-institui-a-politica-nacional-de-educacao-popular-em-saude\/2360#respond"]}]},{"@type":"WebPage","@id":"https:\/\/lappis.org.br\/site\/portaria-institui-a-politica-nacional-de-educacao-popular-em-saude\/2360","url":"https:\/\/lappis.org.br\/site\/portaria-institui-a-politica-nacional-de-educacao-popular-em-saude\/2360","name":"Portaria institui a Pol\u00edtica Nacional de Educa\u00e7\u00e3o Popular em Sa\u00fade - Lappis 25 anos","isPartOf":{"@id":"https:\/\/lappis.org.br\/site\/#website"},"primaryImageOfPage":{"@id":"https:\/\/lappis.org.br\/site\/portaria-institui-a-politica-nacional-de-educacao-popular-em-saude\/2360#primaryimage"},"image":{"@id":"https:\/\/lappis.org.br\/site\/portaria-institui-a-politica-nacional-de-educacao-popular-em-saude\/2360#primaryimage"},"thumbnailUrl":"https:\/\/lappis.org.br\/site\/wp-content\/uploads\/2013\/11\/portaria.jpg","datePublished":"2013-11-29T19:26:08+00:00","breadcrumb":{"@id":"https:\/\/lappis.org.br\/site\/portaria-institui-a-politica-nacional-de-educacao-popular-em-saude\/2360#breadcrumb"},"inLanguage":"pt-BR","potentialAction":[{"@type":"ReadAction","target":["https:\/\/lappis.org.br\/site\/portaria-institui-a-politica-nacional-de-educacao-popular-em-saude\/2360"]}]},{"@type":"ImageObject","inLanguage":"pt-BR","@id":"https:\/\/lappis.org.br\/site\/portaria-institui-a-politica-nacional-de-educacao-popular-em-saude\/2360#primaryimage","url":"https:\/\/lappis.org.br\/site\/wp-content\/uploads\/2013\/11\/portaria.jpg","contentUrl":"https:\/\/lappis.org.br\/site\/wp-content\/uploads\/2013\/11\/portaria.jpg","width":420,"height":226,"caption":"portaria.jpg"},{"@type":"BreadcrumbList","@id":"https:\/\/lappis.org.br\/site\/portaria-institui-a-politica-nacional-de-educacao-popular-em-saude\/2360#breadcrumb","itemListElement":[{"@type":"ListItem","position":1,"name":"In\u00edcio","item":"https:\/\/lappis.org.br\/site\/"},{"@type":"ListItem","position":2,"name":"Portaria institui a Pol\u00edtica Nacional de Educa\u00e7\u00e3o Popular em Sa\u00fade"}]},{"@type":"WebSite","@id":"https:\/\/lappis.org.br\/site\/#website","url":"https:\/\/lappis.org.br\/site\/","name":"Lappis 25 anos","description":"Labotat\u00f3rio de Pesquisas sobre Pr\u00e1ticas de Integralidade em Sa\u00fade","publisher":{"@id":"https:\/\/lappis.org.br\/site\/#organization"},"potentialAction":[{"@type":"SearchAction","target":{"@type":"EntryPoint","urlTemplate":"https:\/\/lappis.org.br\/site\/?s={search_term_string}"},"query-input":{"@type":"PropertyValueSpecification","valueRequired":true,"valueName":"search_term_string"}}],"inLanguage":"pt-BR"},{"@type":"Organization","@id":"https:\/\/lappis.org.br\/site\/#organization","name":"Lappis 25 anos","url":"https:\/\/lappis.org.br\/site\/","logo":{"@type":"ImageObject","inLanguage":"pt-BR","@id":"https:\/\/lappis.org.br\/site\/#\/schema\/logo\/image\/","url":"https:\/\/lappis.org.br\/site\/wp-content\/uploads\/2025\/03\/logo-lappis25anos.png","contentUrl":"https:\/\/lappis.org.br\/site\/wp-content\/uploads\/2025\/03\/logo-lappis25anos.png","width":388,"height":146,"caption":"Lappis 25 anos"},"image":{"@id":"https:\/\/lappis.org.br\/site\/#\/schema\/logo\/image\/"}},{"@type":"Person","@id":"https:\/\/lappis.org.br\/site\/#\/schema\/person\/3852381d08284b5e2716b20bd89bdbcf","name":"fw2","image":{"@type":"ImageObject","inLanguage":"pt-BR","@id":"https:\/\/lappis.org.br\/site\/#\/schema\/person\/image\/","url":"https:\/\/secure.gravatar.com\/avatar\/c38472c0cdbde82d9b6fcc26adb3779d?s=96&d=mm&r=g","contentUrl":"https:\/\/secure.gravatar.com\/avatar\/c38472c0cdbde82d9b6fcc26adb3779d?s=96&d=mm&r=g","caption":"fw2"},"url":"https:\/\/lappis.org.br\/site\/author\/fw2"}]}},"jetpack_featured_media_url":"https:\/\/lappis.org.br\/site\/wp-content\/uploads\/2013\/11\/portaria.jpg","jetpack_shortlink":"https:\/\/wp.me\/p954Nh-C4","jetpack_sharing_enabled":true,"_links":{"self":[{"href":"https:\/\/lappis.org.br\/site\/wp-json\/wp\/v2\/posts\/2360"}],"collection":[{"href":"https:\/\/lappis.org.br\/site\/wp-json\/wp\/v2\/posts"}],"about":[{"href":"https:\/\/lappis.org.br\/site\/wp-json\/wp\/v2\/types\/post"}],"author":[{"embeddable":true,"href":"https:\/\/lappis.org.br\/site\/wp-json\/wp\/v2\/users\/1"}],"replies":[{"embeddable":true,"href":"https:\/\/lappis.org.br\/site\/wp-json\/wp\/v2\/comments?post=2360"}],"version-history":[{"count":0,"href":"https:\/\/lappis.org.br\/site\/wp-json\/wp\/v2\/posts\/2360\/revisions"}],"wp:featuredmedia":[{"embeddable":true,"href":"https:\/\/lappis.org.br\/site\/wp-json\/wp\/v2\/media\/2359"}],"wp:attachment":[{"href":"https:\/\/lappis.org.br\/site\/wp-json\/wp\/v2\/media?parent=2360"}],"wp:term":[{"taxonomy":"category","embeddable":true,"href":"https:\/\/lappis.org.br\/site\/wp-json\/wp\/v2\/categories?post=2360"},{"taxonomy":"post_tag","embeddable":true,"href":"https:\/\/lappis.org.br\/site\/wp-json\/wp\/v2\/tags?post=2360"}],"curies":[{"name":"wp","href":"https:\/\/api.w.org\/{rel}","templated":true}]}}