{"id":2358,"date":"2013-11-29T17:14:41","date_gmt":"2013-11-29T19:14:41","guid":{"rendered":"http:\/\/lappis.org.br\/site\/2013\/11\/29\/por-respeito-ao-movimento-saude-10-a-luta-pelo-financiamento-adequado-do-sus-continua\/"},"modified":"2013-11-29T17:14:41","modified_gmt":"2013-11-29T19:14:41","slug":"por-respeito-ao-movimento-saude-10-a-luta-pelo-financiamento-adequado-do-sus-continua","status":"publish","type":"post","link":"https:\/\/lappis.org.br\/site\/por-respeito-ao-movimento-saude-10-a-luta-pelo-financiamento-adequado-do-sus-continua\/2358","title":{"rendered":"POR RESPEITO AO MOVIMENTO SA\u00daDE + 10: A LUTA PELO FINANCIAMENTO ADEQUADO DO SUS CONTINUA!"},"content":{"rendered":"<div style=\"text-align: justify;\"> \t<img fetchpriority=\"high\" decoding=\"async\" data-attachment-id=\"2357\" data-permalink=\"https:\/\/lappis.org.br\/site\/por-respeito-ao-movimento-saude-10-a-luta-pelo-financiamento-adequado-do-sus-continua\/2358\/attachment-abrasco2-jpg\" data-orig-file=\"https:\/\/lappis.org.br\/site\/wp-content\/uploads\/2013\/11\/abrasco2.jpg\" data-orig-size=\"420,226\" data-comments-opened=\"1\" data-image-meta=\"{&quot;aperture&quot;:&quot;0&quot;,&quot;credit&quot;:&quot;&quot;,&quot;camera&quot;:&quot;&quot;,&quot;caption&quot;:&quot;&quot;,&quot;created_timestamp&quot;:&quot;0&quot;,&quot;copyright&quot;:&quot;&quot;,&quot;focal_length&quot;:&quot;0&quot;,&quot;iso&quot;:&quot;0&quot;,&quot;shutter_speed&quot;:&quot;0&quot;,&quot;title&quot;:&quot;&quot;,&quot;orientation&quot;:&quot;0&quot;}\" data-image-title=\"abrasco2.jpg\" data-image-description=\"\" data-image-caption=\"\" data-medium-file=\"https:\/\/lappis.org.br\/site\/wp-content\/uploads\/2013\/11\/abrasco2-300x161.jpg\" data-large-file=\"https:\/\/lappis.org.br\/site\/wp-content\/uploads\/2013\/11\/abrasco2.jpg\" class=\" alignleft size-full wp-image-2357\" align=\"baseline\" alt=\"abrasco2.jpg\" src=\"http:\/\/lappis.org.br\/site\/wp-content\/uploads\/2013\/11\/abrasco2.jpg\" style=\"width: 420px; height: 226px; margin: 5px; float: left;\" width=\"420\" height=\"226\" srcset=\"https:\/\/lappis.org.br\/site\/wp-content\/uploads\/2013\/11\/abrasco2.jpg 420w, https:\/\/lappis.org.br\/site\/wp-content\/uploads\/2013\/11\/abrasco2-300x161.jpg 300w\" sizes=\"(max-width: 420px) 100vw, 420px\" \/>Nota de rep\u00fadio ao desrespeito que o Congresso e o Governo v\u00eam tendo com o Movimento Saude 10 com a aprova\u00e7\u00e3o da PEC 22A\/2000 pelo Senado, que destina um valor muito menor para a sa\u00fade p\u00fablica que o Projeto de Lei de Iniciativa Popular n. 321\/2013, o qual estabelece a aplica\u00e7\u00e3o de pelo menos 10% das Receitas Correntes Brutas da Uni\u00e3o em a\u00e7\u00f5es e servi\u00e7os p\u00fablicos de sa\u00fade.<\/div>\n<div style=\"text-align: center;\"> \t23 de novembro de 2013<\/div>\n<div> \t\u00a0<\/div>\n<div style=\"text-align: justify;\"> \tMuito nos espanta e preocupa que, na 3\u00aa feira, dia 12\/11, o Senado Federal tenha aprovado a Proposta de Emenda \u00e0 Constitui\u00e7\u00e3o do Or\u00e7amento Impositivo (PEC 22A\/2000), que vergonhosamente estabelece montantes de recursos muito menores para financiar as a\u00e7\u00f5es e servi\u00e7os p\u00fablicos de sa\u00fade do que hav\u00edamos proposto no Projeto de Lei de Iniciativa Popular n. 321\/2013, o qual foi aprovado pela Comiss\u00e3o Especial que trata do tema na C\u00e2mara dos Deputados.<\/div>\n<div style=\"text-align: justify;\"> \t\u00a0<\/div>\n<div style=\"text-align: justify;\"> \tEstamos falando de uma diferen\u00e7a de quase R$ 200 bilh\u00f5es, pois se a PEC aprovada disp\u00f5e que o governo deve aplicar na sa\u00fade 13,2% da Receita Corrente L\u00edquida em 2014, aumentando progressivamente at\u00e9 15% em 2018, o Projeto de Lei estabelecia aplica\u00e7\u00e3o de pelo menos 10% da Receita Corrente Bruta da Uni\u00e3o. Enquanto a PEC resulta num aumento de recursos de apenas R$64 bilh\u00f5es at\u00e9 2018, a iniciativa popular significaria R$ 257,1 bilh\u00f5es. \u00c9 muita diferen\u00e7a.<\/div>\n<div style=\"text-align: justify;\"> \t\u00a0<\/div>\n<div style=\"text-align: justify;\"> \tE mais do que a diferen\u00e7a, sinaliza que estamos, mais uma vez, perdendo a oportunidade de priorizar o que realmente \u00e9 de interesse da popula\u00e7\u00e3o, no lugar de continuarmos a destinar parcela importante de nossos recursos para a reprodu\u00e7\u00e3o do capital financeiro, credor insaci\u00e1vel de uma d\u00edvida n\u00e3o auditada. Vemos que um mesmo governo aumenta os recursos numa propor\u00e7\u00e3o muito menor para o SUS e numa propor\u00e7\u00e3o muito maior para o mercado privado de sa\u00fade, por exemplo, por meio dos subs\u00eddios fiscais (com dedu\u00e7\u00e3o integral dos gastos privados com sa\u00fade do IR devido) e, de dois meses para c\u00e1, com a permiss\u00e3o para as operadoras de planos privados de sa\u00fade n\u00e3o pagarem Pis-Pasep e Cofins (lei de aplica\u00e7\u00e3o retroativa).<\/div>\n<div style=\"text-align: justify;\"> \t\u00a0<\/div>\n<div style=\"text-align: justify;\"> \tOs recursos derivados da PEC n\u00e3o s\u00e3o suficientes para atender as necessidades de sa\u00fade da popula\u00e7\u00e3o brasileira, considerando um sistema p\u00fablico integral, universal e que atue no sentido da diminui\u00e7\u00e3o da desigualdade no acesso, no uso de servi\u00e7os e pela qualidade do atendimento recebido.<\/div>\n<div style=\"text-align: justify;\"> \t\u00a0<\/div>\n<div style=\"text-align: justify;\"> \tA PEC tamb\u00e9m \u00e9 insuficiente para atender \u00e0s demandas por servi\u00e7os p\u00fablicos de sa\u00fade de qualidade, expressas nas recentes manifesta\u00e7\u00f5es populares. Se a popula\u00e7\u00e3o clama por servi\u00e7os de qualidade e se organizou para apresentar um Projeto de Lei de Iniciativa Popular, n\u00e3o \u00e9 essa a resposta que espera, mas sim a aprova\u00e7\u00e3o final dos 10% da Receita Corrente Bruta.<\/div>\n<div> \t\u00a0<\/div>\n<div style=\"text-align: center;\"> \tAssinam esse documento:<\/div>\n<div style=\"text-align: center;\"> \t<em>Associa\u00e7\u00e3o Brasileira de Sa\u00fade Coletiva &#8211; Abrasco<\/em><\/div>\n<div style=\"text-align: center;\"> \t<em>Associa\u00e7\u00e3o Brasileira de Economia da Sa\u00fade &#8211; Abres<\/em><\/div>\n<div style=\"text-align: center;\"> \t<em>Associa\u00e7\u00e3o Nacional do Minist\u00e9rio P\u00fablico de Defesa da Sa\u00fade &#8211; Ampasa<\/em><\/div>\n<div style=\"text-align: center;\"> \t<em>Associa\u00e7\u00e3o Paulista de Sa\u00fade P\u00fablica &#8211; APSP<\/em><\/div>\n<div style=\"text-align: center;\"> \t<em>Centro Brasileiro de Estudos de Sa\u00fade &#8211; Cebes<\/em><\/div>\n<div style=\"text-align: center;\"> \t<em>Instituto de Direito Sanit\u00e1rio Aplicado &#8211; Idisa<\/em><br \/> \t\u00a0<\/div>\n<div style=\"text-align: right;\"> \t<a href=\"http:\/\/www.abrasco.org.br\/noticias\/noticia_int.php?id_noticia=1716\" target=\"_blank\">Fonte: Abrasco<\/a><\/div>\n<div> \t\u00a0<\/div>\n","protected":false},"excerpt":{"rendered":"<div class=\"mh-excerpt\"><div style=\"text-align: justify;\"> \t<img decoding=\"async\" class=\" alignleft size-full wp-image-2357\" align=\"baseline\" alt=\"abrasco2.jpg\" src=\"http:\/\/lappis.org.br\/site\/wp-content\/uploads\/2013\/11\/abrasco2.jpg\" style=\"width: 420px; height: 226px; margin: 5px; float: left;\" width=\"420\" height=\"226\" srcset=\"https:\/\/lappis.org.br\/site\/wp-content\/uploads\/2013\/11\/abrasco2.jpg 420w, https:\/\/lappis.org.br\/site\/wp-content\/uploads\/2013\/11\/abrasco2-300x161.jpg 300w\" sizes=\"(max-width: 420px) 100vw, 420px\" \/>Nota de rep\u00fadio ao desrespeito que o Congresso e o Governo v\u00eam tendo com o Movimento Saude 10 com a aprova\u00e7\u00e3o da PEC 22A\/2000 pelo Senado, que destina um valor muito menor para a sa\u00fade p\u00fablica que o Projeto de Lei de Iniciativa Popular n. 321\/2013, o qual estabelece a aplica\u00e7\u00e3o de pelo menos 10% das Receitas Correntes Brutas da Uni\u00e3o em a\u00e7\u00f5es e servi\u00e7os p\u00fablicos de sa\u00fade.<\/div>\n<p>  <a class=\"mh-excerpt-more\" href=\"https:\/\/lappis.org.br\/site\/por-respeito-ao-movimento-saude-10-a-luta-pelo-financiamento-adequado-do-sus-continua\/2358\" title=\"POR RESPEITO AO MOVIMENTO SA\u00daDE + 10: A LUTA PELO FINANCIAMENTO ADEQUADO DO SUS CONTINUA!\">[&#8230;]<\/a><\/p>\n<\/div>","protected":false},"author":1,"featured_media":2357,"comment_status":"open","ping_status":"open","sticky":false,"template":"","format":"standard","meta":{"_acf_changed":false,"_exactmetrics_skip_tracking":false,"_exactmetrics_sitenote_active":false,"_exactmetrics_sitenote_note":"","_exactmetrics_sitenote_category":0,"jetpack_post_was_ever_published":false,"_jetpack_newsletter_access":"","_jetpack_dont_email_post_to_subs":false,"_jetpack_newsletter_tier_id":0,"_jetpack_memberships_contains_paywalled_content":false,"_jetpack_memberships_contains_paid_content":false,"footnotes":"","jetpack_publicize_message":"","jetpack_publicize_feature_enabled":true,"jetpack_social_post_already_shared":false,"jetpack_social_options":{"image_generator_settings":{"template":"highway","enabled":false},"version":2}},"categories":[8],"tags":[],"class_list":{"0":"post-2358","1":"post","2":"type-post","3":"status-publish","4":"format-standard","5":"has-post-thumbnail","7":"category-noticia"},"jetpack_publicize_connections":[],"acf":[],"yoast_head":"<!-- This site is optimized with the Yoast SEO plugin v25.2 - https:\/\/yoast.com\/wordpress\/plugins\/seo\/ -->\n<title>POR RESPEITO AO MOVIMENTO SA\u00daDE + 10: A LUTA PELO FINANCIAMENTO ADEQUADO DO SUS CONTINUA! - Lappis 25 anos<\/title>\n<meta name=\"robots\" content=\"index, follow, max-snippet:-1, max-image-preview:large, max-video-preview:-1\" \/>\n<link rel=\"canonical\" href=\"https:\/\/lappis.org.br\/site\/por-respeito-ao-movimento-saude-10-a-luta-pelo-financiamento-adequado-do-sus-continua\/2358\" \/>\n<meta property=\"og:locale\" content=\"pt_BR\" \/>\n<meta property=\"og:type\" content=\"article\" \/>\n<meta property=\"og:title\" content=\"POR RESPEITO AO MOVIMENTO SA\u00daDE + 10: A LUTA PELO FINANCIAMENTO ADEQUADO DO SUS CONTINUA! - Lappis 25 anos\" \/>\n<meta property=\"og:description\" content=\"Nota de rep\u00fadio ao desrespeito que o Congresso e o Governo v\u00eam tendo com o Movimento Saude 10 com a aprova\u00e7\u00e3o da PEC 22A\/2000 pelo Senado, que destina um valor muito menor para a sa\u00fade p\u00fablica que o Projeto de Lei de Iniciativa Popular n. 321\/2013, o qual estabelece a aplica\u00e7\u00e3o de pelo menos 10% das Receitas Correntes Brutas da Uni\u00e3o em a\u00e7\u00f5es e servi\u00e7os p\u00fablicos de sa\u00fade. [...]\" \/>\n<meta property=\"og:url\" content=\"https:\/\/lappis.org.br\/site\/por-respeito-ao-movimento-saude-10-a-luta-pelo-financiamento-adequado-do-sus-continua\/2358\" \/>\n<meta property=\"og:site_name\" content=\"Lappis 25 anos\" \/>\n<meta property=\"article:published_time\" content=\"2013-11-29T19:14:41+00:00\" \/>\n<meta property=\"og:image\" content=\"https:\/\/lappis.org.br\/site\/wp-content\/uploads\/2013\/11\/abrasco2.jpg\" \/>\n\t<meta property=\"og:image:width\" content=\"420\" \/>\n\t<meta property=\"og:image:height\" content=\"226\" \/>\n\t<meta property=\"og:image:type\" content=\"image\/jpeg\" \/>\n<meta name=\"author\" content=\"fw2\" \/>\n<meta name=\"twitter:card\" content=\"summary_large_image\" \/>\n<meta name=\"twitter:label1\" content=\"Escrito por\" \/>\n\t<meta name=\"twitter:data1\" content=\"fw2\" \/>\n\t<meta name=\"twitter:label2\" content=\"Est. tempo de leitura\" \/>\n\t<meta name=\"twitter:data2\" content=\"3 minutos\" \/>\n<script type=\"application\/ld+json\" class=\"yoast-schema-graph\">{\"@context\":\"https:\/\/schema.org\",\"@graph\":[{\"@type\":\"Article\",\"@id\":\"https:\/\/lappis.org.br\/site\/por-respeito-ao-movimento-saude-10-a-luta-pelo-financiamento-adequado-do-sus-continua\/2358#article\",\"isPartOf\":{\"@id\":\"https:\/\/lappis.org.br\/site\/por-respeito-ao-movimento-saude-10-a-luta-pelo-financiamento-adequado-do-sus-continua\/2358\"},\"author\":{\"name\":\"fw2\",\"@id\":\"https:\/\/lappis.org.br\/site\/#\/schema\/person\/3852381d08284b5e2716b20bd89bdbcf\"},\"headline\":\"POR RESPEITO AO MOVIMENTO SA\u00daDE + 10: A LUTA PELO FINANCIAMENTO ADEQUADO DO SUS CONTINUA!\",\"datePublished\":\"2013-11-29T19:14:41+00:00\",\"mainEntityOfPage\":{\"@id\":\"https:\/\/lappis.org.br\/site\/por-respeito-ao-movimento-saude-10-a-luta-pelo-financiamento-adequado-do-sus-continua\/2358\"},\"wordCount\":563,\"commentCount\":0,\"publisher\":{\"@id\":\"https:\/\/lappis.org.br\/site\/#organization\"},\"image\":{\"@id\":\"https:\/\/lappis.org.br\/site\/por-respeito-ao-movimento-saude-10-a-luta-pelo-financiamento-adequado-do-sus-continua\/2358#primaryimage\"},\"thumbnailUrl\":\"https:\/\/lappis.org.br\/site\/wp-content\/uploads\/2013\/11\/abrasco2.jpg\",\"articleSection\":[\"Not\u00edcia\"],\"inLanguage\":\"pt-BR\",\"potentialAction\":[{\"@type\":\"CommentAction\",\"name\":\"Comment\",\"target\":[\"https:\/\/lappis.org.br\/site\/por-respeito-ao-movimento-saude-10-a-luta-pelo-financiamento-adequado-do-sus-continua\/2358#respond\"]}]},{\"@type\":\"WebPage\",\"@id\":\"https:\/\/lappis.org.br\/site\/por-respeito-ao-movimento-saude-10-a-luta-pelo-financiamento-adequado-do-sus-continua\/2358\",\"url\":\"https:\/\/lappis.org.br\/site\/por-respeito-ao-movimento-saude-10-a-luta-pelo-financiamento-adequado-do-sus-continua\/2358\",\"name\":\"POR RESPEITO AO MOVIMENTO SA\u00daDE + 10: A LUTA PELO FINANCIAMENTO ADEQUADO DO SUS CONTINUA! - Lappis 25 anos\",\"isPartOf\":{\"@id\":\"https:\/\/lappis.org.br\/site\/#website\"},\"primaryImageOfPage\":{\"@id\":\"https:\/\/lappis.org.br\/site\/por-respeito-ao-movimento-saude-10-a-luta-pelo-financiamento-adequado-do-sus-continua\/2358#primaryimage\"},\"image\":{\"@id\":\"https:\/\/lappis.org.br\/site\/por-respeito-ao-movimento-saude-10-a-luta-pelo-financiamento-adequado-do-sus-continua\/2358#primaryimage\"},\"thumbnailUrl\":\"https:\/\/lappis.org.br\/site\/wp-content\/uploads\/2013\/11\/abrasco2.jpg\",\"datePublished\":\"2013-11-29T19:14:41+00:00\",\"breadcrumb\":{\"@id\":\"https:\/\/lappis.org.br\/site\/por-respeito-ao-movimento-saude-10-a-luta-pelo-financiamento-adequado-do-sus-continua\/2358#breadcrumb\"},\"inLanguage\":\"pt-BR\",\"potentialAction\":[{\"@type\":\"ReadAction\",\"target\":[\"https:\/\/lappis.org.br\/site\/por-respeito-ao-movimento-saude-10-a-luta-pelo-financiamento-adequado-do-sus-continua\/2358\"]}]},{\"@type\":\"ImageObject\",\"inLanguage\":\"pt-BR\",\"@id\":\"https:\/\/lappis.org.br\/site\/por-respeito-ao-movimento-saude-10-a-luta-pelo-financiamento-adequado-do-sus-continua\/2358#primaryimage\",\"url\":\"https:\/\/lappis.org.br\/site\/wp-content\/uploads\/2013\/11\/abrasco2.jpg\",\"contentUrl\":\"https:\/\/lappis.org.br\/site\/wp-content\/uploads\/2013\/11\/abrasco2.jpg\",\"width\":420,\"height\":226,\"caption\":\"abrasco2.jpg\"},{\"@type\":\"BreadcrumbList\",\"@id\":\"https:\/\/lappis.org.br\/site\/por-respeito-ao-movimento-saude-10-a-luta-pelo-financiamento-adequado-do-sus-continua\/2358#breadcrumb\",\"itemListElement\":[{\"@type\":\"ListItem\",\"position\":1,\"name\":\"In\u00edcio\",\"item\":\"https:\/\/lappis.org.br\/site\/\"},{\"@type\":\"ListItem\",\"position\":2,\"name\":\"POR RESPEITO AO MOVIMENTO SA\u00daDE + 10: A LUTA PELO FINANCIAMENTO ADEQUADO DO SUS CONTINUA!\"}]},{\"@type\":\"WebSite\",\"@id\":\"https:\/\/lappis.org.br\/site\/#website\",\"url\":\"https:\/\/lappis.org.br\/site\/\",\"name\":\"Lappis 25 anos\",\"description\":\"Labotat\u00f3rio de Pesquisas sobre Pr\u00e1ticas de Integralidade em Sa\u00fade\",\"publisher\":{\"@id\":\"https:\/\/lappis.org.br\/site\/#organization\"},\"potentialAction\":[{\"@type\":\"SearchAction\",\"target\":{\"@type\":\"EntryPoint\",\"urlTemplate\":\"https:\/\/lappis.org.br\/site\/?s={search_term_string}\"},\"query-input\":{\"@type\":\"PropertyValueSpecification\",\"valueRequired\":true,\"valueName\":\"search_term_string\"}}],\"inLanguage\":\"pt-BR\"},{\"@type\":\"Organization\",\"@id\":\"https:\/\/lappis.org.br\/site\/#organization\",\"name\":\"Lappis 25 anos\",\"url\":\"https:\/\/lappis.org.br\/site\/\",\"logo\":{\"@type\":\"ImageObject\",\"inLanguage\":\"pt-BR\",\"@id\":\"https:\/\/lappis.org.br\/site\/#\/schema\/logo\/image\/\",\"url\":\"https:\/\/lappis.org.br\/site\/wp-content\/uploads\/2025\/03\/logo-lappis25anos.png\",\"contentUrl\":\"https:\/\/lappis.org.br\/site\/wp-content\/uploads\/2025\/03\/logo-lappis25anos.png\",\"width\":388,\"height\":146,\"caption\":\"Lappis 25 anos\"},\"image\":{\"@id\":\"https:\/\/lappis.org.br\/site\/#\/schema\/logo\/image\/\"}},{\"@type\":\"Person\",\"@id\":\"https:\/\/lappis.org.br\/site\/#\/schema\/person\/3852381d08284b5e2716b20bd89bdbcf\",\"name\":\"fw2\",\"image\":{\"@type\":\"ImageObject\",\"inLanguage\":\"pt-BR\",\"@id\":\"https:\/\/lappis.org.br\/site\/#\/schema\/person\/image\/\",\"url\":\"https:\/\/secure.gravatar.com\/avatar\/c38472c0cdbde82d9b6fcc26adb3779d?s=96&d=mm&r=g\",\"contentUrl\":\"https:\/\/secure.gravatar.com\/avatar\/c38472c0cdbde82d9b6fcc26adb3779d?s=96&d=mm&r=g\",\"caption\":\"fw2\"},\"url\":\"https:\/\/lappis.org.br\/site\/author\/fw2\"}]}<\/script>\n<!-- \/ Yoast SEO plugin. -->","yoast_head_json":{"title":"POR RESPEITO AO MOVIMENTO SA\u00daDE + 10: A LUTA PELO FINANCIAMENTO ADEQUADO DO SUS CONTINUA! - Lappis 25 anos","robots":{"index":"index","follow":"follow","max-snippet":"max-snippet:-1","max-image-preview":"max-image-preview:large","max-video-preview":"max-video-preview:-1"},"canonical":"https:\/\/lappis.org.br\/site\/por-respeito-ao-movimento-saude-10-a-luta-pelo-financiamento-adequado-do-sus-continua\/2358","og_locale":"pt_BR","og_type":"article","og_title":"POR RESPEITO AO MOVIMENTO SA\u00daDE + 10: A LUTA PELO FINANCIAMENTO ADEQUADO DO SUS CONTINUA! - Lappis 25 anos","og_description":"Nota de rep\u00fadio ao desrespeito que o Congresso e o Governo v\u00eam tendo com o Movimento Saude 10 com a aprova\u00e7\u00e3o da PEC 22A\/2000 pelo Senado, que destina um valor muito menor para a sa\u00fade p\u00fablica que o Projeto de Lei de Iniciativa Popular n. 321\/2013, o qual estabelece a aplica\u00e7\u00e3o de pelo menos 10% das Receitas Correntes Brutas da Uni\u00e3o em a\u00e7\u00f5es e servi\u00e7os p\u00fablicos de sa\u00fade. [...]","og_url":"https:\/\/lappis.org.br\/site\/por-respeito-ao-movimento-saude-10-a-luta-pelo-financiamento-adequado-do-sus-continua\/2358","og_site_name":"Lappis 25 anos","article_published_time":"2013-11-29T19:14:41+00:00","og_image":[{"width":420,"height":226,"url":"https:\/\/lappis.org.br\/site\/wp-content\/uploads\/2013\/11\/abrasco2.jpg","type":"image\/jpeg"}],"author":"fw2","twitter_card":"summary_large_image","twitter_misc":{"Escrito por":"fw2","Est. tempo de leitura":"3 minutos"},"schema":{"@context":"https:\/\/schema.org","@graph":[{"@type":"Article","@id":"https:\/\/lappis.org.br\/site\/por-respeito-ao-movimento-saude-10-a-luta-pelo-financiamento-adequado-do-sus-continua\/2358#article","isPartOf":{"@id":"https:\/\/lappis.org.br\/site\/por-respeito-ao-movimento-saude-10-a-luta-pelo-financiamento-adequado-do-sus-continua\/2358"},"author":{"name":"fw2","@id":"https:\/\/lappis.org.br\/site\/#\/schema\/person\/3852381d08284b5e2716b20bd89bdbcf"},"headline":"POR RESPEITO AO MOVIMENTO SA\u00daDE + 10: A LUTA PELO FINANCIAMENTO ADEQUADO DO SUS CONTINUA!","datePublished":"2013-11-29T19:14:41+00:00","mainEntityOfPage":{"@id":"https:\/\/lappis.org.br\/site\/por-respeito-ao-movimento-saude-10-a-luta-pelo-financiamento-adequado-do-sus-continua\/2358"},"wordCount":563,"commentCount":0,"publisher":{"@id":"https:\/\/lappis.org.br\/site\/#organization"},"image":{"@id":"https:\/\/lappis.org.br\/site\/por-respeito-ao-movimento-saude-10-a-luta-pelo-financiamento-adequado-do-sus-continua\/2358#primaryimage"},"thumbnailUrl":"https:\/\/lappis.org.br\/site\/wp-content\/uploads\/2013\/11\/abrasco2.jpg","articleSection":["Not\u00edcia"],"inLanguage":"pt-BR","potentialAction":[{"@type":"CommentAction","name":"Comment","target":["https:\/\/lappis.org.br\/site\/por-respeito-ao-movimento-saude-10-a-luta-pelo-financiamento-adequado-do-sus-continua\/2358#respond"]}]},{"@type":"WebPage","@id":"https:\/\/lappis.org.br\/site\/por-respeito-ao-movimento-saude-10-a-luta-pelo-financiamento-adequado-do-sus-continua\/2358","url":"https:\/\/lappis.org.br\/site\/por-respeito-ao-movimento-saude-10-a-luta-pelo-financiamento-adequado-do-sus-continua\/2358","name":"POR RESPEITO AO MOVIMENTO SA\u00daDE + 10: A LUTA PELO FINANCIAMENTO ADEQUADO DO SUS CONTINUA! - Lappis 25 anos","isPartOf":{"@id":"https:\/\/lappis.org.br\/site\/#website"},"primaryImageOfPage":{"@id":"https:\/\/lappis.org.br\/site\/por-respeito-ao-movimento-saude-10-a-luta-pelo-financiamento-adequado-do-sus-continua\/2358#primaryimage"},"image":{"@id":"https:\/\/lappis.org.br\/site\/por-respeito-ao-movimento-saude-10-a-luta-pelo-financiamento-adequado-do-sus-continua\/2358#primaryimage"},"thumbnailUrl":"https:\/\/lappis.org.br\/site\/wp-content\/uploads\/2013\/11\/abrasco2.jpg","datePublished":"2013-11-29T19:14:41+00:00","breadcrumb":{"@id":"https:\/\/lappis.org.br\/site\/por-respeito-ao-movimento-saude-10-a-luta-pelo-financiamento-adequado-do-sus-continua\/2358#breadcrumb"},"inLanguage":"pt-BR","potentialAction":[{"@type":"ReadAction","target":["https:\/\/lappis.org.br\/site\/por-respeito-ao-movimento-saude-10-a-luta-pelo-financiamento-adequado-do-sus-continua\/2358"]}]},{"@type":"ImageObject","inLanguage":"pt-BR","@id":"https:\/\/lappis.org.br\/site\/por-respeito-ao-movimento-saude-10-a-luta-pelo-financiamento-adequado-do-sus-continua\/2358#primaryimage","url":"https:\/\/lappis.org.br\/site\/wp-content\/uploads\/2013\/11\/abrasco2.jpg","contentUrl":"https:\/\/lappis.org.br\/site\/wp-content\/uploads\/2013\/11\/abrasco2.jpg","width":420,"height":226,"caption":"abrasco2.jpg"},{"@type":"BreadcrumbList","@id":"https:\/\/lappis.org.br\/site\/por-respeito-ao-movimento-saude-10-a-luta-pelo-financiamento-adequado-do-sus-continua\/2358#breadcrumb","itemListElement":[{"@type":"ListItem","position":1,"name":"In\u00edcio","item":"https:\/\/lappis.org.br\/site\/"},{"@type":"ListItem","position":2,"name":"POR RESPEITO AO MOVIMENTO SA\u00daDE + 10: A LUTA PELO FINANCIAMENTO ADEQUADO DO SUS CONTINUA!"}]},{"@type":"WebSite","@id":"https:\/\/lappis.org.br\/site\/#website","url":"https:\/\/lappis.org.br\/site\/","name":"Lappis 25 anos","description":"Labotat\u00f3rio de Pesquisas sobre Pr\u00e1ticas de Integralidade em Sa\u00fade","publisher":{"@id":"https:\/\/lappis.org.br\/site\/#organization"},"potentialAction":[{"@type":"SearchAction","target":{"@type":"EntryPoint","urlTemplate":"https:\/\/lappis.org.br\/site\/?s={search_term_string}"},"query-input":{"@type":"PropertyValueSpecification","valueRequired":true,"valueName":"search_term_string"}}],"inLanguage":"pt-BR"},{"@type":"Organization","@id":"https:\/\/lappis.org.br\/site\/#organization","name":"Lappis 25 anos","url":"https:\/\/lappis.org.br\/site\/","logo":{"@type":"ImageObject","inLanguage":"pt-BR","@id":"https:\/\/lappis.org.br\/site\/#\/schema\/logo\/image\/","url":"https:\/\/lappis.org.br\/site\/wp-content\/uploads\/2025\/03\/logo-lappis25anos.png","contentUrl":"https:\/\/lappis.org.br\/site\/wp-content\/uploads\/2025\/03\/logo-lappis25anos.png","width":388,"height":146,"caption":"Lappis 25 anos"},"image":{"@id":"https:\/\/lappis.org.br\/site\/#\/schema\/logo\/image\/"}},{"@type":"Person","@id":"https:\/\/lappis.org.br\/site\/#\/schema\/person\/3852381d08284b5e2716b20bd89bdbcf","name":"fw2","image":{"@type":"ImageObject","inLanguage":"pt-BR","@id":"https:\/\/lappis.org.br\/site\/#\/schema\/person\/image\/","url":"https:\/\/secure.gravatar.com\/avatar\/c38472c0cdbde82d9b6fcc26adb3779d?s=96&d=mm&r=g","contentUrl":"https:\/\/secure.gravatar.com\/avatar\/c38472c0cdbde82d9b6fcc26adb3779d?s=96&d=mm&r=g","caption":"fw2"},"url":"https:\/\/lappis.org.br\/site\/author\/fw2"}]}},"jetpack_featured_media_url":"https:\/\/lappis.org.br\/site\/wp-content\/uploads\/2013\/11\/abrasco2.jpg","jetpack_shortlink":"https:\/\/wp.me\/p954Nh-C2","jetpack_sharing_enabled":true,"_links":{"self":[{"href":"https:\/\/lappis.org.br\/site\/wp-json\/wp\/v2\/posts\/2358"}],"collection":[{"href":"https:\/\/lappis.org.br\/site\/wp-json\/wp\/v2\/posts"}],"about":[{"href":"https:\/\/lappis.org.br\/site\/wp-json\/wp\/v2\/types\/post"}],"author":[{"embeddable":true,"href":"https:\/\/lappis.org.br\/site\/wp-json\/wp\/v2\/users\/1"}],"replies":[{"embeddable":true,"href":"https:\/\/lappis.org.br\/site\/wp-json\/wp\/v2\/comments?post=2358"}],"version-history":[{"count":0,"href":"https:\/\/lappis.org.br\/site\/wp-json\/wp\/v2\/posts\/2358\/revisions"}],"wp:featuredmedia":[{"embeddable":true,"href":"https:\/\/lappis.org.br\/site\/wp-json\/wp\/v2\/media\/2357"}],"wp:attachment":[{"href":"https:\/\/lappis.org.br\/site\/wp-json\/wp\/v2\/media?parent=2358"}],"wp:term":[{"taxonomy":"category","embeddable":true,"href":"https:\/\/lappis.org.br\/site\/wp-json\/wp\/v2\/categories?post=2358"},{"taxonomy":"post_tag","embeddable":true,"href":"https:\/\/lappis.org.br\/site\/wp-json\/wp\/v2\/tags?post=2358"}],"curies":[{"name":"wp","href":"https:\/\/api.w.org\/{rel}","templated":true}]}}