{"id":2351,"date":"2013-11-22T15:24:14","date_gmt":"2013-11-22T17:24:14","guid":{"rendered":"http:\/\/lappis.org.br\/site\/2013\/11\/22\/gratidao-uma-travessia-de-cuidados\/"},"modified":"2013-11-22T15:24:14","modified_gmt":"2013-11-22T17:24:14","slug":"gratidao-uma-travessia-de-cuidados","status":"publish","type":"post","link":"https:\/\/lappis.org.br\/site\/gratidao-uma-travessia-de-cuidados\/2351","title":{"rendered":"Gratid\u00e3o: uma travessia de cuidados"},"content":{"rendered":"<p><img fetchpriority=\"high\" decoding=\"async\" data-attachment-id=\"2350\" data-permalink=\"https:\/\/lappis.org.br\/site\/gratidao-uma-travessia-de-cuidados\/2351\/attachment-alt-313\" data-orig-file=\"https:\/\/lappis.org.br\/site\/wp-content\/uploads\/2013\/11\/gratidao.jpg\" data-orig-size=\"420,226\" data-comments-opened=\"1\" data-image-meta=\"{&quot;aperture&quot;:&quot;0&quot;,&quot;credit&quot;:&quot;Lappis&quot;,&quot;camera&quot;:&quot;&quot;,&quot;caption&quot;:&quot;&quot;,&quot;created_timestamp&quot;:&quot;1385046013&quot;,&quot;copyright&quot;:&quot;&quot;,&quot;focal_length&quot;:&quot;0&quot;,&quot;iso&quot;:&quot;0&quot;,&quot;shutter_speed&quot;:&quot;0&quot;,&quot;title&quot;:&quot;&quot;,&quot;orientation&quot;:&quot;0&quot;}\" data-image-title=\"alt\" data-image-description=\"\" data-image-caption=\"\" data-medium-file=\"https:\/\/lappis.org.br\/site\/wp-content\/uploads\/2013\/11\/gratidao-300x161.jpg\" data-large-file=\"https:\/\/lappis.org.br\/site\/wp-content\/uploads\/2013\/11\/gratidao.jpg\" class=\" alignright size-full wp-image-2350\" alt=\"alt\" src=\"http:\/\/lappis.org.br\/site\/wp-content\/uploads\/2013\/11\/gratidao.jpg\" style=\"text-align: justify; margin: 5px; float: right;\" width=\"420\" height=\"226\" srcset=\"https:\/\/lappis.org.br\/site\/wp-content\/uploads\/2013\/11\/gratidao.jpg 420w, https:\/\/lappis.org.br\/site\/wp-content\/uploads\/2013\/11\/gratidao-300x161.jpg 300w\" sizes=\"(max-width: 420px) 100vw, 420px\" \/> <\/p>\n<div> \t<span style=\"text-align: justify;\">Pe\u00e7o-lhes aten\u00e7\u00e3o, pode ser longo.<\/span><br \/> \t<span style=\"text-align: justify;\">Acordei hoje com uma vontade indescrit\u00edvel de agradecer mais&#8230; agradecemos pouco penso eu. Talvez eu siga pelo resto da vida agradecendo.\u00a0<\/span><\/div>\n<div style=\"text-align: justify;\" \/> \t  \tGenerosidade e gratid\u00e3o s\u00e3o atitudes dif\u00edceis de entender e de expressar. E aqui discorro sobre algumas sensa\u00e7\u00f5es frente \u00e0 exist\u00eancia de certas personalidades, que influenciam e continuar\u00e3o a influenciar a minha vida, durante a realiza\u00e7\u00e3o coletiva do VI CBCSHS da Abrasco. Vejamos:<\/div>\n<div style=\"text-align: justify;\"> \t\u00a0<\/div>\n<div style=\"text-align: justify;\"> \tAGRADE\u00c7O!<\/div>\n<div style=\"text-align: justify;\"> \t\u00a0<\/div>\n<div style=\"text-align: justify;\"> \t\u00c0 minha equipe executiva e cuidadora do LAPPIS, ao Julio Evo, meu guarda-costa, gestor e cuidador de projetos no LAPPIS, t\u00e3o competente e leal aos nossos princ\u00edpios \u00e9ticos-politicos e institucionais; a Let\u00edcia Mattos, guarda-frente, h\u00e1 mais de 10 anos trabalhando comigo, produtora competente do Projeto Mem\u00f3ria, sem a qual n\u00e3o poder\u00edamos logar tantos efeito s e composi\u00e7\u00e3o de procedimentos t\u00e9cnicos e est\u00e9ticos; ao querido Mauro Corr\u00eaa Filho; Sandra Infurna, Fernanda Drumond e Gabriel Velloso, competentes e cuidadosos em todo esse processo e caminhada. Companheiros de pesquisa do grupo, cito aqui alguns nomes que tenho profunda admira\u00e7\u00e3o e respeito: Tatiana Coelho, \u00a0F\u00e1bio Hebert, Juliana Lofego, Rodrigo Silveira e Tatiana Gerhardt.<\/div>\n<div style=\"text-align: justify;\"> \t\u00a0<\/div>\n<div style=\"text-align: justify;\"> \t\u00c0 nossa universidade UERJ, princesinha do sub\u00farbio, e ao IMS\/UERJ, que tenho na minha mais alta estima afetos, \u00e0s vezes indecifr\u00e1veis e incompreens\u00edveis ao crivo da racionalidade moderna, entretanto t\u00e3o aut\u00eanticos e verdadeiros: minha madrecita Madel Luz; ao meu querido orientador e amigo Kenneth Camargo; ao professor H\u00e9sio Cordeiro; e a recente chegada nos afetos, mas muito querido diretor Cid Manso. Sonia Acioli que bom voltastes!!! Ao meu reitor Ricardo Vieiralves que apresentou o Congresso de forma magn\u00edfica, ressaltando a import\u00e2ncia da forma\u00e7\u00e3o e da responsabilidade da ABRASCO.<\/div>\n<div style=\"text-align: justify;\"> \t\u00a0<\/div>\n<div style=\"text-align: justify;\"> \t\u00c0 Abrasco, que defendo com unhas e dentes, organicamente, que neste congresso, aprendi a compreender mais e questionar mais, por meio dos seus interlocutores ilustres, que n\u00e3o desistem nunca: Luis Eugenio, Thiago Barreto, Marco Aurelio, Hebe Patol\u00e9a, Inez Pinheiro, Fidel Pinheiro, TV Abrasco, Flaviano Quaresma e Bruno Dias, a esses \u00faltimos que pude conhecer um pouco mais, mais uma vez grata.\u00a0<\/div>\n<div style=\"text-align: justify;\"> \t\u00a0<\/div>\n<div style=\"text-align: justify;\"> \tAos queridos do ICICT, Janine Cardoso; Luciana Danieli (BVS); e Video Sa\u00fade, Pauloiran, o outro Paulo, Sergio Brito, T\u00e2nia, puxa, sempre solid\u00e1rios nessa luta pela integralidade. Gratid\u00e3o sem dimens\u00e3o.<\/div>\n<div style=\"text-align: justify;\"> \t\u00a0<\/div>\n<div style=\"text-align: justify;\"> \t\u00c0 Editora Fiocruz, na figura querida de Jo\u00e3o Canossa e sua equipe. Grata.<\/div>\n<div style=\"text-align: justify;\"> \t\u00a0<\/div>\n<div style=\"text-align: justify;\"> \tN\u00e3o posso me furtar de citar, outras d\u00e1divas singulares e t\u00e3o coletivas. Destaco inicialmente: a mesa da humaniza\u00e7\u00e3o do SUS, ter o mestre Gast\u00e3o (que me convidava para almo\u00e7ar em sua casa, quando chegava faminta da viagem do Rio para assistir sua disciplina em Campinas durante o doutorado); Gustavo Nunes, companheiro de lutas, amigo sem dimens\u00e3o; Liane Righi, pessoa querida, primeira autora que li sobre Poder Local; e Luis Cecilio, muito querido, todos com muitas contribui\u00e7\u00f5es para afirma\u00e7\u00e3o da vida na gest\u00e3o em sa\u00fade. Aos integrantes da mesa sobre movimento anti-utiliatrista, meu irm\u00e3o de f\u00e9 Paulo Henrique Martins e ao prof. \u00a0Caill\u00e9. A mesa sobre teocracia, que tal maravilhosamente conduzida pelo Kenn sugeriu e conduziu; ao companheiro Jean Willis referencia do &ldquo;pol\u00edtico&rdquo;. Grata presen\u00e7a, do grupo da UFRGS (um toque: tenham mais cuidado no pr\u00f3ximo congresso na casa de voc\u00eas viu? Casa \u00e9 cora\u00e7\u00e3o!), pelo reconhecimento do nosso trabalho. Grata pela presen\u00e7a do Prof. Emerson Mehy e do Marcos Arkeman.<\/div>\n<div style=\"text-align: justify;\"> \t\u00a0<\/div>\n<div style=\"text-align: justify;\"> \tE dando uma paradinha (temporariamente,pois n\u00e3o se esgota) agrade\u00e7o \u00e0 querida Leny Trad, t\u00e3o companheira, competente e generosa amiga; ao Andr\u00e9 Mendon\u00e7a meu amigo filosofo, ao queridinho Luis Eduardo t\u00e3o aguerrido e atento; Marilena de S\u00e1 Castilho grata pelo carinho, Mara que tive a grata surpresa de conhecer, a poderosa Malu Bosi, querida Denise Martin&#8230; n\u00e3o tem fim n\u00e3o&#8230;. que bom&#8230;<\/div>\n<div style=\"text-align: justify;\"> \t\u00a0<\/div>\n<div style=\"text-align: justify;\"> \tEncerro a narra\u00e7\u00e3o ou socia\u00e7\u00e3o aqui dessa travessia, com apoio Georges Simmel que define gratid\u00e3o como sendo o \u00fanico sentimento que podemos empregar para designar o sentimento com que constantemente, reagimos diante da simples exist\u00eancia de certas personalidades. Estou muito agradecida por voc\u00eas existirem, personalidades, sobretudo por viver essa exist\u00eancia. Ou no dito popular: &ldquo;podem n\u00e3o gostar de mim, mas eu gosto de todos voc\u00eas&rdquo;. Com diria os meus barraqueiros da praia na Garcia D\u00b4Avila. &ldquo;Nada aborrece e amanh\u00e3 tem mais&rdquo;&#8230; Resumo: e eu gosto de voc\u00eas, e nem eu e nem voc\u00eas podem fazer nada para mudar isso.<\/div>\n<div style=\"text-align: justify;\"> \t<\/p>\n<h5 style=\"text-align: center;\"> \t\t<span style=\"color: rgb(128, 0, 0);\">Roseni Pinheiro, PhD<\/span><\/h5>\n<h5 style=\"text-align: center;\"> \t\tProfessora Adjunta do Instituto de Medicina Social- UERJ \u00a0Pr\u00f3-Cientista da UERJ\/FAPERJ<\/h5>\n<h5 style=\"text-align: center;\"> \t\tDocente do Corpo Permanente do Programa de P\u00f3s-Gradua\u00e7\u00e3o em Sa\u00fade Coletiva<\/h5>\n<h5 style=\"text-align: center;\"> \t\tL\u00edder do Grupo de Pesquisa do CNPq &#8211; LAPPIS &#8211; Bolsista de Produtividade do CNPq &#8211; nivel 2 \u00a0<\/h5>\n<\/p><\/div>\n<div> \t\u00a0<\/div>\n","protected":false},"excerpt":{"rendered":"<div class=\"mh-excerpt\"><p><img decoding=\"async\" class=\" alignright size-full wp-image-2350\" alt=\"alt\" src=\"http:\/\/lappis.org.br\/site\/wp-content\/uploads\/2013\/11\/gratidao.jpg\" style=\"text-align: justify; margin: 5px; float: right;\" width=\"420\" height=\"226\" srcset=\"https:\/\/lappis.org.br\/site\/wp-content\/uploads\/2013\/11\/gratidao.jpg 420w, https:\/\/lappis.org.br\/site\/wp-content\/uploads\/2013\/11\/gratidao-300x161.jpg 300w\" sizes=\"(max-width: 420px) 100vw, 420px\" \/> <\/p>\n<div> \t<span style=\"text-align: justify;\">Pe\u00e7o-lhes aten\u00e7\u00e3o, pode ser longo.<\/span><br \/> \t<span style=\"text-align: justify;\">Acordei hoje com uma vontade indescrit\u00edvel de agradecer mais&#8230; agradecemos pouco penso eu. Talvez eu siga pelo resto da vida agradecendo.\u00a0<\/span><\/div>\n<div style=\"text-align: justify;\" \/> \t <a class=\"mh-excerpt-more\" href=\"https:\/\/lappis.org.br\/site\/gratidao-uma-travessia-de-cuidados\/2351\" title=\"Gratid\u00e3o: uma travessia de cuidados\">[&#8230;]<\/a><\/p>\n<\/div>","protected":false},"author":1,"featured_media":2349,"comment_status":"open","ping_status":"open","sticky":false,"template":"","format":"standard","meta":{"_acf_changed":false,"_exactmetrics_skip_tracking":false,"_exactmetrics_sitenote_active":false,"_exactmetrics_sitenote_note":"","_exactmetrics_sitenote_category":0,"jetpack_post_was_ever_published":false,"_jetpack_newsletter_access":"","_jetpack_dont_email_post_to_subs":false,"_jetpack_newsletter_tier_id":0,"_jetpack_memberships_contains_paywalled_content":false,"_jetpack_memberships_contains_paid_content":false,"footnotes":"","jetpack_publicize_message":"","jetpack_publicize_feature_enabled":true,"jetpack_social_post_already_shared":false,"jetpack_social_options":{"image_generator_settings":{"template":"highway","enabled":false},"version":2}},"categories":[8],"tags":[],"class_list":{"0":"post-2351","1":"post","2":"type-post","3":"status-publish","4":"format-standard","5":"has-post-thumbnail","7":"category-noticia"},"jetpack_publicize_connections":[],"acf":[],"yoast_head":"<!-- This site is optimized with the Yoast SEO plugin v25.2 - https:\/\/yoast.com\/wordpress\/plugins\/seo\/ -->\n<title>Gratid\u00e3o: uma travessia de cuidados - Lappis 25 anos<\/title>\n<meta name=\"robots\" content=\"index, follow, max-snippet:-1, max-image-preview:large, max-video-preview:-1\" \/>\n<link rel=\"canonical\" href=\"https:\/\/lappis.org.br\/site\/gratidao-uma-travessia-de-cuidados\/2351\" \/>\n<meta property=\"og:locale\" content=\"pt_BR\" \/>\n<meta property=\"og:type\" content=\"article\" \/>\n<meta property=\"og:title\" content=\"Gratid\u00e3o: uma travessia de cuidados - Lappis 25 anos\" \/>\n<meta property=\"og:description\" content=\"Pe\u00e7o-lhes aten\u00e7\u00e3o, pode ser longo. Acordei hoje com uma vontade indescrit\u00edvel de agradecer mais... agradecemos pouco penso eu. Talvez eu siga pelo resto da vida agradecendo.\u00a0  [...]\" \/>\n<meta property=\"og:url\" content=\"https:\/\/lappis.org.br\/site\/gratidao-uma-travessia-de-cuidados\/2351\" \/>\n<meta property=\"og:site_name\" content=\"Lappis 25 anos\" \/>\n<meta property=\"article:published_time\" content=\"2013-11-22T17:24:14+00:00\" \/>\n<meta property=\"og:image\" content=\"https:\/\/lappis.org.br\/site\/wp-content\/uploads\/2013\/11\/gratidao.jpg\" \/>\n\t<meta property=\"og:image:width\" content=\"420\" \/>\n\t<meta property=\"og:image:height\" content=\"226\" \/>\n\t<meta property=\"og:image:type\" content=\"image\/jpeg\" \/>\n<meta name=\"author\" content=\"fw2\" \/>\n<meta name=\"twitter:card\" content=\"summary_large_image\" \/>\n<meta name=\"twitter:label1\" content=\"Escrito por\" \/>\n\t<meta name=\"twitter:data1\" content=\"fw2\" \/>\n\t<meta name=\"twitter:label2\" content=\"Est. tempo de leitura\" \/>\n\t<meta name=\"twitter:data2\" content=\"4 minutos\" \/>\n<script type=\"application\/ld+json\" class=\"yoast-schema-graph\">{\"@context\":\"https:\/\/schema.org\",\"@graph\":[{\"@type\":\"Article\",\"@id\":\"https:\/\/lappis.org.br\/site\/gratidao-uma-travessia-de-cuidados\/2351#article\",\"isPartOf\":{\"@id\":\"https:\/\/lappis.org.br\/site\/gratidao-uma-travessia-de-cuidados\/2351\"},\"author\":{\"name\":\"fw2\",\"@id\":\"https:\/\/lappis.org.br\/site\/#\/schema\/person\/3852381d08284b5e2716b20bd89bdbcf\"},\"headline\":\"Gratid\u00e3o: uma travessia de cuidados\",\"datePublished\":\"2013-11-22T17:24:14+00:00\",\"mainEntityOfPage\":{\"@id\":\"https:\/\/lappis.org.br\/site\/gratidao-uma-travessia-de-cuidados\/2351\"},\"wordCount\":819,\"commentCount\":0,\"publisher\":{\"@id\":\"https:\/\/lappis.org.br\/site\/#organization\"},\"image\":{\"@id\":\"https:\/\/lappis.org.br\/site\/gratidao-uma-travessia-de-cuidados\/2351#primaryimage\"},\"thumbnailUrl\":\"https:\/\/lappis.org.br\/site\/wp-content\/uploads\/2013\/11\/gratidao.jpg\",\"articleSection\":[\"Not\u00edcia\"],\"inLanguage\":\"pt-BR\",\"potentialAction\":[{\"@type\":\"CommentAction\",\"name\":\"Comment\",\"target\":[\"https:\/\/lappis.org.br\/site\/gratidao-uma-travessia-de-cuidados\/2351#respond\"]}]},{\"@type\":\"WebPage\",\"@id\":\"https:\/\/lappis.org.br\/site\/gratidao-uma-travessia-de-cuidados\/2351\",\"url\":\"https:\/\/lappis.org.br\/site\/gratidao-uma-travessia-de-cuidados\/2351\",\"name\":\"Gratid\u00e3o: uma travessia de cuidados - Lappis 25 anos\",\"isPartOf\":{\"@id\":\"https:\/\/lappis.org.br\/site\/#website\"},\"primaryImageOfPage\":{\"@id\":\"https:\/\/lappis.org.br\/site\/gratidao-uma-travessia-de-cuidados\/2351#primaryimage\"},\"image\":{\"@id\":\"https:\/\/lappis.org.br\/site\/gratidao-uma-travessia-de-cuidados\/2351#primaryimage\"},\"thumbnailUrl\":\"https:\/\/lappis.org.br\/site\/wp-content\/uploads\/2013\/11\/gratidao.jpg\",\"datePublished\":\"2013-11-22T17:24:14+00:00\",\"breadcrumb\":{\"@id\":\"https:\/\/lappis.org.br\/site\/gratidao-uma-travessia-de-cuidados\/2351#breadcrumb\"},\"inLanguage\":\"pt-BR\",\"potentialAction\":[{\"@type\":\"ReadAction\",\"target\":[\"https:\/\/lappis.org.br\/site\/gratidao-uma-travessia-de-cuidados\/2351\"]}]},{\"@type\":\"ImageObject\",\"inLanguage\":\"pt-BR\",\"@id\":\"https:\/\/lappis.org.br\/site\/gratidao-uma-travessia-de-cuidados\/2351#primaryimage\",\"url\":\"https:\/\/lappis.org.br\/site\/wp-content\/uploads\/2013\/11\/gratidao.jpg\",\"contentUrl\":\"https:\/\/lappis.org.br\/site\/wp-content\/uploads\/2013\/11\/gratidao.jpg\",\"width\":420,\"height\":226,\"caption\":\"alt\"},{\"@type\":\"BreadcrumbList\",\"@id\":\"https:\/\/lappis.org.br\/site\/gratidao-uma-travessia-de-cuidados\/2351#breadcrumb\",\"itemListElement\":[{\"@type\":\"ListItem\",\"position\":1,\"name\":\"In\u00edcio\",\"item\":\"https:\/\/lappis.org.br\/site\/\"},{\"@type\":\"ListItem\",\"position\":2,\"name\":\"Gratid\u00e3o: uma travessia de cuidados\"}]},{\"@type\":\"WebSite\",\"@id\":\"https:\/\/lappis.org.br\/site\/#website\",\"url\":\"https:\/\/lappis.org.br\/site\/\",\"name\":\"Lappis 25 anos\",\"description\":\"Labotat\u00f3rio de Pesquisas sobre Pr\u00e1ticas de Integralidade em Sa\u00fade\",\"publisher\":{\"@id\":\"https:\/\/lappis.org.br\/site\/#organization\"},\"potentialAction\":[{\"@type\":\"SearchAction\",\"target\":{\"@type\":\"EntryPoint\",\"urlTemplate\":\"https:\/\/lappis.org.br\/site\/?s={search_term_string}\"},\"query-input\":{\"@type\":\"PropertyValueSpecification\",\"valueRequired\":true,\"valueName\":\"search_term_string\"}}],\"inLanguage\":\"pt-BR\"},{\"@type\":\"Organization\",\"@id\":\"https:\/\/lappis.org.br\/site\/#organization\",\"name\":\"Lappis 25 anos\",\"url\":\"https:\/\/lappis.org.br\/site\/\",\"logo\":{\"@type\":\"ImageObject\",\"inLanguage\":\"pt-BR\",\"@id\":\"https:\/\/lappis.org.br\/site\/#\/schema\/logo\/image\/\",\"url\":\"https:\/\/lappis.org.br\/site\/wp-content\/uploads\/2025\/03\/logo-lappis25anos.png\",\"contentUrl\":\"https:\/\/lappis.org.br\/site\/wp-content\/uploads\/2025\/03\/logo-lappis25anos.png\",\"width\":388,\"height\":146,\"caption\":\"Lappis 25 anos\"},\"image\":{\"@id\":\"https:\/\/lappis.org.br\/site\/#\/schema\/logo\/image\/\"}},{\"@type\":\"Person\",\"@id\":\"https:\/\/lappis.org.br\/site\/#\/schema\/person\/3852381d08284b5e2716b20bd89bdbcf\",\"name\":\"fw2\",\"image\":{\"@type\":\"ImageObject\",\"inLanguage\":\"pt-BR\",\"@id\":\"https:\/\/lappis.org.br\/site\/#\/schema\/person\/image\/\",\"url\":\"https:\/\/secure.gravatar.com\/avatar\/c38472c0cdbde82d9b6fcc26adb3779d?s=96&d=mm&r=g\",\"contentUrl\":\"https:\/\/secure.gravatar.com\/avatar\/c38472c0cdbde82d9b6fcc26adb3779d?s=96&d=mm&r=g\",\"caption\":\"fw2\"},\"url\":\"https:\/\/lappis.org.br\/site\/author\/fw2\"}]}<\/script>\n<!-- \/ Yoast SEO plugin. -->","yoast_head_json":{"title":"Gratid\u00e3o: uma travessia de cuidados - Lappis 25 anos","robots":{"index":"index","follow":"follow","max-snippet":"max-snippet:-1","max-image-preview":"max-image-preview:large","max-video-preview":"max-video-preview:-1"},"canonical":"https:\/\/lappis.org.br\/site\/gratidao-uma-travessia-de-cuidados\/2351","og_locale":"pt_BR","og_type":"article","og_title":"Gratid\u00e3o: uma travessia de cuidados - Lappis 25 anos","og_description":"Pe\u00e7o-lhes aten\u00e7\u00e3o, pode ser longo. Acordei hoje com uma vontade indescrit\u00edvel de agradecer mais... agradecemos pouco penso eu. Talvez eu siga pelo resto da vida agradecendo.\u00a0  [...]","og_url":"https:\/\/lappis.org.br\/site\/gratidao-uma-travessia-de-cuidados\/2351","og_site_name":"Lappis 25 anos","article_published_time":"2013-11-22T17:24:14+00:00","og_image":[{"width":420,"height":226,"url":"https:\/\/lappis.org.br\/site\/wp-content\/uploads\/2013\/11\/gratidao.jpg","type":"image\/jpeg"}],"author":"fw2","twitter_card":"summary_large_image","twitter_misc":{"Escrito por":"fw2","Est. tempo de leitura":"4 minutos"},"schema":{"@context":"https:\/\/schema.org","@graph":[{"@type":"Article","@id":"https:\/\/lappis.org.br\/site\/gratidao-uma-travessia-de-cuidados\/2351#article","isPartOf":{"@id":"https:\/\/lappis.org.br\/site\/gratidao-uma-travessia-de-cuidados\/2351"},"author":{"name":"fw2","@id":"https:\/\/lappis.org.br\/site\/#\/schema\/person\/3852381d08284b5e2716b20bd89bdbcf"},"headline":"Gratid\u00e3o: uma travessia de cuidados","datePublished":"2013-11-22T17:24:14+00:00","mainEntityOfPage":{"@id":"https:\/\/lappis.org.br\/site\/gratidao-uma-travessia-de-cuidados\/2351"},"wordCount":819,"commentCount":0,"publisher":{"@id":"https:\/\/lappis.org.br\/site\/#organization"},"image":{"@id":"https:\/\/lappis.org.br\/site\/gratidao-uma-travessia-de-cuidados\/2351#primaryimage"},"thumbnailUrl":"https:\/\/lappis.org.br\/site\/wp-content\/uploads\/2013\/11\/gratidao.jpg","articleSection":["Not\u00edcia"],"inLanguage":"pt-BR","potentialAction":[{"@type":"CommentAction","name":"Comment","target":["https:\/\/lappis.org.br\/site\/gratidao-uma-travessia-de-cuidados\/2351#respond"]}]},{"@type":"WebPage","@id":"https:\/\/lappis.org.br\/site\/gratidao-uma-travessia-de-cuidados\/2351","url":"https:\/\/lappis.org.br\/site\/gratidao-uma-travessia-de-cuidados\/2351","name":"Gratid\u00e3o: uma travessia de cuidados - Lappis 25 anos","isPartOf":{"@id":"https:\/\/lappis.org.br\/site\/#website"},"primaryImageOfPage":{"@id":"https:\/\/lappis.org.br\/site\/gratidao-uma-travessia-de-cuidados\/2351#primaryimage"},"image":{"@id":"https:\/\/lappis.org.br\/site\/gratidao-uma-travessia-de-cuidados\/2351#primaryimage"},"thumbnailUrl":"https:\/\/lappis.org.br\/site\/wp-content\/uploads\/2013\/11\/gratidao.jpg","datePublished":"2013-11-22T17:24:14+00:00","breadcrumb":{"@id":"https:\/\/lappis.org.br\/site\/gratidao-uma-travessia-de-cuidados\/2351#breadcrumb"},"inLanguage":"pt-BR","potentialAction":[{"@type":"ReadAction","target":["https:\/\/lappis.org.br\/site\/gratidao-uma-travessia-de-cuidados\/2351"]}]},{"@type":"ImageObject","inLanguage":"pt-BR","@id":"https:\/\/lappis.org.br\/site\/gratidao-uma-travessia-de-cuidados\/2351#primaryimage","url":"https:\/\/lappis.org.br\/site\/wp-content\/uploads\/2013\/11\/gratidao.jpg","contentUrl":"https:\/\/lappis.org.br\/site\/wp-content\/uploads\/2013\/11\/gratidao.jpg","width":420,"height":226,"caption":"alt"},{"@type":"BreadcrumbList","@id":"https:\/\/lappis.org.br\/site\/gratidao-uma-travessia-de-cuidados\/2351#breadcrumb","itemListElement":[{"@type":"ListItem","position":1,"name":"In\u00edcio","item":"https:\/\/lappis.org.br\/site\/"},{"@type":"ListItem","position":2,"name":"Gratid\u00e3o: uma travessia de cuidados"}]},{"@type":"WebSite","@id":"https:\/\/lappis.org.br\/site\/#website","url":"https:\/\/lappis.org.br\/site\/","name":"Lappis 25 anos","description":"Labotat\u00f3rio de Pesquisas sobre Pr\u00e1ticas de Integralidade em Sa\u00fade","publisher":{"@id":"https:\/\/lappis.org.br\/site\/#organization"},"potentialAction":[{"@type":"SearchAction","target":{"@type":"EntryPoint","urlTemplate":"https:\/\/lappis.org.br\/site\/?s={search_term_string}"},"query-input":{"@type":"PropertyValueSpecification","valueRequired":true,"valueName":"search_term_string"}}],"inLanguage":"pt-BR"},{"@type":"Organization","@id":"https:\/\/lappis.org.br\/site\/#organization","name":"Lappis 25 anos","url":"https:\/\/lappis.org.br\/site\/","logo":{"@type":"ImageObject","inLanguage":"pt-BR","@id":"https:\/\/lappis.org.br\/site\/#\/schema\/logo\/image\/","url":"https:\/\/lappis.org.br\/site\/wp-content\/uploads\/2025\/03\/logo-lappis25anos.png","contentUrl":"https:\/\/lappis.org.br\/site\/wp-content\/uploads\/2025\/03\/logo-lappis25anos.png","width":388,"height":146,"caption":"Lappis 25 anos"},"image":{"@id":"https:\/\/lappis.org.br\/site\/#\/schema\/logo\/image\/"}},{"@type":"Person","@id":"https:\/\/lappis.org.br\/site\/#\/schema\/person\/3852381d08284b5e2716b20bd89bdbcf","name":"fw2","image":{"@type":"ImageObject","inLanguage":"pt-BR","@id":"https:\/\/lappis.org.br\/site\/#\/schema\/person\/image\/","url":"https:\/\/secure.gravatar.com\/avatar\/c38472c0cdbde82d9b6fcc26adb3779d?s=96&d=mm&r=g","contentUrl":"https:\/\/secure.gravatar.com\/avatar\/c38472c0cdbde82d9b6fcc26adb3779d?s=96&d=mm&r=g","caption":"fw2"},"url":"https:\/\/lappis.org.br\/site\/author\/fw2"}]}},"jetpack_featured_media_url":"https:\/\/lappis.org.br\/site\/wp-content\/uploads\/2013\/11\/gratidao.jpg","jetpack_shortlink":"https:\/\/wp.me\/p954Nh-BV","jetpack_sharing_enabled":true,"_links":{"self":[{"href":"https:\/\/lappis.org.br\/site\/wp-json\/wp\/v2\/posts\/2351"}],"collection":[{"href":"https:\/\/lappis.org.br\/site\/wp-json\/wp\/v2\/posts"}],"about":[{"href":"https:\/\/lappis.org.br\/site\/wp-json\/wp\/v2\/types\/post"}],"author":[{"embeddable":true,"href":"https:\/\/lappis.org.br\/site\/wp-json\/wp\/v2\/users\/1"}],"replies":[{"embeddable":true,"href":"https:\/\/lappis.org.br\/site\/wp-json\/wp\/v2\/comments?post=2351"}],"version-history":[{"count":0,"href":"https:\/\/lappis.org.br\/site\/wp-json\/wp\/v2\/posts\/2351\/revisions"}],"wp:featuredmedia":[{"embeddable":true,"href":"https:\/\/lappis.org.br\/site\/wp-json\/wp\/v2\/media\/2349"}],"wp:attachment":[{"href":"https:\/\/lappis.org.br\/site\/wp-json\/wp\/v2\/media?parent=2351"}],"wp:term":[{"taxonomy":"category","embeddable":true,"href":"https:\/\/lappis.org.br\/site\/wp-json\/wp\/v2\/categories?post=2351"},{"taxonomy":"post_tag","embeddable":true,"href":"https:\/\/lappis.org.br\/site\/wp-json\/wp\/v2\/tags?post=2351"}],"curies":[{"name":"wp","href":"https:\/\/api.w.org\/{rel}","templated":true}]}}